{"id":25775,"date":"2022-06-26T14:04:08","date_gmt":"2022-06-26T12:04:08","guid":{"rendered":"https:\/\/schoenstatt.com\/?p=25775"},"modified":"2025-05-15T02:07:24","modified_gmt":"2025-05-15T00:07:24","slug":"wmof22-francisco-la-familia-es-el-primer-lugar-donde-se-aprende-a-amar","status":"publish","type":"post","link":"https:\/\/schoenstatt.com\/es\/wmof22-francisco-la-familia-es-el-primer-lugar-donde-se-aprende-a-amar\/","title":{"rendered":"#WMOF22, Francisco: \u00abLa familia es el primer lugar donde se aprende a amar\u00bb"},"content":{"rendered":"<p>En la tarde de este s\u00e1bado 25 de junio, en la Plaza de San Pedro, el Cardenal Kevin Farrell, Prefecto del Dicasterio para los Laicos, la Familia y la Vida, ante la presencia del Papa Francisco, en el pen\u00faltimo d\u00eda del Encuentro Mundial de las Familias.<\/p>\n<p>Despu\u00e9s de los tres d\u00edas de testimonios fuertes, esperanzadores y reconfortantes en el Congreso Teol\u00f3gico-Pastoral, cerca de\u00a025.000 fieles de los diferentes pa\u00edses participantes en el X Encuentro Mundial de las Familias asistieron, en la tarde de este s\u00e1bado 25 de junio, a la celebraci\u00f3n eucar\u00edstica en la Plaza de San Pedro. Presidida por el Cardenal Kevin Farrell, Prefecto del Dicasterio para los Laicos, la Familia y la Vida, la homil\u00eda fue pronunciada por el Santo Padre Francisco, quien dijo que\u00a0\u201ceste es el momento de la acci\u00f3n de gracias\u201d.\u00a0(El texto \u00edntegro se <a href=\"https:\/\/www.vatican.va\/content\/francesco\/it\/homilies\/2022\/documents\/20220625-omelia-famiglie.html\">puede leer\u00a0aqu\u00ed<\/a>)<\/p>\n<blockquote><p>\u201cHoy presentamos ante Dios con gratitud \u2014como en un gran ofertorio\u2014 todo lo que el Esp\u00edritu Santo ha sembrado en ustedes, queridas familias\u201d, indic\u00f3 el Papa, quien expres\u00f3 que ahora presentan todo al Se\u00f1or, \u201cy le pedimos a \u00c9l que los sostenga con su fuerza y con su amor\u201d.<\/p><\/blockquote>\n<p>\u201cSon pap\u00e1s, mam\u00e1s, hijos, abuelos, t\u00edos; son adultos, ni\u00f1os, j\u00f3venes, ancianos; cada uno con una experiencia diferente de familia, pero todos con la misma esperanza hecha oraci\u00f3n. Que Dios bendiga y proteja a sus familias y a todas las familias del mundo\u201d<br \/>\nFrancisco se refiri\u00f3 a la libertad, tomando la segunda lectura de San Pablo como punto de inspiraci\u00f3n. \u201cLa libertad es uno de los bienes m\u00e1s valorados y buscados por el hombre moderno y contempor\u00e1neo\u201d, dijo Francisco.<\/p>\n<blockquote><p>\u201cTodos ustedes c\u00f3nyuges, formando su familia, con la gracia de Cristo han hecho esta elecci\u00f3n valiente: no usar su libertad para ustedes mismos, sino para amar a las personas que Dios ha puesto a su lado.\u201d<br \/>\n\u201cNo hay \u2018planetas\u2019 o \u2018sat\u00e9lites\u2019 que viajan cada uno en su propia \u00f3rbita\u201d<br \/>\nEl Sucesor de Pedro consider\u00f3 que \u201cen vez de vivir como \u201cislas\u201d, os hab\u00e9is puesto \u201cal servicio los unos de los otros\u201d. \u201cDe este modo, de acuerdo con Francisco, se vive la libertad en familia. No hay \u201cplanetas\u201d o \u201csat\u00e9lites\u201d que viajan cada uno en su propia \u00f3rbita. La familia es el lugar del encuentro, del compartir, del salir de s\u00ed mismos para acoger a los otros y estar cerca de ellos. Es\u00a0el primer lugar donde se aprende a amar.<\/p><\/blockquote>\n<p>\u201cHermanos y hermanas, mientras reafirmamos esto con gran convicci\u00f3n, sabemos bien que en los hechos no siempre es as\u00ed, por muchos motivos y muchas situaciones diversas. Y as\u00ed, precisamente mientras afirmamos la belleza de la familia, sentimos m\u00e1s que nunca que debemos defenderla. No dejemos que se contamine con los venenos del ego\u00edsmo, del individualismo, de la cultura de la indiferencia y del descarte, y pierda as\u00ed su \u201cADN\u201d que es la acogida y el esp\u00edritu de servicio.\u201d<\/p>\n<h3>Relaci\u00f3n entre generaciones<\/h3>\n<p>Reflexionando sobre la relaci\u00f3n entre los profetas El\u00edas y Eliseo, presentada en la primera lectura, Francisco asegur\u00f3 que \u201cnos hace pensar en la relaci\u00f3n entre las generaciones, en el \u201cpaso del testigo\u201d de padres a hijos.<\/p>\n<figure id=\"attachment_25780\" aria-describedby=\"caption-attachment-25780\" style=\"width: 1000px\" class=\"wp-caption aligncenter\"><img fetchpriority=\"high\" decoding=\"async\" class=\"size-full wp-image-25780\" src=\"https:\/\/schoenstatt.com\/wp-content\/uploads\/2022\/06\/cq5dam.thumbnail.cropped.1000.563.jpeg\" alt=\"#WMOF 2022\" width=\"1000\" height=\"563\" \/><figcaption id=\"caption-attachment-25780\" class=\"wp-caption-text\">Foto: Vatican.news<\/figcaption><\/figure>\n<blockquote><p>\u201cEsta relaci\u00f3n en el mundo de hoy no es sencilla y a menudo es motivo de preocupaciones. Los padres temen que los hijos no sean capaces de orientarse en la complejidad y en la confusi\u00f3n de nuestras sociedades, donde todo parece ca\u00f3tico y precario, y que al final pierdan su camino. Este miedo hace a algunos padres ansiosos, a otros sobreprotectores, y a veces termina incluso por impedir el deseo de traer nuevas vidas al mundo.\u201d<\/p><\/blockquote>\n<h3>\u201cDios no es ansioso\u201d<\/h3>\n<p>Luego, el Papa enfatiz\u00f3 la importancia, para los padres, de contemplar el modo de actuar de Dios, y asever\u00f3 que \u201cDios ama a los j\u00f3venes, pero no por eso los preserva de todos los peligros, desaf\u00edos y sufrimientos. No es ansioso ni sobreprotector; al contrario,\u00a0conf\u00eda en ellos y llama a cada uno al alto sentido de la vida y de la misi\u00f3n\u201d. E insisti\u00f3: \u201cDios no es ansioso\u201d.<\/p>\n<blockquote><p>\u201cQueridos padres, si ayudan a sus hijos a que descubran y acojan su vocaci\u00f3n, ver\u00e1n que ellos estar\u00e1n \u201caferrados\u201d a esta misi\u00f3n y tendr\u00e1n la fuerza de afrontar y superar las dificultades de la vida.\u201d<\/p><\/blockquote>\n<h3>\n\u201cAbrazar la propia vocaci\u00f3n con amor fiel\u201d<\/h3>\n<p>Seg\u00fan el Obispo de Roma, \u201cno hay nada m\u00e1s estimulante para los hijos que ver a los propios padres vivir el matrimonio y la familia como una misi\u00f3n, con fidelidad y paciencia, a pesar de las dificultades, los momentos tristes y las pruebas\u201d.<\/p>\n<blockquote><p>\u201cQueridas <a href=\"https:\/\/schoenstatt.com\/family\/about-the-schoenstatt-communities\/family\/\">familias<\/a>, tambi\u00e9n ustedes est\u00e1n invitadas a no tener otras prioridades, a \u201cno volverse atr\u00e1s\u201d, es decir, a no echar de menos la vida de antes, la libertad de antes, con sus ilusiones enga\u00f1osas. Cuando no se acoge la novedad de la llamada de Dios la vida se fosiliza, a\u00f1orando el pasado. Cuando Jes\u00fas llama, tambi\u00e9n al matrimonio y a la familia, pide que miremos hacia adelante y siempre nos precede en el camino, siempre nos precede en el amor y en el servicio. Quien lo sigue no queda defraudado.\u201d<\/p><\/blockquote>\n<h3>\u00abLa Iglesia est\u00e1 en ustedes\u00bb<\/h3>\n<p>Tras subrayar que providencialmente las lecturas de la liturgia de la celebraci\u00f3n hablan, providencialmente, sobre vocaci\u00f3n, que es justamente el tema del Encuentro: \u00abEl amor familiar: vocaci\u00f3n y camino de santidad\u00bb, Francisco se\u00f1al\u00f3 que \u00abla Iglesia est\u00e1 con ustedes, es m\u00e1s, la Iglesia est\u00e1 en ustedes. De hecho, la Iglesia naci\u00f3 de una Familia, la de Nazaret, y est\u00e1 formada principalmente por familias. Que el Se\u00f1or los ayude cada d\u00eda a permanecer en la unidad, en la paz y en la alegr\u00eda, mostrando a todos que Dios es amor y comuni\u00f3n de vida\u00bb.<\/p>\n<h3>Farrell: Pr\u00f3ximo Encuentro Mundial de las Familias en 2028<\/h3>\n<p>Al final de la celebraci\u00f3n eucar\u00edstica, el Cardenal Farrell dirigi\u00f3 un saludo al Papa, en nombre de todas las familias reunidas en la Plaza de San Pedro y de aquellas conectadas a trav\u00e9s de los medios y las redes sociales. Expres\u00f3 gratitud a Francisco por haber hecho posible este X Encuentro Mundial de las Familias.<\/p>\n<p>Record\u00f3 que con este X Encuentro Mundial concluye el A\u00f1o de la Familia\u00a0Amoris laetitia, cinco a\u00f1os despu\u00e9s de la publicaci\u00f3n de la exhortaci\u00f3n postsinodal. Se trata de un a\u00f1o que \u00abha querido dar un nuevo impulso a la pastoral familiar en las di\u00f3cesis de todo el mundo\u00bb.<\/p>\n<p>\u201cEn efecto, \u00aburge un compromiso renovado, en el que pastores y familias, bien formados, sepan trabajar juntos para ser m\u00e1s eficaces en la tarea de acompa\u00f1ar a los ni\u00f1os, a los j\u00f3venes, a los c\u00f3nyuges y a las familias enteras en los desaf\u00edos morales y espirituales de las sociedades actuales\u00bb.\u201d<br \/>\nEl prefecto del dicasterio agradece a Francisco su atenci\u00f3n y cercan\u00eda y los dones que ha efectuado a las familias en estos a\u00f1os de pontificado, a trav\u00e9s de sus cartas, discursos, catequesis y pronunciamentos.<\/p>\n<blockquote><p>\u201cLas familias perciben cada vez m\u00e1s su afecto como padre y sienten que comprende sus retos y problemas.\u201d<br \/>\nEl Purpurado anunci\u00f3 que el pr\u00f3ximo encuentro de las familias con el Papa Francisco\u00a0ser\u00e1 el &#8216;Jubileo de las Familias&#8217;, que se celebrar\u00e1 en Roma en el marco del Jubileo de 2025, mientras que el XI Encuentro Mundial de las Familias tendr\u00e1 lugar en 2028.<\/p><\/blockquote>\n<p>A las palabras de saludo del prefecto sigui\u00f3 la entrega del mandato misionero a las familias presentes en la misa. La invitaci\u00f3n es a anunciar a todos la belleza de la familia y del Evangelio con especial atenci\u00f3n a los m\u00e1s fr\u00e1giles, llevando esperanza \u00aba los que no la tienen\u00bb y \u00abmultiplicando el amor y la vida\u00bb.<\/p>\n<p>Fuente: <a href=\"http:\/\/www.vaticanews.va\/es\">www.vaticanews.va\/es<\/a><\/p>\n","protected":false},"excerpt":{"rendered":"<p>En la tarde de este s\u00e1bado 25 de junio, en la Plaza de San Pedro, el Cardenal Kevin Farrell, Prefecto del Dicasterio para los Laicos, la Familia y la Vida, ante la presencia del Papa Francisco, en el pen\u00faltimo d\u00eda del Encuentro Mundial de las Familias.<\/p>\n","protected":false},"author":1,"featured_media":25776,"comment_status":"closed","ping_status":"closed","sticky":false,"template":"","format":"standard","meta":{"footnotes":""},"categories":[917,877],"tags":[],"class_list":["post-25775","post","type-post","status-publish","format-standard","has-post-thumbnail","hentry","category-espiritualidad-es","category-familia-es"],"yoast_head":"<!-- This site is optimized with the Yoast SEO Premium plugin v27.4 (Yoast SEO v27.4) - https:\/\/yoast.com\/product\/yoast-seo-premium-wordpress\/ -->\n<title>#WMOF22, Francisco: &quot;La familia es el primer lugar donde se aprende a amar&quot;<\/title>\n<meta name=\"description\" content=\"#WMOF22: El Sucesor de Pedro consider\u00f3 que \u201cen vez de vivir como \u201cislas\u201d, os hab\u00e9is puesto \u201cal servicio los unos de los otros\u201d.\" \/>\n<meta name=\"robots\" content=\"index, follow, max-snippet:-1, max-image-preview:large, max-video-preview:-1\" \/>\n<link rel=\"canonical\" href=\"https:\/\/schoenstatt.com\/es\/wmof22-francisco-la-familia-es-el-primer-lugar-donde-se-aprende-a-amar\/\" \/>\n<meta property=\"og:locale\" content=\"es_ES\" \/>\n<meta property=\"og:type\" content=\"article\" \/>\n<meta property=\"og:title\" content=\"#WMOF22, Francisco: &quot;La familia es el primer lugar donde se aprende a amar&quot;\" \/>\n<meta property=\"og:description\" content=\"#WMOF22: El Sucesor de Pedro consider\u00f3 que \u201cen vez de vivir como \u201cislas\u201d, os hab\u00e9is puesto \u201cal servicio los unos de los otros\u201d.\" \/>\n<meta property=\"og:url\" content=\"https:\/\/schoenstatt.com\/es\/wmof22-francisco-la-familia-es-el-primer-lugar-donde-se-aprende-a-amar\/\" \/>\n<meta property=\"og:site_name\" content=\"Schoenstatt\" \/>\n<meta property=\"article:published_time\" content=\"2022-06-26T12:04:08+00:00\" \/>\n<meta property=\"article:modified_time\" content=\"2025-05-15T00:07:24+00:00\" \/>\n<meta property=\"og:image\" content=\"https:\/\/schoenstatt.com\/wp-content\/uploads\/2022\/06\/cq5dam.thumbnail.cropped.750.422-3.jpeg\" \/>\n\t<meta property=\"og:image:width\" content=\"750\" \/>\n\t<meta property=\"og:image:height\" content=\"422\" \/>\n\t<meta property=\"og:image:type\" content=\"image\/jpeg\" \/>\n<meta name=\"author\" content=\"admin\" \/>\n<meta name=\"twitter:card\" content=\"summary_large_image\" \/>\n<meta name=\"twitter:label1\" content=\"Escrito por\" \/>\n\t<meta name=\"twitter:data1\" content=\"admin\" \/>\n\t<meta name=\"twitter:label2\" content=\"Tiempo de lectura\" \/>\n\t<meta name=\"twitter:data2\" content=\"6 minutos\" \/>\n<script type=\"application\/ld+json\" class=\"yoast-schema-graph\">{\"@context\":\"https:\\\/\\\/schema.org\",\"@graph\":[{\"@type\":\"Article\",\"@id\":\"https:\\\/\\\/schoenstatt.com\\\/es\\\/wmof22-francisco-la-familia-es-el-primer-lugar-donde-se-aprende-a-amar\\\/#article\",\"isPartOf\":{\"@id\":\"https:\\\/\\\/schoenstatt.com\\\/es\\\/wmof22-francisco-la-familia-es-el-primer-lugar-donde-se-aprende-a-amar\\\/\"},\"author\":{\"name\":\"admin\",\"@id\":\"https:\\\/\\\/schoenstatt.com\\\/es\\\/#\\\/schema\\\/person\\\/489465b1850e7b216fe2c10dfc262551\"},\"headline\":\"#WMOF22, Francisco: \u00abLa familia es el primer lugar donde se aprende a amar\u00bb\",\"datePublished\":\"2022-06-26T12:04:08+00:00\",\"dateModified\":\"2025-05-15T00:07:24+00:00\",\"mainEntityOfPage\":{\"@id\":\"https:\\\/\\\/schoenstatt.com\\\/es\\\/wmof22-francisco-la-familia-es-el-primer-lugar-donde-se-aprende-a-amar\\\/\"},\"wordCount\":1372,\"publisher\":{\"@id\":\"https:\\\/\\\/schoenstatt.com\\\/es\\\/#organization\"},\"image\":{\"@id\":\"https:\\\/\\\/schoenstatt.com\\\/es\\\/wmof22-francisco-la-familia-es-el-primer-lugar-donde-se-aprende-a-amar\\\/#primaryimage\"},\"thumbnailUrl\":\"https:\\\/\\\/schoenstatt.com\\\/wp-content\\\/uploads\\\/2022\\\/06\\\/cq5dam.thumbnail.cropped.750.422-3.jpeg\",\"articleSection\":[\"Espiritualidad\",\"Familia\"],\"inLanguage\":\"es\"},{\"@type\":\"WebPage\",\"@id\":\"https:\\\/\\\/schoenstatt.com\\\/es\\\/wmof22-francisco-la-familia-es-el-primer-lugar-donde-se-aprende-a-amar\\\/\",\"url\":\"https:\\\/\\\/schoenstatt.com\\\/es\\\/wmof22-francisco-la-familia-es-el-primer-lugar-donde-se-aprende-a-amar\\\/\",\"name\":\"#WMOF22, Francisco: \\\"La familia es el primer lugar donde se aprende a amar\\\"\",\"isPartOf\":{\"@id\":\"https:\\\/\\\/schoenstatt.com\\\/es\\\/#website\"},\"primaryImageOfPage\":{\"@id\":\"https:\\\/\\\/schoenstatt.com\\\/es\\\/wmof22-francisco-la-familia-es-el-primer-lugar-donde-se-aprende-a-amar\\\/#primaryimage\"},\"image\":{\"@id\":\"https:\\\/\\\/schoenstatt.com\\\/es\\\/wmof22-francisco-la-familia-es-el-primer-lugar-donde-se-aprende-a-amar\\\/#primaryimage\"},\"thumbnailUrl\":\"https:\\\/\\\/schoenstatt.com\\\/wp-content\\\/uploads\\\/2022\\\/06\\\/cq5dam.thumbnail.cropped.750.422-3.jpeg\",\"datePublished\":\"2022-06-26T12:04:08+00:00\",\"dateModified\":\"2025-05-15T00:07:24+00:00\",\"description\":\"#WMOF22: El Sucesor de Pedro consider\u00f3 que \u201cen vez de vivir como \u201cislas\u201d, os hab\u00e9is puesto \u201cal servicio los unos de los otros\u201d.\",\"breadcrumb\":{\"@id\":\"https:\\\/\\\/schoenstatt.com\\\/es\\\/wmof22-francisco-la-familia-es-el-primer-lugar-donde-se-aprende-a-amar\\\/#breadcrumb\"},\"inLanguage\":\"es\",\"potentialAction\":[{\"@type\":\"ReadAction\",\"target\":[\"https:\\\/\\\/schoenstatt.com\\\/es\\\/wmof22-francisco-la-familia-es-el-primer-lugar-donde-se-aprende-a-amar\\\/\"]}]},{\"@type\":\"ImageObject\",\"inLanguage\":\"es\",\"@id\":\"https:\\\/\\\/schoenstatt.com\\\/es\\\/wmof22-francisco-la-familia-es-el-primer-lugar-donde-se-aprende-a-amar\\\/#primaryimage\",\"url\":\"https:\\\/\\\/schoenstatt.com\\\/wp-content\\\/uploads\\\/2022\\\/06\\\/cq5dam.thumbnail.cropped.750.422-3.jpeg\",\"contentUrl\":\"https:\\\/\\\/schoenstatt.com\\\/wp-content\\\/uploads\\\/2022\\\/06\\\/cq5dam.thumbnail.cropped.750.422-3.jpeg\",\"width\":750,\"height\":422,\"caption\":\"Foto: vatican.news\"},{\"@type\":\"BreadcrumbList\",\"@id\":\"https:\\\/\\\/schoenstatt.com\\\/es\\\/wmof22-francisco-la-familia-es-el-primer-lugar-donde-se-aprende-a-amar\\\/#breadcrumb\",\"itemListElement\":[{\"@type\":\"ListItem\",\"position\":1,\"name\":\"Portada\",\"item\":\"https:\\\/\\\/schoenstatt.com\\\/es\\\/home\\\/\"},{\"@type\":\"ListItem\",\"position\":2,\"name\":\"#WMOF22, Francisco: \u00abLa familia es el primer lugar donde se aprende a amar\u00bb\"}]},{\"@type\":\"WebSite\",\"@id\":\"https:\\\/\\\/schoenstatt.com\\\/es\\\/#website\",\"url\":\"https:\\\/\\\/schoenstatt.com\\\/es\\\/\",\"name\":\"Schoenstatt\",\"description\":\"Apostolic Movement\",\"publisher\":{\"@id\":\"https:\\\/\\\/schoenstatt.com\\\/es\\\/#organization\"},\"potentialAction\":[{\"@type\":\"SearchAction\",\"target\":{\"@type\":\"EntryPoint\",\"urlTemplate\":\"https:\\\/\\\/schoenstatt.com\\\/es\\\/?s={search_term_string}\"},\"query-input\":{\"@type\":\"PropertyValueSpecification\",\"valueRequired\":true,\"valueName\":\"search_term_string\"}}],\"inLanguage\":\"es\"},{\"@type\":\"Organization\",\"@id\":\"https:\\\/\\\/schoenstatt.com\\\/es\\\/#organization\",\"name\":\"Schoenstatt\",\"url\":\"https:\\\/\\\/schoenstatt.com\\\/es\\\/\",\"logo\":{\"@type\":\"ImageObject\",\"inLanguage\":\"es\",\"@id\":\"https:\\\/\\\/schoenstatt.com\\\/es\\\/#\\\/schema\\\/logo\\\/image\\\/\",\"url\":\"https:\\\/\\\/schoenstatt.com\\\/wp-content\\\/uploads\\\/2025\\\/04\\\/logo-schoenstatt-white-696x696-1.png\",\"contentUrl\":\"https:\\\/\\\/schoenstatt.com\\\/wp-content\\\/uploads\\\/2025\\\/04\\\/logo-schoenstatt-white-696x696-1.png\",\"width\":696,\"height\":694,\"caption\":\"Schoenstatt\"},\"image\":{\"@id\":\"https:\\\/\\\/schoenstatt.com\\\/es\\\/#\\\/schema\\\/logo\\\/image\\\/\"}},{\"@type\":\"Person\",\"@id\":\"https:\\\/\\\/schoenstatt.com\\\/es\\\/#\\\/schema\\\/person\\\/489465b1850e7b216fe2c10dfc262551\",\"name\":\"admin\",\"image\":{\"@type\":\"ImageObject\",\"inLanguage\":\"es\",\"@id\":\"https:\\\/\\\/secure.gravatar.com\\\/avatar\\\/02e8345e1ec40ab0e0a2a98fdde64a684bbaf994cddcb778b25b8b024ee9dfe6?s=96&d=mm&r=g\",\"url\":\"https:\\\/\\\/secure.gravatar.com\\\/avatar\\\/02e8345e1ec40ab0e0a2a98fdde64a684bbaf994cddcb778b25b8b024ee9dfe6?s=96&d=mm&r=g\",\"contentUrl\":\"https:\\\/\\\/secure.gravatar.com\\\/avatar\\\/02e8345e1ec40ab0e0a2a98fdde64a684bbaf994cddcb778b25b8b024ee9dfe6?s=96&d=mm&r=g\",\"caption\":\"admin\"},\"sameAs\":[\"https:\\\/\\\/schoenstatt.com\"],\"url\":\"https:\\\/\\\/schoenstatt.com\\\/es\\\/author\\\/admin\\\/\"}]}<\/script>\n<!-- \/ Yoast SEO Premium plugin. -->","yoast_head_json":{"title":"#WMOF22, Francisco: \"La familia es el primer lugar donde se aprende a amar\"","description":"#WMOF22: El Sucesor de Pedro consider\u00f3 que \u201cen vez de vivir como \u201cislas\u201d, os hab\u00e9is puesto \u201cal servicio los unos de los otros\u201d.","robots":{"index":"index","follow":"follow","max-snippet":"max-snippet:-1","max-image-preview":"max-image-preview:large","max-video-preview":"max-video-preview:-1"},"canonical":"https:\/\/schoenstatt.com\/es\/wmof22-francisco-la-familia-es-el-primer-lugar-donde-se-aprende-a-amar\/","og_locale":"es_ES","og_type":"article","og_title":"#WMOF22, Francisco: \"La familia es el primer lugar donde se aprende a amar\"","og_description":"#WMOF22: El Sucesor de Pedro consider\u00f3 que \u201cen vez de vivir como \u201cislas\u201d, os hab\u00e9is puesto \u201cal servicio los unos de los otros\u201d.","og_url":"https:\/\/schoenstatt.com\/es\/wmof22-francisco-la-familia-es-el-primer-lugar-donde-se-aprende-a-amar\/","og_site_name":"Schoenstatt","article_published_time":"2022-06-26T12:04:08+00:00","article_modified_time":"2025-05-15T00:07:24+00:00","og_image":[{"width":750,"height":422,"url":"https:\/\/schoenstatt.com\/wp-content\/uploads\/2022\/06\/cq5dam.thumbnail.cropped.750.422-3.jpeg","type":"image\/jpeg"}],"author":"admin","twitter_card":"summary_large_image","twitter_misc":{"Escrito por":"admin","Tiempo de lectura":"6 minutos"},"schema":{"@context":"https:\/\/schema.org","@graph":[{"@type":"Article","@id":"https:\/\/schoenstatt.com\/es\/wmof22-francisco-la-familia-es-el-primer-lugar-donde-se-aprende-a-amar\/#article","isPartOf":{"@id":"https:\/\/schoenstatt.com\/es\/wmof22-francisco-la-familia-es-el-primer-lugar-donde-se-aprende-a-amar\/"},"author":{"name":"admin","@id":"https:\/\/schoenstatt.com\/es\/#\/schema\/person\/489465b1850e7b216fe2c10dfc262551"},"headline":"#WMOF22, Francisco: \u00abLa familia es el primer lugar donde se aprende a amar\u00bb","datePublished":"2022-06-26T12:04:08+00:00","dateModified":"2025-05-15T00:07:24+00:00","mainEntityOfPage":{"@id":"https:\/\/schoenstatt.com\/es\/wmof22-francisco-la-familia-es-el-primer-lugar-donde-se-aprende-a-amar\/"},"wordCount":1372,"publisher":{"@id":"https:\/\/schoenstatt.com\/es\/#organization"},"image":{"@id":"https:\/\/schoenstatt.com\/es\/wmof22-francisco-la-familia-es-el-primer-lugar-donde-se-aprende-a-amar\/#primaryimage"},"thumbnailUrl":"https:\/\/schoenstatt.com\/wp-content\/uploads\/2022\/06\/cq5dam.thumbnail.cropped.750.422-3.jpeg","articleSection":["Espiritualidad","Familia"],"inLanguage":"es"},{"@type":"WebPage","@id":"https:\/\/schoenstatt.com\/es\/wmof22-francisco-la-familia-es-el-primer-lugar-donde-se-aprende-a-amar\/","url":"https:\/\/schoenstatt.com\/es\/wmof22-francisco-la-familia-es-el-primer-lugar-donde-se-aprende-a-amar\/","name":"#WMOF22, Francisco: \"La familia es el primer lugar donde se aprende a amar\"","isPartOf":{"@id":"https:\/\/schoenstatt.com\/es\/#website"},"primaryImageOfPage":{"@id":"https:\/\/schoenstatt.com\/es\/wmof22-francisco-la-familia-es-el-primer-lugar-donde-se-aprende-a-amar\/#primaryimage"},"image":{"@id":"https:\/\/schoenstatt.com\/es\/wmof22-francisco-la-familia-es-el-primer-lugar-donde-se-aprende-a-amar\/#primaryimage"},"thumbnailUrl":"https:\/\/schoenstatt.com\/wp-content\/uploads\/2022\/06\/cq5dam.thumbnail.cropped.750.422-3.jpeg","datePublished":"2022-06-26T12:04:08+00:00","dateModified":"2025-05-15T00:07:24+00:00","description":"#WMOF22: El Sucesor de Pedro consider\u00f3 que \u201cen vez de vivir como \u201cislas\u201d, os hab\u00e9is puesto \u201cal servicio los unos de los otros\u201d.","breadcrumb":{"@id":"https:\/\/schoenstatt.com\/es\/wmof22-francisco-la-familia-es-el-primer-lugar-donde-se-aprende-a-amar\/#breadcrumb"},"inLanguage":"es","potentialAction":[{"@type":"ReadAction","target":["https:\/\/schoenstatt.com\/es\/wmof22-francisco-la-familia-es-el-primer-lugar-donde-se-aprende-a-amar\/"]}]},{"@type":"ImageObject","inLanguage":"es","@id":"https:\/\/schoenstatt.com\/es\/wmof22-francisco-la-familia-es-el-primer-lugar-donde-se-aprende-a-amar\/#primaryimage","url":"https:\/\/schoenstatt.com\/wp-content\/uploads\/2022\/06\/cq5dam.thumbnail.cropped.750.422-3.jpeg","contentUrl":"https:\/\/schoenstatt.com\/wp-content\/uploads\/2022\/06\/cq5dam.thumbnail.cropped.750.422-3.jpeg","width":750,"height":422,"caption":"Foto: vatican.news"},{"@type":"BreadcrumbList","@id":"https:\/\/schoenstatt.com\/es\/wmof22-francisco-la-familia-es-el-primer-lugar-donde-se-aprende-a-amar\/#breadcrumb","itemListElement":[{"@type":"ListItem","position":1,"name":"Portada","item":"https:\/\/schoenstatt.com\/es\/home\/"},{"@type":"ListItem","position":2,"name":"#WMOF22, Francisco: \u00abLa familia es el primer lugar donde se aprende a amar\u00bb"}]},{"@type":"WebSite","@id":"https:\/\/schoenstatt.com\/es\/#website","url":"https:\/\/schoenstatt.com\/es\/","name":"Schoenstatt","description":"Apostolic Movement","publisher":{"@id":"https:\/\/schoenstatt.com\/es\/#organization"},"potentialAction":[{"@type":"SearchAction","target":{"@type":"EntryPoint","urlTemplate":"https:\/\/schoenstatt.com\/es\/?s={search_term_string}"},"query-input":{"@type":"PropertyValueSpecification","valueRequired":true,"valueName":"search_term_string"}}],"inLanguage":"es"},{"@type":"Organization","@id":"https:\/\/schoenstatt.com\/es\/#organization","name":"Schoenstatt","url":"https:\/\/schoenstatt.com\/es\/","logo":{"@type":"ImageObject","inLanguage":"es","@id":"https:\/\/schoenstatt.com\/es\/#\/schema\/logo\/image\/","url":"https:\/\/schoenstatt.com\/wp-content\/uploads\/2025\/04\/logo-schoenstatt-white-696x696-1.png","contentUrl":"https:\/\/schoenstatt.com\/wp-content\/uploads\/2025\/04\/logo-schoenstatt-white-696x696-1.png","width":696,"height":694,"caption":"Schoenstatt"},"image":{"@id":"https:\/\/schoenstatt.com\/es\/#\/schema\/logo\/image\/"}},{"@type":"Person","@id":"https:\/\/schoenstatt.com\/es\/#\/schema\/person\/489465b1850e7b216fe2c10dfc262551","name":"admin","image":{"@type":"ImageObject","inLanguage":"es","@id":"https:\/\/secure.gravatar.com\/avatar\/02e8345e1ec40ab0e0a2a98fdde64a684bbaf994cddcb778b25b8b024ee9dfe6?s=96&d=mm&r=g","url":"https:\/\/secure.gravatar.com\/avatar\/02e8345e1ec40ab0e0a2a98fdde64a684bbaf994cddcb778b25b8b024ee9dfe6?s=96&d=mm&r=g","contentUrl":"https:\/\/secure.gravatar.com\/avatar\/02e8345e1ec40ab0e0a2a98fdde64a684bbaf994cddcb778b25b8b024ee9dfe6?s=96&d=mm&r=g","caption":"admin"},"sameAs":["https:\/\/schoenstatt.com"],"url":"https:\/\/schoenstatt.com\/es\/author\/admin\/"}]}},"_links":{"self":[{"href":"https:\/\/schoenstatt.com\/es\/wp-json\/wp\/v2\/posts\/25775","targetHints":{"allow":["GET"]}}],"collection":[{"href":"https:\/\/schoenstatt.com\/es\/wp-json\/wp\/v2\/posts"}],"about":[{"href":"https:\/\/schoenstatt.com\/es\/wp-json\/wp\/v2\/types\/post"}],"author":[{"embeddable":true,"href":"https:\/\/schoenstatt.com\/es\/wp-json\/wp\/v2\/users\/1"}],"replies":[{"embeddable":true,"href":"https:\/\/schoenstatt.com\/es\/wp-json\/wp\/v2\/comments?post=25775"}],"version-history":[{"count":1,"href":"https:\/\/schoenstatt.com\/es\/wp-json\/wp\/v2\/posts\/25775\/revisions"}],"predecessor-version":[{"id":45322,"href":"https:\/\/schoenstatt.com\/es\/wp-json\/wp\/v2\/posts\/25775\/revisions\/45322"}],"wp:featuredmedia":[{"embeddable":true,"href":"https:\/\/schoenstatt.com\/es\/wp-json\/wp\/v2\/media\/25776"}],"wp:attachment":[{"href":"https:\/\/schoenstatt.com\/es\/wp-json\/wp\/v2\/media?parent=25775"}],"wp:term":[{"taxonomy":"category","embeddable":true,"href":"https:\/\/schoenstatt.com\/es\/wp-json\/wp\/v2\/categories?post=25775"},{"taxonomy":"post_tag","embeddable":true,"href":"https:\/\/schoenstatt.com\/es\/wp-json\/wp\/v2\/tags?post=25775"}],"curies":[{"name":"wp","href":"https:\/\/api.w.org\/{rel}","templated":true}]}}