{"id":24897,"date":"2022-05-25T10:17:21","date_gmt":"2022-05-25T08:17:21","guid":{"rendered":"https:\/\/schoenstatt.com\/?p=24897"},"modified":"2025-05-15T01:43:23","modified_gmt":"2025-05-14T23:43:23","slug":"alex-vienes-conmigo-p-alexander-menningen-el-discipulo-mas-cercano-del-p-kentenich","status":"publish","type":"post","link":"https:\/\/schoenstatt.com\/es\/alex-vienes-conmigo-p-alexander-menningen-el-discipulo-mas-cercano-del-p-kentenich\/","title":{"rendered":"\u00abAlex, \u00bfvienes conmigo?\u201d P. Alexander Menningen: el disc\u00edpulo m\u00e1s cercano del P. Kentenich."},"content":{"rendered":"<h3>P. Alexander Menningen: \u201cS\u00ed, Padre, voy con usted\u201d.<\/h3>\n<p>Muchos conocemos del P. Alex Menningen que \u201cfue el m\u00e1s estrecho y cercano colaborador del Padre fundador\u201d. Tambi\u00e9n sabemos que el P. Kentenich le dirigi\u00f3 a \u00e9l la famosa pregunta acerca de si lo seguir\u00eda al destierro, arriesg\u00e1ndolo todo: \u201cAlex, \u00bfvienes conmigo?\u201d Y su respuesta: \u201cS\u00ed, Padre, voy con usted\u201d. Tambi\u00e9n son renombradas las conferencias y libros que \u00e9l elabor\u00f3 sobre Jos\u00e9 Engling. Pero, \u00bfqui\u00e9n es \u201cel disc\u00edpulo fiel del Padre Kentenich\u201d? \u00bfQu\u00e9 mensaje podr\u00eda aportarnos hoy su persona?<\/p>\n<p>Alexander Menningen naci\u00f3 el 20 de octubre de 1900, en Hillscheid, a unos seis kil\u00f3metros de Schoenstatt. En oto\u00f1o de 1913 ingres\u00f3 en el seminario menor palotino. Cuenta el P. Hern\u00e1n Alessandri que cuando Alex escuch\u00f3 el serm\u00f3n que el P. Kentenich predic\u00f3 en Hillscheid en 1913, le impactaron mucho sus palabras y su persona, por lo cual se decidi\u00f3 a ser sacerdote e ingres\u00f3 en dicho seminario ese mismo a\u00f1o.<\/p>\n<p><img fetchpriority=\"high\" decoding=\"async\" class=\"aligncenter wp-image-24916 size-full\" src=\"https:\/\/schoenstatt.com\/wp-content\/uploads\/2022\/05\/manningen-2.png\" alt=\"\" width=\"424\" height=\"340\" \/><\/p>\n<p>&nbsp;<\/p>\n<h3>Estrecho colaborador del P. Kentenich<\/h3>\n<p>En 1915 se incorpor\u00f3 a la Congregaci\u00f3n Menor, llegando a ser Jos\u00e9 Engling un referente y modelo para su vida. Luego de la Primera Guerra Mundial complet\u00f3 sus estudios para el sacerdocio en Limburgo y Roma. Durante el tiempo de noviciado, en una visita ocasional a Schoenstatt, las palabras y la persona del Padre fundador resultaron fundamentales para afianzar su vocaci\u00f3n:<\/p>\n<p>\u201cMira, en la placa rememorativa del Santuario se halla tu nombre. As\u00ed se encuentra tu nombre y tu persona inscriptos profundamente en el coraz\u00f3n de Mar\u00eda. T\u00fa debes permanecer fiel toda tu vida a Ella, y poniendo tu confianza en Ella, puedes asumir todos los riesgos relativos a la fe y a tu vocaci\u00f3n sacerdotal\u201c.<\/p>\n<p>El 8 de agosto de 1926 fue ordenado sacerdote en la Ciudad Eterna y en 1927 recibi\u00f3 su certificado de doctorado en teolog\u00eda. A partir de 1928, al bendecirse la Casa de Alianza, el P. Menningen se convirti\u00f3 en uno de los m\u00e1s estrechos colaboradores del Padre fundador. Desde entonces fue asesor de la juventud masculina en tiempos donde se desarroll\u00f3 la generaci\u00f3n Ver Sacrum, la cual tom\u00f3 la vida de Jos\u00e9 Engling y otros congregantes h\u00e9roes como modelo ejemplar.<\/p>\n<h3>Procura que la Familia cultive su entrega total a Dios<\/h3>\n<p>A partir de 1941, el P. Menningen fue miembro de la direcci\u00f3n provincial de los palotinos y en su cargo contribuy\u00f3 como mediador por el Movimiento. Por otra parte fue uno de los principales interlocutores con el fundador cuando el P. Kentenich estuvo prisionero en la c\u00e1rcel de Coblenza. As\u00ed le escribi\u00f3 el Padre Kentenich, el 20 de enero de 1942, al disc\u00edpulo: \u201cAqu\u00ed estoy yo\u2026 y no puedo hacer otra cosa. Hazme un favor: procura que la Familia cultive el Poder en Blanco (aceptaci\u00f3n plena de la voluntad de Dios para uno mismo) y la Inscriptio (petici\u00f3n de que Dios env\u00ede las cruces que tiene previstas para uno mismo, en su perfecto plan de amor). Entonces recobrar\u00e9 la libertad. Esa es siempre mi respuesta\u201d.<\/p>\n<p>Luego de la Segunda Guerra Mundial el P. Menningen fue designado asistente espiritual de los Hermanos de Mar\u00eda y contribuy\u00f3 en la fundaci\u00f3n del instituto. Por otra parte fue nombrado vicepostulador de la causa de beatificaci\u00f3n de Jos\u00e9 Engling.<\/p>\n<p>En todos esos a\u00f1os fue extenso su trabajo, pero a\u00fan m\u00e1s significativa fue su colaboraci\u00f3n y fidelidad al Padre, particularmente en el tiempo del exilio. Durante el destierro del P. Kentenich en Milwaukee, el P. Menningen se convirti\u00f3 en cabeza y referente para la <a href=\"https:\/\/schoenstatt.com\/es\/espiritualidad\/schoenstatt-es-un-movimiento-de-educacion-colaboracion-al-servicio-de-la-vida\/\">Familia de Schoenstatt.<\/a> Por su fiel seguimiento al fundador. En 1954 fue instado a abandonar Schoenstatt.<\/p>\n<p>En 1965 Roma autoriz\u00f3 la constituci\u00f3n del Instituto Secular de los Padres de Schoenstatt. El <a href=\"http:\/\/www.jmschoenstatt.cl\/multimedia\/wp-content\/uploads\/archivos\/material_trabajo\/alexmenningen.pdf\">Padre Menningen<\/a> fue uno de los primeros que ingres\u00f3 a la nueva comunidad y fue superior general interino de la misma.<\/p>\n<figure id=\"attachment_24920\" aria-describedby=\"caption-attachment-24920\" style=\"width: 311px\" class=\"wp-caption aligncenter\"><img decoding=\"async\" class=\"size-full wp-image-24920\" src=\"https:\/\/schoenstatt.com\/wp-content\/uploads\/2022\/05\/Menningen-3.png\" alt=\"\" width=\"311\" height=\"346\" \/><figcaption id=\"caption-attachment-24920\" class=\"wp-caption-text\">Fuente: p. Guillermo Carmona<\/figcaption><\/figure>\n<h3>P. Jos\u00e9 Kentenich, \u00bfqui\u00e9n eres t\u00fa en realidad? Dime cu\u00e1l es tu secreto.<\/h3>\n<p>\u00bfQu\u00e9 raz\u00f3n lo motiv\u00f3 a permanecer leal al fundador, incluso cuando su persona era cuestionada hasta por la misma Iglesia? La descripci\u00f3n que el P. Menningen realiz\u00f3 del Padre fundador en 1984 nos permite comprender su visi\u00f3n:<\/p>\n<p>\u201cEl Padre Kentenich reun\u00eda en su persona al profeta capaz de ver, y al te\u00f3logo capaz de reflexionar en virtud de un pensamiento marcadamente metaf\u00edsico. El Padre era depositario de un carisma, de un gran don del Esp\u00edritu Santo, pero tambi\u00e9n de todas las cualidades de un talentoso educador y formador de hombres. Era una persona totalmente orientada a lo sobrenatural y apasionada por Dios, y a la vez totalmente volcado a lo terreno y aut\u00e9nticamente humano. En los cincuenta y cinco a\u00f1os en los que lo acompa\u00f1\u00e9 en el camino de su vida, me hac\u00eda en silencio muchas veces esta pregunta: \u2018\u00bfQui\u00e9n eres t\u00fa en realidad? Dime cu\u00e1l es tu secreto\u2019. La respuesta a esta pregunta t\u00e1cita era la siguiente: El Padre llevaba en s\u00ed un secreto divino, cuya huella se pod\u00eda descubrir, pero no se pod\u00eda llegar al fondo\u201d.<\/p>\n<p>El P. Menningen resumi\u00f3 as\u00ed su vida y su vinculaci\u00f3n al Padre fundador: \u201cSi bien siempre lo segu\u00ed, experiment\u00e9 un aumento de libertad, de independencia, de capacidad creadora y un fortalecimiento de mi personalidad. Mi vida no transcurri\u00f3 a la sombra sino a la luz de alguien m\u00e1s grande que yo\u201d.<\/p>\n<p>Tras la muerte del P. Kentenich, el P. Menningen se transform\u00f3 en la personalidad inspiradora central en la Familia de Schoenstatt, siendo Asesor de la Presidencia General. Prepar\u00f3 el proceso de beatificaci\u00f3n del P. Kentenich y fue su postulador hasta 1976. El 19 de mayo de 1994 muri\u00f3 en Schoenstatt, en Si\u00f3n, el m\u00e1s estrecho colaborador del Padre.<\/p>\n<p>&nbsp;<\/p>\n<h3>Referencias:<\/h3>\n<p>Alessandri Morandi\u00e9 H. (2009). \u201cLa historia del Padre Kentenich.\u201d Nueva Patris.<br \/>\nAmmann R., Bausenhart K. y Klein J.M. (1994). Der Gef\u00e4hrte: Erste Erinnerungen an P. Dr. Alexander Menningen ISCH. Patris Verlag.<br \/>\nLocher P., Niehaus J., Unkel H.W. y Vauti\u00e9r P. (2011). Kentenich Reader Tomo 1: Encuentro con el Padre Fundador. Nueva Patris.<br \/>\nNeuenhofer J.M (2014). Mirar al Padre: dedicado en agradecimiento al Padre Jos\u00e9 Kentenich en el centenario de la fundaci\u00f3n de Schoenstatt. Editorial Schoenstatt<br \/>\nSchmiedl J. (2000). Alexander Menningen. Patris Verlag.<\/p>\n","protected":false},"excerpt":{"rendered":"<p>El P. Alexander Menningen fue el m\u00e1s estrecho colaborador del P. Kentenich. Lo acompa\u00f1\u00f3 en los momentos m\u00e1s dif\u00edciles. Nunca dud\u00f3 de la gran misi\u00f3n que tuvo el fundador para la renovaci\u00f3n de la Iglesia, y particip\u00f3 de la misma con profunda entrega.  <\/p>\n","protected":false},"author":1,"featured_media":24902,"comment_status":"closed","ping_status":"closed","sticky":false,"template":"","format":"standard","meta":{"footnotes":""},"categories":[917],"tags":[],"class_list":["post-24897","post","type-post","status-publish","format-standard","has-post-thumbnail","hentry","category-espiritualidad-es"],"yoast_head":"<!-- This site is optimized with the Yoast SEO Premium plugin v27.4 (Yoast SEO v27.5) - https:\/\/yoast.com\/product\/yoast-seo-premium-wordpress\/ -->\n<title>&quot;Alex, \u00bfvienes conmigo?\u201d P. Alexander Menningen: el disc\u00edpulo m\u00e1s cercano del P. Kentenich. - Schoenstatt<\/title>\n<meta name=\"description\" content=\"El P. Menningen fue colaborador y disc\u00edpulo del P. Kentenich. Su fidelidad a la misi\u00f3n del fundador fue de gran importancia para Schoenstatt.\" \/>\n<meta name=\"robots\" content=\"index, follow, max-snippet:-1, max-image-preview:large, max-video-preview:-1\" \/>\n<link rel=\"canonical\" href=\"https:\/\/schoenstatt.com\/es\/alex-vienes-conmigo-p-alexander-menningen-el-discipulo-mas-cercano-del-p-kentenich\/\" \/>\n<meta property=\"og:locale\" content=\"es_ES\" \/>\n<meta property=\"og:type\" content=\"article\" \/>\n<meta property=\"og:title\" content=\"&quot;Alex, \u00bfvienes conmigo?\u201d P. Alexander Menningen: el disc\u00edpulo m\u00e1s cercano del P. Kentenich.\" \/>\n<meta property=\"og:description\" content=\"El P. Menningen fue colaborador y disc\u00edpulo del P. Kentenich. Su fidelidad a la misi\u00f3n del fundador fue de gran importancia para Schoenstatt.\" \/>\n<meta property=\"og:url\" content=\"https:\/\/schoenstatt.com\/es\/alex-vienes-conmigo-p-alexander-menningen-el-discipulo-mas-cercano-del-p-kentenich\/\" \/>\n<meta property=\"og:site_name\" content=\"Schoenstatt\" \/>\n<meta property=\"article:published_time\" content=\"2022-05-25T08:17:21+00:00\" \/>\n<meta property=\"article:modified_time\" content=\"2025-05-14T23:43:23+00:00\" \/>\n<meta property=\"og:image\" content=\"https:\/\/schoenstatt.com\/wp-content\/uploads\/2022\/05\/Menningen-1.png\" \/>\n\t<meta property=\"og:image:width\" content=\"353\" \/>\n\t<meta property=\"og:image:height\" content=\"421\" \/>\n\t<meta property=\"og:image:type\" content=\"image\/png\" \/>\n<meta name=\"author\" content=\"admin\" \/>\n<meta name=\"twitter:card\" content=\"summary_large_image\" \/>\n<meta name=\"twitter:label1\" content=\"Escrito por\" \/>\n\t<meta name=\"twitter:data1\" content=\"admin\" \/>\n\t<meta name=\"twitter:label2\" content=\"Tiempo de lectura\" \/>\n\t<meta name=\"twitter:data2\" content=\"5 minutos\" \/>\n<script type=\"application\/ld+json\" class=\"yoast-schema-graph\">{\"@context\":\"https:\\\/\\\/schema.org\",\"@graph\":[{\"@type\":\"Article\",\"@id\":\"https:\\\/\\\/schoenstatt.com\\\/es\\\/alex-vienes-conmigo-p-alexander-menningen-el-discipulo-mas-cercano-del-p-kentenich\\\/#article\",\"isPartOf\":{\"@id\":\"https:\\\/\\\/schoenstatt.com\\\/es\\\/alex-vienes-conmigo-p-alexander-menningen-el-discipulo-mas-cercano-del-p-kentenich\\\/\"},\"author\":{\"name\":\"admin\",\"@id\":\"https:\\\/\\\/schoenstatt.com\\\/es\\\/#\\\/schema\\\/person\\\/489465b1850e7b216fe2c10dfc262551\"},\"headline\":\"\u00abAlex, \u00bfvienes conmigo?\u201d P. Alexander Menningen: el disc\u00edpulo m\u00e1s cercano del P. Kentenich.\",\"datePublished\":\"2022-05-25T08:17:21+00:00\",\"dateModified\":\"2025-05-14T23:43:23+00:00\",\"mainEntityOfPage\":{\"@id\":\"https:\\\/\\\/schoenstatt.com\\\/es\\\/alex-vienes-conmigo-p-alexander-menningen-el-discipulo-mas-cercano-del-p-kentenich\\\/\"},\"wordCount\":1081,\"publisher\":{\"@id\":\"https:\\\/\\\/schoenstatt.com\\\/es\\\/#organization\"},\"image\":{\"@id\":\"https:\\\/\\\/schoenstatt.com\\\/es\\\/alex-vienes-conmigo-p-alexander-menningen-el-discipulo-mas-cercano-del-p-kentenich\\\/#primaryimage\"},\"thumbnailUrl\":\"https:\\\/\\\/schoenstatt.com\\\/wp-content\\\/uploads\\\/2022\\\/05\\\/Menningen-1.png\",\"articleSection\":[\"Espiritualidad\"],\"inLanguage\":\"es\"},{\"@type\":\"WebPage\",\"@id\":\"https:\\\/\\\/schoenstatt.com\\\/es\\\/alex-vienes-conmigo-p-alexander-menningen-el-discipulo-mas-cercano-del-p-kentenich\\\/\",\"url\":\"https:\\\/\\\/schoenstatt.com\\\/es\\\/alex-vienes-conmigo-p-alexander-menningen-el-discipulo-mas-cercano-del-p-kentenich\\\/\",\"name\":\"\\\"Alex, \u00bfvienes conmigo?\u201d P. Alexander Menningen: el disc\u00edpulo m\u00e1s cercano del P. Kentenich. - Schoenstatt\",\"isPartOf\":{\"@id\":\"https:\\\/\\\/schoenstatt.com\\\/es\\\/#website\"},\"primaryImageOfPage\":{\"@id\":\"https:\\\/\\\/schoenstatt.com\\\/es\\\/alex-vienes-conmigo-p-alexander-menningen-el-discipulo-mas-cercano-del-p-kentenich\\\/#primaryimage\"},\"image\":{\"@id\":\"https:\\\/\\\/schoenstatt.com\\\/es\\\/alex-vienes-conmigo-p-alexander-menningen-el-discipulo-mas-cercano-del-p-kentenich\\\/#primaryimage\"},\"thumbnailUrl\":\"https:\\\/\\\/schoenstatt.com\\\/wp-content\\\/uploads\\\/2022\\\/05\\\/Menningen-1.png\",\"datePublished\":\"2022-05-25T08:17:21+00:00\",\"dateModified\":\"2025-05-14T23:43:23+00:00\",\"description\":\"El P. Menningen fue colaborador y disc\u00edpulo del P. Kentenich. Su fidelidad a la misi\u00f3n del fundador fue de gran importancia para Schoenstatt.\",\"breadcrumb\":{\"@id\":\"https:\\\/\\\/schoenstatt.com\\\/es\\\/alex-vienes-conmigo-p-alexander-menningen-el-discipulo-mas-cercano-del-p-kentenich\\\/#breadcrumb\"},\"inLanguage\":\"es\",\"potentialAction\":[{\"@type\":\"ReadAction\",\"target\":[\"https:\\\/\\\/schoenstatt.com\\\/es\\\/alex-vienes-conmigo-p-alexander-menningen-el-discipulo-mas-cercano-del-p-kentenich\\\/\"]}]},{\"@type\":\"ImageObject\",\"inLanguage\":\"es\",\"@id\":\"https:\\\/\\\/schoenstatt.com\\\/es\\\/alex-vienes-conmigo-p-alexander-menningen-el-discipulo-mas-cercano-del-p-kentenich\\\/#primaryimage\",\"url\":\"https:\\\/\\\/schoenstatt.com\\\/wp-content\\\/uploads\\\/2022\\\/05\\\/Menningen-1.png\",\"contentUrl\":\"https:\\\/\\\/schoenstatt.com\\\/wp-content\\\/uploads\\\/2022\\\/05\\\/Menningen-1.png\",\"width\":353,\"height\":421,\"caption\":\"Pe. Menningen\"},{\"@type\":\"BreadcrumbList\",\"@id\":\"https:\\\/\\\/schoenstatt.com\\\/es\\\/alex-vienes-conmigo-p-alexander-menningen-el-discipulo-mas-cercano-del-p-kentenich\\\/#breadcrumb\",\"itemListElement\":[{\"@type\":\"ListItem\",\"position\":1,\"name\":\"Portada\",\"item\":\"https:\\\/\\\/schoenstatt.com\\\/es\\\/home\\\/\"},{\"@type\":\"ListItem\",\"position\":2,\"name\":\"\u00abAlex, \u00bfvienes conmigo?\u201d P. Alexander Menningen: el disc\u00edpulo m\u00e1s cercano del P. Kentenich.\"}]},{\"@type\":\"WebSite\",\"@id\":\"https:\\\/\\\/schoenstatt.com\\\/es\\\/#website\",\"url\":\"https:\\\/\\\/schoenstatt.com\\\/es\\\/\",\"name\":\"Schoenstatt\",\"description\":\"Apostolic Movement\",\"publisher\":{\"@id\":\"https:\\\/\\\/schoenstatt.com\\\/es\\\/#organization\"},\"potentialAction\":[{\"@type\":\"SearchAction\",\"target\":{\"@type\":\"EntryPoint\",\"urlTemplate\":\"https:\\\/\\\/schoenstatt.com\\\/es\\\/?s={search_term_string}\"},\"query-input\":{\"@type\":\"PropertyValueSpecification\",\"valueRequired\":true,\"valueName\":\"search_term_string\"}}],\"inLanguage\":\"es\"},{\"@type\":\"Organization\",\"@id\":\"https:\\\/\\\/schoenstatt.com\\\/es\\\/#organization\",\"name\":\"Schoenstatt\",\"url\":\"https:\\\/\\\/schoenstatt.com\\\/es\\\/\",\"logo\":{\"@type\":\"ImageObject\",\"inLanguage\":\"es\",\"@id\":\"https:\\\/\\\/schoenstatt.com\\\/es\\\/#\\\/schema\\\/logo\\\/image\\\/\",\"url\":\"https:\\\/\\\/schoenstatt.com\\\/wp-content\\\/uploads\\\/2025\\\/04\\\/logo-schoenstatt-white-696x696-1.png\",\"contentUrl\":\"https:\\\/\\\/schoenstatt.com\\\/wp-content\\\/uploads\\\/2025\\\/04\\\/logo-schoenstatt-white-696x696-1.png\",\"width\":696,\"height\":694,\"caption\":\"Schoenstatt\"},\"image\":{\"@id\":\"https:\\\/\\\/schoenstatt.com\\\/es\\\/#\\\/schema\\\/logo\\\/image\\\/\"}},{\"@type\":\"Person\",\"@id\":\"https:\\\/\\\/schoenstatt.com\\\/es\\\/#\\\/schema\\\/person\\\/489465b1850e7b216fe2c10dfc262551\",\"name\":\"admin\",\"image\":{\"@type\":\"ImageObject\",\"inLanguage\":\"es\",\"@id\":\"https:\\\/\\\/secure.gravatar.com\\\/avatar\\\/02e8345e1ec40ab0e0a2a98fdde64a684bbaf994cddcb778b25b8b024ee9dfe6?s=96&d=mm&r=g\",\"url\":\"https:\\\/\\\/secure.gravatar.com\\\/avatar\\\/02e8345e1ec40ab0e0a2a98fdde64a684bbaf994cddcb778b25b8b024ee9dfe6?s=96&d=mm&r=g\",\"contentUrl\":\"https:\\\/\\\/secure.gravatar.com\\\/avatar\\\/02e8345e1ec40ab0e0a2a98fdde64a684bbaf994cddcb778b25b8b024ee9dfe6?s=96&d=mm&r=g\",\"caption\":\"admin\"},\"sameAs\":[\"https:\\\/\\\/schoenstatt.com\"],\"url\":\"https:\\\/\\\/schoenstatt.com\\\/es\\\/author\\\/admin\\\/\"}]}<\/script>\n<!-- \/ Yoast SEO Premium plugin. -->","yoast_head_json":{"title":"\"Alex, \u00bfvienes conmigo?\u201d P. Alexander Menningen: el disc\u00edpulo m\u00e1s cercano del P. Kentenich. - Schoenstatt","description":"El P. Menningen fue colaborador y disc\u00edpulo del P. Kentenich. Su fidelidad a la misi\u00f3n del fundador fue de gran importancia para Schoenstatt.","robots":{"index":"index","follow":"follow","max-snippet":"max-snippet:-1","max-image-preview":"max-image-preview:large","max-video-preview":"max-video-preview:-1"},"canonical":"https:\/\/schoenstatt.com\/es\/alex-vienes-conmigo-p-alexander-menningen-el-discipulo-mas-cercano-del-p-kentenich\/","og_locale":"es_ES","og_type":"article","og_title":"\"Alex, \u00bfvienes conmigo?\u201d P. Alexander Menningen: el disc\u00edpulo m\u00e1s cercano del P. Kentenich.","og_description":"El P. Menningen fue colaborador y disc\u00edpulo del P. Kentenich. Su fidelidad a la misi\u00f3n del fundador fue de gran importancia para Schoenstatt.","og_url":"https:\/\/schoenstatt.com\/es\/alex-vienes-conmigo-p-alexander-menningen-el-discipulo-mas-cercano-del-p-kentenich\/","og_site_name":"Schoenstatt","article_published_time":"2022-05-25T08:17:21+00:00","article_modified_time":"2025-05-14T23:43:23+00:00","og_image":[{"width":353,"height":421,"url":"https:\/\/schoenstatt.com\/wp-content\/uploads\/2022\/05\/Menningen-1.png","type":"image\/png"}],"author":"admin","twitter_card":"summary_large_image","twitter_misc":{"Escrito por":"admin","Tiempo de lectura":"5 minutos"},"schema":{"@context":"https:\/\/schema.org","@graph":[{"@type":"Article","@id":"https:\/\/schoenstatt.com\/es\/alex-vienes-conmigo-p-alexander-menningen-el-discipulo-mas-cercano-del-p-kentenich\/#article","isPartOf":{"@id":"https:\/\/schoenstatt.com\/es\/alex-vienes-conmigo-p-alexander-menningen-el-discipulo-mas-cercano-del-p-kentenich\/"},"author":{"name":"admin","@id":"https:\/\/schoenstatt.com\/es\/#\/schema\/person\/489465b1850e7b216fe2c10dfc262551"},"headline":"\u00abAlex, \u00bfvienes conmigo?\u201d P. Alexander Menningen: el disc\u00edpulo m\u00e1s cercano del P. Kentenich.","datePublished":"2022-05-25T08:17:21+00:00","dateModified":"2025-05-14T23:43:23+00:00","mainEntityOfPage":{"@id":"https:\/\/schoenstatt.com\/es\/alex-vienes-conmigo-p-alexander-menningen-el-discipulo-mas-cercano-del-p-kentenich\/"},"wordCount":1081,"publisher":{"@id":"https:\/\/schoenstatt.com\/es\/#organization"},"image":{"@id":"https:\/\/schoenstatt.com\/es\/alex-vienes-conmigo-p-alexander-menningen-el-discipulo-mas-cercano-del-p-kentenich\/#primaryimage"},"thumbnailUrl":"https:\/\/schoenstatt.com\/wp-content\/uploads\/2022\/05\/Menningen-1.png","articleSection":["Espiritualidad"],"inLanguage":"es"},{"@type":"WebPage","@id":"https:\/\/schoenstatt.com\/es\/alex-vienes-conmigo-p-alexander-menningen-el-discipulo-mas-cercano-del-p-kentenich\/","url":"https:\/\/schoenstatt.com\/es\/alex-vienes-conmigo-p-alexander-menningen-el-discipulo-mas-cercano-del-p-kentenich\/","name":"\"Alex, \u00bfvienes conmigo?\u201d P. Alexander Menningen: el disc\u00edpulo m\u00e1s cercano del P. Kentenich. - Schoenstatt","isPartOf":{"@id":"https:\/\/schoenstatt.com\/es\/#website"},"primaryImageOfPage":{"@id":"https:\/\/schoenstatt.com\/es\/alex-vienes-conmigo-p-alexander-menningen-el-discipulo-mas-cercano-del-p-kentenich\/#primaryimage"},"image":{"@id":"https:\/\/schoenstatt.com\/es\/alex-vienes-conmigo-p-alexander-menningen-el-discipulo-mas-cercano-del-p-kentenich\/#primaryimage"},"thumbnailUrl":"https:\/\/schoenstatt.com\/wp-content\/uploads\/2022\/05\/Menningen-1.png","datePublished":"2022-05-25T08:17:21+00:00","dateModified":"2025-05-14T23:43:23+00:00","description":"El P. Menningen fue colaborador y disc\u00edpulo del P. Kentenich. Su fidelidad a la misi\u00f3n del fundador fue de gran importancia para Schoenstatt.","breadcrumb":{"@id":"https:\/\/schoenstatt.com\/es\/alex-vienes-conmigo-p-alexander-menningen-el-discipulo-mas-cercano-del-p-kentenich\/#breadcrumb"},"inLanguage":"es","potentialAction":[{"@type":"ReadAction","target":["https:\/\/schoenstatt.com\/es\/alex-vienes-conmigo-p-alexander-menningen-el-discipulo-mas-cercano-del-p-kentenich\/"]}]},{"@type":"ImageObject","inLanguage":"es","@id":"https:\/\/schoenstatt.com\/es\/alex-vienes-conmigo-p-alexander-menningen-el-discipulo-mas-cercano-del-p-kentenich\/#primaryimage","url":"https:\/\/schoenstatt.com\/wp-content\/uploads\/2022\/05\/Menningen-1.png","contentUrl":"https:\/\/schoenstatt.com\/wp-content\/uploads\/2022\/05\/Menningen-1.png","width":353,"height":421,"caption":"Pe. Menningen"},{"@type":"BreadcrumbList","@id":"https:\/\/schoenstatt.com\/es\/alex-vienes-conmigo-p-alexander-menningen-el-discipulo-mas-cercano-del-p-kentenich\/#breadcrumb","itemListElement":[{"@type":"ListItem","position":1,"name":"Portada","item":"https:\/\/schoenstatt.com\/es\/home\/"},{"@type":"ListItem","position":2,"name":"\u00abAlex, \u00bfvienes conmigo?\u201d P. Alexander Menningen: el disc\u00edpulo m\u00e1s cercano del P. Kentenich."}]},{"@type":"WebSite","@id":"https:\/\/schoenstatt.com\/es\/#website","url":"https:\/\/schoenstatt.com\/es\/","name":"Schoenstatt","description":"Apostolic Movement","publisher":{"@id":"https:\/\/schoenstatt.com\/es\/#organization"},"potentialAction":[{"@type":"SearchAction","target":{"@type":"EntryPoint","urlTemplate":"https:\/\/schoenstatt.com\/es\/?s={search_term_string}"},"query-input":{"@type":"PropertyValueSpecification","valueRequired":true,"valueName":"search_term_string"}}],"inLanguage":"es"},{"@type":"Organization","@id":"https:\/\/schoenstatt.com\/es\/#organization","name":"Schoenstatt","url":"https:\/\/schoenstatt.com\/es\/","logo":{"@type":"ImageObject","inLanguage":"es","@id":"https:\/\/schoenstatt.com\/es\/#\/schema\/logo\/image\/","url":"https:\/\/schoenstatt.com\/wp-content\/uploads\/2025\/04\/logo-schoenstatt-white-696x696-1.png","contentUrl":"https:\/\/schoenstatt.com\/wp-content\/uploads\/2025\/04\/logo-schoenstatt-white-696x696-1.png","width":696,"height":694,"caption":"Schoenstatt"},"image":{"@id":"https:\/\/schoenstatt.com\/es\/#\/schema\/logo\/image\/"}},{"@type":"Person","@id":"https:\/\/schoenstatt.com\/es\/#\/schema\/person\/489465b1850e7b216fe2c10dfc262551","name":"admin","image":{"@type":"ImageObject","inLanguage":"es","@id":"https:\/\/secure.gravatar.com\/avatar\/02e8345e1ec40ab0e0a2a98fdde64a684bbaf994cddcb778b25b8b024ee9dfe6?s=96&d=mm&r=g","url":"https:\/\/secure.gravatar.com\/avatar\/02e8345e1ec40ab0e0a2a98fdde64a684bbaf994cddcb778b25b8b024ee9dfe6?s=96&d=mm&r=g","contentUrl":"https:\/\/secure.gravatar.com\/avatar\/02e8345e1ec40ab0e0a2a98fdde64a684bbaf994cddcb778b25b8b024ee9dfe6?s=96&d=mm&r=g","caption":"admin"},"sameAs":["https:\/\/schoenstatt.com"],"url":"https:\/\/schoenstatt.com\/es\/author\/admin\/"}]}},"_links":{"self":[{"href":"https:\/\/schoenstatt.com\/es\/wp-json\/wp\/v2\/posts\/24897","targetHints":{"allow":["GET"]}}],"collection":[{"href":"https:\/\/schoenstatt.com\/es\/wp-json\/wp\/v2\/posts"}],"about":[{"href":"https:\/\/schoenstatt.com\/es\/wp-json\/wp\/v2\/types\/post"}],"author":[{"embeddable":true,"href":"https:\/\/schoenstatt.com\/es\/wp-json\/wp\/v2\/users\/1"}],"replies":[{"embeddable":true,"href":"https:\/\/schoenstatt.com\/es\/wp-json\/wp\/v2\/comments?post=24897"}],"version-history":[{"count":1,"href":"https:\/\/schoenstatt.com\/es\/wp-json\/wp\/v2\/posts\/24897\/revisions"}],"predecessor-version":[{"id":45237,"href":"https:\/\/schoenstatt.com\/es\/wp-json\/wp\/v2\/posts\/24897\/revisions\/45237"}],"wp:featuredmedia":[{"embeddable":true,"href":"https:\/\/schoenstatt.com\/es\/wp-json\/wp\/v2\/media\/24902"}],"wp:attachment":[{"href":"https:\/\/schoenstatt.com\/es\/wp-json\/wp\/v2\/media?parent=24897"}],"wp:term":[{"taxonomy":"category","embeddable":true,"href":"https:\/\/schoenstatt.com\/es\/wp-json\/wp\/v2\/categories?post=24897"},{"taxonomy":"post_tag","embeddable":true,"href":"https:\/\/schoenstatt.com\/es\/wp-json\/wp\/v2\/tags?post=24897"}],"curies":[{"name":"wp","href":"https:\/\/api.w.org\/{rel}","templated":true}]}}