{"id":24666,"date":"2022-05-04T13:00:39","date_gmt":"2022-05-04T11:00:39","guid":{"rendered":"https:\/\/schoenstatt.com\/?p=24666"},"modified":"2025-05-15T18:18:38","modified_gmt":"2025-05-15T16:18:38","slug":"carta-a-la-familia-de-schoenstatt-internacional","status":"publish","type":"post","link":"https:\/\/schoenstatt.com\/es\/carta-a-la-familia-de-schoenstatt-internacional\/","title":{"rendered":"Carta a la Familia de Schoenstatt internacional"},"content":{"rendered":"<p style=\"text-align: right;\">Schoenstatt 4 de mayo de 2022<\/p>\n<p><em><strong>\u00ab\u00a1Ustedes son mi carta de recomendaci\u00f3n!\u00bb. (2Cor 3:2)<\/strong><\/em><\/p>\n<p>Querida Familia de Schoenstatt,<\/p>\n<p>el 3 de mayo de 2022, la di\u00f3cesis de Tr\u00e9veris public\u00f3 la decisi\u00f3n del obispo Dr. Stephan Ackermann de suspender el proceso de beatificaci\u00f3n del Padre Kentenich (v\u00e9ase el <a href=\"https:\/\/schoenstatt.com\/es\/p-jose-kentenich\/suspension-del-proceso-de-beatificacion-del-p-kentenich\/\">comunicado de prensa de la di\u00f3cesis<\/a> y la <a href=\"https:\/\/schoenstatt.com\/es\/p-jose-kentenich\/comunicado-oficial-del-movimiento-internacional-de-schoenstatt\/\">declaraci\u00f3n de la Presidencia Internacional<\/a>). El Obispo destaca expresamente que con la suspensi\u00f3n del proceso no se emite ning\u00fan juicio sobre la vida y la obra del Padre Kentenich. \u00c9l quiere fomentar una investigaci\u00f3n m\u00e1s profunda y libre.<\/p>\n<p>Querida Familia de Schoenstatt, por mucho que nos duele esta noticia, creemos firmemente que Dios siempre nos gu\u00eda, tambi\u00e9n a trav\u00e9s de las dificultades. Esto vale para las numerosas cuestiones del mundo y de la sociedad. Esto tambi\u00e9n vale para la Iglesia y para Schoenstatt en tiempos turbulentos y desafiantes. Se nos invita a buscar juntos lo que Dios quiere decirnos y c\u00f3mo debemos responder.<\/p>\n<p>Una beatificaci\u00f3n y canonizaci\u00f3n no es un fin en s\u00ed mismo. Quiz\u00e1s la Virgen quiere, m\u00e1s bien, que nos comprometamos m\u00e1s con la misi\u00f3n de nuestro Fundador y la fecundidad de su carisma en la Iglesia para nuestro tiempo. \u00abBusquen primero su reino y su justicia, y todo lo dem\u00e1s se les dar\u00e1 por a\u00f1adidura\u00bb. (Mt 6:33)<\/p>\n<p>Se nos pide reconocer y anunciar m\u00e1s profundamente el aut\u00e9ntico Padre Kentenich, con su grandeza y sus l\u00edmites, pero sobre todo en su figura prof\u00e9tica y provocadora. \u00c9l fue y sigue siendo un signo de contradicci\u00f3n.<\/p>\n<p>Asumimos la nueva situaci\u00f3n como una oportunidad y un reto para investigar y dar a conocer la verdad hist\u00f3rica en profundidad, con seriedad y en libertad. Nuestra tarea es compleja y costar\u00e1 mucho tiempo, energ\u00eda y tambi\u00e9n recursos financieros. Por nuestra parte, queremos hacer todo lo posible para que el Padre Kentenich y su mensaje sean estudiados y dados a conocer a fondo. \u00c9l mismo siempre tuvo esta inquietud. Varios c\u00edrculos y un grupo de investigaci\u00f3n internacional ya est\u00e1n trabajando intensamente en ello.<\/p>\n<p>Sobre todo, vemos en estos acontecimientos una llamada de Dios a anunciar a\u00fan m\u00e1s el mensaje de Schoenstatt con nuestra vida. A trav\u00e9s de nuestro esfuerzo por una vida cristiana aut\u00e9ntica, que responda a nuestra \u00e9poca, y a trav\u00e9s de nuestro compromiso apost\u00f3lico, queremos dar testimonio del <a href=\"https:\/\/schoenstatt.com\/es\/acerca-de\/fundador\/\">Fundador<\/a> y as\u00ed hacer fructificar su carisma en la Iglesia.<\/p>\n<p>La obra debe hablar por el fundador. Como escribe S. Pablo a los corintios: \u00ab\u00a1La \u00fanica carta de recomendaci\u00f3n que necesitamos son ustedes mismos!\u00bb. (<a href=\"https:\/\/www.vatican.va\/archive\/ESL0506\/__PYI.HTM\">2Cor 3:2<\/a>). Es en este sentido que entendemos el reto que nos lanz\u00f3 el Santo Papa Juan Pablo II: \u00abCanon\u00edzenlo ustedes\u00bb.<\/p>\n<p>Aceptamos el reto. Hoy m\u00e1s que nunca.<\/p>\n<p>Al comienzo de mayo, mes de Mar\u00eda en muchos pa\u00edses, encomendamos todo a la Sant\u00edsima Virgen:<\/p>\n<h3><em>\u00a1Tua res agitur! \u00a1Clarifica te! (\u00a1Se trata de tu causa, glorif\u00edcate!)<\/em><\/h3>\n<p><img decoding=\"async\" class=\"size-full wp-image-24644 alignnone\" src=\"https:\/\/schoenstatt.com\/wp-content\/uploads\/2022\/05\/Unterschrift-P.-Juan-Pablo.jpg\" alt=\"P. Juan Pablo\" width=\"220\" height=\"84\" \/><\/p>\n<p>Pater Juan Pablo Catoggio<\/p>\n<p>&nbsp;<\/p>\n<p>&nbsp;<\/p>\n<p><a href=\"https:\/\/schoenstatt.com\/wp-content\/uploads\/2022\/05\/GP-Botschaft_Mai-2022_final_ES.pdf\"><strong>Descargar la carta a la familia de Schoenstatt Internacional<\/strong><\/a><\/p>\n","protected":false},"excerpt":{"rendered":"<p>\u00ab\u00a1Ustedes son mi carta de recomendaci\u00f3n!\u00bb. (2Cor 3:2)<\/p>\n","protected":false},"author":1,"featured_media":24654,"comment_status":"closed","ping_status":"closed","sticky":false,"template":"","format":"standard","meta":{"footnotes":""},"categories":[893,881],"tags":[],"class_list":["post-24666","post","type-post","status-publish","format-standard","has-post-thumbnail","hentry","category-causa-kentenich-es","category-p-jose-kentenich-es"],"yoast_head":"<!-- This site is optimized with the Yoast SEO Premium plugin v27.4 (Yoast SEO v27.4) - https:\/\/yoast.com\/product\/yoast-seo-premium-wordpress\/ -->\n<title>Carta a la Familia de Schoenstatt internacional - Schoenstatt<\/title>\n<meta name=\"description\" content=\"Por nuestra parte, queremos hacer todo lo posible para que el Padre Kentenich y su mensaje sean estudiados y dados a conocer a fondo\" \/>\n<meta name=\"robots\" content=\"index, follow, max-snippet:-1, max-image-preview:large, max-video-preview:-1\" \/>\n<link rel=\"canonical\" href=\"https:\/\/schoenstatt.com\/es\/carta-a-la-familia-de-schoenstatt-internacional\/\" \/>\n<meta property=\"og:locale\" content=\"es_ES\" \/>\n<meta property=\"og:type\" content=\"article\" \/>\n<meta property=\"og:title\" content=\"Carta a la Familia de Schoenstatt internacional\" \/>\n<meta property=\"og:description\" content=\"Por nuestra parte, queremos hacer todo lo posible para que el Padre Kentenich y su mensaje sean estudiados y dados a conocer a fondo\" \/>\n<meta property=\"og:url\" content=\"https:\/\/schoenstatt.com\/es\/carta-a-la-familia-de-schoenstatt-internacional\/\" \/>\n<meta property=\"og:site_name\" content=\"Schoenstatt\" \/>\n<meta property=\"article:published_time\" content=\"2022-05-04T11:00:39+00:00\" \/>\n<meta property=\"article:modified_time\" content=\"2025-05-15T16:18:38+00:00\" \/>\n<meta property=\"og:image\" content=\"https:\/\/schoenstatt.com\/wp-content\/uploads\/2022\/05\/UH-extern-1.jpg\" \/>\n\t<meta property=\"og:image:width\" content=\"800\" \/>\n\t<meta property=\"og:image:height\" content=\"500\" \/>\n\t<meta property=\"og:image:type\" content=\"image\/jpeg\" \/>\n<meta name=\"author\" content=\"admin\" \/>\n<meta name=\"twitter:card\" content=\"summary_large_image\" \/>\n<meta name=\"twitter:label1\" content=\"Escrito por\" \/>\n\t<meta name=\"twitter:data1\" content=\"admin\" \/>\n\t<meta name=\"twitter:label2\" content=\"Tiempo de lectura\" \/>\n\t<meta name=\"twitter:data2\" content=\"3 minutos\" \/>\n<script type=\"application\/ld+json\" class=\"yoast-schema-graph\">{\"@context\":\"https:\\\/\\\/schema.org\",\"@graph\":[{\"@type\":\"Article\",\"@id\":\"https:\\\/\\\/schoenstatt.com\\\/es\\\/carta-a-la-familia-de-schoenstatt-internacional\\\/#article\",\"isPartOf\":{\"@id\":\"https:\\\/\\\/schoenstatt.com\\\/es\\\/carta-a-la-familia-de-schoenstatt-internacional\\\/\"},\"author\":{\"name\":\"admin\",\"@id\":\"https:\\\/\\\/schoenstatt.com\\\/es\\\/#\\\/schema\\\/person\\\/489465b1850e7b216fe2c10dfc262551\"},\"headline\":\"Carta a la Familia de Schoenstatt internacional\",\"datePublished\":\"2022-05-04T11:00:39+00:00\",\"dateModified\":\"2025-05-15T16:18:38+00:00\",\"mainEntityOfPage\":{\"@id\":\"https:\\\/\\\/schoenstatt.com\\\/es\\\/carta-a-la-familia-de-schoenstatt-internacional\\\/\"},\"wordCount\":535,\"publisher\":{\"@id\":\"https:\\\/\\\/schoenstatt.com\\\/es\\\/#organization\"},\"image\":{\"@id\":\"https:\\\/\\\/schoenstatt.com\\\/es\\\/carta-a-la-familia-de-schoenstatt-internacional\\\/#primaryimage\"},\"thumbnailUrl\":\"https:\\\/\\\/schoenstatt.com\\\/wp-content\\\/uploads\\\/2022\\\/05\\\/UH-extern-1.jpg\",\"articleSection\":[\"Causa Kentenich\",\"P. Jos\u00e9 Kentenich\"],\"inLanguage\":\"es\"},{\"@type\":\"WebPage\",\"@id\":\"https:\\\/\\\/schoenstatt.com\\\/es\\\/carta-a-la-familia-de-schoenstatt-internacional\\\/\",\"url\":\"https:\\\/\\\/schoenstatt.com\\\/es\\\/carta-a-la-familia-de-schoenstatt-internacional\\\/\",\"name\":\"Carta a la Familia de Schoenstatt internacional - Schoenstatt\",\"isPartOf\":{\"@id\":\"https:\\\/\\\/schoenstatt.com\\\/es\\\/#website\"},\"primaryImageOfPage\":{\"@id\":\"https:\\\/\\\/schoenstatt.com\\\/es\\\/carta-a-la-familia-de-schoenstatt-internacional\\\/#primaryimage\"},\"image\":{\"@id\":\"https:\\\/\\\/schoenstatt.com\\\/es\\\/carta-a-la-familia-de-schoenstatt-internacional\\\/#primaryimage\"},\"thumbnailUrl\":\"https:\\\/\\\/schoenstatt.com\\\/wp-content\\\/uploads\\\/2022\\\/05\\\/UH-extern-1.jpg\",\"datePublished\":\"2022-05-04T11:00:39+00:00\",\"dateModified\":\"2025-05-15T16:18:38+00:00\",\"description\":\"Por nuestra parte, queremos hacer todo lo posible para que el Padre Kentenich y su mensaje sean estudiados y dados a conocer a fondo\",\"breadcrumb\":{\"@id\":\"https:\\\/\\\/schoenstatt.com\\\/es\\\/carta-a-la-familia-de-schoenstatt-internacional\\\/#breadcrumb\"},\"inLanguage\":\"es\",\"potentialAction\":[{\"@type\":\"ReadAction\",\"target\":[\"https:\\\/\\\/schoenstatt.com\\\/es\\\/carta-a-la-familia-de-schoenstatt-internacional\\\/\"]}]},{\"@type\":\"ImageObject\",\"inLanguage\":\"es\",\"@id\":\"https:\\\/\\\/schoenstatt.com\\\/es\\\/carta-a-la-familia-de-schoenstatt-internacional\\\/#primaryimage\",\"url\":\"https:\\\/\\\/schoenstatt.com\\\/wp-content\\\/uploads\\\/2022\\\/05\\\/UH-extern-1.jpg\",\"contentUrl\":\"https:\\\/\\\/schoenstatt.com\\\/wp-content\\\/uploads\\\/2022\\\/05\\\/UH-extern-1.jpg\",\"width\":800,\"height\":500,\"caption\":\"Schoenstattfamilie\"},{\"@type\":\"BreadcrumbList\",\"@id\":\"https:\\\/\\\/schoenstatt.com\\\/es\\\/carta-a-la-familia-de-schoenstatt-internacional\\\/#breadcrumb\",\"itemListElement\":[{\"@type\":\"ListItem\",\"position\":1,\"name\":\"Portada\",\"item\":\"https:\\\/\\\/schoenstatt.com\\\/es\\\/home\\\/\"},{\"@type\":\"ListItem\",\"position\":2,\"name\":\"Carta a la Familia de Schoenstatt internacional\"}]},{\"@type\":\"WebSite\",\"@id\":\"https:\\\/\\\/schoenstatt.com\\\/es\\\/#website\",\"url\":\"https:\\\/\\\/schoenstatt.com\\\/es\\\/\",\"name\":\"Schoenstatt\",\"description\":\"Apostolic Movement\",\"publisher\":{\"@id\":\"https:\\\/\\\/schoenstatt.com\\\/es\\\/#organization\"},\"potentialAction\":[{\"@type\":\"SearchAction\",\"target\":{\"@type\":\"EntryPoint\",\"urlTemplate\":\"https:\\\/\\\/schoenstatt.com\\\/es\\\/?s={search_term_string}\"},\"query-input\":{\"@type\":\"PropertyValueSpecification\",\"valueRequired\":true,\"valueName\":\"search_term_string\"}}],\"inLanguage\":\"es\"},{\"@type\":\"Organization\",\"@id\":\"https:\\\/\\\/schoenstatt.com\\\/es\\\/#organization\",\"name\":\"Schoenstatt\",\"url\":\"https:\\\/\\\/schoenstatt.com\\\/es\\\/\",\"logo\":{\"@type\":\"ImageObject\",\"inLanguage\":\"es\",\"@id\":\"https:\\\/\\\/schoenstatt.com\\\/es\\\/#\\\/schema\\\/logo\\\/image\\\/\",\"url\":\"https:\\\/\\\/schoenstatt.com\\\/wp-content\\\/uploads\\\/2025\\\/04\\\/logo-schoenstatt-white-696x696-1.png\",\"contentUrl\":\"https:\\\/\\\/schoenstatt.com\\\/wp-content\\\/uploads\\\/2025\\\/04\\\/logo-schoenstatt-white-696x696-1.png\",\"width\":696,\"height\":694,\"caption\":\"Schoenstatt\"},\"image\":{\"@id\":\"https:\\\/\\\/schoenstatt.com\\\/es\\\/#\\\/schema\\\/logo\\\/image\\\/\"}},{\"@type\":\"Person\",\"@id\":\"https:\\\/\\\/schoenstatt.com\\\/es\\\/#\\\/schema\\\/person\\\/489465b1850e7b216fe2c10dfc262551\",\"name\":\"admin\",\"image\":{\"@type\":\"ImageObject\",\"inLanguage\":\"es\",\"@id\":\"https:\\\/\\\/secure.gravatar.com\\\/avatar\\\/02e8345e1ec40ab0e0a2a98fdde64a684bbaf994cddcb778b25b8b024ee9dfe6?s=96&d=mm&r=g\",\"url\":\"https:\\\/\\\/secure.gravatar.com\\\/avatar\\\/02e8345e1ec40ab0e0a2a98fdde64a684bbaf994cddcb778b25b8b024ee9dfe6?s=96&d=mm&r=g\",\"contentUrl\":\"https:\\\/\\\/secure.gravatar.com\\\/avatar\\\/02e8345e1ec40ab0e0a2a98fdde64a684bbaf994cddcb778b25b8b024ee9dfe6?s=96&d=mm&r=g\",\"caption\":\"admin\"},\"sameAs\":[\"https:\\\/\\\/schoenstatt.com\"],\"url\":\"https:\\\/\\\/schoenstatt.com\\\/es\\\/author\\\/admin\\\/\"}]}<\/script>\n<!-- \/ Yoast SEO Premium plugin. -->","yoast_head_json":{"title":"Carta a la Familia de Schoenstatt internacional - Schoenstatt","description":"Por nuestra parte, queremos hacer todo lo posible para que el Padre Kentenich y su mensaje sean estudiados y dados a conocer a fondo","robots":{"index":"index","follow":"follow","max-snippet":"max-snippet:-1","max-image-preview":"max-image-preview:large","max-video-preview":"max-video-preview:-1"},"canonical":"https:\/\/schoenstatt.com\/es\/carta-a-la-familia-de-schoenstatt-internacional\/","og_locale":"es_ES","og_type":"article","og_title":"Carta a la Familia de Schoenstatt internacional","og_description":"Por nuestra parte, queremos hacer todo lo posible para que el Padre Kentenich y su mensaje sean estudiados y dados a conocer a fondo","og_url":"https:\/\/schoenstatt.com\/es\/carta-a-la-familia-de-schoenstatt-internacional\/","og_site_name":"Schoenstatt","article_published_time":"2022-05-04T11:00:39+00:00","article_modified_time":"2025-05-15T16:18:38+00:00","og_image":[{"width":800,"height":500,"url":"https:\/\/schoenstatt.com\/wp-content\/uploads\/2022\/05\/UH-extern-1.jpg","type":"image\/jpeg"}],"author":"admin","twitter_card":"summary_large_image","twitter_misc":{"Escrito por":"admin","Tiempo de lectura":"3 minutos"},"schema":{"@context":"https:\/\/schema.org","@graph":[{"@type":"Article","@id":"https:\/\/schoenstatt.com\/es\/carta-a-la-familia-de-schoenstatt-internacional\/#article","isPartOf":{"@id":"https:\/\/schoenstatt.com\/es\/carta-a-la-familia-de-schoenstatt-internacional\/"},"author":{"name":"admin","@id":"https:\/\/schoenstatt.com\/es\/#\/schema\/person\/489465b1850e7b216fe2c10dfc262551"},"headline":"Carta a la Familia de Schoenstatt internacional","datePublished":"2022-05-04T11:00:39+00:00","dateModified":"2025-05-15T16:18:38+00:00","mainEntityOfPage":{"@id":"https:\/\/schoenstatt.com\/es\/carta-a-la-familia-de-schoenstatt-internacional\/"},"wordCount":535,"publisher":{"@id":"https:\/\/schoenstatt.com\/es\/#organization"},"image":{"@id":"https:\/\/schoenstatt.com\/es\/carta-a-la-familia-de-schoenstatt-internacional\/#primaryimage"},"thumbnailUrl":"https:\/\/schoenstatt.com\/wp-content\/uploads\/2022\/05\/UH-extern-1.jpg","articleSection":["Causa Kentenich","P. Jos\u00e9 Kentenich"],"inLanguage":"es"},{"@type":"WebPage","@id":"https:\/\/schoenstatt.com\/es\/carta-a-la-familia-de-schoenstatt-internacional\/","url":"https:\/\/schoenstatt.com\/es\/carta-a-la-familia-de-schoenstatt-internacional\/","name":"Carta a la Familia de Schoenstatt internacional - Schoenstatt","isPartOf":{"@id":"https:\/\/schoenstatt.com\/es\/#website"},"primaryImageOfPage":{"@id":"https:\/\/schoenstatt.com\/es\/carta-a-la-familia-de-schoenstatt-internacional\/#primaryimage"},"image":{"@id":"https:\/\/schoenstatt.com\/es\/carta-a-la-familia-de-schoenstatt-internacional\/#primaryimage"},"thumbnailUrl":"https:\/\/schoenstatt.com\/wp-content\/uploads\/2022\/05\/UH-extern-1.jpg","datePublished":"2022-05-04T11:00:39+00:00","dateModified":"2025-05-15T16:18:38+00:00","description":"Por nuestra parte, queremos hacer todo lo posible para que el Padre Kentenich y su mensaje sean estudiados y dados a conocer a fondo","breadcrumb":{"@id":"https:\/\/schoenstatt.com\/es\/carta-a-la-familia-de-schoenstatt-internacional\/#breadcrumb"},"inLanguage":"es","potentialAction":[{"@type":"ReadAction","target":["https:\/\/schoenstatt.com\/es\/carta-a-la-familia-de-schoenstatt-internacional\/"]}]},{"@type":"ImageObject","inLanguage":"es","@id":"https:\/\/schoenstatt.com\/es\/carta-a-la-familia-de-schoenstatt-internacional\/#primaryimage","url":"https:\/\/schoenstatt.com\/wp-content\/uploads\/2022\/05\/UH-extern-1.jpg","contentUrl":"https:\/\/schoenstatt.com\/wp-content\/uploads\/2022\/05\/UH-extern-1.jpg","width":800,"height":500,"caption":"Schoenstattfamilie"},{"@type":"BreadcrumbList","@id":"https:\/\/schoenstatt.com\/es\/carta-a-la-familia-de-schoenstatt-internacional\/#breadcrumb","itemListElement":[{"@type":"ListItem","position":1,"name":"Portada","item":"https:\/\/schoenstatt.com\/es\/home\/"},{"@type":"ListItem","position":2,"name":"Carta a la Familia de Schoenstatt internacional"}]},{"@type":"WebSite","@id":"https:\/\/schoenstatt.com\/es\/#website","url":"https:\/\/schoenstatt.com\/es\/","name":"Schoenstatt","description":"Apostolic Movement","publisher":{"@id":"https:\/\/schoenstatt.com\/es\/#organization"},"potentialAction":[{"@type":"SearchAction","target":{"@type":"EntryPoint","urlTemplate":"https:\/\/schoenstatt.com\/es\/?s={search_term_string}"},"query-input":{"@type":"PropertyValueSpecification","valueRequired":true,"valueName":"search_term_string"}}],"inLanguage":"es"},{"@type":"Organization","@id":"https:\/\/schoenstatt.com\/es\/#organization","name":"Schoenstatt","url":"https:\/\/schoenstatt.com\/es\/","logo":{"@type":"ImageObject","inLanguage":"es","@id":"https:\/\/schoenstatt.com\/es\/#\/schema\/logo\/image\/","url":"https:\/\/schoenstatt.com\/wp-content\/uploads\/2025\/04\/logo-schoenstatt-white-696x696-1.png","contentUrl":"https:\/\/schoenstatt.com\/wp-content\/uploads\/2025\/04\/logo-schoenstatt-white-696x696-1.png","width":696,"height":694,"caption":"Schoenstatt"},"image":{"@id":"https:\/\/schoenstatt.com\/es\/#\/schema\/logo\/image\/"}},{"@type":"Person","@id":"https:\/\/schoenstatt.com\/es\/#\/schema\/person\/489465b1850e7b216fe2c10dfc262551","name":"admin","image":{"@type":"ImageObject","inLanguage":"es","@id":"https:\/\/secure.gravatar.com\/avatar\/02e8345e1ec40ab0e0a2a98fdde64a684bbaf994cddcb778b25b8b024ee9dfe6?s=96&d=mm&r=g","url":"https:\/\/secure.gravatar.com\/avatar\/02e8345e1ec40ab0e0a2a98fdde64a684bbaf994cddcb778b25b8b024ee9dfe6?s=96&d=mm&r=g","contentUrl":"https:\/\/secure.gravatar.com\/avatar\/02e8345e1ec40ab0e0a2a98fdde64a684bbaf994cddcb778b25b8b024ee9dfe6?s=96&d=mm&r=g","caption":"admin"},"sameAs":["https:\/\/schoenstatt.com"],"url":"https:\/\/schoenstatt.com\/es\/author\/admin\/"}]}},"_links":{"self":[{"href":"https:\/\/schoenstatt.com\/es\/wp-json\/wp\/v2\/posts\/24666","targetHints":{"allow":["GET"]}}],"collection":[{"href":"https:\/\/schoenstatt.com\/es\/wp-json\/wp\/v2\/posts"}],"about":[{"href":"https:\/\/schoenstatt.com\/es\/wp-json\/wp\/v2\/types\/post"}],"author":[{"embeddable":true,"href":"https:\/\/schoenstatt.com\/es\/wp-json\/wp\/v2\/users\/1"}],"replies":[{"embeddable":true,"href":"https:\/\/schoenstatt.com\/es\/wp-json\/wp\/v2\/comments?post=24666"}],"version-history":[{"count":1,"href":"https:\/\/schoenstatt.com\/es\/wp-json\/wp\/v2\/posts\/24666\/revisions"}],"predecessor-version":[{"id":45197,"href":"https:\/\/schoenstatt.com\/es\/wp-json\/wp\/v2\/posts\/24666\/revisions\/45197"}],"wp:featuredmedia":[{"embeddable":true,"href":"https:\/\/schoenstatt.com\/es\/wp-json\/wp\/v2\/media\/24654"}],"wp:attachment":[{"href":"https:\/\/schoenstatt.com\/es\/wp-json\/wp\/v2\/media?parent=24666"}],"wp:term":[{"taxonomy":"category","embeddable":true,"href":"https:\/\/schoenstatt.com\/es\/wp-json\/wp\/v2\/categories?post=24666"},{"taxonomy":"post_tag","embeddable":true,"href":"https:\/\/schoenstatt.com\/es\/wp-json\/wp\/v2\/tags?post=24666"}],"curies":[{"name":"wp","href":"https:\/\/api.w.org\/{rel}","templated":true}]}}