{"id":24436,"date":"2022-04-22T08:00:59","date_gmt":"2022-04-22T06:00:59","guid":{"rendered":"https:\/\/schoenstatt.com\/?p=24436"},"modified":"2025-05-15T01:44:37","modified_gmt":"2025-05-14T23:44:37","slug":"diaconos-profundizan-su-vocacion-siguiendo-el-ejemplo-de-joao-pozzobon","status":"publish","type":"post","link":"https:\/\/schoenstatt.com\/es\/diaconos-profundizan-su-vocacion-siguiendo-el-ejemplo-de-joao-pozzobon\/","title":{"rendered":"Di\u00e1conos profundizan su vocaci\u00f3n siguiendo el ejemplo de Jo\u00e3o Pozzobon"},"content":{"rendered":"<p>El 28 y 29 de marzo el presidente de la Comisi\u00f3n Nacional de Di\u00e1conos de Brasil (CND), el di\u00e1cono Francisco Salvador Pontes Filho junto con el di\u00e1conos Fl\u00e1vio Ant\u00f4nio y Roberto Castilhos Nunes, respectivamente presidente y el vicepresidente de la Comisi\u00f3n Regional de Di\u00e1conos Permanentes, estuvieron en Santa Maria, R\u00edo Grande del Sur, en Brasil, para conocer la vida y la obra del Siervo de Dios, el di\u00e1cono Jo\u00e3o Luiz Pozzobon. Junto con ellos estuvo tambi\u00e9n el di\u00e1cono Ricardo Rossato de la arquidi\u00f3cesis de Santa Mar\u00eda.<\/p>\n<p><img fetchpriority=\"high\" decoding=\"async\" class=\"size-full wp-image-24441 aligncenter\" src=\"https:\/\/schoenstatt.com\/wp-content\/uploads\/2022\/04\/Diaconos-2.png\" alt=\"Di\u00e1conos\" width=\"639\" height=\"324\" \/><\/p>\n<p>En su recorrido visitaron el Centro Mariano, la Peregrina Original, el Santuario Tabor y la Casa Museo Jo\u00e3o Pozzobon, donde se interiorizaron sobre el compromiso apost\u00f3lico y caritativo del iniciador de la Campa\u00f1a de la Virgen Peregrina. La ma\u00f1ana del martes 29 participaron en la Santa Misa en la Capilla Tabor, donde dieron su testimonio. El di\u00e1cono Fl\u00e1vio Ant\u00f4nio cuenta c\u00f3mo fue esta experiencia.<\/p>\n<blockquote><p>\u201cTuvimos la gracia de visitar el Santuario de Schoenstatt y la Casa Museo de nuestro hermano di\u00e1cono Jo\u00e3o Luiz Pozzobon en Santa Mar\u00eda. Ten\u00edamos mucha curiosidad por ver, sentir y experimentar el viaje de nuestro hermano.<\/p><\/blockquote>\n<h3>Emoci\u00f3n hasta las l\u00e1grimas<\/h3>\n<p>Cuando estuvimos en algunos de los caminos recorridos por el mismo Jo\u00e3o Pozzobon, o como le llamaban cari\u00f1osamente \u00abDon Jo\u00e3o\u00bb o como \u00e9l mismo se llamaba \u00abBurrito de la Virgen\u00bb, nos emocionamos hasta las l\u00e1grimas en varias ocasiones por el trabajo de santidad realizado con las comunidades necesitadas.<\/p>\n<p>Viendo su labor de cercan\u00eda con las comunidades m\u00e1s necesitadas, el amor, el cari\u00f1o, la dedicaci\u00f3n hacia ellos y saber c\u00f3mo llevaba la imagen de la Virgen Peregrina en sus hombros, es imposible no emocionarse. Varios relatos de sus obras confirman que el di\u00e1cono Jo\u00e3o no era de esta \u00e9poca, pues siempre vivi\u00f3 pensando en las necesidades de la gente. Con su rosario en la mano y la Virgen Peregrina al hombro acogi\u00f3 con sencillez y humildad los dolores de los m\u00e1s necesitados, visitando sus hogares y llevando lo que la Virgen nos pide: el Santo Rosario.<\/p>\n<h3><img decoding=\"async\" class=\"size-full wp-image-24445 alignright\" src=\"https:\/\/schoenstatt.com\/wp-content\/uploads\/2022\/04\/Pozzobon.png\" alt=\"\" width=\"423\" height=\"377\" \/>Con tu ejemplo, Jo\u00e3o, percibimos el verdadero significado del diaconado<\/h3>\n<p>Despu\u00e9s de estos momentos que pasamos en Santa Mar\u00eda percibimos el verdadero significado de la misi\u00f3n de ser di\u00e1conos y lo mucho que nos faltaba en nuestro camino diaconal. Ya hab\u00edamos hablado humildemente del di\u00e1cono Jo\u00e3o Pozzobon pero nos dimos cuenta de lo limitado de nuestra informaci\u00f3n. Cambiamos dr\u00e1sticamente nuestro pensamiento sobre las acciones de este hombre santo y hoy podemos decir con humildad que somos grandes devotos de este ejemplo de hombre, padre, esposo, y de este modelo a seguir.<\/p>\n<p>Profundamente conmovido puedo decir: <em><strong>Gracias Madre, Reina Tres Veces Admirable de Schoenstatt, gracias mi hermano en Cristo di\u00e1cono Jo\u00e3o Luiz Pozzobon, intercede ante Dios por nosotros\u201d.<\/strong><\/em><\/p>\n<p>&nbsp;<\/p>\n<p>Traductor: Pablo Arias, M\u00e9xico<\/p>\n","protected":false},"excerpt":{"rendered":"<p> Representantes nacionales del diaconado en Brasil visitaron Santa Mar\u00eda para conocer la vida y la obra del di\u00e1cono Jo\u00e3o Pozzobon. El di\u00e1cono Fl\u00e1vio Ant\u00f4nio expres\u00f3: \u201cProfundamente conmovido puedo decir: Gracias Madre, Reina Tres Veces Admirable de Schoenstatt, gracias mi hermano en Cristo di\u00e1cono Jo\u00e3o Luiz Pozzobon\u201d.<\/p>\n","protected":false},"author":1,"featured_media":24437,"comment_status":"closed","ping_status":"closed","sticky":false,"template":"","format":"standard","meta":{"footnotes":""},"categories":[909,917],"tags":[],"class_list":["post-24436","post","type-post","status-publish","format-standard","has-post-thumbnail","hentry","category-comunidades-de-schoenstatt-es","category-espiritualidad-es"],"yoast_head":"<!-- This site is optimized with the Yoast SEO Premium plugin v27.4 (Yoast SEO v27.4) - https:\/\/yoast.com\/product\/yoast-seo-premium-wordpress\/ -->\n<title>Di\u00e1conos profundizan su vocaci\u00f3n siguiendo el ejemplo de Jo\u00e3o Pozzobon - Schoenstatt<\/title>\n<meta name=\"description\" content=\"Representantes del diaconado en Brasil visitaron Santa Mar\u00eda para conocer la vida del di\u00e1cono Jo\u00e3o Pozzobon. Estuvieron muy contentos.\" \/>\n<meta name=\"robots\" content=\"index, follow, max-snippet:-1, max-image-preview:large, max-video-preview:-1\" \/>\n<link rel=\"canonical\" href=\"https:\/\/schoenstatt.com\/es\/diaconos-profundizan-su-vocacion-siguiendo-el-ejemplo-de-joao-pozzobon\/\" \/>\n<meta property=\"og:locale\" content=\"es_ES\" \/>\n<meta property=\"og:type\" content=\"article\" \/>\n<meta property=\"og:title\" content=\"Di\u00e1conos profundizan su vocaci\u00f3n siguiendo el ejemplo de Jo\u00e3o Pozzobon\" \/>\n<meta property=\"og:description\" content=\"Representantes del diaconado en Brasil visitaron Santa Mar\u00eda para conocer la vida del di\u00e1cono Jo\u00e3o Pozzobon. Estuvieron muy contentos.\" \/>\n<meta property=\"og:url\" content=\"https:\/\/schoenstatt.com\/es\/diaconos-profundizan-su-vocacion-siguiendo-el-ejemplo-de-joao-pozzobon\/\" \/>\n<meta property=\"og:site_name\" content=\"Schoenstatt\" \/>\n<meta property=\"article:published_time\" content=\"2022-04-22T06:00:59+00:00\" \/>\n<meta property=\"article:modified_time\" content=\"2025-05-14T23:44:37+00:00\" \/>\n<meta property=\"og:image\" content=\"https:\/\/schoenstatt.com\/wp-content\/uploads\/2022\/04\/Diaconos-permanente-1.png\" \/>\n\t<meta property=\"og:image:width\" content=\"697\" \/>\n\t<meta property=\"og:image:height\" content=\"371\" \/>\n\t<meta property=\"og:image:type\" content=\"image\/png\" \/>\n<meta name=\"author\" content=\"admin\" \/>\n<meta name=\"twitter:card\" content=\"summary_large_image\" \/>\n<meta name=\"twitter:label1\" content=\"Escrito por\" \/>\n\t<meta name=\"twitter:data1\" content=\"admin\" \/>\n\t<meta name=\"twitter:label2\" content=\"Tiempo de lectura\" \/>\n\t<meta name=\"twitter:data2\" content=\"3 minutos\" \/>\n<script type=\"application\/ld+json\" class=\"yoast-schema-graph\">{\"@context\":\"https:\\\/\\\/schema.org\",\"@graph\":[{\"@type\":\"Article\",\"@id\":\"https:\\\/\\\/schoenstatt.com\\\/es\\\/diaconos-profundizan-su-vocacion-siguiendo-el-ejemplo-de-joao-pozzobon\\\/#article\",\"isPartOf\":{\"@id\":\"https:\\\/\\\/schoenstatt.com\\\/es\\\/diaconos-profundizan-su-vocacion-siguiendo-el-ejemplo-de-joao-pozzobon\\\/\"},\"author\":{\"name\":\"admin\",\"@id\":\"https:\\\/\\\/schoenstatt.com\\\/es\\\/#\\\/schema\\\/person\\\/489465b1850e7b216fe2c10dfc262551\"},\"headline\":\"Di\u00e1conos profundizan su vocaci\u00f3n siguiendo el ejemplo de Jo\u00e3o Pozzobon\",\"datePublished\":\"2022-04-22T06:00:59+00:00\",\"dateModified\":\"2025-05-14T23:44:37+00:00\",\"mainEntityOfPage\":{\"@id\":\"https:\\\/\\\/schoenstatt.com\\\/es\\\/diaconos-profundizan-su-vocacion-siguiendo-el-ejemplo-de-joao-pozzobon\\\/\"},\"wordCount\":521,\"publisher\":{\"@id\":\"https:\\\/\\\/schoenstatt.com\\\/es\\\/#organization\"},\"image\":{\"@id\":\"https:\\\/\\\/schoenstatt.com\\\/es\\\/diaconos-profundizan-su-vocacion-siguiendo-el-ejemplo-de-joao-pozzobon\\\/#primaryimage\"},\"thumbnailUrl\":\"https:\\\/\\\/schoenstatt.com\\\/wp-content\\\/uploads\\\/2022\\\/04\\\/Diaconos-permanente-1.png\",\"articleSection\":[\"Comunidades de Schoenstatt\",\"Espiritualidad\"],\"inLanguage\":\"es\"},{\"@type\":\"WebPage\",\"@id\":\"https:\\\/\\\/schoenstatt.com\\\/es\\\/diaconos-profundizan-su-vocacion-siguiendo-el-ejemplo-de-joao-pozzobon\\\/\",\"url\":\"https:\\\/\\\/schoenstatt.com\\\/es\\\/diaconos-profundizan-su-vocacion-siguiendo-el-ejemplo-de-joao-pozzobon\\\/\",\"name\":\"Di\u00e1conos profundizan su vocaci\u00f3n siguiendo el ejemplo de Jo\u00e3o Pozzobon - Schoenstatt\",\"isPartOf\":{\"@id\":\"https:\\\/\\\/schoenstatt.com\\\/es\\\/#website\"},\"primaryImageOfPage\":{\"@id\":\"https:\\\/\\\/schoenstatt.com\\\/es\\\/diaconos-profundizan-su-vocacion-siguiendo-el-ejemplo-de-joao-pozzobon\\\/#primaryimage\"},\"image\":{\"@id\":\"https:\\\/\\\/schoenstatt.com\\\/es\\\/diaconos-profundizan-su-vocacion-siguiendo-el-ejemplo-de-joao-pozzobon\\\/#primaryimage\"},\"thumbnailUrl\":\"https:\\\/\\\/schoenstatt.com\\\/wp-content\\\/uploads\\\/2022\\\/04\\\/Diaconos-permanente-1.png\",\"datePublished\":\"2022-04-22T06:00:59+00:00\",\"dateModified\":\"2025-05-14T23:44:37+00:00\",\"description\":\"Representantes del diaconado en Brasil visitaron Santa Mar\u00eda para conocer la vida del di\u00e1cono Jo\u00e3o Pozzobon. Estuvieron muy contentos.\",\"breadcrumb\":{\"@id\":\"https:\\\/\\\/schoenstatt.com\\\/es\\\/diaconos-profundizan-su-vocacion-siguiendo-el-ejemplo-de-joao-pozzobon\\\/#breadcrumb\"},\"inLanguage\":\"es\",\"potentialAction\":[{\"@type\":\"ReadAction\",\"target\":[\"https:\\\/\\\/schoenstatt.com\\\/es\\\/diaconos-profundizan-su-vocacion-siguiendo-el-ejemplo-de-joao-pozzobon\\\/\"]}]},{\"@type\":\"ImageObject\",\"inLanguage\":\"es\",\"@id\":\"https:\\\/\\\/schoenstatt.com\\\/es\\\/diaconos-profundizan-su-vocacion-siguiendo-el-ejemplo-de-joao-pozzobon\\\/#primaryimage\",\"url\":\"https:\\\/\\\/schoenstatt.com\\\/wp-content\\\/uploads\\\/2022\\\/04\\\/Diaconos-permanente-1.png\",\"contentUrl\":\"https:\\\/\\\/schoenstatt.com\\\/wp-content\\\/uploads\\\/2022\\\/04\\\/Diaconos-permanente-1.png\",\"width\":697,\"height\":371,\"caption\":\"Diakone\"},{\"@type\":\"BreadcrumbList\",\"@id\":\"https:\\\/\\\/schoenstatt.com\\\/es\\\/diaconos-profundizan-su-vocacion-siguiendo-el-ejemplo-de-joao-pozzobon\\\/#breadcrumb\",\"itemListElement\":[{\"@type\":\"ListItem\",\"position\":1,\"name\":\"Portada\",\"item\":\"https:\\\/\\\/schoenstatt.com\\\/es\\\/home\\\/\"},{\"@type\":\"ListItem\",\"position\":2,\"name\":\"Di\u00e1conos profundizan su vocaci\u00f3n siguiendo el ejemplo de Jo\u00e3o Pozzobon\"}]},{\"@type\":\"WebSite\",\"@id\":\"https:\\\/\\\/schoenstatt.com\\\/es\\\/#website\",\"url\":\"https:\\\/\\\/schoenstatt.com\\\/es\\\/\",\"name\":\"Schoenstatt\",\"description\":\"Apostolic Movement\",\"publisher\":{\"@id\":\"https:\\\/\\\/schoenstatt.com\\\/es\\\/#organization\"},\"potentialAction\":[{\"@type\":\"SearchAction\",\"target\":{\"@type\":\"EntryPoint\",\"urlTemplate\":\"https:\\\/\\\/schoenstatt.com\\\/es\\\/?s={search_term_string}\"},\"query-input\":{\"@type\":\"PropertyValueSpecification\",\"valueRequired\":true,\"valueName\":\"search_term_string\"}}],\"inLanguage\":\"es\"},{\"@type\":\"Organization\",\"@id\":\"https:\\\/\\\/schoenstatt.com\\\/es\\\/#organization\",\"name\":\"Schoenstatt\",\"url\":\"https:\\\/\\\/schoenstatt.com\\\/es\\\/\",\"logo\":{\"@type\":\"ImageObject\",\"inLanguage\":\"es\",\"@id\":\"https:\\\/\\\/schoenstatt.com\\\/es\\\/#\\\/schema\\\/logo\\\/image\\\/\",\"url\":\"https:\\\/\\\/schoenstatt.com\\\/wp-content\\\/uploads\\\/2025\\\/04\\\/logo-schoenstatt-white-696x696-1.png\",\"contentUrl\":\"https:\\\/\\\/schoenstatt.com\\\/wp-content\\\/uploads\\\/2025\\\/04\\\/logo-schoenstatt-white-696x696-1.png\",\"width\":696,\"height\":694,\"caption\":\"Schoenstatt\"},\"image\":{\"@id\":\"https:\\\/\\\/schoenstatt.com\\\/es\\\/#\\\/schema\\\/logo\\\/image\\\/\"}},{\"@type\":\"Person\",\"@id\":\"https:\\\/\\\/schoenstatt.com\\\/es\\\/#\\\/schema\\\/person\\\/489465b1850e7b216fe2c10dfc262551\",\"name\":\"admin\",\"image\":{\"@type\":\"ImageObject\",\"inLanguage\":\"es\",\"@id\":\"https:\\\/\\\/secure.gravatar.com\\\/avatar\\\/02e8345e1ec40ab0e0a2a98fdde64a684bbaf994cddcb778b25b8b024ee9dfe6?s=96&d=mm&r=g\",\"url\":\"https:\\\/\\\/secure.gravatar.com\\\/avatar\\\/02e8345e1ec40ab0e0a2a98fdde64a684bbaf994cddcb778b25b8b024ee9dfe6?s=96&d=mm&r=g\",\"contentUrl\":\"https:\\\/\\\/secure.gravatar.com\\\/avatar\\\/02e8345e1ec40ab0e0a2a98fdde64a684bbaf994cddcb778b25b8b024ee9dfe6?s=96&d=mm&r=g\",\"caption\":\"admin\"},\"sameAs\":[\"https:\\\/\\\/schoenstatt.com\"],\"url\":\"https:\\\/\\\/schoenstatt.com\\\/es\\\/author\\\/admin\\\/\"}]}<\/script>\n<!-- \/ Yoast SEO Premium plugin. -->","yoast_head_json":{"title":"Di\u00e1conos profundizan su vocaci\u00f3n siguiendo el ejemplo de Jo\u00e3o Pozzobon - Schoenstatt","description":"Representantes del diaconado en Brasil visitaron Santa Mar\u00eda para conocer la vida del di\u00e1cono Jo\u00e3o Pozzobon. Estuvieron muy contentos.","robots":{"index":"index","follow":"follow","max-snippet":"max-snippet:-1","max-image-preview":"max-image-preview:large","max-video-preview":"max-video-preview:-1"},"canonical":"https:\/\/schoenstatt.com\/es\/diaconos-profundizan-su-vocacion-siguiendo-el-ejemplo-de-joao-pozzobon\/","og_locale":"es_ES","og_type":"article","og_title":"Di\u00e1conos profundizan su vocaci\u00f3n siguiendo el ejemplo de Jo\u00e3o Pozzobon","og_description":"Representantes del diaconado en Brasil visitaron Santa Mar\u00eda para conocer la vida del di\u00e1cono Jo\u00e3o Pozzobon. Estuvieron muy contentos.","og_url":"https:\/\/schoenstatt.com\/es\/diaconos-profundizan-su-vocacion-siguiendo-el-ejemplo-de-joao-pozzobon\/","og_site_name":"Schoenstatt","article_published_time":"2022-04-22T06:00:59+00:00","article_modified_time":"2025-05-14T23:44:37+00:00","og_image":[{"width":697,"height":371,"url":"https:\/\/schoenstatt.com\/wp-content\/uploads\/2022\/04\/Diaconos-permanente-1.png","type":"image\/png"}],"author":"admin","twitter_card":"summary_large_image","twitter_misc":{"Escrito por":"admin","Tiempo de lectura":"3 minutos"},"schema":{"@context":"https:\/\/schema.org","@graph":[{"@type":"Article","@id":"https:\/\/schoenstatt.com\/es\/diaconos-profundizan-su-vocacion-siguiendo-el-ejemplo-de-joao-pozzobon\/#article","isPartOf":{"@id":"https:\/\/schoenstatt.com\/es\/diaconos-profundizan-su-vocacion-siguiendo-el-ejemplo-de-joao-pozzobon\/"},"author":{"name":"admin","@id":"https:\/\/schoenstatt.com\/es\/#\/schema\/person\/489465b1850e7b216fe2c10dfc262551"},"headline":"Di\u00e1conos profundizan su vocaci\u00f3n siguiendo el ejemplo de Jo\u00e3o Pozzobon","datePublished":"2022-04-22T06:00:59+00:00","dateModified":"2025-05-14T23:44:37+00:00","mainEntityOfPage":{"@id":"https:\/\/schoenstatt.com\/es\/diaconos-profundizan-su-vocacion-siguiendo-el-ejemplo-de-joao-pozzobon\/"},"wordCount":521,"publisher":{"@id":"https:\/\/schoenstatt.com\/es\/#organization"},"image":{"@id":"https:\/\/schoenstatt.com\/es\/diaconos-profundizan-su-vocacion-siguiendo-el-ejemplo-de-joao-pozzobon\/#primaryimage"},"thumbnailUrl":"https:\/\/schoenstatt.com\/wp-content\/uploads\/2022\/04\/Diaconos-permanente-1.png","articleSection":["Comunidades de Schoenstatt","Espiritualidad"],"inLanguage":"es"},{"@type":"WebPage","@id":"https:\/\/schoenstatt.com\/es\/diaconos-profundizan-su-vocacion-siguiendo-el-ejemplo-de-joao-pozzobon\/","url":"https:\/\/schoenstatt.com\/es\/diaconos-profundizan-su-vocacion-siguiendo-el-ejemplo-de-joao-pozzobon\/","name":"Di\u00e1conos profundizan su vocaci\u00f3n siguiendo el ejemplo de Jo\u00e3o Pozzobon - Schoenstatt","isPartOf":{"@id":"https:\/\/schoenstatt.com\/es\/#website"},"primaryImageOfPage":{"@id":"https:\/\/schoenstatt.com\/es\/diaconos-profundizan-su-vocacion-siguiendo-el-ejemplo-de-joao-pozzobon\/#primaryimage"},"image":{"@id":"https:\/\/schoenstatt.com\/es\/diaconos-profundizan-su-vocacion-siguiendo-el-ejemplo-de-joao-pozzobon\/#primaryimage"},"thumbnailUrl":"https:\/\/schoenstatt.com\/wp-content\/uploads\/2022\/04\/Diaconos-permanente-1.png","datePublished":"2022-04-22T06:00:59+00:00","dateModified":"2025-05-14T23:44:37+00:00","description":"Representantes del diaconado en Brasil visitaron Santa Mar\u00eda para conocer la vida del di\u00e1cono Jo\u00e3o Pozzobon. Estuvieron muy contentos.","breadcrumb":{"@id":"https:\/\/schoenstatt.com\/es\/diaconos-profundizan-su-vocacion-siguiendo-el-ejemplo-de-joao-pozzobon\/#breadcrumb"},"inLanguage":"es","potentialAction":[{"@type":"ReadAction","target":["https:\/\/schoenstatt.com\/es\/diaconos-profundizan-su-vocacion-siguiendo-el-ejemplo-de-joao-pozzobon\/"]}]},{"@type":"ImageObject","inLanguage":"es","@id":"https:\/\/schoenstatt.com\/es\/diaconos-profundizan-su-vocacion-siguiendo-el-ejemplo-de-joao-pozzobon\/#primaryimage","url":"https:\/\/schoenstatt.com\/wp-content\/uploads\/2022\/04\/Diaconos-permanente-1.png","contentUrl":"https:\/\/schoenstatt.com\/wp-content\/uploads\/2022\/04\/Diaconos-permanente-1.png","width":697,"height":371,"caption":"Diakone"},{"@type":"BreadcrumbList","@id":"https:\/\/schoenstatt.com\/es\/diaconos-profundizan-su-vocacion-siguiendo-el-ejemplo-de-joao-pozzobon\/#breadcrumb","itemListElement":[{"@type":"ListItem","position":1,"name":"Portada","item":"https:\/\/schoenstatt.com\/es\/home\/"},{"@type":"ListItem","position":2,"name":"Di\u00e1conos profundizan su vocaci\u00f3n siguiendo el ejemplo de Jo\u00e3o Pozzobon"}]},{"@type":"WebSite","@id":"https:\/\/schoenstatt.com\/es\/#website","url":"https:\/\/schoenstatt.com\/es\/","name":"Schoenstatt","description":"Apostolic Movement","publisher":{"@id":"https:\/\/schoenstatt.com\/es\/#organization"},"potentialAction":[{"@type":"SearchAction","target":{"@type":"EntryPoint","urlTemplate":"https:\/\/schoenstatt.com\/es\/?s={search_term_string}"},"query-input":{"@type":"PropertyValueSpecification","valueRequired":true,"valueName":"search_term_string"}}],"inLanguage":"es"},{"@type":"Organization","@id":"https:\/\/schoenstatt.com\/es\/#organization","name":"Schoenstatt","url":"https:\/\/schoenstatt.com\/es\/","logo":{"@type":"ImageObject","inLanguage":"es","@id":"https:\/\/schoenstatt.com\/es\/#\/schema\/logo\/image\/","url":"https:\/\/schoenstatt.com\/wp-content\/uploads\/2025\/04\/logo-schoenstatt-white-696x696-1.png","contentUrl":"https:\/\/schoenstatt.com\/wp-content\/uploads\/2025\/04\/logo-schoenstatt-white-696x696-1.png","width":696,"height":694,"caption":"Schoenstatt"},"image":{"@id":"https:\/\/schoenstatt.com\/es\/#\/schema\/logo\/image\/"}},{"@type":"Person","@id":"https:\/\/schoenstatt.com\/es\/#\/schema\/person\/489465b1850e7b216fe2c10dfc262551","name":"admin","image":{"@type":"ImageObject","inLanguage":"es","@id":"https:\/\/secure.gravatar.com\/avatar\/02e8345e1ec40ab0e0a2a98fdde64a684bbaf994cddcb778b25b8b024ee9dfe6?s=96&d=mm&r=g","url":"https:\/\/secure.gravatar.com\/avatar\/02e8345e1ec40ab0e0a2a98fdde64a684bbaf994cddcb778b25b8b024ee9dfe6?s=96&d=mm&r=g","contentUrl":"https:\/\/secure.gravatar.com\/avatar\/02e8345e1ec40ab0e0a2a98fdde64a684bbaf994cddcb778b25b8b024ee9dfe6?s=96&d=mm&r=g","caption":"admin"},"sameAs":["https:\/\/schoenstatt.com"],"url":"https:\/\/schoenstatt.com\/es\/author\/admin\/"}]}},"_links":{"self":[{"href":"https:\/\/schoenstatt.com\/es\/wp-json\/wp\/v2\/posts\/24436","targetHints":{"allow":["GET"]}}],"collection":[{"href":"https:\/\/schoenstatt.com\/es\/wp-json\/wp\/v2\/posts"}],"about":[{"href":"https:\/\/schoenstatt.com\/es\/wp-json\/wp\/v2\/types\/post"}],"author":[{"embeddable":true,"href":"https:\/\/schoenstatt.com\/es\/wp-json\/wp\/v2\/users\/1"}],"replies":[{"embeddable":true,"href":"https:\/\/schoenstatt.com\/es\/wp-json\/wp\/v2\/comments?post=24436"}],"version-history":[{"count":1,"href":"https:\/\/schoenstatt.com\/es\/wp-json\/wp\/v2\/posts\/24436\/revisions"}],"predecessor-version":[{"id":45160,"href":"https:\/\/schoenstatt.com\/es\/wp-json\/wp\/v2\/posts\/24436\/revisions\/45160"}],"wp:featuredmedia":[{"embeddable":true,"href":"https:\/\/schoenstatt.com\/es\/wp-json\/wp\/v2\/media\/24437"}],"wp:attachment":[{"href":"https:\/\/schoenstatt.com\/es\/wp-json\/wp\/v2\/media?parent=24436"}],"wp:term":[{"taxonomy":"category","embeddable":true,"href":"https:\/\/schoenstatt.com\/es\/wp-json\/wp\/v2\/categories?post=24436"},{"taxonomy":"post_tag","embeddable":true,"href":"https:\/\/schoenstatt.com\/es\/wp-json\/wp\/v2\/tags?post=24436"}],"curies":[{"name":"wp","href":"https:\/\/api.w.org\/{rel}","templated":true}]}}