{"id":24397,"date":"2022-04-18T08:00:41","date_gmt":"2022-04-18T06:00:41","guid":{"rendered":"https:\/\/schoenstatt.com\/?p=24397"},"modified":"2025-05-15T01:44:37","modified_gmt":"2025-05-14T23:44:37","slug":"cuando-la-alianza-de-amor-de-los-padres-se-refleja-en-la-vida-de-sus-hijos","status":"publish","type":"post","link":"https:\/\/schoenstatt.com\/es\/cuando-la-alianza-de-amor-de-los-padres-se-refleja-en-la-vida-de-sus-hijos\/","title":{"rendered":"Cuando la Alianza de Amor de los padres se refleja en la vida de sus hijos"},"content":{"rendered":"<p>La Alianza de Amor\u00a0fortalece un v\u00ednculo profundo entre Mar\u00eda y sus aliados. Esta relaci\u00f3n est\u00e1 llamada a moldear toda la vida. Todo lo que hacemos puede trascender si nos tomamos en serio la Alianza de Amor. Compartimos aqu\u00ed la experiencia de la familia Melquiades, en Brasil. Los hijos relatan lo que significa para ellos que sus padres vivan la Alianza.<\/p>\n<p><img fetchpriority=\"high\" decoding=\"async\" class=\"size-full wp-image-24402 aligncenter\" src=\"https:\/\/schoenstatt.com\/wp-content\/uploads\/2022\/04\/familia-melquiades-2.webp\" alt=\"Alianza de Amor\" width=\"350\" height=\"356\" \/><\/p>\n<p>Con Cristo resucitado celebramos el D\u00eda de la Alianza. En este mes de abril, la Familia de Schoenstatt recuerda un episodio destacado de su historia: el d\u00eda en que la madre del Padre Jos\u00e9 Kentenich, Catalina, lo consagr\u00f3 al cuidado de la Virgen al dejar a su hijo en el orfanato.<\/p>\n<p>El ni\u00f1o solo ten\u00eda nueve a\u00f1os y segu\u00eda atentamente la oraci\u00f3n de su madre. Desde ese d\u00eda, Mar\u00eda se convirti\u00f3 en la educadora y formadora del peque\u00f1o Jos\u00e9. A\u00f1os m\u00e1s tarde, el Padre Kentenich pudo decir que este acontecimiento fue la semilla que dio origen a la Obra de Schoenstatt. Porque antes de sellar la Alianza de Amor, \u00e9l mismo ya hab\u00eda experimentado la eficacia de tener a Mar\u00eda como educadora en su vida.<\/p>\n<p>Hoy, cuando sellamos una Alianza de Amor, cada persona experimenta lo que nuestro fundador experiment\u00f3 al ser consagrado al cuidado de la Sant\u00edsima Madre. Y como Catalina, muchos padres y madres viven esta Alianza con una profunda confianza filial, inspirando la vida de sus hijos.<\/p>\n<p>Un ejemplo de ello es lo que vemos en la vida de los cinco hijos de Helena y Joaquim Melquiades, del Instituto de Familias de Schoenstatt. Sus hijos nos lo cuentan:<\/p>\n<h3>Testimonio de la familia Melquiades<\/h3>\n<p>La Alianza de Amor de mis padres fue fundamental para mi trayectoria de amor a Cristo y a la Virgen. Fue a partir de ellos que pude vincularme a la MTA y al Santuario. La Alianza de Amor de los esposos fructifica en la vida familiar y en la educaci\u00f3n de los hijos. En este sentido, el ejemplo de una vida de oraci\u00f3n, de fidelidad al Movimiento y a la Iglesia marc\u00f3 mi infancia y mi juventud. La experiencia del Santuario Hogar como lugar de entrega de alegr\u00edas y dificultades y como base para la toma de decisiones me mantuvo vinculada a los valores cristianos y en la b\u00fasqueda de seguir los pasos de la Divina Providencia. Toda esta experiencia me permiti\u00f3 aclarar mi vocaci\u00f3n al matrimonio, me motiv\u00f3 a formar una familia y a seguir los consejos evang\u00e9licos en el \u00e1mbito familiar. Doy gracias a Dios por mis padres y mi familia.<\/p>\n<p><img decoding=\"async\" class=\"size-full wp-image-24406 aligncenter\" src=\"https:\/\/schoenstatt.com\/wp-content\/uploads\/2022\/04\/familia-melquiades.webp\" alt=\"Alianza de Amor\" width=\"700\" height=\"525\" \/><\/p>\n<h3>F\u00e1bio Luiz Melquiades &#8211; Federaci\u00f3n de Familias de Schoenstatt<\/h3>\n<blockquote><p>Creo que lo que me motiv\u00f3 a participar en el Movimiento y a sellar la Alianza de Amor con la MTA fue sin duda el ejemplo de vida, los sacrificios y las ofrendas de mis padres al Capital de Gracias. Toda esta dedicaci\u00f3n fue fundamental para mi formaci\u00f3n como persona. En nuestro hogar siempre tuvimos a nuestros padres como modelos que nos inspiraron a ser lo que somos hoy, y todo esto es fruto de la Alianza de Amor sellada por ellos. Otro aspecto muy importante en mi proceso de crecimiento espiritual fue la libertad que siempre nos dieron para decidir por Schoenstatt y seguir el camino que Dios quer\u00eda para cada uno.<\/p><\/blockquote>\n<h3>Everson Ricardo Melquiades &#8211; Federaci\u00f3n de Familias de Schoenstatt<\/h3>\n<blockquote><p>La Alianza de Amor sellada como esposos es un gran impulso para vivir la santidad matrimonial y la b\u00fasqueda de vivir santamente d\u00eda a d\u00eda, especialmente en la relaci\u00f3n con los hijos. Creo que la Alianza de Amor que sellaron mis padres ha ayudado en mi crecimiento espiritual como hijo, a tomar siempre decisiones dentro de la fe cristiana y tambi\u00e9n a que busque la santidad en mi vida diaria. Solo puedo agradecer que mis padres sellaron la Alianza de Amor con la Virgen y que son un ejemplo para m\u00ed.<\/p><\/blockquote>\n<h3>Rafael Augusto Melquiades &#8211; Instituto de Familias de Schoenstatt<\/h3>\n<blockquote><p>Nacer en un hogar schoenstattiano fue y sigue siendo una gran gracia por la que doy gracias a Dios cada d\u00eda. En mis padres veo claramente lo que es vivir la Alianza de Amor en Schoenstatt. No por las teor\u00edas, sino por los ejemplos que me dieron y me dan en la vida pr\u00e1ctica, en la confianza en la Mater frente a las dificultades, en el respeto mutuo entre ellos, con sus hijos y nietos, en la fidelidad a los compromisos que asumieron, especialmente en Schoenstatt y en la Iglesia, en el criterio de las decisiones diarias, en la intensa vida de oraci\u00f3n y entrega al Capital de Gracias, en la libertad que me dieron para decidirme por Schoenstatt y seguir mi vocaci\u00f3n.<\/p><\/blockquote>\n<p>A esta experiencia de la Alianza de Amor matrimonial est\u00e1 unida la presencia del Santuario Hogar &#8211; Reino de la Inmaculada, donde como familia nos reunimos frecuentemente para rezar, conversar y tomar decisiones. El hogar siempre ha estado envuelto en la atm\u00f3sfera de la Inmaculada Concepci\u00f3n.<\/p>\n<p>Mi vocaci\u00f3n naci\u00f3, creci\u00f3 y se fortalece hasta hoy gracias a la oraci\u00f3n y la dedicaci\u00f3n de mis padres, que fieles a su Alianza de Amor, viven plenamente el \u00abNada sin ti, Nada sin nosotros\u00bb.<\/p>\n<h3>Ana Christina Melquiades &#8211; Instituto Nuestra Se\u00f1ora de Schoenstatt<\/h3>\n<blockquote><p>Tambi\u00e9n nosotros estamos llamados a vivir en una estrecha alianza con Dios Padre. El camino m\u00e1s corto, seguro y r\u00e1pido es Mar\u00eda. Ella nos lleva a Jes\u00fas, al Padre. En la inseguridad en la que vivimos en el tiempo presente, la Alianza de Amor nos da derecho a un espacio seguro en el coraz\u00f3n de Dios Padre.<\/p><\/blockquote>\n<p><em><strong>\u00a1Feliz D\u00eda de la Alianza de Amor!<\/strong><\/em><\/p>\n<p>Fuente: Schoenstatt Brasil (<a href=\"https:\/\/schoenstatt.org.br\/\">www.schoenstatt.org.br<\/a>)<\/p>\n<p>&nbsp;<\/p>\n","protected":false},"excerpt":{"rendered":"<p>Cuando se transmite a los hijos los valores de la Alianza de Amor y se da testimonio de una vida transparente y comprometida, los hijos reciben esos valores. No siempre seguir\u00e1n los mismos pasos de los padres, pero los valores quedan. Aqu\u00ed el caso de una familia schoenstattiana en Brasil.<\/p>\n","protected":false},"author":1,"featured_media":24398,"comment_status":"closed","ping_status":"closed","sticky":false,"template":"","format":"standard","meta":{"footnotes":""},"categories":[909,917],"tags":[],"class_list":["post-24397","post","type-post","status-publish","format-standard","has-post-thumbnail","hentry","category-comunidades-de-schoenstatt-es","category-espiritualidad-es"],"yoast_head":"<!-- This site is optimized with the Yoast SEO Premium plugin v27.4 (Yoast SEO v27.4) - https:\/\/yoast.com\/product\/yoast-seo-premium-wordpress\/ -->\n<title>Cuando la Alianza de Amor de los padres se refleja en la vida de sus hijos - Schoenstatt<\/title>\n<meta name=\"description\" content=\"La Alianza de Amor vivida plenamente, transforma vidas, propias y ajenas. Lo apreciamos en una familia schoenstattiana de Brasil.\" \/>\n<meta name=\"robots\" content=\"index, follow, max-snippet:-1, max-image-preview:large, max-video-preview:-1\" \/>\n<link rel=\"canonical\" href=\"https:\/\/schoenstatt.com\/es\/cuando-la-alianza-de-amor-de-los-padres-se-refleja-en-la-vida-de-sus-hijos\/\" \/>\n<meta property=\"og:locale\" content=\"es_ES\" \/>\n<meta property=\"og:type\" content=\"article\" \/>\n<meta property=\"og:title\" content=\"Cuando la Alianza de Amor de los padres se refleja en la vida de sus hijos\" \/>\n<meta property=\"og:description\" content=\"La Alianza de Amor vivida plenamente, transforma vidas, propias y ajenas. Lo apreciamos en una familia schoenstattiana de Brasil.\" \/>\n<meta property=\"og:url\" content=\"https:\/\/schoenstatt.com\/es\/cuando-la-alianza-de-amor-de-los-padres-se-refleja-en-la-vida-de-sus-hijos\/\" \/>\n<meta property=\"og:site_name\" content=\"Schoenstatt\" \/>\n<meta property=\"article:published_time\" content=\"2022-04-18T06:00:41+00:00\" \/>\n<meta property=\"article:modified_time\" content=\"2025-05-14T23:44:37+00:00\" \/>\n<meta property=\"og:image\" content=\"https:\/\/schoenstatt.com\/wp-content\/uploads\/2022\/04\/2020-04-25_Sr.Cacilda_DSC4628-scaled-1.jpg\" \/>\n\t<meta property=\"og:image:width\" content=\"2560\" \/>\n\t<meta property=\"og:image:height\" content=\"1702\" \/>\n\t<meta property=\"og:image:type\" content=\"image\/jpeg\" \/>\n<meta name=\"author\" content=\"admin\" \/>\n<meta name=\"twitter:card\" content=\"summary_large_image\" \/>\n<meta name=\"twitter:label1\" content=\"Escrito por\" \/>\n\t<meta name=\"twitter:data1\" content=\"admin\" \/>\n\t<meta name=\"twitter:label2\" content=\"Tiempo de lectura\" \/>\n\t<meta name=\"twitter:data2\" content=\"5 minutos\" \/>\n<script type=\"application\/ld+json\" class=\"yoast-schema-graph\">{\"@context\":\"https:\\\/\\\/schema.org\",\"@graph\":[{\"@type\":\"Article\",\"@id\":\"https:\\\/\\\/schoenstatt.com\\\/es\\\/cuando-la-alianza-de-amor-de-los-padres-se-refleja-en-la-vida-de-sus-hijos\\\/#article\",\"isPartOf\":{\"@id\":\"https:\\\/\\\/schoenstatt.com\\\/es\\\/cuando-la-alianza-de-amor-de-los-padres-se-refleja-en-la-vida-de-sus-hijos\\\/\"},\"author\":{\"name\":\"admin\",\"@id\":\"https:\\\/\\\/schoenstatt.com\\\/es\\\/#\\\/schema\\\/person\\\/489465b1850e7b216fe2c10dfc262551\"},\"headline\":\"Cuando la Alianza de Amor de los padres se refleja en la vida de sus hijos\",\"datePublished\":\"2022-04-18T06:00:41+00:00\",\"dateModified\":\"2025-05-14T23:44:37+00:00\",\"mainEntityOfPage\":{\"@id\":\"https:\\\/\\\/schoenstatt.com\\\/es\\\/cuando-la-alianza-de-amor-de-los-padres-se-refleja-en-la-vida-de-sus-hijos\\\/\"},\"wordCount\":1005,\"publisher\":{\"@id\":\"https:\\\/\\\/schoenstatt.com\\\/es\\\/#organization\"},\"image\":{\"@id\":\"https:\\\/\\\/schoenstatt.com\\\/es\\\/cuando-la-alianza-de-amor-de-los-padres-se-refleja-en-la-vida-de-sus-hijos\\\/#primaryimage\"},\"thumbnailUrl\":\"https:\\\/\\\/schoenstatt.com\\\/wp-content\\\/uploads\\\/2022\\\/04\\\/2020-04-25_Sr.Cacilda_DSC4628-scaled-1.jpg\",\"articleSection\":[\"Comunidades de Schoenstatt\",\"Espiritualidad\"],\"inLanguage\":\"es\"},{\"@type\":\"WebPage\",\"@id\":\"https:\\\/\\\/schoenstatt.com\\\/es\\\/cuando-la-alianza-de-amor-de-los-padres-se-refleja-en-la-vida-de-sus-hijos\\\/\",\"url\":\"https:\\\/\\\/schoenstatt.com\\\/es\\\/cuando-la-alianza-de-amor-de-los-padres-se-refleja-en-la-vida-de-sus-hijos\\\/\",\"name\":\"Cuando la Alianza de Amor de los padres se refleja en la vida de sus hijos - Schoenstatt\",\"isPartOf\":{\"@id\":\"https:\\\/\\\/schoenstatt.com\\\/es\\\/#website\"},\"primaryImageOfPage\":{\"@id\":\"https:\\\/\\\/schoenstatt.com\\\/es\\\/cuando-la-alianza-de-amor-de-los-padres-se-refleja-en-la-vida-de-sus-hijos\\\/#primaryimage\"},\"image\":{\"@id\":\"https:\\\/\\\/schoenstatt.com\\\/es\\\/cuando-la-alianza-de-amor-de-los-padres-se-refleja-en-la-vida-de-sus-hijos\\\/#primaryimage\"},\"thumbnailUrl\":\"https:\\\/\\\/schoenstatt.com\\\/wp-content\\\/uploads\\\/2022\\\/04\\\/2020-04-25_Sr.Cacilda_DSC4628-scaled-1.jpg\",\"datePublished\":\"2022-04-18T06:00:41+00:00\",\"dateModified\":\"2025-05-14T23:44:37+00:00\",\"description\":\"La Alianza de Amor vivida plenamente, transforma vidas, propias y ajenas. Lo apreciamos en una familia schoenstattiana de Brasil.\",\"breadcrumb\":{\"@id\":\"https:\\\/\\\/schoenstatt.com\\\/es\\\/cuando-la-alianza-de-amor-de-los-padres-se-refleja-en-la-vida-de-sus-hijos\\\/#breadcrumb\"},\"inLanguage\":\"es\",\"potentialAction\":[{\"@type\":\"ReadAction\",\"target\":[\"https:\\\/\\\/schoenstatt.com\\\/es\\\/cuando-la-alianza-de-amor-de-los-padres-se-refleja-en-la-vida-de-sus-hijos\\\/\"]}]},{\"@type\":\"ImageObject\",\"inLanguage\":\"es\",\"@id\":\"https:\\\/\\\/schoenstatt.com\\\/es\\\/cuando-la-alianza-de-amor-de-los-padres-se-refleja-en-la-vida-de-sus-hijos\\\/#primaryimage\",\"url\":\"https:\\\/\\\/schoenstatt.com\\\/wp-content\\\/uploads\\\/2022\\\/04\\\/2020-04-25_Sr.Cacilda_DSC4628-scaled-1.jpg\",\"contentUrl\":\"https:\\\/\\\/schoenstatt.com\\\/wp-content\\\/uploads\\\/2022\\\/04\\\/2020-04-25_Sr.Cacilda_DSC4628-scaled-1.jpg\",\"width\":2560,\"height\":1702,\"caption\":\"Covenant of love\"},{\"@type\":\"BreadcrumbList\",\"@id\":\"https:\\\/\\\/schoenstatt.com\\\/es\\\/cuando-la-alianza-de-amor-de-los-padres-se-refleja-en-la-vida-de-sus-hijos\\\/#breadcrumb\",\"itemListElement\":[{\"@type\":\"ListItem\",\"position\":1,\"name\":\"Portada\",\"item\":\"https:\\\/\\\/schoenstatt.com\\\/es\\\/home\\\/\"},{\"@type\":\"ListItem\",\"position\":2,\"name\":\"Cuando la Alianza de Amor de los padres se refleja en la vida de sus hijos\"}]},{\"@type\":\"WebSite\",\"@id\":\"https:\\\/\\\/schoenstatt.com\\\/es\\\/#website\",\"url\":\"https:\\\/\\\/schoenstatt.com\\\/es\\\/\",\"name\":\"Schoenstatt\",\"description\":\"Apostolic Movement\",\"publisher\":{\"@id\":\"https:\\\/\\\/schoenstatt.com\\\/es\\\/#organization\"},\"potentialAction\":[{\"@type\":\"SearchAction\",\"target\":{\"@type\":\"EntryPoint\",\"urlTemplate\":\"https:\\\/\\\/schoenstatt.com\\\/es\\\/?s={search_term_string}\"},\"query-input\":{\"@type\":\"PropertyValueSpecification\",\"valueRequired\":true,\"valueName\":\"search_term_string\"}}],\"inLanguage\":\"es\"},{\"@type\":\"Organization\",\"@id\":\"https:\\\/\\\/schoenstatt.com\\\/es\\\/#organization\",\"name\":\"Schoenstatt\",\"url\":\"https:\\\/\\\/schoenstatt.com\\\/es\\\/\",\"logo\":{\"@type\":\"ImageObject\",\"inLanguage\":\"es\",\"@id\":\"https:\\\/\\\/schoenstatt.com\\\/es\\\/#\\\/schema\\\/logo\\\/image\\\/\",\"url\":\"https:\\\/\\\/schoenstatt.com\\\/wp-content\\\/uploads\\\/2025\\\/04\\\/logo-schoenstatt-white-696x696-1.png\",\"contentUrl\":\"https:\\\/\\\/schoenstatt.com\\\/wp-content\\\/uploads\\\/2025\\\/04\\\/logo-schoenstatt-white-696x696-1.png\",\"width\":696,\"height\":694,\"caption\":\"Schoenstatt\"},\"image\":{\"@id\":\"https:\\\/\\\/schoenstatt.com\\\/es\\\/#\\\/schema\\\/logo\\\/image\\\/\"}},{\"@type\":\"Person\",\"@id\":\"https:\\\/\\\/schoenstatt.com\\\/es\\\/#\\\/schema\\\/person\\\/489465b1850e7b216fe2c10dfc262551\",\"name\":\"admin\",\"image\":{\"@type\":\"ImageObject\",\"inLanguage\":\"es\",\"@id\":\"https:\\\/\\\/secure.gravatar.com\\\/avatar\\\/02e8345e1ec40ab0e0a2a98fdde64a684bbaf994cddcb778b25b8b024ee9dfe6?s=96&d=mm&r=g\",\"url\":\"https:\\\/\\\/secure.gravatar.com\\\/avatar\\\/02e8345e1ec40ab0e0a2a98fdde64a684bbaf994cddcb778b25b8b024ee9dfe6?s=96&d=mm&r=g\",\"contentUrl\":\"https:\\\/\\\/secure.gravatar.com\\\/avatar\\\/02e8345e1ec40ab0e0a2a98fdde64a684bbaf994cddcb778b25b8b024ee9dfe6?s=96&d=mm&r=g\",\"caption\":\"admin\"},\"sameAs\":[\"https:\\\/\\\/schoenstatt.com\"],\"url\":\"https:\\\/\\\/schoenstatt.com\\\/es\\\/author\\\/admin\\\/\"}]}<\/script>\n<!-- \/ Yoast SEO Premium plugin. -->","yoast_head_json":{"title":"Cuando la Alianza de Amor de los padres se refleja en la vida de sus hijos - Schoenstatt","description":"La Alianza de Amor vivida plenamente, transforma vidas, propias y ajenas. Lo apreciamos en una familia schoenstattiana de Brasil.","robots":{"index":"index","follow":"follow","max-snippet":"max-snippet:-1","max-image-preview":"max-image-preview:large","max-video-preview":"max-video-preview:-1"},"canonical":"https:\/\/schoenstatt.com\/es\/cuando-la-alianza-de-amor-de-los-padres-se-refleja-en-la-vida-de-sus-hijos\/","og_locale":"es_ES","og_type":"article","og_title":"Cuando la Alianza de Amor de los padres se refleja en la vida de sus hijos","og_description":"La Alianza de Amor vivida plenamente, transforma vidas, propias y ajenas. Lo apreciamos en una familia schoenstattiana de Brasil.","og_url":"https:\/\/schoenstatt.com\/es\/cuando-la-alianza-de-amor-de-los-padres-se-refleja-en-la-vida-de-sus-hijos\/","og_site_name":"Schoenstatt","article_published_time":"2022-04-18T06:00:41+00:00","article_modified_time":"2025-05-14T23:44:37+00:00","og_image":[{"width":2560,"height":1702,"url":"https:\/\/schoenstatt.com\/wp-content\/uploads\/2022\/04\/2020-04-25_Sr.Cacilda_DSC4628-scaled-1.jpg","type":"image\/jpeg"}],"author":"admin","twitter_card":"summary_large_image","twitter_misc":{"Escrito por":"admin","Tiempo de lectura":"5 minutos"},"schema":{"@context":"https:\/\/schema.org","@graph":[{"@type":"Article","@id":"https:\/\/schoenstatt.com\/es\/cuando-la-alianza-de-amor-de-los-padres-se-refleja-en-la-vida-de-sus-hijos\/#article","isPartOf":{"@id":"https:\/\/schoenstatt.com\/es\/cuando-la-alianza-de-amor-de-los-padres-se-refleja-en-la-vida-de-sus-hijos\/"},"author":{"name":"admin","@id":"https:\/\/schoenstatt.com\/es\/#\/schema\/person\/489465b1850e7b216fe2c10dfc262551"},"headline":"Cuando la Alianza de Amor de los padres se refleja en la vida de sus hijos","datePublished":"2022-04-18T06:00:41+00:00","dateModified":"2025-05-14T23:44:37+00:00","mainEntityOfPage":{"@id":"https:\/\/schoenstatt.com\/es\/cuando-la-alianza-de-amor-de-los-padres-se-refleja-en-la-vida-de-sus-hijos\/"},"wordCount":1005,"publisher":{"@id":"https:\/\/schoenstatt.com\/es\/#organization"},"image":{"@id":"https:\/\/schoenstatt.com\/es\/cuando-la-alianza-de-amor-de-los-padres-se-refleja-en-la-vida-de-sus-hijos\/#primaryimage"},"thumbnailUrl":"https:\/\/schoenstatt.com\/wp-content\/uploads\/2022\/04\/2020-04-25_Sr.Cacilda_DSC4628-scaled-1.jpg","articleSection":["Comunidades de Schoenstatt","Espiritualidad"],"inLanguage":"es"},{"@type":"WebPage","@id":"https:\/\/schoenstatt.com\/es\/cuando-la-alianza-de-amor-de-los-padres-se-refleja-en-la-vida-de-sus-hijos\/","url":"https:\/\/schoenstatt.com\/es\/cuando-la-alianza-de-amor-de-los-padres-se-refleja-en-la-vida-de-sus-hijos\/","name":"Cuando la Alianza de Amor de los padres se refleja en la vida de sus hijos - Schoenstatt","isPartOf":{"@id":"https:\/\/schoenstatt.com\/es\/#website"},"primaryImageOfPage":{"@id":"https:\/\/schoenstatt.com\/es\/cuando-la-alianza-de-amor-de-los-padres-se-refleja-en-la-vida-de-sus-hijos\/#primaryimage"},"image":{"@id":"https:\/\/schoenstatt.com\/es\/cuando-la-alianza-de-amor-de-los-padres-se-refleja-en-la-vida-de-sus-hijos\/#primaryimage"},"thumbnailUrl":"https:\/\/schoenstatt.com\/wp-content\/uploads\/2022\/04\/2020-04-25_Sr.Cacilda_DSC4628-scaled-1.jpg","datePublished":"2022-04-18T06:00:41+00:00","dateModified":"2025-05-14T23:44:37+00:00","description":"La Alianza de Amor vivida plenamente, transforma vidas, propias y ajenas. Lo apreciamos en una familia schoenstattiana de Brasil.","breadcrumb":{"@id":"https:\/\/schoenstatt.com\/es\/cuando-la-alianza-de-amor-de-los-padres-se-refleja-en-la-vida-de-sus-hijos\/#breadcrumb"},"inLanguage":"es","potentialAction":[{"@type":"ReadAction","target":["https:\/\/schoenstatt.com\/es\/cuando-la-alianza-de-amor-de-los-padres-se-refleja-en-la-vida-de-sus-hijos\/"]}]},{"@type":"ImageObject","inLanguage":"es","@id":"https:\/\/schoenstatt.com\/es\/cuando-la-alianza-de-amor-de-los-padres-se-refleja-en-la-vida-de-sus-hijos\/#primaryimage","url":"https:\/\/schoenstatt.com\/wp-content\/uploads\/2022\/04\/2020-04-25_Sr.Cacilda_DSC4628-scaled-1.jpg","contentUrl":"https:\/\/schoenstatt.com\/wp-content\/uploads\/2022\/04\/2020-04-25_Sr.Cacilda_DSC4628-scaled-1.jpg","width":2560,"height":1702,"caption":"Covenant of love"},{"@type":"BreadcrumbList","@id":"https:\/\/schoenstatt.com\/es\/cuando-la-alianza-de-amor-de-los-padres-se-refleja-en-la-vida-de-sus-hijos\/#breadcrumb","itemListElement":[{"@type":"ListItem","position":1,"name":"Portada","item":"https:\/\/schoenstatt.com\/es\/home\/"},{"@type":"ListItem","position":2,"name":"Cuando la Alianza de Amor de los padres se refleja en la vida de sus hijos"}]},{"@type":"WebSite","@id":"https:\/\/schoenstatt.com\/es\/#website","url":"https:\/\/schoenstatt.com\/es\/","name":"Schoenstatt","description":"Apostolic Movement","publisher":{"@id":"https:\/\/schoenstatt.com\/es\/#organization"},"potentialAction":[{"@type":"SearchAction","target":{"@type":"EntryPoint","urlTemplate":"https:\/\/schoenstatt.com\/es\/?s={search_term_string}"},"query-input":{"@type":"PropertyValueSpecification","valueRequired":true,"valueName":"search_term_string"}}],"inLanguage":"es"},{"@type":"Organization","@id":"https:\/\/schoenstatt.com\/es\/#organization","name":"Schoenstatt","url":"https:\/\/schoenstatt.com\/es\/","logo":{"@type":"ImageObject","inLanguage":"es","@id":"https:\/\/schoenstatt.com\/es\/#\/schema\/logo\/image\/","url":"https:\/\/schoenstatt.com\/wp-content\/uploads\/2025\/04\/logo-schoenstatt-white-696x696-1.png","contentUrl":"https:\/\/schoenstatt.com\/wp-content\/uploads\/2025\/04\/logo-schoenstatt-white-696x696-1.png","width":696,"height":694,"caption":"Schoenstatt"},"image":{"@id":"https:\/\/schoenstatt.com\/es\/#\/schema\/logo\/image\/"}},{"@type":"Person","@id":"https:\/\/schoenstatt.com\/es\/#\/schema\/person\/489465b1850e7b216fe2c10dfc262551","name":"admin","image":{"@type":"ImageObject","inLanguage":"es","@id":"https:\/\/secure.gravatar.com\/avatar\/02e8345e1ec40ab0e0a2a98fdde64a684bbaf994cddcb778b25b8b024ee9dfe6?s=96&d=mm&r=g","url":"https:\/\/secure.gravatar.com\/avatar\/02e8345e1ec40ab0e0a2a98fdde64a684bbaf994cddcb778b25b8b024ee9dfe6?s=96&d=mm&r=g","contentUrl":"https:\/\/secure.gravatar.com\/avatar\/02e8345e1ec40ab0e0a2a98fdde64a684bbaf994cddcb778b25b8b024ee9dfe6?s=96&d=mm&r=g","caption":"admin"},"sameAs":["https:\/\/schoenstatt.com"],"url":"https:\/\/schoenstatt.com\/es\/author\/admin\/"}]}},"_links":{"self":[{"href":"https:\/\/schoenstatt.com\/es\/wp-json\/wp\/v2\/posts\/24397","targetHints":{"allow":["GET"]}}],"collection":[{"href":"https:\/\/schoenstatt.com\/es\/wp-json\/wp\/v2\/posts"}],"about":[{"href":"https:\/\/schoenstatt.com\/es\/wp-json\/wp\/v2\/types\/post"}],"author":[{"embeddable":true,"href":"https:\/\/schoenstatt.com\/es\/wp-json\/wp\/v2\/users\/1"}],"replies":[{"embeddable":true,"href":"https:\/\/schoenstatt.com\/es\/wp-json\/wp\/v2\/comments?post=24397"}],"version-history":[{"count":1,"href":"https:\/\/schoenstatt.com\/es\/wp-json\/wp\/v2\/posts\/24397\/revisions"}],"predecessor-version":[{"id":45148,"href":"https:\/\/schoenstatt.com\/es\/wp-json\/wp\/v2\/posts\/24397\/revisions\/45148"}],"wp:featuredmedia":[{"embeddable":true,"href":"https:\/\/schoenstatt.com\/es\/wp-json\/wp\/v2\/media\/24398"}],"wp:attachment":[{"href":"https:\/\/schoenstatt.com\/es\/wp-json\/wp\/v2\/media?parent=24397"}],"wp:term":[{"taxonomy":"category","embeddable":true,"href":"https:\/\/schoenstatt.com\/es\/wp-json\/wp\/v2\/categories?post=24397"},{"taxonomy":"post_tag","embeddable":true,"href":"https:\/\/schoenstatt.com\/es\/wp-json\/wp\/v2\/tags?post=24397"}],"curies":[{"name":"wp","href":"https:\/\/api.w.org\/{rel}","templated":true}]}}