{"id":24279,"date":"2022-04-06T03:32:01","date_gmt":"2022-04-06T01:32:01","guid":{"rendered":"https:\/\/schoenstatt.com\/?p=24279"},"modified":"2025-05-15T18:35:18","modified_gmt":"2025-05-15T16:35:18","slug":"abril-por-el-personal-sanitario","status":"publish","type":"post","link":"https:\/\/schoenstatt.com\/es\/abril-por-el-personal-sanitario\/","title":{"rendered":"ABRIL | Por el personal sanitario"},"content":{"rendered":"<h3>Recemos este mes por el personal sanitario.<\/h3>\n<p>La pandemia nos ha mostrado la entrega, la generosidad del personal sanitario, voluntarios, trabajadores y trabajadoras de la salud, sacerdotes, religiosos, religiosas.<br \/>\nPero esta pandemia tambi\u00e9n ha puesto en evidencia que no todos tienen acceso a un buen sistema sanitario p\u00fablico.<br \/>\nLos pa\u00edses m\u00e1s pobres, los pa\u00edses m\u00e1s vulnerables, no pueden acceder a los tratamientos, necesarios para atender tantas y tantas enfermedades que siguen sufriendo.<br \/>\nMuchas veces, esto se debe a una mala administraci\u00f3n de los recursos y a la falta de un compromiso pol\u00edtico serio.<br \/>\nPor eso quiero pedir a los gobiernos de todos los pa\u00edses del mundo que no olviden que un buen servicio sanitario, accesible a todos, es una prioridad.<br \/>\nPero tambi\u00e9n quiero recordar que el servicio sanitario no es solo una organizaci\u00f3n, si no est\u00e1n los hombres y mujeres que dedican su vida a cuidar de la salud del otro. Y que han dado, durante esta pandemia, la vida por ayudar a recuperarse a tantos enfermos.<\/p>\n<p>Recemos para que el compromiso del personal sanitario de atender a los enfermos y a los ancianos, especialmente en los pa\u00edses m\u00e1s pobres, sea apoyado por los gobiernos y las comunidades locales.<\/p>\n<p>&nbsp;<\/p>\n<h3>El Papa reclama apoyo para el personal sanitario<\/h3>\n<p>\u00b7\u00a0\u00a0\u00a0\u00a0\u00a0\u00a0 M\u00e1s all\u00e1 de lo organizativo, Francisco ha recordado que el servicio sanitario es sobre todo \u00abhombres y mujeres que dedican su vida a cuidar de la salud del otro\u00bb, como se ha visto en la pandemia.<\/p>\n<p>\u00b7\u00a0\u00a0\u00a0\u00a0\u00a0\u00a0 El nuevo\u00a0Video del Papa, que recoge las intenciones de oraci\u00f3n que el Papa Francisco conf\u00eda a toda la Iglesia Cat\u00f3lica a trav\u00e9s de la Red Mundial de Oraci\u00f3n del Papa, est\u00e1 dedicado al apoyo del personal sanitario.<\/p>\n<p>\u00b7\u00a0\u00a0\u00a0\u00a0\u00a0\u00a0 Ante las dificultades de tantas personas enfermas o ancianas para acceder a los tratamientos que necesitan, el Papa reclama un compromiso pol\u00edtico serio con un servicio sanitario para todos y de calidad.<\/p>\n<p><em><strong>(Ciudad del Vaticano, 5 de abril de 2022) \u2013<\/strong><\/em> El\u00a0Video del Papa\u00a0de abril acaba de publicarse con la intenci\u00f3n de oraci\u00f3n que\u00a0Francisco\u00a0conf\u00eda a toda la\u00a0Iglesia Cat\u00f3lica\u00a0a trav\u00e9s de la<strong>\u00a0Red Mundial de Oraci\u00f3n del Papa<\/strong>. Este mes, el\u00a0Santo Padre\u00a0aborda la situaci\u00f3n del servicio sanitario en los diferentes pa\u00edses y hace un llamado para que \u201cel compromiso del personal sanitario de atender a los enfermos y a los ancianos, especialmente en los pa\u00edses m\u00e1s pobres, sea apoyado por los gobiernos y las comunidades locales\u201d.<\/p>\n<h3>La prueba de estr\u00e9s de la pandemia<\/h3>\n<p>El contexto de la pandemia ha mostrado las carencias de los sistemas sanitarios y la desigualdad en el acceso a los tratamientos adecuados. En su mensaje para la intenci\u00f3n de oraci\u00f3n de abril,\u00a0Francisco\u00a0ha se\u00f1alado: \u201cEsta pandemia tambi\u00e9n ha puesto en evidencia que no todos tienen acceso a un buen sistema sanitario p\u00fablico. Los pa\u00edses m\u00e1s pobres, los pa\u00edses m\u00e1s vulnerables, no pueden acceder a los tratamientos, necesarios para atender tantas y tantas enfermedades que siguen sufriendo\u201d. Seg\u00fan el reporte \u201cPanorama de la salud 2021\u201d de la Organizaci\u00f3n para la Cooperaci\u00f3n y el Desarrollo Econ\u00f3micos (OCDE), la mala situaci\u00f3n del sistema sanitario ha impactado en la atenci\u00f3n que reciben los enfermos. Entre los diferentes factores, la falta de personal sanitario ha sido m\u00e1s limitante que el n\u00famero de camas de hospital o el equipamiento t\u00e9cnico.<\/p>\n<h3>El enorme trabajo en todo el mundo<\/h3>\n<p>En un contexto tan dif\u00edcil, que ha agravado las emergencias existentes, la dedicaci\u00f3n de los trabajadores sanitarios en distintos proyectos en todo el mundo, relatada por las im\u00e1genes de este Video del Papa, ha jugado un papel decisivo: las campa\u00f1as \u00abUna vacuna para nosotros\u00bb y \u00abLas madres y los ni\u00f1os primero\u00bb de CUAMM \u2013 M\u00e9dicos con \u00c1frica; el proyecto de AVSI en Uganda para llevar a las mujeres embarazadas al hospital en moto; el trabajo en varios pa\u00edses de la Orden Hospitalaria de San Juan de Dios (Fatebenefratelli); el trabajo de las Ministras de los Enfermos de San Camilo en Tailandia y de Religiosos Camilos en Brasil; las estructuras sanitarias en Bangladesh y Per\u00fa de COE, Apurimac ETS y la Comunidad Misionera de Villaregia, organizaciones miembros de FOCSIV. Una menci\u00f3n especial merece el trabajo del doctor Erik Jennings Sim\u00f5es -tambi\u00e9n protagonista de este v\u00eddeo-, que desde hace veinte a\u00f1os asiste a los ind\u00edgenas de la selva amaz\u00f3nica brasile\u00f1a, donde ha llevado el primer servicio de neurocirug\u00eda.<\/p>\n<h3>Un llamado a los gobiernos<\/h3>\n<p>Sin embargo, este sobresfuerzo no puede ser la soluci\u00f3n para asegurar que todo el mundo pueda tener una atenci\u00f3n m\u00e9dica adecuada. \u201cQuiero pedir a los gobiernos de todos los pa\u00edses del mundo que no olviden que un buen servicio sanitario, accesible a todos, es una prioridad\u201d, ha dicho\u00a0Francisco. Si esto no ha ocurrido hasta ahora, a\u00f1adi\u00f3, se debe tambi\u00e9n a la \u00abmala gesti\u00f3n de los recursos\u00bb y a la \u00abfalta de un compromiso pol\u00edtico serio\u00bb.<\/p>\n<p>El\u00a0<strong>P. Fr\u00e9d\u00e9ric Fornos S.J.,<\/strong> Director Internacional de la\u00a0<strong>Red Mundial de Oraci\u00f3n del Papa<\/strong>, coment\u00f3 a prop\u00f3sito de esta intenci\u00f3n: \u201cEl Papa Francisco est\u00e1 siempre muy atento a las personas, a los enfermos, a los ancianos, a los m\u00e1s vulnerables. Este pedido de oraci\u00f3n, para todo el mes de abril, est\u00e1 dedicado al personal sanitario que los atiende. Han atravesado situaciones de crisis y muchas veces sin el apoyo adecuado, en particular en los pa\u00edses con menos recursos. La pandemia ha demostrado que el sistema de salud y el personal sanitario son esenciales para la sociedad. El Papa pide que se los apoye con m\u00e1s recursos, en particular en los pa\u00edses que tienen un fr\u00e1gil sistema de salud, de lo contrario nos encontraremos con \u2018otras pandemias\u2019. Confiemos esta intenci\u00f3n de oraci\u00f3n al Se\u00f1or y actuemos en este sentido\u201d.<\/p>\n<p>&nbsp;<\/p>\n<p><iframe title=\"Por el personal sanitario \u2013 El Video del Papa 04 \u2013 Abril 2022\" width=\"800\" height=\"450\" src=\"https:\/\/www.youtube.com\/embed\/qN2h7fuFLR0?feature=oembed\" frameborder=\"0\" allow=\"accelerometer; autoplay; clipboard-write; encrypted-media; gyroscope; picture-in-picture; web-share\" referrerpolicy=\"strict-origin-when-cross-origin\" allowfullscreen><\/iframe><\/p>\n<p>Fuente: <a href=\"http:\/\/www.thepopevideo.org\">www.thepopevideo.org<\/a><\/p>\n","protected":false},"excerpt":{"rendered":"<p>Recemos para que el compromiso del personal sanitario de atender a los enfermos y a los ancianos, especialmente en los pa\u00edses m\u00e1s pobres, sea apoyado por los gobiernos y las comunidades locales.<\/p>\n","protected":false},"author":3,"featured_media":24288,"comment_status":"closed","ping_status":"closed","sticky":false,"template":"","format":"standard","meta":{"footnotes":""},"categories":[800],"tags":[],"class_list":["post-24279","post","type-post","status-publish","format-standard","has-post-thumbnail","hentry","category-papa-francisco-es"],"yoast_head":"<!-- This site is optimized with the Yoast SEO Premium plugin v27.4 (Yoast SEO v27.5) - https:\/\/yoast.com\/product\/yoast-seo-premium-wordpress\/ -->\n<title>ABRIL | Por el personal sanitario - Schoenstatt<\/title>\n<meta name=\"description\" content=\"En este mes de abril, recemos para que el compromiso del personal sanitario, sea apoyado por los gobiernos y las comunidades locales.\" \/>\n<meta name=\"robots\" content=\"index, follow, max-snippet:-1, max-image-preview:large, max-video-preview:-1\" \/>\n<link rel=\"canonical\" href=\"https:\/\/schoenstatt.com\/es\/abril-por-el-personal-sanitario\/\" \/>\n<meta property=\"og:locale\" content=\"es_ES\" \/>\n<meta property=\"og:type\" content=\"article\" \/>\n<meta property=\"og:title\" content=\"ABRIL | Por el personal sanitario\" \/>\n<meta property=\"og:description\" content=\"En este mes de abril, recemos para que el compromiso del personal sanitario, sea apoyado por los gobiernos y las comunidades locales.\" \/>\n<meta property=\"og:url\" content=\"https:\/\/schoenstatt.com\/es\/abril-por-el-personal-sanitario\/\" \/>\n<meta property=\"og:site_name\" content=\"Schoenstatt\" \/>\n<meta property=\"article:published_time\" content=\"2022-04-06T01:32:01+00:00\" \/>\n<meta property=\"article:modified_time\" content=\"2025-05-15T16:35:18+00:00\" \/>\n<meta property=\"og:image\" content=\"https:\/\/schoenstatt.com\/wp-content\/uploads\/2022\/04\/cathopic_1516718165600632-scaled-1.jpg\" \/>\n\t<meta property=\"og:image:width\" content=\"2560\" \/>\n\t<meta property=\"og:image:height\" content=\"1707\" \/>\n\t<meta property=\"og:image:type\" content=\"image\/jpeg\" \/>\n<meta name=\"author\" content=\"Karen Bueno\" \/>\n<meta name=\"twitter:card\" content=\"summary_large_image\" \/>\n<meta name=\"twitter:label1\" content=\"Escrito por\" \/>\n\t<meta name=\"twitter:data1\" content=\"Karen Bueno\" \/>\n\t<meta name=\"twitter:label2\" content=\"Tiempo de lectura\" \/>\n\t<meta name=\"twitter:data2\" content=\"5 minutos\" \/>\n<script type=\"application\/ld+json\" class=\"yoast-schema-graph\">{\"@context\":\"https:\\\/\\\/schema.org\",\"@graph\":[{\"@type\":\"Article\",\"@id\":\"https:\\\/\\\/schoenstatt.com\\\/es\\\/abril-por-el-personal-sanitario\\\/#article\",\"isPartOf\":{\"@id\":\"https:\\\/\\\/schoenstatt.com\\\/es\\\/abril-por-el-personal-sanitario\\\/\"},\"author\":{\"name\":\"Karen Bueno\",\"@id\":\"https:\\\/\\\/schoenstatt.com\\\/es\\\/#\\\/schema\\\/person\\\/5158877ad4acae98b34daaeef2a1ce6e\"},\"headline\":\"ABRIL | Por el personal sanitario\",\"datePublished\":\"2022-04-06T01:32:01+00:00\",\"dateModified\":\"2025-05-15T16:35:18+00:00\",\"mainEntityOfPage\":{\"@id\":\"https:\\\/\\\/schoenstatt.com\\\/es\\\/abril-por-el-personal-sanitario\\\/\"},\"wordCount\":1043,\"publisher\":{\"@id\":\"https:\\\/\\\/schoenstatt.com\\\/es\\\/#organization\"},\"image\":{\"@id\":\"https:\\\/\\\/schoenstatt.com\\\/es\\\/abril-por-el-personal-sanitario\\\/#primaryimage\"},\"thumbnailUrl\":\"https:\\\/\\\/schoenstatt.com\\\/wp-content\\\/uploads\\\/2022\\\/04\\\/cathopic_1516718165600632-scaled-1.jpg\",\"articleSection\":[\"Papa Francisco\"],\"inLanguage\":\"es\"},{\"@type\":\"WebPage\",\"@id\":\"https:\\\/\\\/schoenstatt.com\\\/es\\\/abril-por-el-personal-sanitario\\\/\",\"url\":\"https:\\\/\\\/schoenstatt.com\\\/es\\\/abril-por-el-personal-sanitario\\\/\",\"name\":\"ABRIL | Por el personal sanitario - Schoenstatt\",\"isPartOf\":{\"@id\":\"https:\\\/\\\/schoenstatt.com\\\/es\\\/#website\"},\"primaryImageOfPage\":{\"@id\":\"https:\\\/\\\/schoenstatt.com\\\/es\\\/abril-por-el-personal-sanitario\\\/#primaryimage\"},\"image\":{\"@id\":\"https:\\\/\\\/schoenstatt.com\\\/es\\\/abril-por-el-personal-sanitario\\\/#primaryimage\"},\"thumbnailUrl\":\"https:\\\/\\\/schoenstatt.com\\\/wp-content\\\/uploads\\\/2022\\\/04\\\/cathopic_1516718165600632-scaled-1.jpg\",\"datePublished\":\"2022-04-06T01:32:01+00:00\",\"dateModified\":\"2025-05-15T16:35:18+00:00\",\"description\":\"En este mes de abril, recemos para que el compromiso del personal sanitario, sea apoyado por los gobiernos y las comunidades locales.\",\"breadcrumb\":{\"@id\":\"https:\\\/\\\/schoenstatt.com\\\/es\\\/abril-por-el-personal-sanitario\\\/#breadcrumb\"},\"inLanguage\":\"es\",\"potentialAction\":[{\"@type\":\"ReadAction\",\"target\":[\"https:\\\/\\\/schoenstatt.com\\\/es\\\/abril-por-el-personal-sanitario\\\/\"]}]},{\"@type\":\"ImageObject\",\"inLanguage\":\"es\",\"@id\":\"https:\\\/\\\/schoenstatt.com\\\/es\\\/abril-por-el-personal-sanitario\\\/#primaryimage\",\"url\":\"https:\\\/\\\/schoenstatt.com\\\/wp-content\\\/uploads\\\/2022\\\/04\\\/cathopic_1516718165600632-scaled-1.jpg\",\"contentUrl\":\"https:\\\/\\\/schoenstatt.com\\\/wp-content\\\/uploads\\\/2022\\\/04\\\/cathopic_1516718165600632-scaled-1.jpg\",\"width\":2560,\"height\":1707},{\"@type\":\"BreadcrumbList\",\"@id\":\"https:\\\/\\\/schoenstatt.com\\\/es\\\/abril-por-el-personal-sanitario\\\/#breadcrumb\",\"itemListElement\":[{\"@type\":\"ListItem\",\"position\":1,\"name\":\"Portada\",\"item\":\"https:\\\/\\\/schoenstatt.com\\\/es\\\/home\\\/\"},{\"@type\":\"ListItem\",\"position\":2,\"name\":\"ABRIL | Por el personal sanitario\"}]},{\"@type\":\"WebSite\",\"@id\":\"https:\\\/\\\/schoenstatt.com\\\/es\\\/#website\",\"url\":\"https:\\\/\\\/schoenstatt.com\\\/es\\\/\",\"name\":\"Schoenstatt\",\"description\":\"Apostolic Movement\",\"publisher\":{\"@id\":\"https:\\\/\\\/schoenstatt.com\\\/es\\\/#organization\"},\"potentialAction\":[{\"@type\":\"SearchAction\",\"target\":{\"@type\":\"EntryPoint\",\"urlTemplate\":\"https:\\\/\\\/schoenstatt.com\\\/es\\\/?s={search_term_string}\"},\"query-input\":{\"@type\":\"PropertyValueSpecification\",\"valueRequired\":true,\"valueName\":\"search_term_string\"}}],\"inLanguage\":\"es\"},{\"@type\":\"Organization\",\"@id\":\"https:\\\/\\\/schoenstatt.com\\\/es\\\/#organization\",\"name\":\"Schoenstatt\",\"url\":\"https:\\\/\\\/schoenstatt.com\\\/es\\\/\",\"logo\":{\"@type\":\"ImageObject\",\"inLanguage\":\"es\",\"@id\":\"https:\\\/\\\/schoenstatt.com\\\/es\\\/#\\\/schema\\\/logo\\\/image\\\/\",\"url\":\"https:\\\/\\\/schoenstatt.com\\\/wp-content\\\/uploads\\\/2025\\\/04\\\/logo-schoenstatt-white-696x696-1.png\",\"contentUrl\":\"https:\\\/\\\/schoenstatt.com\\\/wp-content\\\/uploads\\\/2025\\\/04\\\/logo-schoenstatt-white-696x696-1.png\",\"width\":696,\"height\":694,\"caption\":\"Schoenstatt\"},\"image\":{\"@id\":\"https:\\\/\\\/schoenstatt.com\\\/es\\\/#\\\/schema\\\/logo\\\/image\\\/\"}},{\"@type\":\"Person\",\"@id\":\"https:\\\/\\\/schoenstatt.com\\\/es\\\/#\\\/schema\\\/person\\\/5158877ad4acae98b34daaeef2a1ce6e\",\"name\":\"Karen Bueno\",\"image\":{\"@type\":\"ImageObject\",\"inLanguage\":\"es\",\"@id\":\"https:\\\/\\\/secure.gravatar.com\\\/avatar\\\/f9f4b823873154269d2b2130f195f6d41037dd0d7fc5f3cacb5c846bae70d66b?s=96&d=mm&r=g\",\"url\":\"https:\\\/\\\/secure.gravatar.com\\\/avatar\\\/f9f4b823873154269d2b2130f195f6d41037dd0d7fc5f3cacb5c846bae70d66b?s=96&d=mm&r=g\",\"contentUrl\":\"https:\\\/\\\/secure.gravatar.com\\\/avatar\\\/f9f4b823873154269d2b2130f195f6d41037dd0d7fc5f3cacb5c846bae70d66b?s=96&d=mm&r=g\",\"caption\":\"Karen Bueno\"},\"url\":\"https:\\\/\\\/schoenstatt.com\\\/es\\\/author\\\/karen-bueno\\\/\"}]}<\/script>\n<!-- \/ Yoast SEO Premium plugin. -->","yoast_head_json":{"title":"ABRIL | Por el personal sanitario - Schoenstatt","description":"En este mes de abril, recemos para que el compromiso del personal sanitario, sea apoyado por los gobiernos y las comunidades locales.","robots":{"index":"index","follow":"follow","max-snippet":"max-snippet:-1","max-image-preview":"max-image-preview:large","max-video-preview":"max-video-preview:-1"},"canonical":"https:\/\/schoenstatt.com\/es\/abril-por-el-personal-sanitario\/","og_locale":"es_ES","og_type":"article","og_title":"ABRIL | Por el personal sanitario","og_description":"En este mes de abril, recemos para que el compromiso del personal sanitario, sea apoyado por los gobiernos y las comunidades locales.","og_url":"https:\/\/schoenstatt.com\/es\/abril-por-el-personal-sanitario\/","og_site_name":"Schoenstatt","article_published_time":"2022-04-06T01:32:01+00:00","article_modified_time":"2025-05-15T16:35:18+00:00","og_image":[{"width":2560,"height":1707,"url":"https:\/\/schoenstatt.com\/wp-content\/uploads\/2022\/04\/cathopic_1516718165600632-scaled-1.jpg","type":"image\/jpeg"}],"author":"Karen Bueno","twitter_card":"summary_large_image","twitter_misc":{"Escrito por":"Karen Bueno","Tiempo de lectura":"5 minutos"},"schema":{"@context":"https:\/\/schema.org","@graph":[{"@type":"Article","@id":"https:\/\/schoenstatt.com\/es\/abril-por-el-personal-sanitario\/#article","isPartOf":{"@id":"https:\/\/schoenstatt.com\/es\/abril-por-el-personal-sanitario\/"},"author":{"name":"Karen Bueno","@id":"https:\/\/schoenstatt.com\/es\/#\/schema\/person\/5158877ad4acae98b34daaeef2a1ce6e"},"headline":"ABRIL | Por el personal sanitario","datePublished":"2022-04-06T01:32:01+00:00","dateModified":"2025-05-15T16:35:18+00:00","mainEntityOfPage":{"@id":"https:\/\/schoenstatt.com\/es\/abril-por-el-personal-sanitario\/"},"wordCount":1043,"publisher":{"@id":"https:\/\/schoenstatt.com\/es\/#organization"},"image":{"@id":"https:\/\/schoenstatt.com\/es\/abril-por-el-personal-sanitario\/#primaryimage"},"thumbnailUrl":"https:\/\/schoenstatt.com\/wp-content\/uploads\/2022\/04\/cathopic_1516718165600632-scaled-1.jpg","articleSection":["Papa Francisco"],"inLanguage":"es"},{"@type":"WebPage","@id":"https:\/\/schoenstatt.com\/es\/abril-por-el-personal-sanitario\/","url":"https:\/\/schoenstatt.com\/es\/abril-por-el-personal-sanitario\/","name":"ABRIL | Por el personal sanitario - Schoenstatt","isPartOf":{"@id":"https:\/\/schoenstatt.com\/es\/#website"},"primaryImageOfPage":{"@id":"https:\/\/schoenstatt.com\/es\/abril-por-el-personal-sanitario\/#primaryimage"},"image":{"@id":"https:\/\/schoenstatt.com\/es\/abril-por-el-personal-sanitario\/#primaryimage"},"thumbnailUrl":"https:\/\/schoenstatt.com\/wp-content\/uploads\/2022\/04\/cathopic_1516718165600632-scaled-1.jpg","datePublished":"2022-04-06T01:32:01+00:00","dateModified":"2025-05-15T16:35:18+00:00","description":"En este mes de abril, recemos para que el compromiso del personal sanitario, sea apoyado por los gobiernos y las comunidades locales.","breadcrumb":{"@id":"https:\/\/schoenstatt.com\/es\/abril-por-el-personal-sanitario\/#breadcrumb"},"inLanguage":"es","potentialAction":[{"@type":"ReadAction","target":["https:\/\/schoenstatt.com\/es\/abril-por-el-personal-sanitario\/"]}]},{"@type":"ImageObject","inLanguage":"es","@id":"https:\/\/schoenstatt.com\/es\/abril-por-el-personal-sanitario\/#primaryimage","url":"https:\/\/schoenstatt.com\/wp-content\/uploads\/2022\/04\/cathopic_1516718165600632-scaled-1.jpg","contentUrl":"https:\/\/schoenstatt.com\/wp-content\/uploads\/2022\/04\/cathopic_1516718165600632-scaled-1.jpg","width":2560,"height":1707},{"@type":"BreadcrumbList","@id":"https:\/\/schoenstatt.com\/es\/abril-por-el-personal-sanitario\/#breadcrumb","itemListElement":[{"@type":"ListItem","position":1,"name":"Portada","item":"https:\/\/schoenstatt.com\/es\/home\/"},{"@type":"ListItem","position":2,"name":"ABRIL | Por el personal sanitario"}]},{"@type":"WebSite","@id":"https:\/\/schoenstatt.com\/es\/#website","url":"https:\/\/schoenstatt.com\/es\/","name":"Schoenstatt","description":"Apostolic Movement","publisher":{"@id":"https:\/\/schoenstatt.com\/es\/#organization"},"potentialAction":[{"@type":"SearchAction","target":{"@type":"EntryPoint","urlTemplate":"https:\/\/schoenstatt.com\/es\/?s={search_term_string}"},"query-input":{"@type":"PropertyValueSpecification","valueRequired":true,"valueName":"search_term_string"}}],"inLanguage":"es"},{"@type":"Organization","@id":"https:\/\/schoenstatt.com\/es\/#organization","name":"Schoenstatt","url":"https:\/\/schoenstatt.com\/es\/","logo":{"@type":"ImageObject","inLanguage":"es","@id":"https:\/\/schoenstatt.com\/es\/#\/schema\/logo\/image\/","url":"https:\/\/schoenstatt.com\/wp-content\/uploads\/2025\/04\/logo-schoenstatt-white-696x696-1.png","contentUrl":"https:\/\/schoenstatt.com\/wp-content\/uploads\/2025\/04\/logo-schoenstatt-white-696x696-1.png","width":696,"height":694,"caption":"Schoenstatt"},"image":{"@id":"https:\/\/schoenstatt.com\/es\/#\/schema\/logo\/image\/"}},{"@type":"Person","@id":"https:\/\/schoenstatt.com\/es\/#\/schema\/person\/5158877ad4acae98b34daaeef2a1ce6e","name":"Karen Bueno","image":{"@type":"ImageObject","inLanguage":"es","@id":"https:\/\/secure.gravatar.com\/avatar\/f9f4b823873154269d2b2130f195f6d41037dd0d7fc5f3cacb5c846bae70d66b?s=96&d=mm&r=g","url":"https:\/\/secure.gravatar.com\/avatar\/f9f4b823873154269d2b2130f195f6d41037dd0d7fc5f3cacb5c846bae70d66b?s=96&d=mm&r=g","contentUrl":"https:\/\/secure.gravatar.com\/avatar\/f9f4b823873154269d2b2130f195f6d41037dd0d7fc5f3cacb5c846bae70d66b?s=96&d=mm&r=g","caption":"Karen Bueno"},"url":"https:\/\/schoenstatt.com\/es\/author\/karen-bueno\/"}]}},"_links":{"self":[{"href":"https:\/\/schoenstatt.com\/es\/wp-json\/wp\/v2\/posts\/24279","targetHints":{"allow":["GET"]}}],"collection":[{"href":"https:\/\/schoenstatt.com\/es\/wp-json\/wp\/v2\/posts"}],"about":[{"href":"https:\/\/schoenstatt.com\/es\/wp-json\/wp\/v2\/types\/post"}],"author":[{"embeddable":true,"href":"https:\/\/schoenstatt.com\/es\/wp-json\/wp\/v2\/users\/3"}],"replies":[{"embeddable":true,"href":"https:\/\/schoenstatt.com\/es\/wp-json\/wp\/v2\/comments?post=24279"}],"version-history":[{"count":1,"href":"https:\/\/schoenstatt.com\/es\/wp-json\/wp\/v2\/posts\/24279\/revisions"}],"predecessor-version":[{"id":45123,"href":"https:\/\/schoenstatt.com\/es\/wp-json\/wp\/v2\/posts\/24279\/revisions\/45123"}],"wp:featuredmedia":[{"embeddable":true,"href":"https:\/\/schoenstatt.com\/es\/wp-json\/wp\/v2\/media\/24288"}],"wp:attachment":[{"href":"https:\/\/schoenstatt.com\/es\/wp-json\/wp\/v2\/media?parent=24279"}],"wp:term":[{"taxonomy":"category","embeddable":true,"href":"https:\/\/schoenstatt.com\/es\/wp-json\/wp\/v2\/categories?post=24279"},{"taxonomy":"post_tag","embeddable":true,"href":"https:\/\/schoenstatt.com\/es\/wp-json\/wp\/v2\/tags?post=24279"}],"curies":[{"name":"wp","href":"https:\/\/api.w.org\/{rel}","templated":true}]}}