{"id":24245,"date":"2022-03-28T21:32:12","date_gmt":"2022-03-28T19:32:12","guid":{"rendered":"https:\/\/schoenstatt.com\/espiritualidad\/alemanha-corrente-humana-pela-paz-na-ucrania-no-centro-de-schoenstatt\/"},"modified":"2025-05-15T18:27:34","modified_gmt":"2025-05-15T16:27:34","slug":"alemania-cadena-humana-por-la-paz-en-ucrania-en-el-centro-de-schoenstatt","status":"publish","type":"post","link":"https:\/\/schoenstatt.com\/es\/alemania-cadena-humana-por-la-paz-en-ucrania-en-el-centro-de-schoenstatt\/","title":{"rendered":"Alemania: Cadena humana por la paz en Ucrania, en el Centro de Schoenstatt"},"content":{"rendered":"<p>Se trata de una idea espont\u00e1nea que circul\u00f3 por las redes sociales. Unas 150 personas acudieron al Centro de Schoenstatt de la di\u00f3cesis de Fulda para rezar por la paz y dar un signo de solidaridad con Ucrania. Participaron representantes de los refugiados ucranianos que han encontrado hogar en la antigua Casa Provincial de las Hermanas.<\/p>\n<h3>90 refugiados de Ucrania alojados en el antiguo centro de las Hermanas de Mar\u00eda<\/h3>\n<p>En los \u00faltimos d\u00edas han llegado a Dietershausen unos 90 refugiados procedentes de Ucrania. En el antiguo centro de las Hermanas de Mar\u00eda, la Comunidad Cristiana Rh\u00f6n e.V. les proporciona un alojamiento seguro tras los ataques a su pa\u00eds de origen. Una ola de solidaridad de los ciudadanos de Dietershausen y sus alrededores les apoya.<\/p>\n<p>Ilona Wehner, que vive en Dietershausen y es parte de la Campa\u00f1a de la Virgen Peregrina, convoc\u00f3 la acci\u00f3n de la tarde junto con las hermanas, y relata: \u00abMe despert\u00e9 y pens\u00e9 que solo un milagro puede solucionar esto. El conflicto es tan complejo que tenemos que ir al cielo y pedir el milagro. Tenemos nuestra fe y debemos rezar por esta intenci\u00f3n. Tenemos el santuario y la Columna de la Victoria aqu\u00ed en nuestra ciudad, as\u00ed que se me ocurri\u00f3 invitar a todos a formar una cadena humana con luces\u00bb.<\/p>\n<p><img fetchpriority=\"high\" decoding=\"async\" class=\"aligncenter wp-image-24239 size-full\" src=\"https:\/\/schoenstatt.com\/wp-content\/uploads\/2022\/03\/DH-4-1.png\" alt=\"\" width=\"359\" height=\"178\" \/><\/p>\n<p>&nbsp;<\/p>\n<h3>Permanecer juntos<\/h3>\n<p>Ilona est\u00e1 abrumada por la gran participaci\u00f3n. \u00abLa gente ha demostrado con sus familias que todo esto es importante para ellos y que estamos juntos. Los habitantes de Dietershausen y alrededores han aportado hasta ahora muchas donaciones en especie. No obstante, se necesitan urgentemente donaciones de dinero, por<\/p>\n<p><img decoding=\"async\" class=\"alignright wp-image-24037 size-full\" src=\"https:\/\/schoenstatt.com\/wp-content\/uploads\/2022\/03\/DH-5.png\" alt=\"\" width=\"358\" height=\"175\" \/><\/p>\n<p>que hay que calentar la casa grande, y las familias deben recibir dinero para poder mantenerse.\u00bb<\/p>\n<p>&nbsp;<\/p>\n<p>Ilona Wehner tambi\u00e9n nos habla del mayor deseo de los ucranianos que se han puesto a salvo: \u00abQue la guerra termine y la gente pueda volver a su patria lo antes posible. Algunas familias han huido juntas, es decir, padres y madres con sus hijos. Tambi\u00e9n hay muchas madres solas con sus hijos peque\u00f1os que est\u00e1n muy preocupadas por el resto de la familia\u00bb.<\/p>\n<p>&nbsp;<\/p>\n<p>&nbsp;<\/p>\n<h3>El poder de la oraci\u00f3n<\/h3>\n<p>Tras rezar juntos por la paz en el santuario, se form\u00f3 la cadena humana con forma de corona. Se extend\u00eda desde el santuario hasta la Columna de la Victoria en el parque, cerca de la antigua Casa Provincial. Esta columna mariana se erigi\u00f3 durante la Guerra Fr\u00eda como signo de confianza en la victoria de los poderes divinos sobre el odio, la violencia y el terror. Cada a\u00f1o se renueva aqu\u00ed la consagraci\u00f3n de Alemania a la Virgen. Desde 1989, una cruz hecha de alambre que constitu\u00eda la Cortina de Hierro, dividiendo a Alemania en dos, de la franja de la muerte, ha sido un recordatorio del milagro de la transformaci\u00f3n pac\u00edfica de Alemania y del poder de la oraci\u00f3n.<\/p>\n<p>Ya hab\u00eda oscurecido, y la gente rezaba fervientemente, iluminando, con las velas en la mano. Un representante de los refugiados de Ucrania pronunci\u00f3 unas emotivas palabras de agradecimiento en ruso, que fueron traducidas. Cont\u00f3 la situaci\u00f3n de su familia y dio un impresionante testimonio de su convicci\u00f3n como cristiano y de su confianza en Dios incluso en las graves dificultades de su pa\u00eds.<\/p>\n<p>&nbsp;<\/p>\n<h3>V\u00eddeo de OsthessenNeews<\/h3>\n<p>Desde el santuario de Schoenstatt hasta la Columna de la Victoria &#8211; cadena humana a la luz de las velas: los habitantes de Dietershausen se solidarizan<\/p>\n<div style=\"width: 800px;\" class=\"wp-video\"><video class=\"wp-video-shortcode\" id=\"video-24245-1\" width=\"800\" height=\"450\" preload=\"metadata\" controls=\"controls\"><source type=\"video\/mp4\" src=\"https:\/\/schoenstatt.com\/wp-content\/uploads\/2022\/03\/220304_kuenzell_dietershausen_menschenkette_ukraine_v2_on-Compressed-with-FlexClip.mp4?_=1\" \/><a href=\"https:\/\/schoenstatt.com\/wp-content\/uploads\/2022\/03\/220304_kuenzell_dietershausen_menschenkette_ukraine_v2_on-Compressed-with-FlexClip.mp4\">https:\/\/schoenstatt.com\/wp-content\/uploads\/2022\/03\/220304_kuenzell_dietershausen_menschenkette_ukraine_v2_on-Compressed-with-FlexClip.mp4<\/a><\/video><\/div>\n<p>&nbsp;<\/p>\n<p>Fuente: <a href=\"https:\/\/www.schoenstatt.de\/\">https:\/\/www.schoenstatt.de\/<\/a><\/p>\n","protected":false},"excerpt":{"rendered":"<p>Se trata de una idea espont\u00e1nea que circul\u00f3 por las redes sociales.<\/p>\n","protected":false},"author":3,"featured_media":24052,"comment_status":"closed","ping_status":"closed","sticky":false,"template":"","format":"standard","meta":{"footnotes":""},"categories":[877,790],"tags":[],"class_list":["post-24245","post","type-post","status-publish","format-standard","has-post-thumbnail","hentry","category-familia-es","category-paises-es"],"yoast_head":"<!-- This site is optimized with the Yoast SEO Premium plugin v27.4 (Yoast SEO v27.4) - https:\/\/yoast.com\/product\/yoast-seo-premium-wordpress\/ -->\n<title>Alemania: Cadena humana por la paz en Ucrania, en el Centro de Schoenstatt<\/title>\n<meta name=\"description\" content=\"Unas 150 personas acudieron al Centro de Schoenstatt de la di\u00f3cesis de Fulda para rezar por la paz y dar un signo de solidaridad con Ucrania.\" \/>\n<meta name=\"robots\" content=\"index, follow, max-snippet:-1, max-image-preview:large, max-video-preview:-1\" \/>\n<link rel=\"canonical\" href=\"https:\/\/schoenstatt.com\/es\/alemania-cadena-humana-por-la-paz-en-ucrania-en-el-centro-de-schoenstatt\/\" \/>\n<meta property=\"og:locale\" content=\"es_ES\" \/>\n<meta property=\"og:type\" content=\"article\" \/>\n<meta property=\"og:title\" content=\"Alemania: Cadena humana por la paz en Ucrania, en el Centro de Schoenstatt\" \/>\n<meta property=\"og:description\" content=\"Unas 150 personas acudieron al Centro de Schoenstatt de la di\u00f3cesis de Fulda para rezar por la paz y dar un signo de solidaridad con Ucrania.\" \/>\n<meta property=\"og:url\" content=\"https:\/\/schoenstatt.com\/es\/alemania-cadena-humana-por-la-paz-en-ucrania-en-el-centro-de-schoenstatt\/\" \/>\n<meta property=\"og:site_name\" content=\"Schoenstatt\" \/>\n<meta property=\"article:published_time\" content=\"2022-03-28T19:32:12+00:00\" \/>\n<meta property=\"article:modified_time\" content=\"2025-05-15T16:27:34+00:00\" \/>\n<meta property=\"og:image\" content=\"https:\/\/schoenstatt.com\/wp-content\/uploads\/2022\/03\/Dietershausen-2.png\" \/>\n\t<meta property=\"og:image:width\" content=\"468\" \/>\n\t<meta property=\"og:image:height\" content=\"308\" \/>\n\t<meta property=\"og:image:type\" content=\"image\/png\" \/>\n<meta name=\"author\" content=\"Karen Bueno\" \/>\n<meta name=\"twitter:card\" content=\"summary_large_image\" \/>\n<meta name=\"twitter:label1\" content=\"Escrito por\" \/>\n\t<meta name=\"twitter:data1\" content=\"Karen Bueno\" \/>\n\t<meta name=\"twitter:label2\" content=\"Tiempo de lectura\" \/>\n\t<meta name=\"twitter:data2\" content=\"3 minutos\" \/>\n<script type=\"application\/ld+json\" class=\"yoast-schema-graph\">{\"@context\":\"https:\\\/\\\/schema.org\",\"@graph\":[{\"@type\":\"Article\",\"@id\":\"https:\\\/\\\/schoenstatt.com\\\/es\\\/alemania-cadena-humana-por-la-paz-en-ucrania-en-el-centro-de-schoenstatt\\\/#article\",\"isPartOf\":{\"@id\":\"https:\\\/\\\/schoenstatt.com\\\/es\\\/alemania-cadena-humana-por-la-paz-en-ucrania-en-el-centro-de-schoenstatt\\\/\"},\"author\":{\"name\":\"Karen Bueno\",\"@id\":\"https:\\\/\\\/schoenstatt.com\\\/es\\\/#\\\/schema\\\/person\\\/5158877ad4acae98b34daaeef2a1ce6e\"},\"headline\":\"Alemania: Cadena humana por la paz en Ucrania, en el Centro de Schoenstatt\",\"datePublished\":\"2022-03-28T19:32:12+00:00\",\"dateModified\":\"2025-05-15T16:27:34+00:00\",\"mainEntityOfPage\":{\"@id\":\"https:\\\/\\\/schoenstatt.com\\\/es\\\/alemania-cadena-humana-por-la-paz-en-ucrania-en-el-centro-de-schoenstatt\\\/\"},\"wordCount\":630,\"publisher\":{\"@id\":\"https:\\\/\\\/schoenstatt.com\\\/es\\\/#organization\"},\"image\":{\"@id\":\"https:\\\/\\\/schoenstatt.com\\\/es\\\/alemania-cadena-humana-por-la-paz-en-ucrania-en-el-centro-de-schoenstatt\\\/#primaryimage\"},\"thumbnailUrl\":\"https:\\\/\\\/schoenstatt.com\\\/wp-content\\\/uploads\\\/2022\\\/03\\\/Dietershausen-2.png\",\"articleSection\":[\"Familia\",\"Pa\u00edses\"],\"inLanguage\":\"es\"},{\"@type\":\"WebPage\",\"@id\":\"https:\\\/\\\/schoenstatt.com\\\/es\\\/alemania-cadena-humana-por-la-paz-en-ucrania-en-el-centro-de-schoenstatt\\\/\",\"url\":\"https:\\\/\\\/schoenstatt.com\\\/es\\\/alemania-cadena-humana-por-la-paz-en-ucrania-en-el-centro-de-schoenstatt\\\/\",\"name\":\"Alemania: Cadena humana por la paz en Ucrania, en el Centro de Schoenstatt\",\"isPartOf\":{\"@id\":\"https:\\\/\\\/schoenstatt.com\\\/es\\\/#website\"},\"primaryImageOfPage\":{\"@id\":\"https:\\\/\\\/schoenstatt.com\\\/es\\\/alemania-cadena-humana-por-la-paz-en-ucrania-en-el-centro-de-schoenstatt\\\/#primaryimage\"},\"image\":{\"@id\":\"https:\\\/\\\/schoenstatt.com\\\/es\\\/alemania-cadena-humana-por-la-paz-en-ucrania-en-el-centro-de-schoenstatt\\\/#primaryimage\"},\"thumbnailUrl\":\"https:\\\/\\\/schoenstatt.com\\\/wp-content\\\/uploads\\\/2022\\\/03\\\/Dietershausen-2.png\",\"datePublished\":\"2022-03-28T19:32:12+00:00\",\"dateModified\":\"2025-05-15T16:27:34+00:00\",\"description\":\"Unas 150 personas acudieron al Centro de Schoenstatt de la di\u00f3cesis de Fulda para rezar por la paz y dar un signo de solidaridad con Ucrania.\",\"breadcrumb\":{\"@id\":\"https:\\\/\\\/schoenstatt.com\\\/es\\\/alemania-cadena-humana-por-la-paz-en-ucrania-en-el-centro-de-schoenstatt\\\/#breadcrumb\"},\"inLanguage\":\"es\",\"potentialAction\":[{\"@type\":\"ReadAction\",\"target\":[\"https:\\\/\\\/schoenstatt.com\\\/es\\\/alemania-cadena-humana-por-la-paz-en-ucrania-en-el-centro-de-schoenstatt\\\/\"]}]},{\"@type\":\"ImageObject\",\"inLanguage\":\"es\",\"@id\":\"https:\\\/\\\/schoenstatt.com\\\/es\\\/alemania-cadena-humana-por-la-paz-en-ucrania-en-el-centro-de-schoenstatt\\\/#primaryimage\",\"url\":\"https:\\\/\\\/schoenstatt.com\\\/wp-content\\\/uploads\\\/2022\\\/03\\\/Dietershausen-2.png\",\"contentUrl\":\"https:\\\/\\\/schoenstatt.com\\\/wp-content\\\/uploads\\\/2022\\\/03\\\/Dietershausen-2.png\",\"width\":468,\"height\":308,\"caption\":\"Menschenkette\"},{\"@type\":\"BreadcrumbList\",\"@id\":\"https:\\\/\\\/schoenstatt.com\\\/es\\\/alemania-cadena-humana-por-la-paz-en-ucrania-en-el-centro-de-schoenstatt\\\/#breadcrumb\",\"itemListElement\":[{\"@type\":\"ListItem\",\"position\":1,\"name\":\"Portada\",\"item\":\"https:\\\/\\\/schoenstatt.com\\\/es\\\/home\\\/\"},{\"@type\":\"ListItem\",\"position\":2,\"name\":\"Alemania: Cadena humana por la paz en Ucrania, en el Centro de Schoenstatt\"}]},{\"@type\":\"WebSite\",\"@id\":\"https:\\\/\\\/schoenstatt.com\\\/es\\\/#website\",\"url\":\"https:\\\/\\\/schoenstatt.com\\\/es\\\/\",\"name\":\"Schoenstatt\",\"description\":\"Apostolic Movement\",\"publisher\":{\"@id\":\"https:\\\/\\\/schoenstatt.com\\\/es\\\/#organization\"},\"potentialAction\":[{\"@type\":\"SearchAction\",\"target\":{\"@type\":\"EntryPoint\",\"urlTemplate\":\"https:\\\/\\\/schoenstatt.com\\\/es\\\/?s={search_term_string}\"},\"query-input\":{\"@type\":\"PropertyValueSpecification\",\"valueRequired\":true,\"valueName\":\"search_term_string\"}}],\"inLanguage\":\"es\"},{\"@type\":\"Organization\",\"@id\":\"https:\\\/\\\/schoenstatt.com\\\/es\\\/#organization\",\"name\":\"Schoenstatt\",\"url\":\"https:\\\/\\\/schoenstatt.com\\\/es\\\/\",\"logo\":{\"@type\":\"ImageObject\",\"inLanguage\":\"es\",\"@id\":\"https:\\\/\\\/schoenstatt.com\\\/es\\\/#\\\/schema\\\/logo\\\/image\\\/\",\"url\":\"https:\\\/\\\/schoenstatt.com\\\/wp-content\\\/uploads\\\/2025\\\/04\\\/logo-schoenstatt-white-696x696-1.png\",\"contentUrl\":\"https:\\\/\\\/schoenstatt.com\\\/wp-content\\\/uploads\\\/2025\\\/04\\\/logo-schoenstatt-white-696x696-1.png\",\"width\":696,\"height\":694,\"caption\":\"Schoenstatt\"},\"image\":{\"@id\":\"https:\\\/\\\/schoenstatt.com\\\/es\\\/#\\\/schema\\\/logo\\\/image\\\/\"}},{\"@type\":\"Person\",\"@id\":\"https:\\\/\\\/schoenstatt.com\\\/es\\\/#\\\/schema\\\/person\\\/5158877ad4acae98b34daaeef2a1ce6e\",\"name\":\"Karen Bueno\",\"image\":{\"@type\":\"ImageObject\",\"inLanguage\":\"es\",\"@id\":\"https:\\\/\\\/secure.gravatar.com\\\/avatar\\\/f9f4b823873154269d2b2130f195f6d41037dd0d7fc5f3cacb5c846bae70d66b?s=96&d=mm&r=g\",\"url\":\"https:\\\/\\\/secure.gravatar.com\\\/avatar\\\/f9f4b823873154269d2b2130f195f6d41037dd0d7fc5f3cacb5c846bae70d66b?s=96&d=mm&r=g\",\"contentUrl\":\"https:\\\/\\\/secure.gravatar.com\\\/avatar\\\/f9f4b823873154269d2b2130f195f6d41037dd0d7fc5f3cacb5c846bae70d66b?s=96&d=mm&r=g\",\"caption\":\"Karen Bueno\"},\"url\":\"https:\\\/\\\/schoenstatt.com\\\/es\\\/author\\\/karen-bueno\\\/\"}]}<\/script>\n<!-- \/ Yoast SEO Premium plugin. -->","yoast_head_json":{"title":"Alemania: Cadena humana por la paz en Ucrania, en el Centro de Schoenstatt","description":"Unas 150 personas acudieron al Centro de Schoenstatt de la di\u00f3cesis de Fulda para rezar por la paz y dar un signo de solidaridad con Ucrania.","robots":{"index":"index","follow":"follow","max-snippet":"max-snippet:-1","max-image-preview":"max-image-preview:large","max-video-preview":"max-video-preview:-1"},"canonical":"https:\/\/schoenstatt.com\/es\/alemania-cadena-humana-por-la-paz-en-ucrania-en-el-centro-de-schoenstatt\/","og_locale":"es_ES","og_type":"article","og_title":"Alemania: Cadena humana por la paz en Ucrania, en el Centro de Schoenstatt","og_description":"Unas 150 personas acudieron al Centro de Schoenstatt de la di\u00f3cesis de Fulda para rezar por la paz y dar un signo de solidaridad con Ucrania.","og_url":"https:\/\/schoenstatt.com\/es\/alemania-cadena-humana-por-la-paz-en-ucrania-en-el-centro-de-schoenstatt\/","og_site_name":"Schoenstatt","article_published_time":"2022-03-28T19:32:12+00:00","article_modified_time":"2025-05-15T16:27:34+00:00","og_image":[{"width":468,"height":308,"url":"https:\/\/schoenstatt.com\/wp-content\/uploads\/2022\/03\/Dietershausen-2.png","type":"image\/png"}],"author":"Karen Bueno","twitter_card":"summary_large_image","twitter_misc":{"Escrito por":"Karen Bueno","Tiempo de lectura":"3 minutos"},"schema":{"@context":"https:\/\/schema.org","@graph":[{"@type":"Article","@id":"https:\/\/schoenstatt.com\/es\/alemania-cadena-humana-por-la-paz-en-ucrania-en-el-centro-de-schoenstatt\/#article","isPartOf":{"@id":"https:\/\/schoenstatt.com\/es\/alemania-cadena-humana-por-la-paz-en-ucrania-en-el-centro-de-schoenstatt\/"},"author":{"name":"Karen Bueno","@id":"https:\/\/schoenstatt.com\/es\/#\/schema\/person\/5158877ad4acae98b34daaeef2a1ce6e"},"headline":"Alemania: Cadena humana por la paz en Ucrania, en el Centro de Schoenstatt","datePublished":"2022-03-28T19:32:12+00:00","dateModified":"2025-05-15T16:27:34+00:00","mainEntityOfPage":{"@id":"https:\/\/schoenstatt.com\/es\/alemania-cadena-humana-por-la-paz-en-ucrania-en-el-centro-de-schoenstatt\/"},"wordCount":630,"publisher":{"@id":"https:\/\/schoenstatt.com\/es\/#organization"},"image":{"@id":"https:\/\/schoenstatt.com\/es\/alemania-cadena-humana-por-la-paz-en-ucrania-en-el-centro-de-schoenstatt\/#primaryimage"},"thumbnailUrl":"https:\/\/schoenstatt.com\/wp-content\/uploads\/2022\/03\/Dietershausen-2.png","articleSection":["Familia","Pa\u00edses"],"inLanguage":"es"},{"@type":"WebPage","@id":"https:\/\/schoenstatt.com\/es\/alemania-cadena-humana-por-la-paz-en-ucrania-en-el-centro-de-schoenstatt\/","url":"https:\/\/schoenstatt.com\/es\/alemania-cadena-humana-por-la-paz-en-ucrania-en-el-centro-de-schoenstatt\/","name":"Alemania: Cadena humana por la paz en Ucrania, en el Centro de Schoenstatt","isPartOf":{"@id":"https:\/\/schoenstatt.com\/es\/#website"},"primaryImageOfPage":{"@id":"https:\/\/schoenstatt.com\/es\/alemania-cadena-humana-por-la-paz-en-ucrania-en-el-centro-de-schoenstatt\/#primaryimage"},"image":{"@id":"https:\/\/schoenstatt.com\/es\/alemania-cadena-humana-por-la-paz-en-ucrania-en-el-centro-de-schoenstatt\/#primaryimage"},"thumbnailUrl":"https:\/\/schoenstatt.com\/wp-content\/uploads\/2022\/03\/Dietershausen-2.png","datePublished":"2022-03-28T19:32:12+00:00","dateModified":"2025-05-15T16:27:34+00:00","description":"Unas 150 personas acudieron al Centro de Schoenstatt de la di\u00f3cesis de Fulda para rezar por la paz y dar un signo de solidaridad con Ucrania.","breadcrumb":{"@id":"https:\/\/schoenstatt.com\/es\/alemania-cadena-humana-por-la-paz-en-ucrania-en-el-centro-de-schoenstatt\/#breadcrumb"},"inLanguage":"es","potentialAction":[{"@type":"ReadAction","target":["https:\/\/schoenstatt.com\/es\/alemania-cadena-humana-por-la-paz-en-ucrania-en-el-centro-de-schoenstatt\/"]}]},{"@type":"ImageObject","inLanguage":"es","@id":"https:\/\/schoenstatt.com\/es\/alemania-cadena-humana-por-la-paz-en-ucrania-en-el-centro-de-schoenstatt\/#primaryimage","url":"https:\/\/schoenstatt.com\/wp-content\/uploads\/2022\/03\/Dietershausen-2.png","contentUrl":"https:\/\/schoenstatt.com\/wp-content\/uploads\/2022\/03\/Dietershausen-2.png","width":468,"height":308,"caption":"Menschenkette"},{"@type":"BreadcrumbList","@id":"https:\/\/schoenstatt.com\/es\/alemania-cadena-humana-por-la-paz-en-ucrania-en-el-centro-de-schoenstatt\/#breadcrumb","itemListElement":[{"@type":"ListItem","position":1,"name":"Portada","item":"https:\/\/schoenstatt.com\/es\/home\/"},{"@type":"ListItem","position":2,"name":"Alemania: Cadena humana por la paz en Ucrania, en el Centro de Schoenstatt"}]},{"@type":"WebSite","@id":"https:\/\/schoenstatt.com\/es\/#website","url":"https:\/\/schoenstatt.com\/es\/","name":"Schoenstatt","description":"Apostolic Movement","publisher":{"@id":"https:\/\/schoenstatt.com\/es\/#organization"},"potentialAction":[{"@type":"SearchAction","target":{"@type":"EntryPoint","urlTemplate":"https:\/\/schoenstatt.com\/es\/?s={search_term_string}"},"query-input":{"@type":"PropertyValueSpecification","valueRequired":true,"valueName":"search_term_string"}}],"inLanguage":"es"},{"@type":"Organization","@id":"https:\/\/schoenstatt.com\/es\/#organization","name":"Schoenstatt","url":"https:\/\/schoenstatt.com\/es\/","logo":{"@type":"ImageObject","inLanguage":"es","@id":"https:\/\/schoenstatt.com\/es\/#\/schema\/logo\/image\/","url":"https:\/\/schoenstatt.com\/wp-content\/uploads\/2025\/04\/logo-schoenstatt-white-696x696-1.png","contentUrl":"https:\/\/schoenstatt.com\/wp-content\/uploads\/2025\/04\/logo-schoenstatt-white-696x696-1.png","width":696,"height":694,"caption":"Schoenstatt"},"image":{"@id":"https:\/\/schoenstatt.com\/es\/#\/schema\/logo\/image\/"}},{"@type":"Person","@id":"https:\/\/schoenstatt.com\/es\/#\/schema\/person\/5158877ad4acae98b34daaeef2a1ce6e","name":"Karen Bueno","image":{"@type":"ImageObject","inLanguage":"es","@id":"https:\/\/secure.gravatar.com\/avatar\/f9f4b823873154269d2b2130f195f6d41037dd0d7fc5f3cacb5c846bae70d66b?s=96&d=mm&r=g","url":"https:\/\/secure.gravatar.com\/avatar\/f9f4b823873154269d2b2130f195f6d41037dd0d7fc5f3cacb5c846bae70d66b?s=96&d=mm&r=g","contentUrl":"https:\/\/secure.gravatar.com\/avatar\/f9f4b823873154269d2b2130f195f6d41037dd0d7fc5f3cacb5c846bae70d66b?s=96&d=mm&r=g","caption":"Karen Bueno"},"url":"https:\/\/schoenstatt.com\/es\/author\/karen-bueno\/"}]}},"_links":{"self":[{"href":"https:\/\/schoenstatt.com\/es\/wp-json\/wp\/v2\/posts\/24245","targetHints":{"allow":["GET"]}}],"collection":[{"href":"https:\/\/schoenstatt.com\/es\/wp-json\/wp\/v2\/posts"}],"about":[{"href":"https:\/\/schoenstatt.com\/es\/wp-json\/wp\/v2\/types\/post"}],"author":[{"embeddable":true,"href":"https:\/\/schoenstatt.com\/es\/wp-json\/wp\/v2\/users\/3"}],"replies":[{"embeddable":true,"href":"https:\/\/schoenstatt.com\/es\/wp-json\/wp\/v2\/comments?post=24245"}],"version-history":[{"count":1,"href":"https:\/\/schoenstatt.com\/es\/wp-json\/wp\/v2\/posts\/24245\/revisions"}],"predecessor-version":[{"id":45111,"href":"https:\/\/schoenstatt.com\/es\/wp-json\/wp\/v2\/posts\/24245\/revisions\/45111"}],"wp:featuredmedia":[{"embeddable":true,"href":"https:\/\/schoenstatt.com\/es\/wp-json\/wp\/v2\/media\/24052"}],"wp:attachment":[{"href":"https:\/\/schoenstatt.com\/es\/wp-json\/wp\/v2\/media?parent=24245"}],"wp:term":[{"taxonomy":"category","embeddable":true,"href":"https:\/\/schoenstatt.com\/es\/wp-json\/wp\/v2\/categories?post=24245"},{"taxonomy":"post_tag","embeddable":true,"href":"https:\/\/schoenstatt.com\/es\/wp-json\/wp\/v2\/tags?post=24245"}],"curies":[{"name":"wp","href":"https:\/\/api.w.org\/{rel}","templated":true}]}}