{"id":24070,"date":"2022-03-19T10:00:23","date_gmt":"2022-03-19T09:00:23","guid":{"rendered":"https:\/\/schoenstatt.com\/?p=24070"},"modified":"2026-03-19T13:08:29","modified_gmt":"2026-03-19T12:08:29","slug":"san-jose-esposo-de-la-santisima-virgen-maria","status":"publish","type":"post","link":"https:\/\/schoenstatt.com\/es\/san-jose-esposo-de-la-santisima-virgen-maria\/","title":{"rendered":"San Jos\u00e9, esposo de la Sant\u00edsima Virgen Mar\u00eda"},"content":{"rendered":"\n<p><em>\u00bfC\u00f3mo presentar a una persona de la cual se han escrito p\u00e1ginas y p\u00e1ginas, pero de la que se tienen pocos datos? \u00bfC\u00f3mo hablar de la figura de alguien&nbsp;que estuvo muy cerca de Jes\u00fas en su infancia y adolescencia, pero que, en cierto punto, no se habla de \u00e9l?<\/em><\/p>\n\n\n\n<p>San Jos\u00e9 es, sin lugar a dudas, un personaje importante en la vida de Jes\u00fas y de la Virgen Mar\u00eda.&nbsp;Su papel, aunque&nbsp;<strong>discreto y silencioso<\/strong>&nbsp;es crucial en la&nbsp;Historia de la Salvaci\u00f3n.&nbsp;Es el gran&nbsp;<strong>patriarca&nbsp;<\/strong>del Antiguo y del Nuevo Testamento.<\/p>\n\n\n\n<div style=\"height:30px\" aria-hidden=\"true\" class=\"wp-block-spacer\"><\/div>\n\n\n\n<figure class=\"wp-block-image aligncenter\"><img decoding=\"async\" src=\"https:\/\/schoenstatt.com\/wp-content\/uploads\/2022\/03\/IMG_2629-1-scaled-e1647273948338-2048x1457-1-1024x729.jpg\" alt=\"\" class=\"wp-image-24071\"\/><\/figure>\n\n\n\n<div style=\"height:26px\" aria-hidden=\"true\" class=\"wp-block-spacer\"><\/div>\n\n\n\n<h2 class=\"wp-block-heading has-medium-font-size\" id=\"h-cada-19-de-marzo-la-iglesia-celebra-la-solemnidad-de-san-jose\">Cada 19 de marzo, la Iglesia celebra la\u00a0solemnidad de San Jos\u00e9<\/h2>\n\n\n\n<p>Es interesante el t\u00edtulo con el cual la liturgia lo recuerda:&nbsp;Esposo de la Sant\u00edsima Virgen Mar\u00eda, mostrando su papel decisivo, ya que&nbsp;por el hecho de ser esposo de la Dulce Madre, tuvo el privilegio de ser el padre adoptivo de Jes\u00fas.<\/p>\n\n\n\n<p>Recordemos que el padre hebreo ten\u00eda la obligaci\u00f3n de ense\u00f1ar la ley y el estilo de vida propio del pueblo de Israel; entonces, es Jos\u00e9 quien ofrece a Jes\u00fas la formaci\u00f3n como israelita, ense\u00f1\u00e1ndole a observar los mandamientos, le da a conocer la Ley y las tradiciones del pueblo.&nbsp;<strong>\u00a1Jos\u00e9, por disposici\u00f3n divina, fue maestro de Jes\u00fas<\/strong>!&nbsp;Jos\u00e9 ense\u00f1\u00f3 a Jes\u00fas a orar, a amar a Dios Padre, a adorarlo con todo el coraz\u00f3n.<\/p>\n\n\n\n<p>Jes\u00fas, Rey de todo el universo, quiso ense\u00f1arnos la humildad y la obediencia, pues siendo el Soberano de todo, se hizo ni\u00f1o, dej\u00e1ndose ayudar y custodiar por Mar\u00eda Sant\u00edsima y Jos\u00e9. Jes\u00fas era Dios, Sabidur\u00eda encarnada, pero escondi\u00f3 su divinidad y vivi\u00f3 sujeto a sus padres <em>(\u201c\u00c9l regres\u00f3 con sus padres a Nazaret y viv\u00eda sujeto a ellos\u201d&nbsp;d<\/em>ice Lucas 2, 41-52)&nbsp;s\u00f3lo por amor a nosotros, para darnos ejemplo de&nbsp;hijos.<\/p>\n\n\n\n<p>Adem\u00e1s,<strong> \u00a1Qu\u00e9 gran padre fue<\/strong>!&nbsp;Jes\u00fas llama a Dios&nbsp;Abba&nbsp;(Padre), como llamaban los ni\u00f1os peque\u00f1os a su progenitor. Si Jes\u00fas llama y nos muestra a Dios de esta manera, es, sin duda, porque Jos\u00e9 habr\u00e1 sido un gran padre, reflejo de Aquel.&nbsp;Es Jos\u00e9 de Nazaret, quien ofrece al creyente de hoy la belleza de la paternidad, present\u00e1ndola como una oportunidad de colaborar en el plan salv\u00edfico de Dios.<\/p>\n\n\n\n<p>Otro detalle que quiero mencionar sobre San Jos\u00e9, es el adjetivo con el que San Mateo lo cualifica:<strong>&nbsp;justo<\/strong>. Esta palabra en la mentalidad b\u00edblica es sin\u00f3nimo de&nbsp;<strong>santo<\/strong>. Es decir, que el evangelista Mateo nos habla de la fama de santidad de la que gozaba Jos\u00e9 en su natal Nazaret. &nbsp;Por otro lado, el mismo evangelista, al presentar la genealog\u00eda de Jes\u00fas, sigue una estructura muy particular:&nbsp;\u2018X\u2019 fue padre de \u2018Y\u2019. Por ejemplo:&nbsp;<em>\u201cAbraham fue padre de Isaac; Isaac padre de Jacob<\/em>\u201d&nbsp;(Mt 1,2) y as\u00ed sucesivamente, hasta que llega al momento de presentar a Jos\u00e9 que no dice: \u201cJos\u00e9 fue padre de Jes\u00fas\u201d siguiendo la l\u00f3gica con la que hab\u00eda presentado a los dem\u00e1s personajes, sino que dice&nbsp;<em>\u201cJacob fue padre de Jos\u00e9, el esposo de Mar\u00eda, de la cual naci\u00f3 Jes\u00fas\u201d&nbsp;(<\/em>Mt 1,16).<\/p>\n\n\n\n<div style=\"height:29px\" aria-hidden=\"true\" class=\"wp-block-spacer\"><\/div>\n\n\n\n<figure class=\"wp-block-image aligncenter\"><img decoding=\"async\" src=\"https:\/\/schoenstatt.com\/wp-content\/uploads\/2022\/03\/IMG_8763-2048x1365.jpg-1024x683.webp\" alt=\"\" class=\"wp-image-24075\"\/><\/figure>\n\n\n\n<div style=\"height:30px\" aria-hidden=\"true\" class=\"wp-block-spacer\"><\/div>\n\n\n\n<p>Es Jos\u00e9 el patriarca justo y obediente, que busca cumplir en todo momento la voluntad de Dios; aun a costa de romper con sus planes y proyectos. Es el hombre que se deja guiar por el Se\u00f1or, aun cuando las cosas no estuviesen del todo claras. \u00c9l se abre a la voluntad de Dios, y colabora con su plan de salvaci\u00f3n de forma activa.&nbsp;La&nbsp;figura de San Jos\u00e9, en el evangelio, es presentada como la de un hombre silencioso (no se reporta ninguna frase dicha por \u00e9l), que&nbsp;se deja guiar&nbsp;por aquello que el Dios de Israel, el Dios de sus padres, le revela en sue\u00f1os.<\/p>\n\n\n\n<h3 class=\"wp-block-heading\" id=\"h-san-jose-nos-ensena-tambien-la-belleza-de-la-busqueda-y-el-cumplimiento-de-la-voluntad-de-dios-delante-de-toda-adversidad\" style=\"font-size:17px\">San Jos\u00e9 nos ense\u00f1a tambi\u00e9n la belleza de la b\u00fasqueda y el cumplimiento de la voluntad de Dios delante de toda adversidad.<\/h3>\n\n\n\n<p>No fue todo color de rosa en su vida;\u00a0afront\u00f3 momentos dif\u00edciles, por ejemplo al no encontrar un lugar para ellos en Bel\u00e9n, al tener que huir hacia Egipto, al buscar lleno de angustia a Jes\u00fas en el templo.\u00a0Sin embargo, se dej\u00f3 siempre guiar por Dios.<\/p>\n\n\n\n<p>San Jos\u00e9 es el patrono de la Iglesia, y se nos presenta como modelo y protector.\u00a0Modelo para imitar en su\u00a0obediencia\u00a0a la voluntad de Dios, en su\u00a0amor\u00a0por Jes\u00fas y por Mar\u00eda, como en su\u00a0humildad\u00a0y\u00a0entrega; en su\u00a0dedicaci\u00f3n\u00a0y\u00a0compromiso.<\/p>\n\n\n\n<p>Pidamos a San Jos\u00e9, esposo y padre elegido por Dios para conducir la <a href=\"https:\/\/schoenstatt.com\/es\/espiritualidad\/san-jose-nos-inspira-a-vivir-con-alegria-el-ideal-de-la-sagrada-familia\/\">Sagrada Familia de Nazaret<\/a>, que proteja nuestras familias.<\/p>\n\n\n\n<p>Fuente: <a href=\"https:\/\/www.tolkian.com\/\">tolkian.com<\/a><\/p>\n","protected":false},"excerpt":{"rendered":"<p>\u00bfC\u00f3mo presentar a una persona de la cual se han escrito p\u00e1ginas y p\u00e1ginas, pero de la que se tienen pocos datos?<\/p>\n","protected":false},"author":3,"featured_media":24087,"comment_status":"closed","ping_status":"closed","sticky":false,"template":"","format":"standard","meta":{"footnotes":""},"categories":[917,683],"tags":[],"class_list":["post-24070","post","type-post","status-publish","format-standard","has-post-thumbnail","hentry","category-espiritualidad-es","category-iglesia-es"],"yoast_head":"<!-- This site is optimized with the Yoast SEO Premium plugin v27.4 (Yoast SEO v27.4) - https:\/\/yoast.com\/product\/yoast-seo-premium-wordpress\/ -->\n<title>San Jos\u00e9, esposo de la Sant\u00edsima Virgen Mar\u00eda - Schoenstatt<\/title>\n<meta name=\"description\" content=\"\u00bfC\u00f3mo presentar a una persona de la cual se han escrito p\u00e1ginas y p\u00e1ginas, pero de la que se tienen pocos datos?\" \/>\n<meta name=\"robots\" content=\"index, follow, max-snippet:-1, max-image-preview:large, max-video-preview:-1\" \/>\n<link rel=\"canonical\" href=\"https:\/\/schoenstatt.com\/es\/san-jose-esposo-de-la-santisima-virgen-maria\/\" \/>\n<meta property=\"og:locale\" content=\"es_ES\" \/>\n<meta property=\"og:type\" content=\"article\" \/>\n<meta property=\"og:title\" content=\"San Jos\u00e9, esposo de la Sant\u00edsima Virgen Mar\u00eda\" \/>\n<meta property=\"og:description\" content=\"\u00bfC\u00f3mo presentar a una persona de la cual se han escrito p\u00e1ginas y p\u00e1ginas, pero de la que se tienen pocos datos?\" \/>\n<meta property=\"og:url\" content=\"https:\/\/schoenstatt.com\/es\/san-jose-esposo-de-la-santisima-virgen-maria\/\" \/>\n<meta property=\"og:site_name\" content=\"Schoenstatt\" \/>\n<meta property=\"article:published_time\" content=\"2022-03-19T09:00:23+00:00\" \/>\n<meta property=\"article:modified_time\" content=\"2026-03-19T12:08:29+00:00\" \/>\n<meta property=\"og:image\" content=\"https:\/\/schoenstatt.com\/wp-content\/uploads\/2022\/03\/cathopic_1508089139853105-scaled-1.jpg\" \/>\n\t<meta property=\"og:image:width\" content=\"2560\" \/>\n\t<meta property=\"og:image:height\" content=\"1920\" \/>\n\t<meta property=\"og:image:type\" content=\"image\/jpeg\" \/>\n<meta name=\"author\" content=\"Karen Bueno\" \/>\n<meta name=\"twitter:card\" content=\"summary_large_image\" \/>\n<meta name=\"twitter:label1\" content=\"Escrito por\" \/>\n\t<meta name=\"twitter:data1\" content=\"Karen Bueno\" \/>\n\t<meta name=\"twitter:label2\" content=\"Tiempo de lectura\" \/>\n\t<meta name=\"twitter:data2\" content=\"5 minutos\" \/>\n<script type=\"application\/ld+json\" class=\"yoast-schema-graph\">{\"@context\":\"https:\\\/\\\/schema.org\",\"@graph\":[{\"@type\":\"Article\",\"@id\":\"https:\\\/\\\/schoenstatt.com\\\/es\\\/san-jose-esposo-de-la-santisima-virgen-maria\\\/#article\",\"isPartOf\":{\"@id\":\"https:\\\/\\\/schoenstatt.com\\\/es\\\/san-jose-esposo-de-la-santisima-virgen-maria\\\/\"},\"author\":{\"name\":\"Karen Bueno\",\"@id\":\"https:\\\/\\\/schoenstatt.com\\\/es\\\/#\\\/schema\\\/person\\\/5158877ad4acae98b34daaeef2a1ce6e\"},\"headline\":\"San Jos\u00e9, esposo de la Sant\u00edsima Virgen Mar\u00eda\",\"datePublished\":\"2022-03-19T09:00:23+00:00\",\"dateModified\":\"2026-03-19T12:08:29+00:00\",\"mainEntityOfPage\":{\"@id\":\"https:\\\/\\\/schoenstatt.com\\\/es\\\/san-jose-esposo-de-la-santisima-virgen-maria\\\/\"},\"wordCount\":847,\"publisher\":{\"@id\":\"https:\\\/\\\/schoenstatt.com\\\/es\\\/#organization\"},\"image\":{\"@id\":\"https:\\\/\\\/schoenstatt.com\\\/es\\\/san-jose-esposo-de-la-santisima-virgen-maria\\\/#primaryimage\"},\"thumbnailUrl\":\"https:\\\/\\\/schoenstatt.com\\\/wp-content\\\/uploads\\\/2022\\\/03\\\/cathopic_1508089139853105-scaled-1.jpg\",\"articleSection\":[\"Espiritualidad\",\"Iglesia\"],\"inLanguage\":\"es\"},{\"@type\":\"WebPage\",\"@id\":\"https:\\\/\\\/schoenstatt.com\\\/es\\\/san-jose-esposo-de-la-santisima-virgen-maria\\\/\",\"url\":\"https:\\\/\\\/schoenstatt.com\\\/es\\\/san-jose-esposo-de-la-santisima-virgen-maria\\\/\",\"name\":\"San Jos\u00e9, esposo de la Sant\u00edsima Virgen Mar\u00eda - Schoenstatt\",\"isPartOf\":{\"@id\":\"https:\\\/\\\/schoenstatt.com\\\/es\\\/#website\"},\"primaryImageOfPage\":{\"@id\":\"https:\\\/\\\/schoenstatt.com\\\/es\\\/san-jose-esposo-de-la-santisima-virgen-maria\\\/#primaryimage\"},\"image\":{\"@id\":\"https:\\\/\\\/schoenstatt.com\\\/es\\\/san-jose-esposo-de-la-santisima-virgen-maria\\\/#primaryimage\"},\"thumbnailUrl\":\"https:\\\/\\\/schoenstatt.com\\\/wp-content\\\/uploads\\\/2022\\\/03\\\/cathopic_1508089139853105-scaled-1.jpg\",\"datePublished\":\"2022-03-19T09:00:23+00:00\",\"dateModified\":\"2026-03-19T12:08:29+00:00\",\"description\":\"\u00bfC\u00f3mo presentar a una persona de la cual se han escrito p\u00e1ginas y p\u00e1ginas, pero de la que se tienen pocos datos?\",\"breadcrumb\":{\"@id\":\"https:\\\/\\\/schoenstatt.com\\\/es\\\/san-jose-esposo-de-la-santisima-virgen-maria\\\/#breadcrumb\"},\"inLanguage\":\"es\",\"potentialAction\":[{\"@type\":\"ReadAction\",\"target\":[\"https:\\\/\\\/schoenstatt.com\\\/es\\\/san-jose-esposo-de-la-santisima-virgen-maria\\\/\"]}]},{\"@type\":\"ImageObject\",\"inLanguage\":\"es\",\"@id\":\"https:\\\/\\\/schoenstatt.com\\\/es\\\/san-jose-esposo-de-la-santisima-virgen-maria\\\/#primaryimage\",\"url\":\"https:\\\/\\\/schoenstatt.com\\\/wp-content\\\/uploads\\\/2022\\\/03\\\/cathopic_1508089139853105-scaled-1.jpg\",\"contentUrl\":\"https:\\\/\\\/schoenstatt.com\\\/wp-content\\\/uploads\\\/2022\\\/03\\\/cathopic_1508089139853105-scaled-1.jpg\",\"width\":2560,\"height\":1920,\"caption\":\"San Jos\u00e9\"},{\"@type\":\"BreadcrumbList\",\"@id\":\"https:\\\/\\\/schoenstatt.com\\\/es\\\/san-jose-esposo-de-la-santisima-virgen-maria\\\/#breadcrumb\",\"itemListElement\":[{\"@type\":\"ListItem\",\"position\":1,\"name\":\"Portada\",\"item\":\"https:\\\/\\\/schoenstatt.com\\\/es\\\/home\\\/\"},{\"@type\":\"ListItem\",\"position\":2,\"name\":\"San Jos\u00e9, esposo de la Sant\u00edsima Virgen Mar\u00eda\"}]},{\"@type\":\"WebSite\",\"@id\":\"https:\\\/\\\/schoenstatt.com\\\/es\\\/#website\",\"url\":\"https:\\\/\\\/schoenstatt.com\\\/es\\\/\",\"name\":\"Schoenstatt\",\"description\":\"Apostolic Movement\",\"publisher\":{\"@id\":\"https:\\\/\\\/schoenstatt.com\\\/es\\\/#organization\"},\"potentialAction\":[{\"@type\":\"SearchAction\",\"target\":{\"@type\":\"EntryPoint\",\"urlTemplate\":\"https:\\\/\\\/schoenstatt.com\\\/es\\\/?s={search_term_string}\"},\"query-input\":{\"@type\":\"PropertyValueSpecification\",\"valueRequired\":true,\"valueName\":\"search_term_string\"}}],\"inLanguage\":\"es\"},{\"@type\":\"Organization\",\"@id\":\"https:\\\/\\\/schoenstatt.com\\\/es\\\/#organization\",\"name\":\"Schoenstatt\",\"url\":\"https:\\\/\\\/schoenstatt.com\\\/es\\\/\",\"logo\":{\"@type\":\"ImageObject\",\"inLanguage\":\"es\",\"@id\":\"https:\\\/\\\/schoenstatt.com\\\/es\\\/#\\\/schema\\\/logo\\\/image\\\/\",\"url\":\"https:\\\/\\\/schoenstatt.com\\\/wp-content\\\/uploads\\\/2025\\\/04\\\/logo-schoenstatt-white-696x696-1.png\",\"contentUrl\":\"https:\\\/\\\/schoenstatt.com\\\/wp-content\\\/uploads\\\/2025\\\/04\\\/logo-schoenstatt-white-696x696-1.png\",\"width\":696,\"height\":694,\"caption\":\"Schoenstatt\"},\"image\":{\"@id\":\"https:\\\/\\\/schoenstatt.com\\\/es\\\/#\\\/schema\\\/logo\\\/image\\\/\"}},{\"@type\":\"Person\",\"@id\":\"https:\\\/\\\/schoenstatt.com\\\/es\\\/#\\\/schema\\\/person\\\/5158877ad4acae98b34daaeef2a1ce6e\",\"name\":\"Karen Bueno\",\"image\":{\"@type\":\"ImageObject\",\"inLanguage\":\"es\",\"@id\":\"https:\\\/\\\/secure.gravatar.com\\\/avatar\\\/f9f4b823873154269d2b2130f195f6d41037dd0d7fc5f3cacb5c846bae70d66b?s=96&d=mm&r=g\",\"url\":\"https:\\\/\\\/secure.gravatar.com\\\/avatar\\\/f9f4b823873154269d2b2130f195f6d41037dd0d7fc5f3cacb5c846bae70d66b?s=96&d=mm&r=g\",\"contentUrl\":\"https:\\\/\\\/secure.gravatar.com\\\/avatar\\\/f9f4b823873154269d2b2130f195f6d41037dd0d7fc5f3cacb5c846bae70d66b?s=96&d=mm&r=g\",\"caption\":\"Karen Bueno\"},\"url\":\"https:\\\/\\\/schoenstatt.com\\\/es\\\/author\\\/karen-bueno\\\/\"}]}<\/script>\n<!-- \/ Yoast SEO Premium plugin. -->","yoast_head_json":{"title":"San Jos\u00e9, esposo de la Sant\u00edsima Virgen Mar\u00eda - Schoenstatt","description":"\u00bfC\u00f3mo presentar a una persona de la cual se han escrito p\u00e1ginas y p\u00e1ginas, pero de la que se tienen pocos datos?","robots":{"index":"index","follow":"follow","max-snippet":"max-snippet:-1","max-image-preview":"max-image-preview:large","max-video-preview":"max-video-preview:-1"},"canonical":"https:\/\/schoenstatt.com\/es\/san-jose-esposo-de-la-santisima-virgen-maria\/","og_locale":"es_ES","og_type":"article","og_title":"San Jos\u00e9, esposo de la Sant\u00edsima Virgen Mar\u00eda","og_description":"\u00bfC\u00f3mo presentar a una persona de la cual se han escrito p\u00e1ginas y p\u00e1ginas, pero de la que se tienen pocos datos?","og_url":"https:\/\/schoenstatt.com\/es\/san-jose-esposo-de-la-santisima-virgen-maria\/","og_site_name":"Schoenstatt","article_published_time":"2022-03-19T09:00:23+00:00","article_modified_time":"2026-03-19T12:08:29+00:00","og_image":[{"width":2560,"height":1920,"url":"https:\/\/schoenstatt.com\/wp-content\/uploads\/2022\/03\/cathopic_1508089139853105-scaled-1.jpg","type":"image\/jpeg"}],"author":"Karen Bueno","twitter_card":"summary_large_image","twitter_misc":{"Escrito por":"Karen Bueno","Tiempo de lectura":"5 minutos"},"schema":{"@context":"https:\/\/schema.org","@graph":[{"@type":"Article","@id":"https:\/\/schoenstatt.com\/es\/san-jose-esposo-de-la-santisima-virgen-maria\/#article","isPartOf":{"@id":"https:\/\/schoenstatt.com\/es\/san-jose-esposo-de-la-santisima-virgen-maria\/"},"author":{"name":"Karen Bueno","@id":"https:\/\/schoenstatt.com\/es\/#\/schema\/person\/5158877ad4acae98b34daaeef2a1ce6e"},"headline":"San Jos\u00e9, esposo de la Sant\u00edsima Virgen Mar\u00eda","datePublished":"2022-03-19T09:00:23+00:00","dateModified":"2026-03-19T12:08:29+00:00","mainEntityOfPage":{"@id":"https:\/\/schoenstatt.com\/es\/san-jose-esposo-de-la-santisima-virgen-maria\/"},"wordCount":847,"publisher":{"@id":"https:\/\/schoenstatt.com\/es\/#organization"},"image":{"@id":"https:\/\/schoenstatt.com\/es\/san-jose-esposo-de-la-santisima-virgen-maria\/#primaryimage"},"thumbnailUrl":"https:\/\/schoenstatt.com\/wp-content\/uploads\/2022\/03\/cathopic_1508089139853105-scaled-1.jpg","articleSection":["Espiritualidad","Iglesia"],"inLanguage":"es"},{"@type":"WebPage","@id":"https:\/\/schoenstatt.com\/es\/san-jose-esposo-de-la-santisima-virgen-maria\/","url":"https:\/\/schoenstatt.com\/es\/san-jose-esposo-de-la-santisima-virgen-maria\/","name":"San Jos\u00e9, esposo de la Sant\u00edsima Virgen Mar\u00eda - Schoenstatt","isPartOf":{"@id":"https:\/\/schoenstatt.com\/es\/#website"},"primaryImageOfPage":{"@id":"https:\/\/schoenstatt.com\/es\/san-jose-esposo-de-la-santisima-virgen-maria\/#primaryimage"},"image":{"@id":"https:\/\/schoenstatt.com\/es\/san-jose-esposo-de-la-santisima-virgen-maria\/#primaryimage"},"thumbnailUrl":"https:\/\/schoenstatt.com\/wp-content\/uploads\/2022\/03\/cathopic_1508089139853105-scaled-1.jpg","datePublished":"2022-03-19T09:00:23+00:00","dateModified":"2026-03-19T12:08:29+00:00","description":"\u00bfC\u00f3mo presentar a una persona de la cual se han escrito p\u00e1ginas y p\u00e1ginas, pero de la que se tienen pocos datos?","breadcrumb":{"@id":"https:\/\/schoenstatt.com\/es\/san-jose-esposo-de-la-santisima-virgen-maria\/#breadcrumb"},"inLanguage":"es","potentialAction":[{"@type":"ReadAction","target":["https:\/\/schoenstatt.com\/es\/san-jose-esposo-de-la-santisima-virgen-maria\/"]}]},{"@type":"ImageObject","inLanguage":"es","@id":"https:\/\/schoenstatt.com\/es\/san-jose-esposo-de-la-santisima-virgen-maria\/#primaryimage","url":"https:\/\/schoenstatt.com\/wp-content\/uploads\/2022\/03\/cathopic_1508089139853105-scaled-1.jpg","contentUrl":"https:\/\/schoenstatt.com\/wp-content\/uploads\/2022\/03\/cathopic_1508089139853105-scaled-1.jpg","width":2560,"height":1920,"caption":"San Jos\u00e9"},{"@type":"BreadcrumbList","@id":"https:\/\/schoenstatt.com\/es\/san-jose-esposo-de-la-santisima-virgen-maria\/#breadcrumb","itemListElement":[{"@type":"ListItem","position":1,"name":"Portada","item":"https:\/\/schoenstatt.com\/es\/home\/"},{"@type":"ListItem","position":2,"name":"San Jos\u00e9, esposo de la Sant\u00edsima Virgen Mar\u00eda"}]},{"@type":"WebSite","@id":"https:\/\/schoenstatt.com\/es\/#website","url":"https:\/\/schoenstatt.com\/es\/","name":"Schoenstatt","description":"Apostolic Movement","publisher":{"@id":"https:\/\/schoenstatt.com\/es\/#organization"},"potentialAction":[{"@type":"SearchAction","target":{"@type":"EntryPoint","urlTemplate":"https:\/\/schoenstatt.com\/es\/?s={search_term_string}"},"query-input":{"@type":"PropertyValueSpecification","valueRequired":true,"valueName":"search_term_string"}}],"inLanguage":"es"},{"@type":"Organization","@id":"https:\/\/schoenstatt.com\/es\/#organization","name":"Schoenstatt","url":"https:\/\/schoenstatt.com\/es\/","logo":{"@type":"ImageObject","inLanguage":"es","@id":"https:\/\/schoenstatt.com\/es\/#\/schema\/logo\/image\/","url":"https:\/\/schoenstatt.com\/wp-content\/uploads\/2025\/04\/logo-schoenstatt-white-696x696-1.png","contentUrl":"https:\/\/schoenstatt.com\/wp-content\/uploads\/2025\/04\/logo-schoenstatt-white-696x696-1.png","width":696,"height":694,"caption":"Schoenstatt"},"image":{"@id":"https:\/\/schoenstatt.com\/es\/#\/schema\/logo\/image\/"}},{"@type":"Person","@id":"https:\/\/schoenstatt.com\/es\/#\/schema\/person\/5158877ad4acae98b34daaeef2a1ce6e","name":"Karen Bueno","image":{"@type":"ImageObject","inLanguage":"es","@id":"https:\/\/secure.gravatar.com\/avatar\/f9f4b823873154269d2b2130f195f6d41037dd0d7fc5f3cacb5c846bae70d66b?s=96&d=mm&r=g","url":"https:\/\/secure.gravatar.com\/avatar\/f9f4b823873154269d2b2130f195f6d41037dd0d7fc5f3cacb5c846bae70d66b?s=96&d=mm&r=g","contentUrl":"https:\/\/secure.gravatar.com\/avatar\/f9f4b823873154269d2b2130f195f6d41037dd0d7fc5f3cacb5c846bae70d66b?s=96&d=mm&r=g","caption":"Karen Bueno"},"url":"https:\/\/schoenstatt.com\/es\/author\/karen-bueno\/"}]}},"_links":{"self":[{"href":"https:\/\/schoenstatt.com\/es\/wp-json\/wp\/v2\/posts\/24070","targetHints":{"allow":["GET"]}}],"collection":[{"href":"https:\/\/schoenstatt.com\/es\/wp-json\/wp\/v2\/posts"}],"about":[{"href":"https:\/\/schoenstatt.com\/es\/wp-json\/wp\/v2\/types\/post"}],"author":[{"embeddable":true,"href":"https:\/\/schoenstatt.com\/es\/wp-json\/wp\/v2\/users\/3"}],"replies":[{"embeddable":true,"href":"https:\/\/schoenstatt.com\/es\/wp-json\/wp\/v2\/comments?post=24070"}],"version-history":[{"count":2,"href":"https:\/\/schoenstatt.com\/es\/wp-json\/wp\/v2\/posts\/24070\/revisions"}],"predecessor-version":[{"id":69056,"href":"https:\/\/schoenstatt.com\/es\/wp-json\/wp\/v2\/posts\/24070\/revisions\/69056"}],"wp:featuredmedia":[{"embeddable":true,"href":"https:\/\/schoenstatt.com\/es\/wp-json\/wp\/v2\/media\/24087"}],"wp:attachment":[{"href":"https:\/\/schoenstatt.com\/es\/wp-json\/wp\/v2\/media?parent=24070"}],"wp:term":[{"taxonomy":"category","embeddable":true,"href":"https:\/\/schoenstatt.com\/es\/wp-json\/wp\/v2\/categories?post=24070"},{"taxonomy":"post_tag","embeddable":true,"href":"https:\/\/schoenstatt.com\/es\/wp-json\/wp\/v2\/tags?post=24070"}],"curies":[{"name":"wp","href":"https:\/\/api.w.org\/{rel}","templated":true}]}}