{"id":23952,"date":"2022-03-09T09:00:31","date_gmt":"2022-03-09T08:00:31","guid":{"rendered":"https:\/\/schoenstatt.com\/?p=23952"},"modified":"2025-05-15T18:35:22","modified_gmt":"2025-05-15T16:35:22","slug":"marzo-por-una-respuesta-cristiana-a-los-retos-de-la-bioetica","status":"publish","type":"post","link":"https:\/\/schoenstatt.com\/es\/marzo-por-una-respuesta-cristiana-a-los-retos-de-la-bioetica\/","title":{"rendered":"MARZO | Por una respuesta cristiana a los retos de la bio\u00e9tica"},"content":{"rendered":"<p style=\"text-align: center;\">Recemos para que los cristianos, ante los nuevos desaf\u00edos de la bio\u00e9tica, promuevan siempre la defensa de la vida a trav\u00e9s de la oraci\u00f3n y de la acci\u00f3n social.<\/p>\n<p style=\"text-align: center;\"><strong>Papa Francisco \u2013 Marzo 2022<\/strong><\/p>\n<p>&nbsp;<\/p>\n<p><iframe title=\"Por una respuesta cristiana a los retos de la bio\u00e9tica \u2013 El Video del Papa 03 \u2013 Marzo 2022\" width=\"800\" height=\"450\" src=\"https:\/\/www.youtube.com\/embed\/kjufGLoBSoE?feature=oembed\" frameborder=\"0\" allow=\"accelerometer; autoplay; clipboard-write; encrypted-media; gyroscope; picture-in-picture; web-share\" referrerpolicy=\"strict-origin-when-cross-origin\" allowfullscreen><\/iframe><\/p>\n<p><em>Recemos para que podamos dar una respuesta cristiana a los retos de la bio\u00e9tica.<\/em><\/p>\n<p><em>Evidentemente que la ciencia ha progresado y hoy d\u00eda la bio\u00e9tica nos presenta una serie de problemas a los cuales tenemos que responder, no esconder la cabeza como el avestruz.<\/em><br \/>\n<em>Las aplicaciones biotecnol\u00f3gicas deben usarse siempre bas\u00e1ndose en el respeto de la dignidad humana.<\/em><br \/>\n<em>Por ejemplo, no se puede tratar a los embriones humanos como material desechable, de descarte. En esta cultura del descarte tambi\u00e9n entran ellos, no, no se puede, extendiendo as\u00ed esa cultura que hace tanto da\u00f1o.<\/em><br \/>\n<em>O dejar que las ganancias econ\u00f3micas condicionen la investigaci\u00f3n biom\u00e9dica.<\/em><br \/>\n<em>Tenemos que comprender los cambios profundos con que se est\u00e1 produciendo con un discernimiento a\u00fan m\u00e1s profundo, a\u00fan m\u00e1s sutil.<\/em><br \/>\n<em>No se trata de frenar el progreso tecnol\u00f3gico. No, hay que acompa\u00f1arlo. Se trata de proteger tanto la dignidad humana como el progreso. Es decir, no podemos pagar el precio de la dignidad humana por el progreso, no. Ambos van juntos y arm\u00f3nicamente juntos.<\/em><br \/>\n<em>Ante los nuevos desaf\u00edos que presenta la bio\u00e9tica, recemos para que los cristianos, mediante su oraci\u00f3n y su acci\u00f3n social, promuevan la defensa de la vida.<\/em><\/p>\n<h2><\/h2>\n<h2><strong><em>Comunicado de Prensa<\/em><\/strong><\/h2>\n<h3>\u00bfC\u00f3mo responder a los avances de la bio\u00e9tica? El Papa Francisco responde con un llamado a la defensa de la vida<\/h3>\n<ul>\n<li>El nuevo Video del Papa est\u00e1 dedicado a los retos de la bio\u00e9tica y c\u00f3mo responder a ellos desde la dignidad humana y la defensa de la vida.<\/li>\n<li>Consciente de los cambios profundos que el avance de la bio\u00e9tica provoca en el mundo, el Papa invita a acompa\u00f1arlos sin contribuir a la cultura del descarte y buscando aplicaciones biotecnol\u00f3gicas que sean responsables y respetuosas con la persona y el medio ambiente.<\/li>\n<li>Francisco llama a todos los cristianos a \u201cno esconder la cabeza como el avestruz\u201d y a promover la defensa de la vida.(Ciudad del Vaticano, 8 de marzo de 2022) \u2013 El\u00a0Video del Papa\u00a0de marzo acaba de publicarse con la intenci\u00f3n de oraci\u00f3n que<strong>\u00a0Francisco<\/strong>\u00a0conf\u00eda a toda la<strong>\u00a0Iglesia<\/strong> Cat\u00f3lica\u00a0a trav\u00e9s de la\u00a0<strong>Red Mundial de Oraci\u00f3n del Papa<\/strong>. Este mes, el\u00a0Santo Padre\u00a0aborda los nuevos retos que la bio\u00e9tica plantea al mundo de hoy y hace un llamado para que, frente a estos, se \u201cpromueva siempre la defensa de la vida a trav\u00e9s de la oraci\u00f3n y de la acci\u00f3n social\u201d. El video se ha realizado con la colaboraci\u00f3n de la\u00a0Pontificia Academia para la Vida.<\/li>\n<\/ul>\n<h3>\u00bfC\u00f3mo pensar la bio\u00e9tica desde una respuesta cristiana?<\/h3>\n<p>Nadie puede negar el progreso que la bio\u00e9tica ha demostrado en las \u00faltimas d\u00e9cadas. Esta disciplina, relativamente nueva, se dedica entre otras cosas a orientar y reflexionar sobre situaciones problem\u00e1ticas que abarcan aristas\u00a0econ\u00f3micas, sociales, ecol\u00f3gicas, \u00e9ticas, biom\u00e9dicas o biotecnol\u00f3gicas. En la intenci\u00f3n de oraci\u00f3n de marzo, el Santo Padre anima a no frenar el progreso que implica la bio\u00e9tica ni a \u201cescondernos\u201d de sus campos de acci\u00f3n y de investigaci\u00f3n.<\/p>\n<p>Los riesgos para los cristianos, que el\u00a0Papa Francisco\u00a0subraya en este video, son esencialmente dos. El primero es ver al progreso tecnol\u00f3gico como un enemigo y, por tanto, oponerse a \u00e9l en todos los sentidos e intentar \u201cfrenarlo\u201d. El segundo riesgo es sufrir pasivamente, haciendo como si nada ocurriera y llegando a \u00abesconder la cabeza como el avestruz\u00bb cuando se pone en duda el \u201crespeto a la dignidad humana\u00bb. S\u00f3lo hay una soluci\u00f3n: \u00abun discernimiento a\u00fan m\u00e1s profundo, a\u00fan m\u00e1s sutil\u00bb, para acompa\u00f1ar al progreso tecnol\u00f3gico en su camino al servicio del hombre.<\/p>\n<p>Este abordaje supone una apuesta recurrente del Papa a evitar la cultura del descarte, como el ejemplo de los embriones congelados que se desestiman como \u201cmaterial desechable\u201d. Y tambi\u00e9n supone no supeditar los estudios y aplicaciones bio\u00e9ticos a las \u201cganancias econ\u00f3micas\u201d, ya que \u201cno podemos pagar el precio de la dignidad humana por el progreso\u201d.<\/p>\n<p>Por este motivo,\u00a0Francisco\u00a0pide a los cristianos que \u00abpromuevan la defensa de la vida\u00bb: a trav\u00e9s de la \u00aboraci\u00f3n\u00bb -que sigue siendo el eje de las intenciones propuestas cada mes por el Pont\u00edfice y relanzadas por la Red Mundial de Oraci\u00f3n del Papa a trav\u00e9s de\u00a0El Video del Papa\u00a0y la app\u00a0Click To Pray-, pero tambi\u00e9n a trav\u00e9s de la \u00abacci\u00f3n social\u00bb. Los cristianos, en efecto, tienen la tarea de participar en el debate p\u00fablico haciendo o\u00edr su voz: con un lenguaje adecuado y con argumentos comprensibles en el contexto social actual -como ha recordado recientemente el Santo Padre\u00a0en la\u00a0Pontificia Academia para la Vida-, pero sin diluir los contenidos y reiterando siempre la necesidad del desarrollo humano integral.<\/p>\n<p>El\u00a0P. Fr\u00e9d\u00e9ric Fornos S.J., Director Internacional de la\u00a0Red Mundial de Oraci\u00f3n del Papa, coment\u00f3 a prop\u00f3sito de esta intenci\u00f3n: \u201cPapa Francisco siempre insiste en la necesidad de un mayor discernimiento para los desaf\u00edos de la bio\u00e9tica, sobre la necesidad de respetar la vida humana y de ninguna manera buscar sus propios intereses, en l\u00f3gicas de mercado que no tienen l\u00edmites. Son necesarios criterios de discernimiento que ayuden a salir de una cultura del descarte y promuevan el respeto de la vida en sentido integral, todo lo largo de la vida humana, del nacimiento a la muerte. Oremos para que ante los nuevos desaf\u00edos de la bio\u00e9tica podamos promover siempre, con la oraci\u00f3n y la acci\u00f3n social, la defensa de la vida\u201d.<\/p>\n<p>&nbsp;<\/p>\n<p><img fetchpriority=\"high\" decoding=\"async\" class=\"aligncenter wp-image-23953 size-full\" src=\"https:\/\/schoenstatt.com\/wp-content\/uploads\/2022\/03\/el-video-del-papa-scaled.jpg\" alt=\"\" width=\"646\" height=\"2560\" \/><\/p>\n<p>Fuente: <a href=\"https:\/\/thepopevideo.org\/\">https:\/\/thepopevideo.org\/<\/a><\/p>\n","protected":false},"excerpt":{"rendered":"<p>Recemos para que los cristianos, ante los nuevos desaf\u00edos de la bio\u00e9tica, promuevan siempre la defensa de la vida a trav\u00e9s de la oraci\u00f3n y de la acci\u00f3n social.<\/p>\n","protected":false},"author":3,"featured_media":23976,"comment_status":"closed","ping_status":"closed","sticky":false,"template":"","format":"standard","meta":{"footnotes":""},"categories":[800],"tags":[],"class_list":["post-23952","post","type-post","status-publish","format-standard","has-post-thumbnail","hentry","category-papa-francisco-es"],"yoast_head":"<!-- This site is optimized with the Yoast SEO Premium plugin v27.4 (Yoast SEO v27.4) - https:\/\/yoast.com\/product\/yoast-seo-premium-wordpress\/ -->\n<title>MARZO | Por una respuesta cristiana a los retos de la bio\u00e9tica - Schoenstatt<\/title>\n<meta name=\"description\" content=\"Recemos para que los cristianos, ante los nuevos desaf\u00edos de la bio\u00e9tica, promuevan siempre la defensa de la vida.\" \/>\n<meta name=\"robots\" content=\"index, follow, max-snippet:-1, max-image-preview:large, max-video-preview:-1\" \/>\n<link rel=\"canonical\" href=\"https:\/\/schoenstatt.com\/es\/marzo-por-una-respuesta-cristiana-a-los-retos-de-la-bioetica\/\" \/>\n<meta property=\"og:locale\" content=\"es_ES\" \/>\n<meta property=\"og:type\" content=\"article\" \/>\n<meta property=\"og:title\" content=\"MARZO | Por una respuesta cristiana a los retos de la bio\u00e9tica\" \/>\n<meta property=\"og:description\" content=\"Recemos para que los cristianos, ante los nuevos desaf\u00edos de la bio\u00e9tica, promuevan siempre la defensa de la vida.\" \/>\n<meta property=\"og:url\" content=\"https:\/\/schoenstatt.com\/es\/marzo-por-una-respuesta-cristiana-a-los-retos-de-la-bioetica\/\" \/>\n<meta property=\"og:site_name\" content=\"Schoenstatt\" \/>\n<meta property=\"article:published_time\" content=\"2022-03-09T08:00:31+00:00\" \/>\n<meta property=\"article:modified_time\" content=\"2025-05-15T16:35:22+00:00\" \/>\n<meta property=\"og:image\" content=\"https:\/\/schoenstatt.com\/wp-content\/uploads\/2022\/03\/papa-1.jpg\" \/>\n\t<meta property=\"og:image:width\" content=\"1150\" \/>\n\t<meta property=\"og:image:height\" content=\"690\" \/>\n\t<meta property=\"og:image:type\" content=\"image\/jpeg\" \/>\n<meta name=\"author\" content=\"Karen Bueno\" \/>\n<meta name=\"twitter:card\" content=\"summary_large_image\" \/>\n<meta name=\"twitter:label1\" content=\"Escrito por\" \/>\n\t<meta name=\"twitter:data1\" content=\"Karen Bueno\" \/>\n\t<meta name=\"twitter:label2\" content=\"Tiempo de lectura\" \/>\n\t<meta name=\"twitter:data2\" content=\"5 minutos\" \/>\n<script type=\"application\/ld+json\" class=\"yoast-schema-graph\">{\"@context\":\"https:\\\/\\\/schema.org\",\"@graph\":[{\"@type\":\"Article\",\"@id\":\"https:\\\/\\\/schoenstatt.com\\\/es\\\/marzo-por-una-respuesta-cristiana-a-los-retos-de-la-bioetica\\\/#article\",\"isPartOf\":{\"@id\":\"https:\\\/\\\/schoenstatt.com\\\/es\\\/marzo-por-una-respuesta-cristiana-a-los-retos-de-la-bioetica\\\/\"},\"author\":{\"name\":\"Karen Bueno\",\"@id\":\"https:\\\/\\\/schoenstatt.com\\\/es\\\/#\\\/schema\\\/person\\\/5158877ad4acae98b34daaeef2a1ce6e\"},\"headline\":\"MARZO | Por una respuesta cristiana a los retos de la bio\u00e9tica\",\"datePublished\":\"2022-03-09T08:00:31+00:00\",\"dateModified\":\"2025-05-15T16:35:22+00:00\",\"mainEntityOfPage\":{\"@id\":\"https:\\\/\\\/schoenstatt.com\\\/es\\\/marzo-por-una-respuesta-cristiana-a-los-retos-de-la-bioetica\\\/\"},\"wordCount\":1031,\"publisher\":{\"@id\":\"https:\\\/\\\/schoenstatt.com\\\/es\\\/#organization\"},\"image\":{\"@id\":\"https:\\\/\\\/schoenstatt.com\\\/es\\\/marzo-por-una-respuesta-cristiana-a-los-retos-de-la-bioetica\\\/#primaryimage\"},\"thumbnailUrl\":\"https:\\\/\\\/schoenstatt.com\\\/wp-content\\\/uploads\\\/2022\\\/03\\\/papa-1.jpg\",\"articleSection\":[\"Papa Francisco\"],\"inLanguage\":\"es\"},{\"@type\":\"WebPage\",\"@id\":\"https:\\\/\\\/schoenstatt.com\\\/es\\\/marzo-por-una-respuesta-cristiana-a-los-retos-de-la-bioetica\\\/\",\"url\":\"https:\\\/\\\/schoenstatt.com\\\/es\\\/marzo-por-una-respuesta-cristiana-a-los-retos-de-la-bioetica\\\/\",\"name\":\"MARZO | Por una respuesta cristiana a los retos de la bio\u00e9tica - Schoenstatt\",\"isPartOf\":{\"@id\":\"https:\\\/\\\/schoenstatt.com\\\/es\\\/#website\"},\"primaryImageOfPage\":{\"@id\":\"https:\\\/\\\/schoenstatt.com\\\/es\\\/marzo-por-una-respuesta-cristiana-a-los-retos-de-la-bioetica\\\/#primaryimage\"},\"image\":{\"@id\":\"https:\\\/\\\/schoenstatt.com\\\/es\\\/marzo-por-una-respuesta-cristiana-a-los-retos-de-la-bioetica\\\/#primaryimage\"},\"thumbnailUrl\":\"https:\\\/\\\/schoenstatt.com\\\/wp-content\\\/uploads\\\/2022\\\/03\\\/papa-1.jpg\",\"datePublished\":\"2022-03-09T08:00:31+00:00\",\"dateModified\":\"2025-05-15T16:35:22+00:00\",\"description\":\"Recemos para que los cristianos, ante los nuevos desaf\u00edos de la bio\u00e9tica, promuevan siempre la defensa de la vida.\",\"breadcrumb\":{\"@id\":\"https:\\\/\\\/schoenstatt.com\\\/es\\\/marzo-por-una-respuesta-cristiana-a-los-retos-de-la-bioetica\\\/#breadcrumb\"},\"inLanguage\":\"es\",\"potentialAction\":[{\"@type\":\"ReadAction\",\"target\":[\"https:\\\/\\\/schoenstatt.com\\\/es\\\/marzo-por-una-respuesta-cristiana-a-los-retos-de-la-bioetica\\\/\"]}]},{\"@type\":\"ImageObject\",\"inLanguage\":\"es\",\"@id\":\"https:\\\/\\\/schoenstatt.com\\\/es\\\/marzo-por-una-respuesta-cristiana-a-los-retos-de-la-bioetica\\\/#primaryimage\",\"url\":\"https:\\\/\\\/schoenstatt.com\\\/wp-content\\\/uploads\\\/2022\\\/03\\\/papa-1.jpg\",\"contentUrl\":\"https:\\\/\\\/schoenstatt.com\\\/wp-content\\\/uploads\\\/2022\\\/03\\\/papa-1.jpg\",\"width\":1150,\"height\":690,\"caption\":\"M\u00e4rz\"},{\"@type\":\"BreadcrumbList\",\"@id\":\"https:\\\/\\\/schoenstatt.com\\\/es\\\/marzo-por-una-respuesta-cristiana-a-los-retos-de-la-bioetica\\\/#breadcrumb\",\"itemListElement\":[{\"@type\":\"ListItem\",\"position\":1,\"name\":\"Portada\",\"item\":\"https:\\\/\\\/schoenstatt.com\\\/es\\\/home\\\/\"},{\"@type\":\"ListItem\",\"position\":2,\"name\":\"MARZO | Por una respuesta cristiana a los retos de la bio\u00e9tica\"}]},{\"@type\":\"WebSite\",\"@id\":\"https:\\\/\\\/schoenstatt.com\\\/es\\\/#website\",\"url\":\"https:\\\/\\\/schoenstatt.com\\\/es\\\/\",\"name\":\"Schoenstatt\",\"description\":\"Apostolic Movement\",\"publisher\":{\"@id\":\"https:\\\/\\\/schoenstatt.com\\\/es\\\/#organization\"},\"potentialAction\":[{\"@type\":\"SearchAction\",\"target\":{\"@type\":\"EntryPoint\",\"urlTemplate\":\"https:\\\/\\\/schoenstatt.com\\\/es\\\/?s={search_term_string}\"},\"query-input\":{\"@type\":\"PropertyValueSpecification\",\"valueRequired\":true,\"valueName\":\"search_term_string\"}}],\"inLanguage\":\"es\"},{\"@type\":\"Organization\",\"@id\":\"https:\\\/\\\/schoenstatt.com\\\/es\\\/#organization\",\"name\":\"Schoenstatt\",\"url\":\"https:\\\/\\\/schoenstatt.com\\\/es\\\/\",\"logo\":{\"@type\":\"ImageObject\",\"inLanguage\":\"es\",\"@id\":\"https:\\\/\\\/schoenstatt.com\\\/es\\\/#\\\/schema\\\/logo\\\/image\\\/\",\"url\":\"https:\\\/\\\/schoenstatt.com\\\/wp-content\\\/uploads\\\/2025\\\/04\\\/logo-schoenstatt-white-696x696-1.png\",\"contentUrl\":\"https:\\\/\\\/schoenstatt.com\\\/wp-content\\\/uploads\\\/2025\\\/04\\\/logo-schoenstatt-white-696x696-1.png\",\"width\":696,\"height\":694,\"caption\":\"Schoenstatt\"},\"image\":{\"@id\":\"https:\\\/\\\/schoenstatt.com\\\/es\\\/#\\\/schema\\\/logo\\\/image\\\/\"}},{\"@type\":\"Person\",\"@id\":\"https:\\\/\\\/schoenstatt.com\\\/es\\\/#\\\/schema\\\/person\\\/5158877ad4acae98b34daaeef2a1ce6e\",\"name\":\"Karen Bueno\",\"image\":{\"@type\":\"ImageObject\",\"inLanguage\":\"es\",\"@id\":\"https:\\\/\\\/secure.gravatar.com\\\/avatar\\\/f9f4b823873154269d2b2130f195f6d41037dd0d7fc5f3cacb5c846bae70d66b?s=96&d=mm&r=g\",\"url\":\"https:\\\/\\\/secure.gravatar.com\\\/avatar\\\/f9f4b823873154269d2b2130f195f6d41037dd0d7fc5f3cacb5c846bae70d66b?s=96&d=mm&r=g\",\"contentUrl\":\"https:\\\/\\\/secure.gravatar.com\\\/avatar\\\/f9f4b823873154269d2b2130f195f6d41037dd0d7fc5f3cacb5c846bae70d66b?s=96&d=mm&r=g\",\"caption\":\"Karen Bueno\"},\"url\":\"https:\\\/\\\/schoenstatt.com\\\/es\\\/author\\\/karen-bueno\\\/\"}]}<\/script>\n<!-- \/ Yoast SEO Premium plugin. -->","yoast_head_json":{"title":"MARZO | Por una respuesta cristiana a los retos de la bio\u00e9tica - Schoenstatt","description":"Recemos para que los cristianos, ante los nuevos desaf\u00edos de la bio\u00e9tica, promuevan siempre la defensa de la vida.","robots":{"index":"index","follow":"follow","max-snippet":"max-snippet:-1","max-image-preview":"max-image-preview:large","max-video-preview":"max-video-preview:-1"},"canonical":"https:\/\/schoenstatt.com\/es\/marzo-por-una-respuesta-cristiana-a-los-retos-de-la-bioetica\/","og_locale":"es_ES","og_type":"article","og_title":"MARZO | Por una respuesta cristiana a los retos de la bio\u00e9tica","og_description":"Recemos para que los cristianos, ante los nuevos desaf\u00edos de la bio\u00e9tica, promuevan siempre la defensa de la vida.","og_url":"https:\/\/schoenstatt.com\/es\/marzo-por-una-respuesta-cristiana-a-los-retos-de-la-bioetica\/","og_site_name":"Schoenstatt","article_published_time":"2022-03-09T08:00:31+00:00","article_modified_time":"2025-05-15T16:35:22+00:00","og_image":[{"width":1150,"height":690,"url":"https:\/\/schoenstatt.com\/wp-content\/uploads\/2022\/03\/papa-1.jpg","type":"image\/jpeg"}],"author":"Karen Bueno","twitter_card":"summary_large_image","twitter_misc":{"Escrito por":"Karen Bueno","Tiempo de lectura":"5 minutos"},"schema":{"@context":"https:\/\/schema.org","@graph":[{"@type":"Article","@id":"https:\/\/schoenstatt.com\/es\/marzo-por-una-respuesta-cristiana-a-los-retos-de-la-bioetica\/#article","isPartOf":{"@id":"https:\/\/schoenstatt.com\/es\/marzo-por-una-respuesta-cristiana-a-los-retos-de-la-bioetica\/"},"author":{"name":"Karen Bueno","@id":"https:\/\/schoenstatt.com\/es\/#\/schema\/person\/5158877ad4acae98b34daaeef2a1ce6e"},"headline":"MARZO | Por una respuesta cristiana a los retos de la bio\u00e9tica","datePublished":"2022-03-09T08:00:31+00:00","dateModified":"2025-05-15T16:35:22+00:00","mainEntityOfPage":{"@id":"https:\/\/schoenstatt.com\/es\/marzo-por-una-respuesta-cristiana-a-los-retos-de-la-bioetica\/"},"wordCount":1031,"publisher":{"@id":"https:\/\/schoenstatt.com\/es\/#organization"},"image":{"@id":"https:\/\/schoenstatt.com\/es\/marzo-por-una-respuesta-cristiana-a-los-retos-de-la-bioetica\/#primaryimage"},"thumbnailUrl":"https:\/\/schoenstatt.com\/wp-content\/uploads\/2022\/03\/papa-1.jpg","articleSection":["Papa Francisco"],"inLanguage":"es"},{"@type":"WebPage","@id":"https:\/\/schoenstatt.com\/es\/marzo-por-una-respuesta-cristiana-a-los-retos-de-la-bioetica\/","url":"https:\/\/schoenstatt.com\/es\/marzo-por-una-respuesta-cristiana-a-los-retos-de-la-bioetica\/","name":"MARZO | Por una respuesta cristiana a los retos de la bio\u00e9tica - Schoenstatt","isPartOf":{"@id":"https:\/\/schoenstatt.com\/es\/#website"},"primaryImageOfPage":{"@id":"https:\/\/schoenstatt.com\/es\/marzo-por-una-respuesta-cristiana-a-los-retos-de-la-bioetica\/#primaryimage"},"image":{"@id":"https:\/\/schoenstatt.com\/es\/marzo-por-una-respuesta-cristiana-a-los-retos-de-la-bioetica\/#primaryimage"},"thumbnailUrl":"https:\/\/schoenstatt.com\/wp-content\/uploads\/2022\/03\/papa-1.jpg","datePublished":"2022-03-09T08:00:31+00:00","dateModified":"2025-05-15T16:35:22+00:00","description":"Recemos para que los cristianos, ante los nuevos desaf\u00edos de la bio\u00e9tica, promuevan siempre la defensa de la vida.","breadcrumb":{"@id":"https:\/\/schoenstatt.com\/es\/marzo-por-una-respuesta-cristiana-a-los-retos-de-la-bioetica\/#breadcrumb"},"inLanguage":"es","potentialAction":[{"@type":"ReadAction","target":["https:\/\/schoenstatt.com\/es\/marzo-por-una-respuesta-cristiana-a-los-retos-de-la-bioetica\/"]}]},{"@type":"ImageObject","inLanguage":"es","@id":"https:\/\/schoenstatt.com\/es\/marzo-por-una-respuesta-cristiana-a-los-retos-de-la-bioetica\/#primaryimage","url":"https:\/\/schoenstatt.com\/wp-content\/uploads\/2022\/03\/papa-1.jpg","contentUrl":"https:\/\/schoenstatt.com\/wp-content\/uploads\/2022\/03\/papa-1.jpg","width":1150,"height":690,"caption":"M\u00e4rz"},{"@type":"BreadcrumbList","@id":"https:\/\/schoenstatt.com\/es\/marzo-por-una-respuesta-cristiana-a-los-retos-de-la-bioetica\/#breadcrumb","itemListElement":[{"@type":"ListItem","position":1,"name":"Portada","item":"https:\/\/schoenstatt.com\/es\/home\/"},{"@type":"ListItem","position":2,"name":"MARZO | Por una respuesta cristiana a los retos de la bio\u00e9tica"}]},{"@type":"WebSite","@id":"https:\/\/schoenstatt.com\/es\/#website","url":"https:\/\/schoenstatt.com\/es\/","name":"Schoenstatt","description":"Apostolic Movement","publisher":{"@id":"https:\/\/schoenstatt.com\/es\/#organization"},"potentialAction":[{"@type":"SearchAction","target":{"@type":"EntryPoint","urlTemplate":"https:\/\/schoenstatt.com\/es\/?s={search_term_string}"},"query-input":{"@type":"PropertyValueSpecification","valueRequired":true,"valueName":"search_term_string"}}],"inLanguage":"es"},{"@type":"Organization","@id":"https:\/\/schoenstatt.com\/es\/#organization","name":"Schoenstatt","url":"https:\/\/schoenstatt.com\/es\/","logo":{"@type":"ImageObject","inLanguage":"es","@id":"https:\/\/schoenstatt.com\/es\/#\/schema\/logo\/image\/","url":"https:\/\/schoenstatt.com\/wp-content\/uploads\/2025\/04\/logo-schoenstatt-white-696x696-1.png","contentUrl":"https:\/\/schoenstatt.com\/wp-content\/uploads\/2025\/04\/logo-schoenstatt-white-696x696-1.png","width":696,"height":694,"caption":"Schoenstatt"},"image":{"@id":"https:\/\/schoenstatt.com\/es\/#\/schema\/logo\/image\/"}},{"@type":"Person","@id":"https:\/\/schoenstatt.com\/es\/#\/schema\/person\/5158877ad4acae98b34daaeef2a1ce6e","name":"Karen Bueno","image":{"@type":"ImageObject","inLanguage":"es","@id":"https:\/\/secure.gravatar.com\/avatar\/f9f4b823873154269d2b2130f195f6d41037dd0d7fc5f3cacb5c846bae70d66b?s=96&d=mm&r=g","url":"https:\/\/secure.gravatar.com\/avatar\/f9f4b823873154269d2b2130f195f6d41037dd0d7fc5f3cacb5c846bae70d66b?s=96&d=mm&r=g","contentUrl":"https:\/\/secure.gravatar.com\/avatar\/f9f4b823873154269d2b2130f195f6d41037dd0d7fc5f3cacb5c846bae70d66b?s=96&d=mm&r=g","caption":"Karen Bueno"},"url":"https:\/\/schoenstatt.com\/es\/author\/karen-bueno\/"}]}},"_links":{"self":[{"href":"https:\/\/schoenstatt.com\/es\/wp-json\/wp\/v2\/posts\/23952","targetHints":{"allow":["GET"]}}],"collection":[{"href":"https:\/\/schoenstatt.com\/es\/wp-json\/wp\/v2\/posts"}],"about":[{"href":"https:\/\/schoenstatt.com\/es\/wp-json\/wp\/v2\/types\/post"}],"author":[{"embeddable":true,"href":"https:\/\/schoenstatt.com\/es\/wp-json\/wp\/v2\/users\/3"}],"replies":[{"embeddable":true,"href":"https:\/\/schoenstatt.com\/es\/wp-json\/wp\/v2\/comments?post=23952"}],"version-history":[{"count":1,"href":"https:\/\/schoenstatt.com\/es\/wp-json\/wp\/v2\/posts\/23952\/revisions"}],"predecessor-version":[{"id":45075,"href":"https:\/\/schoenstatt.com\/es\/wp-json\/wp\/v2\/posts\/23952\/revisions\/45075"}],"wp:featuredmedia":[{"embeddable":true,"href":"https:\/\/schoenstatt.com\/es\/wp-json\/wp\/v2\/media\/23976"}],"wp:attachment":[{"href":"https:\/\/schoenstatt.com\/es\/wp-json\/wp\/v2\/media?parent=23952"}],"wp:term":[{"taxonomy":"category","embeddable":true,"href":"https:\/\/schoenstatt.com\/es\/wp-json\/wp\/v2\/categories?post=23952"},{"taxonomy":"post_tag","embeddable":true,"href":"https:\/\/schoenstatt.com\/es\/wp-json\/wp\/v2\/tags?post=23952"}],"curies":[{"name":"wp","href":"https:\/\/api.w.org\/{rel}","templated":true}]}}