{"id":23938,"date":"2022-03-07T12:00:42","date_gmt":"2022-03-07T11:00:42","guid":{"rendered":"https:\/\/schoenstatt.com\/?p=23938"},"modified":"2025-05-15T18:35:24","modified_gmt":"2025-05-15T16:35:24","slug":"lisboa-una-nueva-etapa-en-la-preparacion-de-la-proxima-jm","status":"publish","type":"post","link":"https:\/\/schoenstatt.com\/es\/lisboa-una-nueva-etapa-en-la-preparacion-de-la-proxima-jm\/","title":{"rendered":"Lisboa: una nueva etapa en la preparaci\u00f3n de la pr\u00f3xima JM"},"content":{"rendered":"<p style=\"text-align: center;\"><em>El Comit\u00e9 Organizador Local de la JMJ 2023 anuncia la \u00abfase de implementaci\u00f3n\u00bb, una etapa m\u00e1s en la preparaci\u00f3n del Encuentro Mundial de la Juventud que se celebrar\u00e1 en Lisboa en agosto de 2023<\/em><\/p>\n<p>&nbsp;<\/p>\n<p>\u201cEs bueno ver a las personas unidas por el mismo objetivo: llevar el mensaje de Jes\u00fas a todas partes\u201d, dice Rita Xavier, una de las voluntarias que ayuda en los preparativos, destacando tambi\u00e9n la alegr\u00eda de \u201cver a todos unidos, dentro de la Iglesia\u201d. Su mensaje forma parte del breve v\u00eddeo realizado por COL para compartir el esp\u00edritu de movilizaci\u00f3n y la alegr\u00eda que acompa\u00f1a a los preparativos. A las voces entusiastas de los j\u00f3venes se suma el llamamiento de Mons. Am\u00e9rico Aguiar, obispo auxiliar de Lisboa y presidente de la Fundaci\u00f3n<a href=\"https:\/\/schoenstatt.com\/es\/iglesia\/jmj-2023-jornada-de-lisboa-de-1-a-6-de-agosto\/\"> JMJ Lisboa 2023.<\/a> \u201cContamos con el Papa, contamos con el Cardenal Patriarca, contamos con todo el equipo, para acoger a los j\u00f3venes de todo el mundo el pr\u00f3ximo mes de agosto de 2023. \u00a1Contamos contigo!\u201d &#8211; exclama.<\/p>\n<p><iframe title=\"Construir el sue\u00f1o de la JMJ Lisboa 2023 | Pr\u00f3ximos pasos\" width=\"800\" height=\"450\" src=\"https:\/\/www.youtube.com\/embed\/9SHe2sODgzA?feature=oembed\" frameborder=\"0\" allow=\"accelerometer; autoplay; clipboard-write; encrypted-media; gyroscope; picture-in-picture; web-share\" referrerpolicy=\"strict-origin-when-cross-origin\" allowfullscreen><\/iframe><\/p>\n<p>El videoclip se public\u00f3 despu\u00e9s de una reuni\u00f3n convocada por los organizadores de la pr\u00f3ima Jornada Mundial de la Juventud en la tarde del 12 de febrero, con la participaci\u00f3n de m\u00e1s de 200 personas -miembros y voluntarios de la COL- implicadas en la organizaci\u00f3n del encuentro mundial de j\u00f3venes con el Santo Padre. El objetivo de la reuni\u00f3n, a la que tambi\u00e9n asisti\u00f3 el Patriarca de Lisboa, el cardenal Manuel Clemente, era hacer un balance de los preparativos realizados hasta la fecha e invitar a todos a seguir una nueva etapa, denominada \u201cfase de implementaci\u00f3n\u201d.<\/p>\n<p>Junto con el trabajo de la COL, tambi\u00e9n contin\u00faa la peregrinaci\u00f3n de los s\u00edmbolos de la JMJ -la Cruz y el icono mariano Salus Populi Romani- a las di\u00f3cesis de Portugal. Al igual que en las ediciones anteriores de la JMJ, aproximadamente un a\u00f1o antes del encuentro se iniciar\u00e1 la inscripci\u00f3n para el evento, y en oto\u00f1o de este a\u00f1o los responsables de la pastoral juvenil nacional e internacional recibir\u00e1n informaci\u00f3n m\u00e1s detallada sobre la 37\u00aa Jornada Mundial de la Juventud, guiada por la cita evang\u00e9lica: \u201cMar\u00eda se levant\u00f3 y parti\u00f3 sin demora\u201d (Lc 1,39).<\/p>\n<p>Fuente:<a href=\"http:\/\/www.laityfamilylife.va\/\"> http:\/\/www.laityfamilylife.va\/<\/a><\/p>\n","protected":false},"excerpt":{"rendered":"<p>Se anuncia la \u00abfase de implementaci\u00f3n\u00bb, una etapa m\u00e1s en la preparaci\u00f3n de la JMJ de Lisboa 2023<\/p>\n","protected":false},"author":3,"featured_media":23939,"comment_status":"closed","ping_status":"closed","sticky":false,"template":"","format":"standard","meta":{"footnotes":""},"categories":[923,800],"tags":[],"class_list":["post-23938","post","type-post","status-publish","format-standard","has-post-thumbnail","hentry","category-juventud-es","category-papa-francisco-es"],"yoast_head":"<!-- This site is optimized with the Yoast SEO Premium plugin v27.4 (Yoast SEO v27.5) - https:\/\/yoast.com\/product\/yoast-seo-premium-wordpress\/ -->\n<title>Lisboa: una nueva etapa en la preparaci\u00f3n de la pr\u00f3xima JM - Schoenstatt<\/title>\n<meta name=\"description\" content=\"El Comit\u00e9 Organizador Local de la JMJ 2023 anuncia la &quot;fase de implementaci\u00f3n&quot;, una etapa m\u00e1s en la preparaci\u00f3n del Encuentro Mundial.\" \/>\n<meta name=\"robots\" content=\"index, follow, max-snippet:-1, max-image-preview:large, max-video-preview:-1\" \/>\n<link rel=\"canonical\" href=\"https:\/\/schoenstatt.com\/es\/lisboa-una-nueva-etapa-en-la-preparacion-de-la-proxima-jm\/\" \/>\n<meta property=\"og:locale\" content=\"es_ES\" \/>\n<meta property=\"og:type\" content=\"article\" \/>\n<meta property=\"og:title\" content=\"Lisboa: una nueva etapa en la preparaci\u00f3n de la pr\u00f3xima JM\" \/>\n<meta property=\"og:description\" content=\"El Comit\u00e9 Organizador Local de la JMJ 2023 anuncia la &quot;fase de implementaci\u00f3n&quot;, una etapa m\u00e1s en la preparaci\u00f3n del Encuentro Mundial.\" \/>\n<meta property=\"og:url\" content=\"https:\/\/schoenstatt.com\/es\/lisboa-una-nueva-etapa-en-la-preparacion-de-la-proxima-jm\/\" \/>\n<meta property=\"og:site_name\" content=\"Schoenstatt\" \/>\n<meta property=\"article:published_time\" content=\"2022-03-07T11:00:42+00:00\" \/>\n<meta property=\"article:modified_time\" content=\"2025-05-15T16:35:24+00:00\" \/>\n<meta property=\"og:image\" content=\"https:\/\/schoenstatt.com\/wp-content\/uploads\/2022\/03\/Simbolo-da-JMJ-2023-1-2.jpeg\" \/>\n\t<meta property=\"og:image:width\" content=\"750\" \/>\n\t<meta property=\"og:image:height\" content=\"422\" \/>\n\t<meta property=\"og:image:type\" content=\"image\/jpeg\" \/>\n<meta name=\"author\" content=\"Karen Bueno\" \/>\n<meta name=\"twitter:card\" content=\"summary_large_image\" \/>\n<meta name=\"twitter:label1\" content=\"Escrito por\" \/>\n\t<meta name=\"twitter:data1\" content=\"Karen Bueno\" \/>\n\t<meta name=\"twitter:label2\" content=\"Tiempo de lectura\" \/>\n\t<meta name=\"twitter:data2\" content=\"2 minutos\" \/>\n<script type=\"application\/ld+json\" class=\"yoast-schema-graph\">{\"@context\":\"https:\\\/\\\/schema.org\",\"@graph\":[{\"@type\":\"Article\",\"@id\":\"https:\\\/\\\/schoenstatt.com\\\/es\\\/lisboa-una-nueva-etapa-en-la-preparacion-de-la-proxima-jm\\\/#article\",\"isPartOf\":{\"@id\":\"https:\\\/\\\/schoenstatt.com\\\/es\\\/lisboa-una-nueva-etapa-en-la-preparacion-de-la-proxima-jm\\\/\"},\"author\":{\"name\":\"Karen Bueno\",\"@id\":\"https:\\\/\\\/schoenstatt.com\\\/es\\\/#\\\/schema\\\/person\\\/5158877ad4acae98b34daaeef2a1ce6e\"},\"headline\":\"Lisboa: una nueva etapa en la preparaci\u00f3n de la pr\u00f3xima JM\",\"datePublished\":\"2022-03-07T11:00:42+00:00\",\"dateModified\":\"2025-05-15T16:35:24+00:00\",\"mainEntityOfPage\":{\"@id\":\"https:\\\/\\\/schoenstatt.com\\\/es\\\/lisboa-una-nueva-etapa-en-la-preparacion-de-la-proxima-jm\\\/\"},\"wordCount\":412,\"publisher\":{\"@id\":\"https:\\\/\\\/schoenstatt.com\\\/es\\\/#organization\"},\"image\":{\"@id\":\"https:\\\/\\\/schoenstatt.com\\\/es\\\/lisboa-una-nueva-etapa-en-la-preparacion-de-la-proxima-jm\\\/#primaryimage\"},\"thumbnailUrl\":\"https:\\\/\\\/schoenstatt.com\\\/wp-content\\\/uploads\\\/2022\\\/03\\\/Simbolo-da-JMJ-2023-1-2.jpeg\",\"articleSection\":[\"Juventud\",\"Papa Francisco\"],\"inLanguage\":\"es\"},{\"@type\":\"WebPage\",\"@id\":\"https:\\\/\\\/schoenstatt.com\\\/es\\\/lisboa-una-nueva-etapa-en-la-preparacion-de-la-proxima-jm\\\/\",\"url\":\"https:\\\/\\\/schoenstatt.com\\\/es\\\/lisboa-una-nueva-etapa-en-la-preparacion-de-la-proxima-jm\\\/\",\"name\":\"Lisboa: una nueva etapa en la preparaci\u00f3n de la pr\u00f3xima JM - Schoenstatt\",\"isPartOf\":{\"@id\":\"https:\\\/\\\/schoenstatt.com\\\/es\\\/#website\"},\"primaryImageOfPage\":{\"@id\":\"https:\\\/\\\/schoenstatt.com\\\/es\\\/lisboa-una-nueva-etapa-en-la-preparacion-de-la-proxima-jm\\\/#primaryimage\"},\"image\":{\"@id\":\"https:\\\/\\\/schoenstatt.com\\\/es\\\/lisboa-una-nueva-etapa-en-la-preparacion-de-la-proxima-jm\\\/#primaryimage\"},\"thumbnailUrl\":\"https:\\\/\\\/schoenstatt.com\\\/wp-content\\\/uploads\\\/2022\\\/03\\\/Simbolo-da-JMJ-2023-1-2.jpeg\",\"datePublished\":\"2022-03-07T11:00:42+00:00\",\"dateModified\":\"2025-05-15T16:35:24+00:00\",\"description\":\"El Comit\u00e9 Organizador Local de la JMJ 2023 anuncia la \\\"fase de implementaci\u00f3n\\\", una etapa m\u00e1s en la preparaci\u00f3n del Encuentro Mundial.\",\"breadcrumb\":{\"@id\":\"https:\\\/\\\/schoenstatt.com\\\/es\\\/lisboa-una-nueva-etapa-en-la-preparacion-de-la-proxima-jm\\\/#breadcrumb\"},\"inLanguage\":\"es\",\"potentialAction\":[{\"@type\":\"ReadAction\",\"target\":[\"https:\\\/\\\/schoenstatt.com\\\/es\\\/lisboa-una-nueva-etapa-en-la-preparacion-de-la-proxima-jm\\\/\"]}]},{\"@type\":\"ImageObject\",\"inLanguage\":\"es\",\"@id\":\"https:\\\/\\\/schoenstatt.com\\\/es\\\/lisboa-una-nueva-etapa-en-la-preparacion-de-la-proxima-jm\\\/#primaryimage\",\"url\":\"https:\\\/\\\/schoenstatt.com\\\/wp-content\\\/uploads\\\/2022\\\/03\\\/Simbolo-da-JMJ-2023-1-2.jpeg\",\"contentUrl\":\"https:\\\/\\\/schoenstatt.com\\\/wp-content\\\/uploads\\\/2022\\\/03\\\/Simbolo-da-JMJ-2023-1-2.jpeg\",\"width\":750,\"height\":422},{\"@type\":\"BreadcrumbList\",\"@id\":\"https:\\\/\\\/schoenstatt.com\\\/es\\\/lisboa-una-nueva-etapa-en-la-preparacion-de-la-proxima-jm\\\/#breadcrumb\",\"itemListElement\":[{\"@type\":\"ListItem\",\"position\":1,\"name\":\"Portada\",\"item\":\"https:\\\/\\\/schoenstatt.com\\\/es\\\/home\\\/\"},{\"@type\":\"ListItem\",\"position\":2,\"name\":\"Lisboa: una nueva etapa en la preparaci\u00f3n de la pr\u00f3xima JM\"}]},{\"@type\":\"WebSite\",\"@id\":\"https:\\\/\\\/schoenstatt.com\\\/es\\\/#website\",\"url\":\"https:\\\/\\\/schoenstatt.com\\\/es\\\/\",\"name\":\"Schoenstatt\",\"description\":\"Apostolic Movement\",\"publisher\":{\"@id\":\"https:\\\/\\\/schoenstatt.com\\\/es\\\/#organization\"},\"potentialAction\":[{\"@type\":\"SearchAction\",\"target\":{\"@type\":\"EntryPoint\",\"urlTemplate\":\"https:\\\/\\\/schoenstatt.com\\\/es\\\/?s={search_term_string}\"},\"query-input\":{\"@type\":\"PropertyValueSpecification\",\"valueRequired\":true,\"valueName\":\"search_term_string\"}}],\"inLanguage\":\"es\"},{\"@type\":\"Organization\",\"@id\":\"https:\\\/\\\/schoenstatt.com\\\/es\\\/#organization\",\"name\":\"Schoenstatt\",\"url\":\"https:\\\/\\\/schoenstatt.com\\\/es\\\/\",\"logo\":{\"@type\":\"ImageObject\",\"inLanguage\":\"es\",\"@id\":\"https:\\\/\\\/schoenstatt.com\\\/es\\\/#\\\/schema\\\/logo\\\/image\\\/\",\"url\":\"https:\\\/\\\/schoenstatt.com\\\/wp-content\\\/uploads\\\/2025\\\/04\\\/logo-schoenstatt-white-696x696-1.png\",\"contentUrl\":\"https:\\\/\\\/schoenstatt.com\\\/wp-content\\\/uploads\\\/2025\\\/04\\\/logo-schoenstatt-white-696x696-1.png\",\"width\":696,\"height\":694,\"caption\":\"Schoenstatt\"},\"image\":{\"@id\":\"https:\\\/\\\/schoenstatt.com\\\/es\\\/#\\\/schema\\\/logo\\\/image\\\/\"}},{\"@type\":\"Person\",\"@id\":\"https:\\\/\\\/schoenstatt.com\\\/es\\\/#\\\/schema\\\/person\\\/5158877ad4acae98b34daaeef2a1ce6e\",\"name\":\"Karen Bueno\",\"image\":{\"@type\":\"ImageObject\",\"inLanguage\":\"es\",\"@id\":\"https:\\\/\\\/secure.gravatar.com\\\/avatar\\\/f9f4b823873154269d2b2130f195f6d41037dd0d7fc5f3cacb5c846bae70d66b?s=96&d=mm&r=g\",\"url\":\"https:\\\/\\\/secure.gravatar.com\\\/avatar\\\/f9f4b823873154269d2b2130f195f6d41037dd0d7fc5f3cacb5c846bae70d66b?s=96&d=mm&r=g\",\"contentUrl\":\"https:\\\/\\\/secure.gravatar.com\\\/avatar\\\/f9f4b823873154269d2b2130f195f6d41037dd0d7fc5f3cacb5c846bae70d66b?s=96&d=mm&r=g\",\"caption\":\"Karen Bueno\"},\"url\":\"https:\\\/\\\/schoenstatt.com\\\/es\\\/author\\\/karen-bueno\\\/\"}]}<\/script>\n<!-- \/ Yoast SEO Premium plugin. -->","yoast_head_json":{"title":"Lisboa: una nueva etapa en la preparaci\u00f3n de la pr\u00f3xima JM - Schoenstatt","description":"El Comit\u00e9 Organizador Local de la JMJ 2023 anuncia la \"fase de implementaci\u00f3n\", una etapa m\u00e1s en la preparaci\u00f3n del Encuentro Mundial.","robots":{"index":"index","follow":"follow","max-snippet":"max-snippet:-1","max-image-preview":"max-image-preview:large","max-video-preview":"max-video-preview:-1"},"canonical":"https:\/\/schoenstatt.com\/es\/lisboa-una-nueva-etapa-en-la-preparacion-de-la-proxima-jm\/","og_locale":"es_ES","og_type":"article","og_title":"Lisboa: una nueva etapa en la preparaci\u00f3n de la pr\u00f3xima JM","og_description":"El Comit\u00e9 Organizador Local de la JMJ 2023 anuncia la \"fase de implementaci\u00f3n\", una etapa m\u00e1s en la preparaci\u00f3n del Encuentro Mundial.","og_url":"https:\/\/schoenstatt.com\/es\/lisboa-una-nueva-etapa-en-la-preparacion-de-la-proxima-jm\/","og_site_name":"Schoenstatt","article_published_time":"2022-03-07T11:00:42+00:00","article_modified_time":"2025-05-15T16:35:24+00:00","og_image":[{"width":750,"height":422,"url":"https:\/\/schoenstatt.com\/wp-content\/uploads\/2022\/03\/Simbolo-da-JMJ-2023-1-2.jpeg","type":"image\/jpeg"}],"author":"Karen Bueno","twitter_card":"summary_large_image","twitter_misc":{"Escrito por":"Karen Bueno","Tiempo de lectura":"2 minutos"},"schema":{"@context":"https:\/\/schema.org","@graph":[{"@type":"Article","@id":"https:\/\/schoenstatt.com\/es\/lisboa-una-nueva-etapa-en-la-preparacion-de-la-proxima-jm\/#article","isPartOf":{"@id":"https:\/\/schoenstatt.com\/es\/lisboa-una-nueva-etapa-en-la-preparacion-de-la-proxima-jm\/"},"author":{"name":"Karen Bueno","@id":"https:\/\/schoenstatt.com\/es\/#\/schema\/person\/5158877ad4acae98b34daaeef2a1ce6e"},"headline":"Lisboa: una nueva etapa en la preparaci\u00f3n de la pr\u00f3xima JM","datePublished":"2022-03-07T11:00:42+00:00","dateModified":"2025-05-15T16:35:24+00:00","mainEntityOfPage":{"@id":"https:\/\/schoenstatt.com\/es\/lisboa-una-nueva-etapa-en-la-preparacion-de-la-proxima-jm\/"},"wordCount":412,"publisher":{"@id":"https:\/\/schoenstatt.com\/es\/#organization"},"image":{"@id":"https:\/\/schoenstatt.com\/es\/lisboa-una-nueva-etapa-en-la-preparacion-de-la-proxima-jm\/#primaryimage"},"thumbnailUrl":"https:\/\/schoenstatt.com\/wp-content\/uploads\/2022\/03\/Simbolo-da-JMJ-2023-1-2.jpeg","articleSection":["Juventud","Papa Francisco"],"inLanguage":"es"},{"@type":"WebPage","@id":"https:\/\/schoenstatt.com\/es\/lisboa-una-nueva-etapa-en-la-preparacion-de-la-proxima-jm\/","url":"https:\/\/schoenstatt.com\/es\/lisboa-una-nueva-etapa-en-la-preparacion-de-la-proxima-jm\/","name":"Lisboa: una nueva etapa en la preparaci\u00f3n de la pr\u00f3xima JM - Schoenstatt","isPartOf":{"@id":"https:\/\/schoenstatt.com\/es\/#website"},"primaryImageOfPage":{"@id":"https:\/\/schoenstatt.com\/es\/lisboa-una-nueva-etapa-en-la-preparacion-de-la-proxima-jm\/#primaryimage"},"image":{"@id":"https:\/\/schoenstatt.com\/es\/lisboa-una-nueva-etapa-en-la-preparacion-de-la-proxima-jm\/#primaryimage"},"thumbnailUrl":"https:\/\/schoenstatt.com\/wp-content\/uploads\/2022\/03\/Simbolo-da-JMJ-2023-1-2.jpeg","datePublished":"2022-03-07T11:00:42+00:00","dateModified":"2025-05-15T16:35:24+00:00","description":"El Comit\u00e9 Organizador Local de la JMJ 2023 anuncia la \"fase de implementaci\u00f3n\", una etapa m\u00e1s en la preparaci\u00f3n del Encuentro Mundial.","breadcrumb":{"@id":"https:\/\/schoenstatt.com\/es\/lisboa-una-nueva-etapa-en-la-preparacion-de-la-proxima-jm\/#breadcrumb"},"inLanguage":"es","potentialAction":[{"@type":"ReadAction","target":["https:\/\/schoenstatt.com\/es\/lisboa-una-nueva-etapa-en-la-preparacion-de-la-proxima-jm\/"]}]},{"@type":"ImageObject","inLanguage":"es","@id":"https:\/\/schoenstatt.com\/es\/lisboa-una-nueva-etapa-en-la-preparacion-de-la-proxima-jm\/#primaryimage","url":"https:\/\/schoenstatt.com\/wp-content\/uploads\/2022\/03\/Simbolo-da-JMJ-2023-1-2.jpeg","contentUrl":"https:\/\/schoenstatt.com\/wp-content\/uploads\/2022\/03\/Simbolo-da-JMJ-2023-1-2.jpeg","width":750,"height":422},{"@type":"BreadcrumbList","@id":"https:\/\/schoenstatt.com\/es\/lisboa-una-nueva-etapa-en-la-preparacion-de-la-proxima-jm\/#breadcrumb","itemListElement":[{"@type":"ListItem","position":1,"name":"Portada","item":"https:\/\/schoenstatt.com\/es\/home\/"},{"@type":"ListItem","position":2,"name":"Lisboa: una nueva etapa en la preparaci\u00f3n de la pr\u00f3xima JM"}]},{"@type":"WebSite","@id":"https:\/\/schoenstatt.com\/es\/#website","url":"https:\/\/schoenstatt.com\/es\/","name":"Schoenstatt","description":"Apostolic Movement","publisher":{"@id":"https:\/\/schoenstatt.com\/es\/#organization"},"potentialAction":[{"@type":"SearchAction","target":{"@type":"EntryPoint","urlTemplate":"https:\/\/schoenstatt.com\/es\/?s={search_term_string}"},"query-input":{"@type":"PropertyValueSpecification","valueRequired":true,"valueName":"search_term_string"}}],"inLanguage":"es"},{"@type":"Organization","@id":"https:\/\/schoenstatt.com\/es\/#organization","name":"Schoenstatt","url":"https:\/\/schoenstatt.com\/es\/","logo":{"@type":"ImageObject","inLanguage":"es","@id":"https:\/\/schoenstatt.com\/es\/#\/schema\/logo\/image\/","url":"https:\/\/schoenstatt.com\/wp-content\/uploads\/2025\/04\/logo-schoenstatt-white-696x696-1.png","contentUrl":"https:\/\/schoenstatt.com\/wp-content\/uploads\/2025\/04\/logo-schoenstatt-white-696x696-1.png","width":696,"height":694,"caption":"Schoenstatt"},"image":{"@id":"https:\/\/schoenstatt.com\/es\/#\/schema\/logo\/image\/"}},{"@type":"Person","@id":"https:\/\/schoenstatt.com\/es\/#\/schema\/person\/5158877ad4acae98b34daaeef2a1ce6e","name":"Karen Bueno","image":{"@type":"ImageObject","inLanguage":"es","@id":"https:\/\/secure.gravatar.com\/avatar\/f9f4b823873154269d2b2130f195f6d41037dd0d7fc5f3cacb5c846bae70d66b?s=96&d=mm&r=g","url":"https:\/\/secure.gravatar.com\/avatar\/f9f4b823873154269d2b2130f195f6d41037dd0d7fc5f3cacb5c846bae70d66b?s=96&d=mm&r=g","contentUrl":"https:\/\/secure.gravatar.com\/avatar\/f9f4b823873154269d2b2130f195f6d41037dd0d7fc5f3cacb5c846bae70d66b?s=96&d=mm&r=g","caption":"Karen Bueno"},"url":"https:\/\/schoenstatt.com\/es\/author\/karen-bueno\/"}]}},"_links":{"self":[{"href":"https:\/\/schoenstatt.com\/es\/wp-json\/wp\/v2\/posts\/23938","targetHints":{"allow":["GET"]}}],"collection":[{"href":"https:\/\/schoenstatt.com\/es\/wp-json\/wp\/v2\/posts"}],"about":[{"href":"https:\/\/schoenstatt.com\/es\/wp-json\/wp\/v2\/types\/post"}],"author":[{"embeddable":true,"href":"https:\/\/schoenstatt.com\/es\/wp-json\/wp\/v2\/users\/3"}],"replies":[{"embeddable":true,"href":"https:\/\/schoenstatt.com\/es\/wp-json\/wp\/v2\/comments?post=23938"}],"version-history":[{"count":1,"href":"https:\/\/schoenstatt.com\/es\/wp-json\/wp\/v2\/posts\/23938\/revisions"}],"predecessor-version":[{"id":45064,"href":"https:\/\/schoenstatt.com\/es\/wp-json\/wp\/v2\/posts\/23938\/revisions\/45064"}],"wp:featuredmedia":[{"embeddable":true,"href":"https:\/\/schoenstatt.com\/es\/wp-json\/wp\/v2\/media\/23939"}],"wp:attachment":[{"href":"https:\/\/schoenstatt.com\/es\/wp-json\/wp\/v2\/media?parent=23938"}],"wp:term":[{"taxonomy":"category","embeddable":true,"href":"https:\/\/schoenstatt.com\/es\/wp-json\/wp\/v2\/categories?post=23938"},{"taxonomy":"post_tag","embeddable":true,"href":"https:\/\/schoenstatt.com\/es\/wp-json\/wp\/v2\/tags?post=23938"}],"curies":[{"name":"wp","href":"https:\/\/api.w.org\/{rel}","templated":true}]}}