{"id":23710,"date":"2022-02-12T11:33:45","date_gmt":"2022-02-12T10:33:45","guid":{"rendered":"https:\/\/schoenstatt.com\/?p=23710"},"modified":"2025-05-15T18:04:35","modified_gmt":"2025-05-15T16:04:35","slug":"el-papa-el-jubileo-de-2025-signo-de-renacimiento-de-esperanza-y-confianza","status":"publish","type":"post","link":"https:\/\/schoenstatt.com\/es\/el-papa-el-jubileo-de-2025-signo-de-renacimiento-de-esperanza-y-confianza\/","title":{"rendered":"El Papa: el Jubileo de 2025 signo de renacimiento, de esperanza y confianza"},"content":{"rendered":"<p>\u201cEl pr\u00f3ximo Jubileo puede ayudar mucho a restablecer un clima de esperanza y confianza, como signo de un nuevo renacimiento que todos percibimos como urgente\u201d, lo escribe el Papa Francisco en su Carta dirigida a Monse\u00f1or Rino Fisichella, Presidente del Pontificio Consejo para la Promoci\u00f3n de la Nueva Evangelizaci\u00f3n, Dicasterio al cual se le conf\u00eda la organizaci\u00f3n del Jubileo ordinario del a\u00f1o 2025, que tiene como lema \u201cPeregrinos de la Esperanza\u201d.<\/p>\n<h3>El Jubileo un don especial de gracia<\/h3>\n<p>En su Misiva \u2013 firmada en San Juan de Letr\u00e1n, el 11 de febrero de 2022, Memoria de la Bienaventurada Virgen Mar\u00eda de Lourdes \u2013 el Santo Padre recuerda que, el Jubileo ha sido siempre un acontecimiento de gran importancia espiritual, eclesial y social en la vida de la Iglesia. \u201cDesde que Bonifacio VIII instituy\u00f3 el primer A\u00f1o Santo en 1300 \u2014con cadencia de cien a\u00f1os, que despu\u00e9s pas\u00f3 a ser seg\u00fan el modelo b\u00edblico, de cincuenta a\u00f1os y ulteriormente fijado en veinticinco\u2014, el pueblo fiel de Dios ha vivido esta celebraci\u00f3n como un don especial de gracia, caracterizado por el perd\u00f3n de los pecados y, en particular, por la indulgencia, expresi\u00f3n plena de la misericordia de Dios\u201d.<\/p>\n<p>\u201cLos fieles, generalmente al final de una larga peregrinaci\u00f3n, acceden al tesoro espiritual de la Iglesia atravesando la Puerta Santa y venerando las reliquias de los Ap\u00f3stoles Pedro y Pablo conservadas en las bas\u00edlicas romanas\u2026 Dando testimonio vivo de su fe perdurable\u201d<\/p>\n<p><img fetchpriority=\"high\" decoding=\"async\" class=\"size-full wp-image-23711 aligncenter\" src=\"https:\/\/schoenstatt.com\/wp-content\/uploads\/2022\/02\/Papa-puerta-2.png\" alt=\"\" width=\"711\" height=\"406\" \/><\/p>\n<h3>Vivir el A\u00f1o Santo en todo su significado pastoral<\/h3>\n<p>Asimismo, el Papa Francisco se\u00f1ala que, el Gran Jubileo del a\u00f1o 2000 introdujo la Iglesia en el tercer milenio de su historia. San Juan Pablo II lo hab\u00eda esperado y deseado tanto, con la esperanza de que todos los cristianos, superadas sus divisiones hist\u00f3ricas, pudieran celebrar juntos los dos mil a\u00f1os del nacimiento de Jesucristo, Salvador de la humanidad.\u00a0 \u201cAhora que nos acercamos a los primeros veinticinco a\u00f1os del siglo XXI \u2013 afirma el Pont\u00edfice \u2013 estamos llamados a poner en marcha una preparaci\u00f3n que permita al pueblo cristiano vivir el A\u00f1o Santo en todo su significado pastoral\u201d.<\/p>\n<p>\u201cEn este sentido una etapa importante ha sido el Jubileo Extraordinario de la Misericordia, que nos ha permitido redescubrir toda la fuerza y la ternura del amor misericordioso del Padre, para que a su vez podamos ser sus testigos\u201d<\/p>\n<h3>Dos a\u00f1os de sufrimientos y limitaciones<\/h3>\n<p>Sin embargo, el Santo Padre recuerda que, en los dos \u00faltimos a\u00f1os no ha habido pa\u00eds que no haya sido afectado por la inesperada epidemia que, adem\u00e1s de hacernos ver el drama de morir en soledad, la incertidumbre y la fugacidad de la existencia, ha cambiado tambi\u00e9n nuestro estilo de vida. Como cristianos, se\u00f1ala el Papa, hemos pasado juntos con nuestros hermanos y hermanas los mismos sufrimientos y limitaciones. Nuestras iglesias han sido cerradas, as\u00ed como las escuelas, f\u00e1bricas, oficinas, tiendas y espacios recreativos. Todos hemos visto limitadas algunas libertades y la pandemia, adem\u00e1s del dolor, ha despertado a veces la duda, el miedo y el desconcierto en nuestras almas. Los hombres y mujeres de ciencia, con gran rapidez, han encontrado un primer remedio que permite poco a poco volver a la vida cotidiana.<\/p>\n<p>\u201cConfiamos plenamente en que la epidemia pueda ser superada y el mundo recupere sus ritmos de relaciones personales y de vida social. Esto ser\u00e1 m\u00e1s f\u00e1cil de alcanzar en la medida en que se act\u00fae de forma solidaria, para que las poblaciones m\u00e1s desfavorecidas no queden desatendidas, sino que se pueda compartir con todos los descubrimientos de la ciencia y los medicamentos necesarios\u201d<\/p>\n<h3>El Jubileo puede ayudar a restablecer la esperanza<\/h3>\n<p>De ah\u00ed deriva la invitaci\u00f3n del Papa Francisco a \u201cmantener encendida la llama de la esperanza que nos ha sido dada, y hacer todo lo posible para que cada uno recupere la fuerza y la certeza de mirar al futuro con mente abierta, coraz\u00f3n confiado y amplitud de miras\u201d. Por ello, afirma el Pont\u00edfice, el pr\u00f3ximo Jubileo puede ayudar mucho a restablecer un clima de esperanza y confianza, como signo de un nuevo renacimiento que todos percibimos como urgente. Por esa raz\u00f3n eleg\u00ed el lema <em><strong>Peregrinos de la Esperanza.<\/strong><\/em> Todo esto ser\u00e1 posible si somos capaces de recuperar el sentido de la fraternidad universal, si no cerramos los ojos ante la tragedia de la pobreza galopante que impide a millones de hombres, mujeres, j\u00f3venes y ni\u00f1os vivir de manera humanamente digna. Pienso especialmente en los numerosos refugiados que se ven obligados a abandonar sus tierras.<\/p>\n<p>\u201cOjal\u00e1 que las voces de los pobres sean escuchadas en este tiempo de preparaci\u00f3n al Jubileo que, seg\u00fan el mandato b\u00edblico, devuelve a cada uno el acceso a los frutos de la tierra: \u00abpodr\u00e1n comer todo lo que la tierra produzca durante su descanso, t\u00fa, tu esclavo, tu esclava y tu jornalero, as\u00ed como el hu\u00e9sped que resida contigo; y tambi\u00e9n el ganado y los animales que est\u00e9n en la tierra, podr\u00e1n comer todos sus productos\u00bb (Lv 25,6-7)\u201d<\/p>\n<h3>No descuidemos el cuidado de nuestra Casa com\u00fan<\/h3>\n<p>Por lo tanto, el Obispo de Roma indica que, la dimensi\u00f3n espiritual del Jubileo, que nos invita a la conversi\u00f3n, debe unirse a estos aspectos fundamentales de la vida social, para formar un conjunto coherente. Sinti\u00e9ndonos todos peregrinos en la tierra en la que el Se\u00f1or nos ha puesto para que la cultivemos y la cuidemos (cf. Gn 2,15), no descuidemos, a lo largo del camino, la contemplaci\u00f3n de la belleza de la creaci\u00f3n y el cuidado de nuestra casa com\u00fan. Espero que el pr\u00f3ximo A\u00f1o Jubilar se celebre y se viva tambi\u00e9n con esta intenci\u00f3n.<\/p>\n<p>\u201cDe hecho, un n\u00famero cada vez mayor de personas, incluidos muchos j\u00f3venes y adolescentes, reconocen que el cuidado de la creaci\u00f3n es expresi\u00f3n esencial de la fe en Dios y de la obediencia a su voluntad\u201d<\/p>\n<p><img decoding=\"async\" class=\"aligncenter wp-image-23715 size-full\" src=\"https:\/\/schoenstatt.com\/wp-content\/uploads\/2022\/02\/papa-puerta-3.png\" alt=\"El Papa\" width=\"739\" height=\"380\" \/><\/p>\n<h3>Fe intensa, esperanza viva y caridad operante<\/h3>\n<p>As\u00ed, el Papa Francisco conf\u00eda a Monse\u00f1or Fisichella la responsabilidad de encontrar las maneras apropiadas para que el A\u00f1o Santo se prepare y se celebre con fe intensa, esperanza viva y caridad operante. El Dicasterio que promueve la nueva evangelizaci\u00f3n sabr\u00e1 hacer de este momento de gracia una etapa significativa para la pastoral de las Iglesias particulares, tanto latinas como orientales, que en estos a\u00f1os est\u00e1n llamadas a intensificar su compromiso sinodal. En esta perspectiva, la peregrinaci\u00f3n hacia el Jubileo podr\u00e1 fortificar y manifestar el camino com\u00fan que la Iglesia est\u00e1 llamada a recorrer para ser cada vez m\u00e1s claramente signo e instrumento de unidad en la armon\u00eda de la diversidad. Ser\u00e1 importante ayudar a redescubrir las exigencias de la llamada universal a la participaci\u00f3n responsable, con la valorizaci\u00f3n de los carismas y ministerios que el Esp\u00edritu Santo no cesa de conceder para la edificaci\u00f3n de la \u00fanica Iglesia.<\/p>\n<p>\u201cLas cuatro Constituciones del Concilio Ecum\u00e9nico Vaticano II, junto con el Magisterio de estos decenios, seguir\u00e1n orientando y guiando al santo pueblo de Dios, para que progrese en la misi\u00f3n de llevar el gozoso anuncio del Evangelio a todos\u201d<\/p>\n<h3>El a\u00f1o 2024 una gran \u201csinfon\u00eda\u201d de oraci\u00f3n<\/h3>\n<p>El Santo Padre tambi\u00e9n precisa en su Carta que, la Bula de convocaci\u00f3n, que ser\u00e1 publicada en su momento, contendr\u00e1 las indicaciones necesarias para la celebraci\u00f3n del Jubileo de 2025. En este tiempo de preparaci\u00f3n, me alegra pensar que el a\u00f1o 2024, que precede al acontecimiento del Jubileo, pueda dedicarse a una gran \u201csinfon\u00eda\u201d de oraci\u00f3n; ante todo, para recuperar el deseo de estar en la presencia del Se\u00f1or, de escucharlo y adorarlo. Oraci\u00f3n, para agradecer a Dios los m\u00faltiples dones de su amor por nosotros y alabar su obra en la creaci\u00f3n, que nos compromete a respetarla y a actuar de forma concreta y responsable para salvaguardarla. Oraci\u00f3n como voz \u201cde un solo coraz\u00f3n y una sola alma\u201d que se traduce en ser solidarios y en compartir el pan de cada d\u00eda. Oraci\u00f3n que permite a cada hombre y mujer de este mundo dirigirse al \u00fanico Dios, para expresarle lo que tienen en el secreto del coraz\u00f3n. Oraci\u00f3n como v\u00eda maestra hacia la santidad, que nos lleva a vivir la contemplaci\u00f3n en la acci\u00f3n.<\/p>\n<p>\u201cEn definitiva, un a\u00f1o intenso de oraci\u00f3n, en el que los corazones se puedan abrir para recibir la abundancia de la gracia, haciendo del \u201cPadre Nuestro\u201d, la oraci\u00f3n que Jes\u00fas nos ense\u00f1\u00f3, el programa de vida de cada uno de sus disc\u00edpulos\u201d<\/p>\n<p>Pidiendo a la Virgen Mar\u00eda que acompa\u00f1e a la Iglesia en el camino de preparaci\u00f3n al acontecimiento de gracia del Jubileo, el Papa Francisco concluye su Misiva agradeciendo a Monse\u00f1or Rino Fisichella y a sus colaboradores, a quienes imparte su Bendici\u00f3n Apost\u00f3lica.<\/p>\n","protected":false},"excerpt":{"rendered":"<p>El Santo Padre ha enviado una Carta a Monse\u00f1or Rino Fisichella, Presidente del Pontificio Consejo para la Promoci\u00f3n de la Nueva Evangelizaci\u00f3n, Dicasterio al cual se le conf\u00eda la organizaci\u00f3n del Jubileo de 2025, y la responsabilidad de encontrar las maneras apropiadas para que el A\u00f1o Santo se prepare y se celebre con fe intensa, esperanza viva y caridad operante.<\/p>\n","protected":false},"author":1,"featured_media":23719,"comment_status":"closed","ping_status":"closed","sticky":false,"template":"","format":"standard","meta":{"footnotes":""},"categories":[630,683],"tags":[],"class_list":["post-23710","post","type-post","status-publish","format-standard","has-post-thumbnail","hentry","category-eventos-es","category-iglesia-es"],"yoast_head":"<!-- This site is optimized with the Yoast SEO Premium plugin v27.4 (Yoast SEO v27.5) - https:\/\/yoast.com\/product\/yoast-seo-premium-wordpress\/ -->\n<title>El Papa: el Jubileo de 2025 signo de renacimiento, de esperanza y confianza - Schoenstatt<\/title>\n<meta name=\"description\" content=\"El Papa comenta: \u201cEl pr\u00f3ximo Jubileo puede ayudar mucho a restablecer un clima de esperanza y confianza, que todos percibimos como urgente\u201d\" \/>\n<meta name=\"robots\" content=\"index, follow, max-snippet:-1, max-image-preview:large, max-video-preview:-1\" \/>\n<link rel=\"canonical\" href=\"https:\/\/schoenstatt.com\/es\/el-papa-el-jubileo-de-2025-signo-de-renacimiento-de-esperanza-y-confianza\/\" \/>\n<meta property=\"og:locale\" content=\"es_ES\" \/>\n<meta property=\"og:type\" content=\"article\" \/>\n<meta property=\"og:title\" content=\"El Papa: el Jubileo de 2025 signo de renacimiento, de esperanza y confianza\" \/>\n<meta property=\"og:description\" content=\"El Papa comenta: \u201cEl pr\u00f3ximo Jubileo puede ayudar mucho a restablecer un clima de esperanza y confianza, que todos percibimos como urgente\u201d\" \/>\n<meta property=\"og:url\" content=\"https:\/\/schoenstatt.com\/es\/el-papa-el-jubileo-de-2025-signo-de-renacimiento-de-esperanza-y-confianza\/\" \/>\n<meta property=\"og:site_name\" content=\"Schoenstatt\" \/>\n<meta property=\"article:published_time\" content=\"2022-02-12T10:33:45+00:00\" \/>\n<meta property=\"article:modified_time\" content=\"2025-05-15T16:04:35+00:00\" \/>\n<meta property=\"og:image\" content=\"https:\/\/schoenstatt.com\/wp-content\/uploads\/2022\/02\/Papa-puerta-1.png\" \/>\n\t<meta property=\"og:image:width\" content=\"733\" \/>\n\t<meta property=\"og:image:height\" content=\"383\" \/>\n\t<meta property=\"og:image:type\" content=\"image\/png\" \/>\n<meta name=\"author\" content=\"admin\" \/>\n<meta name=\"twitter:card\" content=\"summary_large_image\" \/>\n<meta name=\"twitter:label1\" content=\"Escrito por\" \/>\n\t<meta name=\"twitter:data1\" content=\"admin\" \/>\n\t<meta name=\"twitter:label2\" content=\"Tiempo de lectura\" \/>\n\t<meta name=\"twitter:data2\" content=\"7 minutos\" \/>\n<script type=\"application\/ld+json\" class=\"yoast-schema-graph\">{\"@context\":\"https:\\\/\\\/schema.org\",\"@graph\":[{\"@type\":\"Article\",\"@id\":\"https:\\\/\\\/schoenstatt.com\\\/es\\\/el-papa-el-jubileo-de-2025-signo-de-renacimiento-de-esperanza-y-confianza\\\/#article\",\"isPartOf\":{\"@id\":\"https:\\\/\\\/schoenstatt.com\\\/es\\\/el-papa-el-jubileo-de-2025-signo-de-renacimiento-de-esperanza-y-confianza\\\/\"},\"author\":{\"name\":\"admin\",\"@id\":\"https:\\\/\\\/schoenstatt.com\\\/es\\\/#\\\/schema\\\/person\\\/489465b1850e7b216fe2c10dfc262551\"},\"headline\":\"El Papa: el Jubileo de 2025 signo de renacimiento, de esperanza y confianza\",\"datePublished\":\"2022-02-12T10:33:45+00:00\",\"dateModified\":\"2025-05-15T16:04:35+00:00\",\"mainEntityOfPage\":{\"@id\":\"https:\\\/\\\/schoenstatt.com\\\/es\\\/el-papa-el-jubileo-de-2025-signo-de-renacimiento-de-esperanza-y-confianza\\\/\"},\"wordCount\":1544,\"publisher\":{\"@id\":\"https:\\\/\\\/schoenstatt.com\\\/es\\\/#organization\"},\"image\":{\"@id\":\"https:\\\/\\\/schoenstatt.com\\\/es\\\/el-papa-el-jubileo-de-2025-signo-de-renacimiento-de-esperanza-y-confianza\\\/#primaryimage\"},\"thumbnailUrl\":\"https:\\\/\\\/schoenstatt.com\\\/wp-content\\\/uploads\\\/2022\\\/02\\\/Papa-puerta-1.png\",\"articleSection\":[\"Eventos\",\"Iglesia\"],\"inLanguage\":\"es\"},{\"@type\":\"WebPage\",\"@id\":\"https:\\\/\\\/schoenstatt.com\\\/es\\\/el-papa-el-jubileo-de-2025-signo-de-renacimiento-de-esperanza-y-confianza\\\/\",\"url\":\"https:\\\/\\\/schoenstatt.com\\\/es\\\/el-papa-el-jubileo-de-2025-signo-de-renacimiento-de-esperanza-y-confianza\\\/\",\"name\":\"El Papa: el Jubileo de 2025 signo de renacimiento, de esperanza y confianza - Schoenstatt\",\"isPartOf\":{\"@id\":\"https:\\\/\\\/schoenstatt.com\\\/es\\\/#website\"},\"primaryImageOfPage\":{\"@id\":\"https:\\\/\\\/schoenstatt.com\\\/es\\\/el-papa-el-jubileo-de-2025-signo-de-renacimiento-de-esperanza-y-confianza\\\/#primaryimage\"},\"image\":{\"@id\":\"https:\\\/\\\/schoenstatt.com\\\/es\\\/el-papa-el-jubileo-de-2025-signo-de-renacimiento-de-esperanza-y-confianza\\\/#primaryimage\"},\"thumbnailUrl\":\"https:\\\/\\\/schoenstatt.com\\\/wp-content\\\/uploads\\\/2022\\\/02\\\/Papa-puerta-1.png\",\"datePublished\":\"2022-02-12T10:33:45+00:00\",\"dateModified\":\"2025-05-15T16:04:35+00:00\",\"description\":\"El Papa comenta: \u201cEl pr\u00f3ximo Jubileo puede ayudar mucho a restablecer un clima de esperanza y confianza, que todos percibimos como urgente\u201d\",\"breadcrumb\":{\"@id\":\"https:\\\/\\\/schoenstatt.com\\\/es\\\/el-papa-el-jubileo-de-2025-signo-de-renacimiento-de-esperanza-y-confianza\\\/#breadcrumb\"},\"inLanguage\":\"es\",\"potentialAction\":[{\"@type\":\"ReadAction\",\"target\":[\"https:\\\/\\\/schoenstatt.com\\\/es\\\/el-papa-el-jubileo-de-2025-signo-de-renacimiento-de-esperanza-y-confianza\\\/\"]}]},{\"@type\":\"ImageObject\",\"inLanguage\":\"es\",\"@id\":\"https:\\\/\\\/schoenstatt.com\\\/es\\\/el-papa-el-jubileo-de-2025-signo-de-renacimiento-de-esperanza-y-confianza\\\/#primaryimage\",\"url\":\"https:\\\/\\\/schoenstatt.com\\\/wp-content\\\/uploads\\\/2022\\\/02\\\/Papa-puerta-1.png\",\"contentUrl\":\"https:\\\/\\\/schoenstatt.com\\\/wp-content\\\/uploads\\\/2022\\\/02\\\/Papa-puerta-1.png\",\"width\":733,\"height\":383,\"caption\":\"O Papa\"},{\"@type\":\"BreadcrumbList\",\"@id\":\"https:\\\/\\\/schoenstatt.com\\\/es\\\/el-papa-el-jubileo-de-2025-signo-de-renacimiento-de-esperanza-y-confianza\\\/#breadcrumb\",\"itemListElement\":[{\"@type\":\"ListItem\",\"position\":1,\"name\":\"Portada\",\"item\":\"https:\\\/\\\/schoenstatt.com\\\/es\\\/home\\\/\"},{\"@type\":\"ListItem\",\"position\":2,\"name\":\"El Papa: el Jubileo de 2025 signo de renacimiento, de esperanza y confianza\"}]},{\"@type\":\"WebSite\",\"@id\":\"https:\\\/\\\/schoenstatt.com\\\/es\\\/#website\",\"url\":\"https:\\\/\\\/schoenstatt.com\\\/es\\\/\",\"name\":\"Schoenstatt\",\"description\":\"Apostolic Movement\",\"publisher\":{\"@id\":\"https:\\\/\\\/schoenstatt.com\\\/es\\\/#organization\"},\"potentialAction\":[{\"@type\":\"SearchAction\",\"target\":{\"@type\":\"EntryPoint\",\"urlTemplate\":\"https:\\\/\\\/schoenstatt.com\\\/es\\\/?s={search_term_string}\"},\"query-input\":{\"@type\":\"PropertyValueSpecification\",\"valueRequired\":true,\"valueName\":\"search_term_string\"}}],\"inLanguage\":\"es\"},{\"@type\":\"Organization\",\"@id\":\"https:\\\/\\\/schoenstatt.com\\\/es\\\/#organization\",\"name\":\"Schoenstatt\",\"url\":\"https:\\\/\\\/schoenstatt.com\\\/es\\\/\",\"logo\":{\"@type\":\"ImageObject\",\"inLanguage\":\"es\",\"@id\":\"https:\\\/\\\/schoenstatt.com\\\/es\\\/#\\\/schema\\\/logo\\\/image\\\/\",\"url\":\"https:\\\/\\\/schoenstatt.com\\\/wp-content\\\/uploads\\\/2025\\\/04\\\/logo-schoenstatt-white-696x696-1.png\",\"contentUrl\":\"https:\\\/\\\/schoenstatt.com\\\/wp-content\\\/uploads\\\/2025\\\/04\\\/logo-schoenstatt-white-696x696-1.png\",\"width\":696,\"height\":694,\"caption\":\"Schoenstatt\"},\"image\":{\"@id\":\"https:\\\/\\\/schoenstatt.com\\\/es\\\/#\\\/schema\\\/logo\\\/image\\\/\"}},{\"@type\":\"Person\",\"@id\":\"https:\\\/\\\/schoenstatt.com\\\/es\\\/#\\\/schema\\\/person\\\/489465b1850e7b216fe2c10dfc262551\",\"name\":\"admin\",\"image\":{\"@type\":\"ImageObject\",\"inLanguage\":\"es\",\"@id\":\"https:\\\/\\\/secure.gravatar.com\\\/avatar\\\/02e8345e1ec40ab0e0a2a98fdde64a684bbaf994cddcb778b25b8b024ee9dfe6?s=96&d=mm&r=g\",\"url\":\"https:\\\/\\\/secure.gravatar.com\\\/avatar\\\/02e8345e1ec40ab0e0a2a98fdde64a684bbaf994cddcb778b25b8b024ee9dfe6?s=96&d=mm&r=g\",\"contentUrl\":\"https:\\\/\\\/secure.gravatar.com\\\/avatar\\\/02e8345e1ec40ab0e0a2a98fdde64a684bbaf994cddcb778b25b8b024ee9dfe6?s=96&d=mm&r=g\",\"caption\":\"admin\"},\"sameAs\":[\"https:\\\/\\\/schoenstatt.com\"],\"url\":\"https:\\\/\\\/schoenstatt.com\\\/es\\\/author\\\/admin\\\/\"}]}<\/script>\n<!-- \/ Yoast SEO Premium plugin. -->","yoast_head_json":{"title":"El Papa: el Jubileo de 2025 signo de renacimiento, de esperanza y confianza - Schoenstatt","description":"El Papa comenta: \u201cEl pr\u00f3ximo Jubileo puede ayudar mucho a restablecer un clima de esperanza y confianza, que todos percibimos como urgente\u201d","robots":{"index":"index","follow":"follow","max-snippet":"max-snippet:-1","max-image-preview":"max-image-preview:large","max-video-preview":"max-video-preview:-1"},"canonical":"https:\/\/schoenstatt.com\/es\/el-papa-el-jubileo-de-2025-signo-de-renacimiento-de-esperanza-y-confianza\/","og_locale":"es_ES","og_type":"article","og_title":"El Papa: el Jubileo de 2025 signo de renacimiento, de esperanza y confianza","og_description":"El Papa comenta: \u201cEl pr\u00f3ximo Jubileo puede ayudar mucho a restablecer un clima de esperanza y confianza, que todos percibimos como urgente\u201d","og_url":"https:\/\/schoenstatt.com\/es\/el-papa-el-jubileo-de-2025-signo-de-renacimiento-de-esperanza-y-confianza\/","og_site_name":"Schoenstatt","article_published_time":"2022-02-12T10:33:45+00:00","article_modified_time":"2025-05-15T16:04:35+00:00","og_image":[{"width":733,"height":383,"url":"https:\/\/schoenstatt.com\/wp-content\/uploads\/2022\/02\/Papa-puerta-1.png","type":"image\/png"}],"author":"admin","twitter_card":"summary_large_image","twitter_misc":{"Escrito por":"admin","Tiempo de lectura":"7 minutos"},"schema":{"@context":"https:\/\/schema.org","@graph":[{"@type":"Article","@id":"https:\/\/schoenstatt.com\/es\/el-papa-el-jubileo-de-2025-signo-de-renacimiento-de-esperanza-y-confianza\/#article","isPartOf":{"@id":"https:\/\/schoenstatt.com\/es\/el-papa-el-jubileo-de-2025-signo-de-renacimiento-de-esperanza-y-confianza\/"},"author":{"name":"admin","@id":"https:\/\/schoenstatt.com\/es\/#\/schema\/person\/489465b1850e7b216fe2c10dfc262551"},"headline":"El Papa: el Jubileo de 2025 signo de renacimiento, de esperanza y confianza","datePublished":"2022-02-12T10:33:45+00:00","dateModified":"2025-05-15T16:04:35+00:00","mainEntityOfPage":{"@id":"https:\/\/schoenstatt.com\/es\/el-papa-el-jubileo-de-2025-signo-de-renacimiento-de-esperanza-y-confianza\/"},"wordCount":1544,"publisher":{"@id":"https:\/\/schoenstatt.com\/es\/#organization"},"image":{"@id":"https:\/\/schoenstatt.com\/es\/el-papa-el-jubileo-de-2025-signo-de-renacimiento-de-esperanza-y-confianza\/#primaryimage"},"thumbnailUrl":"https:\/\/schoenstatt.com\/wp-content\/uploads\/2022\/02\/Papa-puerta-1.png","articleSection":["Eventos","Iglesia"],"inLanguage":"es"},{"@type":"WebPage","@id":"https:\/\/schoenstatt.com\/es\/el-papa-el-jubileo-de-2025-signo-de-renacimiento-de-esperanza-y-confianza\/","url":"https:\/\/schoenstatt.com\/es\/el-papa-el-jubileo-de-2025-signo-de-renacimiento-de-esperanza-y-confianza\/","name":"El Papa: el Jubileo de 2025 signo de renacimiento, de esperanza y confianza - Schoenstatt","isPartOf":{"@id":"https:\/\/schoenstatt.com\/es\/#website"},"primaryImageOfPage":{"@id":"https:\/\/schoenstatt.com\/es\/el-papa-el-jubileo-de-2025-signo-de-renacimiento-de-esperanza-y-confianza\/#primaryimage"},"image":{"@id":"https:\/\/schoenstatt.com\/es\/el-papa-el-jubileo-de-2025-signo-de-renacimiento-de-esperanza-y-confianza\/#primaryimage"},"thumbnailUrl":"https:\/\/schoenstatt.com\/wp-content\/uploads\/2022\/02\/Papa-puerta-1.png","datePublished":"2022-02-12T10:33:45+00:00","dateModified":"2025-05-15T16:04:35+00:00","description":"El Papa comenta: \u201cEl pr\u00f3ximo Jubileo puede ayudar mucho a restablecer un clima de esperanza y confianza, que todos percibimos como urgente\u201d","breadcrumb":{"@id":"https:\/\/schoenstatt.com\/es\/el-papa-el-jubileo-de-2025-signo-de-renacimiento-de-esperanza-y-confianza\/#breadcrumb"},"inLanguage":"es","potentialAction":[{"@type":"ReadAction","target":["https:\/\/schoenstatt.com\/es\/el-papa-el-jubileo-de-2025-signo-de-renacimiento-de-esperanza-y-confianza\/"]}]},{"@type":"ImageObject","inLanguage":"es","@id":"https:\/\/schoenstatt.com\/es\/el-papa-el-jubileo-de-2025-signo-de-renacimiento-de-esperanza-y-confianza\/#primaryimage","url":"https:\/\/schoenstatt.com\/wp-content\/uploads\/2022\/02\/Papa-puerta-1.png","contentUrl":"https:\/\/schoenstatt.com\/wp-content\/uploads\/2022\/02\/Papa-puerta-1.png","width":733,"height":383,"caption":"O Papa"},{"@type":"BreadcrumbList","@id":"https:\/\/schoenstatt.com\/es\/el-papa-el-jubileo-de-2025-signo-de-renacimiento-de-esperanza-y-confianza\/#breadcrumb","itemListElement":[{"@type":"ListItem","position":1,"name":"Portada","item":"https:\/\/schoenstatt.com\/es\/home\/"},{"@type":"ListItem","position":2,"name":"El Papa: el Jubileo de 2025 signo de renacimiento, de esperanza y confianza"}]},{"@type":"WebSite","@id":"https:\/\/schoenstatt.com\/es\/#website","url":"https:\/\/schoenstatt.com\/es\/","name":"Schoenstatt","description":"Apostolic Movement","publisher":{"@id":"https:\/\/schoenstatt.com\/es\/#organization"},"potentialAction":[{"@type":"SearchAction","target":{"@type":"EntryPoint","urlTemplate":"https:\/\/schoenstatt.com\/es\/?s={search_term_string}"},"query-input":{"@type":"PropertyValueSpecification","valueRequired":true,"valueName":"search_term_string"}}],"inLanguage":"es"},{"@type":"Organization","@id":"https:\/\/schoenstatt.com\/es\/#organization","name":"Schoenstatt","url":"https:\/\/schoenstatt.com\/es\/","logo":{"@type":"ImageObject","inLanguage":"es","@id":"https:\/\/schoenstatt.com\/es\/#\/schema\/logo\/image\/","url":"https:\/\/schoenstatt.com\/wp-content\/uploads\/2025\/04\/logo-schoenstatt-white-696x696-1.png","contentUrl":"https:\/\/schoenstatt.com\/wp-content\/uploads\/2025\/04\/logo-schoenstatt-white-696x696-1.png","width":696,"height":694,"caption":"Schoenstatt"},"image":{"@id":"https:\/\/schoenstatt.com\/es\/#\/schema\/logo\/image\/"}},{"@type":"Person","@id":"https:\/\/schoenstatt.com\/es\/#\/schema\/person\/489465b1850e7b216fe2c10dfc262551","name":"admin","image":{"@type":"ImageObject","inLanguage":"es","@id":"https:\/\/secure.gravatar.com\/avatar\/02e8345e1ec40ab0e0a2a98fdde64a684bbaf994cddcb778b25b8b024ee9dfe6?s=96&d=mm&r=g","url":"https:\/\/secure.gravatar.com\/avatar\/02e8345e1ec40ab0e0a2a98fdde64a684bbaf994cddcb778b25b8b024ee9dfe6?s=96&d=mm&r=g","contentUrl":"https:\/\/secure.gravatar.com\/avatar\/02e8345e1ec40ab0e0a2a98fdde64a684bbaf994cddcb778b25b8b024ee9dfe6?s=96&d=mm&r=g","caption":"admin"},"sameAs":["https:\/\/schoenstatt.com"],"url":"https:\/\/schoenstatt.com\/es\/author\/admin\/"}]}},"_links":{"self":[{"href":"https:\/\/schoenstatt.com\/es\/wp-json\/wp\/v2\/posts\/23710","targetHints":{"allow":["GET"]}}],"collection":[{"href":"https:\/\/schoenstatt.com\/es\/wp-json\/wp\/v2\/posts"}],"about":[{"href":"https:\/\/schoenstatt.com\/es\/wp-json\/wp\/v2\/types\/post"}],"author":[{"embeddable":true,"href":"https:\/\/schoenstatt.com\/es\/wp-json\/wp\/v2\/users\/1"}],"replies":[{"embeddable":true,"href":"https:\/\/schoenstatt.com\/es\/wp-json\/wp\/v2\/comments?post=23710"}],"version-history":[{"count":1,"href":"https:\/\/schoenstatt.com\/es\/wp-json\/wp\/v2\/posts\/23710\/revisions"}],"predecessor-version":[{"id":45031,"href":"https:\/\/schoenstatt.com\/es\/wp-json\/wp\/v2\/posts\/23710\/revisions\/45031"}],"wp:featuredmedia":[{"embeddable":true,"href":"https:\/\/schoenstatt.com\/es\/wp-json\/wp\/v2\/media\/23719"}],"wp:attachment":[{"href":"https:\/\/schoenstatt.com\/es\/wp-json\/wp\/v2\/media?parent=23710"}],"wp:term":[{"taxonomy":"category","embeddable":true,"href":"https:\/\/schoenstatt.com\/es\/wp-json\/wp\/v2\/categories?post=23710"},{"taxonomy":"post_tag","embeddable":true,"href":"https:\/\/schoenstatt.com\/es\/wp-json\/wp\/v2\/tags?post=23710"}],"curies":[{"name":"wp","href":"https:\/\/api.w.org\/{rel}","templated":true}]}}