{"id":23449,"date":"2021-04-28T11:18:47","date_gmt":"2021-04-28T09:18:47","guid":{"rendered":"https:\/\/schoenstatt.com\/?p=23449"},"modified":"2025-08-19T19:58:15","modified_gmt":"2025-08-19T17:58:15","slug":"schoenstatt-en-camerun-construyendo-un-centro-de-peregrinacion-desde-el-alma-del-pueblo","status":"publish","type":"post","link":"https:\/\/schoenstatt.com\/es\/schoenstatt-en-camerun-construyendo-un-centro-de-peregrinacion-desde-el-alma-del-pueblo\/","title":{"rendered":"Schoenstatt en Camer\u00fan &#8211; Construyendo un centro de peregrinaci\u00f3n desde el alma del pueblo"},"content":{"rendered":"<p>Alois Baumberger, miembro de la Federaci\u00f3n de Sacerdotes de Suiza, vivi\u00f3 y trabaj\u00f3 por m\u00e1s de 40 a\u00f1os en Chad, \u00c1frica y por 10 a\u00f1os en Camer\u00fan. Para \u00e9l, el trabajo pastoral siempre ha sido como se presenta lentamente en el pa\u00eds, con muchas quejas y cr\u00edticas: parroquias grandes donde se celebra la misa una vez al mes y que, y que\u00a0 organizan su vida parroquial de forma comprometida con los voluntarios. El p\u00e1rroco viaja mucho, forma a los voluntarios, organiza retiros para los candidatos al bautismo de adultos, hombres y mujeres\u00a0; prepara los distintos sacramentos y ve d\u00f3nde necesita apoyo la gente. La espiritualidad y la ayuda a la vida van de la mano.<\/p>\n<p>En los \u00faltimos a\u00f1os, el padre Alois ha estado construyendo el centro diocesano de peregrinaci\u00f3n de Marza, lo que no solo implica levantar una gran iglesia de peregrinaci\u00f3n, crear instalaciones para pernoctar y salas de conferencias para los peregrinos, sino sobre todo atender a la gente en sus necesidades y estar all\u00ed para sus preguntas y dificultades. De manera incre\u00edble el Padre Baumberger logra combinar la espiritualidad de Schoenstatt con la cultura africana, las formas de pensar y de vivir. Con una mirada sensible, reconoce a las personas que Dios -a menudo sorprendentemente- pone a su lado para su centro de peregrinaci\u00f3n. Las inspira y les ayuda a elevar las capacidades que Dios ha puesto en ellas. Te invitamos a vivenciar por ti mismo una peque\u00f1a parte de la historia de Marza relatada por el Padre Baumberger.<\/p>\n<p><img decoding=\"async\" class=\"wp-image-23459 size-full alignleft\" src=\"https:\/\/schoenstatt.com\/wp-content\/uploads\/2022\/01\/P-Alois3.png\" alt=\"Alois Baumberger\" width=\"193\" height=\"229\" \/><\/p>\n<h3>Vivir con el virus Corona y las sorpresas que nos depara<\/h3>\n<p>\u00bfC\u00f3mo afrontar espiritualmente el coronavirus? Hemos coronado a Mar\u00eda como \u00abReina del pensar y actuar org\u00e1nicos\u00bb en nuestra parroquia de peregrinaci\u00f3n por un nuevo despertar pentecostal para la era post-corona. Las mujeres con inclinaciones art\u00edsticas hicieron coronas para varias im\u00e1genes de Mar\u00eda. Los ni\u00f1os afirmaban que Mar\u00eda sonre\u00eda mientras llev\u00e1bamos su imagen, junto con su Hijo, por la monta\u00f1a, en la custodia. La gente de aqu\u00ed espera que Mar\u00eda extienda su manto de protecci\u00f3n sobre nuestra parroquia, sobre toda la ciudad y sobre el pa\u00eds contra el coronavirus.<\/p>\n<h3>Jard\u00edn de plantas medicinales<\/h3>\n<p>Quienes acuden a un lugar de peregrinaci\u00f3n suelen encontrar especialidades para su bienestar f\u00edsico y espiritual: hierbas, queso, licores, cerveza mon\u00e1stica. En nuestro caso es la planta milagrosa Artemisia, la cual obtuvo la reputaci\u00f3n de ser inmunizante contra el coronavirus. Todo Camer\u00fan acud\u00eda a nosotros en peregrinaci\u00f3n para adquirir el elixir salvador y conocer nuestro secreto, o para llevarse unas cuantas plantas o semillas. El deseo de cultivar hierbas medicinales para las innumerables dolencias de la vida moderna hizo madurar la idea de establecer un centro de salud a base de hierbas. El hermano Olivier ha iniciado una formaci\u00f3n bianual, dos tardes a la semana, sobre la dosificaci\u00f3n, la mezcla y la aplicaci\u00f3n de las hierbas medicinales. La cosecha se seca, se mezcla y se convierte en jarabes. Seg\u00fan la tradici\u00f3n africana, las enfermedades tienen causas espirituales y mentales.<\/p>\n<h3>Un estudio para las ventanas de la iglesia<\/h3>\n<p>En febrero del 2020, Fernand Kabongo, originario del Congo y docente en Yaund\u00e9, capital de Camer\u00fan, vino a visitarnos \u00abpor casualidad\u00bb. Le encant\u00f3 el pintoresco mundo de la peregrinaci\u00f3n de Marza y se involucr\u00f3, desarrollando un sitio web profesional para nuestro santuario\u00a0: www.sanctuaire-ngaoundere.cm . Tambi\u00e9n form\u00f3 a j\u00f3venes para que gestionen la p\u00e1gina y la actualicen semanalmente con nueva informaci\u00f3n e impulsos espirituales. Nos cont\u00f3 de su trabajo anterior en un atelier de vitrales donde se hab\u00eda formado. Decidimos abrir uno en Marza para fabricar vitrales de iglesias, un oficio que est\u00e1 en peligro de extinci\u00f3n. En este momento, Fernand trabaja con su antiguo jefe como dibujante para ahorrar dinero y con eso poder equipar nuestro nuevo taller.<img fetchpriority=\"high\" decoding=\"async\" class=\"size-full wp-image-23463 alignright\" src=\"https:\/\/schoenstatt.com\/wp-content\/uploads\/2022\/01\/Notre-Dame-des-Apotres2.jpg\" alt=\"camer\u00fan\" width=\"259\" height=\"194\" \/><\/p>\n<h3>Nuevas salidas<\/h3>\n<p>El abate Th\u00e9rence, sacerdote schoenstattiano de Burundi, no pudo volar a su tierra natal despu\u00e9s de concluir sus estudios de derecho can\u00f3nico en Yaund\u00e9, a causa de Covid-19, lo que motiv\u00f3 que permaneciera tres meses aqu\u00ed en Ngaound\u00e9r\u00e9. Su especial forma de pastorear en nuestra parroquia de peregrinaci\u00f3n nos abri\u00f3 una espiritualidad mariana inculturada en \u00c1frica.<\/p>\n<h3>Nuevos frutos<\/h3>\n<p>Seguimos construyendo el santuario, el centro de hu\u00e9spedes y peregrinos. Se ha captado un manantial de la monta\u00f1a y se est\u00e1 bombeando el agua a un dep\u00f3sito de 5.000 litros, que entre otras cosas, sirve tambi\u00e9n para regar las plantas medicinales. El antiguo proyecto de un molino para grano y para pulverizar especias, plantas medicinales y tub\u00e9rculos pudo realizarse gracias a las donaciones que nos llegaron desde Europa.<\/p>\n<p>Los africanos no abandonan la Iglesia, pero buscan la ayuda de exorcistas para expulsar a los demonios que creen tener. Hoy en d\u00eda, la curaci\u00f3n interior vuelve a ser cada vez m\u00e1s demandada. Para ello, ofrecemos jornadas de peregrinaci\u00f3n individuales con conferencia, debate, adoraci\u00f3n, confesi\u00f3n o charla y misa para la sanaci\u00f3n interior. Queremos utilizar el actual tiempo de covid como una oportunidad de pausa y de reflexi\u00f3n profunda ante Dios y con Dios, para conocer sus caminos, c\u00f3mo debe ser la nueva forma de cristianismo para nuestro tiempo.<\/p>\n<p>Aqu\u00ed observamos que el covid tiene su lado bueno. Gracias a las restricciones, algunas cosas desaparecen y podemos trabajar de forma menos estresante. Tenemos m\u00e1s paz y m\u00e1s tiempo para meditar, ir al fondo del alma para mejorar la salud f\u00edsica y mental. Aprendemos a leer de nuevo los signos de los tiempos, a creer en la Providencia y a aprovechar la energ\u00eda de lo alto, de Dios.<\/p>\n<p>El P. Alois Baumberger agradece las oraciones por las personas que acuden al santuario y ofrece una posibilidad de colaborar con donaciones\u00a0para el desarrollo del centro de peregrinaci\u00f3n.<\/p>\n<p>Puede ser a trav\u00e9s de su p\u00e1gina web\u00a0: <a href=\"http:\/\/www.sanctuaire-ngaoundere.cm\/\">http:\/\/www.sanctuaire-ngaoundere.cm\/<\/a><\/p>\n<p>O\u00a0: Sparkasse Koblenz, Partnership Project Gunu-Gang, IBAN: DE 23570501200004012563, BIC: MALADE51KOB<br \/>\nhttps:\/\/www.iban-rechner.de\/bic_und_iban.html<\/p>\n<p>Fotos: Chadbrief.ch<\/p>\n","protected":false},"excerpt":{"rendered":"<p>Alois Baumberger, miembro de la Federaci\u00f3n de Sacerdotes de Suiza, vivi\u00f3 y trabaj\u00f3 por m\u00e1s de 40 a\u00f1os en Chad, \u00c1frica y por 10 a\u00f1os en Camer\u00fan.<\/p>\n","protected":false},"author":1,"featured_media":23468,"comment_status":"closed","ping_status":"closed","sticky":false,"template":"","format":"standard","meta":{"footnotes":""},"categories":[637],"tags":[684,963,1092,1016],"class_list":["post-23449","post","type-post","status-publish","format-standard","has-post-thumbnail","hentry","category-africa-es","tag-africa-es","tag-camerun-es","tag-federacion-de-sacerdotes-es","tag-p-alois-baumberger-es"],"yoast_head":"<!-- This site is optimized with the Yoast SEO Premium plugin v27.4 (Yoast SEO v27.5) - https:\/\/yoast.com\/product\/yoast-seo-premium-wordpress\/ -->\n<title>Schoenstatt en Camer\u00fan - Construyendo un centro de peregrinaci\u00f3n desde el alma del pueblo - Schoenstatt<\/title>\n<meta name=\"description\" content=\"Alois Baumberger, miembro de la Federaci\u00f3n de Sacerdotes de Suiza, vivi\u00f3 y trabaj\u00f3 por m\u00e1s de 40 a\u00f1os en Chad, \u00c1frica y por 10 a\u00f1os en Camer\u00fan\" \/>\n<meta name=\"robots\" content=\"index, follow, max-snippet:-1, max-image-preview:large, max-video-preview:-1\" \/>\n<link rel=\"canonical\" href=\"https:\/\/schoenstatt.com\/es\/schoenstatt-en-camerun-construyendo-un-centro-de-peregrinacion-desde-el-alma-del-pueblo\/\" \/>\n<meta property=\"og:locale\" content=\"es_ES\" \/>\n<meta property=\"og:type\" content=\"article\" \/>\n<meta property=\"og:title\" content=\"Schoenstatt en Camer\u00fan - Construyendo un centro de peregrinaci\u00f3n desde el alma del pueblo\" \/>\n<meta property=\"og:description\" content=\"Alois Baumberger, miembro de la Federaci\u00f3n de Sacerdotes de Suiza, vivi\u00f3 y trabaj\u00f3 por m\u00e1s de 40 a\u00f1os en Chad, \u00c1frica y por 10 a\u00f1os en Camer\u00fan\" \/>\n<meta property=\"og:url\" content=\"https:\/\/schoenstatt.com\/es\/schoenstatt-en-camerun-construyendo-un-centro-de-peregrinacion-desde-el-alma-del-pueblo\/\" \/>\n<meta property=\"og:site_name\" content=\"Schoenstatt\" \/>\n<meta property=\"article:published_time\" content=\"2021-04-28T09:18:47+00:00\" \/>\n<meta property=\"article:modified_time\" content=\"2025-08-19T17:58:15+00:00\" \/>\n<meta property=\"og:image\" content=\"https:\/\/schoenstatt.com\/wp-content\/uploads\/2022\/01\/Notre-Dame-des-Apotres3-1-1.jpg\" \/>\n\t<meta property=\"og:image:width\" content=\"678\" \/>\n\t<meta property=\"og:image:height\" content=\"508\" \/>\n\t<meta property=\"og:image:type\" content=\"image\/jpeg\" \/>\n<meta name=\"author\" content=\"admin\" \/>\n<meta name=\"twitter:card\" content=\"summary_large_image\" \/>\n<meta name=\"twitter:label1\" content=\"Escrito por\" \/>\n\t<meta name=\"twitter:data1\" content=\"admin\" \/>\n\t<meta name=\"twitter:label2\" content=\"Tiempo de lectura\" \/>\n\t<meta name=\"twitter:data2\" content=\"5 minutos\" \/>\n<script type=\"application\/ld+json\" class=\"yoast-schema-graph\">{\"@context\":\"https:\\\/\\\/schema.org\",\"@graph\":[{\"@type\":\"Article\",\"@id\":\"https:\\\/\\\/schoenstatt.com\\\/es\\\/schoenstatt-en-camerun-construyendo-un-centro-de-peregrinacion-desde-el-alma-del-pueblo\\\/#article\",\"isPartOf\":{\"@id\":\"https:\\\/\\\/schoenstatt.com\\\/es\\\/schoenstatt-en-camerun-construyendo-un-centro-de-peregrinacion-desde-el-alma-del-pueblo\\\/\"},\"author\":{\"name\":\"admin\",\"@id\":\"https:\\\/\\\/schoenstatt.com\\\/es\\\/#\\\/schema\\\/person\\\/489465b1850e7b216fe2c10dfc262551\"},\"headline\":\"Schoenstatt en Camer\u00fan &#8211; Construyendo un centro de peregrinaci\u00f3n desde el alma del pueblo\",\"datePublished\":\"2021-04-28T09:18:47+00:00\",\"dateModified\":\"2025-08-19T17:58:15+00:00\",\"mainEntityOfPage\":{\"@id\":\"https:\\\/\\\/schoenstatt.com\\\/es\\\/schoenstatt-en-camerun-construyendo-un-centro-de-peregrinacion-desde-el-alma-del-pueblo\\\/\"},\"wordCount\":1058,\"publisher\":{\"@id\":\"https:\\\/\\\/schoenstatt.com\\\/es\\\/#organization\"},\"image\":{\"@id\":\"https:\\\/\\\/schoenstatt.com\\\/es\\\/schoenstatt-en-camerun-construyendo-un-centro-de-peregrinacion-desde-el-alma-del-pueblo\\\/#primaryimage\"},\"thumbnailUrl\":\"https:\\\/\\\/schoenstatt.com\\\/wp-content\\\/uploads\\\/2022\\\/01\\\/Notre-Dame-des-Apotres3-1-1.jpg\",\"keywords\":[\"\u00c1frica\",\"Camer\u00fan\",\"Federaci\u00f3n de Sacerdotes\",\"P. Alois Baumberger\"],\"articleSection\":[\"\u00c1frica\"],\"inLanguage\":\"es\"},{\"@type\":\"WebPage\",\"@id\":\"https:\\\/\\\/schoenstatt.com\\\/es\\\/schoenstatt-en-camerun-construyendo-un-centro-de-peregrinacion-desde-el-alma-del-pueblo\\\/\",\"url\":\"https:\\\/\\\/schoenstatt.com\\\/es\\\/schoenstatt-en-camerun-construyendo-un-centro-de-peregrinacion-desde-el-alma-del-pueblo\\\/\",\"name\":\"Schoenstatt en Camer\u00fan - Construyendo un centro de peregrinaci\u00f3n desde el alma del pueblo - Schoenstatt\",\"isPartOf\":{\"@id\":\"https:\\\/\\\/schoenstatt.com\\\/es\\\/#website\"},\"primaryImageOfPage\":{\"@id\":\"https:\\\/\\\/schoenstatt.com\\\/es\\\/schoenstatt-en-camerun-construyendo-un-centro-de-peregrinacion-desde-el-alma-del-pueblo\\\/#primaryimage\"},\"image\":{\"@id\":\"https:\\\/\\\/schoenstatt.com\\\/es\\\/schoenstatt-en-camerun-construyendo-un-centro-de-peregrinacion-desde-el-alma-del-pueblo\\\/#primaryimage\"},\"thumbnailUrl\":\"https:\\\/\\\/schoenstatt.com\\\/wp-content\\\/uploads\\\/2022\\\/01\\\/Notre-Dame-des-Apotres3-1-1.jpg\",\"datePublished\":\"2021-04-28T09:18:47+00:00\",\"dateModified\":\"2025-08-19T17:58:15+00:00\",\"description\":\"Alois Baumberger, miembro de la Federaci\u00f3n de Sacerdotes de Suiza, vivi\u00f3 y trabaj\u00f3 por m\u00e1s de 40 a\u00f1os en Chad, \u00c1frica y por 10 a\u00f1os en Camer\u00fan\",\"breadcrumb\":{\"@id\":\"https:\\\/\\\/schoenstatt.com\\\/es\\\/schoenstatt-en-camerun-construyendo-un-centro-de-peregrinacion-desde-el-alma-del-pueblo\\\/#breadcrumb\"},\"inLanguage\":\"es\",\"potentialAction\":[{\"@type\":\"ReadAction\",\"target\":[\"https:\\\/\\\/schoenstatt.com\\\/es\\\/schoenstatt-en-camerun-construyendo-un-centro-de-peregrinacion-desde-el-alma-del-pueblo\\\/\"]}]},{\"@type\":\"ImageObject\",\"inLanguage\":\"es\",\"@id\":\"https:\\\/\\\/schoenstatt.com\\\/es\\\/schoenstatt-en-camerun-construyendo-un-centro-de-peregrinacion-desde-el-alma-del-pueblo\\\/#primaryimage\",\"url\":\"https:\\\/\\\/schoenstatt.com\\\/wp-content\\\/uploads\\\/2022\\\/01\\\/Notre-Dame-des-Apotres3-1-1.jpg\",\"contentUrl\":\"https:\\\/\\\/schoenstatt.com\\\/wp-content\\\/uploads\\\/2022\\\/01\\\/Notre-Dame-des-Apotres3-1-1.jpg\",\"width\":678,\"height\":508,\"caption\":\"Cameroon shrine\"},{\"@type\":\"BreadcrumbList\",\"@id\":\"https:\\\/\\\/schoenstatt.com\\\/es\\\/schoenstatt-en-camerun-construyendo-un-centro-de-peregrinacion-desde-el-alma-del-pueblo\\\/#breadcrumb\",\"itemListElement\":[{\"@type\":\"ListItem\",\"position\":1,\"name\":\"Portada\",\"item\":\"https:\\\/\\\/schoenstatt.com\\\/es\\\/home\\\/\"},{\"@type\":\"ListItem\",\"position\":2,\"name\":\"Schoenstatt en Camer\u00fan &#8211; Construyendo un centro de peregrinaci\u00f3n desde el alma del pueblo\"}]},{\"@type\":\"WebSite\",\"@id\":\"https:\\\/\\\/schoenstatt.com\\\/es\\\/#website\",\"url\":\"https:\\\/\\\/schoenstatt.com\\\/es\\\/\",\"name\":\"Schoenstatt\",\"description\":\"Apostolic Movement\",\"publisher\":{\"@id\":\"https:\\\/\\\/schoenstatt.com\\\/es\\\/#organization\"},\"potentialAction\":[{\"@type\":\"SearchAction\",\"target\":{\"@type\":\"EntryPoint\",\"urlTemplate\":\"https:\\\/\\\/schoenstatt.com\\\/es\\\/?s={search_term_string}\"},\"query-input\":{\"@type\":\"PropertyValueSpecification\",\"valueRequired\":true,\"valueName\":\"search_term_string\"}}],\"inLanguage\":\"es\"},{\"@type\":\"Organization\",\"@id\":\"https:\\\/\\\/schoenstatt.com\\\/es\\\/#organization\",\"name\":\"Schoenstatt\",\"url\":\"https:\\\/\\\/schoenstatt.com\\\/es\\\/\",\"logo\":{\"@type\":\"ImageObject\",\"inLanguage\":\"es\",\"@id\":\"https:\\\/\\\/schoenstatt.com\\\/es\\\/#\\\/schema\\\/logo\\\/image\\\/\",\"url\":\"https:\\\/\\\/schoenstatt.com\\\/wp-content\\\/uploads\\\/2025\\\/04\\\/logo-schoenstatt-white-696x696-1.png\",\"contentUrl\":\"https:\\\/\\\/schoenstatt.com\\\/wp-content\\\/uploads\\\/2025\\\/04\\\/logo-schoenstatt-white-696x696-1.png\",\"width\":696,\"height\":694,\"caption\":\"Schoenstatt\"},\"image\":{\"@id\":\"https:\\\/\\\/schoenstatt.com\\\/es\\\/#\\\/schema\\\/logo\\\/image\\\/\"}},{\"@type\":\"Person\",\"@id\":\"https:\\\/\\\/schoenstatt.com\\\/es\\\/#\\\/schema\\\/person\\\/489465b1850e7b216fe2c10dfc262551\",\"name\":\"admin\",\"image\":{\"@type\":\"ImageObject\",\"inLanguage\":\"es\",\"@id\":\"https:\\\/\\\/secure.gravatar.com\\\/avatar\\\/02e8345e1ec40ab0e0a2a98fdde64a684bbaf994cddcb778b25b8b024ee9dfe6?s=96&d=mm&r=g\",\"url\":\"https:\\\/\\\/secure.gravatar.com\\\/avatar\\\/02e8345e1ec40ab0e0a2a98fdde64a684bbaf994cddcb778b25b8b024ee9dfe6?s=96&d=mm&r=g\",\"contentUrl\":\"https:\\\/\\\/secure.gravatar.com\\\/avatar\\\/02e8345e1ec40ab0e0a2a98fdde64a684bbaf994cddcb778b25b8b024ee9dfe6?s=96&d=mm&r=g\",\"caption\":\"admin\"},\"sameAs\":[\"https:\\\/\\\/schoenstatt.com\"],\"url\":\"https:\\\/\\\/schoenstatt.com\\\/es\\\/author\\\/admin\\\/\"}]}<\/script>\n<!-- \/ Yoast SEO Premium plugin. -->","yoast_head_json":{"title":"Schoenstatt en Camer\u00fan - Construyendo un centro de peregrinaci\u00f3n desde el alma del pueblo - Schoenstatt","description":"Alois Baumberger, miembro de la Federaci\u00f3n de Sacerdotes de Suiza, vivi\u00f3 y trabaj\u00f3 por m\u00e1s de 40 a\u00f1os en Chad, \u00c1frica y por 10 a\u00f1os en Camer\u00fan","robots":{"index":"index","follow":"follow","max-snippet":"max-snippet:-1","max-image-preview":"max-image-preview:large","max-video-preview":"max-video-preview:-1"},"canonical":"https:\/\/schoenstatt.com\/es\/schoenstatt-en-camerun-construyendo-un-centro-de-peregrinacion-desde-el-alma-del-pueblo\/","og_locale":"es_ES","og_type":"article","og_title":"Schoenstatt en Camer\u00fan - Construyendo un centro de peregrinaci\u00f3n desde el alma del pueblo","og_description":"Alois Baumberger, miembro de la Federaci\u00f3n de Sacerdotes de Suiza, vivi\u00f3 y trabaj\u00f3 por m\u00e1s de 40 a\u00f1os en Chad, \u00c1frica y por 10 a\u00f1os en Camer\u00fan","og_url":"https:\/\/schoenstatt.com\/es\/schoenstatt-en-camerun-construyendo-un-centro-de-peregrinacion-desde-el-alma-del-pueblo\/","og_site_name":"Schoenstatt","article_published_time":"2021-04-28T09:18:47+00:00","article_modified_time":"2025-08-19T17:58:15+00:00","og_image":[{"width":678,"height":508,"url":"https:\/\/schoenstatt.com\/wp-content\/uploads\/2022\/01\/Notre-Dame-des-Apotres3-1-1.jpg","type":"image\/jpeg"}],"author":"admin","twitter_card":"summary_large_image","twitter_misc":{"Escrito por":"admin","Tiempo de lectura":"5 minutos"},"schema":{"@context":"https:\/\/schema.org","@graph":[{"@type":"Article","@id":"https:\/\/schoenstatt.com\/es\/schoenstatt-en-camerun-construyendo-un-centro-de-peregrinacion-desde-el-alma-del-pueblo\/#article","isPartOf":{"@id":"https:\/\/schoenstatt.com\/es\/schoenstatt-en-camerun-construyendo-un-centro-de-peregrinacion-desde-el-alma-del-pueblo\/"},"author":{"name":"admin","@id":"https:\/\/schoenstatt.com\/es\/#\/schema\/person\/489465b1850e7b216fe2c10dfc262551"},"headline":"Schoenstatt en Camer\u00fan &#8211; Construyendo un centro de peregrinaci\u00f3n desde el alma del pueblo","datePublished":"2021-04-28T09:18:47+00:00","dateModified":"2025-08-19T17:58:15+00:00","mainEntityOfPage":{"@id":"https:\/\/schoenstatt.com\/es\/schoenstatt-en-camerun-construyendo-un-centro-de-peregrinacion-desde-el-alma-del-pueblo\/"},"wordCount":1058,"publisher":{"@id":"https:\/\/schoenstatt.com\/es\/#organization"},"image":{"@id":"https:\/\/schoenstatt.com\/es\/schoenstatt-en-camerun-construyendo-un-centro-de-peregrinacion-desde-el-alma-del-pueblo\/#primaryimage"},"thumbnailUrl":"https:\/\/schoenstatt.com\/wp-content\/uploads\/2022\/01\/Notre-Dame-des-Apotres3-1-1.jpg","keywords":["\u00c1frica","Camer\u00fan","Federaci\u00f3n de Sacerdotes","P. Alois Baumberger"],"articleSection":["\u00c1frica"],"inLanguage":"es"},{"@type":"WebPage","@id":"https:\/\/schoenstatt.com\/es\/schoenstatt-en-camerun-construyendo-un-centro-de-peregrinacion-desde-el-alma-del-pueblo\/","url":"https:\/\/schoenstatt.com\/es\/schoenstatt-en-camerun-construyendo-un-centro-de-peregrinacion-desde-el-alma-del-pueblo\/","name":"Schoenstatt en Camer\u00fan - Construyendo un centro de peregrinaci\u00f3n desde el alma del pueblo - Schoenstatt","isPartOf":{"@id":"https:\/\/schoenstatt.com\/es\/#website"},"primaryImageOfPage":{"@id":"https:\/\/schoenstatt.com\/es\/schoenstatt-en-camerun-construyendo-un-centro-de-peregrinacion-desde-el-alma-del-pueblo\/#primaryimage"},"image":{"@id":"https:\/\/schoenstatt.com\/es\/schoenstatt-en-camerun-construyendo-un-centro-de-peregrinacion-desde-el-alma-del-pueblo\/#primaryimage"},"thumbnailUrl":"https:\/\/schoenstatt.com\/wp-content\/uploads\/2022\/01\/Notre-Dame-des-Apotres3-1-1.jpg","datePublished":"2021-04-28T09:18:47+00:00","dateModified":"2025-08-19T17:58:15+00:00","description":"Alois Baumberger, miembro de la Federaci\u00f3n de Sacerdotes de Suiza, vivi\u00f3 y trabaj\u00f3 por m\u00e1s de 40 a\u00f1os en Chad, \u00c1frica y por 10 a\u00f1os en Camer\u00fan","breadcrumb":{"@id":"https:\/\/schoenstatt.com\/es\/schoenstatt-en-camerun-construyendo-un-centro-de-peregrinacion-desde-el-alma-del-pueblo\/#breadcrumb"},"inLanguage":"es","potentialAction":[{"@type":"ReadAction","target":["https:\/\/schoenstatt.com\/es\/schoenstatt-en-camerun-construyendo-un-centro-de-peregrinacion-desde-el-alma-del-pueblo\/"]}]},{"@type":"ImageObject","inLanguage":"es","@id":"https:\/\/schoenstatt.com\/es\/schoenstatt-en-camerun-construyendo-un-centro-de-peregrinacion-desde-el-alma-del-pueblo\/#primaryimage","url":"https:\/\/schoenstatt.com\/wp-content\/uploads\/2022\/01\/Notre-Dame-des-Apotres3-1-1.jpg","contentUrl":"https:\/\/schoenstatt.com\/wp-content\/uploads\/2022\/01\/Notre-Dame-des-Apotres3-1-1.jpg","width":678,"height":508,"caption":"Cameroon shrine"},{"@type":"BreadcrumbList","@id":"https:\/\/schoenstatt.com\/es\/schoenstatt-en-camerun-construyendo-un-centro-de-peregrinacion-desde-el-alma-del-pueblo\/#breadcrumb","itemListElement":[{"@type":"ListItem","position":1,"name":"Portada","item":"https:\/\/schoenstatt.com\/es\/home\/"},{"@type":"ListItem","position":2,"name":"Schoenstatt en Camer\u00fan &#8211; Construyendo un centro de peregrinaci\u00f3n desde el alma del pueblo"}]},{"@type":"WebSite","@id":"https:\/\/schoenstatt.com\/es\/#website","url":"https:\/\/schoenstatt.com\/es\/","name":"Schoenstatt","description":"Apostolic Movement","publisher":{"@id":"https:\/\/schoenstatt.com\/es\/#organization"},"potentialAction":[{"@type":"SearchAction","target":{"@type":"EntryPoint","urlTemplate":"https:\/\/schoenstatt.com\/es\/?s={search_term_string}"},"query-input":{"@type":"PropertyValueSpecification","valueRequired":true,"valueName":"search_term_string"}}],"inLanguage":"es"},{"@type":"Organization","@id":"https:\/\/schoenstatt.com\/es\/#organization","name":"Schoenstatt","url":"https:\/\/schoenstatt.com\/es\/","logo":{"@type":"ImageObject","inLanguage":"es","@id":"https:\/\/schoenstatt.com\/es\/#\/schema\/logo\/image\/","url":"https:\/\/schoenstatt.com\/wp-content\/uploads\/2025\/04\/logo-schoenstatt-white-696x696-1.png","contentUrl":"https:\/\/schoenstatt.com\/wp-content\/uploads\/2025\/04\/logo-schoenstatt-white-696x696-1.png","width":696,"height":694,"caption":"Schoenstatt"},"image":{"@id":"https:\/\/schoenstatt.com\/es\/#\/schema\/logo\/image\/"}},{"@type":"Person","@id":"https:\/\/schoenstatt.com\/es\/#\/schema\/person\/489465b1850e7b216fe2c10dfc262551","name":"admin","image":{"@type":"ImageObject","inLanguage":"es","@id":"https:\/\/secure.gravatar.com\/avatar\/02e8345e1ec40ab0e0a2a98fdde64a684bbaf994cddcb778b25b8b024ee9dfe6?s=96&d=mm&r=g","url":"https:\/\/secure.gravatar.com\/avatar\/02e8345e1ec40ab0e0a2a98fdde64a684bbaf994cddcb778b25b8b024ee9dfe6?s=96&d=mm&r=g","contentUrl":"https:\/\/secure.gravatar.com\/avatar\/02e8345e1ec40ab0e0a2a98fdde64a684bbaf994cddcb778b25b8b024ee9dfe6?s=96&d=mm&r=g","caption":"admin"},"sameAs":["https:\/\/schoenstatt.com"],"url":"https:\/\/schoenstatt.com\/es\/author\/admin\/"}]}},"_links":{"self":[{"href":"https:\/\/schoenstatt.com\/es\/wp-json\/wp\/v2\/posts\/23449","targetHints":{"allow":["GET"]}}],"collection":[{"href":"https:\/\/schoenstatt.com\/es\/wp-json\/wp\/v2\/posts"}],"about":[{"href":"https:\/\/schoenstatt.com\/es\/wp-json\/wp\/v2\/types\/post"}],"author":[{"embeddable":true,"href":"https:\/\/schoenstatt.com\/es\/wp-json\/wp\/v2\/users\/1"}],"replies":[{"embeddable":true,"href":"https:\/\/schoenstatt.com\/es\/wp-json\/wp\/v2\/comments?post=23449"}],"version-history":[{"count":1,"href":"https:\/\/schoenstatt.com\/es\/wp-json\/wp\/v2\/posts\/23449\/revisions"}],"predecessor-version":[{"id":44523,"href":"https:\/\/schoenstatt.com\/es\/wp-json\/wp\/v2\/posts\/23449\/revisions\/44523"}],"wp:featuredmedia":[{"embeddable":true,"href":"https:\/\/schoenstatt.com\/es\/wp-json\/wp\/v2\/media\/23468"}],"wp:attachment":[{"href":"https:\/\/schoenstatt.com\/es\/wp-json\/wp\/v2\/media?parent=23449"}],"wp:term":[{"taxonomy":"category","embeddable":true,"href":"https:\/\/schoenstatt.com\/es\/wp-json\/wp\/v2\/categories?post=23449"},{"taxonomy":"post_tag","embeddable":true,"href":"https:\/\/schoenstatt.com\/es\/wp-json\/wp\/v2\/tags?post=23449"}],"curies":[{"name":"wp","href":"https:\/\/api.w.org\/{rel}","templated":true}]}}