{"id":23088,"date":"2022-01-10T17:30:40","date_gmt":"2022-01-10T16:30:40","guid":{"rendered":"https:\/\/schoenstatt.com\/?p=23088"},"modified":"2025-08-21T16:23:26","modified_gmt":"2025-08-21T14:23:26","slug":"nuevo-schoenstatt-argentina-historia-de-un-santuario-parte-iii","status":"publish","type":"post","link":"https:\/\/schoenstatt.com\/es\/nuevo-schoenstatt-argentina-historia-de-un-santuario-parte-iii\/","title":{"rendered":"Nuevo Schoenstatt, Argentina: Historia de un Santuario &#8211; Parte III"},"content":{"rendered":"<h3>Panorama<\/h3>\n<p><img fetchpriority=\"high\" decoding=\"async\" class=\"alignleft wp-image-23121 size-medium\" src=\"https:\/\/schoenstatt.com\/wp-content\/uploads\/2022\/01\/Explorar0239-213x300.jpg\" alt=\"Padre Kentenich\" width=\"213\" height=\"300\" \/><\/p>\n<p>El fundador no fue reconocido por su propio padre. Esa espina clavada en su carne le acompa\u00f1\u00f3 toda la vida. Su herida sangrante fue curada por las c\u00e1lidas manos maternales de Mar\u00eda Sant\u00edsima. Y fue justamente esa herida, la puerta abierta para una paternidad carism\u00e1tica que abarc\u00f3 personas de todas las edades, condiciones culturales y estados de vida.<\/p>\n<p>Esta paternidad carism\u00e1tica que une de forma org\u00e1nica lo natural y lo sobrenatural, qued\u00f3 grabada en el alma de quienes la experimentaron en sus viajes, luego de Dachau. Tambi\u00e9n la registr\u00f3 la piedra fundamental del primer Santuario de Schoenstatt en Argentina:<\/p>\n<p>\u201cEste Santuario ha de ser garant\u00eda y prenda para todos los tiempos de que el principio paterno ser\u00e1 reconocido en la Iglesia y en el mundo y de que el Reino del Padre -Dios- se extender\u00e1 triunfante. Al mismo tiempo ha de ser un s\u00edmbolo del amor paterno y de la fidelidad filial\u201d.<\/p>\n<h3>Santuario del Padre, \u00bfde d\u00f3nde tu nombre?<\/h3>\n<p>Siendo un Santuario dedicado a la Sant\u00edsima Virgen, bajo la advocaci\u00f3n de Schoenstatt, no queda duda de que se trata de un santuario mariano, pero al estar marcado fuertemente por el sello de lo paternal, adquiri\u00f3 el t\u00edtulo de Santuario del Padre.<\/p>\n<h3>El Padre es en primer lugar, l\u00f3gicamente, el Padre Dios<\/h3>\n<p>En 1947, cuando el fundador de Schoenstatt llega a Sudam\u00e9rica, funda tres provincias entre las primeras misioneras de la comunidad de las Hermanas de Mar\u00eda que hab\u00eda enviado antes de la Segunda Guerra Mundial. Providencialmente Brasil queda asociado a Cristo, Chile al Esp\u00edritu Santo y el \u00e1rea de Argentina y Uruguay a Dios Padre, formando entre las tres una \u201cAsistencia de la Sant\u00edsima Trinidad\u201d. El sello patroc\u00e9ntrico que marc\u00f3 esta tercera provincia se expres\u00f3 de muy diversas maneras, una de ellas fue la de colocar por primera vez el s\u00edmbolo del Padre en un santuario de Schoenstatt \u2013 1948: Santuario de Nueva Helvecia, Uruguay, el segundo: 1952, Nuevo Schoenstatt, Argentina-.<\/p>\n<h3>La Sant\u00edsima Virgen, remolino que nos lleva hacia el Padre<\/h3>\n<p>Al colocar el s\u00edmbolo del Padre Dios en el Santuario de Nuevo Schoenstatt el Padre Jos\u00e9 Kentenich expresaba:<\/p>\n<p>\u201cLa Sant\u00edsima Virgen no es solo un remolino que nos lleva a Cristo, sino tambi\u00e9n hacia el Padre. La Madre y el Hijo tienen solo una tarea: conducir a los que le son confiados al Padre. Aqu\u00ed tenemos el gran simbolismo ante nuestros ojos. Por cierto, nosotros, como Provincia del Padre, hemos tenido desde un principio la tarea de llevar una corriente patroc\u00e9ntrica a la Familia, al mundo y a nuestro tiempo\u201d -19 de marzo de 1952-.<\/p>\n<h3><img decoding=\"async\" class=\"alignleft wp-image-23117 size-full\" src=\"https:\/\/schoenstatt.com\/wp-content\/uploads\/2022\/01\/IMG_001.jpg\" alt=\"Padre Kentenich na Argentina\" width=\"644\" height=\"1012\" \/>El Padre del cielo necesita los padres de la tierra<\/h3>\n<p>Sabemos que la Persona de Dios Padre no se encarn\u00f3. Lo conocemos a trav\u00e9s de Jesucristo. En este sentido nos dec\u00eda el fundador al colocar el s\u00edmbolo de Dios Padre en el Santuario de Nuevo Schoenstatt:<\/p>\n<p>\u201cEn nuestra manera de pensar sencilla, que ve siempre naturaleza y gracia como un todo, vemos c\u00f3mo Dios cuida de que en nuestro camino encontremos transparentes del Padre Dios. Si la Sant\u00edsima Virgen quiere crear desde sus Santuarios una profunda renovaci\u00f3n mundial, entonces tiene que preocuparse tambi\u00e9n de que los transparentes del Padre Dios -el padre humano como reflejo del Padre eterno-, sean nuevamente el punto de descanso aqu\u00ed en la tierra\u201d.<\/p>\n<p>Por este motivo cada figura paternal o maternal: el padre y la madre en su familia, la autoridad en una empresa o en un pa\u00eds, ser\u00e1 siempre representante de Dios, quien en \u00faltimo t\u00e9rmino re\u00fane toda paternidad en el cielo y en la tierra. El fundador concluye con estas palabras:<\/p>\n<p>\u201cMillones y millones de hombres no tienen idea de los rasgos paternales de Dios porque nunca han percibido el reflejo de este Dios, estos rasgos paternales, en su padre humano. Ustedes saben qu\u00e9 profundamente animado me he sentido a sacrificar todo para que este orden de la salvaci\u00f3n de Dios se hiciera realidad&#8230;\u201d<\/p>\n<p>El 17 de mayo de 2020, el Papa Francisco coincid\u00eda con estas palabras: \u201cPidamos al Esp\u00edritu Santo que nos recuerde siempre, siempre, este acceso al Padre; que nos recuerde que\u00a0tenemos un Padre, y a esta civilizaci\u00f3n que tiene un gran sentido de la orfandad, conceda la gracia de reencontrar al Padre, el Padre que da sentido a toda la vida y hace de los hombres, una familia\u201d.<\/p>\n<p>Es justamente esta la misi\u00f3n que la Sant\u00edsima Virgen desea desplegar desde este trono de gracias enclavado en la Argentina.<\/p>\n<p>Un Santuario emblem\u00e1tico en la historia de Schoenstatt, testigo de luchas que lo hicieron fuerte, baluarte de una paternidad que abarca el cielo y la tierra.<\/p>\n<h3>Jubileo del Santuario nacional de Schoenstatt en Argentina<\/h3>\n<p><img decoding=\"async\" class=\"alignnone wp-image-23113 size-large\" src=\"https:\/\/schoenstatt.com\/wp-content\/uploads\/2022\/01\/20.1.52-2-1024x795.jpg\" alt=\"Schoenstatt Argentina\" width=\"800\" height=\"621\" \/>El Santuario del Padre fue bendecido por el P. Jos\u00e9 Kentenich el 20 de enero de 1952. Hoy se encamina a celebrar sus 70 a\u00f1os de vida. Nuevo Schoenstatt, en la localidad de Florencio Varela, Buenos Aires, donde se encuentra este Santuario Nacional de Schoenstatt, ser\u00e1 la sede de los festejos, que ir\u00e1n del 18 al 20 de enero 2022. M\u00e1s informaci\u00f3n se ofrecer\u00e1 en <a href=\"https:\/\/www.facebook.com\/nuevoschoenstatt\" target=\"_blank\" rel=\"noopener\">https:\/\/www.facebook.com\/nuevoschoenstatt<\/a>.<\/p>\n<p>Lee adem\u00e1s:<\/p>\n<ul>\n<li><a href=\"https:\/\/schoenstatt.com\/es\/comunidades-de-schoenstatt\/nuevo-schoenstatt-argentina-historia-de-un-santuario\/\">Nuevo Schoenstatt, Argentina: Historia de un Santuario<\/a><\/li>\n<li><a href=\"https:\/\/schoenstatt.com\/es\/espiritualidad\/nuevo-schoenstatt-argentina-santuario-del-padre-testigo-de-la-cruz-y-la-victoria-de-maria-parte-ii\/\">Nuevo Schoenstatt, Argentina: Santuario del Padre, testigo de la cruz y la victoria de Mar\u00eda\u2013 Parte II<\/a><\/li>\n<\/ul>\n","protected":false},"excerpt":{"rendered":"<p>El pr\u00f3ximo 20 de enero Argentina celebrar\u00e1 los 70 a\u00f1os de la bendici\u00f3n del Santuario del Padre, su Santuario nacional.<\/p>\n","protected":false},"author":6,"featured_media":23099,"comment_status":"closed","ping_status":"closed","sticky":false,"template":"","format":"standard","meta":{"footnotes":""},"categories":[864,881,790],"tags":[1013,1300,1116],"class_list":["post-23088","post","type-post","status-publish","format-standard","has-post-thumbnail","hentry","category-america-es","category-p-jose-kentenich-es","category-paises-es","tag-florencio-varela-argentina-es","tag-padre-jose-kentenich-es","tag-schoenstatt-argentina-es"],"yoast_head":"<!-- This site is optimized with the Yoast SEO Premium plugin v27.4 (Yoast SEO v27.4) - https:\/\/yoast.com\/product\/yoast-seo-premium-wordpress\/ -->\n<title>Nuevo Schoenstatt, Argentina: Historia de un Santuario - Parte III<\/title>\n<meta name=\"description\" content=\"Un lugar que encierra una incre\u00edble historia de amor entre Mar\u00eda y sus hijos, una historia de dolor y victoria, donde la Reina se manifest\u00f3.\" \/>\n<meta name=\"robots\" content=\"index, follow, max-snippet:-1, max-image-preview:large, max-video-preview:-1\" \/>\n<link rel=\"canonical\" href=\"https:\/\/schoenstatt.com\/es\/nuevo-schoenstatt-argentina-historia-de-un-santuario-parte-iii\/\" \/>\n<meta property=\"og:locale\" content=\"es_ES\" \/>\n<meta property=\"og:type\" content=\"article\" \/>\n<meta property=\"og:title\" content=\"Nuevo Schoenstatt, Argentina: Historia de un Santuario - Parte III\" \/>\n<meta property=\"og:description\" content=\"Un lugar que encierra una incre\u00edble historia de amor entre Mar\u00eda y sus hijos, una historia de dolor y victoria, donde la Reina se manifest\u00f3.\" \/>\n<meta property=\"og:url\" content=\"https:\/\/schoenstatt.com\/es\/nuevo-schoenstatt-argentina-historia-de-un-santuario-parte-iii\/\" \/>\n<meta property=\"og:site_name\" content=\"Schoenstatt\" \/>\n<meta property=\"article:published_time\" content=\"2022-01-10T16:30:40+00:00\" \/>\n<meta property=\"article:modified_time\" content=\"2025-08-21T14:23:26+00:00\" \/>\n<meta property=\"og:image\" content=\"https:\/\/schoenstatt.com\/wp-content\/uploads\/2022\/01\/Bendicon-FV-2-1.png\" \/>\n\t<meta property=\"og:image:width\" content=\"723\" \/>\n\t<meta property=\"og:image:height\" content=\"476\" \/>\n\t<meta property=\"og:image:type\" content=\"image\/png\" \/>\n<meta name=\"author\" content=\"Vanessa Franke\" \/>\n<meta name=\"twitter:card\" content=\"summary_large_image\" \/>\n<meta name=\"twitter:label1\" content=\"Escrito por\" \/>\n\t<meta name=\"twitter:data1\" content=\"Vanessa Franke\" \/>\n\t<meta name=\"twitter:label2\" content=\"Tiempo de lectura\" \/>\n\t<meta name=\"twitter:data2\" content=\"5 minutos\" \/>\n<script type=\"application\/ld+json\" class=\"yoast-schema-graph\">{\"@context\":\"https:\\\/\\\/schema.org\",\"@graph\":[{\"@type\":\"Article\",\"@id\":\"https:\\\/\\\/schoenstatt.com\\\/es\\\/nuevo-schoenstatt-argentina-historia-de-un-santuario-parte-iii\\\/#article\",\"isPartOf\":{\"@id\":\"https:\\\/\\\/schoenstatt.com\\\/es\\\/nuevo-schoenstatt-argentina-historia-de-un-santuario-parte-iii\\\/\"},\"author\":{\"name\":\"Vanessa Franke\",\"@id\":\"https:\\\/\\\/schoenstatt.com\\\/es\\\/#\\\/schema\\\/person\\\/ea97a60c723e21c923e2177f0f3163f7\"},\"headline\":\"Nuevo Schoenstatt, Argentina: Historia de un Santuario &#8211; Parte III\",\"datePublished\":\"2022-01-10T16:30:40+00:00\",\"dateModified\":\"2025-08-21T14:23:26+00:00\",\"mainEntityOfPage\":{\"@id\":\"https:\\\/\\\/schoenstatt.com\\\/es\\\/nuevo-schoenstatt-argentina-historia-de-un-santuario-parte-iii\\\/\"},\"wordCount\":913,\"publisher\":{\"@id\":\"https:\\\/\\\/schoenstatt.com\\\/es\\\/#organization\"},\"image\":{\"@id\":\"https:\\\/\\\/schoenstatt.com\\\/es\\\/nuevo-schoenstatt-argentina-historia-de-un-santuario-parte-iii\\\/#primaryimage\"},\"thumbnailUrl\":\"https:\\\/\\\/schoenstatt.com\\\/wp-content\\\/uploads\\\/2022\\\/01\\\/Bendicon-FV-2-1.png\",\"keywords\":[\"Florencio Varela - Argentina\",\"Padre Jos\u00e9 Kentenich\",\"Schoenstatt Argentina\"],\"articleSection\":[\"Am\u00e9rica\",\"P. Jos\u00e9 Kentenich\",\"Pa\u00edses\"],\"inLanguage\":\"es\"},{\"@type\":\"WebPage\",\"@id\":\"https:\\\/\\\/schoenstatt.com\\\/es\\\/nuevo-schoenstatt-argentina-historia-de-un-santuario-parte-iii\\\/\",\"url\":\"https:\\\/\\\/schoenstatt.com\\\/es\\\/nuevo-schoenstatt-argentina-historia-de-un-santuario-parte-iii\\\/\",\"name\":\"Nuevo Schoenstatt, Argentina: Historia de un Santuario - Parte III\",\"isPartOf\":{\"@id\":\"https:\\\/\\\/schoenstatt.com\\\/es\\\/#website\"},\"primaryImageOfPage\":{\"@id\":\"https:\\\/\\\/schoenstatt.com\\\/es\\\/nuevo-schoenstatt-argentina-historia-de-un-santuario-parte-iii\\\/#primaryimage\"},\"image\":{\"@id\":\"https:\\\/\\\/schoenstatt.com\\\/es\\\/nuevo-schoenstatt-argentina-historia-de-un-santuario-parte-iii\\\/#primaryimage\"},\"thumbnailUrl\":\"https:\\\/\\\/schoenstatt.com\\\/wp-content\\\/uploads\\\/2022\\\/01\\\/Bendicon-FV-2-1.png\",\"datePublished\":\"2022-01-10T16:30:40+00:00\",\"dateModified\":\"2025-08-21T14:23:26+00:00\",\"description\":\"Un lugar que encierra una incre\u00edble historia de amor entre Mar\u00eda y sus hijos, una historia de dolor y victoria, donde la Reina se manifest\u00f3.\",\"breadcrumb\":{\"@id\":\"https:\\\/\\\/schoenstatt.com\\\/es\\\/nuevo-schoenstatt-argentina-historia-de-un-santuario-parte-iii\\\/#breadcrumb\"},\"inLanguage\":\"es\",\"potentialAction\":[{\"@type\":\"ReadAction\",\"target\":[\"https:\\\/\\\/schoenstatt.com\\\/es\\\/nuevo-schoenstatt-argentina-historia-de-un-santuario-parte-iii\\\/\"]}]},{\"@type\":\"ImageObject\",\"inLanguage\":\"es\",\"@id\":\"https:\\\/\\\/schoenstatt.com\\\/es\\\/nuevo-schoenstatt-argentina-historia-de-un-santuario-parte-iii\\\/#primaryimage\",\"url\":\"https:\\\/\\\/schoenstatt.com\\\/wp-content\\\/uploads\\\/2022\\\/01\\\/Bendicon-FV-2-1.png\",\"contentUrl\":\"https:\\\/\\\/schoenstatt.com\\\/wp-content\\\/uploads\\\/2022\\\/01\\\/Bendicon-FV-2-1.png\",\"width\":723,\"height\":476,\"caption\":\"Schoenstatt Argentina\"},{\"@type\":\"BreadcrumbList\",\"@id\":\"https:\\\/\\\/schoenstatt.com\\\/es\\\/nuevo-schoenstatt-argentina-historia-de-un-santuario-parte-iii\\\/#breadcrumb\",\"itemListElement\":[{\"@type\":\"ListItem\",\"position\":1,\"name\":\"Portada\",\"item\":\"https:\\\/\\\/schoenstatt.com\\\/es\\\/home\\\/\"},{\"@type\":\"ListItem\",\"position\":2,\"name\":\"Nuevo Schoenstatt, Argentina: Historia de un Santuario &#8211; Parte III\"}]},{\"@type\":\"WebSite\",\"@id\":\"https:\\\/\\\/schoenstatt.com\\\/es\\\/#website\",\"url\":\"https:\\\/\\\/schoenstatt.com\\\/es\\\/\",\"name\":\"Schoenstatt\",\"description\":\"Apostolic Movement\",\"publisher\":{\"@id\":\"https:\\\/\\\/schoenstatt.com\\\/es\\\/#organization\"},\"potentialAction\":[{\"@type\":\"SearchAction\",\"target\":{\"@type\":\"EntryPoint\",\"urlTemplate\":\"https:\\\/\\\/schoenstatt.com\\\/es\\\/?s={search_term_string}\"},\"query-input\":{\"@type\":\"PropertyValueSpecification\",\"valueRequired\":true,\"valueName\":\"search_term_string\"}}],\"inLanguage\":\"es\"},{\"@type\":\"Organization\",\"@id\":\"https:\\\/\\\/schoenstatt.com\\\/es\\\/#organization\",\"name\":\"Schoenstatt\",\"url\":\"https:\\\/\\\/schoenstatt.com\\\/es\\\/\",\"logo\":{\"@type\":\"ImageObject\",\"inLanguage\":\"es\",\"@id\":\"https:\\\/\\\/schoenstatt.com\\\/es\\\/#\\\/schema\\\/logo\\\/image\\\/\",\"url\":\"https:\\\/\\\/schoenstatt.com\\\/wp-content\\\/uploads\\\/2025\\\/04\\\/logo-schoenstatt-white-696x696-1.png\",\"contentUrl\":\"https:\\\/\\\/schoenstatt.com\\\/wp-content\\\/uploads\\\/2025\\\/04\\\/logo-schoenstatt-white-696x696-1.png\",\"width\":696,\"height\":694,\"caption\":\"Schoenstatt\"},\"image\":{\"@id\":\"https:\\\/\\\/schoenstatt.com\\\/es\\\/#\\\/schema\\\/logo\\\/image\\\/\"}},{\"@type\":\"Person\",\"@id\":\"https:\\\/\\\/schoenstatt.com\\\/es\\\/#\\\/schema\\\/person\\\/ea97a60c723e21c923e2177f0f3163f7\",\"name\":\"Vanessa Franke\",\"image\":{\"@type\":\"ImageObject\",\"inLanguage\":\"es\",\"@id\":\"https:\\\/\\\/secure.gravatar.com\\\/avatar\\\/a9bcca3409928ccd3195eca11e2ccbb2e5d7c7912e9a945d4f326f81a0a5cb4a?s=96&d=mm&r=g\",\"url\":\"https:\\\/\\\/secure.gravatar.com\\\/avatar\\\/a9bcca3409928ccd3195eca11e2ccbb2e5d7c7912e9a945d4f326f81a0a5cb4a?s=96&d=mm&r=g\",\"contentUrl\":\"https:\\\/\\\/secure.gravatar.com\\\/avatar\\\/a9bcca3409928ccd3195eca11e2ccbb2e5d7c7912e9a945d4f326f81a0a5cb4a?s=96&d=mm&r=g\",\"caption\":\"Vanessa Franke\"},\"url\":\"https:\\\/\\\/schoenstatt.com\\\/es\\\/author\\\/vanessa-franke\\\/\"}]}<\/script>\n<!-- \/ Yoast SEO Premium plugin. -->","yoast_head_json":{"title":"Nuevo Schoenstatt, Argentina: Historia de un Santuario - Parte III","description":"Un lugar que encierra una incre\u00edble historia de amor entre Mar\u00eda y sus hijos, una historia de dolor y victoria, donde la Reina se manifest\u00f3.","robots":{"index":"index","follow":"follow","max-snippet":"max-snippet:-1","max-image-preview":"max-image-preview:large","max-video-preview":"max-video-preview:-1"},"canonical":"https:\/\/schoenstatt.com\/es\/nuevo-schoenstatt-argentina-historia-de-un-santuario-parte-iii\/","og_locale":"es_ES","og_type":"article","og_title":"Nuevo Schoenstatt, Argentina: Historia de un Santuario - Parte III","og_description":"Un lugar que encierra una incre\u00edble historia de amor entre Mar\u00eda y sus hijos, una historia de dolor y victoria, donde la Reina se manifest\u00f3.","og_url":"https:\/\/schoenstatt.com\/es\/nuevo-schoenstatt-argentina-historia-de-un-santuario-parte-iii\/","og_site_name":"Schoenstatt","article_published_time":"2022-01-10T16:30:40+00:00","article_modified_time":"2025-08-21T14:23:26+00:00","og_image":[{"width":723,"height":476,"url":"https:\/\/schoenstatt.com\/wp-content\/uploads\/2022\/01\/Bendicon-FV-2-1.png","type":"image\/png"}],"author":"Vanessa Franke","twitter_card":"summary_large_image","twitter_misc":{"Escrito por":"Vanessa Franke","Tiempo de lectura":"5 minutos"},"schema":{"@context":"https:\/\/schema.org","@graph":[{"@type":"Article","@id":"https:\/\/schoenstatt.com\/es\/nuevo-schoenstatt-argentina-historia-de-un-santuario-parte-iii\/#article","isPartOf":{"@id":"https:\/\/schoenstatt.com\/es\/nuevo-schoenstatt-argentina-historia-de-un-santuario-parte-iii\/"},"author":{"name":"Vanessa Franke","@id":"https:\/\/schoenstatt.com\/es\/#\/schema\/person\/ea97a60c723e21c923e2177f0f3163f7"},"headline":"Nuevo Schoenstatt, Argentina: Historia de un Santuario &#8211; Parte III","datePublished":"2022-01-10T16:30:40+00:00","dateModified":"2025-08-21T14:23:26+00:00","mainEntityOfPage":{"@id":"https:\/\/schoenstatt.com\/es\/nuevo-schoenstatt-argentina-historia-de-un-santuario-parte-iii\/"},"wordCount":913,"publisher":{"@id":"https:\/\/schoenstatt.com\/es\/#organization"},"image":{"@id":"https:\/\/schoenstatt.com\/es\/nuevo-schoenstatt-argentina-historia-de-un-santuario-parte-iii\/#primaryimage"},"thumbnailUrl":"https:\/\/schoenstatt.com\/wp-content\/uploads\/2022\/01\/Bendicon-FV-2-1.png","keywords":["Florencio Varela - Argentina","Padre Jos\u00e9 Kentenich","Schoenstatt Argentina"],"articleSection":["Am\u00e9rica","P. Jos\u00e9 Kentenich","Pa\u00edses"],"inLanguage":"es"},{"@type":"WebPage","@id":"https:\/\/schoenstatt.com\/es\/nuevo-schoenstatt-argentina-historia-de-un-santuario-parte-iii\/","url":"https:\/\/schoenstatt.com\/es\/nuevo-schoenstatt-argentina-historia-de-un-santuario-parte-iii\/","name":"Nuevo Schoenstatt, Argentina: Historia de un Santuario - Parte III","isPartOf":{"@id":"https:\/\/schoenstatt.com\/es\/#website"},"primaryImageOfPage":{"@id":"https:\/\/schoenstatt.com\/es\/nuevo-schoenstatt-argentina-historia-de-un-santuario-parte-iii\/#primaryimage"},"image":{"@id":"https:\/\/schoenstatt.com\/es\/nuevo-schoenstatt-argentina-historia-de-un-santuario-parte-iii\/#primaryimage"},"thumbnailUrl":"https:\/\/schoenstatt.com\/wp-content\/uploads\/2022\/01\/Bendicon-FV-2-1.png","datePublished":"2022-01-10T16:30:40+00:00","dateModified":"2025-08-21T14:23:26+00:00","description":"Un lugar que encierra una incre\u00edble historia de amor entre Mar\u00eda y sus hijos, una historia de dolor y victoria, donde la Reina se manifest\u00f3.","breadcrumb":{"@id":"https:\/\/schoenstatt.com\/es\/nuevo-schoenstatt-argentina-historia-de-un-santuario-parte-iii\/#breadcrumb"},"inLanguage":"es","potentialAction":[{"@type":"ReadAction","target":["https:\/\/schoenstatt.com\/es\/nuevo-schoenstatt-argentina-historia-de-un-santuario-parte-iii\/"]}]},{"@type":"ImageObject","inLanguage":"es","@id":"https:\/\/schoenstatt.com\/es\/nuevo-schoenstatt-argentina-historia-de-un-santuario-parte-iii\/#primaryimage","url":"https:\/\/schoenstatt.com\/wp-content\/uploads\/2022\/01\/Bendicon-FV-2-1.png","contentUrl":"https:\/\/schoenstatt.com\/wp-content\/uploads\/2022\/01\/Bendicon-FV-2-1.png","width":723,"height":476,"caption":"Schoenstatt Argentina"},{"@type":"BreadcrumbList","@id":"https:\/\/schoenstatt.com\/es\/nuevo-schoenstatt-argentina-historia-de-un-santuario-parte-iii\/#breadcrumb","itemListElement":[{"@type":"ListItem","position":1,"name":"Portada","item":"https:\/\/schoenstatt.com\/es\/home\/"},{"@type":"ListItem","position":2,"name":"Nuevo Schoenstatt, Argentina: Historia de un Santuario &#8211; Parte III"}]},{"@type":"WebSite","@id":"https:\/\/schoenstatt.com\/es\/#website","url":"https:\/\/schoenstatt.com\/es\/","name":"Schoenstatt","description":"Apostolic Movement","publisher":{"@id":"https:\/\/schoenstatt.com\/es\/#organization"},"potentialAction":[{"@type":"SearchAction","target":{"@type":"EntryPoint","urlTemplate":"https:\/\/schoenstatt.com\/es\/?s={search_term_string}"},"query-input":{"@type":"PropertyValueSpecification","valueRequired":true,"valueName":"search_term_string"}}],"inLanguage":"es"},{"@type":"Organization","@id":"https:\/\/schoenstatt.com\/es\/#organization","name":"Schoenstatt","url":"https:\/\/schoenstatt.com\/es\/","logo":{"@type":"ImageObject","inLanguage":"es","@id":"https:\/\/schoenstatt.com\/es\/#\/schema\/logo\/image\/","url":"https:\/\/schoenstatt.com\/wp-content\/uploads\/2025\/04\/logo-schoenstatt-white-696x696-1.png","contentUrl":"https:\/\/schoenstatt.com\/wp-content\/uploads\/2025\/04\/logo-schoenstatt-white-696x696-1.png","width":696,"height":694,"caption":"Schoenstatt"},"image":{"@id":"https:\/\/schoenstatt.com\/es\/#\/schema\/logo\/image\/"}},{"@type":"Person","@id":"https:\/\/schoenstatt.com\/es\/#\/schema\/person\/ea97a60c723e21c923e2177f0f3163f7","name":"Vanessa Franke","image":{"@type":"ImageObject","inLanguage":"es","@id":"https:\/\/secure.gravatar.com\/avatar\/a9bcca3409928ccd3195eca11e2ccbb2e5d7c7912e9a945d4f326f81a0a5cb4a?s=96&d=mm&r=g","url":"https:\/\/secure.gravatar.com\/avatar\/a9bcca3409928ccd3195eca11e2ccbb2e5d7c7912e9a945d4f326f81a0a5cb4a?s=96&d=mm&r=g","contentUrl":"https:\/\/secure.gravatar.com\/avatar\/a9bcca3409928ccd3195eca11e2ccbb2e5d7c7912e9a945d4f326f81a0a5cb4a?s=96&d=mm&r=g","caption":"Vanessa Franke"},"url":"https:\/\/schoenstatt.com\/es\/author\/vanessa-franke\/"}]}},"_links":{"self":[{"href":"https:\/\/schoenstatt.com\/es\/wp-json\/wp\/v2\/posts\/23088","targetHints":{"allow":["GET"]}}],"collection":[{"href":"https:\/\/schoenstatt.com\/es\/wp-json\/wp\/v2\/posts"}],"about":[{"href":"https:\/\/schoenstatt.com\/es\/wp-json\/wp\/v2\/types\/post"}],"author":[{"embeddable":true,"href":"https:\/\/schoenstatt.com\/es\/wp-json\/wp\/v2\/users\/6"}],"replies":[{"embeddable":true,"href":"https:\/\/schoenstatt.com\/es\/wp-json\/wp\/v2\/comments?post=23088"}],"version-history":[{"count":1,"href":"https:\/\/schoenstatt.com\/es\/wp-json\/wp\/v2\/posts\/23088\/revisions"}],"predecessor-version":[{"id":44948,"href":"https:\/\/schoenstatt.com\/es\/wp-json\/wp\/v2\/posts\/23088\/revisions\/44948"}],"wp:featuredmedia":[{"embeddable":true,"href":"https:\/\/schoenstatt.com\/es\/wp-json\/wp\/v2\/media\/23099"}],"wp:attachment":[{"href":"https:\/\/schoenstatt.com\/es\/wp-json\/wp\/v2\/media?parent=23088"}],"wp:term":[{"taxonomy":"category","embeddable":true,"href":"https:\/\/schoenstatt.com\/es\/wp-json\/wp\/v2\/categories?post=23088"},{"taxonomy":"post_tag","embeddable":true,"href":"https:\/\/schoenstatt.com\/es\/wp-json\/wp\/v2\/tags?post=23088"}],"curies":[{"name":"wp","href":"https:\/\/api.w.org\/{rel}","templated":true}]}}