{"id":22955,"date":"2022-01-07T08:00:07","date_gmt":"2022-01-07T07:00:07","guid":{"rendered":"https:\/\/schoenstatt.com\/?p=22955"},"modified":"2025-05-15T18:35:29","modified_gmt":"2025-05-15T16:35:29","slug":"papa-francisco-todos-jovenes-y-mayores-necesitamos-sonar","status":"publish","type":"post","link":"https:\/\/schoenstatt.com\/es\/papa-francisco-todos-jovenes-y-mayores-necesitamos-sonar\/","title":{"rendered":"Papa Francisco: Todos, j\u00f3venes y mayores, necesitamos so\u00f1ar"},"content":{"rendered":"<p>Un relato coral sobre la vejez como un tesoro que hay que redescubrir, contada desde un punto de vista nuevo y original: los ojos de la generaci\u00f3n m\u00e1s joven. Se<br \/>\ntrata de la serie documental de cuatro episodios. Historias de una generaci\u00f3n con el Papa Francisco; que Netflix pone a disposici\u00f3n del p\u00fablico a partir del d\u00eda de<br \/>\nNavidad en los cinco continentes.<\/p>\n<p>Historias de amor, de sue\u00f1os, de lucha y de trabajo, unidas por el hilo conductor de la relaci\u00f3n intrageneracional, acompa\u00f1adas de las reflexiones y recuerdos de<br \/>\nFrancisco que enriquecen las historias de los dem\u00e1s.<\/p>\n<h3>La Navidad del Papa al hilo de los recuerdos<\/h3>\n<p>Todo surge de una conversaci\u00f3n entre el Papa y el padre jesuita Antonio Spadaro, director de La Civilt\u00e0 Cattolica y asesor editorial de la serie escrita por Simona<br \/>\nErcolani y producida por Stand By Me. En el extracto que el autor publica hoy en las p\u00e1ginas de Il Fatto quotidiano, se comparte el pensamiento y las palabras de<br \/>\nFrancisco sobre los temas de fondo de la narraci\u00f3n televisiva.<\/p>\n<p>El Papa habla del amor como; un sentimiento, la electricidad que recorre un organismo similar a la sensaci\u00f3n de dos polos que se atraen; reinterpreta el baile<br \/>\ndel tango de forma personal y po\u00e9tica, como; dirigir y ser dirigido, tener la responsabilidad de cuidar al otro; y luego explica el concepto de;paternidad, que<br \/>\nno es tanto generar hijos como transmitir la propia existencia al hijo.<\/p>\n<p>En la vida ,dice el Pont\u00edfice en la conversaci\u00f3n con el <a href=\"https:\/\/www.laciviltacattolica.it\/author\/antonio-spadaro\/\">padre Spadaro<\/a>; lo que te hace ser padre es tu compromiso con la existencia, los l\u00edmites, la grandeza, el desarrollo de esa persona a la que has dado la vida y a la que has visto crece.<\/p>\n<h3>La vida es as\u00e9ptica sin sue\u00f1os<\/h3>\n<p><img fetchpriority=\"high\" decoding=\"async\" class=\"aligncenter wp-image-22965 size-full\" src=\"https:\/\/schoenstatt.com\/wp-content\/uploads\/2022\/01\/Anciana-con-joven.png\" alt=\"Jovenes y mayores\" width=\"575\" height=\"366\" \/><\/p>\n<p>Pero el tema central son los sue\u00f1os y el v\u00ednculo entre j\u00f3venes y mayores tambi\u00e9n a trav\u00e9s de ellos. Quien no sue\u00f1a es una persona as\u00e9ptica y su vida carece de<br \/>\npoes\u00eda, dice Francisco, calific\u00e1ndose a s\u00ed mismo de so\u00f1ador. Yo tambi\u00e9n escrib\u00eda poemas, pero luego los romp\u00eda porque no me gustaban. As\u00ed era como daba voz a<br \/>\nmis sue\u00f1os. Todos necesitamos so\u00f1ar. Consciente o inconscientemente.<\/p>\n<h3>Sue\u00f1o y profec\u00eda<\/h3>\n<p><img decoding=\"async\" class=\"size-full wp-image-22969 aligncenter\" src=\"https:\/\/schoenstatt.com\/wp-content\/uploads\/2022\/01\/Ancianos-con-jabon.png\" alt=\"\" width=\"577\" height=\"370\" \/><\/p>\n<p>\u00bfY las personas mayores? Tambi\u00e9n ellos deben so\u00f1ar -dice Francisco- y as\u00ed llevarnos hacia horizontes inimaginables. Y son los j\u00f3venes los que tienen un<br \/>\npapel fundamental en esto: el Papa en su conversaci\u00f3n con el padre Spadaro destaca la importancia de la cercan\u00eda entre generaciones.<\/p>\n<p>Los sue\u00f1os de una <a href=\"https:\/\/schoenstatt.com\/es\/espiritualidad\/el-papa-francisco-rezo-con-los-abuelos\/\">persona mayor<\/a> son la riqueza de la vida que te ofrecen y te dan. Es la riqueza de toda esa vida que te ofrecen como experiencia de vida. El sue\u00f1o de<br \/>\nlos j\u00f3venes es la profec\u00eda, es decir, la capacidad de avanzar. Por eso es importante reunir a los j\u00f3venes y a los mayores. El anciano que da sus sue\u00f1os y el joven que<br \/>\nlos recibe y puede transmitirlos, con vistas al futuro.<\/p>\n<h3>Dignidad y creatividad en el trabajo<\/h3>\n<p>Y luego est\u00e1 la lucha: porque para realizar los sue\u00f1os, a veces, dice el Papa, es necesario luchar y la lucha es una realidad.<br \/>\nNo me gusta, pero no puede haber vida sin lucha.\u00a0 Es algo que est\u00e1 dentro de nosotros y nunca se es demasiado viejo para luchar por lo que se tiene dentro si se tiene el coraz\u00f3n y el alma abiertos. As\u00ed que no hay vida sin lucha, como no hay dignidad sin trabajo. Incluso el trabajo es un logro que -y el Papa lo explica cuando cuenta su experiencia de trabajo de verano en una f\u00e1brica de calcetines- es una fuente de dignidad. Y de la dignidad surge la creatividad.<\/p>\n<h3>La creatividad es poes\u00eda.<\/h3>\n<p>Pensemos que el poeta es alguien que sue\u00f1a con los ojos abiertos. Un creador es un poeta. Cuando creas algo, eres un poeta. Est\u00e1s haciendo poes\u00eda. No hay dignidad sin creatividad. La dignidad nos lleva a crear. Uno no se automatiza en su trabajo. La automatizaci\u00f3n es peligrosa. Por eso, un buen trabajador es siempre creativo. Se transforma en un regalo para los dem\u00e1s.<\/p>\n","protected":false},"excerpt":{"rendered":"<p>En las p\u00e1ginas del peri\u00f3dico italiano Il Fatto Quotidiano de hoy, se ha publicado un extracto de la conversaci\u00f3n del padre jesuita Antonio Spadaro con el Papa Francisco, que luego fue incluido en la serie documental de Netflix centrada en la relaci\u00f3n entre los mayores y los j\u00f3venes y que estar\u00e1 disponible a partir del 25 de diciembre, titulada \u00abHistorias de una generaci\u00f3n\u00bb.<\/p>\n","protected":false},"author":1,"featured_media":22961,"comment_status":"closed","ping_status":"closed","sticky":false,"template":"","format":"standard","meta":{"footnotes":""},"categories":[630,800],"tags":[],"class_list":["post-22955","post","type-post","status-publish","format-standard","has-post-thumbnail","hentry","category-eventos-es","category-papa-francisco-es"],"yoast_head":"<!-- This site is optimized with the Yoast SEO Premium plugin v27.4 (Yoast SEO v27.4) - https:\/\/yoast.com\/product\/yoast-seo-premium-wordpress\/ -->\n<title>Papa Francisco: Todos, j\u00f3venes y mayores, necesitamos so\u00f1ar - Schoenstatt<\/title>\n<meta name=\"description\" content=\"El padre Antonio Spadaro y el Papa Francisco, conversan sobre la serie documental de Netflix &quot;Historias de una generaci\u00f3n&quot; sobre los mayores y los j\u00f3venes.\" \/>\n<meta name=\"robots\" content=\"index, follow, max-snippet:-1, max-image-preview:large, max-video-preview:-1\" \/>\n<link rel=\"canonical\" href=\"https:\/\/schoenstatt.com\/es\/papa-francisco-todos-jovenes-y-mayores-necesitamos-sonar\/\" \/>\n<meta property=\"og:locale\" content=\"es_ES\" \/>\n<meta property=\"og:type\" content=\"article\" \/>\n<meta property=\"og:title\" content=\"Papa Francisco: Todos, j\u00f3venes y mayores, necesitamos so\u00f1ar\" \/>\n<meta property=\"og:description\" content=\"El padre Antonio Spadaro y el Papa Francisco, conversan sobre la serie documental de Netflix &quot;Historias de una generaci\u00f3n&quot; sobre los mayores y los j\u00f3venes.\" \/>\n<meta property=\"og:url\" content=\"https:\/\/schoenstatt.com\/es\/papa-francisco-todos-jovenes-y-mayores-necesitamos-sonar\/\" \/>\n<meta property=\"og:site_name\" content=\"Schoenstatt\" \/>\n<meta property=\"article:published_time\" content=\"2022-01-07T07:00:07+00:00\" \/>\n<meta property=\"article:modified_time\" content=\"2025-05-15T16:35:29+00:00\" \/>\n<meta property=\"og:image\" content=\"https:\/\/schoenstatt.com\/wp-content\/uploads\/2022\/01\/sonar-1.png\" \/>\n\t<meta property=\"og:image:width\" content=\"713\" \/>\n\t<meta property=\"og:image:height\" content=\"411\" \/>\n\t<meta property=\"og:image:type\" content=\"image\/png\" \/>\n<meta name=\"author\" content=\"admin\" \/>\n<meta name=\"twitter:card\" content=\"summary_large_image\" \/>\n<meta name=\"twitter:label1\" content=\"Escrito por\" \/>\n\t<meta name=\"twitter:data1\" content=\"admin\" \/>\n\t<meta name=\"twitter:label2\" content=\"Tiempo de lectura\" \/>\n\t<meta name=\"twitter:data2\" content=\"4 minutos\" \/>\n<script type=\"application\/ld+json\" class=\"yoast-schema-graph\">{\"@context\":\"https:\\\/\\\/schema.org\",\"@graph\":[{\"@type\":\"Article\",\"@id\":\"https:\\\/\\\/schoenstatt.com\\\/es\\\/papa-francisco-todos-jovenes-y-mayores-necesitamos-sonar\\\/#article\",\"isPartOf\":{\"@id\":\"https:\\\/\\\/schoenstatt.com\\\/es\\\/papa-francisco-todos-jovenes-y-mayores-necesitamos-sonar\\\/\"},\"author\":{\"name\":\"admin\",\"@id\":\"https:\\\/\\\/schoenstatt.com\\\/es\\\/#\\\/schema\\\/person\\\/489465b1850e7b216fe2c10dfc262551\"},\"headline\":\"Papa Francisco: Todos, j\u00f3venes y mayores, necesitamos so\u00f1ar\",\"datePublished\":\"2022-01-07T07:00:07+00:00\",\"dateModified\":\"2025-05-15T16:35:29+00:00\",\"mainEntityOfPage\":{\"@id\":\"https:\\\/\\\/schoenstatt.com\\\/es\\\/papa-francisco-todos-jovenes-y-mayores-necesitamos-sonar\\\/\"},\"wordCount\":740,\"publisher\":{\"@id\":\"https:\\\/\\\/schoenstatt.com\\\/es\\\/#organization\"},\"image\":{\"@id\":\"https:\\\/\\\/schoenstatt.com\\\/es\\\/papa-francisco-todos-jovenes-y-mayores-necesitamos-sonar\\\/#primaryimage\"},\"thumbnailUrl\":\"https:\\\/\\\/schoenstatt.com\\\/wp-content\\\/uploads\\\/2022\\\/01\\\/sonar-1.png\",\"articleSection\":[\"Eventos\",\"Papa Francisco\"],\"inLanguage\":\"es\"},{\"@type\":\"WebPage\",\"@id\":\"https:\\\/\\\/schoenstatt.com\\\/es\\\/papa-francisco-todos-jovenes-y-mayores-necesitamos-sonar\\\/\",\"url\":\"https:\\\/\\\/schoenstatt.com\\\/es\\\/papa-francisco-todos-jovenes-y-mayores-necesitamos-sonar\\\/\",\"name\":\"Papa Francisco: Todos, j\u00f3venes y mayores, necesitamos so\u00f1ar - Schoenstatt\",\"isPartOf\":{\"@id\":\"https:\\\/\\\/schoenstatt.com\\\/es\\\/#website\"},\"primaryImageOfPage\":{\"@id\":\"https:\\\/\\\/schoenstatt.com\\\/es\\\/papa-francisco-todos-jovenes-y-mayores-necesitamos-sonar\\\/#primaryimage\"},\"image\":{\"@id\":\"https:\\\/\\\/schoenstatt.com\\\/es\\\/papa-francisco-todos-jovenes-y-mayores-necesitamos-sonar\\\/#primaryimage\"},\"thumbnailUrl\":\"https:\\\/\\\/schoenstatt.com\\\/wp-content\\\/uploads\\\/2022\\\/01\\\/sonar-1.png\",\"datePublished\":\"2022-01-07T07:00:07+00:00\",\"dateModified\":\"2025-05-15T16:35:29+00:00\",\"description\":\"El padre Antonio Spadaro y el Papa Francisco, conversan sobre la serie documental de Netflix \\\"Historias de una generaci\u00f3n\\\" sobre los mayores y los j\u00f3venes.\",\"breadcrumb\":{\"@id\":\"https:\\\/\\\/schoenstatt.com\\\/es\\\/papa-francisco-todos-jovenes-y-mayores-necesitamos-sonar\\\/#breadcrumb\"},\"inLanguage\":\"es\",\"potentialAction\":[{\"@type\":\"ReadAction\",\"target\":[\"https:\\\/\\\/schoenstatt.com\\\/es\\\/papa-francisco-todos-jovenes-y-mayores-necesitamos-sonar\\\/\"]}]},{\"@type\":\"ImageObject\",\"inLanguage\":\"es\",\"@id\":\"https:\\\/\\\/schoenstatt.com\\\/es\\\/papa-francisco-todos-jovenes-y-mayores-necesitamos-sonar\\\/#primaryimage\",\"url\":\"https:\\\/\\\/schoenstatt.com\\\/wp-content\\\/uploads\\\/2022\\\/01\\\/sonar-1.png\",\"contentUrl\":\"https:\\\/\\\/schoenstatt.com\\\/wp-content\\\/uploads\\\/2022\\\/01\\\/sonar-1.png\",\"width\":713,\"height\":411,\"caption\":\"jovens e idosos\"},{\"@type\":\"BreadcrumbList\",\"@id\":\"https:\\\/\\\/schoenstatt.com\\\/es\\\/papa-francisco-todos-jovenes-y-mayores-necesitamos-sonar\\\/#breadcrumb\",\"itemListElement\":[{\"@type\":\"ListItem\",\"position\":1,\"name\":\"Portada\",\"item\":\"https:\\\/\\\/schoenstatt.com\\\/es\\\/home\\\/\"},{\"@type\":\"ListItem\",\"position\":2,\"name\":\"Papa Francisco: Todos, j\u00f3venes y mayores, necesitamos so\u00f1ar\"}]},{\"@type\":\"WebSite\",\"@id\":\"https:\\\/\\\/schoenstatt.com\\\/es\\\/#website\",\"url\":\"https:\\\/\\\/schoenstatt.com\\\/es\\\/\",\"name\":\"Schoenstatt\",\"description\":\"Apostolic Movement\",\"publisher\":{\"@id\":\"https:\\\/\\\/schoenstatt.com\\\/es\\\/#organization\"},\"potentialAction\":[{\"@type\":\"SearchAction\",\"target\":{\"@type\":\"EntryPoint\",\"urlTemplate\":\"https:\\\/\\\/schoenstatt.com\\\/es\\\/?s={search_term_string}\"},\"query-input\":{\"@type\":\"PropertyValueSpecification\",\"valueRequired\":true,\"valueName\":\"search_term_string\"}}],\"inLanguage\":\"es\"},{\"@type\":\"Organization\",\"@id\":\"https:\\\/\\\/schoenstatt.com\\\/es\\\/#organization\",\"name\":\"Schoenstatt\",\"url\":\"https:\\\/\\\/schoenstatt.com\\\/es\\\/\",\"logo\":{\"@type\":\"ImageObject\",\"inLanguage\":\"es\",\"@id\":\"https:\\\/\\\/schoenstatt.com\\\/es\\\/#\\\/schema\\\/logo\\\/image\\\/\",\"url\":\"https:\\\/\\\/schoenstatt.com\\\/wp-content\\\/uploads\\\/2025\\\/04\\\/logo-schoenstatt-white-696x696-1.png\",\"contentUrl\":\"https:\\\/\\\/schoenstatt.com\\\/wp-content\\\/uploads\\\/2025\\\/04\\\/logo-schoenstatt-white-696x696-1.png\",\"width\":696,\"height\":694,\"caption\":\"Schoenstatt\"},\"image\":{\"@id\":\"https:\\\/\\\/schoenstatt.com\\\/es\\\/#\\\/schema\\\/logo\\\/image\\\/\"}},{\"@type\":\"Person\",\"@id\":\"https:\\\/\\\/schoenstatt.com\\\/es\\\/#\\\/schema\\\/person\\\/489465b1850e7b216fe2c10dfc262551\",\"name\":\"admin\",\"image\":{\"@type\":\"ImageObject\",\"inLanguage\":\"es\",\"@id\":\"https:\\\/\\\/secure.gravatar.com\\\/avatar\\\/02e8345e1ec40ab0e0a2a98fdde64a684bbaf994cddcb778b25b8b024ee9dfe6?s=96&d=mm&r=g\",\"url\":\"https:\\\/\\\/secure.gravatar.com\\\/avatar\\\/02e8345e1ec40ab0e0a2a98fdde64a684bbaf994cddcb778b25b8b024ee9dfe6?s=96&d=mm&r=g\",\"contentUrl\":\"https:\\\/\\\/secure.gravatar.com\\\/avatar\\\/02e8345e1ec40ab0e0a2a98fdde64a684bbaf994cddcb778b25b8b024ee9dfe6?s=96&d=mm&r=g\",\"caption\":\"admin\"},\"sameAs\":[\"https:\\\/\\\/schoenstatt.com\"],\"url\":\"https:\\\/\\\/schoenstatt.com\\\/es\\\/author\\\/admin\\\/\"}]}<\/script>\n<!-- \/ Yoast SEO Premium plugin. -->","yoast_head_json":{"title":"Papa Francisco: Todos, j\u00f3venes y mayores, necesitamos so\u00f1ar - Schoenstatt","description":"El padre Antonio Spadaro y el Papa Francisco, conversan sobre la serie documental de Netflix \"Historias de una generaci\u00f3n\" sobre los mayores y los j\u00f3venes.","robots":{"index":"index","follow":"follow","max-snippet":"max-snippet:-1","max-image-preview":"max-image-preview:large","max-video-preview":"max-video-preview:-1"},"canonical":"https:\/\/schoenstatt.com\/es\/papa-francisco-todos-jovenes-y-mayores-necesitamos-sonar\/","og_locale":"es_ES","og_type":"article","og_title":"Papa Francisco: Todos, j\u00f3venes y mayores, necesitamos so\u00f1ar","og_description":"El padre Antonio Spadaro y el Papa Francisco, conversan sobre la serie documental de Netflix \"Historias de una generaci\u00f3n\" sobre los mayores y los j\u00f3venes.","og_url":"https:\/\/schoenstatt.com\/es\/papa-francisco-todos-jovenes-y-mayores-necesitamos-sonar\/","og_site_name":"Schoenstatt","article_published_time":"2022-01-07T07:00:07+00:00","article_modified_time":"2025-05-15T16:35:29+00:00","og_image":[{"width":713,"height":411,"url":"https:\/\/schoenstatt.com\/wp-content\/uploads\/2022\/01\/sonar-1.png","type":"image\/png"}],"author":"admin","twitter_card":"summary_large_image","twitter_misc":{"Escrito por":"admin","Tiempo de lectura":"4 minutos"},"schema":{"@context":"https:\/\/schema.org","@graph":[{"@type":"Article","@id":"https:\/\/schoenstatt.com\/es\/papa-francisco-todos-jovenes-y-mayores-necesitamos-sonar\/#article","isPartOf":{"@id":"https:\/\/schoenstatt.com\/es\/papa-francisco-todos-jovenes-y-mayores-necesitamos-sonar\/"},"author":{"name":"admin","@id":"https:\/\/schoenstatt.com\/es\/#\/schema\/person\/489465b1850e7b216fe2c10dfc262551"},"headline":"Papa Francisco: Todos, j\u00f3venes y mayores, necesitamos so\u00f1ar","datePublished":"2022-01-07T07:00:07+00:00","dateModified":"2025-05-15T16:35:29+00:00","mainEntityOfPage":{"@id":"https:\/\/schoenstatt.com\/es\/papa-francisco-todos-jovenes-y-mayores-necesitamos-sonar\/"},"wordCount":740,"publisher":{"@id":"https:\/\/schoenstatt.com\/es\/#organization"},"image":{"@id":"https:\/\/schoenstatt.com\/es\/papa-francisco-todos-jovenes-y-mayores-necesitamos-sonar\/#primaryimage"},"thumbnailUrl":"https:\/\/schoenstatt.com\/wp-content\/uploads\/2022\/01\/sonar-1.png","articleSection":["Eventos","Papa Francisco"],"inLanguage":"es"},{"@type":"WebPage","@id":"https:\/\/schoenstatt.com\/es\/papa-francisco-todos-jovenes-y-mayores-necesitamos-sonar\/","url":"https:\/\/schoenstatt.com\/es\/papa-francisco-todos-jovenes-y-mayores-necesitamos-sonar\/","name":"Papa Francisco: Todos, j\u00f3venes y mayores, necesitamos so\u00f1ar - Schoenstatt","isPartOf":{"@id":"https:\/\/schoenstatt.com\/es\/#website"},"primaryImageOfPage":{"@id":"https:\/\/schoenstatt.com\/es\/papa-francisco-todos-jovenes-y-mayores-necesitamos-sonar\/#primaryimage"},"image":{"@id":"https:\/\/schoenstatt.com\/es\/papa-francisco-todos-jovenes-y-mayores-necesitamos-sonar\/#primaryimage"},"thumbnailUrl":"https:\/\/schoenstatt.com\/wp-content\/uploads\/2022\/01\/sonar-1.png","datePublished":"2022-01-07T07:00:07+00:00","dateModified":"2025-05-15T16:35:29+00:00","description":"El padre Antonio Spadaro y el Papa Francisco, conversan sobre la serie documental de Netflix \"Historias de una generaci\u00f3n\" sobre los mayores y los j\u00f3venes.","breadcrumb":{"@id":"https:\/\/schoenstatt.com\/es\/papa-francisco-todos-jovenes-y-mayores-necesitamos-sonar\/#breadcrumb"},"inLanguage":"es","potentialAction":[{"@type":"ReadAction","target":["https:\/\/schoenstatt.com\/es\/papa-francisco-todos-jovenes-y-mayores-necesitamos-sonar\/"]}]},{"@type":"ImageObject","inLanguage":"es","@id":"https:\/\/schoenstatt.com\/es\/papa-francisco-todos-jovenes-y-mayores-necesitamos-sonar\/#primaryimage","url":"https:\/\/schoenstatt.com\/wp-content\/uploads\/2022\/01\/sonar-1.png","contentUrl":"https:\/\/schoenstatt.com\/wp-content\/uploads\/2022\/01\/sonar-1.png","width":713,"height":411,"caption":"jovens e idosos"},{"@type":"BreadcrumbList","@id":"https:\/\/schoenstatt.com\/es\/papa-francisco-todos-jovenes-y-mayores-necesitamos-sonar\/#breadcrumb","itemListElement":[{"@type":"ListItem","position":1,"name":"Portada","item":"https:\/\/schoenstatt.com\/es\/home\/"},{"@type":"ListItem","position":2,"name":"Papa Francisco: Todos, j\u00f3venes y mayores, necesitamos so\u00f1ar"}]},{"@type":"WebSite","@id":"https:\/\/schoenstatt.com\/es\/#website","url":"https:\/\/schoenstatt.com\/es\/","name":"Schoenstatt","description":"Apostolic Movement","publisher":{"@id":"https:\/\/schoenstatt.com\/es\/#organization"},"potentialAction":[{"@type":"SearchAction","target":{"@type":"EntryPoint","urlTemplate":"https:\/\/schoenstatt.com\/es\/?s={search_term_string}"},"query-input":{"@type":"PropertyValueSpecification","valueRequired":true,"valueName":"search_term_string"}}],"inLanguage":"es"},{"@type":"Organization","@id":"https:\/\/schoenstatt.com\/es\/#organization","name":"Schoenstatt","url":"https:\/\/schoenstatt.com\/es\/","logo":{"@type":"ImageObject","inLanguage":"es","@id":"https:\/\/schoenstatt.com\/es\/#\/schema\/logo\/image\/","url":"https:\/\/schoenstatt.com\/wp-content\/uploads\/2025\/04\/logo-schoenstatt-white-696x696-1.png","contentUrl":"https:\/\/schoenstatt.com\/wp-content\/uploads\/2025\/04\/logo-schoenstatt-white-696x696-1.png","width":696,"height":694,"caption":"Schoenstatt"},"image":{"@id":"https:\/\/schoenstatt.com\/es\/#\/schema\/logo\/image\/"}},{"@type":"Person","@id":"https:\/\/schoenstatt.com\/es\/#\/schema\/person\/489465b1850e7b216fe2c10dfc262551","name":"admin","image":{"@type":"ImageObject","inLanguage":"es","@id":"https:\/\/secure.gravatar.com\/avatar\/02e8345e1ec40ab0e0a2a98fdde64a684bbaf994cddcb778b25b8b024ee9dfe6?s=96&d=mm&r=g","url":"https:\/\/secure.gravatar.com\/avatar\/02e8345e1ec40ab0e0a2a98fdde64a684bbaf994cddcb778b25b8b024ee9dfe6?s=96&d=mm&r=g","contentUrl":"https:\/\/secure.gravatar.com\/avatar\/02e8345e1ec40ab0e0a2a98fdde64a684bbaf994cddcb778b25b8b024ee9dfe6?s=96&d=mm&r=g","caption":"admin"},"sameAs":["https:\/\/schoenstatt.com"],"url":"https:\/\/schoenstatt.com\/es\/author\/admin\/"}]}},"_links":{"self":[{"href":"https:\/\/schoenstatt.com\/es\/wp-json\/wp\/v2\/posts\/22955","targetHints":{"allow":["GET"]}}],"collection":[{"href":"https:\/\/schoenstatt.com\/es\/wp-json\/wp\/v2\/posts"}],"about":[{"href":"https:\/\/schoenstatt.com\/es\/wp-json\/wp\/v2\/types\/post"}],"author":[{"embeddable":true,"href":"https:\/\/schoenstatt.com\/es\/wp-json\/wp\/v2\/users\/1"}],"replies":[{"embeddable":true,"href":"https:\/\/schoenstatt.com\/es\/wp-json\/wp\/v2\/comments?post=22955"}],"version-history":[{"count":1,"href":"https:\/\/schoenstatt.com\/es\/wp-json\/wp\/v2\/posts\/22955\/revisions"}],"predecessor-version":[{"id":44940,"href":"https:\/\/schoenstatt.com\/es\/wp-json\/wp\/v2\/posts\/22955\/revisions\/44940"}],"wp:featuredmedia":[{"embeddable":true,"href":"https:\/\/schoenstatt.com\/es\/wp-json\/wp\/v2\/media\/22961"}],"wp:attachment":[{"href":"https:\/\/schoenstatt.com\/es\/wp-json\/wp\/v2\/media?parent=22955"}],"wp:term":[{"taxonomy":"category","embeddable":true,"href":"https:\/\/schoenstatt.com\/es\/wp-json\/wp\/v2\/categories?post=22955"},{"taxonomy":"post_tag","embeddable":true,"href":"https:\/\/schoenstatt.com\/es\/wp-json\/wp\/v2\/tags?post=22955"}],"curies":[{"name":"wp","href":"https:\/\/api.w.org\/{rel}","templated":true}]}}