{"id":22725,"date":"2022-01-01T11:24:52","date_gmt":"2022-01-01T10:24:52","guid":{"rendered":"https:\/\/schoenstatt.com\/?p=22725"},"modified":"2025-08-19T01:45:28","modified_gmt":"2025-08-18T23:45:28","slug":"familia-aymerich-los-momentos-de-oracion-dios-hace-fecunda-la-mision","status":"publish","type":"post","link":"https:\/\/schoenstatt.com\/es\/familia-aymerich-los-momentos-de-oracion-dios-hace-fecunda-la-mision\/","title":{"rendered":"Familia Aymerich:  los momentos de oraci\u00f3n Dios hace fecunda la Misi\u00f3n"},"content":{"rendered":"<p><strong>Vaticano<\/strong> &#8211; El <a href=\"https:\/\/www.laityfamilylife.va\/content\/laityfamilylife\/es.html\" target=\"_blank\" rel=\"noopener\">Dicast\u00e9rio para los Laicos,\u00a0 familia y vida<\/a> publica una serie de videos sobre la vida familiar, en una edici\u00f3n en forma de di\u00e1logo entre las familias y el Papa Francisco. En esta d\u00e9cima edici\u00f3n, el di\u00e1logo con el Papa es del matrimonio Rosa y Edu, de la <a href=\"https:\/\/schoenstatt.com\/es\/comunidades\/family\/\">Obra familiar de Schoenstatt<\/a>, en Costa Rica.<\/p>\n<h3>\u201cLas caricias en una familia son muy importantes\u201d, dice el Santo Padre<\/h3>\n<p>\u00abEn la familia no est\u00e1n solo el marido y la mujer, los hijos, porque\u00a0en el matrimonio habita Jes\u00fas. El Se\u00f1or vive en la familia real y concreta,\u00a0se expresa en los gestos de amor.\u00a0Gestos concretos\u00a0entre esposo y esposa, entre padres e hijos. Las caricias en una familia son muy importantes\u00bb. Con estas palabras el Santo Padre nos invita a reconocer la presencia de Jes\u00fas en la cotidianidad de nuestra familia.\u00a0Este es el d\u00e9cimo y \u00faltimo de los v\u00eddeos en los que aparece el Papa Francisco junto a una familia espa\u00f1ola.<\/p>\n<p>Este v\u00eddeo se refiere al cap\u00edtulo noveno de la Exhortaci\u00f3n Apost\u00f3lica Amoris Laetitia: \u201cEspiritualidad matrimonial y familiar\u201d. Acompa\u00f1a a las palabras del Santo Padre el testimonio de la familia Aymerich, misionera en Costa Rica. Testimonian la fidelidad a un tiempo de oraci\u00f3n familiar en su jornada:\u00a0\u00abPrecisamente porque en el curso de nuestra historia hemos constatado innumerables veces nuestra poquedad y nuestra irrelevancia, somos conscientes de que gracias a estos momentos de oraci\u00f3n\u00a0Dios hace fecunda la Misi\u00f3n\u00bb.<\/p>\n<h3>Redescubrir el valor y la belleza de la familia<\/h3>\n<p>En los \u00ab10 videos Amoris Laetitia\u00bb, a partir de los cap\u00edtulos de la Exhortaci\u00f3n Apost\u00f3lica Amoris Laetitia, el Santo Padre, con la ayuda de fotos y el testimonio de algunas familias de diferentes partes del mundo, nos invita a releer el documento papal y a redescubrir el valor\u00a0y la belleza de la familia.<\/p>\n<p>Cada video va acompa\u00f1ado de un\u00a0subsidio\u00a0pastoral,\u00a0que puede ser utilizado de manera flexible tanto por las familias como por las distintas realidades eclesiales (di\u00f3cesis, parroquias, comunidades). Cada subsidio, adem\u00e1s, est\u00e1 subdividido en 4 partes, cada una de las cuales puede ser utilizada para profundizar en la familia o la comunidad, incluso en momentos diferentes.<\/p>\n<p>Este recurso pastoral es una iniciativa del Dicasterio para los Laicos, la Familia y la Vida en colaboraci\u00f3n con el Dicasterio para la Comunicaci\u00f3n, en el marco del A\u00f1o \u201cFamilia Amoris Laetitia\u201d.<\/p>\n<p>Los dos dicasterios publicar\u00e1n, a finales de febrero, un \u00abEspecial Amoris Laetitia\u00bb que recoger\u00e1 todos los v\u00eddeos y subsidios al final de la serie.<\/p>\n<p>Fonte: Dicasterio para laicos, familia y vida<\/p>\n<p><iframe title=\"Amoris Laetitia Espiritualidad matrimonial y familiar 2021.12.29\" width=\"800\" height=\"450\" src=\"https:\/\/www.youtube.com\/embed\/UboeRVSIY6E?start=2&#038;feature=oembed\" frameborder=\"0\" allow=\"accelerometer; autoplay; clipboard-write; encrypted-media; gyroscope; picture-in-picture; web-share\" referrerpolicy=\"strict-origin-when-cross-origin\" allowfullscreen><\/iframe><\/p>\n","protected":false},"excerpt":{"rendered":"<p>El Se\u00f1or vive en la familia real y concreta, se expresa en los gestos de amor.<\/p>\n","protected":false},"author":1,"featured_media":22720,"comment_status":"closed","ping_status":"closed","sticky":false,"template":"","format":"standard","meta":{"footnotes":""},"categories":[877,683],"tags":[992,989,631,1158,703],"class_list":["post-22725","post","type-post","status-publish","format-standard","has-post-thumbnail","hentry","category-familia-es","category-iglesia-es","tag-dicasterio-de-laicos-familia-y-vida-es","tag-dicasterios-es","tag-familia-es","tag-obra-de-familias-de-schoenstatt-es","tag-schoenstatt-costa-rica-es"],"yoast_head":"<!-- This site is optimized with the Yoast SEO Premium plugin v27.4 (Yoast SEO v27.4) - https:\/\/yoast.com\/product\/yoast-seo-premium-wordpress\/ -->\n<title>Familia Aymerich: los momentos de oraci\u00f3n Dios hace fecunda la Misi\u00f3n<\/title>\n<meta name=\"description\" content=\"La familia Aymerich refiere este video al cap\u00edtulo nueve de la Exortaci\u00f3n Apost\u00f3lica Amoris Laetitia: la espiritualidad conyugal y familiar\u201d.\" \/>\n<meta name=\"robots\" content=\"index, follow, max-snippet:-1, max-image-preview:large, max-video-preview:-1\" \/>\n<link rel=\"canonical\" href=\"https:\/\/schoenstatt.com\/es\/familia-aymerich-los-momentos-de-oracion-dios-hace-fecunda-la-mision\/\" \/>\n<meta property=\"og:locale\" content=\"es_ES\" \/>\n<meta property=\"og:type\" content=\"article\" \/>\n<meta property=\"og:title\" content=\"Familia Aymerich: los momentos de oraci\u00f3n Dios hace fecunda la Misi\u00f3n\" \/>\n<meta property=\"og:description\" content=\"La familia Aymerich refiere este video al cap\u00edtulo nueve de la Exortaci\u00f3n Apost\u00f3lica Amoris Laetitia: la espiritualidad conyugal y familiar\u201d.\" \/>\n<meta property=\"og:url\" content=\"https:\/\/schoenstatt.com\/es\/familia-aymerich-los-momentos-de-oracion-dios-hace-fecunda-la-mision\/\" \/>\n<meta property=\"og:site_name\" content=\"Schoenstatt\" \/>\n<meta property=\"article:published_time\" content=\"2022-01-01T10:24:52+00:00\" \/>\n<meta property=\"article:modified_time\" content=\"2025-08-18T23:45:28+00:00\" \/>\n<meta property=\"og:image\" content=\"https:\/\/schoenstatt.com\/wp-content\/uploads\/2021\/12\/2021-12-31-12-1.png\" \/>\n\t<meta property=\"og:image:width\" content=\"1920\" \/>\n\t<meta property=\"og:image:height\" content=\"1080\" \/>\n\t<meta property=\"og:image:type\" content=\"image\/png\" \/>\n<meta name=\"author\" content=\"admin\" \/>\n<meta name=\"twitter:card\" content=\"summary_large_image\" \/>\n<meta name=\"twitter:label1\" content=\"Escrito por\" \/>\n\t<meta name=\"twitter:data1\" content=\"admin\" \/>\n\t<meta name=\"twitter:label2\" content=\"Tiempo de lectura\" \/>\n\t<meta name=\"twitter:data2\" content=\"3 minutos\" \/>\n<script type=\"application\/ld+json\" class=\"yoast-schema-graph\">{\"@context\":\"https:\\\/\\\/schema.org\",\"@graph\":[{\"@type\":\"Article\",\"@id\":\"https:\\\/\\\/schoenstatt.com\\\/es\\\/familia-aymerich-los-momentos-de-oracion-dios-hace-fecunda-la-mision\\\/#article\",\"isPartOf\":{\"@id\":\"https:\\\/\\\/schoenstatt.com\\\/es\\\/familia-aymerich-los-momentos-de-oracion-dios-hace-fecunda-la-mision\\\/\"},\"author\":{\"name\":\"admin\",\"@id\":\"https:\\\/\\\/schoenstatt.com\\\/es\\\/#\\\/schema\\\/person\\\/489465b1850e7b216fe2c10dfc262551\"},\"headline\":\"Familia Aymerich: los momentos de oraci\u00f3n Dios hace fecunda la Misi\u00f3n\",\"datePublished\":\"2022-01-01T10:24:52+00:00\",\"dateModified\":\"2025-08-18T23:45:28+00:00\",\"mainEntityOfPage\":{\"@id\":\"https:\\\/\\\/schoenstatt.com\\\/es\\\/familia-aymerich-los-momentos-de-oracion-dios-hace-fecunda-la-mision\\\/\"},\"wordCount\":477,\"publisher\":{\"@id\":\"https:\\\/\\\/schoenstatt.com\\\/es\\\/#organization\"},\"image\":{\"@id\":\"https:\\\/\\\/schoenstatt.com\\\/es\\\/familia-aymerich-los-momentos-de-oracion-dios-hace-fecunda-la-mision\\\/#primaryimage\"},\"thumbnailUrl\":\"https:\\\/\\\/schoenstatt.com\\\/wp-content\\\/uploads\\\/2021\\\/12\\\/2021-12-31-12-1.png\",\"keywords\":[\"Dicasterio de Laicos, Familia y Vida\",\"Dicasterios\",\"Familia\",\"Obra de Familias de Schoenstatt\",\"Schoenstatt Costa Rica\"],\"articleSection\":[\"Familia\",\"Iglesia\"],\"inLanguage\":\"es\"},{\"@type\":\"WebPage\",\"@id\":\"https:\\\/\\\/schoenstatt.com\\\/es\\\/familia-aymerich-los-momentos-de-oracion-dios-hace-fecunda-la-mision\\\/\",\"url\":\"https:\\\/\\\/schoenstatt.com\\\/es\\\/familia-aymerich-los-momentos-de-oracion-dios-hace-fecunda-la-mision\\\/\",\"name\":\"Familia Aymerich: los momentos de oraci\u00f3n Dios hace fecunda la Misi\u00f3n\",\"isPartOf\":{\"@id\":\"https:\\\/\\\/schoenstatt.com\\\/es\\\/#website\"},\"primaryImageOfPage\":{\"@id\":\"https:\\\/\\\/schoenstatt.com\\\/es\\\/familia-aymerich-los-momentos-de-oracion-dios-hace-fecunda-la-mision\\\/#primaryimage\"},\"image\":{\"@id\":\"https:\\\/\\\/schoenstatt.com\\\/es\\\/familia-aymerich-los-momentos-de-oracion-dios-hace-fecunda-la-mision\\\/#primaryimage\"},\"thumbnailUrl\":\"https:\\\/\\\/schoenstatt.com\\\/wp-content\\\/uploads\\\/2021\\\/12\\\/2021-12-31-12-1.png\",\"datePublished\":\"2022-01-01T10:24:52+00:00\",\"dateModified\":\"2025-08-18T23:45:28+00:00\",\"description\":\"La familia Aymerich refiere este video al cap\u00edtulo nueve de la Exortaci\u00f3n Apost\u00f3lica Amoris Laetitia: la espiritualidad conyugal y familiar\u201d.\",\"breadcrumb\":{\"@id\":\"https:\\\/\\\/schoenstatt.com\\\/es\\\/familia-aymerich-los-momentos-de-oracion-dios-hace-fecunda-la-mision\\\/#breadcrumb\"},\"inLanguage\":\"es\",\"potentialAction\":[{\"@type\":\"ReadAction\",\"target\":[\"https:\\\/\\\/schoenstatt.com\\\/es\\\/familia-aymerich-los-momentos-de-oracion-dios-hace-fecunda-la-mision\\\/\"]}]},{\"@type\":\"ImageObject\",\"inLanguage\":\"es\",\"@id\":\"https:\\\/\\\/schoenstatt.com\\\/es\\\/familia-aymerich-los-momentos-de-oracion-dios-hace-fecunda-la-mision\\\/#primaryimage\",\"url\":\"https:\\\/\\\/schoenstatt.com\\\/wp-content\\\/uploads\\\/2021\\\/12\\\/2021-12-31-12-1.png\",\"contentUrl\":\"https:\\\/\\\/schoenstatt.com\\\/wp-content\\\/uploads\\\/2021\\\/12\\\/2021-12-31-12-1.png\",\"width\":1920,\"height\":1080,\"caption\":\"Familia Aymercih\"},{\"@type\":\"BreadcrumbList\",\"@id\":\"https:\\\/\\\/schoenstatt.com\\\/es\\\/familia-aymerich-los-momentos-de-oracion-dios-hace-fecunda-la-mision\\\/#breadcrumb\",\"itemListElement\":[{\"@type\":\"ListItem\",\"position\":1,\"name\":\"Portada\",\"item\":\"https:\\\/\\\/schoenstatt.com\\\/es\\\/home\\\/\"},{\"@type\":\"ListItem\",\"position\":2,\"name\":\"Familia Aymerich: los momentos de oraci\u00f3n Dios hace fecunda la Misi\u00f3n\"}]},{\"@type\":\"WebSite\",\"@id\":\"https:\\\/\\\/schoenstatt.com\\\/es\\\/#website\",\"url\":\"https:\\\/\\\/schoenstatt.com\\\/es\\\/\",\"name\":\"Schoenstatt\",\"description\":\"Apostolic Movement\",\"publisher\":{\"@id\":\"https:\\\/\\\/schoenstatt.com\\\/es\\\/#organization\"},\"potentialAction\":[{\"@type\":\"SearchAction\",\"target\":{\"@type\":\"EntryPoint\",\"urlTemplate\":\"https:\\\/\\\/schoenstatt.com\\\/es\\\/?s={search_term_string}\"},\"query-input\":{\"@type\":\"PropertyValueSpecification\",\"valueRequired\":true,\"valueName\":\"search_term_string\"}}],\"inLanguage\":\"es\"},{\"@type\":\"Organization\",\"@id\":\"https:\\\/\\\/schoenstatt.com\\\/es\\\/#organization\",\"name\":\"Schoenstatt\",\"url\":\"https:\\\/\\\/schoenstatt.com\\\/es\\\/\",\"logo\":{\"@type\":\"ImageObject\",\"inLanguage\":\"es\",\"@id\":\"https:\\\/\\\/schoenstatt.com\\\/es\\\/#\\\/schema\\\/logo\\\/image\\\/\",\"url\":\"https:\\\/\\\/schoenstatt.com\\\/wp-content\\\/uploads\\\/2025\\\/04\\\/logo-schoenstatt-white-696x696-1.png\",\"contentUrl\":\"https:\\\/\\\/schoenstatt.com\\\/wp-content\\\/uploads\\\/2025\\\/04\\\/logo-schoenstatt-white-696x696-1.png\",\"width\":696,\"height\":694,\"caption\":\"Schoenstatt\"},\"image\":{\"@id\":\"https:\\\/\\\/schoenstatt.com\\\/es\\\/#\\\/schema\\\/logo\\\/image\\\/\"}},{\"@type\":\"Person\",\"@id\":\"https:\\\/\\\/schoenstatt.com\\\/es\\\/#\\\/schema\\\/person\\\/489465b1850e7b216fe2c10dfc262551\",\"name\":\"admin\",\"image\":{\"@type\":\"ImageObject\",\"inLanguage\":\"es\",\"@id\":\"https:\\\/\\\/secure.gravatar.com\\\/avatar\\\/02e8345e1ec40ab0e0a2a98fdde64a684bbaf994cddcb778b25b8b024ee9dfe6?s=96&d=mm&r=g\",\"url\":\"https:\\\/\\\/secure.gravatar.com\\\/avatar\\\/02e8345e1ec40ab0e0a2a98fdde64a684bbaf994cddcb778b25b8b024ee9dfe6?s=96&d=mm&r=g\",\"contentUrl\":\"https:\\\/\\\/secure.gravatar.com\\\/avatar\\\/02e8345e1ec40ab0e0a2a98fdde64a684bbaf994cddcb778b25b8b024ee9dfe6?s=96&d=mm&r=g\",\"caption\":\"admin\"},\"sameAs\":[\"https:\\\/\\\/schoenstatt.com\"],\"url\":\"https:\\\/\\\/schoenstatt.com\\\/es\\\/author\\\/admin\\\/\"}]}<\/script>\n<!-- \/ Yoast SEO Premium plugin. -->","yoast_head_json":{"title":"Familia Aymerich: los momentos de oraci\u00f3n Dios hace fecunda la Misi\u00f3n","description":"La familia Aymerich refiere este video al cap\u00edtulo nueve de la Exortaci\u00f3n Apost\u00f3lica Amoris Laetitia: la espiritualidad conyugal y familiar\u201d.","robots":{"index":"index","follow":"follow","max-snippet":"max-snippet:-1","max-image-preview":"max-image-preview:large","max-video-preview":"max-video-preview:-1"},"canonical":"https:\/\/schoenstatt.com\/es\/familia-aymerich-los-momentos-de-oracion-dios-hace-fecunda-la-mision\/","og_locale":"es_ES","og_type":"article","og_title":"Familia Aymerich: los momentos de oraci\u00f3n Dios hace fecunda la Misi\u00f3n","og_description":"La familia Aymerich refiere este video al cap\u00edtulo nueve de la Exortaci\u00f3n Apost\u00f3lica Amoris Laetitia: la espiritualidad conyugal y familiar\u201d.","og_url":"https:\/\/schoenstatt.com\/es\/familia-aymerich-los-momentos-de-oracion-dios-hace-fecunda-la-mision\/","og_site_name":"Schoenstatt","article_published_time":"2022-01-01T10:24:52+00:00","article_modified_time":"2025-08-18T23:45:28+00:00","og_image":[{"width":1920,"height":1080,"url":"https:\/\/schoenstatt.com\/wp-content\/uploads\/2021\/12\/2021-12-31-12-1.png","type":"image\/png"}],"author":"admin","twitter_card":"summary_large_image","twitter_misc":{"Escrito por":"admin","Tiempo de lectura":"3 minutos"},"schema":{"@context":"https:\/\/schema.org","@graph":[{"@type":"Article","@id":"https:\/\/schoenstatt.com\/es\/familia-aymerich-los-momentos-de-oracion-dios-hace-fecunda-la-mision\/#article","isPartOf":{"@id":"https:\/\/schoenstatt.com\/es\/familia-aymerich-los-momentos-de-oracion-dios-hace-fecunda-la-mision\/"},"author":{"name":"admin","@id":"https:\/\/schoenstatt.com\/es\/#\/schema\/person\/489465b1850e7b216fe2c10dfc262551"},"headline":"Familia Aymerich: los momentos de oraci\u00f3n Dios hace fecunda la Misi\u00f3n","datePublished":"2022-01-01T10:24:52+00:00","dateModified":"2025-08-18T23:45:28+00:00","mainEntityOfPage":{"@id":"https:\/\/schoenstatt.com\/es\/familia-aymerich-los-momentos-de-oracion-dios-hace-fecunda-la-mision\/"},"wordCount":477,"publisher":{"@id":"https:\/\/schoenstatt.com\/es\/#organization"},"image":{"@id":"https:\/\/schoenstatt.com\/es\/familia-aymerich-los-momentos-de-oracion-dios-hace-fecunda-la-mision\/#primaryimage"},"thumbnailUrl":"https:\/\/schoenstatt.com\/wp-content\/uploads\/2021\/12\/2021-12-31-12-1.png","keywords":["Dicasterio de Laicos, Familia y Vida","Dicasterios","Familia","Obra de Familias de Schoenstatt","Schoenstatt Costa Rica"],"articleSection":["Familia","Iglesia"],"inLanguage":"es"},{"@type":"WebPage","@id":"https:\/\/schoenstatt.com\/es\/familia-aymerich-los-momentos-de-oracion-dios-hace-fecunda-la-mision\/","url":"https:\/\/schoenstatt.com\/es\/familia-aymerich-los-momentos-de-oracion-dios-hace-fecunda-la-mision\/","name":"Familia Aymerich: los momentos de oraci\u00f3n Dios hace fecunda la Misi\u00f3n","isPartOf":{"@id":"https:\/\/schoenstatt.com\/es\/#website"},"primaryImageOfPage":{"@id":"https:\/\/schoenstatt.com\/es\/familia-aymerich-los-momentos-de-oracion-dios-hace-fecunda-la-mision\/#primaryimage"},"image":{"@id":"https:\/\/schoenstatt.com\/es\/familia-aymerich-los-momentos-de-oracion-dios-hace-fecunda-la-mision\/#primaryimage"},"thumbnailUrl":"https:\/\/schoenstatt.com\/wp-content\/uploads\/2021\/12\/2021-12-31-12-1.png","datePublished":"2022-01-01T10:24:52+00:00","dateModified":"2025-08-18T23:45:28+00:00","description":"La familia Aymerich refiere este video al cap\u00edtulo nueve de la Exortaci\u00f3n Apost\u00f3lica Amoris Laetitia: la espiritualidad conyugal y familiar\u201d.","breadcrumb":{"@id":"https:\/\/schoenstatt.com\/es\/familia-aymerich-los-momentos-de-oracion-dios-hace-fecunda-la-mision\/#breadcrumb"},"inLanguage":"es","potentialAction":[{"@type":"ReadAction","target":["https:\/\/schoenstatt.com\/es\/familia-aymerich-los-momentos-de-oracion-dios-hace-fecunda-la-mision\/"]}]},{"@type":"ImageObject","inLanguage":"es","@id":"https:\/\/schoenstatt.com\/es\/familia-aymerich-los-momentos-de-oracion-dios-hace-fecunda-la-mision\/#primaryimage","url":"https:\/\/schoenstatt.com\/wp-content\/uploads\/2021\/12\/2021-12-31-12-1.png","contentUrl":"https:\/\/schoenstatt.com\/wp-content\/uploads\/2021\/12\/2021-12-31-12-1.png","width":1920,"height":1080,"caption":"Familia Aymercih"},{"@type":"BreadcrumbList","@id":"https:\/\/schoenstatt.com\/es\/familia-aymerich-los-momentos-de-oracion-dios-hace-fecunda-la-mision\/#breadcrumb","itemListElement":[{"@type":"ListItem","position":1,"name":"Portada","item":"https:\/\/schoenstatt.com\/es\/home\/"},{"@type":"ListItem","position":2,"name":"Familia Aymerich: los momentos de oraci\u00f3n Dios hace fecunda la Misi\u00f3n"}]},{"@type":"WebSite","@id":"https:\/\/schoenstatt.com\/es\/#website","url":"https:\/\/schoenstatt.com\/es\/","name":"Schoenstatt","description":"Apostolic Movement","publisher":{"@id":"https:\/\/schoenstatt.com\/es\/#organization"},"potentialAction":[{"@type":"SearchAction","target":{"@type":"EntryPoint","urlTemplate":"https:\/\/schoenstatt.com\/es\/?s={search_term_string}"},"query-input":{"@type":"PropertyValueSpecification","valueRequired":true,"valueName":"search_term_string"}}],"inLanguage":"es"},{"@type":"Organization","@id":"https:\/\/schoenstatt.com\/es\/#organization","name":"Schoenstatt","url":"https:\/\/schoenstatt.com\/es\/","logo":{"@type":"ImageObject","inLanguage":"es","@id":"https:\/\/schoenstatt.com\/es\/#\/schema\/logo\/image\/","url":"https:\/\/schoenstatt.com\/wp-content\/uploads\/2025\/04\/logo-schoenstatt-white-696x696-1.png","contentUrl":"https:\/\/schoenstatt.com\/wp-content\/uploads\/2025\/04\/logo-schoenstatt-white-696x696-1.png","width":696,"height":694,"caption":"Schoenstatt"},"image":{"@id":"https:\/\/schoenstatt.com\/es\/#\/schema\/logo\/image\/"}},{"@type":"Person","@id":"https:\/\/schoenstatt.com\/es\/#\/schema\/person\/489465b1850e7b216fe2c10dfc262551","name":"admin","image":{"@type":"ImageObject","inLanguage":"es","@id":"https:\/\/secure.gravatar.com\/avatar\/02e8345e1ec40ab0e0a2a98fdde64a684bbaf994cddcb778b25b8b024ee9dfe6?s=96&d=mm&r=g","url":"https:\/\/secure.gravatar.com\/avatar\/02e8345e1ec40ab0e0a2a98fdde64a684bbaf994cddcb778b25b8b024ee9dfe6?s=96&d=mm&r=g","contentUrl":"https:\/\/secure.gravatar.com\/avatar\/02e8345e1ec40ab0e0a2a98fdde64a684bbaf994cddcb778b25b8b024ee9dfe6?s=96&d=mm&r=g","caption":"admin"},"sameAs":["https:\/\/schoenstatt.com"],"url":"https:\/\/schoenstatt.com\/es\/author\/admin\/"}]}},"_links":{"self":[{"href":"https:\/\/schoenstatt.com\/es\/wp-json\/wp\/v2\/posts\/22725","targetHints":{"allow":["GET"]}}],"collection":[{"href":"https:\/\/schoenstatt.com\/es\/wp-json\/wp\/v2\/posts"}],"about":[{"href":"https:\/\/schoenstatt.com\/es\/wp-json\/wp\/v2\/types\/post"}],"author":[{"embeddable":true,"href":"https:\/\/schoenstatt.com\/es\/wp-json\/wp\/v2\/users\/1"}],"replies":[{"embeddable":true,"href":"https:\/\/schoenstatt.com\/es\/wp-json\/wp\/v2\/comments?post=22725"}],"version-history":[{"count":8,"href":"https:\/\/schoenstatt.com\/es\/wp-json\/wp\/v2\/posts\/22725\/revisions"}],"predecessor-version":[{"id":62452,"href":"https:\/\/schoenstatt.com\/es\/wp-json\/wp\/v2\/posts\/22725\/revisions\/62452"}],"wp:featuredmedia":[{"embeddable":true,"href":"https:\/\/schoenstatt.com\/es\/wp-json\/wp\/v2\/media\/22720"}],"wp:attachment":[{"href":"https:\/\/schoenstatt.com\/es\/wp-json\/wp\/v2\/media?parent=22725"}],"wp:term":[{"taxonomy":"category","embeddable":true,"href":"https:\/\/schoenstatt.com\/es\/wp-json\/wp\/v2\/categories?post=22725"},{"taxonomy":"post_tag","embeddable":true,"href":"https:\/\/schoenstatt.com\/es\/wp-json\/wp\/v2\/tags?post=22725"}],"curies":[{"name":"wp","href":"https:\/\/api.w.org\/{rel}","templated":true}]}}