{"id":22622,"date":"2022-01-01T08:00:01","date_gmt":"2022-01-01T07:00:01","guid":{"rendered":"https:\/\/schoenstatt.com\/?p=22622"},"modified":"2025-08-19T22:34:32","modified_gmt":"2025-08-19T20:34:32","slug":"maria-madre-de-dios-y-madre-nuestra","status":"publish","type":"post","link":"https:\/\/schoenstatt.com\/es\/maria-madre-de-dios-y-madre-nuestra\/","title":{"rendered":"Mar\u00eda, Madre de Dios y madre nuestra"},"content":{"rendered":"<p><strong>Schoenstatt<\/strong> &#8211; Mar\u00eda es el lugar hist\u00f3rico en el que Dios se hace carne para habitar entre nosotros. Cristo es gestado en su seno, nace y crece en total dependencia de su madre. De ella aprende los primeros pasos, las primeras palabras, los primeros juegos, las oraciones de su pueblo. A su lado va creciendo en edad y sabidur\u00eda. Dios la ha escogido, ella ha dado su consentimiento libre. Y con total generosidad, junto con Jos\u00e9,\u00a0 regala hogar al Redentor. Adhiere plenamente a su misi\u00f3n, se transforma en su compa\u00f1era y colaboradora.<\/p>\n<p>La maternidad espiritual de todos los hombres es consecuencia y complemento de la maternidad divina. Est\u00e1 fundamentada en la realidad de su asociaci\u00f3n permanente a la persona y obra del Salvador. Mar\u00eda es \u201cMadre del Cristo total\u201d, del Cristo hist\u00f3rico y del m\u00edstico. Es Madre de la Cabeza y de los miembros (san Agust\u00edn).<\/p>\n<p>El\u00a0 Concilio Vaticano II afirma que esta maternidad \u201cperdura sin cesar en la econom\u00eda de la gracia\u201d ya que Mar\u00eda jam\u00e1s abandona a sus hijos, \u201cpues una vez recibida en los cielos, no dej\u00f3 su oficio de salud, sino que contin\u00faa alcanz\u00e1ndonos, por su m\u00faltiple intercesi\u00f3n, los dones de la eterna salvaci\u00f3n. Por su amor materno cuida de los hermanos de su Hijo que peregrinan y se debaten entre peligros y angustias y luchan contra el pecado hasta que sean llevados a la patria feliz. Por eso la Bienaventurada Virgen es invocada en la Iglesia con los t\u00edtulos de Abogada, Auxiliadora, Socorro, Mediadora. Lo cual, sin embargo, se entiende de manera que nada quite ni agregue a la dignidad y eficacia de Cristo, \u00fanico Mediador\u201d (Lumen Gentium, 62).<\/p>\n<p><img fetchpriority=\"high\" decoding=\"async\" class=\"aligncenter wp-image-20272 size-large\" src=\"https:\/\/schoenstatt.com\/wp-content\/uploads\/2021\/10\/Mater-1024x358.jpg\" alt=\"Mar\u00eda\" width=\"840\" height=\"294\" \/><\/p>\n<p>El <a href=\"https:\/\/schoenstatt.com\/es\/acerca-de\/fundador\/\">P. Kentenich<\/a> resalta la presencia y acci\u00f3n de Mar\u00eda Madre en nuestras vidas: \u201cLa Mujer configurada por Cristo es tambi\u00e9n la Madre que configura a Cristo en los creyentes. Ella es simplemente la que concibe y da a luz a Cristo por oficio. Como persona particular ella permanece totalmente en segundo plano. No posee ya m\u00e1s intereses privados, o bien, lo que significa lo mismo, su inter\u00e9s m\u00e1s personal y personal\u00edsimo, su inter\u00e9s m\u00e1s \u00edntimo pertenece, en forma perfecta, a Cristo, tanto en su unicidad hist\u00f3rica como tambi\u00e9n en sus miembros. Ella est\u00e1 tan compenetrada por \u00e9l, que pareciera casi como si se hubiese tornado parte de \u00e9l. Ella es y sigue siendo, siempre y en todas partes, quien concibe y da a luz a Cristo por oficio.<\/p>\n<p>El amor que Mar\u00eda regal\u00f3 al Cristo hist\u00f3rico lo transfiere -as\u00ed piensa San Bernardo\u2014 al Cristo m\u00edstico, a sus miembros. Por eso nunca estamos solos. En todas las situaciones ella dirige su mirada hacia nosotros, como lo hizo con Cristo en los d\u00edas de su vida. Tal como ella calm\u00f3 el llanto y el dolor del reci\u00e9n nacido en el portal de Bel\u00e9n, tal como se mantuvo junto a la cruz al lado de Cristo moribundo, a\u00fan en el momento en que \u00e9l se sinti\u00f3 abandonado por el Padre, as\u00ed nos acompa\u00f1a tambi\u00e9n a nosotros, miembros de Cristo, desde la cuna hasta la tumba\u201d.<\/p>\n<h6>(P. Kentenich, El secreto de la vitalidad de Schoenstatt, 2a. Parte, Espiritualidad de la Alianza, Santiago de Chile 2011, p\u00e1g. 117)<\/h6>\n<p><a href=\"https:\/\/www.facebook.com\/watch\/?v=715767115651288\" target=\"_blank\" rel=\"noopener\">P. \u00c1ngel Strada<\/a><\/p>\n","protected":false},"excerpt":{"rendered":"<p>El 1ro. de enero la Iglesia celebra la Solemnidad de Mar\u00eda como Madre de Dios, conmemorando el dogma de la Maternidad divina de Mar\u00eda en Jes\u00fas, promulgado as\u00ed por el Concilio de \u00c9feso en el a\u00f1o 431.<\/p>\n","protected":false},"author":6,"featured_media":22623,"comment_status":"closed","ping_status":"closed","sticky":false,"template":"","format":"standard","meta":{"footnotes":""},"categories":[917,683],"tags":[1057],"class_list":["post-22622","post","type-post","status-publish","format-standard","has-post-thumbnail","hentry","category-espiritualidad-es","category-iglesia-es","tag-maria-es"],"yoast_head":"<!-- This site is optimized with the Yoast SEO Premium plugin v27.4 (Yoast SEO v27.4) - https:\/\/yoast.com\/product\/yoast-seo-premium-wordpress\/ -->\n<title>Mar\u00eda, Madre de Dios y madre nuestra - Schoenstatt<\/title>\n<meta name=\"description\" content=\"El 1ro. de enero la Iglesia celebra la Solemnidad de Mar\u00eda como Madre de Dios, conmemorando el dogma de la Maternidad divina.\" \/>\n<meta name=\"robots\" content=\"index, follow, max-snippet:-1, max-image-preview:large, max-video-preview:-1\" \/>\n<link rel=\"canonical\" href=\"https:\/\/schoenstatt.com\/es\/maria-madre-de-dios-y-madre-nuestra\/\" \/>\n<meta property=\"og:locale\" content=\"es_ES\" \/>\n<meta property=\"og:type\" content=\"article\" \/>\n<meta property=\"og:title\" content=\"Mar\u00eda, Madre de Dios y madre nuestra\" \/>\n<meta property=\"og:description\" content=\"El 1ro. de enero la Iglesia celebra la Solemnidad de Mar\u00eda como Madre de Dios, conmemorando el dogma de la Maternidad divina.\" \/>\n<meta property=\"og:url\" content=\"https:\/\/schoenstatt.com\/es\/maria-madre-de-dios-y-madre-nuestra\/\" \/>\n<meta property=\"og:site_name\" content=\"Schoenstatt\" \/>\n<meta property=\"article:published_time\" content=\"2022-01-01T07:00:01+00:00\" \/>\n<meta property=\"article:modified_time\" content=\"2025-08-19T20:34:32+00:00\" \/>\n<meta property=\"og:image\" content=\"https:\/\/schoenstatt.com\/wp-content\/uploads\/2021\/12\/cathopic_1511475686328910-1.jpg\" \/>\n\t<meta property=\"og:image:width\" content=\"2048\" \/>\n\t<meta property=\"og:image:height\" content=\"1351\" \/>\n\t<meta property=\"og:image:type\" content=\"image\/jpeg\" \/>\n<meta name=\"author\" content=\"Vanessa Franke\" \/>\n<meta name=\"twitter:card\" content=\"summary_large_image\" \/>\n<meta name=\"twitter:label1\" content=\"Escrito por\" \/>\n\t<meta name=\"twitter:data1\" content=\"Vanessa Franke\" \/>\n\t<meta name=\"twitter:label2\" content=\"Tiempo de lectura\" \/>\n\t<meta name=\"twitter:data2\" content=\"3 minutos\" \/>\n<script type=\"application\/ld+json\" class=\"yoast-schema-graph\">{\"@context\":\"https:\\\/\\\/schema.org\",\"@graph\":[{\"@type\":\"Article\",\"@id\":\"https:\\\/\\\/schoenstatt.com\\\/es\\\/maria-madre-de-dios-y-madre-nuestra\\\/#article\",\"isPartOf\":{\"@id\":\"https:\\\/\\\/schoenstatt.com\\\/es\\\/maria-madre-de-dios-y-madre-nuestra\\\/\"},\"author\":{\"name\":\"Vanessa Franke\",\"@id\":\"https:\\\/\\\/schoenstatt.com\\\/es\\\/#\\\/schema\\\/person\\\/ea97a60c723e21c923e2177f0f3163f7\"},\"headline\":\"Mar\u00eda, Madre de Dios y madre nuestra\",\"datePublished\":\"2022-01-01T07:00:01+00:00\",\"dateModified\":\"2025-08-19T20:34:32+00:00\",\"mainEntityOfPage\":{\"@id\":\"https:\\\/\\\/schoenstatt.com\\\/es\\\/maria-madre-de-dios-y-madre-nuestra\\\/\"},\"wordCount\":576,\"publisher\":{\"@id\":\"https:\\\/\\\/schoenstatt.com\\\/es\\\/#organization\"},\"image\":{\"@id\":\"https:\\\/\\\/schoenstatt.com\\\/es\\\/maria-madre-de-dios-y-madre-nuestra\\\/#primaryimage\"},\"thumbnailUrl\":\"https:\\\/\\\/schoenstatt.com\\\/wp-content\\\/uploads\\\/2021\\\/12\\\/cathopic_1511475686328910-1.jpg\",\"keywords\":[\"Mar\u00eda\"],\"articleSection\":[\"Espiritualidad\",\"Iglesia\"],\"inLanguage\":\"es\"},{\"@type\":\"WebPage\",\"@id\":\"https:\\\/\\\/schoenstatt.com\\\/es\\\/maria-madre-de-dios-y-madre-nuestra\\\/\",\"url\":\"https:\\\/\\\/schoenstatt.com\\\/es\\\/maria-madre-de-dios-y-madre-nuestra\\\/\",\"name\":\"Mar\u00eda, Madre de Dios y madre nuestra - Schoenstatt\",\"isPartOf\":{\"@id\":\"https:\\\/\\\/schoenstatt.com\\\/es\\\/#website\"},\"primaryImageOfPage\":{\"@id\":\"https:\\\/\\\/schoenstatt.com\\\/es\\\/maria-madre-de-dios-y-madre-nuestra\\\/#primaryimage\"},\"image\":{\"@id\":\"https:\\\/\\\/schoenstatt.com\\\/es\\\/maria-madre-de-dios-y-madre-nuestra\\\/#primaryimage\"},\"thumbnailUrl\":\"https:\\\/\\\/schoenstatt.com\\\/wp-content\\\/uploads\\\/2021\\\/12\\\/cathopic_1511475686328910-1.jpg\",\"datePublished\":\"2022-01-01T07:00:01+00:00\",\"dateModified\":\"2025-08-19T20:34:32+00:00\",\"description\":\"El 1ro. de enero la Iglesia celebra la Solemnidad de Mar\u00eda como Madre de Dios, conmemorando el dogma de la Maternidad divina.\",\"breadcrumb\":{\"@id\":\"https:\\\/\\\/schoenstatt.com\\\/es\\\/maria-madre-de-dios-y-madre-nuestra\\\/#breadcrumb\"},\"inLanguage\":\"es\",\"potentialAction\":[{\"@type\":\"ReadAction\",\"target\":[\"https:\\\/\\\/schoenstatt.com\\\/es\\\/maria-madre-de-dios-y-madre-nuestra\\\/\"]}]},{\"@type\":\"ImageObject\",\"inLanguage\":\"es\",\"@id\":\"https:\\\/\\\/schoenstatt.com\\\/es\\\/maria-madre-de-dios-y-madre-nuestra\\\/#primaryimage\",\"url\":\"https:\\\/\\\/schoenstatt.com\\\/wp-content\\\/uploads\\\/2021\\\/12\\\/cathopic_1511475686328910-1.jpg\",\"contentUrl\":\"https:\\\/\\\/schoenstatt.com\\\/wp-content\\\/uploads\\\/2021\\\/12\\\/cathopic_1511475686328910-1.jpg\",\"width\":2048,\"height\":1351,\"caption\":\"Mar\u00eda Madre de Dios\"},{\"@type\":\"BreadcrumbList\",\"@id\":\"https:\\\/\\\/schoenstatt.com\\\/es\\\/maria-madre-de-dios-y-madre-nuestra\\\/#breadcrumb\",\"itemListElement\":[{\"@type\":\"ListItem\",\"position\":1,\"name\":\"Portada\",\"item\":\"https:\\\/\\\/schoenstatt.com\\\/es\\\/home\\\/\"},{\"@type\":\"ListItem\",\"position\":2,\"name\":\"Mar\u00eda, Madre de Dios y madre nuestra\"}]},{\"@type\":\"WebSite\",\"@id\":\"https:\\\/\\\/schoenstatt.com\\\/es\\\/#website\",\"url\":\"https:\\\/\\\/schoenstatt.com\\\/es\\\/\",\"name\":\"Schoenstatt\",\"description\":\"Apostolic Movement\",\"publisher\":{\"@id\":\"https:\\\/\\\/schoenstatt.com\\\/es\\\/#organization\"},\"potentialAction\":[{\"@type\":\"SearchAction\",\"target\":{\"@type\":\"EntryPoint\",\"urlTemplate\":\"https:\\\/\\\/schoenstatt.com\\\/es\\\/?s={search_term_string}\"},\"query-input\":{\"@type\":\"PropertyValueSpecification\",\"valueRequired\":true,\"valueName\":\"search_term_string\"}}],\"inLanguage\":\"es\"},{\"@type\":\"Organization\",\"@id\":\"https:\\\/\\\/schoenstatt.com\\\/es\\\/#organization\",\"name\":\"Schoenstatt\",\"url\":\"https:\\\/\\\/schoenstatt.com\\\/es\\\/\",\"logo\":{\"@type\":\"ImageObject\",\"inLanguage\":\"es\",\"@id\":\"https:\\\/\\\/schoenstatt.com\\\/es\\\/#\\\/schema\\\/logo\\\/image\\\/\",\"url\":\"https:\\\/\\\/schoenstatt.com\\\/wp-content\\\/uploads\\\/2025\\\/04\\\/logo-schoenstatt-white-696x696-1.png\",\"contentUrl\":\"https:\\\/\\\/schoenstatt.com\\\/wp-content\\\/uploads\\\/2025\\\/04\\\/logo-schoenstatt-white-696x696-1.png\",\"width\":696,\"height\":694,\"caption\":\"Schoenstatt\"},\"image\":{\"@id\":\"https:\\\/\\\/schoenstatt.com\\\/es\\\/#\\\/schema\\\/logo\\\/image\\\/\"}},{\"@type\":\"Person\",\"@id\":\"https:\\\/\\\/schoenstatt.com\\\/es\\\/#\\\/schema\\\/person\\\/ea97a60c723e21c923e2177f0f3163f7\",\"name\":\"Vanessa Franke\",\"image\":{\"@type\":\"ImageObject\",\"inLanguage\":\"es\",\"@id\":\"https:\\\/\\\/secure.gravatar.com\\\/avatar\\\/a9bcca3409928ccd3195eca11e2ccbb2e5d7c7912e9a945d4f326f81a0a5cb4a?s=96&d=mm&r=g\",\"url\":\"https:\\\/\\\/secure.gravatar.com\\\/avatar\\\/a9bcca3409928ccd3195eca11e2ccbb2e5d7c7912e9a945d4f326f81a0a5cb4a?s=96&d=mm&r=g\",\"contentUrl\":\"https:\\\/\\\/secure.gravatar.com\\\/avatar\\\/a9bcca3409928ccd3195eca11e2ccbb2e5d7c7912e9a945d4f326f81a0a5cb4a?s=96&d=mm&r=g\",\"caption\":\"Vanessa Franke\"},\"url\":\"https:\\\/\\\/schoenstatt.com\\\/es\\\/author\\\/vanessa-franke\\\/\"}]}<\/script>\n<!-- \/ Yoast SEO Premium plugin. -->","yoast_head_json":{"title":"Mar\u00eda, Madre de Dios y madre nuestra - Schoenstatt","description":"El 1ro. de enero la Iglesia celebra la Solemnidad de Mar\u00eda como Madre de Dios, conmemorando el dogma de la Maternidad divina.","robots":{"index":"index","follow":"follow","max-snippet":"max-snippet:-1","max-image-preview":"max-image-preview:large","max-video-preview":"max-video-preview:-1"},"canonical":"https:\/\/schoenstatt.com\/es\/maria-madre-de-dios-y-madre-nuestra\/","og_locale":"es_ES","og_type":"article","og_title":"Mar\u00eda, Madre de Dios y madre nuestra","og_description":"El 1ro. de enero la Iglesia celebra la Solemnidad de Mar\u00eda como Madre de Dios, conmemorando el dogma de la Maternidad divina.","og_url":"https:\/\/schoenstatt.com\/es\/maria-madre-de-dios-y-madre-nuestra\/","og_site_name":"Schoenstatt","article_published_time":"2022-01-01T07:00:01+00:00","article_modified_time":"2025-08-19T20:34:32+00:00","og_image":[{"width":2048,"height":1351,"url":"https:\/\/schoenstatt.com\/wp-content\/uploads\/2021\/12\/cathopic_1511475686328910-1.jpg","type":"image\/jpeg"}],"author":"Vanessa Franke","twitter_card":"summary_large_image","twitter_misc":{"Escrito por":"Vanessa Franke","Tiempo de lectura":"3 minutos"},"schema":{"@context":"https:\/\/schema.org","@graph":[{"@type":"Article","@id":"https:\/\/schoenstatt.com\/es\/maria-madre-de-dios-y-madre-nuestra\/#article","isPartOf":{"@id":"https:\/\/schoenstatt.com\/es\/maria-madre-de-dios-y-madre-nuestra\/"},"author":{"name":"Vanessa Franke","@id":"https:\/\/schoenstatt.com\/es\/#\/schema\/person\/ea97a60c723e21c923e2177f0f3163f7"},"headline":"Mar\u00eda, Madre de Dios y madre nuestra","datePublished":"2022-01-01T07:00:01+00:00","dateModified":"2025-08-19T20:34:32+00:00","mainEntityOfPage":{"@id":"https:\/\/schoenstatt.com\/es\/maria-madre-de-dios-y-madre-nuestra\/"},"wordCount":576,"publisher":{"@id":"https:\/\/schoenstatt.com\/es\/#organization"},"image":{"@id":"https:\/\/schoenstatt.com\/es\/maria-madre-de-dios-y-madre-nuestra\/#primaryimage"},"thumbnailUrl":"https:\/\/schoenstatt.com\/wp-content\/uploads\/2021\/12\/cathopic_1511475686328910-1.jpg","keywords":["Mar\u00eda"],"articleSection":["Espiritualidad","Iglesia"],"inLanguage":"es"},{"@type":"WebPage","@id":"https:\/\/schoenstatt.com\/es\/maria-madre-de-dios-y-madre-nuestra\/","url":"https:\/\/schoenstatt.com\/es\/maria-madre-de-dios-y-madre-nuestra\/","name":"Mar\u00eda, Madre de Dios y madre nuestra - Schoenstatt","isPartOf":{"@id":"https:\/\/schoenstatt.com\/es\/#website"},"primaryImageOfPage":{"@id":"https:\/\/schoenstatt.com\/es\/maria-madre-de-dios-y-madre-nuestra\/#primaryimage"},"image":{"@id":"https:\/\/schoenstatt.com\/es\/maria-madre-de-dios-y-madre-nuestra\/#primaryimage"},"thumbnailUrl":"https:\/\/schoenstatt.com\/wp-content\/uploads\/2021\/12\/cathopic_1511475686328910-1.jpg","datePublished":"2022-01-01T07:00:01+00:00","dateModified":"2025-08-19T20:34:32+00:00","description":"El 1ro. de enero la Iglesia celebra la Solemnidad de Mar\u00eda como Madre de Dios, conmemorando el dogma de la Maternidad divina.","breadcrumb":{"@id":"https:\/\/schoenstatt.com\/es\/maria-madre-de-dios-y-madre-nuestra\/#breadcrumb"},"inLanguage":"es","potentialAction":[{"@type":"ReadAction","target":["https:\/\/schoenstatt.com\/es\/maria-madre-de-dios-y-madre-nuestra\/"]}]},{"@type":"ImageObject","inLanguage":"es","@id":"https:\/\/schoenstatt.com\/es\/maria-madre-de-dios-y-madre-nuestra\/#primaryimage","url":"https:\/\/schoenstatt.com\/wp-content\/uploads\/2021\/12\/cathopic_1511475686328910-1.jpg","contentUrl":"https:\/\/schoenstatt.com\/wp-content\/uploads\/2021\/12\/cathopic_1511475686328910-1.jpg","width":2048,"height":1351,"caption":"Mar\u00eda Madre de Dios"},{"@type":"BreadcrumbList","@id":"https:\/\/schoenstatt.com\/es\/maria-madre-de-dios-y-madre-nuestra\/#breadcrumb","itemListElement":[{"@type":"ListItem","position":1,"name":"Portada","item":"https:\/\/schoenstatt.com\/es\/home\/"},{"@type":"ListItem","position":2,"name":"Mar\u00eda, Madre de Dios y madre nuestra"}]},{"@type":"WebSite","@id":"https:\/\/schoenstatt.com\/es\/#website","url":"https:\/\/schoenstatt.com\/es\/","name":"Schoenstatt","description":"Apostolic Movement","publisher":{"@id":"https:\/\/schoenstatt.com\/es\/#organization"},"potentialAction":[{"@type":"SearchAction","target":{"@type":"EntryPoint","urlTemplate":"https:\/\/schoenstatt.com\/es\/?s={search_term_string}"},"query-input":{"@type":"PropertyValueSpecification","valueRequired":true,"valueName":"search_term_string"}}],"inLanguage":"es"},{"@type":"Organization","@id":"https:\/\/schoenstatt.com\/es\/#organization","name":"Schoenstatt","url":"https:\/\/schoenstatt.com\/es\/","logo":{"@type":"ImageObject","inLanguage":"es","@id":"https:\/\/schoenstatt.com\/es\/#\/schema\/logo\/image\/","url":"https:\/\/schoenstatt.com\/wp-content\/uploads\/2025\/04\/logo-schoenstatt-white-696x696-1.png","contentUrl":"https:\/\/schoenstatt.com\/wp-content\/uploads\/2025\/04\/logo-schoenstatt-white-696x696-1.png","width":696,"height":694,"caption":"Schoenstatt"},"image":{"@id":"https:\/\/schoenstatt.com\/es\/#\/schema\/logo\/image\/"}},{"@type":"Person","@id":"https:\/\/schoenstatt.com\/es\/#\/schema\/person\/ea97a60c723e21c923e2177f0f3163f7","name":"Vanessa Franke","image":{"@type":"ImageObject","inLanguage":"es","@id":"https:\/\/secure.gravatar.com\/avatar\/a9bcca3409928ccd3195eca11e2ccbb2e5d7c7912e9a945d4f326f81a0a5cb4a?s=96&d=mm&r=g","url":"https:\/\/secure.gravatar.com\/avatar\/a9bcca3409928ccd3195eca11e2ccbb2e5d7c7912e9a945d4f326f81a0a5cb4a?s=96&d=mm&r=g","contentUrl":"https:\/\/secure.gravatar.com\/avatar\/a9bcca3409928ccd3195eca11e2ccbb2e5d7c7912e9a945d4f326f81a0a5cb4a?s=96&d=mm&r=g","caption":"Vanessa Franke"},"url":"https:\/\/schoenstatt.com\/es\/author\/vanessa-franke\/"}]}},"_links":{"self":[{"href":"https:\/\/schoenstatt.com\/es\/wp-json\/wp\/v2\/posts\/22622","targetHints":{"allow":["GET"]}}],"collection":[{"href":"https:\/\/schoenstatt.com\/es\/wp-json\/wp\/v2\/posts"}],"about":[{"href":"https:\/\/schoenstatt.com\/es\/wp-json\/wp\/v2\/types\/post"}],"author":[{"embeddable":true,"href":"https:\/\/schoenstatt.com\/es\/wp-json\/wp\/v2\/users\/6"}],"replies":[{"embeddable":true,"href":"https:\/\/schoenstatt.com\/es\/wp-json\/wp\/v2\/comments?post=22622"}],"version-history":[{"count":1,"href":"https:\/\/schoenstatt.com\/es\/wp-json\/wp\/v2\/posts\/22622\/revisions"}],"predecessor-version":[{"id":44914,"href":"https:\/\/schoenstatt.com\/es\/wp-json\/wp\/v2\/posts\/22622\/revisions\/44914"}],"wp:featuredmedia":[{"embeddable":true,"href":"https:\/\/schoenstatt.com\/es\/wp-json\/wp\/v2\/media\/22623"}],"wp:attachment":[{"href":"https:\/\/schoenstatt.com\/es\/wp-json\/wp\/v2\/media?parent=22622"}],"wp:term":[{"taxonomy":"category","embeddable":true,"href":"https:\/\/schoenstatt.com\/es\/wp-json\/wp\/v2\/categories?post=22622"},{"taxonomy":"post_tag","embeddable":true,"href":"https:\/\/schoenstatt.com\/es\/wp-json\/wp\/v2\/tags?post=22622"}],"curies":[{"name":"wp","href":"https:\/\/api.w.org\/{rel}","templated":true}]}}