{"id":22475,"date":"2021-12-24T16:30:22","date_gmt":"2021-12-24T15:30:22","guid":{"rendered":"https:\/\/schoenstatt.com\/?p=22475"},"modified":"2025-08-16T04:00:54","modified_gmt":"2025-08-16T02:00:54","slug":"jesus-nacido-de-la-virgen-maria","status":"publish","type":"post","link":"https:\/\/schoenstatt.com\/es\/jesus-nacido-de-la-virgen-maria\/","title":{"rendered":"Jes\u00fas &#8211; Nacido de la Virgen Mar\u00eda"},"content":{"rendered":"<p>Para los contempor\u00e1neos de Jes\u00fas, hace 2000 a\u00f1os, as\u00ed era. Jes\u00fas, el hijo de Mar\u00eda de Nazaret, el Mes\u00edas, no correspond\u00eda en absoluto a la idea puramente humana del Redentor y del Salvador.<\/p>\n<h3>Tan diferente&#8230;<\/h3>\n<p>\u00a1S\u00ed, de verdad! Precisamente a trav\u00e9s de esta noche consagrada, la Navidad en la que naci\u00f3 Jesucristo, no solo muchas cosas, sino que todo se ha vuelto realmente diferente para nosotros. Los incr\u00e9dulos y los cr\u00edticos pueden preguntarnos: \u00bfen serio? \u00bfQu\u00e9 ha cambiado? Guerras, enfermedades, maremotos, cat\u00e1strofes, persecuciones, muerte&#8230; no nos libramos de nada, nada ha desaparecido. Y cu\u00e1ntas veces nos encontramos personalmente en situaciones de sufrimiento en las que no podemos encontrar a Dios. \u00bfAs\u00ed que todo es imaginaci\u00f3n y cuentos de hadas piadosos?<\/p>\n<p>Una pregunta un tanto provocadora: \u00bfnos promete Jes\u00fas una tierra de leche y miel? Por el contrario, prepara a todos sus disc\u00edpulos para tiempos dif\u00edciles y les pide que lleven su cruz personal con \u00e9l y como \u00e9l. Jes\u00fas mismo no excluy\u00f3 el sufrimiento y la muerte en su propia vida, sino que la sufri\u00f3 hasta el final. \u00c9l est\u00e1 ah\u00ed, especialmente en lo m\u00e1s profundo de nuestro sufrimiento.<\/p>\n<p><img fetchpriority=\"high\" decoding=\"async\" class=\"aligncenter wp-image-22448 size-large\" src=\"https:\/\/schoenstatt.com\/wp-content\/uploads\/2021\/12\/Pesebre-3-937x1024.jpg\" alt=\"Bel\u00e9n\" width=\"800\" height=\"874\" \/><\/p>\n<h3>Dios es muy diferente!<\/h3>\n<p>Dios siempre parece ser muy diferente de lo que imaginamos. No es el gran mago y benefactor que nos gustar\u00eda que fuera, que simplemente quita todo el sufrimiento del mundo y cumple todos nuestros deseos. La experiencia del sufrimiento y nuestras ideas de Dios a menudo no encajan. Precisamente esta tensi\u00f3n que a menudo experimentamos es la manzana de la discordia. Lo mismo ocurri\u00f3 con los contempor\u00e1neos de Jes\u00fas hace 2000 a\u00f1os. Jes\u00fas, el hijo de Mar\u00eda de Nazaret, el Mes\u00edas, no correspond\u00eda en absoluto con la idea puramente humana del Redentor y Salvador. <img decoding=\"async\" class=\"alignright wp-image-22459 size-medium\" src=\"https:\/\/schoenstatt.com\/wp-content\/uploads\/2021\/12\/velas-1-2-225x300.jpg\" alt=\"Velas\" width=\"225\" height=\"300\" \/><\/p>\n<p>No se present\u00f3 como un rey radiante o un h\u00e9roe triunfante, sino como un peque\u00f1o e indefenso ni\u00f1o. No naci\u00f3 en un magn\u00edfico palacio real, sino en un pobre establo. No fue recibido con la alfombra roja ni fue aplaudido solemnemente, sino que fue empujado fuera, frente a la ciudad. Solo unos simples pastores y m\u00e1s tarde dos personas ancianas en el templo vieron en \u00e9l al Mes\u00edas prometido. Algunos extra\u00f1os, observadores de las estrellas de Oriente, tambi\u00e9n hablaron de \u00e9l como el Rey de los jud\u00edos reci\u00e9n nacido.<\/p>\n<p>Despu\u00e9s se dijo: \u00abOh, le conocemos, conocemos a su familia, es el carpintero.<\/p>\n<p>Jes\u00fas, en efecto, hizo muchos milagros de curaci\u00f3n, san\u00f3 a la gente de su sufrimiento. Pero en un sentido mucho m\u00e1s profundo, es el Rey, el Salvador, la Vida misma, el Todopoderoso, rico en misericordia, el Salvador que cura muchas enfermedades humanas, aquel a quien todas las naciones adorar\u00e1n.<\/p>\n<p>Relativamente pocas personas vieron m\u00e1s, vieron m\u00e1s profundamente, vieron algo en el hombre Jes\u00fas que es invisible a nuestros ojos. Con los ojos de la fe, reconocieron en Jes\u00fas al Salvador y Redentor prometido.<\/p>\n<p>\u00bfHabr\u00edamos reconocido entonces a Jes\u00fas por lo que realmente es?<\/p>\n<h3>Rescate del maremoto<\/h3>\n<p>Jes\u00fas vino a salvarnos a los seres humanos de un maremoto que nos roba m\u00e1s que los bienes terrenales o la vida terrenal.\u00a0En las Sagradas Escrituras, especialmente en el mensaje de Navidad, leemos del \u00abSalvador\u00bb, de la \u00absalvaci\u00f3n\u00bb, del \u00abDios con nosotros\u00bb.<\/p>\n<p>\u00abHoy, en la ciudad de David, os ha nacido un Salvador; es el Cristo, el Se\u00f1or\u00bb. (Lc 2,11) As\u00ed los pastores escuchan el mensaje de alegr\u00eda de los \u00e1ngeles.<\/p>\n<h3>Jes\u00fas &#8211; Nacido de la Virgen Mar\u00eda<\/h3>\n<p><img decoding=\"async\" class=\"aligncenter wp-image-22439 size-full\" src=\"https:\/\/schoenstatt.com\/wp-content\/uploads\/2021\/12\/Maria-con-angeles.png\" alt=\"Bel\u00e9n\" width=\"456\" height=\"313\" \/><\/p>\n<p>En Navidad celebramos el inicio de esta acci\u00f3n salvadora de Dios a trav\u00e9s de su Hijo unig\u00e9nito. Esta salvaci\u00f3n est\u00e1 estrechamente vinculada a la Virgen Mar\u00eda, la madre de Jes\u00fas.<\/p>\n<p>En el Credo Niceno, que madur\u00f3 en medio de las primeras discusiones de los primeros siglos cristianos, afirma: \u00abCreemos&#8230; en un solo Se\u00f1or Jesucristo &#8230;.. por nosotros, los hombres, y por nuestra salvaci\u00f3n baj\u00f3 del cielo, y por obra del Esp\u00edritu Santo se encarn\u00f3 de Mar\u00eda, la Virgen, y se hizo hombre\u00bb.<\/p>\n<p>Para las primeras comunidades cristianas era muy importante constatar que Dios realizaba su plan de salvaci\u00f3n a trav\u00e9s de Mar\u00eda. Si Jes\u00fas o la propia Mar\u00eda revelaron los secretos del nacimiento de Jes\u00fas a los ap\u00f3stoles y a los disc\u00edpulos, no se expresa directamente en las Sagradas Escrituras. Pero aparentemente se acord\u00f3 que Jes\u00fas, el Verbo eterno del Padre eterno, el Pur\u00edsimo, solo pod\u00eda nacer realmente en un \u00abpalacio real\u00bb, en una morada digna de \u00c9l, del vientre de una madre que nunca hab\u00eda sido tocada por el pecado.<\/p>\n<p>Los te\u00f3logos m\u00e1s tarde reflexionaron a menudo sobre este <a href=\"https:\/\/es.wikipedia.org\/wiki\/Virginidad_perpetua_de_Mar%C3%ADa\" target=\"_blank\" rel=\"noopener\">misterio de la maternidad virginal de Mar\u00eda<\/a> hasta que encontraron una justificaci\u00f3n satisfactoria en la formulaci\u00f3n: Mar\u00eda fue preservada de la culpa hereditaria en vista de la muerte redentora de su Hijo. En ning\u00fan momento de su vida fue tocada por el torrente del pecado. Ella es la pre-redimida, la plenamente redimida y la primera redimida de toda la creaci\u00f3n. La ola destructiva de la inundaci\u00f3n se ha detenido ante ella.<\/p>\n<p>Un incidente de la historia del pueblo israelita ilustra el significado de Mar\u00eda como nueva arca de Dios para nosotros. El pueblo de Israel, que llevaba una larga traves\u00eda por el desierto, quer\u00eda cruzar el Jord\u00e1n. Josu\u00e9 anim\u00f3 al pueblo con la siguiente palabra de Dios:<\/p>\n<p>\u00abHe aqu\u00ed que el arca de la alianza del Se\u00f1or de toda la tierra pasa ante vosotros por el Jord\u00e1n. Tan pronto como las plantas de los pies de los sacerdotes que llevan el arca del Se\u00f1or&#8230; se paren en las aguas del Jord\u00e1n, las aguas del Jord\u00e1n que bajan de arriba ser\u00e1n como cortadas y se parar\u00e1n all\u00ed como un muro\u00bb. (cf. Jos 3:11-17)<\/p>\n<p>Efectivamente, esto es lo que ocurri\u00f3. Fue el Arca de la Alianza, la presencia de Dios, la que hizo que el pueblo pasara a salvo a trav\u00e9s de las inundaciones.<\/p>\n<p>Los paralelos con Mar\u00eda se pueden reconocer f\u00e1cilmente. Mar\u00eda es el Arca de la Nueva Alianza porque llev\u00f3 a Jesucristo en su seno. Dios est\u00e1 presente en ella. Dondequiera que ella ponga su pie, el mal y los malvados deben ceder. Hasta el d\u00eda de hoy, su tarea es alejar de nosotros las olas del pecado y conducirnos con seguridad a la tierra prometida, al Reino de Dios.<\/p>\n<p>Uno puede preguntarse: \u00bfhasta qu\u00e9 punto conocemos realmente a \u00abMar\u00eda original\u00bb? \u00bfLa imagen ideal de nuestra humanidad hecha por Dios necesita realmente una actualizaci\u00f3n hecha por el hombre, una nueva versi\u00f3n 2.0, como a menudo se exige?<\/p>\n<p>\u00bfNo es m\u00e1s bien que todos los que pertenecen a Cristo necesitan a \u00abMar\u00eda original\u00bb para caminar juntos por un buen camino de renovaci\u00f3n hacia el futuro?<\/p>\n<p>Recientemente un se\u00f1or nos escribi\u00f3 c\u00f3mo experimenta la cercan\u00eda sanadora de Mar\u00eda en tiempos de crisis y c\u00f3mo el encuentro con ella hace crecer su alegr\u00eda en la Oraci\u00f3n de Jes\u00fas, que practica desde hace 18 a\u00f1os:<\/p>\n<p>\u00abEstoy muy feliz de haber encontrado un trozo de hogar en <a href=\"https:\/\/schoenstatt.com\/es\/acerca-de-nosotros\/\">Schoenstatt<\/a>, incluso en los malos tiempos que vivimos. Mi mujer y yo tenemos una gran habitaci\u00f3n con plantas. Ella lo llama \u00abOasis silencioso\u00bb. En el centro hemos colocado una gran imagen de la Madre Tres Veces Admirable de Schoenstatt. Cuando ya no puedo hacerlo, o cuando mi enfermedad se vuelve demasiado fuerte, me siento frente a este cuadro y dejo que act\u00fae en m\u00ed en silencio. Despu\u00e9s siempre me siento bien y puedo volver a realizar mis actividades diarias. La Virgen nos cuida y creo que tambi\u00e9n nos gu\u00eda por la vida\u201c. Por \u00faltimo, expresa: \u00abDespu\u00e9s, siempre me alegro de volver a rezar a Jes\u00fas\u201c.<\/p>\n<h3>Contemplaci\u00f3n de la Imagen<\/h3>\n<p><img loading=\"lazy\" decoding=\"async\" class=\"alignleft wp-image-22435 size-full\" title=\"Jesus - Geboren\" src=\"https:\/\/schoenstatt.com\/wp-content\/uploads\/2021\/12\/Bildbetrachtung-1.png\" alt=\"Mar\u00eda y el Ni\u00f1o Jes\u00fas\" width=\"281\" height=\"388\" \/><\/p>\n<p>El cuadro de la portada de nuestra carta, pintado por una hermana, la Hna. M. Roswina Hermes, puede inspirarnos esa y otras muchas reflexiones. He aqu\u00ed algunos impulsos para seguir reflexionando:<\/p>\n<p>El centro de la imagen es Jes\u00fas, de ni\u00f1o.<\/p>\n<p>Mar\u00eda, su madre, se proyecta desde el exterior, desde el borde del cuadro, hacia este centro. Al igual que su hijo, brilla con una luz casi deslumbrante. Jes\u00fas yace sobre los brazos extendidos de Mar\u00eda. Estos brazos reciben y transmiten al mismo tiempo.<\/p>\n<p>El manto oscuro y rojo-viol\u00e1ceo de Mar\u00eda, aunque grande y poderoso, es empujado hacia atr\u00e1s por esta luz.<\/p>\n<p>Ambos est\u00e1n rodeados por una corona de llamas de color rojo brillante. Espont\u00e1neamente me viene a la mente la historia de la zarza ardiente. Mois\u00e9s escuch\u00f3 el nombre de Dios desde la zarza espinosa: Yo soy el Yo-estoy-aqu\u00ed. En el misterio de Navidad, este nombre de Dios se realiza a trav\u00e9s de Mar\u00eda, la Virgen.<\/p>\n<p>Tanto Jes\u00fas como Mar\u00eda son desproporcionadamente grandes en relaci\u00f3n con la multitud de personas que se agolpan alrededor de una peque\u00f1a iglesia, representada aqu\u00ed como una capilla de Schoenstatt.<\/p>\n<p>La imagen nos adentra en el misterio hist\u00f3rico de la Navidad, en un misterio divino.<\/p>\n<p>Los \u00e1ngeles tambi\u00e9n son testigos de ello. En la imagen de arriba a la izquierda, aparece uno con cara y alas.<\/p>\n<p>Al mismo tiempo, la pintura retrata el acontecimiento de la Nochebuena como un milagro siempre nuevo del nacimiento de Cristo hoy en d\u00eda, es decir, en los corazones de los que esperan y piden con las manos y las cabezas levantadas que reciban a Jes\u00fas.<\/p>\n<p style=\"text-align: center;\">Dios.<br \/>\nNavidad.<\/p>\n<p style=\"text-align: center;\">Dios nace en Bel\u00e9n.<\/p>\n<p style=\"text-align: center;\">Donde est\u00e1 Mar\u00eda, est\u00e1 Dios,<\/p>\n<p style=\"text-align: center;\">Donde est\u00e1 Mar\u00eda, estamos con Jes\u00fas.<\/p>\n<p style=\"text-align: center;\">Donde est\u00e1 Mar\u00eda, se vuelve brillante y puro.<\/p>\n<p style=\"text-align: center;\">Donde est\u00e1 Mar\u00eda, fluye la corriente de la gracia.<\/p>\n<p style=\"text-align: center;\">Donde est\u00e1 Mar\u00eda, se produce el encuentro con Dios.<\/p>\n<p style=\"text-align: center;\">Hoy es Navidad.<\/p>\n<p style=\"text-align: center;\">La Navidad en el coraz\u00f3n.<\/p>\n<p style=\"text-align: center;\">La Navidad en m\u00ed.<\/p>\n","protected":false},"excerpt":{"rendered":"<p>Jes\u00fas, por obra del Esp\u00edritu Santo se encarn\u00f3 de Mar\u00eda, la Virgen, y se hizo hombre.<\/p>\n","protected":false},"author":1,"featured_media":22469,"comment_status":"closed","ping_status":"closed","sticky":false,"template":"","format":"standard","meta":{"footnotes":""},"categories":[917],"tags":[940,972],"class_list":["post-22475","post","type-post","status-publish","format-standard","has-post-thumbnail","hentry","category-espiritualidad-es","tag-adviento-es","tag-navidad-es"],"yoast_head":"<!-- This site is optimized with the Yoast SEO Premium plugin v27.4 (Yoast SEO v27.4) - https:\/\/yoast.com\/product\/yoast-seo-premium-wordpress\/ -->\n<title>Jes\u00fas - Nacido de la Virgen Mar\u00eda - Schoenstatt<\/title>\n<meta name=\"description\" content=\"Nochebuena: Jes\u00fas nacido de la Virgen Mar\u00eda en los corazones que esperan y piden con las manos y las cabezas levantadas que reciban a Jes\u00fas.\" \/>\n<meta name=\"robots\" content=\"index, follow, max-snippet:-1, max-image-preview:large, max-video-preview:-1\" \/>\n<link rel=\"canonical\" href=\"https:\/\/schoenstatt.com\/es\/jesus-nacido-de-la-virgen-maria\/\" \/>\n<meta property=\"og:locale\" content=\"es_ES\" \/>\n<meta property=\"og:type\" content=\"article\" \/>\n<meta property=\"og:title\" content=\"Jes\u00fas - Nacido de la Virgen Mar\u00eda\" \/>\n<meta property=\"og:description\" content=\"Nochebuena: Jes\u00fas nacido de la Virgen Mar\u00eda en los corazones que esperan y piden con las manos y las cabezas levantadas que reciban a Jes\u00fas.\" \/>\n<meta property=\"og:url\" content=\"https:\/\/schoenstatt.com\/es\/jesus-nacido-de-la-virgen-maria\/\" \/>\n<meta property=\"og:site_name\" content=\"Schoenstatt\" \/>\n<meta property=\"article:published_time\" content=\"2021-12-24T15:30:22+00:00\" \/>\n<meta property=\"article:modified_time\" content=\"2025-08-16T02:00:54+00:00\" \/>\n<meta property=\"og:image\" content=\"https:\/\/schoenstatt.com\/wp-content\/uploads\/2021\/12\/Anbetungskirche-2-1.png\" \/>\n\t<meta property=\"og:image:width\" content=\"582\" \/>\n\t<meta property=\"og:image:height\" content=\"437\" \/>\n\t<meta property=\"og:image:type\" content=\"image\/png\" \/>\n<meta name=\"author\" content=\"admin\" \/>\n<meta name=\"twitter:card\" content=\"summary_large_image\" \/>\n<meta name=\"twitter:label1\" content=\"Escrito por\" \/>\n\t<meta name=\"twitter:data1\" content=\"admin\" \/>\n\t<meta name=\"twitter:label2\" content=\"Tiempo de lectura\" \/>\n\t<meta name=\"twitter:data2\" content=\"9 minutos\" \/>\n<script type=\"application\/ld+json\" class=\"yoast-schema-graph\">{\"@context\":\"https:\\\/\\\/schema.org\",\"@graph\":[{\"@type\":\"Article\",\"@id\":\"https:\\\/\\\/schoenstatt.com\\\/es\\\/jesus-nacido-de-la-virgen-maria\\\/#article\",\"isPartOf\":{\"@id\":\"https:\\\/\\\/schoenstatt.com\\\/es\\\/jesus-nacido-de-la-virgen-maria\\\/\"},\"author\":{\"name\":\"admin\",\"@id\":\"https:\\\/\\\/schoenstatt.com\\\/es\\\/#\\\/schema\\\/person\\\/489465b1850e7b216fe2c10dfc262551\"},\"headline\":\"Jes\u00fas &#8211; Nacido de la Virgen Mar\u00eda\",\"datePublished\":\"2021-12-24T15:30:22+00:00\",\"dateModified\":\"2025-08-16T02:00:54+00:00\",\"mainEntityOfPage\":{\"@id\":\"https:\\\/\\\/schoenstatt.com\\\/es\\\/jesus-nacido-de-la-virgen-maria\\\/\"},\"wordCount\":1723,\"publisher\":{\"@id\":\"https:\\\/\\\/schoenstatt.com\\\/es\\\/#organization\"},\"image\":{\"@id\":\"https:\\\/\\\/schoenstatt.com\\\/es\\\/jesus-nacido-de-la-virgen-maria\\\/#primaryimage\"},\"thumbnailUrl\":\"https:\\\/\\\/schoenstatt.com\\\/wp-content\\\/uploads\\\/2021\\\/12\\\/Anbetungskirche-2-1.png\",\"keywords\":[\"Adviento\",\"Navidad\"],\"articleSection\":[\"Espiritualidad\"],\"inLanguage\":\"es\"},{\"@type\":\"WebPage\",\"@id\":\"https:\\\/\\\/schoenstatt.com\\\/es\\\/jesus-nacido-de-la-virgen-maria\\\/\",\"url\":\"https:\\\/\\\/schoenstatt.com\\\/es\\\/jesus-nacido-de-la-virgen-maria\\\/\",\"name\":\"Jes\u00fas - Nacido de la Virgen Mar\u00eda - Schoenstatt\",\"isPartOf\":{\"@id\":\"https:\\\/\\\/schoenstatt.com\\\/es\\\/#website\"},\"primaryImageOfPage\":{\"@id\":\"https:\\\/\\\/schoenstatt.com\\\/es\\\/jesus-nacido-de-la-virgen-maria\\\/#primaryimage\"},\"image\":{\"@id\":\"https:\\\/\\\/schoenstatt.com\\\/es\\\/jesus-nacido-de-la-virgen-maria\\\/#primaryimage\"},\"thumbnailUrl\":\"https:\\\/\\\/schoenstatt.com\\\/wp-content\\\/uploads\\\/2021\\\/12\\\/Anbetungskirche-2-1.png\",\"datePublished\":\"2021-12-24T15:30:22+00:00\",\"dateModified\":\"2025-08-16T02:00:54+00:00\",\"description\":\"Nochebuena: Jes\u00fas nacido de la Virgen Mar\u00eda en los corazones que esperan y piden con las manos y las cabezas levantadas que reciban a Jes\u00fas.\",\"breadcrumb\":{\"@id\":\"https:\\\/\\\/schoenstatt.com\\\/es\\\/jesus-nacido-de-la-virgen-maria\\\/#breadcrumb\"},\"inLanguage\":\"es\",\"potentialAction\":[{\"@type\":\"ReadAction\",\"target\":[\"https:\\\/\\\/schoenstatt.com\\\/es\\\/jesus-nacido-de-la-virgen-maria\\\/\"]}]},{\"@type\":\"ImageObject\",\"inLanguage\":\"es\",\"@id\":\"https:\\\/\\\/schoenstatt.com\\\/es\\\/jesus-nacido-de-la-virgen-maria\\\/#primaryimage\",\"url\":\"https:\\\/\\\/schoenstatt.com\\\/wp-content\\\/uploads\\\/2021\\\/12\\\/Anbetungskirche-2-1.png\",\"contentUrl\":\"https:\\\/\\\/schoenstatt.com\\\/wp-content\\\/uploads\\\/2021\\\/12\\\/Anbetungskirche-2-1.png\",\"width\":582,\"height\":437,\"caption\":\"Jesus - Nascido\"},{\"@type\":\"BreadcrumbList\",\"@id\":\"https:\\\/\\\/schoenstatt.com\\\/es\\\/jesus-nacido-de-la-virgen-maria\\\/#breadcrumb\",\"itemListElement\":[{\"@type\":\"ListItem\",\"position\":1,\"name\":\"Portada\",\"item\":\"https:\\\/\\\/schoenstatt.com\\\/es\\\/home\\\/\"},{\"@type\":\"ListItem\",\"position\":2,\"name\":\"Jes\u00fas &#8211; Nacido de la Virgen Mar\u00eda\"}]},{\"@type\":\"WebSite\",\"@id\":\"https:\\\/\\\/schoenstatt.com\\\/es\\\/#website\",\"url\":\"https:\\\/\\\/schoenstatt.com\\\/es\\\/\",\"name\":\"Schoenstatt\",\"description\":\"Apostolic Movement\",\"publisher\":{\"@id\":\"https:\\\/\\\/schoenstatt.com\\\/es\\\/#organization\"},\"potentialAction\":[{\"@type\":\"SearchAction\",\"target\":{\"@type\":\"EntryPoint\",\"urlTemplate\":\"https:\\\/\\\/schoenstatt.com\\\/es\\\/?s={search_term_string}\"},\"query-input\":{\"@type\":\"PropertyValueSpecification\",\"valueRequired\":true,\"valueName\":\"search_term_string\"}}],\"inLanguage\":\"es\"},{\"@type\":\"Organization\",\"@id\":\"https:\\\/\\\/schoenstatt.com\\\/es\\\/#organization\",\"name\":\"Schoenstatt\",\"url\":\"https:\\\/\\\/schoenstatt.com\\\/es\\\/\",\"logo\":{\"@type\":\"ImageObject\",\"inLanguage\":\"es\",\"@id\":\"https:\\\/\\\/schoenstatt.com\\\/es\\\/#\\\/schema\\\/logo\\\/image\\\/\",\"url\":\"https:\\\/\\\/schoenstatt.com\\\/wp-content\\\/uploads\\\/2025\\\/04\\\/logo-schoenstatt-white-696x696-1.png\",\"contentUrl\":\"https:\\\/\\\/schoenstatt.com\\\/wp-content\\\/uploads\\\/2025\\\/04\\\/logo-schoenstatt-white-696x696-1.png\",\"width\":696,\"height\":694,\"caption\":\"Schoenstatt\"},\"image\":{\"@id\":\"https:\\\/\\\/schoenstatt.com\\\/es\\\/#\\\/schema\\\/logo\\\/image\\\/\"}},{\"@type\":\"Person\",\"@id\":\"https:\\\/\\\/schoenstatt.com\\\/es\\\/#\\\/schema\\\/person\\\/489465b1850e7b216fe2c10dfc262551\",\"name\":\"admin\",\"image\":{\"@type\":\"ImageObject\",\"inLanguage\":\"es\",\"@id\":\"https:\\\/\\\/secure.gravatar.com\\\/avatar\\\/02e8345e1ec40ab0e0a2a98fdde64a684bbaf994cddcb778b25b8b024ee9dfe6?s=96&d=mm&r=g\",\"url\":\"https:\\\/\\\/secure.gravatar.com\\\/avatar\\\/02e8345e1ec40ab0e0a2a98fdde64a684bbaf994cddcb778b25b8b024ee9dfe6?s=96&d=mm&r=g\",\"contentUrl\":\"https:\\\/\\\/secure.gravatar.com\\\/avatar\\\/02e8345e1ec40ab0e0a2a98fdde64a684bbaf994cddcb778b25b8b024ee9dfe6?s=96&d=mm&r=g\",\"caption\":\"admin\"},\"sameAs\":[\"https:\\\/\\\/schoenstatt.com\"],\"url\":\"https:\\\/\\\/schoenstatt.com\\\/es\\\/author\\\/admin\\\/\"}]}<\/script>\n<!-- \/ Yoast SEO Premium plugin. -->","yoast_head_json":{"title":"Jes\u00fas - Nacido de la Virgen Mar\u00eda - Schoenstatt","description":"Nochebuena: Jes\u00fas nacido de la Virgen Mar\u00eda en los corazones que esperan y piden con las manos y las cabezas levantadas que reciban a Jes\u00fas.","robots":{"index":"index","follow":"follow","max-snippet":"max-snippet:-1","max-image-preview":"max-image-preview:large","max-video-preview":"max-video-preview:-1"},"canonical":"https:\/\/schoenstatt.com\/es\/jesus-nacido-de-la-virgen-maria\/","og_locale":"es_ES","og_type":"article","og_title":"Jes\u00fas - Nacido de la Virgen Mar\u00eda","og_description":"Nochebuena: Jes\u00fas nacido de la Virgen Mar\u00eda en los corazones que esperan y piden con las manos y las cabezas levantadas que reciban a Jes\u00fas.","og_url":"https:\/\/schoenstatt.com\/es\/jesus-nacido-de-la-virgen-maria\/","og_site_name":"Schoenstatt","article_published_time":"2021-12-24T15:30:22+00:00","article_modified_time":"2025-08-16T02:00:54+00:00","og_image":[{"width":582,"height":437,"url":"https:\/\/schoenstatt.com\/wp-content\/uploads\/2021\/12\/Anbetungskirche-2-1.png","type":"image\/png"}],"author":"admin","twitter_card":"summary_large_image","twitter_misc":{"Escrito por":"admin","Tiempo de lectura":"9 minutos"},"schema":{"@context":"https:\/\/schema.org","@graph":[{"@type":"Article","@id":"https:\/\/schoenstatt.com\/es\/jesus-nacido-de-la-virgen-maria\/#article","isPartOf":{"@id":"https:\/\/schoenstatt.com\/es\/jesus-nacido-de-la-virgen-maria\/"},"author":{"name":"admin","@id":"https:\/\/schoenstatt.com\/es\/#\/schema\/person\/489465b1850e7b216fe2c10dfc262551"},"headline":"Jes\u00fas &#8211; Nacido de la Virgen Mar\u00eda","datePublished":"2021-12-24T15:30:22+00:00","dateModified":"2025-08-16T02:00:54+00:00","mainEntityOfPage":{"@id":"https:\/\/schoenstatt.com\/es\/jesus-nacido-de-la-virgen-maria\/"},"wordCount":1723,"publisher":{"@id":"https:\/\/schoenstatt.com\/es\/#organization"},"image":{"@id":"https:\/\/schoenstatt.com\/es\/jesus-nacido-de-la-virgen-maria\/#primaryimage"},"thumbnailUrl":"https:\/\/schoenstatt.com\/wp-content\/uploads\/2021\/12\/Anbetungskirche-2-1.png","keywords":["Adviento","Navidad"],"articleSection":["Espiritualidad"],"inLanguage":"es"},{"@type":"WebPage","@id":"https:\/\/schoenstatt.com\/es\/jesus-nacido-de-la-virgen-maria\/","url":"https:\/\/schoenstatt.com\/es\/jesus-nacido-de-la-virgen-maria\/","name":"Jes\u00fas - Nacido de la Virgen Mar\u00eda - Schoenstatt","isPartOf":{"@id":"https:\/\/schoenstatt.com\/es\/#website"},"primaryImageOfPage":{"@id":"https:\/\/schoenstatt.com\/es\/jesus-nacido-de-la-virgen-maria\/#primaryimage"},"image":{"@id":"https:\/\/schoenstatt.com\/es\/jesus-nacido-de-la-virgen-maria\/#primaryimage"},"thumbnailUrl":"https:\/\/schoenstatt.com\/wp-content\/uploads\/2021\/12\/Anbetungskirche-2-1.png","datePublished":"2021-12-24T15:30:22+00:00","dateModified":"2025-08-16T02:00:54+00:00","description":"Nochebuena: Jes\u00fas nacido de la Virgen Mar\u00eda en los corazones que esperan y piden con las manos y las cabezas levantadas que reciban a Jes\u00fas.","breadcrumb":{"@id":"https:\/\/schoenstatt.com\/es\/jesus-nacido-de-la-virgen-maria\/#breadcrumb"},"inLanguage":"es","potentialAction":[{"@type":"ReadAction","target":["https:\/\/schoenstatt.com\/es\/jesus-nacido-de-la-virgen-maria\/"]}]},{"@type":"ImageObject","inLanguage":"es","@id":"https:\/\/schoenstatt.com\/es\/jesus-nacido-de-la-virgen-maria\/#primaryimage","url":"https:\/\/schoenstatt.com\/wp-content\/uploads\/2021\/12\/Anbetungskirche-2-1.png","contentUrl":"https:\/\/schoenstatt.com\/wp-content\/uploads\/2021\/12\/Anbetungskirche-2-1.png","width":582,"height":437,"caption":"Jesus - Nascido"},{"@type":"BreadcrumbList","@id":"https:\/\/schoenstatt.com\/es\/jesus-nacido-de-la-virgen-maria\/#breadcrumb","itemListElement":[{"@type":"ListItem","position":1,"name":"Portada","item":"https:\/\/schoenstatt.com\/es\/home\/"},{"@type":"ListItem","position":2,"name":"Jes\u00fas &#8211; Nacido de la Virgen Mar\u00eda"}]},{"@type":"WebSite","@id":"https:\/\/schoenstatt.com\/es\/#website","url":"https:\/\/schoenstatt.com\/es\/","name":"Schoenstatt","description":"Apostolic Movement","publisher":{"@id":"https:\/\/schoenstatt.com\/es\/#organization"},"potentialAction":[{"@type":"SearchAction","target":{"@type":"EntryPoint","urlTemplate":"https:\/\/schoenstatt.com\/es\/?s={search_term_string}"},"query-input":{"@type":"PropertyValueSpecification","valueRequired":true,"valueName":"search_term_string"}}],"inLanguage":"es"},{"@type":"Organization","@id":"https:\/\/schoenstatt.com\/es\/#organization","name":"Schoenstatt","url":"https:\/\/schoenstatt.com\/es\/","logo":{"@type":"ImageObject","inLanguage":"es","@id":"https:\/\/schoenstatt.com\/es\/#\/schema\/logo\/image\/","url":"https:\/\/schoenstatt.com\/wp-content\/uploads\/2025\/04\/logo-schoenstatt-white-696x696-1.png","contentUrl":"https:\/\/schoenstatt.com\/wp-content\/uploads\/2025\/04\/logo-schoenstatt-white-696x696-1.png","width":696,"height":694,"caption":"Schoenstatt"},"image":{"@id":"https:\/\/schoenstatt.com\/es\/#\/schema\/logo\/image\/"}},{"@type":"Person","@id":"https:\/\/schoenstatt.com\/es\/#\/schema\/person\/489465b1850e7b216fe2c10dfc262551","name":"admin","image":{"@type":"ImageObject","inLanguage":"es","@id":"https:\/\/secure.gravatar.com\/avatar\/02e8345e1ec40ab0e0a2a98fdde64a684bbaf994cddcb778b25b8b024ee9dfe6?s=96&d=mm&r=g","url":"https:\/\/secure.gravatar.com\/avatar\/02e8345e1ec40ab0e0a2a98fdde64a684bbaf994cddcb778b25b8b024ee9dfe6?s=96&d=mm&r=g","contentUrl":"https:\/\/secure.gravatar.com\/avatar\/02e8345e1ec40ab0e0a2a98fdde64a684bbaf994cddcb778b25b8b024ee9dfe6?s=96&d=mm&r=g","caption":"admin"},"sameAs":["https:\/\/schoenstatt.com"],"url":"https:\/\/schoenstatt.com\/es\/author\/admin\/"}]}},"_links":{"self":[{"href":"https:\/\/schoenstatt.com\/es\/wp-json\/wp\/v2\/posts\/22475","targetHints":{"allow":["GET"]}}],"collection":[{"href":"https:\/\/schoenstatt.com\/es\/wp-json\/wp\/v2\/posts"}],"about":[{"href":"https:\/\/schoenstatt.com\/es\/wp-json\/wp\/v2\/types\/post"}],"author":[{"embeddable":true,"href":"https:\/\/schoenstatt.com\/es\/wp-json\/wp\/v2\/users\/1"}],"replies":[{"embeddable":true,"href":"https:\/\/schoenstatt.com\/es\/wp-json\/wp\/v2\/comments?post=22475"}],"version-history":[{"count":2,"href":"https:\/\/schoenstatt.com\/es\/wp-json\/wp\/v2\/posts\/22475\/revisions"}],"predecessor-version":[{"id":62088,"href":"https:\/\/schoenstatt.com\/es\/wp-json\/wp\/v2\/posts\/22475\/revisions\/62088"}],"wp:featuredmedia":[{"embeddable":true,"href":"https:\/\/schoenstatt.com\/es\/wp-json\/wp\/v2\/media\/22469"}],"wp:attachment":[{"href":"https:\/\/schoenstatt.com\/es\/wp-json\/wp\/v2\/media?parent=22475"}],"wp:term":[{"taxonomy":"category","embeddable":true,"href":"https:\/\/schoenstatt.com\/es\/wp-json\/wp\/v2\/categories?post=22475"},{"taxonomy":"post_tag","embeddable":true,"href":"https:\/\/schoenstatt.com\/es\/wp-json\/wp\/v2\/tags?post=22475"}],"curies":[{"name":"wp","href":"https:\/\/api.w.org\/{rel}","templated":true}]}}