{"id":22331,"date":"2021-06-30T18:19:02","date_gmt":"2021-06-30T16:19:02","guid":{"rendered":"https:\/\/schoenstatt.com\/?p=22331"},"modified":"2025-08-21T04:10:12","modified_gmt":"2025-08-21T02:10:12","slug":"nathalie-becquart-pionera-y-la-mujer-en-la-iglesia","status":"publish","type":"post","link":"https:\/\/schoenstatt.com\/es\/nathalie-becquart-pionera-y-la-mujer-en-la-iglesia\/","title":{"rendered":"Nathalie Becquart pionera, y la mujer en la Iglesia"},"content":{"rendered":"<p style=\"text-align: left;\">La primera mujer en la historia de la Iglesia nombrada subsecretaria del S\u00ednodo de los Obispos con derecho a voto, la hermana Nathalie Becquart, particip\u00f3 de una conferencia mundial online, el pasado viernes 18 de junio.<\/p>\n<h3><strong>Mujeres en la Iglesia: Camino al s\u00ednodo<\/strong><\/h3>\n<p>La primera mujer en la historia de la Iglesia nombrada subsecretaria del S\u00ednodo de los Obispos con derecho a voto, la hermana Nathalie Becquart, particip\u00f3 de una conferencia mundial online, el pasado viernes 18 de junio.<\/p>\n<p>El evento mundial se titul\u00f3: \u00abLa mujer en la Iglesia: el desaf\u00edo de la sinodalidad\u00bb, y fue organizado por la Academia Latinoamericana de L\u00edderes Cat\u00f3licos y la Uni\u00f3n Mundial de Organizaciones Femeninas Cat\u00f3licas. Cont\u00f3 adem\u00e1s con la presencia de Monse\u00f1or Jorge Eduardo Lozano, secretario general del Consejo Episcopal Latinoamericano (CELAM); Sophie Gladima, ministra de Energ\u00eda de Senegal y \u00fanica cat\u00f3lica en el gobierno musulm\u00e1n de su pa\u00eds y Cristiane Murray, subdirectora de la Oficina de Prensa de la Santa Sede.<\/p>\n<h3><strong>Mujeres en la Iglesia: la sinodalidad, es el camino\u00a0<\/strong><\/h3>\n<p>La hermana Nathalie Becquart, resalt\u00f3 como un fruto del Esp\u00edritu Santo el camino ya empezado de la sinodalidad, y las recientes medidas de apertura que el Papa Francisco\u00a0 ha dado con la posibilidad hoy de tener mujeres en ministerios instituidos como lo son el acolitado, lectorado, y catequista.<\/p>\n<p>A prop\u00f3sito de este punto Monse\u00f1or Lozano resalt\u00f3 que \u201cLa Iglesia tiene impreso rostro de Mujer: nuestras Asambleas, los grupos parroquiales, las celebraciones lit\u00fargicas, los ministerios pastorales de nuestras comunidades, la calidad de la reflexi\u00f3n y la calidez de la entrega a los pobres y abandonados, se teje principalmente en las entra\u00f1as femeninas, cuyo seno es espacio de cobijo y amparo.\u201d<\/p>\n<h3><img fetchpriority=\"high\" decoding=\"async\" class=\"aligncenter wp-image-22363 size-large\" src=\"https:\/\/schoenstatt.com\/wp-content\/uploads\/2021\/12\/cathopic_1514750433615648-1024x623.jpg\" alt=\"\" width=\"840\" height=\"511\" \/><\/h3>\n<h3><strong>La vocaci\u00f3n: ser mujer, ser Iglesia \u00a0 \u00a0 \u00a0\u00a0<\/strong><\/h3>\n<p>La hermana Nathalie trabaj\u00f3 durante 10 a\u00f1os en el Servicio Nacional para la Evangelizaci\u00f3n de los J\u00f3venes y las Vocaciones (SNEJV) dentro de la Conferencia Episcopal de Francia y se refiri\u00f3 a la cuesti\u00f3n de las mujeres en la Iglesia diciendo que \u201cse trata de ayudar en particular a las mujeres a discernir, descubrir y o\u00edr su vocaci\u00f3n singular, porque Dios llama a cada una de manera \u00fanica. Encontrar la propia vocaci\u00f3n es encontrar el propio lugar en la iglesia, en la sociedad.\u201d<\/p>\n<p>Adem\u00e1s resalt\u00f3 al respecto que: \u201cNuestra vocaci\u00f3n es el lugar donde recibimos el mayor gozo,\u00a0 y al mismo tiempo aquel que nos hace responder a las necesidades mas cruciales de las mujeres y los hombres del mundo del mundo.\u201d<\/p>\n<h3><img decoding=\"async\" class=\"wp-image-22367 size-large aligncenter\" src=\"https:\/\/schoenstatt.com\/wp-content\/uploads\/2021\/12\/yandry_kw-1574434635770-cathopic-1024x683.jpg\" alt=\"\" width=\"840\" height=\"560\" \/><\/h3>\n<h3><strong>Desaf\u00edo de la Iglesia<\/strong><\/h3>\n<p>Uno de los grandes retos no solo de la Iglesia sino tambi\u00e9n en las empresas y\u00a0 organizaciones a trav\u00e9s de esta misi\u00f3n sinodal, es que estamos invitados a ejercer de una manera nueva la responsabilidad bajo la forma del servicio y entrar en una visi\u00f3n de gobierno compartido, puntualiz\u00f3 sor Nathalie. Se trata de ejercer la autoridad de manera que est\u00e9 al servicio de la libertad de las personas a las que servimos, a\u00f1adi\u00f3 con \u00e9nfasis. Esto nos pondr\u00e1 a trabajar en equipo hombres y mujeres unidos y a la vez en interconexi\u00f3n con la comunidad. \u201cNo existo sin aquellos a los que sirvo y por lo tanto les debo a ellos mi Vida y esto nos hace entrar en una visi\u00f3n de reciprocidad.\u201d expres\u00f3 sor Nathalie.<\/p>\n<p><img decoding=\"async\" class=\"aligncenter wp-image-22371 size-large\" src=\"https:\/\/schoenstatt.com\/wp-content\/uploads\/2021\/12\/cathopic_1488172801198943-1024x683.jpg\" alt=\"Nathalie Becquart\" width=\"840\" height=\"560\" \/><\/p>\n<p>Al respecto Cristiane Murray,\u00a0 vicedirectora de la Oficina de Prensa de la Santa Sede, dijo: \u201cSiento que mi\u00a0 ser mujer, en mi funci\u00f3n, tiene de peculiar y diferente (&#8230;) me gusta pensar que las mujeres en puestos de liderazgo no queremos autoridad sino credibilidad. Personalmente establezco una relaci\u00f3n de apertura y escucha cont\u00ednua con todos los colegas, creo un ambiente de trabajo, sinodal.\u201d<\/p>\n<p>Por \u00faltimo, la hermana Nathalie agreg\u00f3, que de este modo se avanza en el camino sinodal, \u201ctodos y todas juntas en esta iglesia sinodal, m\u00e1s la iglesia ser\u00e1 sinodal, m\u00e1s la mujeres podr\u00e1n seguir desplegando su carisma, su vocaci\u00f3n, al servicio de todos. Porque un carisma siempre es para ponerlo al servicio de la comunidad.\u201d<\/p>\n<h3>Esperanza Sinodal<\/h3>\n<p>Por \u00faltimo invit\u00f3 esperanzada que todos podamos participar, involucrarnos y caminar juntos donde quiera que estemos, entrar en el camino sinodal y llevar principalmente la voz de las mujeres, al pr\u00f3ximo S\u00ednodo de los Obispos titulado \u00abPor una Iglesia sinodal: comuni\u00f3n, participaci\u00f3n y misi\u00f3n\u00bb, que\u00a0 tendr\u00e1 una primera etapa local y diocesana, en octubre de este a\u00f1o, y al que estamos todos invitados.<\/p>\n<p>\u201cEl camino de la sinodalidad es el camino que Dios espera de la Iglesia del tercer milenio. Iglesia y s\u00ednodo son sin\u00f3nimos porque la Iglesia no es otra cosa que caminar juntos.\u201d (Francisco)<\/p>\n<p><a href=\"https:\/\/www.vaticannews.va\/es.html\">https:\/\/www.vaticannews.va\/es.html<\/a><\/p>\n","protected":false},"excerpt":{"rendered":"<p>Se abren nuevos caminos de participaci\u00f3n de la mujer en una Iglesia que se va transformando en sinodal<\/p>\n","protected":false},"author":1,"featured_media":22356,"comment_status":"closed","ping_status":"closed","sticky":false,"template":"","format":"standard","meta":{"footnotes":""},"categories":[683,921],"tags":[1257,1108],"class_list":["post-22331","post","type-post","status-publish","format-standard","has-post-thumbnail","hentry","category-iglesia-es","category-mujer-es","tag-mujeres-es","tag-roma-es"],"yoast_head":"<!-- This site is optimized with the Yoast SEO Premium plugin v27.4 (Yoast SEO v27.5) - https:\/\/yoast.com\/product\/yoast-seo-premium-wordpress\/ -->\n<title>Nathalie Becquart pionera, y la mujer en la Iglesia - Schoenstatt<\/title>\n<meta name=\"description\" content=\"Hermana Nathalie Becquart, primera mujer en la historia de la Iglesia nombrada subsecretaria del S\u00ednodo de los Obispos con derecho a voto.\" \/>\n<meta name=\"robots\" content=\"index, follow, max-snippet:-1, max-image-preview:large, max-video-preview:-1\" \/>\n<link rel=\"canonical\" href=\"https:\/\/schoenstatt.com\/es\/nathalie-becquart-pionera-y-la-mujer-en-la-iglesia\/\" \/>\n<meta property=\"og:locale\" content=\"es_ES\" \/>\n<meta property=\"og:type\" content=\"article\" \/>\n<meta property=\"og:title\" content=\"Nathalie Becquart pionera, y la mujer en la Iglesia\" \/>\n<meta property=\"og:description\" content=\"Hermana Nathalie Becquart, primera mujer en la historia de la Iglesia nombrada subsecretaria del S\u00ednodo de los Obispos con derecho a voto.\" \/>\n<meta property=\"og:url\" content=\"https:\/\/schoenstatt.com\/es\/nathalie-becquart-pionera-y-la-mujer-en-la-iglesia\/\" \/>\n<meta property=\"og:site_name\" content=\"Schoenstatt\" \/>\n<meta property=\"article:published_time\" content=\"2021-06-30T16:19:02+00:00\" \/>\n<meta property=\"article:modified_time\" content=\"2025-08-21T02:10:12+00:00\" \/>\n<meta property=\"og:image\" content=\"https:\/\/schoenstatt.com\/wp-content\/uploads\/2021\/12\/36e682a0-dce3-4161-9eb6-7ea1642b096a-1-1.png\" \/>\n\t<meta property=\"og:image:width\" content=\"904\" \/>\n\t<meta property=\"og:image:height\" content=\"346\" \/>\n\t<meta property=\"og:image:type\" content=\"image\/png\" \/>\n<meta name=\"author\" content=\"admin\" \/>\n<meta name=\"twitter:card\" content=\"summary_large_image\" \/>\n<meta name=\"twitter:label1\" content=\"Escrito por\" \/>\n\t<meta name=\"twitter:data1\" content=\"admin\" \/>\n\t<meta name=\"twitter:label2\" content=\"Tiempo de lectura\" \/>\n\t<meta name=\"twitter:data2\" content=\"5 minutos\" \/>\n<script type=\"application\/ld+json\" class=\"yoast-schema-graph\">{\"@context\":\"https:\\\/\\\/schema.org\",\"@graph\":[{\"@type\":\"Article\",\"@id\":\"https:\\\/\\\/schoenstatt.com\\\/es\\\/nathalie-becquart-pionera-y-la-mujer-en-la-iglesia\\\/#article\",\"isPartOf\":{\"@id\":\"https:\\\/\\\/schoenstatt.com\\\/es\\\/nathalie-becquart-pionera-y-la-mujer-en-la-iglesia\\\/\"},\"author\":{\"name\":\"admin\",\"@id\":\"https:\\\/\\\/schoenstatt.com\\\/es\\\/#\\\/schema\\\/person\\\/489465b1850e7b216fe2c10dfc262551\"},\"headline\":\"Nathalie Becquart pionera, y la mujer en la Iglesia\",\"datePublished\":\"2021-06-30T16:19:02+00:00\",\"dateModified\":\"2025-08-21T02:10:12+00:00\",\"mainEntityOfPage\":{\"@id\":\"https:\\\/\\\/schoenstatt.com\\\/es\\\/nathalie-becquart-pionera-y-la-mujer-en-la-iglesia\\\/\"},\"wordCount\":816,\"publisher\":{\"@id\":\"https:\\\/\\\/schoenstatt.com\\\/es\\\/#organization\"},\"image\":{\"@id\":\"https:\\\/\\\/schoenstatt.com\\\/es\\\/nathalie-becquart-pionera-y-la-mujer-en-la-iglesia\\\/#primaryimage\"},\"thumbnailUrl\":\"https:\\\/\\\/schoenstatt.com\\\/wp-content\\\/uploads\\\/2021\\\/12\\\/36e682a0-dce3-4161-9eb6-7ea1642b096a-1-1.png\",\"keywords\":[\"Mujeres\",\"Roma\"],\"articleSection\":[\"Iglesia\",\"Mujer\"],\"inLanguage\":\"es\"},{\"@type\":\"WebPage\",\"@id\":\"https:\\\/\\\/schoenstatt.com\\\/es\\\/nathalie-becquart-pionera-y-la-mujer-en-la-iglesia\\\/\",\"url\":\"https:\\\/\\\/schoenstatt.com\\\/es\\\/nathalie-becquart-pionera-y-la-mujer-en-la-iglesia\\\/\",\"name\":\"Nathalie Becquart pionera, y la mujer en la Iglesia - Schoenstatt\",\"isPartOf\":{\"@id\":\"https:\\\/\\\/schoenstatt.com\\\/es\\\/#website\"},\"primaryImageOfPage\":{\"@id\":\"https:\\\/\\\/schoenstatt.com\\\/es\\\/nathalie-becquart-pionera-y-la-mujer-en-la-iglesia\\\/#primaryimage\"},\"image\":{\"@id\":\"https:\\\/\\\/schoenstatt.com\\\/es\\\/nathalie-becquart-pionera-y-la-mujer-en-la-iglesia\\\/#primaryimage\"},\"thumbnailUrl\":\"https:\\\/\\\/schoenstatt.com\\\/wp-content\\\/uploads\\\/2021\\\/12\\\/36e682a0-dce3-4161-9eb6-7ea1642b096a-1-1.png\",\"datePublished\":\"2021-06-30T16:19:02+00:00\",\"dateModified\":\"2025-08-21T02:10:12+00:00\",\"description\":\"Hermana Nathalie Becquart, primera mujer en la historia de la Iglesia nombrada subsecretaria del S\u00ednodo de los Obispos con derecho a voto.\",\"breadcrumb\":{\"@id\":\"https:\\\/\\\/schoenstatt.com\\\/es\\\/nathalie-becquart-pionera-y-la-mujer-en-la-iglesia\\\/#breadcrumb\"},\"inLanguage\":\"es\",\"potentialAction\":[{\"@type\":\"ReadAction\",\"target\":[\"https:\\\/\\\/schoenstatt.com\\\/es\\\/nathalie-becquart-pionera-y-la-mujer-en-la-iglesia\\\/\"]}]},{\"@type\":\"ImageObject\",\"inLanguage\":\"es\",\"@id\":\"https:\\\/\\\/schoenstatt.com\\\/es\\\/nathalie-becquart-pionera-y-la-mujer-en-la-iglesia\\\/#primaryimage\",\"url\":\"https:\\\/\\\/schoenstatt.com\\\/wp-content\\\/uploads\\\/2021\\\/12\\\/36e682a0-dce3-4161-9eb6-7ea1642b096a-1-1.png\",\"contentUrl\":\"https:\\\/\\\/schoenstatt.com\\\/wp-content\\\/uploads\\\/2021\\\/12\\\/36e682a0-dce3-4161-9eb6-7ea1642b096a-1-1.png\",\"width\":904,\"height\":346,\"caption\":\"Nathalie Becquart\"},{\"@type\":\"BreadcrumbList\",\"@id\":\"https:\\\/\\\/schoenstatt.com\\\/es\\\/nathalie-becquart-pionera-y-la-mujer-en-la-iglesia\\\/#breadcrumb\",\"itemListElement\":[{\"@type\":\"ListItem\",\"position\":1,\"name\":\"Portada\",\"item\":\"https:\\\/\\\/schoenstatt.com\\\/es\\\/home\\\/\"},{\"@type\":\"ListItem\",\"position\":2,\"name\":\"Nathalie Becquart pionera, y la mujer en la Iglesia\"}]},{\"@type\":\"WebSite\",\"@id\":\"https:\\\/\\\/schoenstatt.com\\\/es\\\/#website\",\"url\":\"https:\\\/\\\/schoenstatt.com\\\/es\\\/\",\"name\":\"Schoenstatt\",\"description\":\"Apostolic Movement\",\"publisher\":{\"@id\":\"https:\\\/\\\/schoenstatt.com\\\/es\\\/#organization\"},\"potentialAction\":[{\"@type\":\"SearchAction\",\"target\":{\"@type\":\"EntryPoint\",\"urlTemplate\":\"https:\\\/\\\/schoenstatt.com\\\/es\\\/?s={search_term_string}\"},\"query-input\":{\"@type\":\"PropertyValueSpecification\",\"valueRequired\":true,\"valueName\":\"search_term_string\"}}],\"inLanguage\":\"es\"},{\"@type\":\"Organization\",\"@id\":\"https:\\\/\\\/schoenstatt.com\\\/es\\\/#organization\",\"name\":\"Schoenstatt\",\"url\":\"https:\\\/\\\/schoenstatt.com\\\/es\\\/\",\"logo\":{\"@type\":\"ImageObject\",\"inLanguage\":\"es\",\"@id\":\"https:\\\/\\\/schoenstatt.com\\\/es\\\/#\\\/schema\\\/logo\\\/image\\\/\",\"url\":\"https:\\\/\\\/schoenstatt.com\\\/wp-content\\\/uploads\\\/2025\\\/04\\\/logo-schoenstatt-white-696x696-1.png\",\"contentUrl\":\"https:\\\/\\\/schoenstatt.com\\\/wp-content\\\/uploads\\\/2025\\\/04\\\/logo-schoenstatt-white-696x696-1.png\",\"width\":696,\"height\":694,\"caption\":\"Schoenstatt\"},\"image\":{\"@id\":\"https:\\\/\\\/schoenstatt.com\\\/es\\\/#\\\/schema\\\/logo\\\/image\\\/\"}},{\"@type\":\"Person\",\"@id\":\"https:\\\/\\\/schoenstatt.com\\\/es\\\/#\\\/schema\\\/person\\\/489465b1850e7b216fe2c10dfc262551\",\"name\":\"admin\",\"image\":{\"@type\":\"ImageObject\",\"inLanguage\":\"es\",\"@id\":\"https:\\\/\\\/secure.gravatar.com\\\/avatar\\\/02e8345e1ec40ab0e0a2a98fdde64a684bbaf994cddcb778b25b8b024ee9dfe6?s=96&d=mm&r=g\",\"url\":\"https:\\\/\\\/secure.gravatar.com\\\/avatar\\\/02e8345e1ec40ab0e0a2a98fdde64a684bbaf994cddcb778b25b8b024ee9dfe6?s=96&d=mm&r=g\",\"contentUrl\":\"https:\\\/\\\/secure.gravatar.com\\\/avatar\\\/02e8345e1ec40ab0e0a2a98fdde64a684bbaf994cddcb778b25b8b024ee9dfe6?s=96&d=mm&r=g\",\"caption\":\"admin\"},\"sameAs\":[\"https:\\\/\\\/schoenstatt.com\"],\"url\":\"https:\\\/\\\/schoenstatt.com\\\/es\\\/author\\\/admin\\\/\"}]}<\/script>\n<!-- \/ Yoast SEO Premium plugin. -->","yoast_head_json":{"title":"Nathalie Becquart pionera, y la mujer en la Iglesia - Schoenstatt","description":"Hermana Nathalie Becquart, primera mujer en la historia de la Iglesia nombrada subsecretaria del S\u00ednodo de los Obispos con derecho a voto.","robots":{"index":"index","follow":"follow","max-snippet":"max-snippet:-1","max-image-preview":"max-image-preview:large","max-video-preview":"max-video-preview:-1"},"canonical":"https:\/\/schoenstatt.com\/es\/nathalie-becquart-pionera-y-la-mujer-en-la-iglesia\/","og_locale":"es_ES","og_type":"article","og_title":"Nathalie Becquart pionera, y la mujer en la Iglesia","og_description":"Hermana Nathalie Becquart, primera mujer en la historia de la Iglesia nombrada subsecretaria del S\u00ednodo de los Obispos con derecho a voto.","og_url":"https:\/\/schoenstatt.com\/es\/nathalie-becquart-pionera-y-la-mujer-en-la-iglesia\/","og_site_name":"Schoenstatt","article_published_time":"2021-06-30T16:19:02+00:00","article_modified_time":"2025-08-21T02:10:12+00:00","og_image":[{"width":904,"height":346,"url":"https:\/\/schoenstatt.com\/wp-content\/uploads\/2021\/12\/36e682a0-dce3-4161-9eb6-7ea1642b096a-1-1.png","type":"image\/png"}],"author":"admin","twitter_card":"summary_large_image","twitter_misc":{"Escrito por":"admin","Tiempo de lectura":"5 minutos"},"schema":{"@context":"https:\/\/schema.org","@graph":[{"@type":"Article","@id":"https:\/\/schoenstatt.com\/es\/nathalie-becquart-pionera-y-la-mujer-en-la-iglesia\/#article","isPartOf":{"@id":"https:\/\/schoenstatt.com\/es\/nathalie-becquart-pionera-y-la-mujer-en-la-iglesia\/"},"author":{"name":"admin","@id":"https:\/\/schoenstatt.com\/es\/#\/schema\/person\/489465b1850e7b216fe2c10dfc262551"},"headline":"Nathalie Becquart pionera, y la mujer en la Iglesia","datePublished":"2021-06-30T16:19:02+00:00","dateModified":"2025-08-21T02:10:12+00:00","mainEntityOfPage":{"@id":"https:\/\/schoenstatt.com\/es\/nathalie-becquart-pionera-y-la-mujer-en-la-iglesia\/"},"wordCount":816,"publisher":{"@id":"https:\/\/schoenstatt.com\/es\/#organization"},"image":{"@id":"https:\/\/schoenstatt.com\/es\/nathalie-becquart-pionera-y-la-mujer-en-la-iglesia\/#primaryimage"},"thumbnailUrl":"https:\/\/schoenstatt.com\/wp-content\/uploads\/2021\/12\/36e682a0-dce3-4161-9eb6-7ea1642b096a-1-1.png","keywords":["Mujeres","Roma"],"articleSection":["Iglesia","Mujer"],"inLanguage":"es"},{"@type":"WebPage","@id":"https:\/\/schoenstatt.com\/es\/nathalie-becquart-pionera-y-la-mujer-en-la-iglesia\/","url":"https:\/\/schoenstatt.com\/es\/nathalie-becquart-pionera-y-la-mujer-en-la-iglesia\/","name":"Nathalie Becquart pionera, y la mujer en la Iglesia - Schoenstatt","isPartOf":{"@id":"https:\/\/schoenstatt.com\/es\/#website"},"primaryImageOfPage":{"@id":"https:\/\/schoenstatt.com\/es\/nathalie-becquart-pionera-y-la-mujer-en-la-iglesia\/#primaryimage"},"image":{"@id":"https:\/\/schoenstatt.com\/es\/nathalie-becquart-pionera-y-la-mujer-en-la-iglesia\/#primaryimage"},"thumbnailUrl":"https:\/\/schoenstatt.com\/wp-content\/uploads\/2021\/12\/36e682a0-dce3-4161-9eb6-7ea1642b096a-1-1.png","datePublished":"2021-06-30T16:19:02+00:00","dateModified":"2025-08-21T02:10:12+00:00","description":"Hermana Nathalie Becquart, primera mujer en la historia de la Iglesia nombrada subsecretaria del S\u00ednodo de los Obispos con derecho a voto.","breadcrumb":{"@id":"https:\/\/schoenstatt.com\/es\/nathalie-becquart-pionera-y-la-mujer-en-la-iglesia\/#breadcrumb"},"inLanguage":"es","potentialAction":[{"@type":"ReadAction","target":["https:\/\/schoenstatt.com\/es\/nathalie-becquart-pionera-y-la-mujer-en-la-iglesia\/"]}]},{"@type":"ImageObject","inLanguage":"es","@id":"https:\/\/schoenstatt.com\/es\/nathalie-becquart-pionera-y-la-mujer-en-la-iglesia\/#primaryimage","url":"https:\/\/schoenstatt.com\/wp-content\/uploads\/2021\/12\/36e682a0-dce3-4161-9eb6-7ea1642b096a-1-1.png","contentUrl":"https:\/\/schoenstatt.com\/wp-content\/uploads\/2021\/12\/36e682a0-dce3-4161-9eb6-7ea1642b096a-1-1.png","width":904,"height":346,"caption":"Nathalie Becquart"},{"@type":"BreadcrumbList","@id":"https:\/\/schoenstatt.com\/es\/nathalie-becquart-pionera-y-la-mujer-en-la-iglesia\/#breadcrumb","itemListElement":[{"@type":"ListItem","position":1,"name":"Portada","item":"https:\/\/schoenstatt.com\/es\/home\/"},{"@type":"ListItem","position":2,"name":"Nathalie Becquart pionera, y la mujer en la Iglesia"}]},{"@type":"WebSite","@id":"https:\/\/schoenstatt.com\/es\/#website","url":"https:\/\/schoenstatt.com\/es\/","name":"Schoenstatt","description":"Apostolic Movement","publisher":{"@id":"https:\/\/schoenstatt.com\/es\/#organization"},"potentialAction":[{"@type":"SearchAction","target":{"@type":"EntryPoint","urlTemplate":"https:\/\/schoenstatt.com\/es\/?s={search_term_string}"},"query-input":{"@type":"PropertyValueSpecification","valueRequired":true,"valueName":"search_term_string"}}],"inLanguage":"es"},{"@type":"Organization","@id":"https:\/\/schoenstatt.com\/es\/#organization","name":"Schoenstatt","url":"https:\/\/schoenstatt.com\/es\/","logo":{"@type":"ImageObject","inLanguage":"es","@id":"https:\/\/schoenstatt.com\/es\/#\/schema\/logo\/image\/","url":"https:\/\/schoenstatt.com\/wp-content\/uploads\/2025\/04\/logo-schoenstatt-white-696x696-1.png","contentUrl":"https:\/\/schoenstatt.com\/wp-content\/uploads\/2025\/04\/logo-schoenstatt-white-696x696-1.png","width":696,"height":694,"caption":"Schoenstatt"},"image":{"@id":"https:\/\/schoenstatt.com\/es\/#\/schema\/logo\/image\/"}},{"@type":"Person","@id":"https:\/\/schoenstatt.com\/es\/#\/schema\/person\/489465b1850e7b216fe2c10dfc262551","name":"admin","image":{"@type":"ImageObject","inLanguage":"es","@id":"https:\/\/secure.gravatar.com\/avatar\/02e8345e1ec40ab0e0a2a98fdde64a684bbaf994cddcb778b25b8b024ee9dfe6?s=96&d=mm&r=g","url":"https:\/\/secure.gravatar.com\/avatar\/02e8345e1ec40ab0e0a2a98fdde64a684bbaf994cddcb778b25b8b024ee9dfe6?s=96&d=mm&r=g","contentUrl":"https:\/\/secure.gravatar.com\/avatar\/02e8345e1ec40ab0e0a2a98fdde64a684bbaf994cddcb778b25b8b024ee9dfe6?s=96&d=mm&r=g","caption":"admin"},"sameAs":["https:\/\/schoenstatt.com"],"url":"https:\/\/schoenstatt.com\/es\/author\/admin\/"}]}},"_links":{"self":[{"href":"https:\/\/schoenstatt.com\/es\/wp-json\/wp\/v2\/posts\/22331","targetHints":{"allow":["GET"]}}],"collection":[{"href":"https:\/\/schoenstatt.com\/es\/wp-json\/wp\/v2\/posts"}],"about":[{"href":"https:\/\/schoenstatt.com\/es\/wp-json\/wp\/v2\/types\/post"}],"author":[{"embeddable":true,"href":"https:\/\/schoenstatt.com\/es\/wp-json\/wp\/v2\/users\/1"}],"replies":[{"embeddable":true,"href":"https:\/\/schoenstatt.com\/es\/wp-json\/wp\/v2\/comments?post=22331"}],"version-history":[{"count":1,"href":"https:\/\/schoenstatt.com\/es\/wp-json\/wp\/v2\/posts\/22331\/revisions"}],"predecessor-version":[{"id":44562,"href":"https:\/\/schoenstatt.com\/es\/wp-json\/wp\/v2\/posts\/22331\/revisions\/44562"}],"wp:featuredmedia":[{"embeddable":true,"href":"https:\/\/schoenstatt.com\/es\/wp-json\/wp\/v2\/media\/22356"}],"wp:attachment":[{"href":"https:\/\/schoenstatt.com\/es\/wp-json\/wp\/v2\/media?parent=22331"}],"wp:term":[{"taxonomy":"category","embeddable":true,"href":"https:\/\/schoenstatt.com\/es\/wp-json\/wp\/v2\/categories?post=22331"},{"taxonomy":"post_tag","embeddable":true,"href":"https:\/\/schoenstatt.com\/es\/wp-json\/wp\/v2\/tags?post=22331"}],"curies":[{"name":"wp","href":"https:\/\/api.w.org\/{rel}","templated":true}]}}