{"id":21762,"date":"2021-11-18T19:53:51","date_gmt":"2021-11-18T18:53:51","guid":{"rendered":"https:\/\/schoenstatt.com\/?p=21762"},"modified":"2025-08-19T20:12:04","modified_gmt":"2025-08-19T18:12:04","slug":"entronizacion-de-la-mater-en-una-parroquia-de-guayaquil-2","status":"publish","type":"post","link":"https:\/\/schoenstatt.com\/es\/entronizacion-de-la-mater-en-una-parroquia-de-guayaquil-2\/","title":{"rendered":"Entronizaci\u00f3n de la Mater en una parroquia de Guayaquil"},"content":{"rendered":"<h3>La Campa\u00f1a de la Virgen Peregrina de Guayaquil<\/h3>\n<p>La Campa\u00f1a de la Virgen Peregrina de Guayaquil, Ecuador, tiene mucho que agradecer a nuestra Madre y Reina. Su fidelidad supera con creces nuestra peque\u00f1a entrega.<\/p>\n<p>Despu\u00e9s de un a\u00f1o duro como fue el 2020, nuestra Reina se puso en marcha, y desde el mes de mayo de este a\u00f1o, dedicado a ella, las misioneras ofrecieron al Padre Alfonso Avil\u00e9s, p\u00e1rroco de la parroquia San Alberto Magno, hacerse cargo de rezar el rosario los jueves ante el Sant\u00edsimo Sacramento expuesto, previo a la Santa Misa.<\/p>\n<p><img fetchpriority=\"high\" decoding=\"async\" class=\"aligncenter wp-image-21199 size-full\" src=\"https:\/\/schoenstatt.com\/wp-content\/uploads\/2021\/11\/Foto-1-e1637092037361.jpeg\" alt=\"Entronizaci\u00f3n de la Virgen Peregrina\" width=\"875\" height=\"798\" \/><\/p>\n<h3>Misioneras de la Virgen Peregrina ofrecen fielmente rezar el rosario<\/h3>\n<p>Este ofrecimiento continu\u00f3 pasado el mes de Mar\u00eda, y los misioneros fielmente los jueves manten\u00edan su ofrecimiento. En junio la Hna. Norma, junto a la coordinadora de la Campa\u00f1a en Villa Club, pidi\u00f3 autorizaci\u00f3n al Padre Alfonso para empezar con una misi\u00f3n ampliada en la que se invitar\u00eda a todos los feligreses que quisieran recibir la visita de la Virgen Peregrina, para lo que se anotaron 90 familias que la recibieron durante agosto y septiembre.<\/p>\n<p><img decoding=\"async\" class=\"size-medium wp-image-21203 alignright\" src=\"https:\/\/schoenstatt.com\/wp-content\/uploads\/2021\/11\/Foto-2-e1637091931262-285x300.jpeg\" alt=\"Entronizaci\u00f3n de la Virgen Peregrina\" width=\"285\" height=\"300\" \/>El Padre Alfonso acept\u00f3 que nuestra Reina fuera entronizada en su parroquia, y es por eso que se eligi\u00f3 el mes de octubre, mes de la misi\u00f3n, para entregarle su trono. Nos preparamos, tanto econ\u00f3micamente, para prepararle un hermoso marco y retablo a Mar\u00eda, como los m\u00e1s importantes, el capital de gracias. \u00a0 Con la oraci\u00f3n fiel del rosario cada jueves y una hermosa novena en la que presid\u00eda desde el altar el cuadro de la Mater que ser\u00eda entronizado, se dio esta preparaci\u00f3n espiritual.<\/p>\n<h3>Procesi\u00f3n a la Parroquia de San Alberto Magno<\/h3>\n<p><img decoding=\"async\" class=\"size-medium wp-image-21211 alignleft\" src=\"https:\/\/schoenstatt.com\/wp-content\/uploads\/2021\/11\/Foto-4-225x300.jpeg\" alt=\"Entronizaci\u00f3n\" width=\"225\" height=\"300\" \/>El d\u00eda s\u00e1bado 23 de octubre la Mater, hermosamente adornada con flores y azucenas, lleg\u00f3 al Santuario de Ciudad Celeste para llenarse de gracias, previo a su entronizaci\u00f3n en la Misa dominical del 24 de octubre a las 12:30. Ese s\u00e1bado nos reunimos en el Santuario presencial y virtualmente para rezar el Rosario por nuestro pa\u00eds, en la marat\u00f3n que organiz\u00f3 la Campa\u00f1a. Fue un momento maravilloso en que con cantos y oraciones ped\u00edamos a la Mater que reine desde su nuevo trono de gracias en la parroquia San Alberto Magno.<\/p>\n<p>El domingo 24 de octubre la Reina fue acompa\u00f1ada en caravana desde el Santuario a la parroquia. Alrededor de 10 carros iban en procesi\u00f3n siguiendo el carro de la Reina, desde donde ella iba bendiciendo nuestra calles y lugares. Al llegar a la parroquia entr\u00f3 la Mater junto a algunos representantes de la Campa\u00f1a, seguidos por los ap\u00f3stoles de Mar\u00eda con rosas para adornar el altar donde se ofrecer\u00eda la Santa Misa, precedida por el Padre Alfonso Avil\u00e9s y acompa\u00f1ada por los padres Pablo y Claudio de los Padres de Schoenstatt.<\/p>\n<p>Al terminar la Misa, fue llevado el cuadro al lugar de entronizaci\u00f3n, y comenzando con el Himno de la Campa\u00f1a, cantamos y festejamos que nuestra Madre tuviera un nuevo trono desde donde repartir\u00e1 sus gracias a todos los feligreses de la parroquia.<\/p>\n<p>De esta forma se hace vida nuestro prop\u00f3sito de servir a la Iglesia, de estar profundamente integrados a ella, para cumplir con nuestra misi\u00f3n com\u00fan, y as\u00ed, podemos vivir desde lo m\u00e1s profundo del coraz\u00f3n el lema de este a\u00f1o jubilar de la Familia en Ecuador: \u201cSantuario eres misi\u00f3n.\u201d<\/p>\n<p><a href=\"https:\/\/www.instagram.com\/parroquiasam\/\" target=\"_blank\" rel=\"noopener\">https:\/\/www.instagram.com\/parroquiasam\/<\/a><\/p>\n","protected":false},"excerpt":{"rendered":"<p>Se expande la Campa\u00f1a de la Virgen Peregrina entre los fieles<\/p>\n","protected":false},"author":1,"featured_media":21207,"comment_status":"closed","ping_status":"open","sticky":false,"template":"","format":"standard","meta":{"footnotes":""},"categories":[864,790,904],"tags":[1089,1028,726],"class_list":["post-21762","post","type-post","status-publish","format-standard","has-post-thumbnail","hentry","category-america-es","category-paises-es","category-virgen-peregrina-es","tag-campana-de-la-virgen-peregrina-es","tag-guayaquil-ecuador-es","tag-schoenstatt-ecuador-es"],"yoast_head":"<!-- This site is optimized with the Yoast SEO Premium plugin v27.4 (Yoast SEO v27.5) - https:\/\/yoast.com\/product\/yoast-seo-premium-wordpress\/ -->\n<title>Entronizaci\u00f3n de la Mater en una parroquia de Guayaquil - Schoenstatt<\/title>\n<meta name=\"description\" content=\"Misioneros de la Virgen Peregrina se prepararon con la oraci\u00f3n del santo rosario y adoraci\u00f3n al Sant\u00edsimo en la parroquia San Alberto Magno.\" \/>\n<meta name=\"robots\" content=\"index, follow, max-snippet:-1, max-image-preview:large, max-video-preview:-1\" \/>\n<link rel=\"canonical\" href=\"https:\/\/schoenstatt.com\/es\/entronizacion-de-la-mater-en-una-parroquia-de-guayaquil-2\/\" \/>\n<meta property=\"og:locale\" content=\"es_ES\" \/>\n<meta property=\"og:type\" content=\"article\" \/>\n<meta property=\"og:title\" content=\"Entronizaci\u00f3n de la Mater en una parroquia de Guayaquil\" \/>\n<meta property=\"og:description\" content=\"Misioneros de la Virgen Peregrina se prepararon con la oraci\u00f3n del santo rosario y adoraci\u00f3n al Sant\u00edsimo en la parroquia San Alberto Magno.\" \/>\n<meta property=\"og:url\" content=\"https:\/\/schoenstatt.com\/es\/entronizacion-de-la-mater-en-una-parroquia-de-guayaquil-2\/\" \/>\n<meta property=\"og:site_name\" content=\"Schoenstatt\" \/>\n<meta property=\"article:published_time\" content=\"2021-11-18T18:53:51+00:00\" \/>\n<meta property=\"article:modified_time\" content=\"2025-08-19T18:12:04+00:00\" \/>\n<meta property=\"og:image\" content=\"https:\/\/schoenstatt.com\/wp-content\/uploads\/2021\/11\/Foto-3-e1637092117844-1.jpeg\" \/>\n\t<meta property=\"og:image:width\" content=\"1600\" \/>\n\t<meta property=\"og:image:height\" content=\"1092\" \/>\n\t<meta property=\"og:image:type\" content=\"image\/jpeg\" \/>\n<meta name=\"author\" content=\"admin\" \/>\n<meta name=\"twitter:card\" content=\"summary_large_image\" \/>\n<meta name=\"twitter:label1\" content=\"Escrito por\" \/>\n\t<meta name=\"twitter:data1\" content=\"admin\" \/>\n\t<meta name=\"twitter:label2\" content=\"Tiempo de lectura\" \/>\n\t<meta name=\"twitter:data2\" content=\"4 minutos\" \/>\n<script type=\"application\/ld+json\" class=\"yoast-schema-graph\">{\"@context\":\"https:\\\/\\\/schema.org\",\"@graph\":[{\"@type\":\"Article\",\"@id\":\"https:\\\/\\\/schoenstatt.com\\\/es\\\/entronizacion-de-la-mater-en-una-parroquia-de-guayaquil-2\\\/#article\",\"isPartOf\":{\"@id\":\"https:\\\/\\\/schoenstatt.com\\\/es\\\/entronizacion-de-la-mater-en-una-parroquia-de-guayaquil-2\\\/\"},\"author\":{\"name\":\"admin\",\"@id\":\"https:\\\/\\\/schoenstatt.com\\\/es\\\/#\\\/schema\\\/person\\\/489465b1850e7b216fe2c10dfc262551\"},\"headline\":\"Entronizaci\u00f3n de la Mater en una parroquia de Guayaquil\",\"datePublished\":\"2021-11-18T18:53:51+00:00\",\"dateModified\":\"2025-08-19T18:12:04+00:00\",\"mainEntityOfPage\":{\"@id\":\"https:\\\/\\\/schoenstatt.com\\\/es\\\/entronizacion-de-la-mater-en-una-parroquia-de-guayaquil-2\\\/\"},\"wordCount\":600,\"publisher\":{\"@id\":\"https:\\\/\\\/schoenstatt.com\\\/es\\\/#organization\"},\"image\":{\"@id\":\"https:\\\/\\\/schoenstatt.com\\\/es\\\/entronizacion-de-la-mater-en-una-parroquia-de-guayaquil-2\\\/#primaryimage\"},\"thumbnailUrl\":\"https:\\\/\\\/schoenstatt.com\\\/wp-content\\\/uploads\\\/2021\\\/11\\\/Foto-3-e1637092117844-1.jpeg\",\"keywords\":[\"Campa\u00f1a de la Virgen Peregrina\",\"Guayaquil - Ecuador\",\"Schoenstatt Ecuador\"],\"articleSection\":[\"Am\u00e9rica\",\"Pa\u00edses\",\"Virgen Peregrina\"],\"inLanguage\":\"es\"},{\"@type\":\"WebPage\",\"@id\":\"https:\\\/\\\/schoenstatt.com\\\/es\\\/entronizacion-de-la-mater-en-una-parroquia-de-guayaquil-2\\\/\",\"url\":\"https:\\\/\\\/schoenstatt.com\\\/es\\\/entronizacion-de-la-mater-en-una-parroquia-de-guayaquil-2\\\/\",\"name\":\"Entronizaci\u00f3n de la Mater en una parroquia de Guayaquil - Schoenstatt\",\"isPartOf\":{\"@id\":\"https:\\\/\\\/schoenstatt.com\\\/es\\\/#website\"},\"primaryImageOfPage\":{\"@id\":\"https:\\\/\\\/schoenstatt.com\\\/es\\\/entronizacion-de-la-mater-en-una-parroquia-de-guayaquil-2\\\/#primaryimage\"},\"image\":{\"@id\":\"https:\\\/\\\/schoenstatt.com\\\/es\\\/entronizacion-de-la-mater-en-una-parroquia-de-guayaquil-2\\\/#primaryimage\"},\"thumbnailUrl\":\"https:\\\/\\\/schoenstatt.com\\\/wp-content\\\/uploads\\\/2021\\\/11\\\/Foto-3-e1637092117844-1.jpeg\",\"datePublished\":\"2021-11-18T18:53:51+00:00\",\"dateModified\":\"2025-08-19T18:12:04+00:00\",\"description\":\"Misioneros de la Virgen Peregrina se prepararon con la oraci\u00f3n del santo rosario y adoraci\u00f3n al Sant\u00edsimo en la parroquia San Alberto Magno.\",\"breadcrumb\":{\"@id\":\"https:\\\/\\\/schoenstatt.com\\\/es\\\/entronizacion-de-la-mater-en-una-parroquia-de-guayaquil-2\\\/#breadcrumb\"},\"inLanguage\":\"es\",\"potentialAction\":[{\"@type\":\"ReadAction\",\"target\":[\"https:\\\/\\\/schoenstatt.com\\\/es\\\/entronizacion-de-la-mater-en-una-parroquia-de-guayaquil-2\\\/\"]}]},{\"@type\":\"ImageObject\",\"inLanguage\":\"es\",\"@id\":\"https:\\\/\\\/schoenstatt.com\\\/es\\\/entronizacion-de-la-mater-en-una-parroquia-de-guayaquil-2\\\/#primaryimage\",\"url\":\"https:\\\/\\\/schoenstatt.com\\\/wp-content\\\/uploads\\\/2021\\\/11\\\/Foto-3-e1637092117844-1.jpeg\",\"contentUrl\":\"https:\\\/\\\/schoenstatt.com\\\/wp-content\\\/uploads\\\/2021\\\/11\\\/Foto-3-e1637092117844-1.jpeg\",\"width\":1600,\"height\":1092,\"caption\":\"Enthronement of the Blessed Mother\"},{\"@type\":\"BreadcrumbList\",\"@id\":\"https:\\\/\\\/schoenstatt.com\\\/es\\\/entronizacion-de-la-mater-en-una-parroquia-de-guayaquil-2\\\/#breadcrumb\",\"itemListElement\":[{\"@type\":\"ListItem\",\"position\":1,\"name\":\"Portada\",\"item\":\"https:\\\/\\\/schoenstatt.com\\\/es\\\/home\\\/\"},{\"@type\":\"ListItem\",\"position\":2,\"name\":\"Entronizaci\u00f3n de la Mater en una parroquia de Guayaquil\"}]},{\"@type\":\"WebSite\",\"@id\":\"https:\\\/\\\/schoenstatt.com\\\/es\\\/#website\",\"url\":\"https:\\\/\\\/schoenstatt.com\\\/es\\\/\",\"name\":\"Schoenstatt\",\"description\":\"Apostolic Movement\",\"publisher\":{\"@id\":\"https:\\\/\\\/schoenstatt.com\\\/es\\\/#organization\"},\"potentialAction\":[{\"@type\":\"SearchAction\",\"target\":{\"@type\":\"EntryPoint\",\"urlTemplate\":\"https:\\\/\\\/schoenstatt.com\\\/es\\\/?s={search_term_string}\"},\"query-input\":{\"@type\":\"PropertyValueSpecification\",\"valueRequired\":true,\"valueName\":\"search_term_string\"}}],\"inLanguage\":\"es\"},{\"@type\":\"Organization\",\"@id\":\"https:\\\/\\\/schoenstatt.com\\\/es\\\/#organization\",\"name\":\"Schoenstatt\",\"url\":\"https:\\\/\\\/schoenstatt.com\\\/es\\\/\",\"logo\":{\"@type\":\"ImageObject\",\"inLanguage\":\"es\",\"@id\":\"https:\\\/\\\/schoenstatt.com\\\/es\\\/#\\\/schema\\\/logo\\\/image\\\/\",\"url\":\"https:\\\/\\\/schoenstatt.com\\\/wp-content\\\/uploads\\\/2025\\\/04\\\/logo-schoenstatt-white-696x696-1.png\",\"contentUrl\":\"https:\\\/\\\/schoenstatt.com\\\/wp-content\\\/uploads\\\/2025\\\/04\\\/logo-schoenstatt-white-696x696-1.png\",\"width\":696,\"height\":694,\"caption\":\"Schoenstatt\"},\"image\":{\"@id\":\"https:\\\/\\\/schoenstatt.com\\\/es\\\/#\\\/schema\\\/logo\\\/image\\\/\"}},{\"@type\":\"Person\",\"@id\":\"https:\\\/\\\/schoenstatt.com\\\/es\\\/#\\\/schema\\\/person\\\/489465b1850e7b216fe2c10dfc262551\",\"name\":\"admin\",\"image\":{\"@type\":\"ImageObject\",\"inLanguage\":\"es\",\"@id\":\"https:\\\/\\\/secure.gravatar.com\\\/avatar\\\/02e8345e1ec40ab0e0a2a98fdde64a684bbaf994cddcb778b25b8b024ee9dfe6?s=96&d=mm&r=g\",\"url\":\"https:\\\/\\\/secure.gravatar.com\\\/avatar\\\/02e8345e1ec40ab0e0a2a98fdde64a684bbaf994cddcb778b25b8b024ee9dfe6?s=96&d=mm&r=g\",\"contentUrl\":\"https:\\\/\\\/secure.gravatar.com\\\/avatar\\\/02e8345e1ec40ab0e0a2a98fdde64a684bbaf994cddcb778b25b8b024ee9dfe6?s=96&d=mm&r=g\",\"caption\":\"admin\"},\"sameAs\":[\"https:\\\/\\\/schoenstatt.com\"],\"url\":\"https:\\\/\\\/schoenstatt.com\\\/es\\\/author\\\/admin\\\/\"}]}<\/script>\n<!-- \/ Yoast SEO Premium plugin. -->","yoast_head_json":{"title":"Entronizaci\u00f3n de la Mater en una parroquia de Guayaquil - Schoenstatt","description":"Misioneros de la Virgen Peregrina se prepararon con la oraci\u00f3n del santo rosario y adoraci\u00f3n al Sant\u00edsimo en la parroquia San Alberto Magno.","robots":{"index":"index","follow":"follow","max-snippet":"max-snippet:-1","max-image-preview":"max-image-preview:large","max-video-preview":"max-video-preview:-1"},"canonical":"https:\/\/schoenstatt.com\/es\/entronizacion-de-la-mater-en-una-parroquia-de-guayaquil-2\/","og_locale":"es_ES","og_type":"article","og_title":"Entronizaci\u00f3n de la Mater en una parroquia de Guayaquil","og_description":"Misioneros de la Virgen Peregrina se prepararon con la oraci\u00f3n del santo rosario y adoraci\u00f3n al Sant\u00edsimo en la parroquia San Alberto Magno.","og_url":"https:\/\/schoenstatt.com\/es\/entronizacion-de-la-mater-en-una-parroquia-de-guayaquil-2\/","og_site_name":"Schoenstatt","article_published_time":"2021-11-18T18:53:51+00:00","article_modified_time":"2025-08-19T18:12:04+00:00","og_image":[{"width":1600,"height":1092,"url":"https:\/\/schoenstatt.com\/wp-content\/uploads\/2021\/11\/Foto-3-e1637092117844-1.jpeg","type":"image\/jpeg"}],"author":"admin","twitter_card":"summary_large_image","twitter_misc":{"Escrito por":"admin","Tiempo de lectura":"4 minutos"},"schema":{"@context":"https:\/\/schema.org","@graph":[{"@type":"Article","@id":"https:\/\/schoenstatt.com\/es\/entronizacion-de-la-mater-en-una-parroquia-de-guayaquil-2\/#article","isPartOf":{"@id":"https:\/\/schoenstatt.com\/es\/entronizacion-de-la-mater-en-una-parroquia-de-guayaquil-2\/"},"author":{"name":"admin","@id":"https:\/\/schoenstatt.com\/es\/#\/schema\/person\/489465b1850e7b216fe2c10dfc262551"},"headline":"Entronizaci\u00f3n de la Mater en una parroquia de Guayaquil","datePublished":"2021-11-18T18:53:51+00:00","dateModified":"2025-08-19T18:12:04+00:00","mainEntityOfPage":{"@id":"https:\/\/schoenstatt.com\/es\/entronizacion-de-la-mater-en-una-parroquia-de-guayaquil-2\/"},"wordCount":600,"publisher":{"@id":"https:\/\/schoenstatt.com\/es\/#organization"},"image":{"@id":"https:\/\/schoenstatt.com\/es\/entronizacion-de-la-mater-en-una-parroquia-de-guayaquil-2\/#primaryimage"},"thumbnailUrl":"https:\/\/schoenstatt.com\/wp-content\/uploads\/2021\/11\/Foto-3-e1637092117844-1.jpeg","keywords":["Campa\u00f1a de la Virgen Peregrina","Guayaquil - Ecuador","Schoenstatt Ecuador"],"articleSection":["Am\u00e9rica","Pa\u00edses","Virgen Peregrina"],"inLanguage":"es"},{"@type":"WebPage","@id":"https:\/\/schoenstatt.com\/es\/entronizacion-de-la-mater-en-una-parroquia-de-guayaquil-2\/","url":"https:\/\/schoenstatt.com\/es\/entronizacion-de-la-mater-en-una-parroquia-de-guayaquil-2\/","name":"Entronizaci\u00f3n de la Mater en una parroquia de Guayaquil - Schoenstatt","isPartOf":{"@id":"https:\/\/schoenstatt.com\/es\/#website"},"primaryImageOfPage":{"@id":"https:\/\/schoenstatt.com\/es\/entronizacion-de-la-mater-en-una-parroquia-de-guayaquil-2\/#primaryimage"},"image":{"@id":"https:\/\/schoenstatt.com\/es\/entronizacion-de-la-mater-en-una-parroquia-de-guayaquil-2\/#primaryimage"},"thumbnailUrl":"https:\/\/schoenstatt.com\/wp-content\/uploads\/2021\/11\/Foto-3-e1637092117844-1.jpeg","datePublished":"2021-11-18T18:53:51+00:00","dateModified":"2025-08-19T18:12:04+00:00","description":"Misioneros de la Virgen Peregrina se prepararon con la oraci\u00f3n del santo rosario y adoraci\u00f3n al Sant\u00edsimo en la parroquia San Alberto Magno.","breadcrumb":{"@id":"https:\/\/schoenstatt.com\/es\/entronizacion-de-la-mater-en-una-parroquia-de-guayaquil-2\/#breadcrumb"},"inLanguage":"es","potentialAction":[{"@type":"ReadAction","target":["https:\/\/schoenstatt.com\/es\/entronizacion-de-la-mater-en-una-parroquia-de-guayaquil-2\/"]}]},{"@type":"ImageObject","inLanguage":"es","@id":"https:\/\/schoenstatt.com\/es\/entronizacion-de-la-mater-en-una-parroquia-de-guayaquil-2\/#primaryimage","url":"https:\/\/schoenstatt.com\/wp-content\/uploads\/2021\/11\/Foto-3-e1637092117844-1.jpeg","contentUrl":"https:\/\/schoenstatt.com\/wp-content\/uploads\/2021\/11\/Foto-3-e1637092117844-1.jpeg","width":1600,"height":1092,"caption":"Enthronement of the Blessed Mother"},{"@type":"BreadcrumbList","@id":"https:\/\/schoenstatt.com\/es\/entronizacion-de-la-mater-en-una-parroquia-de-guayaquil-2\/#breadcrumb","itemListElement":[{"@type":"ListItem","position":1,"name":"Portada","item":"https:\/\/schoenstatt.com\/es\/home\/"},{"@type":"ListItem","position":2,"name":"Entronizaci\u00f3n de la Mater en una parroquia de Guayaquil"}]},{"@type":"WebSite","@id":"https:\/\/schoenstatt.com\/es\/#website","url":"https:\/\/schoenstatt.com\/es\/","name":"Schoenstatt","description":"Apostolic Movement","publisher":{"@id":"https:\/\/schoenstatt.com\/es\/#organization"},"potentialAction":[{"@type":"SearchAction","target":{"@type":"EntryPoint","urlTemplate":"https:\/\/schoenstatt.com\/es\/?s={search_term_string}"},"query-input":{"@type":"PropertyValueSpecification","valueRequired":true,"valueName":"search_term_string"}}],"inLanguage":"es"},{"@type":"Organization","@id":"https:\/\/schoenstatt.com\/es\/#organization","name":"Schoenstatt","url":"https:\/\/schoenstatt.com\/es\/","logo":{"@type":"ImageObject","inLanguage":"es","@id":"https:\/\/schoenstatt.com\/es\/#\/schema\/logo\/image\/","url":"https:\/\/schoenstatt.com\/wp-content\/uploads\/2025\/04\/logo-schoenstatt-white-696x696-1.png","contentUrl":"https:\/\/schoenstatt.com\/wp-content\/uploads\/2025\/04\/logo-schoenstatt-white-696x696-1.png","width":696,"height":694,"caption":"Schoenstatt"},"image":{"@id":"https:\/\/schoenstatt.com\/es\/#\/schema\/logo\/image\/"}},{"@type":"Person","@id":"https:\/\/schoenstatt.com\/es\/#\/schema\/person\/489465b1850e7b216fe2c10dfc262551","name":"admin","image":{"@type":"ImageObject","inLanguage":"es","@id":"https:\/\/secure.gravatar.com\/avatar\/02e8345e1ec40ab0e0a2a98fdde64a684bbaf994cddcb778b25b8b024ee9dfe6?s=96&d=mm&r=g","url":"https:\/\/secure.gravatar.com\/avatar\/02e8345e1ec40ab0e0a2a98fdde64a684bbaf994cddcb778b25b8b024ee9dfe6?s=96&d=mm&r=g","contentUrl":"https:\/\/secure.gravatar.com\/avatar\/02e8345e1ec40ab0e0a2a98fdde64a684bbaf994cddcb778b25b8b024ee9dfe6?s=96&d=mm&r=g","caption":"admin"},"sameAs":["https:\/\/schoenstatt.com"],"url":"https:\/\/schoenstatt.com\/es\/author\/admin\/"}]}},"_links":{"self":[{"href":"https:\/\/schoenstatt.com\/es\/wp-json\/wp\/v2\/posts\/21762","targetHints":{"allow":["GET"]}}],"collection":[{"href":"https:\/\/schoenstatt.com\/es\/wp-json\/wp\/v2\/posts"}],"about":[{"href":"https:\/\/schoenstatt.com\/es\/wp-json\/wp\/v2\/types\/post"}],"author":[{"embeddable":true,"href":"https:\/\/schoenstatt.com\/es\/wp-json\/wp\/v2\/users\/1"}],"replies":[{"embeddable":true,"href":"https:\/\/schoenstatt.com\/es\/wp-json\/wp\/v2\/comments?post=21762"}],"version-history":[{"count":1,"href":"https:\/\/schoenstatt.com\/es\/wp-json\/wp\/v2\/posts\/21762\/revisions"}],"predecessor-version":[{"id":44809,"href":"https:\/\/schoenstatt.com\/es\/wp-json\/wp\/v2\/posts\/21762\/revisions\/44809"}],"wp:featuredmedia":[{"embeddable":true,"href":"https:\/\/schoenstatt.com\/es\/wp-json\/wp\/v2\/media\/21207"}],"wp:attachment":[{"href":"https:\/\/schoenstatt.com\/es\/wp-json\/wp\/v2\/media?parent=21762"}],"wp:term":[{"taxonomy":"category","embeddable":true,"href":"https:\/\/schoenstatt.com\/es\/wp-json\/wp\/v2\/categories?post=21762"},{"taxonomy":"post_tag","embeddable":true,"href":"https:\/\/schoenstatt.com\/es\/wp-json\/wp\/v2\/tags?post=21762"}],"curies":[{"name":"wp","href":"https:\/\/api.w.org\/{rel}","templated":true}]}}