{"id":21741,"date":"2021-11-20T17:41:25","date_gmt":"2021-11-20T16:41:25","guid":{"rendered":"https:\/\/schoenstatt.com\/?p=21741"},"modified":"2025-08-22T00:19:46","modified_gmt":"2025-08-21T22:19:46","slug":"aporte-novedoso-de-schoenstatt-a-la-politica-de-costa-rica","status":"publish","type":"post","link":"https:\/\/schoenstatt.com\/es\/aporte-novedoso-de-schoenstatt-a-la-politica-de-costa-rica\/","title":{"rendered":"Aporte novedoso de Schoenstatt a la pol\u00edtica de Costa Rica"},"content":{"rendered":"<p>El Movimiento de Schoenstatt en San Jos\u00e9, Costa Rica, da vida a la conformaci\u00f3n de un grupo de laicos, de cat\u00f3licos comprometidos que sienten la vocaci\u00f3n de servicio p\u00fablico, de aquellos que sienten el llamado a servir dentro de la funci\u00f3n p\u00fablica, dentro del quehacer de la pol\u00edtica.<\/p>\n<h3>Estar en la pol\u00edtica es una tarea solitaria y dura<\/h3>\n<p>Ocupando posiciones de liderazgo como diputada y ministra de Estado en dos ocasiones, la soledad, la falta de a qui\u00e9n recurrir, a qui\u00e9n preguntar sobre ciertos temas de fe, fue una constante para m\u00ed. Esta iniciativa impulsada por el Padre Jos\u00e9 Luis Correa, asesor del Movimiento en Costa Rica, fue una respuesta a esta necesidad que vivimos los cat\u00f3licos en pol\u00edtica, de recibir palabras de \u00e1nimo para quienes estamos en el frente de batalla, porque la labor es ardua, comprometida, y altamente desgastante y solitaria.<\/p>\n<h3>Mi misi\u00f3n no era volver sino acompa\u00f1ar a otros pol\u00edticos<\/h3>\n<p>Luego de ocupar los cargos mencionados, y con mucho discernimiento con el Esp\u00edritu Santo, entend\u00ed que mi llamado no era para regresar a la pol\u00edtica partidista, sino m\u00e1s bien utilizar mi experiencia y conocimientos adquiridos para la preparaci\u00f3n de relevos, para darles \u00e1nimo de que no estar\u00edan solos, sino que formar\u00edan parte de una comunidad de la que participar\u00edan otros laicos que vivimos algo similar; y que les estar\u00edamos apoyando.<\/p>\n<p>Mis principios schoenstattianos me gritaban las lecciones aprendidas de nuestro Padre fundador, el Padre Jos\u00e9 Kentenich, de desarrollar vinculaciones profundas creando comunidad, inspiradas en la conducci\u00f3n de Dios para glorificar esa misi\u00f3n de vida que se nos ha encomendado.<\/p>\n<h3>Reuniones virtuales con personalidades de la Iglesia<\/h3>\n<p>La pandemia nos ha obligado a mantenernos comunicados a trav\u00e9s de mecanismos tecnol\u00f3gicos como es el WhatsApp y es desde ah\u00ed, donde el grupo empez\u00f3 a tener su propia personalidad y dinamismo.<\/p>\n<p>Cada dos o tres meses\u00a0 hemos podido reunirnos\u00a0 virtualmente en espacios de reflexi\u00f3n con un invitado providencial que el Esp\u00edritu Santo\u00a0 nos ha enviado. Ellos nos han dado luces e inspiraci\u00f3n para el trabajo de los que est\u00e1n o estar\u00e1n en esa primera l\u00ednea para administrar el futuro de Costa Rica.<\/p>\n<p>Es as\u00ed como hemos tenido la bendici\u00f3n de escuchar a Monse\u00f1or Jos\u00e9 Manuel Garita, presidente de la Conferencia Episcopal de Costa Rica; Monse\u00f1or Vittorino Gerardi, obispo em\u00e9rito de Tilar\u00e1n-Liberia; Monse\u00f1or Javier del R\u00edo Alba, arzobispo metropolitano de Arequipa, Per\u00fa y m\u00e1s recientemente, el pasado 2 de noviembre, tuvimos la bendici\u00f3n de recibir a Monse\u00f1or \u00c1ngel San Casimiro, obispo em\u00e9rito de Alajuela.<\/p>\n<p>Todas las intervenciones han sido extraordinarias, todas nos han recordado la obligaci\u00f3n del laico de participar en el espacio por naturaleza para servir, y servir a los m\u00e1s necesitados, como debe ser la acci\u00f3n pol\u00edtica.\u00a0 Por esa raz\u00f3n, me detendr\u00e9 brevemente a resaltar algunas reflexiones de Monse\u00f1or \u00c1ngel, toda vez que estamos a poco m\u00e1s de dos meses del proceso electoral en el pa\u00eds, por lo que sus consejos cobran un alt\u00edsimo sentido de oportunidad para los nuevos aspirantes.<\/p>\n<h3>Principios gu\u00eda para todo pol\u00edtico<\/h3>\n<p>Coment\u00f3 Monse\u00f1or \u00c1ngel, con su voz fuerte y vehemente las siguientes palabras que a\u00fan resuenan en m\u00ed:<\/p>\n<p>Un cristiano que se afilia a un grupo pol\u00edtico y quiere vivir all\u00ed consecuentemente su fe, esperanza y caridad, sepa que puede aportar, seg\u00fan mi entender, las siguientes riquezas:<\/p>\n<p>1.- Una postura humanizadora, cuando el partido caiga en un burocratismo inhumano.\u00a0 Recordemos: \u201cLa persona humana siempre debe estar en el centro de toda pol\u00edtica\u201d.<\/p>\n<p>2.- Una postura de honrado servicio al bien com\u00fan, cuando el partido busque primordialmente sus intereses particulares.<\/p>\n<p>3.- Una postura cr\u00edtica transformadora, cuando el partido haga caso omiso de las necesidades reales del pueblo<\/p>\n<p>4.- Una postura sanamente relativizadora, cuando el partido se cierre con dogmatismos.<\/p>\n<p>5.- Una postura de sana utop\u00eda ya que los valores del Reino de Dios pueden convertirse hasta de punta de lanza de los mismos partidos pol\u00edticos.<\/p>\n<p>Finalmente, pregunto, \u00bfQu\u00e9 debe hacer un cristiano que un d\u00eda llegue al poder y ejerza la acci\u00f3n pol\u00edtica?\u00a0 Se me ocurren estas actitudes:<\/p>\n<p>1.- Influir fuertemente para cambiar las estructuras sociales injustas.<\/p>\n<p>2.- Ha de evitar la acumulaci\u00f3n de la riqueza en pocas manos.<\/p>\n<p>3.- Impedir que las decisiones socioecon\u00f3micas sean monopolizadas por un solo grupo.<\/p>\n<p>4.- Intentar un reparto equitativo de las cargas fiscales.<\/p>\n<p>5. Trabajar constantemente para que el pueblo alcance un nivel de bienestar, de cultura y de conciencia ciudadana solidaria.<\/p>\n<h3>Potenciar los valores del cristianos<\/h3>\n<p>Al d\u00eda de hoy nuestro grupo ya llega a 40 participantes, habi\u00e9ndose reforzado la participaci\u00f3n de nuevos aspirantes a la acci\u00f3n pol\u00edtica, laicos realmente comprometidos con su vocaci\u00f3n de servir. Muchos de ellos, se han sentido atra\u00eddos a trabajar en un espacio com\u00fan que no tiene color pol\u00edtico, pero s\u00ed tiene un objetivo \u00fanico:\u00a0 Llevar la palabra Dios y sus valores al centro de las grandes decisiones del pa\u00eds. Interesante resaltar entonces que en nuestro grupo hay al d\u00eda de hoy seis candidatos a la vicepresidencia de la Rep\u00fablica y 20 candidatos a diputados. Pero adem\u00e1s, hay j\u00f3venes dirigentes estudiantiles que han iniciado sus pasos en los campos universitarios con la defensa ferviente de nuestros principios y valores cristianos. La tarea de relevos no debe cesar nunca.<\/p>\n<h3>\u00a1No te olvides que te he llamado por tu nombre!<\/h3>\n<p>&nbsp;<\/p>\n<p><iframe title=\"Charla:  \u201cTe he llamado por tu nombre\u201d\" width=\"800\" height=\"450\" src=\"https:\/\/www.youtube.com\/embed\/vb6L-BzW500?feature=oembed\" frameborder=\"0\" allow=\"accelerometer; autoplay; clipboard-write; encrypted-media; gyroscope; picture-in-picture; web-share\" referrerpolicy=\"strict-origin-when-cross-origin\" allowfullscreen><\/iframe><\/p>\n","protected":false},"excerpt":{"rendered":"<p>Comunidad de cat\u00f3licos con vocaci\u00f3n de servicio p\u00fablico<\/p>\n","protected":false},"author":1,"featured_media":21751,"comment_status":"closed","ping_status":"open","sticky":false,"template":"","format":"standard","meta":{"footnotes":""},"categories":[864,790,913],"tags":[703,1218],"class_list":["post-21741","post","type-post","status-publish","format-standard","has-post-thumbnail","hentry","category-america-es","category-paises-es","category-sociedad-es","tag-schoenstatt-costa-rica-es","tag-sociedad-es"],"yoast_head":"<!-- This site is optimized with the Yoast SEO Premium plugin v27.4 (Yoast SEO v27.5) - https:\/\/yoast.com\/product\/yoast-seo-premium-wordpress\/ -->\n<title>Aporte novedoso de Schoenstatt a la pol\u00edtica de Costa Rica - Schoenstatt<\/title>\n<meta name=\"description\" content=\"Mayi Antill\u00f3n G. es facilitadora de un grupo de 40 pol\u00edticos que desean fortalecerse para servir al pueblo como cat\u00f3licos comprometidos.\" \/>\n<meta name=\"robots\" content=\"index, follow, max-snippet:-1, max-image-preview:large, max-video-preview:-1\" \/>\n<link rel=\"canonical\" href=\"https:\/\/schoenstatt.com\/es\/aporte-novedoso-de-schoenstatt-a-la-politica-de-costa-rica\/\" \/>\n<meta property=\"og:locale\" content=\"es_ES\" \/>\n<meta property=\"og:type\" content=\"article\" \/>\n<meta property=\"og:title\" content=\"Aporte novedoso de Schoenstatt a la pol\u00edtica de Costa Rica\" \/>\n<meta property=\"og:description\" content=\"Mayi Antill\u00f3n G. es facilitadora de un grupo de 40 pol\u00edticos que desean fortalecerse para servir al pueblo como cat\u00f3licos comprometidos.\" \/>\n<meta property=\"og:url\" content=\"https:\/\/schoenstatt.com\/es\/aporte-novedoso-de-schoenstatt-a-la-politica-de-costa-rica\/\" \/>\n<meta property=\"og:site_name\" content=\"Schoenstatt\" \/>\n<meta property=\"article:published_time\" content=\"2021-11-20T16:41:25+00:00\" \/>\n<meta property=\"article:modified_time\" content=\"2025-08-21T22:19:46+00:00\" \/>\n<meta property=\"og:image\" content=\"https:\/\/schoenstatt.com\/wp-content\/uploads\/2021\/11\/Santuario-CR-con-Politicos-1.jpeg\" \/>\n\t<meta property=\"og:image:width\" content=\"1280\" \/>\n\t<meta property=\"og:image:height\" content=\"960\" \/>\n\t<meta property=\"og:image:type\" content=\"image\/jpeg\" \/>\n<meta name=\"author\" content=\"admin\" \/>\n<meta name=\"twitter:card\" content=\"summary_large_image\" \/>\n<meta name=\"twitter:label1\" content=\"Escrito por\" \/>\n\t<meta name=\"twitter:data1\" content=\"admin\" \/>\n\t<meta name=\"twitter:label2\" content=\"Tiempo de lectura\" \/>\n\t<meta name=\"twitter:data2\" content=\"5 minutos\" \/>\n<script type=\"application\/ld+json\" class=\"yoast-schema-graph\">{\"@context\":\"https:\\\/\\\/schema.org\",\"@graph\":[{\"@type\":\"Article\",\"@id\":\"https:\\\/\\\/schoenstatt.com\\\/es\\\/aporte-novedoso-de-schoenstatt-a-la-politica-de-costa-rica\\\/#article\",\"isPartOf\":{\"@id\":\"https:\\\/\\\/schoenstatt.com\\\/es\\\/aporte-novedoso-de-schoenstatt-a-la-politica-de-costa-rica\\\/\"},\"author\":{\"name\":\"admin\",\"@id\":\"https:\\\/\\\/schoenstatt.com\\\/es\\\/#\\\/schema\\\/person\\\/489465b1850e7b216fe2c10dfc262551\"},\"headline\":\"Aporte novedoso de Schoenstatt a la pol\u00edtica de Costa Rica\",\"datePublished\":\"2021-11-20T16:41:25+00:00\",\"dateModified\":\"2025-08-21T22:19:46+00:00\",\"mainEntityOfPage\":{\"@id\":\"https:\\\/\\\/schoenstatt.com\\\/es\\\/aporte-novedoso-de-schoenstatt-a-la-politica-de-costa-rica\\\/\"},\"wordCount\":962,\"publisher\":{\"@id\":\"https:\\\/\\\/schoenstatt.com\\\/es\\\/#organization\"},\"image\":{\"@id\":\"https:\\\/\\\/schoenstatt.com\\\/es\\\/aporte-novedoso-de-schoenstatt-a-la-politica-de-costa-rica\\\/#primaryimage\"},\"thumbnailUrl\":\"https:\\\/\\\/schoenstatt.com\\\/wp-content\\\/uploads\\\/2021\\\/11\\\/Santuario-CR-con-Politicos-1.jpeg\",\"keywords\":[\"Schoenstatt Costa Rica\",\"Sociedad\"],\"articleSection\":[\"Am\u00e9rica\",\"Pa\u00edses\",\"Sociedad\"],\"inLanguage\":\"es\"},{\"@type\":\"WebPage\",\"@id\":\"https:\\\/\\\/schoenstatt.com\\\/es\\\/aporte-novedoso-de-schoenstatt-a-la-politica-de-costa-rica\\\/\",\"url\":\"https:\\\/\\\/schoenstatt.com\\\/es\\\/aporte-novedoso-de-schoenstatt-a-la-politica-de-costa-rica\\\/\",\"name\":\"Aporte novedoso de Schoenstatt a la pol\u00edtica de Costa Rica - Schoenstatt\",\"isPartOf\":{\"@id\":\"https:\\\/\\\/schoenstatt.com\\\/es\\\/#website\"},\"primaryImageOfPage\":{\"@id\":\"https:\\\/\\\/schoenstatt.com\\\/es\\\/aporte-novedoso-de-schoenstatt-a-la-politica-de-costa-rica\\\/#primaryimage\"},\"image\":{\"@id\":\"https:\\\/\\\/schoenstatt.com\\\/es\\\/aporte-novedoso-de-schoenstatt-a-la-politica-de-costa-rica\\\/#primaryimage\"},\"thumbnailUrl\":\"https:\\\/\\\/schoenstatt.com\\\/wp-content\\\/uploads\\\/2021\\\/11\\\/Santuario-CR-con-Politicos-1.jpeg\",\"datePublished\":\"2021-11-20T16:41:25+00:00\",\"dateModified\":\"2025-08-21T22:19:46+00:00\",\"description\":\"Mayi Antill\u00f3n G. es facilitadora de un grupo de 40 pol\u00edticos que desean fortalecerse para servir al pueblo como cat\u00f3licos comprometidos.\",\"breadcrumb\":{\"@id\":\"https:\\\/\\\/schoenstatt.com\\\/es\\\/aporte-novedoso-de-schoenstatt-a-la-politica-de-costa-rica\\\/#breadcrumb\"},\"inLanguage\":\"es\",\"potentialAction\":[{\"@type\":\"ReadAction\",\"target\":[\"https:\\\/\\\/schoenstatt.com\\\/es\\\/aporte-novedoso-de-schoenstatt-a-la-politica-de-costa-rica\\\/\"]}]},{\"@type\":\"ImageObject\",\"inLanguage\":\"es\",\"@id\":\"https:\\\/\\\/schoenstatt.com\\\/es\\\/aporte-novedoso-de-schoenstatt-a-la-politica-de-costa-rica\\\/#primaryimage\",\"url\":\"https:\\\/\\\/schoenstatt.com\\\/wp-content\\\/uploads\\\/2021\\\/11\\\/Santuario-CR-con-Politicos-1.jpeg\",\"contentUrl\":\"https:\\\/\\\/schoenstatt.com\\\/wp-content\\\/uploads\\\/2021\\\/11\\\/Santuario-CR-con-Politicos-1.jpeg\",\"width\":1280,\"height\":960,\"caption\":\"Schoenstatt na pol\u00edtica\"},{\"@type\":\"BreadcrumbList\",\"@id\":\"https:\\\/\\\/schoenstatt.com\\\/es\\\/aporte-novedoso-de-schoenstatt-a-la-politica-de-costa-rica\\\/#breadcrumb\",\"itemListElement\":[{\"@type\":\"ListItem\",\"position\":1,\"name\":\"Portada\",\"item\":\"https:\\\/\\\/schoenstatt.com\\\/es\\\/home\\\/\"},{\"@type\":\"ListItem\",\"position\":2,\"name\":\"Aporte novedoso de Schoenstatt a la pol\u00edtica de Costa Rica\"}]},{\"@type\":\"WebSite\",\"@id\":\"https:\\\/\\\/schoenstatt.com\\\/es\\\/#website\",\"url\":\"https:\\\/\\\/schoenstatt.com\\\/es\\\/\",\"name\":\"Schoenstatt\",\"description\":\"Apostolic Movement\",\"publisher\":{\"@id\":\"https:\\\/\\\/schoenstatt.com\\\/es\\\/#organization\"},\"potentialAction\":[{\"@type\":\"SearchAction\",\"target\":{\"@type\":\"EntryPoint\",\"urlTemplate\":\"https:\\\/\\\/schoenstatt.com\\\/es\\\/?s={search_term_string}\"},\"query-input\":{\"@type\":\"PropertyValueSpecification\",\"valueRequired\":true,\"valueName\":\"search_term_string\"}}],\"inLanguage\":\"es\"},{\"@type\":\"Organization\",\"@id\":\"https:\\\/\\\/schoenstatt.com\\\/es\\\/#organization\",\"name\":\"Schoenstatt\",\"url\":\"https:\\\/\\\/schoenstatt.com\\\/es\\\/\",\"logo\":{\"@type\":\"ImageObject\",\"inLanguage\":\"es\",\"@id\":\"https:\\\/\\\/schoenstatt.com\\\/es\\\/#\\\/schema\\\/logo\\\/image\\\/\",\"url\":\"https:\\\/\\\/schoenstatt.com\\\/wp-content\\\/uploads\\\/2025\\\/04\\\/logo-schoenstatt-white-696x696-1.png\",\"contentUrl\":\"https:\\\/\\\/schoenstatt.com\\\/wp-content\\\/uploads\\\/2025\\\/04\\\/logo-schoenstatt-white-696x696-1.png\",\"width\":696,\"height\":694,\"caption\":\"Schoenstatt\"},\"image\":{\"@id\":\"https:\\\/\\\/schoenstatt.com\\\/es\\\/#\\\/schema\\\/logo\\\/image\\\/\"}},{\"@type\":\"Person\",\"@id\":\"https:\\\/\\\/schoenstatt.com\\\/es\\\/#\\\/schema\\\/person\\\/489465b1850e7b216fe2c10dfc262551\",\"name\":\"admin\",\"image\":{\"@type\":\"ImageObject\",\"inLanguage\":\"es\",\"@id\":\"https:\\\/\\\/secure.gravatar.com\\\/avatar\\\/02e8345e1ec40ab0e0a2a98fdde64a684bbaf994cddcb778b25b8b024ee9dfe6?s=96&d=mm&r=g\",\"url\":\"https:\\\/\\\/secure.gravatar.com\\\/avatar\\\/02e8345e1ec40ab0e0a2a98fdde64a684bbaf994cddcb778b25b8b024ee9dfe6?s=96&d=mm&r=g\",\"contentUrl\":\"https:\\\/\\\/secure.gravatar.com\\\/avatar\\\/02e8345e1ec40ab0e0a2a98fdde64a684bbaf994cddcb778b25b8b024ee9dfe6?s=96&d=mm&r=g\",\"caption\":\"admin\"},\"sameAs\":[\"https:\\\/\\\/schoenstatt.com\"],\"url\":\"https:\\\/\\\/schoenstatt.com\\\/es\\\/author\\\/admin\\\/\"}]}<\/script>\n<!-- \/ Yoast SEO Premium plugin. -->","yoast_head_json":{"title":"Aporte novedoso de Schoenstatt a la pol\u00edtica de Costa Rica - Schoenstatt","description":"Mayi Antill\u00f3n G. es facilitadora de un grupo de 40 pol\u00edticos que desean fortalecerse para servir al pueblo como cat\u00f3licos comprometidos.","robots":{"index":"index","follow":"follow","max-snippet":"max-snippet:-1","max-image-preview":"max-image-preview:large","max-video-preview":"max-video-preview:-1"},"canonical":"https:\/\/schoenstatt.com\/es\/aporte-novedoso-de-schoenstatt-a-la-politica-de-costa-rica\/","og_locale":"es_ES","og_type":"article","og_title":"Aporte novedoso de Schoenstatt a la pol\u00edtica de Costa Rica","og_description":"Mayi Antill\u00f3n G. es facilitadora de un grupo de 40 pol\u00edticos que desean fortalecerse para servir al pueblo como cat\u00f3licos comprometidos.","og_url":"https:\/\/schoenstatt.com\/es\/aporte-novedoso-de-schoenstatt-a-la-politica-de-costa-rica\/","og_site_name":"Schoenstatt","article_published_time":"2021-11-20T16:41:25+00:00","article_modified_time":"2025-08-21T22:19:46+00:00","og_image":[{"width":1280,"height":960,"url":"https:\/\/schoenstatt.com\/wp-content\/uploads\/2021\/11\/Santuario-CR-con-Politicos-1.jpeg","type":"image\/jpeg"}],"author":"admin","twitter_card":"summary_large_image","twitter_misc":{"Escrito por":"admin","Tiempo de lectura":"5 minutos"},"schema":{"@context":"https:\/\/schema.org","@graph":[{"@type":"Article","@id":"https:\/\/schoenstatt.com\/es\/aporte-novedoso-de-schoenstatt-a-la-politica-de-costa-rica\/#article","isPartOf":{"@id":"https:\/\/schoenstatt.com\/es\/aporte-novedoso-de-schoenstatt-a-la-politica-de-costa-rica\/"},"author":{"name":"admin","@id":"https:\/\/schoenstatt.com\/es\/#\/schema\/person\/489465b1850e7b216fe2c10dfc262551"},"headline":"Aporte novedoso de Schoenstatt a la pol\u00edtica de Costa Rica","datePublished":"2021-11-20T16:41:25+00:00","dateModified":"2025-08-21T22:19:46+00:00","mainEntityOfPage":{"@id":"https:\/\/schoenstatt.com\/es\/aporte-novedoso-de-schoenstatt-a-la-politica-de-costa-rica\/"},"wordCount":962,"publisher":{"@id":"https:\/\/schoenstatt.com\/es\/#organization"},"image":{"@id":"https:\/\/schoenstatt.com\/es\/aporte-novedoso-de-schoenstatt-a-la-politica-de-costa-rica\/#primaryimage"},"thumbnailUrl":"https:\/\/schoenstatt.com\/wp-content\/uploads\/2021\/11\/Santuario-CR-con-Politicos-1.jpeg","keywords":["Schoenstatt Costa Rica","Sociedad"],"articleSection":["Am\u00e9rica","Pa\u00edses","Sociedad"],"inLanguage":"es"},{"@type":"WebPage","@id":"https:\/\/schoenstatt.com\/es\/aporte-novedoso-de-schoenstatt-a-la-politica-de-costa-rica\/","url":"https:\/\/schoenstatt.com\/es\/aporte-novedoso-de-schoenstatt-a-la-politica-de-costa-rica\/","name":"Aporte novedoso de Schoenstatt a la pol\u00edtica de Costa Rica - Schoenstatt","isPartOf":{"@id":"https:\/\/schoenstatt.com\/es\/#website"},"primaryImageOfPage":{"@id":"https:\/\/schoenstatt.com\/es\/aporte-novedoso-de-schoenstatt-a-la-politica-de-costa-rica\/#primaryimage"},"image":{"@id":"https:\/\/schoenstatt.com\/es\/aporte-novedoso-de-schoenstatt-a-la-politica-de-costa-rica\/#primaryimage"},"thumbnailUrl":"https:\/\/schoenstatt.com\/wp-content\/uploads\/2021\/11\/Santuario-CR-con-Politicos-1.jpeg","datePublished":"2021-11-20T16:41:25+00:00","dateModified":"2025-08-21T22:19:46+00:00","description":"Mayi Antill\u00f3n G. es facilitadora de un grupo de 40 pol\u00edticos que desean fortalecerse para servir al pueblo como cat\u00f3licos comprometidos.","breadcrumb":{"@id":"https:\/\/schoenstatt.com\/es\/aporte-novedoso-de-schoenstatt-a-la-politica-de-costa-rica\/#breadcrumb"},"inLanguage":"es","potentialAction":[{"@type":"ReadAction","target":["https:\/\/schoenstatt.com\/es\/aporte-novedoso-de-schoenstatt-a-la-politica-de-costa-rica\/"]}]},{"@type":"ImageObject","inLanguage":"es","@id":"https:\/\/schoenstatt.com\/es\/aporte-novedoso-de-schoenstatt-a-la-politica-de-costa-rica\/#primaryimage","url":"https:\/\/schoenstatt.com\/wp-content\/uploads\/2021\/11\/Santuario-CR-con-Politicos-1.jpeg","contentUrl":"https:\/\/schoenstatt.com\/wp-content\/uploads\/2021\/11\/Santuario-CR-con-Politicos-1.jpeg","width":1280,"height":960,"caption":"Schoenstatt na pol\u00edtica"},{"@type":"BreadcrumbList","@id":"https:\/\/schoenstatt.com\/es\/aporte-novedoso-de-schoenstatt-a-la-politica-de-costa-rica\/#breadcrumb","itemListElement":[{"@type":"ListItem","position":1,"name":"Portada","item":"https:\/\/schoenstatt.com\/es\/home\/"},{"@type":"ListItem","position":2,"name":"Aporte novedoso de Schoenstatt a la pol\u00edtica de Costa Rica"}]},{"@type":"WebSite","@id":"https:\/\/schoenstatt.com\/es\/#website","url":"https:\/\/schoenstatt.com\/es\/","name":"Schoenstatt","description":"Apostolic Movement","publisher":{"@id":"https:\/\/schoenstatt.com\/es\/#organization"},"potentialAction":[{"@type":"SearchAction","target":{"@type":"EntryPoint","urlTemplate":"https:\/\/schoenstatt.com\/es\/?s={search_term_string}"},"query-input":{"@type":"PropertyValueSpecification","valueRequired":true,"valueName":"search_term_string"}}],"inLanguage":"es"},{"@type":"Organization","@id":"https:\/\/schoenstatt.com\/es\/#organization","name":"Schoenstatt","url":"https:\/\/schoenstatt.com\/es\/","logo":{"@type":"ImageObject","inLanguage":"es","@id":"https:\/\/schoenstatt.com\/es\/#\/schema\/logo\/image\/","url":"https:\/\/schoenstatt.com\/wp-content\/uploads\/2025\/04\/logo-schoenstatt-white-696x696-1.png","contentUrl":"https:\/\/schoenstatt.com\/wp-content\/uploads\/2025\/04\/logo-schoenstatt-white-696x696-1.png","width":696,"height":694,"caption":"Schoenstatt"},"image":{"@id":"https:\/\/schoenstatt.com\/es\/#\/schema\/logo\/image\/"}},{"@type":"Person","@id":"https:\/\/schoenstatt.com\/es\/#\/schema\/person\/489465b1850e7b216fe2c10dfc262551","name":"admin","image":{"@type":"ImageObject","inLanguage":"es","@id":"https:\/\/secure.gravatar.com\/avatar\/02e8345e1ec40ab0e0a2a98fdde64a684bbaf994cddcb778b25b8b024ee9dfe6?s=96&d=mm&r=g","url":"https:\/\/secure.gravatar.com\/avatar\/02e8345e1ec40ab0e0a2a98fdde64a684bbaf994cddcb778b25b8b024ee9dfe6?s=96&d=mm&r=g","contentUrl":"https:\/\/secure.gravatar.com\/avatar\/02e8345e1ec40ab0e0a2a98fdde64a684bbaf994cddcb778b25b8b024ee9dfe6?s=96&d=mm&r=g","caption":"admin"},"sameAs":["https:\/\/schoenstatt.com"],"url":"https:\/\/schoenstatt.com\/es\/author\/admin\/"}]}},"_links":{"self":[{"href":"https:\/\/schoenstatt.com\/es\/wp-json\/wp\/v2\/posts\/21741","targetHints":{"allow":["GET"]}}],"collection":[{"href":"https:\/\/schoenstatt.com\/es\/wp-json\/wp\/v2\/posts"}],"about":[{"href":"https:\/\/schoenstatt.com\/es\/wp-json\/wp\/v2\/types\/post"}],"author":[{"embeddable":true,"href":"https:\/\/schoenstatt.com\/es\/wp-json\/wp\/v2\/users\/1"}],"replies":[{"embeddable":true,"href":"https:\/\/schoenstatt.com\/es\/wp-json\/wp\/v2\/comments?post=21741"}],"version-history":[{"count":1,"href":"https:\/\/schoenstatt.com\/es\/wp-json\/wp\/v2\/posts\/21741\/revisions"}],"predecessor-version":[{"id":44817,"href":"https:\/\/schoenstatt.com\/es\/wp-json\/wp\/v2\/posts\/21741\/revisions\/44817"}],"wp:featuredmedia":[{"embeddable":true,"href":"https:\/\/schoenstatt.com\/es\/wp-json\/wp\/v2\/media\/21751"}],"wp:attachment":[{"href":"https:\/\/schoenstatt.com\/es\/wp-json\/wp\/v2\/media?parent=21741"}],"wp:term":[{"taxonomy":"category","embeddable":true,"href":"https:\/\/schoenstatt.com\/es\/wp-json\/wp\/v2\/categories?post=21741"},{"taxonomy":"post_tag","embeddable":true,"href":"https:\/\/schoenstatt.com\/es\/wp-json\/wp\/v2\/tags?post=21741"}],"curies":[{"name":"wp","href":"https:\/\/api.w.org\/{rel}","templated":true}]}}