{"id":20946,"date":"2021-11-04T17:39:12","date_gmt":"2021-11-04T16:39:12","guid":{"rendered":"https:\/\/schoenstatt.com\/?p=20946"},"modified":"2025-08-22T17:32:43","modified_gmt":"2025-08-22T15:32:43","slug":"las-personas-que-sufren-depresion-el-video-del-papa-noviembre-de-2021","status":"publish","type":"post","link":"https:\/\/schoenstatt.com\/es\/las-personas-que-sufren-depresion-el-video-del-papa-noviembre-de-2021\/","title":{"rendered":"Las personas que sufren depresi\u00f3n: El Video del Papa &#8211; Noviembre de 2021"},"content":{"rendered":"<p>La sobrecarga de trabajo, el estr\u00e9s laboral hacen que muchas personas experimenten un agotamiento extremo, un agotamiento mental, emocional, afectivo y f\u00edsico.<\/p>\n<p>La tristeza, la apat\u00eda, el cansancio espiritual terminan por dominar la vida de las personas que se ven desbordadas por el ritmo de la vida actual.<\/p>\n<p>Procuremos estar cerca de los que est\u00e1n agotados, de los que est\u00e1n desesperados, sin esperanza, muchas veces escuchando simplemente en silencio porque no podemos ir a decirle a una persona: \u2018No, la vida no es as\u00ed. Esc\u00fachame, yo te doy la receta\u2019. No hay receta.<\/p>\n<p>Y adem\u00e1s, no olvidemos que, junto al imprescindible acompa\u00f1amiento psicol\u00f3gico, \u00fatil y eficaz, las palabras de Jes\u00fas tambi\u00e9n les ayudan. Me viene a la mente y al coraz\u00f3n: \u2018Venid a m\u00ed todos los que est\u00e1is fatigados y sobrecargados, y yo os dar\u00e9 descanso\u2019.<\/p>\n<p>Recemos para que las personas, que sufren de depresi\u00f3n o agotamiento extremo, reciban apoyo de todos y reciban una luz que les abra a la vida.<\/p>\n<h3>Estr\u00e9s, depresi\u00f3n y agotamiento extremo: El Papa pide estar cerca de quienes se sienten desbordados<\/h3>\n<p><em>Fue publicado el\u00a0Video del Papa\u00a0de noviembre, en el que el Papa Francisco manifiesta su cercan\u00eda con todas las personas que se sienten desbordadas en su d\u00eda a d\u00eda, sobre todo en los casos de estr\u00e9s y depresi\u00f3n, y pide rezar para que reciban el acompa\u00f1amiento necesario<\/em>.<\/p>\n<p>(Ciudad del Vaticano, 3 de noviembre de 2021) \u2013 En el nuevo Video del Papa que ha sido publicado recientemente,\u00a0<strong>Francisco\u00a0<\/strong>conf\u00eda a toda la\u00a0<strong>Iglesia Cat\u00f3lica<\/strong>\u00a0a trav\u00e9s de la\u00a0<a href=\"https:\/\/www.popesprayer.va\/es\/\" target=\"_blank\" rel=\"noopener\">Red Mundial de Oraci\u00f3n del Papa<\/a>\u00a0la intenci\u00f3n de oraci\u00f3n para el mes de noviembre. En esta ocasi\u00f3n, el\u00a0<strong>Santo Padre<\/strong>\u00a0hace un llamado de atenci\u00f3n sobre el estr\u00e9s y la depresi\u00f3n que afectan a muchas personas. Consciente de que personas de todo el mundo atraviesan per\u00edodos de fuerte agotamiento mental, emocional y afectivo (en diversas formas y grados), el\u00a0<strong>Papa\u00a0<\/strong>alienta a que est\u00e9n adecuadamente acompa\u00f1adas, a rezar por ellos y pide no olvidar la cercan\u00eda de\u00a0<strong>Jes\u00fas<\/strong>.<\/p>\n<p>Esta edici\u00f3n de El Video del Papa cont\u00f3 con el apoyo de la\u00a0Association of Catholic Mental Health Ministers\u00a0(Asociaci\u00f3n de Ministros Cat\u00f3licos de Salud Mental), una asociaci\u00f3n que brinda apoyo espiritual a personas que padecen alguna enfermedad mental y fomenta acciones para prevenir cualquier tipo de discriminaci\u00f3n que les impida participar plenamente de la vida de la Iglesia.<\/p>\n<h3>Depresi\u00f3n y ansiedad: los trastornos de salud mental que m\u00e1s prevalecen<\/h3>\n<p>El mensaje de la intenci\u00f3n de oraci\u00f3n del\u00a0<strong>Papa Francisco<\/strong>\u00a0aborda un tema central en la vida de millones de personas: la\u00a0<strong>salud mental<\/strong>. En el video explica que en muchos casos, \u201cla tristeza, la apat\u00eda, el cansancio espiritual terminan por dominar la vida de las personas que se ven desbordadas por el ritmo de la vida actual\u201d.<\/p>\n<p>De hecho, un estudio\u00a0publicado este a\u00f1o estima que una de cada diez personas a nivel mundial vive con un trastorno de\u00a0<strong>salud mental<\/strong>, es decir unas 792 millones de personas que representan el 11% de la poblaci\u00f3n. De los distintos trastornos que existen, el estudio sit\u00faa a la\u00a0depresi\u00f3n\u00a0(264 millones, 3%) y a la\u00a0<strong>ansiedad\u00a0<\/strong>(284 millones, 4%) como los que m\u00e1s prevalecen en la vida de las personas.<\/p>\n<p>La\u00a0<strong>ONU\u00a0<\/strong>a su vez advierte que la depresi\u00f3n cuando es recurrente y de intensidad moderada o severa, puede convertirse en una condici\u00f3n de salud grave. En el peor de los casos puede llevar al\u00a0<strong>suicidio<\/strong>, que actualmente se cobra la vida de m\u00e1s de 700 mil personas cada a\u00f1o y ocupa el cuarto lugar en las causas de muerte entre j\u00f3venes de 15 a 29 a\u00f1os.<\/p>\n<h3>Salud mental en tiempos de COVID-19<\/h3>\n<p>La\u00a0<strong>pandemia mundial del COVID-19<\/strong>\u00a0que ha provocado la muerte de millones, tambi\u00e9n ha puesto a prueba la resistencia mental y emocional de innumerables personas y ha afectado su equilibrio psicol\u00f3gico. En ocasiones, esto ha generado verdaderas situaciones de angustia y desesperaci\u00f3n. En l\u00ednea con esta realidad el\u00a0<strong>Santo Padre<\/strong>\u00a0pide \u201cestar cerca de los que est\u00e1n agotados, de los que est\u00e1n desesperados, sin esperanza, muchas veces escuchando simplemente en silencio\u201d.<\/p>\n<p>El\u00a0Dicasterio para el Servicio del Desarrollo Humano Integral\u00a0ha elaborado un documento\u00a0dirigido a quienes quieren ayudar y acompa\u00f1ar a personas con sufrimiento psicol\u00f3gico, sobre todo a causa de la\u00a0pandemia.\u00a0El mismo destaca alguno de los principales desencadenantes, c\u00f3mo por ejemplo la incertidumbre laboral futura, que han desarrollado en personas mentalmente sanas o que han agravado trastornos mentales graves como son la depresi\u00f3n, los ataques de p\u00e1nico y ansiedad, entre otras patolog\u00edas relacionadas.<\/p>\n<p><img fetchpriority=\"high\" decoding=\"async\" class=\"wp-image-20948 aligncenter\" src=\"https:\/\/schoenstatt.com\/wp-content\/uploads\/2021\/11\/ES-300x169.png\" alt=\"Salud mental\" width=\"600\" height=\"338\" \/><\/p>\n<h3>Una presencia sanadora<\/h3>\n<p>El mensaje del Papa tambi\u00e9n es compartido por la <strong>Association of Catholic Mental Health Ministers<\/strong>\u00a0(Asociaci\u00f3n de Ministros Cat\u00f3licos de Salud Mental), una asociaci\u00f3n laica de fieles cristianos fundada en los Estados Unidos, cuyos miembros est\u00e1n llamados a ser una presencia sanadora en la vida de las personas con enfermedades mentales. Su presidente, el di\u00e1cono permanente\u00a0<strong>Ed Shoener<\/strong>, explic\u00f3 la necesidad de responder al llamado del\u00a0Papa\u00a0Francisco:\u00a0\u00abNuestra misi\u00f3n es apoyar el desarrollo del ministerio de salud mental en la Iglesia. El Papa <strong>Francisco<\/strong> ha dicho que necesitamos superar completamente la estigmatizaci\u00f3n que a menudo caracteriza a las enfermedades mentales, para garantizar que una cultura de comunidad prevalezca sobre la actitud de rechazo. Estamos comprometidos a responder al llamado del Papa a construir una comunidad de calidez y afecto, donde las personas que viven con depresi\u00f3n y otros trastornos mentales puedan encontrar esperanza y curaci\u00f3n\u00bb.<\/p>\n<h3>Las palabras de Jes\u00fas: \u201cVenid a m\u00ed los que est\u00e1is fatigados\u201d<\/h3>\n<p>El\u00a0<strong>P. Fr\u00e9d\u00e9ric Fornos S.J.<\/strong>, Director Internacional de la\u00a0<a href=\"https:\/\/www.popesprayer.va\/es\/\" target=\"_blank\" rel=\"noopener\">Red Mundial de Oraci\u00f3n del Papa<\/a>, coment\u00f3 a prop\u00f3sito de esta intenci\u00f3n:\u00a0\u201cNuestras sociedades, su ritmo de vida, sus tecnolog\u00edas cada vez m\u00e1s veloces, favorecen la depresi\u00f3n y el s\u00edndrome de agotamiento y estr\u00e9s llamado \u2018burnout\u2019. La pandemia ha agravado el sufrimiento de muchos. Francisco nos pide rezar y estar cerca de los que sufren agotamiento extremo, mental, emocional y f\u00edsico. Un acompa\u00f1amiento psicol\u00f3gico es necesario, sin embargo nos recuerda que las palabras de Jes\u00fas tambi\u00e9n ayudan, ofrecen consuelo y cuidado: \u2018Venid a m\u00ed todos los que est\u00e1is fatigados y sobrecargados, y yo os dar\u00e9 descanso\u2019. Es tambi\u00e9n el consejo de Evagrio P\u00f3ntico, un Padre del desierto del siglo IV, llamado el \u2018escrutador del alma\u2019, qui\u00e9n identific\u00f3 ocho enfermedades del alma, y propuso caminos de vida, meditando la Palabra de Dios\u201d.<\/p>\n<p><iframe title=\"Las personas que sufren depresi\u00f3n \u2013 El Video del Papa 11 \u2013 Noviembre 2021\" width=\"800\" height=\"450\" src=\"https:\/\/www.youtube.com\/embed\/cM4_f72D9Tc?feature=oembed\" frameborder=\"0\" allow=\"accelerometer; autoplay; clipboard-write; encrypted-media; gyroscope; picture-in-picture; web-share\" referrerpolicy=\"strict-origin-when-cross-origin\" allowfullscreen><\/iframe><\/p>\n<p><strong>Fuente:<\/strong> <a href=\"http:\/\/thepopevideo.org\" target=\"_blank\" rel=\"noopener\">thepopevideo.org<\/a><\/p>\n<p><strong>Lee adem\u00e1s:<\/strong><\/p>\n<p><a href=\"https:\/\/schoenstatt.com\/es\/juventud\/mensaje-del-papa-para-la-xxxvi-jmj-2021levantate-te-hago-testigo-de-las-cosas-que-has-visto\/\" target=\"_blank\" rel=\"noopener\">Mensaje del Papa para la XXXVI JMJ 2021: \u00abLev\u00e1ntate! Te hago testigo de las cosas que has visto\u00bb<\/a><\/p>\n","protected":false},"excerpt":{"rendered":"<p>Francisco nos pide rezar y estar cerca de los que sufren agotamiento extremo.<\/p>\n","protected":false},"author":6,"featured_media":20952,"comment_status":"closed","ping_status":"open","sticky":false,"template":"","format":"standard","meta":{"footnotes":""},"categories":[683,800],"tags":[1302,1304],"class_list":["post-20946","post","type-post","status-publish","format-standard","has-post-thumbnail","hentry","category-iglesia-es","category-papa-francisco-es","tag-papa-francisco-es","tag-video-del-papa-es"],"yoast_head":"<!-- This site is optimized with the Yoast SEO Premium plugin v27.4 (Yoast SEO v27.4) - https:\/\/yoast.com\/product\/yoast-seo-premium-wordpress\/ -->\n<title>Las personas que sufren depresi\u00f3n: El Video del Papa - Noviembre de 2021 - Schoenstatt<\/title>\n<meta name=\"description\" content=\"Recemos para que las personas, que sufren de depresi\u00f3n o agotamiento extremo, reciban apoyo de todos y una luz que les abra a la vida.\" \/>\n<meta name=\"robots\" content=\"index, follow, max-snippet:-1, max-image-preview:large, max-video-preview:-1\" \/>\n<link rel=\"canonical\" href=\"https:\/\/schoenstatt.com\/es\/las-personas-que-sufren-depresion-el-video-del-papa-noviembre-de-2021\/\" \/>\n<meta property=\"og:locale\" content=\"es_ES\" \/>\n<meta property=\"og:type\" content=\"article\" \/>\n<meta property=\"og:title\" content=\"Las personas que sufren depresi\u00f3n: El Video del Papa - Noviembre de 2021\" \/>\n<meta property=\"og:description\" content=\"Recemos para que las personas, que sufren de depresi\u00f3n o agotamiento extremo, reciban apoyo de todos y una luz que les abra a la vida.\" \/>\n<meta property=\"og:url\" content=\"https:\/\/schoenstatt.com\/es\/las-personas-que-sufren-depresion-el-video-del-papa-noviembre-de-2021\/\" \/>\n<meta property=\"og:site_name\" content=\"Schoenstatt\" \/>\n<meta property=\"article:published_time\" content=\"2021-11-04T16:39:12+00:00\" \/>\n<meta property=\"article:modified_time\" content=\"2025-08-22T15:32:43+00:00\" \/>\n<meta property=\"og:image\" content=\"https:\/\/schoenstatt.com\/wp-content\/uploads\/2021\/11\/Featured-image-2.png\" \/>\n\t<meta property=\"og:image:width\" content=\"1812\" \/>\n\t<meta property=\"og:image:height\" content=\"1032\" \/>\n\t<meta property=\"og:image:type\" content=\"image\/png\" \/>\n<meta name=\"author\" content=\"Vanessa Franke\" \/>\n<meta name=\"twitter:card\" content=\"summary_large_image\" \/>\n<meta name=\"twitter:label1\" content=\"Escrito por\" \/>\n\t<meta name=\"twitter:data1\" content=\"Vanessa Franke\" \/>\n\t<meta name=\"twitter:label2\" content=\"Tiempo de lectura\" \/>\n\t<meta name=\"twitter:data2\" content=\"6 minutos\" \/>\n<script type=\"application\/ld+json\" class=\"yoast-schema-graph\">{\"@context\":\"https:\\\/\\\/schema.org\",\"@graph\":[{\"@type\":\"Article\",\"@id\":\"https:\\\/\\\/schoenstatt.com\\\/es\\\/las-personas-que-sufren-depresion-el-video-del-papa-noviembre-de-2021\\\/#article\",\"isPartOf\":{\"@id\":\"https:\\\/\\\/schoenstatt.com\\\/es\\\/las-personas-que-sufren-depresion-el-video-del-papa-noviembre-de-2021\\\/\"},\"author\":{\"name\":\"Vanessa Franke\",\"@id\":\"https:\\\/\\\/schoenstatt.com\\\/es\\\/#\\\/schema\\\/person\\\/ea97a60c723e21c923e2177f0f3163f7\"},\"headline\":\"Las personas que sufren depresi\u00f3n: El Video del Papa &#8211; Noviembre de 2021\",\"datePublished\":\"2021-11-04T16:39:12+00:00\",\"dateModified\":\"2025-08-22T15:32:43+00:00\",\"mainEntityOfPage\":{\"@id\":\"https:\\\/\\\/schoenstatt.com\\\/es\\\/las-personas-que-sufren-depresion-el-video-del-papa-noviembre-de-2021\\\/\"},\"wordCount\":1190,\"publisher\":{\"@id\":\"https:\\\/\\\/schoenstatt.com\\\/es\\\/#organization\"},\"image\":{\"@id\":\"https:\\\/\\\/schoenstatt.com\\\/es\\\/las-personas-que-sufren-depresion-el-video-del-papa-noviembre-de-2021\\\/#primaryimage\"},\"thumbnailUrl\":\"https:\\\/\\\/schoenstatt.com\\\/wp-content\\\/uploads\\\/2021\\\/11\\\/Featured-image-2.png\",\"keywords\":[\"Papa Francisco\",\"Video del Papa\"],\"articleSection\":[\"Iglesia\",\"Papa Francisco\"],\"inLanguage\":\"es\"},{\"@type\":\"WebPage\",\"@id\":\"https:\\\/\\\/schoenstatt.com\\\/es\\\/las-personas-que-sufren-depresion-el-video-del-papa-noviembre-de-2021\\\/\",\"url\":\"https:\\\/\\\/schoenstatt.com\\\/es\\\/las-personas-que-sufren-depresion-el-video-del-papa-noviembre-de-2021\\\/\",\"name\":\"Las personas que sufren depresi\u00f3n: El Video del Papa - Noviembre de 2021 - Schoenstatt\",\"isPartOf\":{\"@id\":\"https:\\\/\\\/schoenstatt.com\\\/es\\\/#website\"},\"primaryImageOfPage\":{\"@id\":\"https:\\\/\\\/schoenstatt.com\\\/es\\\/las-personas-que-sufren-depresion-el-video-del-papa-noviembre-de-2021\\\/#primaryimage\"},\"image\":{\"@id\":\"https:\\\/\\\/schoenstatt.com\\\/es\\\/las-personas-que-sufren-depresion-el-video-del-papa-noviembre-de-2021\\\/#primaryimage\"},\"thumbnailUrl\":\"https:\\\/\\\/schoenstatt.com\\\/wp-content\\\/uploads\\\/2021\\\/11\\\/Featured-image-2.png\",\"datePublished\":\"2021-11-04T16:39:12+00:00\",\"dateModified\":\"2025-08-22T15:32:43+00:00\",\"description\":\"Recemos para que las personas, que sufren de depresi\u00f3n o agotamiento extremo, reciban apoyo de todos y una luz que les abra a la vida.\",\"breadcrumb\":{\"@id\":\"https:\\\/\\\/schoenstatt.com\\\/es\\\/las-personas-que-sufren-depresion-el-video-del-papa-noviembre-de-2021\\\/#breadcrumb\"},\"inLanguage\":\"es\",\"potentialAction\":[{\"@type\":\"ReadAction\",\"target\":[\"https:\\\/\\\/schoenstatt.com\\\/es\\\/las-personas-que-sufren-depresion-el-video-del-papa-noviembre-de-2021\\\/\"]}]},{\"@type\":\"ImageObject\",\"inLanguage\":\"es\",\"@id\":\"https:\\\/\\\/schoenstatt.com\\\/es\\\/las-personas-que-sufren-depresion-el-video-del-papa-noviembre-de-2021\\\/#primaryimage\",\"url\":\"https:\\\/\\\/schoenstatt.com\\\/wp-content\\\/uploads\\\/2021\\\/11\\\/Featured-image-2.png\",\"contentUrl\":\"https:\\\/\\\/schoenstatt.com\\\/wp-content\\\/uploads\\\/2021\\\/11\\\/Featured-image-2.png\",\"width\":1812,\"height\":1032,\"caption\":\"El video del Papa\"},{\"@type\":\"BreadcrumbList\",\"@id\":\"https:\\\/\\\/schoenstatt.com\\\/es\\\/las-personas-que-sufren-depresion-el-video-del-papa-noviembre-de-2021\\\/#breadcrumb\",\"itemListElement\":[{\"@type\":\"ListItem\",\"position\":1,\"name\":\"Portada\",\"item\":\"https:\\\/\\\/schoenstatt.com\\\/es\\\/home\\\/\"},{\"@type\":\"ListItem\",\"position\":2,\"name\":\"Las personas que sufren depresi\u00f3n: El Video del Papa &#8211; Noviembre de 2021\"}]},{\"@type\":\"WebSite\",\"@id\":\"https:\\\/\\\/schoenstatt.com\\\/es\\\/#website\",\"url\":\"https:\\\/\\\/schoenstatt.com\\\/es\\\/\",\"name\":\"Schoenstatt\",\"description\":\"Apostolic Movement\",\"publisher\":{\"@id\":\"https:\\\/\\\/schoenstatt.com\\\/es\\\/#organization\"},\"potentialAction\":[{\"@type\":\"SearchAction\",\"target\":{\"@type\":\"EntryPoint\",\"urlTemplate\":\"https:\\\/\\\/schoenstatt.com\\\/es\\\/?s={search_term_string}\"},\"query-input\":{\"@type\":\"PropertyValueSpecification\",\"valueRequired\":true,\"valueName\":\"search_term_string\"}}],\"inLanguage\":\"es\"},{\"@type\":\"Organization\",\"@id\":\"https:\\\/\\\/schoenstatt.com\\\/es\\\/#organization\",\"name\":\"Schoenstatt\",\"url\":\"https:\\\/\\\/schoenstatt.com\\\/es\\\/\",\"logo\":{\"@type\":\"ImageObject\",\"inLanguage\":\"es\",\"@id\":\"https:\\\/\\\/schoenstatt.com\\\/es\\\/#\\\/schema\\\/logo\\\/image\\\/\",\"url\":\"https:\\\/\\\/schoenstatt.com\\\/wp-content\\\/uploads\\\/2025\\\/04\\\/logo-schoenstatt-white-696x696-1.png\",\"contentUrl\":\"https:\\\/\\\/schoenstatt.com\\\/wp-content\\\/uploads\\\/2025\\\/04\\\/logo-schoenstatt-white-696x696-1.png\",\"width\":696,\"height\":694,\"caption\":\"Schoenstatt\"},\"image\":{\"@id\":\"https:\\\/\\\/schoenstatt.com\\\/es\\\/#\\\/schema\\\/logo\\\/image\\\/\"}},{\"@type\":\"Person\",\"@id\":\"https:\\\/\\\/schoenstatt.com\\\/es\\\/#\\\/schema\\\/person\\\/ea97a60c723e21c923e2177f0f3163f7\",\"name\":\"Vanessa Franke\",\"image\":{\"@type\":\"ImageObject\",\"inLanguage\":\"es\",\"@id\":\"https:\\\/\\\/secure.gravatar.com\\\/avatar\\\/a9bcca3409928ccd3195eca11e2ccbb2e5d7c7912e9a945d4f326f81a0a5cb4a?s=96&d=mm&r=g\",\"url\":\"https:\\\/\\\/secure.gravatar.com\\\/avatar\\\/a9bcca3409928ccd3195eca11e2ccbb2e5d7c7912e9a945d4f326f81a0a5cb4a?s=96&d=mm&r=g\",\"contentUrl\":\"https:\\\/\\\/secure.gravatar.com\\\/avatar\\\/a9bcca3409928ccd3195eca11e2ccbb2e5d7c7912e9a945d4f326f81a0a5cb4a?s=96&d=mm&r=g\",\"caption\":\"Vanessa Franke\"},\"url\":\"https:\\\/\\\/schoenstatt.com\\\/es\\\/author\\\/vanessa-franke\\\/\"}]}<\/script>\n<!-- \/ Yoast SEO Premium plugin. -->","yoast_head_json":{"title":"Las personas que sufren depresi\u00f3n: El Video del Papa - Noviembre de 2021 - Schoenstatt","description":"Recemos para que las personas, que sufren de depresi\u00f3n o agotamiento extremo, reciban apoyo de todos y una luz que les abra a la vida.","robots":{"index":"index","follow":"follow","max-snippet":"max-snippet:-1","max-image-preview":"max-image-preview:large","max-video-preview":"max-video-preview:-1"},"canonical":"https:\/\/schoenstatt.com\/es\/las-personas-que-sufren-depresion-el-video-del-papa-noviembre-de-2021\/","og_locale":"es_ES","og_type":"article","og_title":"Las personas que sufren depresi\u00f3n: El Video del Papa - Noviembre de 2021","og_description":"Recemos para que las personas, que sufren de depresi\u00f3n o agotamiento extremo, reciban apoyo de todos y una luz que les abra a la vida.","og_url":"https:\/\/schoenstatt.com\/es\/las-personas-que-sufren-depresion-el-video-del-papa-noviembre-de-2021\/","og_site_name":"Schoenstatt","article_published_time":"2021-11-04T16:39:12+00:00","article_modified_time":"2025-08-22T15:32:43+00:00","og_image":[{"width":1812,"height":1032,"url":"https:\/\/schoenstatt.com\/wp-content\/uploads\/2021\/11\/Featured-image-2.png","type":"image\/png"}],"author":"Vanessa Franke","twitter_card":"summary_large_image","twitter_misc":{"Escrito por":"Vanessa Franke","Tiempo de lectura":"6 minutos"},"schema":{"@context":"https:\/\/schema.org","@graph":[{"@type":"Article","@id":"https:\/\/schoenstatt.com\/es\/las-personas-que-sufren-depresion-el-video-del-papa-noviembre-de-2021\/#article","isPartOf":{"@id":"https:\/\/schoenstatt.com\/es\/las-personas-que-sufren-depresion-el-video-del-papa-noviembre-de-2021\/"},"author":{"name":"Vanessa Franke","@id":"https:\/\/schoenstatt.com\/es\/#\/schema\/person\/ea97a60c723e21c923e2177f0f3163f7"},"headline":"Las personas que sufren depresi\u00f3n: El Video del Papa &#8211; Noviembre de 2021","datePublished":"2021-11-04T16:39:12+00:00","dateModified":"2025-08-22T15:32:43+00:00","mainEntityOfPage":{"@id":"https:\/\/schoenstatt.com\/es\/las-personas-que-sufren-depresion-el-video-del-papa-noviembre-de-2021\/"},"wordCount":1190,"publisher":{"@id":"https:\/\/schoenstatt.com\/es\/#organization"},"image":{"@id":"https:\/\/schoenstatt.com\/es\/las-personas-que-sufren-depresion-el-video-del-papa-noviembre-de-2021\/#primaryimage"},"thumbnailUrl":"https:\/\/schoenstatt.com\/wp-content\/uploads\/2021\/11\/Featured-image-2.png","keywords":["Papa Francisco","Video del Papa"],"articleSection":["Iglesia","Papa Francisco"],"inLanguage":"es"},{"@type":"WebPage","@id":"https:\/\/schoenstatt.com\/es\/las-personas-que-sufren-depresion-el-video-del-papa-noviembre-de-2021\/","url":"https:\/\/schoenstatt.com\/es\/las-personas-que-sufren-depresion-el-video-del-papa-noviembre-de-2021\/","name":"Las personas que sufren depresi\u00f3n: El Video del Papa - Noviembre de 2021 - Schoenstatt","isPartOf":{"@id":"https:\/\/schoenstatt.com\/es\/#website"},"primaryImageOfPage":{"@id":"https:\/\/schoenstatt.com\/es\/las-personas-que-sufren-depresion-el-video-del-papa-noviembre-de-2021\/#primaryimage"},"image":{"@id":"https:\/\/schoenstatt.com\/es\/las-personas-que-sufren-depresion-el-video-del-papa-noviembre-de-2021\/#primaryimage"},"thumbnailUrl":"https:\/\/schoenstatt.com\/wp-content\/uploads\/2021\/11\/Featured-image-2.png","datePublished":"2021-11-04T16:39:12+00:00","dateModified":"2025-08-22T15:32:43+00:00","description":"Recemos para que las personas, que sufren de depresi\u00f3n o agotamiento extremo, reciban apoyo de todos y una luz que les abra a la vida.","breadcrumb":{"@id":"https:\/\/schoenstatt.com\/es\/las-personas-que-sufren-depresion-el-video-del-papa-noviembre-de-2021\/#breadcrumb"},"inLanguage":"es","potentialAction":[{"@type":"ReadAction","target":["https:\/\/schoenstatt.com\/es\/las-personas-que-sufren-depresion-el-video-del-papa-noviembre-de-2021\/"]}]},{"@type":"ImageObject","inLanguage":"es","@id":"https:\/\/schoenstatt.com\/es\/las-personas-que-sufren-depresion-el-video-del-papa-noviembre-de-2021\/#primaryimage","url":"https:\/\/schoenstatt.com\/wp-content\/uploads\/2021\/11\/Featured-image-2.png","contentUrl":"https:\/\/schoenstatt.com\/wp-content\/uploads\/2021\/11\/Featured-image-2.png","width":1812,"height":1032,"caption":"El video del Papa"},{"@type":"BreadcrumbList","@id":"https:\/\/schoenstatt.com\/es\/las-personas-que-sufren-depresion-el-video-del-papa-noviembre-de-2021\/#breadcrumb","itemListElement":[{"@type":"ListItem","position":1,"name":"Portada","item":"https:\/\/schoenstatt.com\/es\/home\/"},{"@type":"ListItem","position":2,"name":"Las personas que sufren depresi\u00f3n: El Video del Papa &#8211; Noviembre de 2021"}]},{"@type":"WebSite","@id":"https:\/\/schoenstatt.com\/es\/#website","url":"https:\/\/schoenstatt.com\/es\/","name":"Schoenstatt","description":"Apostolic Movement","publisher":{"@id":"https:\/\/schoenstatt.com\/es\/#organization"},"potentialAction":[{"@type":"SearchAction","target":{"@type":"EntryPoint","urlTemplate":"https:\/\/schoenstatt.com\/es\/?s={search_term_string}"},"query-input":{"@type":"PropertyValueSpecification","valueRequired":true,"valueName":"search_term_string"}}],"inLanguage":"es"},{"@type":"Organization","@id":"https:\/\/schoenstatt.com\/es\/#organization","name":"Schoenstatt","url":"https:\/\/schoenstatt.com\/es\/","logo":{"@type":"ImageObject","inLanguage":"es","@id":"https:\/\/schoenstatt.com\/es\/#\/schema\/logo\/image\/","url":"https:\/\/schoenstatt.com\/wp-content\/uploads\/2025\/04\/logo-schoenstatt-white-696x696-1.png","contentUrl":"https:\/\/schoenstatt.com\/wp-content\/uploads\/2025\/04\/logo-schoenstatt-white-696x696-1.png","width":696,"height":694,"caption":"Schoenstatt"},"image":{"@id":"https:\/\/schoenstatt.com\/es\/#\/schema\/logo\/image\/"}},{"@type":"Person","@id":"https:\/\/schoenstatt.com\/es\/#\/schema\/person\/ea97a60c723e21c923e2177f0f3163f7","name":"Vanessa Franke","image":{"@type":"ImageObject","inLanguage":"es","@id":"https:\/\/secure.gravatar.com\/avatar\/a9bcca3409928ccd3195eca11e2ccbb2e5d7c7912e9a945d4f326f81a0a5cb4a?s=96&d=mm&r=g","url":"https:\/\/secure.gravatar.com\/avatar\/a9bcca3409928ccd3195eca11e2ccbb2e5d7c7912e9a945d4f326f81a0a5cb4a?s=96&d=mm&r=g","contentUrl":"https:\/\/secure.gravatar.com\/avatar\/a9bcca3409928ccd3195eca11e2ccbb2e5d7c7912e9a945d4f326f81a0a5cb4a?s=96&d=mm&r=g","caption":"Vanessa Franke"},"url":"https:\/\/schoenstatt.com\/es\/author\/vanessa-franke\/"}]}},"_links":{"self":[{"href":"https:\/\/schoenstatt.com\/es\/wp-json\/wp\/v2\/posts\/20946","targetHints":{"allow":["GET"]}}],"collection":[{"href":"https:\/\/schoenstatt.com\/es\/wp-json\/wp\/v2\/posts"}],"about":[{"href":"https:\/\/schoenstatt.com\/es\/wp-json\/wp\/v2\/types\/post"}],"author":[{"embeddable":true,"href":"https:\/\/schoenstatt.com\/es\/wp-json\/wp\/v2\/users\/6"}],"replies":[{"embeddable":true,"href":"https:\/\/schoenstatt.com\/es\/wp-json\/wp\/v2\/comments?post=20946"}],"version-history":[{"count":1,"href":"https:\/\/schoenstatt.com\/es\/wp-json\/wp\/v2\/posts\/20946\/revisions"}],"predecessor-version":[{"id":44781,"href":"https:\/\/schoenstatt.com\/es\/wp-json\/wp\/v2\/posts\/20946\/revisions\/44781"}],"wp:featuredmedia":[{"embeddable":true,"href":"https:\/\/schoenstatt.com\/es\/wp-json\/wp\/v2\/media\/20952"}],"wp:attachment":[{"href":"https:\/\/schoenstatt.com\/es\/wp-json\/wp\/v2\/media?parent=20946"}],"wp:term":[{"taxonomy":"category","embeddable":true,"href":"https:\/\/schoenstatt.com\/es\/wp-json\/wp\/v2\/categories?post=20946"},{"taxonomy":"post_tag","embeddable":true,"href":"https:\/\/schoenstatt.com\/es\/wp-json\/wp\/v2\/tags?post=20946"}],"curies":[{"name":"wp","href":"https:\/\/api.w.org\/{rel}","templated":true}]}}