{"id":20688,"date":"2021-11-03T11:13:36","date_gmt":"2021-11-03T10:13:36","guid":{"rendered":"https:\/\/schoenstatt.com\/?p=20688"},"modified":"2025-08-19T20:40:50","modified_gmt":"2025-08-19T18:40:50","slug":"la-familia-salvara-al-mundo","status":"publish","type":"post","link":"https:\/\/schoenstatt.com\/es\/la-familia-salvara-al-mundo\/","title":{"rendered":"La familia salvar\u00e1 al mundo"},"content":{"rendered":"<h3>Dr. Fritz K\u00fchr y el Instituto de Familias<\/h3>\n<p><img fetchpriority=\"high\" decoding=\"async\" class=\"size-medium wp-image-20659 alignleft\" src=\"https:\/\/schoenstatt.com\/wp-content\/uploads\/2021\/11\/WhatsApp-Image-2021-10-17-at-02.53.05-1-215x300.jpeg\" alt=\"Fritz K\u00fchr\" width=\"215\" height=\"300\" \/><\/p>\n<p>Con el Padre Kentenich y la colaboraci\u00f3n del Dr. Fritz K\u00fchr naci\u00f3 el Instituto de Familias hace casi 80 a\u00f1os, el 16 de julio de 1942. Con esta fundaci\u00f3n se complet\u00f3 la Obra de las Familias de Schoenstatt.<\/p>\n<p>La fundaci\u00f3n tuvo lugar cuando a\u00fan estaban en el campo de concentraci\u00f3n de Dachau, con una celebraci\u00f3n realizada en la clandestinidad de la prisi\u00f3n y bajo la protecci\u00f3n de la Virgen. De este osado comienzo surgi\u00f3 la Obra de las Familias.<\/p>\n<p>Dachau representaba todo lo contrario a un hogar familiar, pero fue exactamente el lugar elegido por el Padre Kentenich y Fritz K\u00fchr para iniciar la lucha internacional por la familia.<\/p>\n<p>El Padre Jos\u00e9 Kentenich concibi\u00f3 esta obra para que la instituci\u00f3n de la familia y el matrimonio fueran los pilares de un nuevo orden social cristiano en todo el mundo. Hoy en d\u00eda, la Obra Familiar est\u00e1 presente en los cinco continentes, llevando a cabo una labor no siempre reconocida pero sumamente eficaz en la defensa de la instituci\u00f3n familiar.<\/p>\n<p>El Dr. K\u00fchr fue enviado a Dachau como prisionero pol\u00edtico. La divina Providencia quiso que se conociera con el Padre Kentenich. Ambos forjaron en seguida una relaci\u00f3n. El padre fundador vio en el Dr. K\u00fchr a la persona adecuada para iniciar el Instituto de las Familias. Esto solo fue posible porque Fritz era un hombre casado. Su esposa se llamaba Helene.<\/p>\n<h3>Fritz y Helene K\u00fchr<\/h3>\n<p><img decoding=\"async\" class=\"alignright wp-image-20666 size-medium\" src=\"https:\/\/schoenstatt.com\/wp-content\/uploads\/2021\/11\/WhatsApp-Image-2021-10-17-at-02.53.05-204x300.jpeg\" alt=\"Fritz y Helene K\u00fchr\" width=\"204\" height=\"300\" \/>Fritz y Helene K\u00fchr se casaron el 8 de noviembre de 1922 en la ciudad alemana de Bad Lippspringe, en la parroquia de San Mart\u00edn. \u00c9l era pol\u00edtico y economista; ella, profesora y poeta. El s\u00ed de Fritz y Helene al matrimonio tambi\u00e9n forma parte de nuestra historia, porque a partir de ese s\u00ed fue posible la fundaci\u00f3n del Instituto de Familias y de la Obra de Familias de Schoenstatt.<\/p>\n<p>Como pareja vivieron muchos momentos felices y tambi\u00e9n muchas dificultades.\u00a0 Durante la Segunda Guerra Mundial, se vieron obligados a permanecer f\u00edsicamente separados durante diez a\u00f1os. \u00c9l estuvo en el campo de concentraci\u00f3n de Dachau, mientras que ella tuvo que emigrar sola a Brasil, a la ciudad de Rolandia, donde imperaba una vida precaria en medio de la selva. Sufrieron enfermedades y, pocos a\u00f1os despu\u00e9s de reencontrarse en Brasil, volvieron a separarse por la prematura muerte del Dr. Fritz Kuhr. A pesar de todas las dificultades, nunca perdieron su fe en Dios y su amor mutuo. Por eso, su vida matrimonial es un ejemplo para nosotros. Sus restos est\u00e1n enterrados juntos en el Monumento a los H\u00e9roes, junto al Santuario de Schoenstatt en Londrina, Brasil<\/p>\n<h3>Centenario del matrimonio de Fritz y Helene K\u00fchr<\/h3>\n<p><img decoding=\"async\" class=\"alignleft wp-image-20658 size-medium\" src=\"https:\/\/schoenstatt.com\/wp-content\/uploads\/2021\/11\/WhatsApp-Image-2021-10-17-at-02.53.04-300x199.jpeg\" alt=\"Santuario de Schoenstatt\" width=\"300\" height=\"199\" \/>Se celebrar\u00e1 un a\u00f1o jubilar del centenario del matrimonio de Fritz y Helene K\u00fchr, que ir\u00e1 desde noviembre de 2021 a noviembre de 2022. Durante este a\u00f1o habr\u00e1 celebraciones, las cuales tendr\u00e1n lugar en diferentes lugares relacionados con el matrimonio K\u00fchr. Ser\u00e1 un momento especial para el Instituto de Familias y la Obra Familiar en su conjunto, as\u00ed como para la Familia de Schoenstatt en todo el mundo.<\/p>\n<p>La celebraci\u00f3n de apertura del A\u00f1o Jubilar tendr\u00e1 lugar el 6 de noviembre de 2021, para celebrar el 99\u00ba aniversario del matrimonio de Fritz y Helene. Tendr\u00e1 lugar precisamente en la iglesia donde se casaron, en Bad Lippspringe. Habr\u00e1 una misa y los matrimonios presentes renovar\u00e1n sus votos matrimoniales. La participaci\u00f3n en este evento puede ser presencial o en l\u00ednea<\/p>\n<h3><\/h3>\n<h3>Programa del s\u00e1bado 6 de noviembre del 2021<\/h3>\n<p><strong>13.00 horas:<\/strong> Posibilidad de almuerzo en el<\/p>\n<p>Centro Parroquial San Mart\u00edn, Martinstra\u00dfe 5,<\/p>\n<p>33175 Bad Lippspringe<\/p>\n<p><strong>15.00 horas:<\/strong> Misa festiva con posibilidad de<\/p>\n<p>renovaci\u00f3n de votos y bendici\u00f3n individual<\/p>\n<p>Iglesia parroquial de San Mart\u00edn, Bad Lippspringe<\/p>\n<p><strong>Transmisi\u00f3n<\/strong> por <a href=\"https:\/\/youtu.be\/OhLPK6mca2Y\" target=\"_blank\" rel=\"noopener\">schoenstatt-tv.de<\/a>: en youtube.de (el 6.11.2021 en directo a partir de las 15 horas)<\/p>\n<p>seguido de: reuni\u00f3n y merienda<\/p>\n<div style=\"width: 800px;\" class=\"wp-video\"><video class=\"wp-video-shortcode\" id=\"video-20688-1\" width=\"800\" height=\"453\" preload=\"metadata\" controls=\"controls\"><source type=\"video\/mp4\" src=\"https:\/\/schoenstatt.com\/wp-content\/uploads\/2021\/11\/ES-PT.mp4?_=1\" \/><a href=\"https:\/\/schoenstatt.com\/wp-content\/uploads\/2021\/11\/ES-PT.mp4\">https:\/\/schoenstatt.com\/wp-content\/uploads\/2021\/11\/ES-PT.mp4<\/a><\/video><\/div>\n<p>Tambi\u00e9n puede leer: <a href=\"https:\/\/schoenstatt.com\/es\/comunidades\/family\/\">Familias<\/a><\/p>\n<p><a href=\"https:\/\/www.vaticannews.va\/es\/vaticano\/news\/2021-07\/amoris-laetitia-papa-francisco-dicasterio-matrimonio-sacramento.html\">https:\/\/www.vaticannews.va\/es\/vaticano\/news\/2021-07\/amoris-laetitia-papa-francisco-dicasterio-matrimonio-sacramento.html<\/a><\/p>\n","protected":false},"excerpt":{"rendered":"<p>Hace casi cien a\u00f1os se fundaba el Instituto de las Familias de Schoenstatt en Dachau<\/p>\n","protected":false},"author":1,"featured_media":20667,"comment_status":"closed","ping_status":"open","sticky":false,"template":"","format":"standard","meta":{"footnotes":""},"categories":[909,877],"tags":[631,1152,1158],"class_list":["post-20688","post","type-post","status-publish","format-standard","has-post-thumbnail","hentry","category-comunidades-de-schoenstatt-es","category-familia-es","tag-familia-es","tag-instituto-de-familias-de-schoenstatt-es","tag-obra-de-familias-de-schoenstatt-es"],"yoast_head":"<!-- This site is optimized with the Yoast SEO Premium plugin v27.4 (Yoast SEO v27.4) - https:\/\/yoast.com\/product\/yoast-seo-premium-wordpress\/ -->\n<title>La familia salvar\u00e1 al mundo - Schoenstatt<\/title>\n<meta name=\"description\" content=\"La apertura del A\u00f1o Jubilar por el matrimonio de Fritz y Helene K\u00fchr, fundadores del Instituto de las Familias de Schoenstatt, tendr\u00e1 lugar el 6 de noviembre de 2021.\" \/>\n<meta name=\"robots\" content=\"index, follow, max-snippet:-1, max-image-preview:large, max-video-preview:-1\" \/>\n<link rel=\"canonical\" href=\"https:\/\/schoenstatt.com\/es\/la-familia-salvara-al-mundo\/\" \/>\n<meta property=\"og:locale\" content=\"es_ES\" \/>\n<meta property=\"og:type\" content=\"article\" \/>\n<meta property=\"og:title\" content=\"La familia salvar\u00e1 al mundo\" \/>\n<meta property=\"og:description\" content=\"La apertura del A\u00f1o Jubilar por el matrimonio de Fritz y Helene K\u00fchr, fundadores del Instituto de las Familias de Schoenstatt, tendr\u00e1 lugar el 6 de noviembre de 2021.\" \/>\n<meta property=\"og:url\" content=\"https:\/\/schoenstatt.com\/es\/la-familia-salvara-al-mundo\/\" \/>\n<meta property=\"og:site_name\" content=\"Schoenstatt\" \/>\n<meta property=\"article:published_time\" content=\"2021-11-03T10:13:36+00:00\" \/>\n<meta property=\"article:modified_time\" content=\"2025-08-19T18:40:50+00:00\" \/>\n<meta property=\"og:image\" content=\"https:\/\/schoenstatt.com\/wp-content\/uploads\/2021\/11\/WhatsApp-Image-2021-10-17-at-02.53.06-1-1.jpeg\" \/>\n\t<meta property=\"og:image:width\" content=\"1280\" \/>\n\t<meta property=\"og:image:height\" content=\"960\" \/>\n\t<meta property=\"og:image:type\" content=\"image\/jpeg\" \/>\n<meta name=\"author\" content=\"admin\" \/>\n<meta name=\"twitter:card\" content=\"summary_large_image\" \/>\n<meta name=\"twitter:label1\" content=\"Escrito por\" \/>\n\t<meta name=\"twitter:data1\" content=\"admin\" \/>\n\t<meta name=\"twitter:label2\" content=\"Tiempo de lectura\" \/>\n\t<meta name=\"twitter:data2\" content=\"4 minutos\" \/>\n<script type=\"application\/ld+json\" class=\"yoast-schema-graph\">{\"@context\":\"https:\\\/\\\/schema.org\",\"@graph\":[{\"@type\":\"Article\",\"@id\":\"https:\\\/\\\/schoenstatt.com\\\/es\\\/la-familia-salvara-al-mundo\\\/#article\",\"isPartOf\":{\"@id\":\"https:\\\/\\\/schoenstatt.com\\\/es\\\/la-familia-salvara-al-mundo\\\/\"},\"author\":{\"name\":\"admin\",\"@id\":\"https:\\\/\\\/schoenstatt.com\\\/es\\\/#\\\/schema\\\/person\\\/489465b1850e7b216fe2c10dfc262551\"},\"headline\":\"La familia salvar\u00e1 al mundo\",\"datePublished\":\"2021-11-03T10:13:36+00:00\",\"dateModified\":\"2025-08-19T18:40:50+00:00\",\"mainEntityOfPage\":{\"@id\":\"https:\\\/\\\/schoenstatt.com\\\/es\\\/la-familia-salvara-al-mundo\\\/\"},\"wordCount\":704,\"publisher\":{\"@id\":\"https:\\\/\\\/schoenstatt.com\\\/es\\\/#organization\"},\"image\":{\"@id\":\"https:\\\/\\\/schoenstatt.com\\\/es\\\/la-familia-salvara-al-mundo\\\/#primaryimage\"},\"thumbnailUrl\":\"https:\\\/\\\/schoenstatt.com\\\/wp-content\\\/uploads\\\/2021\\\/11\\\/WhatsApp-Image-2021-10-17-at-02.53.06-1-1.jpeg\",\"keywords\":[\"Familia\",\"Instituto de Familias de Schoenstatt\",\"Obra de Familias de Schoenstatt\"],\"articleSection\":[\"Comunidades de Schoenstatt\",\"Familia\"],\"inLanguage\":\"es\"},{\"@type\":\"WebPage\",\"@id\":\"https:\\\/\\\/schoenstatt.com\\\/es\\\/la-familia-salvara-al-mundo\\\/\",\"url\":\"https:\\\/\\\/schoenstatt.com\\\/es\\\/la-familia-salvara-al-mundo\\\/\",\"name\":\"La familia salvar\u00e1 al mundo - Schoenstatt\",\"isPartOf\":{\"@id\":\"https:\\\/\\\/schoenstatt.com\\\/es\\\/#website\"},\"primaryImageOfPage\":{\"@id\":\"https:\\\/\\\/schoenstatt.com\\\/es\\\/la-familia-salvara-al-mundo\\\/#primaryimage\"},\"image\":{\"@id\":\"https:\\\/\\\/schoenstatt.com\\\/es\\\/la-familia-salvara-al-mundo\\\/#primaryimage\"},\"thumbnailUrl\":\"https:\\\/\\\/schoenstatt.com\\\/wp-content\\\/uploads\\\/2021\\\/11\\\/WhatsApp-Image-2021-10-17-at-02.53.06-1-1.jpeg\",\"datePublished\":\"2021-11-03T10:13:36+00:00\",\"dateModified\":\"2025-08-19T18:40:50+00:00\",\"description\":\"La apertura del A\u00f1o Jubilar por el matrimonio de Fritz y Helene K\u00fchr, fundadores del Instituto de las Familias de Schoenstatt, tendr\u00e1 lugar el 6 de noviembre de 2021.\",\"breadcrumb\":{\"@id\":\"https:\\\/\\\/schoenstatt.com\\\/es\\\/la-familia-salvara-al-mundo\\\/#breadcrumb\"},\"inLanguage\":\"es\",\"potentialAction\":[{\"@type\":\"ReadAction\",\"target\":[\"https:\\\/\\\/schoenstatt.com\\\/es\\\/la-familia-salvara-al-mundo\\\/\"]}]},{\"@type\":\"ImageObject\",\"inLanguage\":\"es\",\"@id\":\"https:\\\/\\\/schoenstatt.com\\\/es\\\/la-familia-salvara-al-mundo\\\/#primaryimage\",\"url\":\"https:\\\/\\\/schoenstatt.com\\\/wp-content\\\/uploads\\\/2021\\\/11\\\/WhatsApp-Image-2021-10-17-at-02.53.06-1-1.jpeg\",\"contentUrl\":\"https:\\\/\\\/schoenstatt.com\\\/wp-content\\\/uploads\\\/2021\\\/11\\\/WhatsApp-Image-2021-10-17-at-02.53.06-1-1.jpeg\",\"width\":1280,\"height\":960,\"caption\":\"K\u00fchr\"},{\"@type\":\"BreadcrumbList\",\"@id\":\"https:\\\/\\\/schoenstatt.com\\\/es\\\/la-familia-salvara-al-mundo\\\/#breadcrumb\",\"itemListElement\":[{\"@type\":\"ListItem\",\"position\":1,\"name\":\"Portada\",\"item\":\"https:\\\/\\\/schoenstatt.com\\\/es\\\/home\\\/\"},{\"@type\":\"ListItem\",\"position\":2,\"name\":\"La familia salvar\u00e1 al mundo\"}]},{\"@type\":\"WebSite\",\"@id\":\"https:\\\/\\\/schoenstatt.com\\\/es\\\/#website\",\"url\":\"https:\\\/\\\/schoenstatt.com\\\/es\\\/\",\"name\":\"Schoenstatt\",\"description\":\"Apostolic Movement\",\"publisher\":{\"@id\":\"https:\\\/\\\/schoenstatt.com\\\/es\\\/#organization\"},\"potentialAction\":[{\"@type\":\"SearchAction\",\"target\":{\"@type\":\"EntryPoint\",\"urlTemplate\":\"https:\\\/\\\/schoenstatt.com\\\/es\\\/?s={search_term_string}\"},\"query-input\":{\"@type\":\"PropertyValueSpecification\",\"valueRequired\":true,\"valueName\":\"search_term_string\"}}],\"inLanguage\":\"es\"},{\"@type\":\"Organization\",\"@id\":\"https:\\\/\\\/schoenstatt.com\\\/es\\\/#organization\",\"name\":\"Schoenstatt\",\"url\":\"https:\\\/\\\/schoenstatt.com\\\/es\\\/\",\"logo\":{\"@type\":\"ImageObject\",\"inLanguage\":\"es\",\"@id\":\"https:\\\/\\\/schoenstatt.com\\\/es\\\/#\\\/schema\\\/logo\\\/image\\\/\",\"url\":\"https:\\\/\\\/schoenstatt.com\\\/wp-content\\\/uploads\\\/2025\\\/04\\\/logo-schoenstatt-white-696x696-1.png\",\"contentUrl\":\"https:\\\/\\\/schoenstatt.com\\\/wp-content\\\/uploads\\\/2025\\\/04\\\/logo-schoenstatt-white-696x696-1.png\",\"width\":696,\"height\":694,\"caption\":\"Schoenstatt\"},\"image\":{\"@id\":\"https:\\\/\\\/schoenstatt.com\\\/es\\\/#\\\/schema\\\/logo\\\/image\\\/\"}},{\"@type\":\"Person\",\"@id\":\"https:\\\/\\\/schoenstatt.com\\\/es\\\/#\\\/schema\\\/person\\\/489465b1850e7b216fe2c10dfc262551\",\"name\":\"admin\",\"image\":{\"@type\":\"ImageObject\",\"inLanguage\":\"es\",\"@id\":\"https:\\\/\\\/secure.gravatar.com\\\/avatar\\\/02e8345e1ec40ab0e0a2a98fdde64a684bbaf994cddcb778b25b8b024ee9dfe6?s=96&d=mm&r=g\",\"url\":\"https:\\\/\\\/secure.gravatar.com\\\/avatar\\\/02e8345e1ec40ab0e0a2a98fdde64a684bbaf994cddcb778b25b8b024ee9dfe6?s=96&d=mm&r=g\",\"contentUrl\":\"https:\\\/\\\/secure.gravatar.com\\\/avatar\\\/02e8345e1ec40ab0e0a2a98fdde64a684bbaf994cddcb778b25b8b024ee9dfe6?s=96&d=mm&r=g\",\"caption\":\"admin\"},\"sameAs\":[\"https:\\\/\\\/schoenstatt.com\"],\"url\":\"https:\\\/\\\/schoenstatt.com\\\/es\\\/author\\\/admin\\\/\"}]}<\/script>\n<!-- \/ Yoast SEO Premium plugin. -->","yoast_head_json":{"title":"La familia salvar\u00e1 al mundo - Schoenstatt","description":"La apertura del A\u00f1o Jubilar por el matrimonio de Fritz y Helene K\u00fchr, fundadores del Instituto de las Familias de Schoenstatt, tendr\u00e1 lugar el 6 de noviembre de 2021.","robots":{"index":"index","follow":"follow","max-snippet":"max-snippet:-1","max-image-preview":"max-image-preview:large","max-video-preview":"max-video-preview:-1"},"canonical":"https:\/\/schoenstatt.com\/es\/la-familia-salvara-al-mundo\/","og_locale":"es_ES","og_type":"article","og_title":"La familia salvar\u00e1 al mundo","og_description":"La apertura del A\u00f1o Jubilar por el matrimonio de Fritz y Helene K\u00fchr, fundadores del Instituto de las Familias de Schoenstatt, tendr\u00e1 lugar el 6 de noviembre de 2021.","og_url":"https:\/\/schoenstatt.com\/es\/la-familia-salvara-al-mundo\/","og_site_name":"Schoenstatt","article_published_time":"2021-11-03T10:13:36+00:00","article_modified_time":"2025-08-19T18:40:50+00:00","og_image":[{"width":1280,"height":960,"url":"https:\/\/schoenstatt.com\/wp-content\/uploads\/2021\/11\/WhatsApp-Image-2021-10-17-at-02.53.06-1-1.jpeg","type":"image\/jpeg"}],"author":"admin","twitter_card":"summary_large_image","twitter_misc":{"Escrito por":"admin","Tiempo de lectura":"4 minutos"},"schema":{"@context":"https:\/\/schema.org","@graph":[{"@type":"Article","@id":"https:\/\/schoenstatt.com\/es\/la-familia-salvara-al-mundo\/#article","isPartOf":{"@id":"https:\/\/schoenstatt.com\/es\/la-familia-salvara-al-mundo\/"},"author":{"name":"admin","@id":"https:\/\/schoenstatt.com\/es\/#\/schema\/person\/489465b1850e7b216fe2c10dfc262551"},"headline":"La familia salvar\u00e1 al mundo","datePublished":"2021-11-03T10:13:36+00:00","dateModified":"2025-08-19T18:40:50+00:00","mainEntityOfPage":{"@id":"https:\/\/schoenstatt.com\/es\/la-familia-salvara-al-mundo\/"},"wordCount":704,"publisher":{"@id":"https:\/\/schoenstatt.com\/es\/#organization"},"image":{"@id":"https:\/\/schoenstatt.com\/es\/la-familia-salvara-al-mundo\/#primaryimage"},"thumbnailUrl":"https:\/\/schoenstatt.com\/wp-content\/uploads\/2021\/11\/WhatsApp-Image-2021-10-17-at-02.53.06-1-1.jpeg","keywords":["Familia","Instituto de Familias de Schoenstatt","Obra de Familias de Schoenstatt"],"articleSection":["Comunidades de Schoenstatt","Familia"],"inLanguage":"es"},{"@type":"WebPage","@id":"https:\/\/schoenstatt.com\/es\/la-familia-salvara-al-mundo\/","url":"https:\/\/schoenstatt.com\/es\/la-familia-salvara-al-mundo\/","name":"La familia salvar\u00e1 al mundo - Schoenstatt","isPartOf":{"@id":"https:\/\/schoenstatt.com\/es\/#website"},"primaryImageOfPage":{"@id":"https:\/\/schoenstatt.com\/es\/la-familia-salvara-al-mundo\/#primaryimage"},"image":{"@id":"https:\/\/schoenstatt.com\/es\/la-familia-salvara-al-mundo\/#primaryimage"},"thumbnailUrl":"https:\/\/schoenstatt.com\/wp-content\/uploads\/2021\/11\/WhatsApp-Image-2021-10-17-at-02.53.06-1-1.jpeg","datePublished":"2021-11-03T10:13:36+00:00","dateModified":"2025-08-19T18:40:50+00:00","description":"La apertura del A\u00f1o Jubilar por el matrimonio de Fritz y Helene K\u00fchr, fundadores del Instituto de las Familias de Schoenstatt, tendr\u00e1 lugar el 6 de noviembre de 2021.","breadcrumb":{"@id":"https:\/\/schoenstatt.com\/es\/la-familia-salvara-al-mundo\/#breadcrumb"},"inLanguage":"es","potentialAction":[{"@type":"ReadAction","target":["https:\/\/schoenstatt.com\/es\/la-familia-salvara-al-mundo\/"]}]},{"@type":"ImageObject","inLanguage":"es","@id":"https:\/\/schoenstatt.com\/es\/la-familia-salvara-al-mundo\/#primaryimage","url":"https:\/\/schoenstatt.com\/wp-content\/uploads\/2021\/11\/WhatsApp-Image-2021-10-17-at-02.53.06-1-1.jpeg","contentUrl":"https:\/\/schoenstatt.com\/wp-content\/uploads\/2021\/11\/WhatsApp-Image-2021-10-17-at-02.53.06-1-1.jpeg","width":1280,"height":960,"caption":"K\u00fchr"},{"@type":"BreadcrumbList","@id":"https:\/\/schoenstatt.com\/es\/la-familia-salvara-al-mundo\/#breadcrumb","itemListElement":[{"@type":"ListItem","position":1,"name":"Portada","item":"https:\/\/schoenstatt.com\/es\/home\/"},{"@type":"ListItem","position":2,"name":"La familia salvar\u00e1 al mundo"}]},{"@type":"WebSite","@id":"https:\/\/schoenstatt.com\/es\/#website","url":"https:\/\/schoenstatt.com\/es\/","name":"Schoenstatt","description":"Apostolic Movement","publisher":{"@id":"https:\/\/schoenstatt.com\/es\/#organization"},"potentialAction":[{"@type":"SearchAction","target":{"@type":"EntryPoint","urlTemplate":"https:\/\/schoenstatt.com\/es\/?s={search_term_string}"},"query-input":{"@type":"PropertyValueSpecification","valueRequired":true,"valueName":"search_term_string"}}],"inLanguage":"es"},{"@type":"Organization","@id":"https:\/\/schoenstatt.com\/es\/#organization","name":"Schoenstatt","url":"https:\/\/schoenstatt.com\/es\/","logo":{"@type":"ImageObject","inLanguage":"es","@id":"https:\/\/schoenstatt.com\/es\/#\/schema\/logo\/image\/","url":"https:\/\/schoenstatt.com\/wp-content\/uploads\/2025\/04\/logo-schoenstatt-white-696x696-1.png","contentUrl":"https:\/\/schoenstatt.com\/wp-content\/uploads\/2025\/04\/logo-schoenstatt-white-696x696-1.png","width":696,"height":694,"caption":"Schoenstatt"},"image":{"@id":"https:\/\/schoenstatt.com\/es\/#\/schema\/logo\/image\/"}},{"@type":"Person","@id":"https:\/\/schoenstatt.com\/es\/#\/schema\/person\/489465b1850e7b216fe2c10dfc262551","name":"admin","image":{"@type":"ImageObject","inLanguage":"es","@id":"https:\/\/secure.gravatar.com\/avatar\/02e8345e1ec40ab0e0a2a98fdde64a684bbaf994cddcb778b25b8b024ee9dfe6?s=96&d=mm&r=g","url":"https:\/\/secure.gravatar.com\/avatar\/02e8345e1ec40ab0e0a2a98fdde64a684bbaf994cddcb778b25b8b024ee9dfe6?s=96&d=mm&r=g","contentUrl":"https:\/\/secure.gravatar.com\/avatar\/02e8345e1ec40ab0e0a2a98fdde64a684bbaf994cddcb778b25b8b024ee9dfe6?s=96&d=mm&r=g","caption":"admin"},"sameAs":["https:\/\/schoenstatt.com"],"url":"https:\/\/schoenstatt.com\/es\/author\/admin\/"}]}},"_links":{"self":[{"href":"https:\/\/schoenstatt.com\/es\/wp-json\/wp\/v2\/posts\/20688","targetHints":{"allow":["GET"]}}],"collection":[{"href":"https:\/\/schoenstatt.com\/es\/wp-json\/wp\/v2\/posts"}],"about":[{"href":"https:\/\/schoenstatt.com\/es\/wp-json\/wp\/v2\/types\/post"}],"author":[{"embeddable":true,"href":"https:\/\/schoenstatt.com\/es\/wp-json\/wp\/v2\/users\/1"}],"replies":[{"embeddable":true,"href":"https:\/\/schoenstatt.com\/es\/wp-json\/wp\/v2\/comments?post=20688"}],"version-history":[{"count":4,"href":"https:\/\/schoenstatt.com\/es\/wp-json\/wp\/v2\/posts\/20688\/revisions"}],"predecessor-version":[{"id":62691,"href":"https:\/\/schoenstatt.com\/es\/wp-json\/wp\/v2\/posts\/20688\/revisions\/62691"}],"wp:featuredmedia":[{"embeddable":true,"href":"https:\/\/schoenstatt.com\/es\/wp-json\/wp\/v2\/media\/20667"}],"wp:attachment":[{"href":"https:\/\/schoenstatt.com\/es\/wp-json\/wp\/v2\/media?parent=20688"}],"wp:term":[{"taxonomy":"category","embeddable":true,"href":"https:\/\/schoenstatt.com\/es\/wp-json\/wp\/v2\/categories?post=20688"},{"taxonomy":"post_tag","embeddable":true,"href":"https:\/\/schoenstatt.com\/es\/wp-json\/wp\/v2\/tags?post=20688"}],"curies":[{"name":"wp","href":"https:\/\/api.w.org\/{rel}","templated":true}]}}