{"id":19440,"date":"2021-09-07T21:03:45","date_gmt":"2021-09-07T19:03:45","guid":{"rendered":"https:\/\/schoenstatt.com\/?p=19440"},"modified":"2025-08-21T17:05:48","modified_gmt":"2025-08-21T15:05:48","slug":"tres-nuevos-sacerdotes-de-schoenstatt-para-la-iglesia","status":"publish","type":"post","link":"https:\/\/schoenstatt.com\/es\/tres-nuevos-sacerdotes-de-schoenstatt-para-la-iglesia\/","title":{"rendered":"Tres nuevos sacerdotes de Schoenstatt para la Iglesia"},"content":{"rendered":"<h3>Fue una fiesta muy alegre, cercana y familiar\u2026<\/h3>\n<p>El pasado s\u00e1bado 28 de agosto fueron ordenados tres nuevos sacerdotes chilenos de la\u00a0Comunidad de los <a href=\"https:\/\/schoenstatt.com\/es\/comunidades\/priest\/padres-de-schoenstatt\/\">Padres de Schoenstatt<\/a>.\u00a0Ellos son los padres Joaqu\u00edn Lobos, Sebasti\u00e1n Espinoza y Sergio Abarca. Recibieron la ordenaci\u00f3n de manos de Monse\u00f1or Alberto Lorenzelli, obispo auxiliar de Santiago. Fue una fiesta muy alegre, cercana y familiar, en la que se pudo vivir y celebrar, acompa\u00f1ando a estos hermanos a recibir este gran don y comenzar su ministerio sacerdotal.<\/p>\n<p>Una de las particularidades de esta ordenaci\u00f3n tiene que ver con el contexto actual de pandemia que seguimos viviendo. La celebraci\u00f3n se pudo llevar a cabo despu\u00e9s de cuatro intentos de fechas posibles. Tambi\u00e9n, a diferencia de otras ordenaciones, se realiz\u00f3 en el Colegio Mayor Padre Jos\u00e9 Kentenich, el seminario de los Padres de Schoenstatt en Chile, donde ellos mismos se formaron y vivieron tantos a\u00f1os. Uno de ellos expres\u00f3 que fue un regalo poder ordenarse en un lugar que lo hab\u00eda marcado tanto y que sent\u00eda como su casa.<\/p>\n<p><img fetchpriority=\"high\" decoding=\"async\" class=\"aligncenter wp-image-19451 size-large\" src=\"https:\/\/schoenstatt.com\/wp-content\/uploads\/2021\/10\/Ordenacion_2021-20-1024x684.jpg\" alt=\"\" width=\"840\" height=\"561\" \/><\/p>\n<h3>Los nuevos sacerdotes quieren regalar un Jes\u00fas amigo, que comparte la vida con nosotros<\/h3>\n<p>En la procesi\u00f3n de entrada, el coro cantaba: \u201cCantar\u00e9 por siempre tu bondad Se\u00f1or, y celebrar\u00e9 tu abrazo creador\u00bb. \u00bfNo es acaso eso mismo el sacerdocio? Cantar para siempre la bondad y el amor del Se\u00f1or, para siempre ser sus sacerdotes, y celebrar en cada sacramento y Eucarist\u00eda su abrazo creador, de vida en abundancia para todos los hombres y mujeres. Celebrar su cercan\u00eda y amistad, como dec\u00eda el pasaje que ellos eligieron para este d\u00eda: \u201cUstedes son mis amigos\u00bb (Jn 15, 14). En los agradecimientos, los neosacerdotes recalcaron la imagen de Jes\u00fas que ellos quieren regalar, un Jes\u00fas amigo, que comparte la vida con nosotros y sale a nuestro encuentro para regalarnos la alegr\u00eda de vivir con \u00c9l, para \u00c9l, y en \u00c9l para los dem\u00e1s.<\/p>\n<p>Al implorar a todos los santos y santas de Dios en las letan\u00edas, los ordenandos se postraron rostro en tierra como signo de humildad y desprendimiento. Un detalle especial de ese d\u00eda, que era nublado, es que en medio del canto sali\u00f3 el sol. Fue como si Dios, junto a todos sus santos, estuviera bendici\u00e9ndolos con su luz y su calor, regal\u00e1ndoles su presencia y la efusi\u00f3n de su Esp\u00edritu en ese d\u00eda tan especial, en el que le dec\u00edan para siempre S\u00ed.<\/p>\n<p><img decoding=\"async\" class=\"aligncenter wp-image-19459 size-large\" src=\"https:\/\/schoenstatt.com\/wp-content\/uploads\/2021\/10\/Ordenacion_2021-110-1024x684.jpg\" alt=\"\" width=\"840\" height=\"561\" \/><\/p>\n<p><img decoding=\"async\" class=\"aligncenter wp-image-19463 size-large\" src=\"https:\/\/schoenstatt.com\/wp-content\/uploads\/2021\/10\/Ordenacion_2021-158-1024x684.jpg\" alt=\"\" width=\"840\" height=\"561\" \/><\/p>\n<h3><strong>Su sacerdocio: es un don para todos, para Schoenstatt, la Iglesia y el mundo<\/strong><\/h3>\n<p>En los agradecimientos finales, se hizo alusi\u00f3n a todas las personas y lugares que hab\u00edan marcado la vida y el camino de estos hermanos nuestros, hab\u00edan sido parte importante de su camino al sacerdocio. Muchos de ellos no pudieron estar f\u00edsicamente, algunos hab\u00edan partido\u00a0ya a la Casa del Padre. En ese rayo de sol estaban todos presentes, los que est\u00e1n y los que estuvieron, tambi\u00e9n los que vendr\u00e1n y los que les ser\u00e1n confiados.<\/p>\n<p>La familia de la Iglesia en el cielo y en la tierra estuvo de fiesta ese d\u00eda, se llen\u00f3 de alegr\u00eda al ser testigo de ese don inmerecido que nuestros hermanos recibieron, que finalmente es un don para todos, para\u00a0Schoenstatt, la Iglesia y el mundo. Un don de Dios, un don de amor, de alegr\u00eda y de amistad. Porque la amistad es eso, un don, un donarse. Y \u00a1qu\u00e9 amistad m\u00e1s grande que la de Cristo!, quien don\u00f3 su vida para que nosotros pudi\u00e9ramos salvarnos y ser sus amigos para siempre.<\/p>\n<p><img loading=\"lazy\" decoding=\"async\" class=\"aligncenter wp-image-19518 size-large\" src=\"https:\/\/schoenstatt.com\/wp-content\/uploads\/2021\/10\/Ordenacion_2021-153-1024x684.jpg\" alt=\"\" width=\"840\" height=\"561\" \/> <img loading=\"lazy\" decoding=\"async\" class=\"aligncenter wp-image-19522 size-large\" src=\"https:\/\/schoenstatt.com\/wp-content\/uploads\/2021\/10\/Ordenacion_2021-160-1024x684.jpg\" alt=\"\" width=\"840\" height=\"561\" \/><\/p>\n","protected":false},"excerpt":{"rendered":"<p>Joaqu\u00edn  Lobos, Sebasti\u00e1n Espinoza y Sergio Abarca fueron ordenados sacerdotes en Chile<\/p>\n","protected":false},"author":3,"featured_media":19442,"comment_status":"closed","ping_status":"open","sticky":false,"template":"","format":"standard","meta":{"footnotes":""},"categories":[864,909],"tags":[1095,1161,1306],"class_list":["post-19440","post","type-post","status-publish","format-standard","has-post-thumbnail","hentry","category-america-es","category-comunidades-de-schoenstatt-es","tag-ordenacion-sacerdotal-es","tag-padres-de-schoenstatt-es","tag-schoenstatt-chile-es"],"yoast_head":"<!-- This site is optimized with the Yoast SEO Premium plugin v27.4 (Yoast SEO v27.4) - https:\/\/yoast.com\/product\/yoast-seo-premium-wordpress\/ -->\n<title>Tres nuevos sacerdotes de Schoenstatt para la Iglesia - Schoenstatt<\/title>\n<meta name=\"description\" content=\"Tres nuevos sacerdotes de Schoenstatt: con su sacerdocio quieren anunciar a Jes\u00fas amigo, que nos sale al encuentro y nos llena de alegr\u00eda.\" \/>\n<meta name=\"robots\" content=\"index, follow, max-snippet:-1, max-image-preview:large, max-video-preview:-1\" \/>\n<link rel=\"canonical\" href=\"https:\/\/schoenstatt.com\/es\/tres-nuevos-sacerdotes-de-schoenstatt-para-la-iglesia\/\" \/>\n<meta property=\"og:locale\" content=\"es_ES\" \/>\n<meta property=\"og:type\" content=\"article\" \/>\n<meta property=\"og:title\" content=\"Tres nuevos sacerdotes de Schoenstatt para la Iglesia\" \/>\n<meta property=\"og:description\" content=\"Tres nuevos sacerdotes de Schoenstatt: con su sacerdocio quieren anunciar a Jes\u00fas amigo, que nos sale al encuentro y nos llena de alegr\u00eda.\" \/>\n<meta property=\"og:url\" content=\"https:\/\/schoenstatt.com\/es\/tres-nuevos-sacerdotes-de-schoenstatt-para-la-iglesia\/\" \/>\n<meta property=\"og:site_name\" content=\"Schoenstatt\" \/>\n<meta property=\"article:published_time\" content=\"2021-09-07T19:03:45+00:00\" \/>\n<meta property=\"article:modified_time\" content=\"2025-08-21T15:05:48+00:00\" \/>\n<meta property=\"og:image\" content=\"https:\/\/schoenstatt.com\/wp-content\/uploads\/2021\/10\/Ordenacion_2021-271-scaled-1.jpg\" \/>\n\t<meta property=\"og:image:width\" content=\"2560\" \/>\n\t<meta property=\"og:image:height\" content=\"1709\" \/>\n\t<meta property=\"og:image:type\" content=\"image\/jpeg\" \/>\n<meta name=\"author\" content=\"Karen Bueno\" \/>\n<meta name=\"twitter:card\" content=\"summary_large_image\" \/>\n<meta name=\"twitter:label1\" content=\"Escrito por\" \/>\n\t<meta name=\"twitter:data1\" content=\"Karen Bueno\" \/>\n\t<meta name=\"twitter:label2\" content=\"Tiempo de lectura\" \/>\n\t<meta name=\"twitter:data2\" content=\"4 minutos\" \/>\n<script type=\"application\/ld+json\" class=\"yoast-schema-graph\">{\"@context\":\"https:\\\/\\\/schema.org\",\"@graph\":[{\"@type\":\"Article\",\"@id\":\"https:\\\/\\\/schoenstatt.com\\\/es\\\/tres-nuevos-sacerdotes-de-schoenstatt-para-la-iglesia\\\/#article\",\"isPartOf\":{\"@id\":\"https:\\\/\\\/schoenstatt.com\\\/es\\\/tres-nuevos-sacerdotes-de-schoenstatt-para-la-iglesia\\\/\"},\"author\":{\"name\":\"Karen Bueno\",\"@id\":\"https:\\\/\\\/schoenstatt.com\\\/es\\\/#\\\/schema\\\/person\\\/5158877ad4acae98b34daaeef2a1ce6e\"},\"headline\":\"Tres nuevos sacerdotes de Schoenstatt para la Iglesia\",\"datePublished\":\"2021-09-07T19:03:45+00:00\",\"dateModified\":\"2025-08-21T15:05:48+00:00\",\"mainEntityOfPage\":{\"@id\":\"https:\\\/\\\/schoenstatt.com\\\/es\\\/tres-nuevos-sacerdotes-de-schoenstatt-para-la-iglesia\\\/\"},\"wordCount\":629,\"publisher\":{\"@id\":\"https:\\\/\\\/schoenstatt.com\\\/es\\\/#organization\"},\"image\":{\"@id\":\"https:\\\/\\\/schoenstatt.com\\\/es\\\/tres-nuevos-sacerdotes-de-schoenstatt-para-la-iglesia\\\/#primaryimage\"},\"thumbnailUrl\":\"https:\\\/\\\/schoenstatt.com\\\/wp-content\\\/uploads\\\/2021\\\/10\\\/Ordenacion_2021-271-scaled-1.jpg\",\"keywords\":[\"Ordenaci\u00f3n sacerdotal\",\"Padres de Schoenstatt\",\"Schoenstatt Chile\"],\"articleSection\":[\"Am\u00e9rica\",\"Comunidades de Schoenstatt\"],\"inLanguage\":\"es\"},{\"@type\":\"WebPage\",\"@id\":\"https:\\\/\\\/schoenstatt.com\\\/es\\\/tres-nuevos-sacerdotes-de-schoenstatt-para-la-iglesia\\\/\",\"url\":\"https:\\\/\\\/schoenstatt.com\\\/es\\\/tres-nuevos-sacerdotes-de-schoenstatt-para-la-iglesia\\\/\",\"name\":\"Tres nuevos sacerdotes de Schoenstatt para la Iglesia - Schoenstatt\",\"isPartOf\":{\"@id\":\"https:\\\/\\\/schoenstatt.com\\\/es\\\/#website\"},\"primaryImageOfPage\":{\"@id\":\"https:\\\/\\\/schoenstatt.com\\\/es\\\/tres-nuevos-sacerdotes-de-schoenstatt-para-la-iglesia\\\/#primaryimage\"},\"image\":{\"@id\":\"https:\\\/\\\/schoenstatt.com\\\/es\\\/tres-nuevos-sacerdotes-de-schoenstatt-para-la-iglesia\\\/#primaryimage\"},\"thumbnailUrl\":\"https:\\\/\\\/schoenstatt.com\\\/wp-content\\\/uploads\\\/2021\\\/10\\\/Ordenacion_2021-271-scaled-1.jpg\",\"datePublished\":\"2021-09-07T19:03:45+00:00\",\"dateModified\":\"2025-08-21T15:05:48+00:00\",\"description\":\"Tres nuevos sacerdotes de Schoenstatt: con su sacerdocio quieren anunciar a Jes\u00fas amigo, que nos sale al encuentro y nos llena de alegr\u00eda.\",\"breadcrumb\":{\"@id\":\"https:\\\/\\\/schoenstatt.com\\\/es\\\/tres-nuevos-sacerdotes-de-schoenstatt-para-la-iglesia\\\/#breadcrumb\"},\"inLanguage\":\"es\",\"potentialAction\":[{\"@type\":\"ReadAction\",\"target\":[\"https:\\\/\\\/schoenstatt.com\\\/es\\\/tres-nuevos-sacerdotes-de-schoenstatt-para-la-iglesia\\\/\"]}]},{\"@type\":\"ImageObject\",\"inLanguage\":\"es\",\"@id\":\"https:\\\/\\\/schoenstatt.com\\\/es\\\/tres-nuevos-sacerdotes-de-schoenstatt-para-la-iglesia\\\/#primaryimage\",\"url\":\"https:\\\/\\\/schoenstatt.com\\\/wp-content\\\/uploads\\\/2021\\\/10\\\/Ordenacion_2021-271-scaled-1.jpg\",\"contentUrl\":\"https:\\\/\\\/schoenstatt.com\\\/wp-content\\\/uploads\\\/2021\\\/10\\\/Ordenacion_2021-271-scaled-1.jpg\",\"width\":2560,\"height\":1709},{\"@type\":\"BreadcrumbList\",\"@id\":\"https:\\\/\\\/schoenstatt.com\\\/es\\\/tres-nuevos-sacerdotes-de-schoenstatt-para-la-iglesia\\\/#breadcrumb\",\"itemListElement\":[{\"@type\":\"ListItem\",\"position\":1,\"name\":\"Portada\",\"item\":\"https:\\\/\\\/schoenstatt.com\\\/es\\\/home\\\/\"},{\"@type\":\"ListItem\",\"position\":2,\"name\":\"Tres nuevos sacerdotes de Schoenstatt para la Iglesia\"}]},{\"@type\":\"WebSite\",\"@id\":\"https:\\\/\\\/schoenstatt.com\\\/es\\\/#website\",\"url\":\"https:\\\/\\\/schoenstatt.com\\\/es\\\/\",\"name\":\"Schoenstatt\",\"description\":\"Apostolic Movement\",\"publisher\":{\"@id\":\"https:\\\/\\\/schoenstatt.com\\\/es\\\/#organization\"},\"potentialAction\":[{\"@type\":\"SearchAction\",\"target\":{\"@type\":\"EntryPoint\",\"urlTemplate\":\"https:\\\/\\\/schoenstatt.com\\\/es\\\/?s={search_term_string}\"},\"query-input\":{\"@type\":\"PropertyValueSpecification\",\"valueRequired\":true,\"valueName\":\"search_term_string\"}}],\"inLanguage\":\"es\"},{\"@type\":\"Organization\",\"@id\":\"https:\\\/\\\/schoenstatt.com\\\/es\\\/#organization\",\"name\":\"Schoenstatt\",\"url\":\"https:\\\/\\\/schoenstatt.com\\\/es\\\/\",\"logo\":{\"@type\":\"ImageObject\",\"inLanguage\":\"es\",\"@id\":\"https:\\\/\\\/schoenstatt.com\\\/es\\\/#\\\/schema\\\/logo\\\/image\\\/\",\"url\":\"https:\\\/\\\/schoenstatt.com\\\/wp-content\\\/uploads\\\/2025\\\/04\\\/logo-schoenstatt-white-696x696-1.png\",\"contentUrl\":\"https:\\\/\\\/schoenstatt.com\\\/wp-content\\\/uploads\\\/2025\\\/04\\\/logo-schoenstatt-white-696x696-1.png\",\"width\":696,\"height\":694,\"caption\":\"Schoenstatt\"},\"image\":{\"@id\":\"https:\\\/\\\/schoenstatt.com\\\/es\\\/#\\\/schema\\\/logo\\\/image\\\/\"}},{\"@type\":\"Person\",\"@id\":\"https:\\\/\\\/schoenstatt.com\\\/es\\\/#\\\/schema\\\/person\\\/5158877ad4acae98b34daaeef2a1ce6e\",\"name\":\"Karen Bueno\",\"image\":{\"@type\":\"ImageObject\",\"inLanguage\":\"es\",\"@id\":\"https:\\\/\\\/secure.gravatar.com\\\/avatar\\\/f9f4b823873154269d2b2130f195f6d41037dd0d7fc5f3cacb5c846bae70d66b?s=96&d=mm&r=g\",\"url\":\"https:\\\/\\\/secure.gravatar.com\\\/avatar\\\/f9f4b823873154269d2b2130f195f6d41037dd0d7fc5f3cacb5c846bae70d66b?s=96&d=mm&r=g\",\"contentUrl\":\"https:\\\/\\\/secure.gravatar.com\\\/avatar\\\/f9f4b823873154269d2b2130f195f6d41037dd0d7fc5f3cacb5c846bae70d66b?s=96&d=mm&r=g\",\"caption\":\"Karen Bueno\"},\"url\":\"https:\\\/\\\/schoenstatt.com\\\/es\\\/author\\\/karen-bueno\\\/\"}]}<\/script>\n<!-- \/ Yoast SEO Premium plugin. -->","yoast_head_json":{"title":"Tres nuevos sacerdotes de Schoenstatt para la Iglesia - Schoenstatt","description":"Tres nuevos sacerdotes de Schoenstatt: con su sacerdocio quieren anunciar a Jes\u00fas amigo, que nos sale al encuentro y nos llena de alegr\u00eda.","robots":{"index":"index","follow":"follow","max-snippet":"max-snippet:-1","max-image-preview":"max-image-preview:large","max-video-preview":"max-video-preview:-1"},"canonical":"https:\/\/schoenstatt.com\/es\/tres-nuevos-sacerdotes-de-schoenstatt-para-la-iglesia\/","og_locale":"es_ES","og_type":"article","og_title":"Tres nuevos sacerdotes de Schoenstatt para la Iglesia","og_description":"Tres nuevos sacerdotes de Schoenstatt: con su sacerdocio quieren anunciar a Jes\u00fas amigo, que nos sale al encuentro y nos llena de alegr\u00eda.","og_url":"https:\/\/schoenstatt.com\/es\/tres-nuevos-sacerdotes-de-schoenstatt-para-la-iglesia\/","og_site_name":"Schoenstatt","article_published_time":"2021-09-07T19:03:45+00:00","article_modified_time":"2025-08-21T15:05:48+00:00","og_image":[{"width":2560,"height":1709,"url":"https:\/\/schoenstatt.com\/wp-content\/uploads\/2021\/10\/Ordenacion_2021-271-scaled-1.jpg","type":"image\/jpeg"}],"author":"Karen Bueno","twitter_card":"summary_large_image","twitter_misc":{"Escrito por":"Karen Bueno","Tiempo de lectura":"4 minutos"},"schema":{"@context":"https:\/\/schema.org","@graph":[{"@type":"Article","@id":"https:\/\/schoenstatt.com\/es\/tres-nuevos-sacerdotes-de-schoenstatt-para-la-iglesia\/#article","isPartOf":{"@id":"https:\/\/schoenstatt.com\/es\/tres-nuevos-sacerdotes-de-schoenstatt-para-la-iglesia\/"},"author":{"name":"Karen Bueno","@id":"https:\/\/schoenstatt.com\/es\/#\/schema\/person\/5158877ad4acae98b34daaeef2a1ce6e"},"headline":"Tres nuevos sacerdotes de Schoenstatt para la Iglesia","datePublished":"2021-09-07T19:03:45+00:00","dateModified":"2025-08-21T15:05:48+00:00","mainEntityOfPage":{"@id":"https:\/\/schoenstatt.com\/es\/tres-nuevos-sacerdotes-de-schoenstatt-para-la-iglesia\/"},"wordCount":629,"publisher":{"@id":"https:\/\/schoenstatt.com\/es\/#organization"},"image":{"@id":"https:\/\/schoenstatt.com\/es\/tres-nuevos-sacerdotes-de-schoenstatt-para-la-iglesia\/#primaryimage"},"thumbnailUrl":"https:\/\/schoenstatt.com\/wp-content\/uploads\/2021\/10\/Ordenacion_2021-271-scaled-1.jpg","keywords":["Ordenaci\u00f3n sacerdotal","Padres de Schoenstatt","Schoenstatt Chile"],"articleSection":["Am\u00e9rica","Comunidades de Schoenstatt"],"inLanguage":"es"},{"@type":"WebPage","@id":"https:\/\/schoenstatt.com\/es\/tres-nuevos-sacerdotes-de-schoenstatt-para-la-iglesia\/","url":"https:\/\/schoenstatt.com\/es\/tres-nuevos-sacerdotes-de-schoenstatt-para-la-iglesia\/","name":"Tres nuevos sacerdotes de Schoenstatt para la Iglesia - Schoenstatt","isPartOf":{"@id":"https:\/\/schoenstatt.com\/es\/#website"},"primaryImageOfPage":{"@id":"https:\/\/schoenstatt.com\/es\/tres-nuevos-sacerdotes-de-schoenstatt-para-la-iglesia\/#primaryimage"},"image":{"@id":"https:\/\/schoenstatt.com\/es\/tres-nuevos-sacerdotes-de-schoenstatt-para-la-iglesia\/#primaryimage"},"thumbnailUrl":"https:\/\/schoenstatt.com\/wp-content\/uploads\/2021\/10\/Ordenacion_2021-271-scaled-1.jpg","datePublished":"2021-09-07T19:03:45+00:00","dateModified":"2025-08-21T15:05:48+00:00","description":"Tres nuevos sacerdotes de Schoenstatt: con su sacerdocio quieren anunciar a Jes\u00fas amigo, que nos sale al encuentro y nos llena de alegr\u00eda.","breadcrumb":{"@id":"https:\/\/schoenstatt.com\/es\/tres-nuevos-sacerdotes-de-schoenstatt-para-la-iglesia\/#breadcrumb"},"inLanguage":"es","potentialAction":[{"@type":"ReadAction","target":["https:\/\/schoenstatt.com\/es\/tres-nuevos-sacerdotes-de-schoenstatt-para-la-iglesia\/"]}]},{"@type":"ImageObject","inLanguage":"es","@id":"https:\/\/schoenstatt.com\/es\/tres-nuevos-sacerdotes-de-schoenstatt-para-la-iglesia\/#primaryimage","url":"https:\/\/schoenstatt.com\/wp-content\/uploads\/2021\/10\/Ordenacion_2021-271-scaled-1.jpg","contentUrl":"https:\/\/schoenstatt.com\/wp-content\/uploads\/2021\/10\/Ordenacion_2021-271-scaled-1.jpg","width":2560,"height":1709},{"@type":"BreadcrumbList","@id":"https:\/\/schoenstatt.com\/es\/tres-nuevos-sacerdotes-de-schoenstatt-para-la-iglesia\/#breadcrumb","itemListElement":[{"@type":"ListItem","position":1,"name":"Portada","item":"https:\/\/schoenstatt.com\/es\/home\/"},{"@type":"ListItem","position":2,"name":"Tres nuevos sacerdotes de Schoenstatt para la Iglesia"}]},{"@type":"WebSite","@id":"https:\/\/schoenstatt.com\/es\/#website","url":"https:\/\/schoenstatt.com\/es\/","name":"Schoenstatt","description":"Apostolic Movement","publisher":{"@id":"https:\/\/schoenstatt.com\/es\/#organization"},"potentialAction":[{"@type":"SearchAction","target":{"@type":"EntryPoint","urlTemplate":"https:\/\/schoenstatt.com\/es\/?s={search_term_string}"},"query-input":{"@type":"PropertyValueSpecification","valueRequired":true,"valueName":"search_term_string"}}],"inLanguage":"es"},{"@type":"Organization","@id":"https:\/\/schoenstatt.com\/es\/#organization","name":"Schoenstatt","url":"https:\/\/schoenstatt.com\/es\/","logo":{"@type":"ImageObject","inLanguage":"es","@id":"https:\/\/schoenstatt.com\/es\/#\/schema\/logo\/image\/","url":"https:\/\/schoenstatt.com\/wp-content\/uploads\/2025\/04\/logo-schoenstatt-white-696x696-1.png","contentUrl":"https:\/\/schoenstatt.com\/wp-content\/uploads\/2025\/04\/logo-schoenstatt-white-696x696-1.png","width":696,"height":694,"caption":"Schoenstatt"},"image":{"@id":"https:\/\/schoenstatt.com\/es\/#\/schema\/logo\/image\/"}},{"@type":"Person","@id":"https:\/\/schoenstatt.com\/es\/#\/schema\/person\/5158877ad4acae98b34daaeef2a1ce6e","name":"Karen Bueno","image":{"@type":"ImageObject","inLanguage":"es","@id":"https:\/\/secure.gravatar.com\/avatar\/f9f4b823873154269d2b2130f195f6d41037dd0d7fc5f3cacb5c846bae70d66b?s=96&d=mm&r=g","url":"https:\/\/secure.gravatar.com\/avatar\/f9f4b823873154269d2b2130f195f6d41037dd0d7fc5f3cacb5c846bae70d66b?s=96&d=mm&r=g","contentUrl":"https:\/\/secure.gravatar.com\/avatar\/f9f4b823873154269d2b2130f195f6d41037dd0d7fc5f3cacb5c846bae70d66b?s=96&d=mm&r=g","caption":"Karen Bueno"},"url":"https:\/\/schoenstatt.com\/es\/author\/karen-bueno\/"}]}},"_links":{"self":[{"href":"https:\/\/schoenstatt.com\/es\/wp-json\/wp\/v2\/posts\/19440","targetHints":{"allow":["GET"]}}],"collection":[{"href":"https:\/\/schoenstatt.com\/es\/wp-json\/wp\/v2\/posts"}],"about":[{"href":"https:\/\/schoenstatt.com\/es\/wp-json\/wp\/v2\/types\/post"}],"author":[{"embeddable":true,"href":"https:\/\/schoenstatt.com\/es\/wp-json\/wp\/v2\/users\/3"}],"replies":[{"embeddable":true,"href":"https:\/\/schoenstatt.com\/es\/wp-json\/wp\/v2\/comments?post=19440"}],"version-history":[{"count":1,"href":"https:\/\/schoenstatt.com\/es\/wp-json\/wp\/v2\/posts\/19440\/revisions"}],"predecessor-version":[{"id":44656,"href":"https:\/\/schoenstatt.com\/es\/wp-json\/wp\/v2\/posts\/19440\/revisions\/44656"}],"wp:featuredmedia":[{"embeddable":true,"href":"https:\/\/schoenstatt.com\/es\/wp-json\/wp\/v2\/media\/19442"}],"wp:attachment":[{"href":"https:\/\/schoenstatt.com\/es\/wp-json\/wp\/v2\/media?parent=19440"}],"wp:term":[{"taxonomy":"category","embeddable":true,"href":"https:\/\/schoenstatt.com\/es\/wp-json\/wp\/v2\/categories?post=19440"},{"taxonomy":"post_tag","embeddable":true,"href":"https:\/\/schoenstatt.com\/es\/wp-json\/wp\/v2\/tags?post=19440"}],"curies":[{"name":"wp","href":"https:\/\/api.w.org\/{rel}","templated":true}]}}