{"id":18695,"date":"2021-10-04T20:31:16","date_gmt":"2021-10-04T18:31:16","guid":{"rendered":"https:\/\/schoenstatt.com\/espiritualidad\/world-youth-day-lisbon-will-host-from-august-1-6-2023\/"},"modified":"2025-08-19T21:45:37","modified_gmt":"2025-08-19T19:45:37","slug":"jmj-2023-jornada-de-lisboa-de-1-a-6-de-agosto","status":"publish","type":"post","link":"https:\/\/schoenstatt.com\/es\/jmj-2023-jornada-de-lisboa-de-1-a-6-de-agosto\/","title":{"rendered":"JMJ-2023: Jornada de Lisboa de 1 a 6 de agosto"},"content":{"rendered":"<p>El encuentro de los j\u00f3venes de todo el mundo con el Papa, tendr\u00e1 lugar del 1 al 6 de agosto de 2023<\/p>\n<p>Seg\u00fan un comunicado de los organizadores de la JMJ-2023, han hecho el anuncio hoy lunes 4 de octubre, d\u00eda de San Francisco de As\u00eds. Para los chicos es muy importante conocer la fecha para comenzar la organizaci\u00f3n de la Jornada, se lee en el texto.<\/p>\n<p>\u201cEsperamos que los 22 meses que nos separan de la JMJ sean un tiempo de evangelizaci\u00f3n para todos\u00bb, dice D. Manuel Clemente, Cardenal Patriarca de Lisboa.\u00a0 En este momento, los grupos de trabajo que componen el Comit\u00e9 Organizador Local (COL), \u00f3rgano ejecutivo para la preparaci\u00f3n y organizaci\u00f3n de la JMJ Lisboa 2023, cuentan ya con m\u00e1s de 400 voluntarios, la mayor\u00eda de ellos portugueses. En cada una de las 21 di\u00f3cesis de Portugal existen tambi\u00e9n Comisiones Organizadoras Diocesanas, encargadas de impulsar el\u00a0camino de preparaci\u00f3n de la JMJ.<\/p>\n<p>En el comunicado se informa que el a\u00f1o pasado, los momentos m\u00e1s importantes destacados fueron el lanzamiento de la imagen oficial de la JMJ en octubre de 2020, la acogida de los s\u00edmbolos de la JMJ en Roma en noviembre de 2020 durante una celebraci\u00f3n con el Papa Francisco, y el anuncio del himno oficial de la JMJ en enero de 2021.<\/p>\n<p><iframe title=\"WYD Lisbon 2023: Are you ready?\" width=\"800\" height=\"450\" src=\"https:\/\/www.youtube.com\/embed\/HxtO3xtybOw?start=14&#038;feature=oembed\" frameborder=\"0\" allow=\"accelerometer; autoplay; clipboard-write; encrypted-media; gyroscope; picture-in-picture; web-share\" referrerpolicy=\"strict-origin-when-cross-origin\" allowfullscreen><\/iframe><\/p>\n<h3>La JMJ desde san Juan Pablo II<\/h3>\n<p>Un evento que da la vuelta al mundo La Jornada Mundial de la Juventud (JMJ) fue instaurada por el Papa Juan Pablo II en 1985, y desde entonces se ha distinguido por ser un momento de encuentro y convivencia para millones de personas en todo el mundo.<\/p>\n<p>La primera edici\u00f3n se celebr\u00f3 en 1986 en Roma, y desde entonces se ha celebrado en las siguientes ciudades: Buenos Aires (1987), Santiago de Compostela (1989), Czestochowa (1991), Denver (1993), Manila (1995), Par\u00eds (1997), Roma (2000), Toronto (2002), Colonia (2005), Sidney (2008), Madrid (2011), R\u00edo de Janeiro (2013), Cracovia (2016) y Panam\u00e1 (2019).<\/p>\n<p>El 27 de enero de 2019, en Panam\u00e1, en el marco de la Jornada Mundial de la Juventud, el cardenal Kevin Farrel, Prefecto del Dicasterio para los Laicos, la Familia y la Vida, anunci\u00f3 que Lisboa ser\u00eda la pr\u00f3xima ciudad en recibir el evento. Originalmente prevista para el verano de 2022, la JMJ de Lisboa se aplaz\u00f3 un a\u00f1o debido a la pandemia de Covid-19.<\/p>\n<p>Fuente:\u00a0<a href=\"http:\/\/www.vaticannwes.va\/es\">Vatican News en espa\u00f1ol<\/a><\/p>\n","protected":false},"excerpt":{"rendered":"<p>El encuentro de los j\u00f3venes de todo el mundo con el Papa<br \/>\n4 de octubre de 2021<\/p>\n","protected":false},"author":1,"featured_media":18691,"comment_status":"closed","ping_status":"open","sticky":false,"template":"","format":"standard","meta":{"footnotes":""},"categories":[683,923],"tags":[1251,1263,1267],"class_list":["post-18695","post","type-post","status-publish","format-standard","has-post-thumbnail","hentry","category-iglesia-es","category-juventud-es","tag-jmj-lisboa-es","tag-jornada-mundial-de-la-juventud-jmj-es","tag-juventud-es"],"yoast_head":"<!-- This site is optimized with the Yoast SEO Premium plugin v27.4 (Yoast SEO v27.4) - https:\/\/yoast.com\/product\/yoast-seo-premium-wordpress\/ -->\n<title>JMJ-2023: Jornada de Lisboa de 1 a 6 de agosto<\/title>\n<meta name=\"description\" content=\"JMJ-2023: Un evento que da la vuelta al mundo , distinguido por ser un momento de encuentro para millones de personas de todo el mundo\" \/>\n<meta name=\"robots\" content=\"index, follow, max-snippet:-1, max-image-preview:large, max-video-preview:-1\" \/>\n<link rel=\"canonical\" href=\"https:\/\/schoenstatt.com\/es\/jmj-2023-jornada-de-lisboa-de-1-a-6-de-agosto\/\" \/>\n<meta property=\"og:locale\" content=\"es_ES\" \/>\n<meta property=\"og:type\" content=\"article\" \/>\n<meta property=\"og:title\" content=\"JMJ-2023: Jornada de Lisboa de 1 a 6 de agosto\" \/>\n<meta property=\"og:description\" content=\"JMJ-2023: Un evento que da la vuelta al mundo , distinguido por ser un momento de encuentro para millones de personas de todo el mundo\" \/>\n<meta property=\"og:url\" content=\"https:\/\/schoenstatt.com\/es\/jmj-2023-jornada-de-lisboa-de-1-a-6-de-agosto\/\" \/>\n<meta property=\"og:site_name\" content=\"Schoenstatt\" \/>\n<meta property=\"article:published_time\" content=\"2021-10-04T18:31:16+00:00\" \/>\n<meta property=\"article:modified_time\" content=\"2025-08-19T19:45:37+00:00\" \/>\n<meta property=\"og:image\" content=\"https:\/\/schoenstatt.com\/wp-content\/uploads\/2021\/10\/2021-10-10-2-3.png\" \/>\n\t<meta property=\"og:image:width\" content=\"1920\" \/>\n\t<meta property=\"og:image:height\" content=\"1080\" \/>\n\t<meta property=\"og:image:type\" content=\"image\/png\" \/>\n<meta name=\"author\" content=\"admin\" \/>\n<meta name=\"twitter:card\" content=\"summary_large_image\" \/>\n<meta name=\"twitter:label1\" content=\"Escrito por\" \/>\n\t<meta name=\"twitter:data1\" content=\"admin\" \/>\n\t<meta name=\"twitter:label2\" content=\"Tiempo de lectura\" \/>\n\t<meta name=\"twitter:data2\" content=\"3 minutos\" \/>\n<script type=\"application\/ld+json\" class=\"yoast-schema-graph\">{\"@context\":\"https:\\\/\\\/schema.org\",\"@graph\":[{\"@type\":\"Article\",\"@id\":\"https:\\\/\\\/schoenstatt.com\\\/es\\\/jmj-2023-jornada-de-lisboa-de-1-a-6-de-agosto\\\/#article\",\"isPartOf\":{\"@id\":\"https:\\\/\\\/schoenstatt.com\\\/es\\\/jmj-2023-jornada-de-lisboa-de-1-a-6-de-agosto\\\/\"},\"author\":{\"name\":\"admin\",\"@id\":\"https:\\\/\\\/schoenstatt.com\\\/es\\\/#\\\/schema\\\/person\\\/489465b1850e7b216fe2c10dfc262551\"},\"headline\":\"JMJ-2023: Jornada de Lisboa de 1 a 6 de agosto\",\"datePublished\":\"2021-10-04T18:31:16+00:00\",\"dateModified\":\"2025-08-19T19:45:37+00:00\",\"mainEntityOfPage\":{\"@id\":\"https:\\\/\\\/schoenstatt.com\\\/es\\\/jmj-2023-jornada-de-lisboa-de-1-a-6-de-agosto\\\/\"},\"wordCount\":407,\"publisher\":{\"@id\":\"https:\\\/\\\/schoenstatt.com\\\/es\\\/#organization\"},\"image\":{\"@id\":\"https:\\\/\\\/schoenstatt.com\\\/es\\\/jmj-2023-jornada-de-lisboa-de-1-a-6-de-agosto\\\/#primaryimage\"},\"thumbnailUrl\":\"https:\\\/\\\/schoenstatt.com\\\/wp-content\\\/uploads\\\/2021\\\/10\\\/2021-10-10-2-3.png\",\"keywords\":[\"JMJ Lisboa\",\"Jornada Mundial de la Juventud \u2013 JMJ\",\"Juventud\"],\"articleSection\":[\"Iglesia\",\"Juventud\"],\"inLanguage\":\"es\"},{\"@type\":\"WebPage\",\"@id\":\"https:\\\/\\\/schoenstatt.com\\\/es\\\/jmj-2023-jornada-de-lisboa-de-1-a-6-de-agosto\\\/\",\"url\":\"https:\\\/\\\/schoenstatt.com\\\/es\\\/jmj-2023-jornada-de-lisboa-de-1-a-6-de-agosto\\\/\",\"name\":\"JMJ-2023: Jornada de Lisboa de 1 a 6 de agosto\",\"isPartOf\":{\"@id\":\"https:\\\/\\\/schoenstatt.com\\\/es\\\/#website\"},\"primaryImageOfPage\":{\"@id\":\"https:\\\/\\\/schoenstatt.com\\\/es\\\/jmj-2023-jornada-de-lisboa-de-1-a-6-de-agosto\\\/#primaryimage\"},\"image\":{\"@id\":\"https:\\\/\\\/schoenstatt.com\\\/es\\\/jmj-2023-jornada-de-lisboa-de-1-a-6-de-agosto\\\/#primaryimage\"},\"thumbnailUrl\":\"https:\\\/\\\/schoenstatt.com\\\/wp-content\\\/uploads\\\/2021\\\/10\\\/2021-10-10-2-3.png\",\"datePublished\":\"2021-10-04T18:31:16+00:00\",\"dateModified\":\"2025-08-19T19:45:37+00:00\",\"description\":\"JMJ-2023: Un evento que da la vuelta al mundo , distinguido por ser un momento de encuentro para millones de personas de todo el mundo\",\"breadcrumb\":{\"@id\":\"https:\\\/\\\/schoenstatt.com\\\/es\\\/jmj-2023-jornada-de-lisboa-de-1-a-6-de-agosto\\\/#breadcrumb\"},\"inLanguage\":\"es\",\"potentialAction\":[{\"@type\":\"ReadAction\",\"target\":[\"https:\\\/\\\/schoenstatt.com\\\/es\\\/jmj-2023-jornada-de-lisboa-de-1-a-6-de-agosto\\\/\"]}]},{\"@type\":\"ImageObject\",\"inLanguage\":\"es\",\"@id\":\"https:\\\/\\\/schoenstatt.com\\\/es\\\/jmj-2023-jornada-de-lisboa-de-1-a-6-de-agosto\\\/#primaryimage\",\"url\":\"https:\\\/\\\/schoenstatt.com\\\/wp-content\\\/uploads\\\/2021\\\/10\\\/2021-10-10-2-3.png\",\"contentUrl\":\"https:\\\/\\\/schoenstatt.com\\\/wp-content\\\/uploads\\\/2021\\\/10\\\/2021-10-10-2-3.png\",\"width\":1920,\"height\":1080,\"caption\":\"Vatican Media\"},{\"@type\":\"BreadcrumbList\",\"@id\":\"https:\\\/\\\/schoenstatt.com\\\/es\\\/jmj-2023-jornada-de-lisboa-de-1-a-6-de-agosto\\\/#breadcrumb\",\"itemListElement\":[{\"@type\":\"ListItem\",\"position\":1,\"name\":\"Portada\",\"item\":\"https:\\\/\\\/schoenstatt.com\\\/es\\\/home\\\/\"},{\"@type\":\"ListItem\",\"position\":2,\"name\":\"JMJ-2023: Jornada de Lisboa de 1 a 6 de agosto\"}]},{\"@type\":\"WebSite\",\"@id\":\"https:\\\/\\\/schoenstatt.com\\\/es\\\/#website\",\"url\":\"https:\\\/\\\/schoenstatt.com\\\/es\\\/\",\"name\":\"Schoenstatt\",\"description\":\"Apostolic Movement\",\"publisher\":{\"@id\":\"https:\\\/\\\/schoenstatt.com\\\/es\\\/#organization\"},\"potentialAction\":[{\"@type\":\"SearchAction\",\"target\":{\"@type\":\"EntryPoint\",\"urlTemplate\":\"https:\\\/\\\/schoenstatt.com\\\/es\\\/?s={search_term_string}\"},\"query-input\":{\"@type\":\"PropertyValueSpecification\",\"valueRequired\":true,\"valueName\":\"search_term_string\"}}],\"inLanguage\":\"es\"},{\"@type\":\"Organization\",\"@id\":\"https:\\\/\\\/schoenstatt.com\\\/es\\\/#organization\",\"name\":\"Schoenstatt\",\"url\":\"https:\\\/\\\/schoenstatt.com\\\/es\\\/\",\"logo\":{\"@type\":\"ImageObject\",\"inLanguage\":\"es\",\"@id\":\"https:\\\/\\\/schoenstatt.com\\\/es\\\/#\\\/schema\\\/logo\\\/image\\\/\",\"url\":\"https:\\\/\\\/schoenstatt.com\\\/wp-content\\\/uploads\\\/2025\\\/04\\\/logo-schoenstatt-white-696x696-1.png\",\"contentUrl\":\"https:\\\/\\\/schoenstatt.com\\\/wp-content\\\/uploads\\\/2025\\\/04\\\/logo-schoenstatt-white-696x696-1.png\",\"width\":696,\"height\":694,\"caption\":\"Schoenstatt\"},\"image\":{\"@id\":\"https:\\\/\\\/schoenstatt.com\\\/es\\\/#\\\/schema\\\/logo\\\/image\\\/\"}},{\"@type\":\"Person\",\"@id\":\"https:\\\/\\\/schoenstatt.com\\\/es\\\/#\\\/schema\\\/person\\\/489465b1850e7b216fe2c10dfc262551\",\"name\":\"admin\",\"image\":{\"@type\":\"ImageObject\",\"inLanguage\":\"es\",\"@id\":\"https:\\\/\\\/secure.gravatar.com\\\/avatar\\\/02e8345e1ec40ab0e0a2a98fdde64a684bbaf994cddcb778b25b8b024ee9dfe6?s=96&d=mm&r=g\",\"url\":\"https:\\\/\\\/secure.gravatar.com\\\/avatar\\\/02e8345e1ec40ab0e0a2a98fdde64a684bbaf994cddcb778b25b8b024ee9dfe6?s=96&d=mm&r=g\",\"contentUrl\":\"https:\\\/\\\/secure.gravatar.com\\\/avatar\\\/02e8345e1ec40ab0e0a2a98fdde64a684bbaf994cddcb778b25b8b024ee9dfe6?s=96&d=mm&r=g\",\"caption\":\"admin\"},\"sameAs\":[\"https:\\\/\\\/schoenstatt.com\"],\"url\":\"https:\\\/\\\/schoenstatt.com\\\/es\\\/author\\\/admin\\\/\"}]}<\/script>\n<!-- \/ Yoast SEO Premium plugin. -->","yoast_head_json":{"title":"JMJ-2023: Jornada de Lisboa de 1 a 6 de agosto","description":"JMJ-2023: Un evento que da la vuelta al mundo , distinguido por ser un momento de encuentro para millones de personas de todo el mundo","robots":{"index":"index","follow":"follow","max-snippet":"max-snippet:-1","max-image-preview":"max-image-preview:large","max-video-preview":"max-video-preview:-1"},"canonical":"https:\/\/schoenstatt.com\/es\/jmj-2023-jornada-de-lisboa-de-1-a-6-de-agosto\/","og_locale":"es_ES","og_type":"article","og_title":"JMJ-2023: Jornada de Lisboa de 1 a 6 de agosto","og_description":"JMJ-2023: Un evento que da la vuelta al mundo , distinguido por ser un momento de encuentro para millones de personas de todo el mundo","og_url":"https:\/\/schoenstatt.com\/es\/jmj-2023-jornada-de-lisboa-de-1-a-6-de-agosto\/","og_site_name":"Schoenstatt","article_published_time":"2021-10-04T18:31:16+00:00","article_modified_time":"2025-08-19T19:45:37+00:00","og_image":[{"width":1920,"height":1080,"url":"https:\/\/schoenstatt.com\/wp-content\/uploads\/2021\/10\/2021-10-10-2-3.png","type":"image\/png"}],"author":"admin","twitter_card":"summary_large_image","twitter_misc":{"Escrito por":"admin","Tiempo de lectura":"3 minutos"},"schema":{"@context":"https:\/\/schema.org","@graph":[{"@type":"Article","@id":"https:\/\/schoenstatt.com\/es\/jmj-2023-jornada-de-lisboa-de-1-a-6-de-agosto\/#article","isPartOf":{"@id":"https:\/\/schoenstatt.com\/es\/jmj-2023-jornada-de-lisboa-de-1-a-6-de-agosto\/"},"author":{"name":"admin","@id":"https:\/\/schoenstatt.com\/es\/#\/schema\/person\/489465b1850e7b216fe2c10dfc262551"},"headline":"JMJ-2023: Jornada de Lisboa de 1 a 6 de agosto","datePublished":"2021-10-04T18:31:16+00:00","dateModified":"2025-08-19T19:45:37+00:00","mainEntityOfPage":{"@id":"https:\/\/schoenstatt.com\/es\/jmj-2023-jornada-de-lisboa-de-1-a-6-de-agosto\/"},"wordCount":407,"publisher":{"@id":"https:\/\/schoenstatt.com\/es\/#organization"},"image":{"@id":"https:\/\/schoenstatt.com\/es\/jmj-2023-jornada-de-lisboa-de-1-a-6-de-agosto\/#primaryimage"},"thumbnailUrl":"https:\/\/schoenstatt.com\/wp-content\/uploads\/2021\/10\/2021-10-10-2-3.png","keywords":["JMJ Lisboa","Jornada Mundial de la Juventud \u2013 JMJ","Juventud"],"articleSection":["Iglesia","Juventud"],"inLanguage":"es"},{"@type":"WebPage","@id":"https:\/\/schoenstatt.com\/es\/jmj-2023-jornada-de-lisboa-de-1-a-6-de-agosto\/","url":"https:\/\/schoenstatt.com\/es\/jmj-2023-jornada-de-lisboa-de-1-a-6-de-agosto\/","name":"JMJ-2023: Jornada de Lisboa de 1 a 6 de agosto","isPartOf":{"@id":"https:\/\/schoenstatt.com\/es\/#website"},"primaryImageOfPage":{"@id":"https:\/\/schoenstatt.com\/es\/jmj-2023-jornada-de-lisboa-de-1-a-6-de-agosto\/#primaryimage"},"image":{"@id":"https:\/\/schoenstatt.com\/es\/jmj-2023-jornada-de-lisboa-de-1-a-6-de-agosto\/#primaryimage"},"thumbnailUrl":"https:\/\/schoenstatt.com\/wp-content\/uploads\/2021\/10\/2021-10-10-2-3.png","datePublished":"2021-10-04T18:31:16+00:00","dateModified":"2025-08-19T19:45:37+00:00","description":"JMJ-2023: Un evento que da la vuelta al mundo , distinguido por ser un momento de encuentro para millones de personas de todo el mundo","breadcrumb":{"@id":"https:\/\/schoenstatt.com\/es\/jmj-2023-jornada-de-lisboa-de-1-a-6-de-agosto\/#breadcrumb"},"inLanguage":"es","potentialAction":[{"@type":"ReadAction","target":["https:\/\/schoenstatt.com\/es\/jmj-2023-jornada-de-lisboa-de-1-a-6-de-agosto\/"]}]},{"@type":"ImageObject","inLanguage":"es","@id":"https:\/\/schoenstatt.com\/es\/jmj-2023-jornada-de-lisboa-de-1-a-6-de-agosto\/#primaryimage","url":"https:\/\/schoenstatt.com\/wp-content\/uploads\/2021\/10\/2021-10-10-2-3.png","contentUrl":"https:\/\/schoenstatt.com\/wp-content\/uploads\/2021\/10\/2021-10-10-2-3.png","width":1920,"height":1080,"caption":"Vatican Media"},{"@type":"BreadcrumbList","@id":"https:\/\/schoenstatt.com\/es\/jmj-2023-jornada-de-lisboa-de-1-a-6-de-agosto\/#breadcrumb","itemListElement":[{"@type":"ListItem","position":1,"name":"Portada","item":"https:\/\/schoenstatt.com\/es\/home\/"},{"@type":"ListItem","position":2,"name":"JMJ-2023: Jornada de Lisboa de 1 a 6 de agosto"}]},{"@type":"WebSite","@id":"https:\/\/schoenstatt.com\/es\/#website","url":"https:\/\/schoenstatt.com\/es\/","name":"Schoenstatt","description":"Apostolic Movement","publisher":{"@id":"https:\/\/schoenstatt.com\/es\/#organization"},"potentialAction":[{"@type":"SearchAction","target":{"@type":"EntryPoint","urlTemplate":"https:\/\/schoenstatt.com\/es\/?s={search_term_string}"},"query-input":{"@type":"PropertyValueSpecification","valueRequired":true,"valueName":"search_term_string"}}],"inLanguage":"es"},{"@type":"Organization","@id":"https:\/\/schoenstatt.com\/es\/#organization","name":"Schoenstatt","url":"https:\/\/schoenstatt.com\/es\/","logo":{"@type":"ImageObject","inLanguage":"es","@id":"https:\/\/schoenstatt.com\/es\/#\/schema\/logo\/image\/","url":"https:\/\/schoenstatt.com\/wp-content\/uploads\/2025\/04\/logo-schoenstatt-white-696x696-1.png","contentUrl":"https:\/\/schoenstatt.com\/wp-content\/uploads\/2025\/04\/logo-schoenstatt-white-696x696-1.png","width":696,"height":694,"caption":"Schoenstatt"},"image":{"@id":"https:\/\/schoenstatt.com\/es\/#\/schema\/logo\/image\/"}},{"@type":"Person","@id":"https:\/\/schoenstatt.com\/es\/#\/schema\/person\/489465b1850e7b216fe2c10dfc262551","name":"admin","image":{"@type":"ImageObject","inLanguage":"es","@id":"https:\/\/secure.gravatar.com\/avatar\/02e8345e1ec40ab0e0a2a98fdde64a684bbaf994cddcb778b25b8b024ee9dfe6?s=96&d=mm&r=g","url":"https:\/\/secure.gravatar.com\/avatar\/02e8345e1ec40ab0e0a2a98fdde64a684bbaf994cddcb778b25b8b024ee9dfe6?s=96&d=mm&r=g","contentUrl":"https:\/\/secure.gravatar.com\/avatar\/02e8345e1ec40ab0e0a2a98fdde64a684bbaf994cddcb778b25b8b024ee9dfe6?s=96&d=mm&r=g","caption":"admin"},"sameAs":["https:\/\/schoenstatt.com"],"url":"https:\/\/schoenstatt.com\/es\/author\/admin\/"}]}},"_links":{"self":[{"href":"https:\/\/schoenstatt.com\/es\/wp-json\/wp\/v2\/posts\/18695","targetHints":{"allow":["GET"]}}],"collection":[{"href":"https:\/\/schoenstatt.com\/es\/wp-json\/wp\/v2\/posts"}],"about":[{"href":"https:\/\/schoenstatt.com\/es\/wp-json\/wp\/v2\/types\/post"}],"author":[{"embeddable":true,"href":"https:\/\/schoenstatt.com\/es\/wp-json\/wp\/v2\/users\/1"}],"replies":[{"embeddable":true,"href":"https:\/\/schoenstatt.com\/es\/wp-json\/wp\/v2\/comments?post=18695"}],"version-history":[{"count":1,"href":"https:\/\/schoenstatt.com\/es\/wp-json\/wp\/v2\/posts\/18695\/revisions"}],"predecessor-version":[{"id":44730,"href":"https:\/\/schoenstatt.com\/es\/wp-json\/wp\/v2\/posts\/18695\/revisions\/44730"}],"wp:featuredmedia":[{"embeddable":true,"href":"https:\/\/schoenstatt.com\/es\/wp-json\/wp\/v2\/media\/18691"}],"wp:attachment":[{"href":"https:\/\/schoenstatt.com\/es\/wp-json\/wp\/v2\/media?parent=18695"}],"wp:term":[{"taxonomy":"category","embeddable":true,"href":"https:\/\/schoenstatt.com\/es\/wp-json\/wp\/v2\/categories?post=18695"},{"taxonomy":"post_tag","embeddable":true,"href":"https:\/\/schoenstatt.com\/es\/wp-json\/wp\/v2\/tags?post=18695"}],"curies":[{"name":"wp","href":"https:\/\/api.w.org\/{rel}","templated":true}]}}