{"id":72278,"date":"2026-09-03T13:50:13","date_gmt":"2026-09-03T11:50:13","guid":{"rendered":"https:\/\/schoenstatt.com\/?p=72278"},"modified":"2026-09-03T14:21:21","modified_gmt":"2026-09-03T12:21:21","slug":"unique-jetzt-echt","status":"publish","type":"post","link":"https:\/\/schoenstatt.com\/de\/unique-jetzt-echt\/","title":{"rendered":"\u201eUnique \u2026 jetzt echt?!\u201c"},"content":{"rendered":"\n<p class=\"wp-block-paragraph\">Ein Festival entsteht nicht erst, wenn die ersten Besucher kommen. Es entsteht Tage vorher, wenn Kabel verlegt, B\u00fchnen aufgebaut, Lieder geprobt, Zelte aufgestellt und unz\u00e4hlige Dinge organisiert werden. Bei der \u201eNacht des Heiligtums\u201c (NdH) 2026 ist das in diesen Tagen besonders sichtbar: <strong>Mehr als 80 junge Menschen investieren sich, damit vom 4. bis 6. September in Sch\u00f6nstatt ein Fest von Jugendlichen f\u00fcr Jugendliche stattfinden kann.<\/strong><\/p>\n\n\n\n<div style=\"height:30px\" aria-hidden=\"true\" class=\"wp-block-spacer\"><\/div>\n\n\n\n<figure class=\"wp-block-gallery has-nested-images columns-default is-cropped wp-block-gallery-1 is-layout-flex wp-block-gallery-is-layout-flex\">\n<figure class=\"wp-block-image size-large\"><img decoding=\"async\" data-id=\"72244\" src=\"https:\/\/schoenstatt.com\/wp-content\/uploads\/2026\/09\/Nacht-des-Heiligtums-2026-b.webp\" alt=\"\" class=\"wp-image-72244\"\/><\/figure>\n\n\n\n<figure class=\"wp-block-image size-large\"><img decoding=\"async\" data-id=\"72249\" src=\"https:\/\/schoenstatt.com\/wp-content\/uploads\/2026\/09\/Nacht-des-Heiligtums-2026-c.webp\" alt=\"\" class=\"wp-image-72249\"\/><\/figure>\n<\/figure>\n\n\n\n<div style=\"height:39px\" aria-hidden=\"true\" class=\"wp-block-spacer\"><\/div>\n\n\n\n<h2 id=\"h-eine-woche-voller-engagement\" class=\"wp-block-heading has-medium-font-size\">Eine Woche voller Engagement<\/h2>\n\n\n\n<p class=\"wp-block-paragraph\">Die NdH dauert ein Wochenende. F\u00fcr die vielen freiwilligen Helferinnen und Helfer beginnt die NdH jedoch schon deutlich fr\u00fcher \u2013 mit der \u201eSemana del Voluntario\u201c, der Woche der Freiwilligen. <strong>Mehr als 80 Jugendliche und junge Erwachsene treffen sich bereits eine Woche vor dem Festival in Sch\u00f6nstatt. <\/strong>Sie kommen zusammen, um aufzubauen, vorzubereiten, zu planen, zu organisieren \u2013 und gemeinsam etwas auf die Beine zu stellen, das am Ende mehr als 350 junge Menschen zusammenbringen soll.<\/p>\n\n\n\n<p class=\"wp-block-paragraph\">Dabei arbeitet jeder in seinem eigenen Bereich. Es gibt Teams f\u00fcr die zentrale Koordination, Musik und Band, kreatives Design, Verwaltung, Logistik, PR, Finanzen, Programm und vieles mehr.<\/p>\n\n\n\n<p class=\"wp-block-paragraph\">W\u00e4hrend der Freiwilligenwoche verwandelt sich das Festivalgel\u00e4nde Schritt f\u00fcr Schritt. Die B\u00fchne wird aufgebaut, Zelte werden errichtet und Kabel f\u00fcr Ton- und Lichttechnik verlegt. Musikerinnen und Musiker proben gemeinsam, Instrumente werden getestet und die technische Ausstattung vorbereitet. Das Kreativteam entwickelt Dekoration und B\u00fchnengestaltung, w\u00e4hrend das PR-Team Fotos und Videos produziert, Beitr\u00e4ge vorbereitet und die Kommunikation in die verschiedenen Kan\u00e4le, zum Beispiel Instagram, \u00fcbernimmt.<\/p>\n\n\n\n<p class=\"wp-block-paragraph\">Auch die inhaltliche Vorbereitung ist intensiv. Workshops, Impulse und Gebetszeiten m\u00fcssen vorbereitet und aufeinander abgestimmt werden. Das Team Liturgie gestaltet die Gottesdienste und Gebetszeiten, w\u00e4hrend die Techniker daf\u00fcr sorgen, dass am Festivalwochenende alles ineinandergreift.<\/p>\n\n\n\n<div style=\"height:30px\" aria-hidden=\"true\" class=\"wp-block-spacer\"><\/div>\n\n\n\n<figure class=\"wp-block-image aligncenter size-full\"><img decoding=\"async\" src=\"https:\/\/schoenstatt.com\/wp-content\/uploads\/2026\/09\/Nacht-des-Heiligtums-2026-d.webp\" alt=\"\" class=\"wp-image-72254\"\/><\/figure>\n\n\n\n<div style=\"height:35px\" aria-hidden=\"true\" class=\"wp-block-spacer\"><\/div>\n\n\n\n<h2 id=\"h-von-jugendlichen-fur-jugendliche\" class=\"wp-block-heading has-medium-font-size\">\u201eVon Jugendlichen f\u00fcr Jugendliche\u201c<\/h2>\n\n\n\n<p class=\"wp-block-paragraph\">Genau darin liegt eine Besonderheit der Nacht des Heiligtums: Das Festival wird nicht einfach f\u00fcr junge Menschen veranstaltet \u2013 junge Menschen selbst gestalten es. Junge M\u00e4nner und Frauen bringen ihre F\u00e4higkeiten ein und werden kreativ. Manche stehen sp\u00e4ter auf der B\u00fchne, andere arbeiten hinter den Kulissen. Manche k\u00fcmmern sich um Technik, andere um Gestaltung, Musik, Gebet, Organisation oder Kommunikation. So wird aus vielen einzelnen Aufgaben ein gemeinsames Projekt.<\/p>\n\n\n\n<p class=\"wp-block-paragraph\">Zwischen Aufbau und Proben gibt es gemeinsames Essen, Gespr\u00e4che, Lachen, spontane Momente und Begegnungen mit Freunden, die man vielleicht lange nicht gesehen hat. Am Ende der Woche steht deshalb nicht nur ein fertig aufgebautes Festivalgel\u00e4nde. Es steht auch die Erfahrung: Wir haben das gemeinsam geschafft.<\/p>\n\n\n\n<div style=\"height:28px\" aria-hidden=\"true\" class=\"wp-block-spacer\"><\/div>\n\n\n\n<h2 id=\"h-unique-jetzt-echt\" class=\"wp-block-heading has-medium-font-size\">\u201eUnique \u2026 jetzt echt?!\u201c<\/h2>\n\n\n\n<p class=\"wp-block-paragraph\">Mit dem Motto \u201eUnique \u2026 jetzt echt?!\u201c nehmen die Verantwortlichen die Sehnsucht junger Menschen nach Echtheit in den Blick. In einer Welt, die zunehmend von Fake News und KI gepr\u00e4gt ist, stellt sich umso dringlicher die Frage: Was ist wirklich echt \u2013 und wer bin ich selbst?<\/p>\n\n\n\n<p class=\"wp-block-paragraph\">Das Kernteam der NdH beschreibt \u201eEchtsein\u201c als die Entscheidung, authentisch zu leben, die eigene Einzigartigkeit zu entdecken und nicht einfach den Erwartungen anderer zu entsprechen. Die Antwort auf die Frage nach der eigenen Einzigartigkeit soll dabei nicht bei einem blo\u00dfen Selbstoptimierungsprojekt stehen bleiben. Vielmehr geht es darum, die eigene Berufung zu entdecken, Verantwortung zu \u00fcbernehmen und mit den eigenen M\u00f6glichkeiten einen Unterschied zu machen.<\/p>\n\n\n\n<p class=\"wp-block-paragraph\">Auch deshalb spielt das Liebesb\u00fcndnis mit Maria bei der Nacht des Heiligtums eine zentrale Rolle. Im Mittelpunkt des Wochenendes steht die Erfahrung, dass jeder Mensch eine einzigartige Geschichte mit Gott hat.<\/p>\n\n\n\n<div style=\"height:28px\" aria-hidden=\"true\" class=\"wp-block-spacer\"><\/div>\n\n\n\n<figure class=\"wp-block-image aligncenter size-full\"><img decoding=\"async\" src=\"https:\/\/schoenstatt.com\/wp-content\/uploads\/2026\/09\/Nacht-des-Heiligtums-2026-e.webp\" alt=\"\" class=\"wp-image-72260\"\/><\/figure>\n\n\n\n<div style=\"height:33px\" aria-hidden=\"true\" class=\"wp-block-spacer\"><\/div>\n\n\n\n<h2 id=\"h-eine-woche-die-spuren-hinterlasst\" class=\"wp-block-heading has-medium-font-size\">Eine Woche, die Spuren hinterl\u00e4sst<\/h2>\n\n\n\n<p class=\"wp-block-paragraph\">Wenn am Wochenende schlie\u00dflich die ersten Teilnehmerinnen und Teilnehmer eintreffen und Musik, Licht und Begegnungen das Festivalgel\u00e4nde erf\u00fcllen, ist nur ein Teil dessen sichtbar, was kurz zuvor entstanden ist. Hinter der B\u00fchne stehen mehr als 80 junge Menschen, die eine Woche lang ihre Zeit, ihre Ideen und ihre Talente eingebracht haben. Vielleicht ist genau das ein St\u00fcck dessen, was \u201eUnique \u2026 jetzt echt?!\u201c bedeutet: nicht perfekt sein zu m\u00fcssen, sondern sich mit dem einzubringen, was man selbst mitbringt.<\/p>\n\n\n\n<div style=\"height:31px\" aria-hidden=\"true\" class=\"wp-block-spacer\"><\/div>\n\n\n\n<h2 id=\"h-was-ist-die-nacht-des-heiligtums\" class=\"wp-block-heading has-medium-font-size\">Was ist die \u201eNacht des Heiligtums\u201c?<\/h2>\n\n\n\n<p class=\"wp-block-paragraph\">Die \u201eNacht des Heiligtums\u201c gibt es seit 2006. Sie ist ein Erlebnis, das verbindet, inspiriert und den Glauben lebendig macht. Junge Menschen feiern in Sch\u00f6nstatt bei Vallendar gemeinsam, tauschen sich aus und tauchen tiefer in ihre pers\u00f6nliche Beziehung zu Gott ein. Von Jugend f\u00fcr Jugend \u2013 das ist das Herzst\u00fcck des Festivals. Junge Erwachsene aus ganz Deutschland bringen ihre Talente ein, gestalten Workshops, teilen ihre Geschichten und schaffen eine Atmosph\u00e4re, die von Gemeinschaft, Freude und echtem Glauben gepr\u00e4gt ist.<\/p>\n\n\n\n<p class=\"wp-block-paragraph\">Im Mittelpunkt steht das Liebesb\u00fcndnis \u2013 eine tiefe, pers\u00f6nliche Verbindung mit Gott, inspiriert von der Gottesmutter Maria. Die jungen Menschen sind \u00fcberzeugt: Jeder Mensch schreibt eine einzigartige Geschichte mit Gott, die das Engagement f\u00fcr dieses Glaubenserlebnis erm\u00f6glicht. Die \u201eNacht des Heiligtums\u201c schenkt Raum, diesen Weg gemeinsam zu gehen \u2013 voller Musik, Spa\u00df, Begegnungen und unvergesslicher Momente.<\/p>\n\n\n\n<p class=\"wp-block-paragraph\">Weitere Informationen gibt es unter <a href=\"http:\/\/www.nachtdesheiligtums.de\" target=\"_blank\" rel=\"noreferrer noopener\">www.nachtdesheiligtums.de<\/a>. Auf dem Instagram-Kanal postet das Kernteam t\u00e4glich aus Sch\u00f6nstatt auf <a href=\"https:\/\/www.instagram.com\/nachtdesheiligtums\/\" target=\"_blank\" rel=\"noreferrer noopener\">@nachtdesheiligtums<\/a>.<\/p>\n\n\n\n<p class=\"wp-block-paragraph\">Fotos: @nachtdesheiligtums<\/p>\n","protected":false},"excerpt":{"rendered":"<p>Die Sch\u00f6nstatt-Jugend in Deutschland bereitet sich an diesem Wochenende auf eine neue Ausgabe der \u201eNacht des Heiligtums\u201c vor.<\/p>\n","protected":false},"author":3,"featured_media":72265,"comment_status":"closed","ping_status":"closed","sticky":false,"template":"","format":"standard","meta":{"footnotes":""},"categories":[899],"tags":[1357,1162],"class_list":["post-72278","post","type-post","status-publish","format-standard","has-post-thumbnail","hentry","category-urheiligtum-de","tag-nacht-des-heiligtums","tag-schonstatt-deutschland-de"],"yoast_head":"<!-- This site is optimized with the Yoast SEO Premium plugin v28.1 (Yoast SEO v28.4) - https:\/\/yoast.com\/product\/yoast-seo-premium-wordpress\/ -->\n<title>\u201eUnique \u2026 jetzt echt?!\u201c - Schoenstatt<\/title>\n<meta name=\"description\" content=\"Die Sch\u00f6nstatt-Jugend in Deutschland bereitet sich an diesem Wochenende auf eine neue Ausgabe der \u201eNacht des Heiligtums\u201c vor.\" \/>\n<meta name=\"robots\" content=\"index, follow, max-snippet:-1, max-image-preview:large, max-video-preview:-1\" \/>\n<link rel=\"canonical\" href=\"https:\/\/schoenstatt.com\/de\/unique-jetzt-echt\/\" \/>\n<meta property=\"og:locale\" content=\"de_DE\" \/>\n<meta property=\"og:type\" content=\"article\" \/>\n<meta property=\"og:title\" content=\"\u201eUnique \u2026 jetzt echt?!\u201c\" \/>\n<meta property=\"og:description\" content=\"Die Sch\u00f6nstatt-Jugend in Deutschland bereitet sich an diesem Wochenende auf eine neue Ausgabe der \u201eNacht des Heiligtums\u201c vor.\" \/>\n<meta property=\"og:url\" content=\"https:\/\/schoenstatt.com\/de\/unique-jetzt-echt\/\" \/>\n<meta property=\"og:site_name\" content=\"Schoenstatt\" \/>\n<meta property=\"article:published_time\" content=\"2026-09-03T11:50:13+00:00\" \/>\n<meta property=\"article:modified_time\" content=\"2026-09-03T12:21:21+00:00\" \/>\n<meta property=\"og:image\" content=\"https:\/\/schoenstatt.com\/wp-content\/uploads\/2026\/09\/Nacht-des-Heiligtums-2026.webp\" \/>\n\t<meta property=\"og:image:width\" content=\"1280\" \/>\n\t<meta property=\"og:image:height\" content=\"853\" \/>\n\t<meta property=\"og:image:type\" content=\"image\/jpeg\" \/>\n<meta name=\"author\" content=\"Karen Bueno\" \/>\n<meta name=\"twitter:card\" content=\"summary_large_image\" \/>\n<meta name=\"twitter:label1\" content=\"Verfasst von\" \/>\n\t<meta name=\"twitter:data1\" content=\"Karen Bueno\" \/>\n\t<meta name=\"twitter:label2\" content=\"Gesch\u00e4tzte Lesezeit\" \/>\n\t<meta name=\"twitter:data2\" content=\"6\u00a0Minuten\" \/>\n<script type=\"application\/ld+json\" class=\"yoast-schema-graph\">{\"@context\":\"https:\\\/\\\/schema.org\",\"@graph\":[{\"@type\":\"Article\",\"@id\":\"https:\\\/\\\/schoenstatt.com\\\/de\\\/unique-jetzt-echt\\\/#article\",\"isPartOf\":{\"@id\":\"https:\\\/\\\/schoenstatt.com\\\/de\\\/unique-jetzt-echt\\\/\"},\"author\":{\"name\":\"Karen Bueno\",\"@id\":\"https:\\\/\\\/schoenstatt.com\\\/de\\\/#\\\/schema\\\/person\\\/5158877ad4acae98b34daaeef2a1ce6e\"},\"headline\":\"\u201eUnique \u2026 jetzt echt?!\u201c\",\"datePublished\":\"2026-09-03T11:50:13+00:00\",\"dateModified\":\"2026-09-03T12:21:21+00:00\",\"mainEntityOfPage\":{\"@id\":\"https:\\\/\\\/schoenstatt.com\\\/de\\\/unique-jetzt-echt\\\/\"},\"wordCount\":813,\"publisher\":{\"@id\":\"https:\\\/\\\/schoenstatt.com\\\/de\\\/#organization\"},\"image\":{\"@id\":\"https:\\\/\\\/schoenstatt.com\\\/de\\\/unique-jetzt-echt\\\/#primaryimage\"},\"thumbnailUrl\":\"https:\\\/\\\/schoenstatt.com\\\/wp-content\\\/uploads\\\/2026\\\/09\\\/Nacht-des-Heiligtums-2026.webp\",\"keywords\":[\"Nacht des Heiligtums\",\"Sch\u00f6nstatt Deutschland\"],\"articleSection\":[\"Urheiligtum\"],\"inLanguage\":\"de\"},{\"@type\":\"WebPage\",\"@id\":\"https:\\\/\\\/schoenstatt.com\\\/de\\\/unique-jetzt-echt\\\/\",\"url\":\"https:\\\/\\\/schoenstatt.com\\\/de\\\/unique-jetzt-echt\\\/\",\"name\":\"\u201eUnique \u2026 jetzt echt?!\u201c - Schoenstatt\",\"isPartOf\":{\"@id\":\"https:\\\/\\\/schoenstatt.com\\\/de\\\/#website\"},\"primaryImageOfPage\":{\"@id\":\"https:\\\/\\\/schoenstatt.com\\\/de\\\/unique-jetzt-echt\\\/#primaryimage\"},\"image\":{\"@id\":\"https:\\\/\\\/schoenstatt.com\\\/de\\\/unique-jetzt-echt\\\/#primaryimage\"},\"thumbnailUrl\":\"https:\\\/\\\/schoenstatt.com\\\/wp-content\\\/uploads\\\/2026\\\/09\\\/Nacht-des-Heiligtums-2026.webp\",\"datePublished\":\"2026-09-03T11:50:13+00:00\",\"dateModified\":\"2026-09-03T12:21:21+00:00\",\"description\":\"Die Sch\u00f6nstatt-Jugend in Deutschland bereitet sich an diesem Wochenende auf eine neue Ausgabe der \u201eNacht des Heiligtums\u201c vor.\",\"breadcrumb\":{\"@id\":\"https:\\\/\\\/schoenstatt.com\\\/de\\\/unique-jetzt-echt\\\/#breadcrumb\"},\"inLanguage\":\"de\",\"potentialAction\":[{\"@type\":\"ReadAction\",\"target\":[\"https:\\\/\\\/schoenstatt.com\\\/de\\\/unique-jetzt-echt\\\/\"]}]},{\"@type\":\"ImageObject\",\"inLanguage\":\"de\",\"@id\":\"https:\\\/\\\/schoenstatt.com\\\/de\\\/unique-jetzt-echt\\\/#primaryimage\",\"url\":\"https:\\\/\\\/schoenstatt.com\\\/wp-content\\\/uploads\\\/2026\\\/09\\\/Nacht-des-Heiligtums-2026.webp\",\"contentUrl\":\"https:\\\/\\\/schoenstatt.com\\\/wp-content\\\/uploads\\\/2026\\\/09\\\/Nacht-des-Heiligtums-2026.webp\",\"width\":1280,\"height\":853},{\"@type\":\"BreadcrumbList\",\"@id\":\"https:\\\/\\\/schoenstatt.com\\\/de\\\/unique-jetzt-echt\\\/#breadcrumb\",\"itemListElement\":[{\"@type\":\"ListItem\",\"position\":1,\"name\":\"Portada\",\"item\":\"https:\\\/\\\/schoenstatt.com\\\/de\\\/home\\\/\"},{\"@type\":\"ListItem\",\"position\":2,\"name\":\"\u201eUnique \u2026 jetzt echt?!\u201c\"}]},{\"@type\":\"WebSite\",\"@id\":\"https:\\\/\\\/schoenstatt.com\\\/de\\\/#website\",\"url\":\"https:\\\/\\\/schoenstatt.com\\\/de\\\/\",\"name\":\"Schoenstatt\",\"description\":\"Apostolic Movement\",\"publisher\":{\"@id\":\"https:\\\/\\\/schoenstatt.com\\\/de\\\/#organization\"},\"potentialAction\":[{\"@type\":\"SearchAction\",\"target\":{\"@type\":\"EntryPoint\",\"urlTemplate\":\"https:\\\/\\\/schoenstatt.com\\\/de\\\/?s={search_term_string}\"},\"query-input\":{\"@type\":\"PropertyValueSpecification\",\"valueRequired\":true,\"valueName\":\"search_term_string\"}}],\"inLanguage\":\"de\"},{\"@type\":\"Organization\",\"@id\":\"https:\\\/\\\/schoenstatt.com\\\/de\\\/#organization\",\"name\":\"Schoenstatt\",\"url\":\"https:\\\/\\\/schoenstatt.com\\\/de\\\/\",\"logo\":{\"@type\":\"ImageObject\",\"inLanguage\":\"de\",\"@id\":\"https:\\\/\\\/schoenstatt.com\\\/de\\\/#\\\/schema\\\/logo\\\/image\\\/\",\"url\":\"https:\\\/\\\/schoenstatt.com\\\/wp-content\\\/uploads\\\/2025\\\/04\\\/logo-schoenstatt-white-696x696-1.png\",\"contentUrl\":\"https:\\\/\\\/schoenstatt.com\\\/wp-content\\\/uploads\\\/2025\\\/04\\\/logo-schoenstatt-white-696x696-1.png\",\"width\":696,\"height\":694,\"caption\":\"Schoenstatt\"},\"image\":{\"@id\":\"https:\\\/\\\/schoenstatt.com\\\/de\\\/#\\\/schema\\\/logo\\\/image\\\/\"}},{\"@type\":\"Person\",\"@id\":\"https:\\\/\\\/schoenstatt.com\\\/de\\\/#\\\/schema\\\/person\\\/5158877ad4acae98b34daaeef2a1ce6e\",\"name\":\"Karen Bueno\",\"image\":{\"@type\":\"ImageObject\",\"inLanguage\":\"de\",\"@id\":\"https:\\\/\\\/secure.gravatar.com\\\/avatar\\\/f9f4b823873154269d2b2130f195f6d41037dd0d7fc5f3cacb5c846bae70d66b?s=96&d=mm&r=g\",\"url\":\"https:\\\/\\\/secure.gravatar.com\\\/avatar\\\/f9f4b823873154269d2b2130f195f6d41037dd0d7fc5f3cacb5c846bae70d66b?s=96&d=mm&r=g\",\"contentUrl\":\"https:\\\/\\\/secure.gravatar.com\\\/avatar\\\/f9f4b823873154269d2b2130f195f6d41037dd0d7fc5f3cacb5c846bae70d66b?s=96&d=mm&r=g\",\"caption\":\"Karen Bueno\"},\"url\":\"https:\\\/\\\/schoenstatt.com\\\/de\\\/author\\\/karen-bueno\\\/\"}]}<\/script>\n<!-- \/ Yoast SEO Premium plugin. -->","yoast_head_json":{"title":"\u201eUnique \u2026 jetzt echt?!\u201c - Schoenstatt","description":"Die Sch\u00f6nstatt-Jugend in Deutschland bereitet sich an diesem Wochenende auf eine neue Ausgabe der \u201eNacht des Heiligtums\u201c vor.","robots":{"index":"index","follow":"follow","max-snippet":"max-snippet:-1","max-image-preview":"max-image-preview:large","max-video-preview":"max-video-preview:-1"},"canonical":"https:\/\/schoenstatt.com\/de\/unique-jetzt-echt\/","og_locale":"de_DE","og_type":"article","og_title":"\u201eUnique \u2026 jetzt echt?!\u201c","og_description":"Die Sch\u00f6nstatt-Jugend in Deutschland bereitet sich an diesem Wochenende auf eine neue Ausgabe der \u201eNacht des Heiligtums\u201c vor.","og_url":"https:\/\/schoenstatt.com\/de\/unique-jetzt-echt\/","og_site_name":"Schoenstatt","article_published_time":"2026-09-03T11:50:13+00:00","article_modified_time":"2026-09-03T12:21:21+00:00","og_image":[{"width":1280,"height":853,"url":"https:\/\/schoenstatt.com\/wp-content\/uploads\/2026\/09\/Nacht-des-Heiligtums-2026.webp","type":"image\/jpeg"}],"author":"Karen Bueno","twitter_card":"summary_large_image","twitter_misc":{"Verfasst von":"Karen Bueno","Gesch\u00e4tzte Lesezeit":"6\u00a0Minuten"},"schema":{"@context":"https:\/\/schema.org","@graph":[{"@type":"Article","@id":"https:\/\/schoenstatt.com\/de\/unique-jetzt-echt\/#article","isPartOf":{"@id":"https:\/\/schoenstatt.com\/de\/unique-jetzt-echt\/"},"author":{"name":"Karen Bueno","@id":"https:\/\/schoenstatt.com\/de\/#\/schema\/person\/5158877ad4acae98b34daaeef2a1ce6e"},"headline":"\u201eUnique \u2026 jetzt echt?!\u201c","datePublished":"2026-09-03T11:50:13+00:00","dateModified":"2026-09-03T12:21:21+00:00","mainEntityOfPage":{"@id":"https:\/\/schoenstatt.com\/de\/unique-jetzt-echt\/"},"wordCount":813,"publisher":{"@id":"https:\/\/schoenstatt.com\/de\/#organization"},"image":{"@id":"https:\/\/schoenstatt.com\/de\/unique-jetzt-echt\/#primaryimage"},"thumbnailUrl":"https:\/\/schoenstatt.com\/wp-content\/uploads\/2026\/09\/Nacht-des-Heiligtums-2026.webp","keywords":["Nacht des Heiligtums","Sch\u00f6nstatt Deutschland"],"articleSection":["Urheiligtum"],"inLanguage":"de"},{"@type":"WebPage","@id":"https:\/\/schoenstatt.com\/de\/unique-jetzt-echt\/","url":"https:\/\/schoenstatt.com\/de\/unique-jetzt-echt\/","name":"\u201eUnique \u2026 jetzt echt?!\u201c - Schoenstatt","isPartOf":{"@id":"https:\/\/schoenstatt.com\/de\/#website"},"primaryImageOfPage":{"@id":"https:\/\/schoenstatt.com\/de\/unique-jetzt-echt\/#primaryimage"},"image":{"@id":"https:\/\/schoenstatt.com\/de\/unique-jetzt-echt\/#primaryimage"},"thumbnailUrl":"https:\/\/schoenstatt.com\/wp-content\/uploads\/2026\/09\/Nacht-des-Heiligtums-2026.webp","datePublished":"2026-09-03T11:50:13+00:00","dateModified":"2026-09-03T12:21:21+00:00","description":"Die Sch\u00f6nstatt-Jugend in Deutschland bereitet sich an diesem Wochenende auf eine neue Ausgabe der \u201eNacht des Heiligtums\u201c vor.","breadcrumb":{"@id":"https:\/\/schoenstatt.com\/de\/unique-jetzt-echt\/#breadcrumb"},"inLanguage":"de","potentialAction":[{"@type":"ReadAction","target":["https:\/\/schoenstatt.com\/de\/unique-jetzt-echt\/"]}]},{"@type":"ImageObject","inLanguage":"de","@id":"https:\/\/schoenstatt.com\/de\/unique-jetzt-echt\/#primaryimage","url":"https:\/\/schoenstatt.com\/wp-content\/uploads\/2026\/09\/Nacht-des-Heiligtums-2026.webp","contentUrl":"https:\/\/schoenstatt.com\/wp-content\/uploads\/2026\/09\/Nacht-des-Heiligtums-2026.webp","width":1280,"height":853},{"@type":"BreadcrumbList","@id":"https:\/\/schoenstatt.com\/de\/unique-jetzt-echt\/#breadcrumb","itemListElement":[{"@type":"ListItem","position":1,"name":"Portada","item":"https:\/\/schoenstatt.com\/de\/home\/"},{"@type":"ListItem","position":2,"name":"\u201eUnique \u2026 jetzt echt?!\u201c"}]},{"@type":"WebSite","@id":"https:\/\/schoenstatt.com\/de\/#website","url":"https:\/\/schoenstatt.com\/de\/","name":"Schoenstatt","description":"Apostolic Movement","publisher":{"@id":"https:\/\/schoenstatt.com\/de\/#organization"},"potentialAction":[{"@type":"SearchAction","target":{"@type":"EntryPoint","urlTemplate":"https:\/\/schoenstatt.com\/de\/?s={search_term_string}"},"query-input":{"@type":"PropertyValueSpecification","valueRequired":true,"valueName":"search_term_string"}}],"inLanguage":"de"},{"@type":"Organization","@id":"https:\/\/schoenstatt.com\/de\/#organization","name":"Schoenstatt","url":"https:\/\/schoenstatt.com\/de\/","logo":{"@type":"ImageObject","inLanguage":"de","@id":"https:\/\/schoenstatt.com\/de\/#\/schema\/logo\/image\/","url":"https:\/\/schoenstatt.com\/wp-content\/uploads\/2025\/04\/logo-schoenstatt-white-696x696-1.png","contentUrl":"https:\/\/schoenstatt.com\/wp-content\/uploads\/2025\/04\/logo-schoenstatt-white-696x696-1.png","width":696,"height":694,"caption":"Schoenstatt"},"image":{"@id":"https:\/\/schoenstatt.com\/de\/#\/schema\/logo\/image\/"}},{"@type":"Person","@id":"https:\/\/schoenstatt.com\/de\/#\/schema\/person\/5158877ad4acae98b34daaeef2a1ce6e","name":"Karen Bueno","image":{"@type":"ImageObject","inLanguage":"de","@id":"https:\/\/secure.gravatar.com\/avatar\/f9f4b823873154269d2b2130f195f6d41037dd0d7fc5f3cacb5c846bae70d66b?s=96&d=mm&r=g","url":"https:\/\/secure.gravatar.com\/avatar\/f9f4b823873154269d2b2130f195f6d41037dd0d7fc5f3cacb5c846bae70d66b?s=96&d=mm&r=g","contentUrl":"https:\/\/secure.gravatar.com\/avatar\/f9f4b823873154269d2b2130f195f6d41037dd0d7fc5f3cacb5c846bae70d66b?s=96&d=mm&r=g","caption":"Karen Bueno"},"url":"https:\/\/schoenstatt.com\/de\/author\/karen-bueno\/"}]}},"_links":{"self":[{"href":"https:\/\/schoenstatt.com\/de\/wp-json\/wp\/v2\/posts\/72278","targetHints":{"allow":["GET"]}}],"collection":[{"href":"https:\/\/schoenstatt.com\/de\/wp-json\/wp\/v2\/posts"}],"about":[{"href":"https:\/\/schoenstatt.com\/de\/wp-json\/wp\/v2\/types\/post"}],"author":[{"embeddable":true,"href":"https:\/\/schoenstatt.com\/de\/wp-json\/wp\/v2\/users\/3"}],"replies":[{"embeddable":true,"href":"https:\/\/schoenstatt.com\/de\/wp-json\/wp\/v2\/comments?post=72278"}],"version-history":[{"count":2,"href":"https:\/\/schoenstatt.com\/de\/wp-json\/wp\/v2\/posts\/72278\/revisions"}],"predecessor-version":[{"id":72280,"href":"https:\/\/schoenstatt.com\/de\/wp-json\/wp\/v2\/posts\/72278\/revisions\/72280"}],"wp:featuredmedia":[{"embeddable":true,"href":"https:\/\/schoenstatt.com\/de\/wp-json\/wp\/v2\/media\/72265"}],"wp:attachment":[{"href":"https:\/\/schoenstatt.com\/de\/wp-json\/wp\/v2\/media?parent=72278"}],"wp:term":[{"taxonomy":"category","embeddable":true,"href":"https:\/\/schoenstatt.com\/de\/wp-json\/wp\/v2\/categories?post=72278"},{"taxonomy":"post_tag","embeddable":true,"href":"https:\/\/schoenstatt.com\/de\/wp-json\/wp\/v2\/tags?post=72278"}],"curies":[{"name":"wp","href":"https:\/\/api.w.org\/{rel}","templated":true}]}}