{"id":72228,"date":"2026-09-02T14:45:35","date_gmt":"2026-09-02T12:45:35","guid":{"rendered":"https:\/\/schoenstatt.com\/?p=72228"},"modified":"2026-09-02T15:01:38","modified_gmt":"2026-09-02T13:01:38","slug":"die-schoenstattfamilie-kroatiens-feiert-ihr-25-jaehriges-jubilaeum","status":"publish","type":"post","link":"https:\/\/schoenstatt.com\/de\/die-schoenstattfamilie-kroatiens-feiert-ihr-25-jaehriges-jubilaeum\/","title":{"rendered":"Die Sch\u00f6nstattfamilie Kroatiens feiert ihr 25-j\u00e4hriges Jubil\u00e4um"},"content":{"rendered":"\n<p class=\"wp-block-paragraph\">Am Samstag, dem 22. August 2026, wurde im Heiligtum der K\u00f6nigin der Herzen in Mala Subotica das Fest Maria K\u00f6nigin gefeiert. Rund 1.500 Sch\u00f6nst\u00e4tter und Sch\u00f6nst\u00e4tterinnen kamen zusammen \u2013 aus nahezu allen Teilen Kroatiens \u2013 von Slawonien, Ostkroatien bis Dubrovnik \u2013 sowie aus Bosnien und Herzegowina, vor allem aus Mostar und Ljubu\u0161ki. Viele haben einen sehr weiten Weg auf sich genommen.<\/p>\n\n\n\n<p class=\"wp-block-paragraph\">Der Tag verband mehrere bedeutende geschichtliche Ereignisse:<\/p>\n\n\n\n<div style=\"height:17px\" aria-hidden=\"true\" class=\"wp-block-spacer\"><\/div>\n\n\n\n<p class=\"wp-block-paragraph\">\u2665 10 Jahre Kr\u00f6nung der Dreimal Wunderbaren Mutter zur K\u00f6nigin der Herzen, 20. August 2016.<\/p>\n\n\n\n<p class=\"wp-block-paragraph\">\u2665 17 Jahre Weihe des ersten kroatischen Filialheiligtums in Mala Subotica, 22. August 2009.<\/p>\n\n\n\n<p class=\"wp-block-paragraph\">\u2665 25 Jahre Gr\u00fcndung der kroatischen Sch\u00f6nstattfamilie, 22. August 2001.<\/p>\n\n\n\n<div style=\"height:18px\" aria-hidden=\"true\" class=\"wp-block-spacer\"><\/div>\n\n\n\n<p class=\"wp-block-paragraph\">Dem Fest ging eine Novene von neun Monaten voraus und unmittelbar davor vom 19. bis 21. August ein geistliches Triduum, das von Pater Christoph Horn gestaltet wurde. Durch Gebet, Eucharistiefeier und Anbetung vor dem Allerheiligsten bereitete sich die kroatische Sch\u00f6nstattfamilie gemeinsam auf den Jubil\u00e4umstag vor.<\/p>\n\n\n\n<div style=\"height:25px\" aria-hidden=\"true\" class=\"wp-block-spacer\"><\/div>\n\n\n\n<h2 id=\"h-ein-heiligtumsgelande-in-herzform\" class=\"wp-block-heading has-medium-font-size\">Ein Heiligtumsgel\u00e4nde in Herzform<\/h2>\n\n\n\n<p class=\"wp-block-paragraph\">Die gr\u00fcne Oase in Herzform, in der das Heiligtum der K\u00f6nigin der Herzen, der Bildstock, der Sommeraltar, das Pilgerhaus und weitere Geb\u00e4ude liegen, war durch den lang ersehnten Sommerregen erfrischt und empfing die zahlreichen Pilger.<\/p>\n\n\n\n<div style=\"height:23px\" aria-hidden=\"true\" class=\"wp-block-spacer\"><\/div>\n\n\n\n<figure class=\"wp-block-image aligncenter size-full\"><img fetchpriority=\"high\" decoding=\"async\" width=\"1600\" height=\"900\" src=\"https:\/\/schoenstatt.com\/wp-content\/uploads\/2026\/09\/Croacia-Croatia-Mala-Subotica-Shrine.webp\" alt=\"\" class=\"wp-image-72208\" srcset=\"https:\/\/schoenstatt.com\/wp-content\/uploads\/2026\/09\/Croacia-Croatia-Mala-Subotica-Shrine.webp 1600w, https:\/\/schoenstatt.com\/wp-content\/uploads\/2026\/09\/Croacia-Croatia-Mala-Subotica-Shrine-768x432.webp 768w, https:\/\/schoenstatt.com\/wp-content\/uploads\/2026\/09\/Croacia-Croatia-Mala-Subotica-Shrine-1536x864.webp 1536w\" sizes=\"(max-width: 1600px) 100vw, 1600px\" \/><\/figure>\n\n\n\n<div style=\"height:23px\" aria-hidden=\"true\" class=\"wp-block-spacer\"><\/div>\n\n\n\n<p class=\"wp-block-paragraph\">Pater Christoph Horn, der die kroatische Sch\u00f6nstattfamilie schon lange begleitet und Rektor des Heiligtums ist, begr\u00fc\u00dfte die Pilger herzlich und stellte das Programm des Tages vor.<\/p>\n\n\n\n<p class=\"wp-block-paragraph\">Die feierliche Eucharistiefeier am Sommeraltar wurde von Bischof Bo\u017ee Rado\u0161 von Vara\u017edin geleitet. Zahlreiche Priester konzelebrierten, unter ihnen auch Mons. \u00c1lvaro Ernesto Isurieta Y Sea, Sekret\u00e4r der Apostolischen Nuntiatur in Kroatien. Er stammt aus Argentinien und geh\u00f6rt zum Sch\u00f6nstatt-Priesterbund.<\/p>\n\n\n\n<div style=\"height:25px\" aria-hidden=\"true\" class=\"wp-block-spacer\"><\/div>\n\n\n\n<h2 id=\"h-die-krone-die-eigentlich-das-herz-ist\" class=\"wp-block-heading has-medium-font-size\">Die Krone, die eigentlich das Herz ist<\/h2>\n\n\n\n<p class=\"wp-block-paragraph\">In seiner Homilie lud Bischof Bo\u017ee dazu ein, bei den Kreuzen des Lebens nicht nur zu fragen: <em>\u201eWarum gerade dieses Kreuz?\u201c<\/em> Vielmehr d\u00fcrfen wir erkennen, dass gerade das Kreuz der Schl\u00fcssel zu unserem Heil ist.<\/p>\n\n\n\n<p class=\"wp-block-paragraph\">Mit Blick auf die K\u00f6nigin der Herzen sagte er:<\/p>\n\n\n\n<p class=\"wp-block-paragraph\"><em>\u201eDas Herz der Gottesmutter ist gekr\u00f6nt, und in ihrem Herzen entsteht die Krone.\u201c<\/em><\/p>\n\n\n\n<p class=\"wp-block-paragraph\">Und er erinnerte daran:<\/p>\n\n\n\n<p class=\"wp-block-paragraph\"><em>\u201eDas erste Wort, das in Marias Seele eingeschrieben ist, lautet: Freue dich, du Begnadete! Freue dich, denn der Herr ist mit dir! Maria m\u00f6chte das, was sie in ihrem Herzen getragen hat und weiterhin tr\u00e4gt, auch in unser Herz legen: ihren geliebten Sohn. Maria ist die K\u00f6nigin der Herzen, die uns zu dem einl\u00e4dt, wozu Gott sie selbst berufen hat: zur christlichen Freude!\u201c<\/em><\/p>\n\n\n\n<p class=\"wp-block-paragraph\">Und weiter: Maria zu kr\u00f6nen bedeutet nicht nur, ihr eine \u00e4u\u00dfere Krone aufzusetzen. Es bedeutet, ihr unser Herz und unser Leben zu schenken und ihr zu erlauben, darin K\u00f6nigin zu sein.<\/p>\n\n\n\n<div style=\"height:29px\" aria-hidden=\"true\" class=\"wp-block-spacer\"><\/div>\n\n\n\n<figure class=\"wp-block-image aligncenter size-full is-resized\"><img decoding=\"async\" width=\"935\" height=\"626\" src=\"https:\/\/schoenstatt.com\/wp-content\/uploads\/2026\/09\/Croatia-Bishop-Boze-Rados.webp\" alt=\"\" class=\"wp-image-72213\" style=\"aspect-ratio:1.4936258350593659;width:592px;height:auto\" srcset=\"https:\/\/schoenstatt.com\/wp-content\/uploads\/2026\/09\/Croatia-Bishop-Boze-Rados.webp 935w, https:\/\/schoenstatt.com\/wp-content\/uploads\/2026\/09\/Croatia-Bishop-Boze-Rados-768x514.webp 768w\" sizes=\"(max-width: 935px) 100vw, 935px\" \/><figcaption class=\"wp-element-caption\">Bischof Bo\u017ee Rado\u0161<\/figcaption><\/figure>\n\n\n\n<div style=\"height:27px\" aria-hidden=\"true\" class=\"wp-block-spacer\"><\/div>\n\n\n\n<p class=\"wp-block-paragraph\">Neben Sr. M. Ramona Schneider und Sr. Mariana Hermann nahm auch Sr. M. Anke Rechtien, Provinzoberin der Dynamischen Provinz, Sch\u00f6nstatt, an der Feier teil. Dadurch f\u00fchlten wir uns mit dem Ursprungsort, der Quelle verbunden und zugleich mit der ganzen internationalen Sch\u00f6nstattfamilie.<\/p>\n\n\n\n<p class=\"wp-block-paragraph\">Unter den G\u00e4sten befanden sich au\u00dferdem Vertreter des \u00f6ffentlichen Lebens und der \u00f6rtlichen Beh\u00f6rden.<\/p>\n\n\n\n<div style=\"height:25px\" aria-hidden=\"true\" class=\"wp-block-spacer\"><\/div>\n\n\n\n<h2 id=\"h-wo-herzen-brennen-wachst-zukunft\" class=\"wp-block-heading has-medium-font-size\">Wo Herzen brennen, w\u00e4chst Zukunft<\/h2>\n\n\n\n<p class=\"wp-block-paragraph\">Unter diesem Thema stand das Nachmittagsprogramm. Gestaltet wurde es von Sr. M. Ramona Schneider in Zusammenarbeit mit mehreren Sch\u00f6nst\u00e4ttern. Im Mittelpunkt stand die Geschichte der kroatischen Sch\u00f6nstattfamilie abgek\u00fcrzt im Kroatischen als <strong>H\u0160O.<\/strong><\/p>\n\n\n\n<p class=\"wp-block-paragraph\"><strong>H &#8211; Hrvatska (Kroatien)<\/strong>. Wir haben unser sch\u00f6nes Land Kroatien betrachtet. Ein Land nicht nur von au\u00dfergew\u00f6hnlicher Sch\u00f6nheit, sondern vor allem ein Land mit einem gro\u00dfen Herzen \u2013 einem Herzen, das f\u00fcr Gott, die Familie, die Freiheit und das Vaterland schl\u00e4gt.<\/p>\n\n\n\n<p class=\"wp-block-paragraph\"><strong>\u0160 &#8211; \u0160enstat (Sch\u00f6nstatt)<\/strong>. Wir haben uns daran erinnert, wer uns Sch\u00f6nstatt nach Kroatien gebracht hat: Pater Rudolf Chrysostomus Grill, Frau Hedwig Maria Weinzierl, Pater Christoph Horn, die Sch\u00f6nst\u00e4tter Marienschwestern: Sr. Mariana und Sr. M. Ramona und viele andere.<\/p>\n\n\n\n<p class=\"wp-block-paragraph\"><strong>O &#8211; obitelj (Familie)<\/strong>. Wir haben uns an unseren Ersten gefreut, die sich in unserem Land die Sch\u00f6nstattspiritualit\u00e4t zu eigen gemacht und viele andere daf\u00fcr entz\u00fcndet haben. Wir denken vor allem an Mons. Ivan \u0160e\u0161o und an Schwester Mirjana Kukuljan, die als Karmelitin f\u00fcr Sch\u00f6nstatt arbeitete und von ihren Vorgesetzten daf\u00fcr freigestellt wurde.<\/p>\n\n\n\n<div style=\"height:26px\" aria-hidden=\"true\" class=\"wp-block-spacer\"><\/div>\n\n\n\n<figure class=\"wp-block-image aligncenter size-full is-resized\"><img decoding=\"async\" width=\"1147\" height=\"1346\" src=\"https:\/\/schoenstatt.com\/wp-content\/uploads\/2026\/09\/Croacia-Croatia-2026-b.webp\" alt=\"\" class=\"wp-image-72187\" style=\"aspect-ratio:0.852168702772877;width:552px;height:auto\" srcset=\"https:\/\/schoenstatt.com\/wp-content\/uploads\/2026\/09\/Croacia-Croatia-2026-b.webp 1147w, https:\/\/schoenstatt.com\/wp-content\/uploads\/2026\/09\/Croacia-Croatia-2026-b-768x901.webp 768w\" sizes=\"(max-width: 1147px) 100vw, 1147px\" \/><\/figure>\n\n\n\n<div style=\"height:24px\" aria-hidden=\"true\" class=\"wp-block-spacer\"><\/div>\n\n\n\n<p class=\"wp-block-paragraph\">Deutlich wurde bei allem: Die kroatische Sch\u00f6nstattfamilie ist nicht von einem Tag auf den anderen entstanden. Sie ist \u00fcber Jahrzehnte gewachsen \u2013 durch Menschen, die geglaubt, gebetet, Entscheidungen getroffen, Opfer geschenkt und immer wieder ihr \u201eJa\u201c gesprochen haben.<\/p>\n\n\n\n<p class=\"wp-block-paragraph\">So konnte langsam im Liebesb\u00fcndnis eine Familie entstehen.<\/p>\n\n\n\n<p class=\"wp-block-paragraph\">Eine Aussage fasste diese Erfahrung besonders treffend zusammen: <strong>Wenn wir selbst f\u00fcr Sch\u00f6nstatt brennen, werden wir auch andere entz\u00fcnden.<\/strong><\/p>\n\n\n\n<div style=\"height:25px\" aria-hidden=\"true\" class=\"wp-block-spacer\"><\/div>\n\n\n\n<h2 id=\"h-gott-schreibt-geschichte-oft-an-unscheinbaren-orten\" class=\"wp-block-heading has-medium-font-size\">Gott schreibt Geschichte oft an unscheinbaren Orten<\/h2>\n\n\n\n<p class=\"wp-block-paragraph\">Ein weiterer Teil des Programms richtete den Blick auf die Geschichte des Heiligtums in Mala Subotica.<\/p>\n\n\n\n<p class=\"wp-block-paragraph\">Auf einem kleinen, zun\u00e4chst unscheinbaren St\u00fcck Land entstand das erste kroatische Sch\u00f6nstatt-Filialheiligtum. Heute ist dieser Ort f\u00fcr viele Menschen zu einem geistlichen Zuhause geworden \u2013 zu einem Ort des Gebetes, der Begegnung im Liebesb\u00fcndnis.<\/p>\n\n\n\n<p class=\"wp-block-paragraph\">Im R\u00fcckblick erkennen wir deutlich, \u201eden Finger Gottes\u201c: Gottes F\u00fchrung, durch viele Jahrzehnte hindurch \u2013 vom steinernen Heiligtum zum Herzensheiligtum.<\/p>\n\n\n\n<p class=\"wp-block-paragraph\">Das Heiligtum in Mala Subotica erinnert zugleich an eine tiefe sch\u00f6nst\u00e4ttische Erfahrung: <strong>Der Mensch braucht Heimat und ein Zuhause in einem edlen Herzen.<\/strong><\/p>\n\n\n\n<div style=\"height:25px\" aria-hidden=\"true\" class=\"wp-block-spacer\"><\/div>\n\n\n\n<h2 id=\"h-mein-herz-dein-heiligtum\" class=\"wp-block-heading has-medium-font-size\">\u201eMein Herz \u2013 Dein Heiligtum\u201c<\/h2>\n\n\n\n<p class=\"wp-block-paragraph\">Ein besonderer Moment des Nachmittags war ein Gebet an die K\u00f6nigin der Herzen. In Anrufungen wurde Maria f\u00fcr ihre F\u00fchrung und ihre Gegenwart gedankt.<\/p>\n\n\n\n<p class=\"wp-block-paragraph\">Wir dankten ihr daf\u00fcr, dass sie dieses Grundst\u00fcck in Mala Subotica erw\u00e4hlt hat, um hier mit ihrem Sohn Wohnung zu nehmen. Das Grundst\u00fcck in der Form eines Dreiecks in das sich fast wie von selbst die Form des Herzens eingef\u00fcgt hat. Das Heiligtum mitten in einem Herzen aus Zypressen \u2013 ein sprechendes Zeichen daf\u00fcr, dass die K\u00f6nigin der Herzen sich am liebsten in den Herzen der Menschen niederl\u00e4sst.<\/p>\n\n\n\n<p class=\"wp-block-paragraph\">So wurde ein Wort zum Ausdruck der gemeinsamen Geschichte: \u201eMein Herz \u2013 Dein Heiligtum!\u201c<\/p>\n\n\n\n<div style=\"height:25px\" aria-hidden=\"true\" class=\"wp-block-spacer\"><\/div>\n\n\n\n<h2 id=\"h-die-krone-im-sonnenlicht\" class=\"wp-block-heading has-medium-font-size\">Die Krone im Sonnenlicht<\/h2>\n\n\n\n<p class=\"wp-block-paragraph\">Besonders eindrucksvoll war die Prozession, die w\u00e4hrend des Nachmittagsprogramms vom Heiligtum zum sogenannten Sommeraltar f\u00fchrte.<\/p>\n\n\n\n<div style=\"height:30px\" aria-hidden=\"true\" class=\"wp-block-spacer\"><\/div>\n\n\n\n<figure class=\"wp-block-image aligncenter size-full is-resized\"><img loading=\"lazy\" decoding=\"async\" width=\"737\" height=\"674\" src=\"https:\/\/schoenstatt.com\/wp-content\/uploads\/2026\/09\/Croacia-Croatia-2026-e.webp\" alt=\"\" class=\"wp-image-72218\" style=\"width:549px;height:auto\"\/><\/figure>\n\n\n\n<div style=\"height:29px\" aria-hidden=\"true\" class=\"wp-block-spacer\"><\/div>\n\n\n\n<p class=\"wp-block-paragraph\">Kinder und Erwachsene trugen Sch\u00f6nstatt-Fahnen. Dahinter vier M\u00e4nner aus unserer Sch\u00f6nstattfamilie, die auf einem Tragegestell eine Nachbildung der Krone trugen \u2013 <strong>eine Krone, die einer unserer Familienv\u00e4ter angefertigt hatte aus einer Granate des letzten Heimatkrieges in den 90 er Jahren.<\/strong><\/p>\n\n\n\n<p class=\"wp-block-paragraph\">Fast den ganzen Tag hatte sich die Sonne hinter den Wolken verborgen. So konnten die Pilger bei angenehmen Temperaturen dieses besondere Fest am Heiligtum feiern.<\/p>\n\n\n\n<p class=\"wp-block-paragraph\">Doch gerade als die Prozession den Sommeraltar erreichte, brach die Sonne durch die Wolken und lie\u00df ihre Strahlen auf die Krone fallen.<\/p>\n\n\n\n<p class=\"wp-block-paragraph\">Es war, als w\u00fcrde Maria selbst durch dieses kleine Zeichen sagen:<\/p>\n\n\n\n<p class=\"wp-block-paragraph\"><em>\u201eAuch wenn es nur eine Nachbildung ist \u2013 ich werde sie mit meinen Strahlen zum Leuchten bringen und vergolden.\u201c<\/em><\/p>\n\n\n\n<p class=\"wp-block-paragraph\">Und tats\u00e4chlich wurde die Krone von den Sonnenstrahlen erhellt. F\u00fcr viele war es ein stiller, bewegender Moment.<\/p>\n\n\n\n<p class=\"wp-block-paragraph\">Danach beteten wir gemeinsam das Gebet zur Erneuerung der Kr\u00f6nung.<\/p>\n\n\n\n<div style=\"height:25px\" aria-hidden=\"true\" class=\"wp-block-spacer\"><\/div>\n\n\n\n<h2 id=\"h-mehr-als-600-bilder-der-pilgernden-gottesmutter\" class=\"wp-block-heading has-medium-font-size\">Mehr als 600 Bilder der Pilgernden Gottesmutter<\/h2>\n\n\n\n<p class=\"wp-block-paragraph\">Ein weiterer H\u00f6hepunkt war die Segnung der Bilder der Pilgernden Gottesmutter.<\/p>\n\n\n\n<p class=\"wp-block-paragraph\">Mehr als 600 Bilder aus zahlreichen kroatischen Di\u00f6zesen waren auf einer langen Tischreihe zu sehen. Hinter jedem Bild stehen Menschen, Familien und Gemeinschaften, die Monat f\u00fcr Monat ihr Zuhause f\u00fcr Maria \u00f6ffnen, ihr Leben mit ihr teilen und ihre Erfahrungen mit ihr machen. Nach der Segnung machten sich die Bilder wieder auf den Weg \u2013 zur\u00fcck in die H\u00e4user und Familien, zu den Menschen.<\/p>\n\n\n\n<p class=\"wp-block-paragraph\">So wird das Heiligtum von Mala Subotica weit \u00fcber seinen sichtbaren Ort hinaus lebendig.<\/p>\n\n\n\n<div style=\"height:32px\" aria-hidden=\"true\" class=\"wp-block-spacer\"><\/div>\n\n\n\n<figure class=\"wp-block-gallery has-nested-images columns-default is-cropped wp-block-gallery-1 is-layout-flex wp-block-gallery-is-layout-flex\">\n<figure class=\"wp-block-image size-large\"><img loading=\"lazy\" decoding=\"async\" width=\"1200\" height=\"816\" data-id=\"72203\" src=\"https:\/\/schoenstatt.com\/wp-content\/uploads\/2026\/09\/Croacia-Croatia-2026.webp\" alt=\"\" class=\"wp-image-72203\" srcset=\"https:\/\/schoenstatt.com\/wp-content\/uploads\/2026\/09\/Croacia-Croatia-2026.webp 1200w, https:\/\/schoenstatt.com\/wp-content\/uploads\/2026\/09\/Croacia-Croatia-2026-768x522.webp 768w\" sizes=\"(max-width: 1200px) 100vw, 1200px\" \/><figcaption class=\"wp-element-caption\">Ausgew\u00e4hltes Foto: medjimurski.hr<\/figcaption><\/figure>\n<\/figure>\n\n\n\n<div style=\"height:25px\" aria-hidden=\"true\" class=\"wp-block-spacer\"><\/div>\n\n\n\n<h2 id=\"h-im-mittelpunkt-christus\" class=\"wp-block-heading has-medium-font-size\">Im Mittelpunkt: Christus<\/h2>\n\n\n\n<p class=\"wp-block-paragraph\">Bei einem Jubil\u00e4um gibt es vieles zu erz\u00e4hlen: von Menschen, von Geschichte, von Begegnungen, von Dankbarkeit und von dem, was gewachsen ist.<\/p>\n\n\n\n<p class=\"wp-block-paragraph\">Doch mitten in all dem gab es auch den Moment der Stille.<\/p>\n\n\n\n<p class=\"wp-block-paragraph\">In der Anbetung vor dem Allerheiligsten, die Pater Christoph Horn leitete, wurde alles wieder auf die Mitte ausgerichtet: <strong>Christus.<\/strong><\/p>\n\n\n\n<p class=\"wp-block-paragraph\">Denn Maria f\u00fchrt immer zu ihrem Sohn.<\/p>\n\n\n\n<p class=\"wp-block-paragraph\">Nach allem, was gesagt, gesungen und gefeiert wurde, blieb jener Augenblick, in dem es nicht mehr vieler Worte bedarf \u2013 einfach vor Ihm zu sein, zu danken, sich Ihm anzuvertrauen und auf Ihn zu h\u00f6ren.<\/p>\n\n\n\n<div style=\"height:25px\" aria-hidden=\"true\" class=\"wp-block-spacer\"><\/div>\n\n\n\n<h2 id=\"h-was-werden-wir-weitergeben\" class=\"wp-block-heading has-medium-font-size\">Was werden wir weitergeben?<\/h2>\n\n\n\n<p class=\"wp-block-paragraph\">Das Jubil\u00e4um war nicht nur ein Fest der Vergangenheit. Es wurde auch zu einer Frage an die Zukunft: <strong>Was werden wir denen hinterlassen, die nach uns kommen?<\/strong><\/p>\n\n\n\n<p class=\"wp-block-paragraph\">Die kroatische Sch\u00f6nstattfamilie darf dankbar auf die Fundamente schauen, die Generationen vor ihr gelegt haben. Kein noch so kleiner Beitrag und kein Opfer, das aus Liebe geschenkt und in den Gnadenkapital eingebracht wurde, ist verloren.<\/p>\n\n\n\n<p class=\"wp-block-paragraph\">Vielleicht l\u00e4sst sich das Anliegen der n\u00e4chsten 25 Jahre in einem Satz zusammenfassen:<\/p>\n\n\n\n<div style=\"height:25px\" aria-hidden=\"true\" class=\"wp-block-spacer\"><\/div>\n\n\n\n<figure class=\"wp-block-pullquote has-medium-font-size\" style=\"border-top-color:var(--wp--preset--color--luminous-vivid-orange);border-top-style:solid;border-top-width:1px;border-bottom-color:var(--wp--preset--color--luminous-vivid-orange);border-bottom-style:solid;border-bottom-width:1px;font-style:italic;font-weight:300\"><blockquote><p>Im Herzen eine Heimat haben, aus dem Liebesb\u00fcndnis mit der Dreimal Wunderbaren Mutter leben und so zur Erneuerung der Welt beitragen.<br>K\u00f6nigin der Herzen, f\u00fchre unsere kroatische Sch\u00f6nstattfamilie auch weiterhin!<br>Dreimal Wunderbare Mutter, K\u00f6nigin und Siegerin von Sch\u00f6nstatt, mache unsere Herzen zu deinem Heiligtum und f\u00fchre uns gemeinsam in die Zukunft.<\/p><\/blockquote><\/figure>\n\n\n\n<div style=\"height:25px\" aria-hidden=\"true\" class=\"wp-block-spacer\"><\/div>\n\n\n\n<p class=\"wp-block-paragraph\">Ja und am Ende gab es eine lange Verabschiedung. Jede lokale Gemeinschaft wollte sich noch separat fotografieren lassen. Und da unsere Koordinatorin von Zagreb gleichzeitig auch Moderatorin unserer monatlichen Radiosendung in Radio Marija ist mit dem Titel: \u201eSch\u00f6nstatt, das bin ich\u201c, sind viele unserer Bilder auch dort auf der Homepage zu sehen &#8211; <a href=\"https:\/\/radiomarija.hr\/2026\/08\/25\/slavlje-obljetnica-u-svetistu-kraljice-srca-u-maloj-subotici\/\">Hier klicken.<\/a><\/p>\n\n\n\n<div style=\"height:26px\" aria-hidden=\"true\" class=\"wp-block-spacer\"><\/div>\n\n\n\n<figure class=\"wp-block-gallery has-nested-images columns-default is-cropped wp-block-gallery-2 is-layout-flex wp-block-gallery-is-layout-flex\">\n<figure class=\"wp-block-image size-large\"><img loading=\"lazy\" decoding=\"async\" width=\"390\" height=\"585\" data-id=\"72197\" src=\"https:\/\/schoenstatt.com\/wp-content\/uploads\/2026\/09\/Croacia-Croatia-2026-d.webp\" alt=\"\" class=\"wp-image-72197\"\/><\/figure>\n\n\n\n<figure class=\"wp-block-image size-large\"><img loading=\"lazy\" decoding=\"async\" width=\"390\" height=\"586\" data-id=\"72192\" src=\"https:\/\/schoenstatt.com\/wp-content\/uploads\/2026\/09\/Croacia-Croatia-2026-c.webp\" alt=\"\" class=\"wp-image-72192\"\/><\/figure>\n<\/figure>\n","protected":false},"excerpt":{"rendered":"<p>An der Feier in Mala Subotica nahmen 1.500 Sch\u00f6nst\u00e4tter aus verschiedenen Regionen Kroatiens sowie aus Bosnien und Herzegowina teil.<\/p>\n","protected":false},"author":3,"featured_media":72204,"comment_status":"closed","ping_status":"closed","sticky":false,"template":"","format":"standard","meta":{"footnotes":""},"categories":[870,678],"tags":[694],"class_list":["post-72228","post","type-post","status-publish","format-standard","has-post-thumbnail","hentry","category-europa-de","category-lander-de","tag-schonstatt-kroatien-de"],"yoast_head":"<!-- This site is optimized with the Yoast SEO Premium plugin v28.1 (Yoast SEO v28.4) - https:\/\/yoast.com\/product\/yoast-seo-premium-wordpress\/ -->\n<title>Die Sch\u00f6nstattfamilie Kroatiens feiert ihr 25-j\u00e4hriges Jubil\u00e4um - Schoenstatt<\/title>\n<meta name=\"description\" content=\"An der Feier in Mala Subotica nahmen 1.500 Sch\u00f6nst\u00e4tter aus verschiedenen Regionen Kroatiens sowie aus Bosnien und Herzegowina teil.\" \/>\n<meta name=\"robots\" content=\"index, follow, max-snippet:-1, max-image-preview:large, max-video-preview:-1\" \/>\n<link rel=\"canonical\" href=\"https:\/\/schoenstatt.com\/de\/die-schoenstattfamilie-kroatiens-feiert-ihr-25-jaehriges-jubilaeum\/\" \/>\n<meta property=\"og:locale\" content=\"de_DE\" \/>\n<meta property=\"og:type\" content=\"article\" \/>\n<meta property=\"og:title\" content=\"Die Sch\u00f6nstattfamilie Kroatiens feiert ihr 25-j\u00e4hriges Jubil\u00e4um\" \/>\n<meta property=\"og:description\" content=\"An der Feier in Mala Subotica nahmen 1.500 Sch\u00f6nst\u00e4tter aus verschiedenen Regionen Kroatiens sowie aus Bosnien und Herzegowina teil.\" \/>\n<meta property=\"og:url\" content=\"https:\/\/schoenstatt.com\/de\/die-schoenstattfamilie-kroatiens-feiert-ihr-25-jaehriges-jubilaeum\/\" \/>\n<meta property=\"og:site_name\" content=\"Schoenstatt\" \/>\n<meta property=\"article:published_time\" content=\"2026-09-02T12:45:35+00:00\" \/>\n<meta property=\"article:modified_time\" content=\"2026-09-02T13:01:38+00:00\" \/>\n<meta property=\"og:image\" content=\"https:\/\/schoenstatt.com\/wp-content\/uploads\/2026\/09\/Croacia-Croatia-2026.webp\" \/>\n\t<meta property=\"og:image:width\" content=\"1200\" \/>\n\t<meta property=\"og:image:height\" content=\"816\" \/>\n\t<meta property=\"og:image:type\" content=\"image\/jpeg\" \/>\n<meta name=\"author\" content=\"Karen Bueno\" \/>\n<meta name=\"twitter:card\" content=\"summary_large_image\" \/>\n<meta name=\"twitter:label1\" content=\"Verfasst von\" \/>\n\t<meta name=\"twitter:data1\" content=\"Karen Bueno\" \/>\n\t<meta name=\"twitter:label2\" content=\"Gesch\u00e4tzte Lesezeit\" \/>\n\t<meta name=\"twitter:data2\" content=\"10\u00a0Minuten\" \/>\n<script type=\"application\/ld+json\" class=\"yoast-schema-graph\">{\"@context\":\"https:\\\/\\\/schema.org\",\"@graph\":[{\"@type\":\"Article\",\"@id\":\"https:\\\/\\\/schoenstatt.com\\\/de\\\/die-schoenstattfamilie-kroatiens-feiert-ihr-25-jaehriges-jubilaeum\\\/#article\",\"isPartOf\":{\"@id\":\"https:\\\/\\\/schoenstatt.com\\\/de\\\/die-schoenstattfamilie-kroatiens-feiert-ihr-25-jaehriges-jubilaeum\\\/\"},\"author\":{\"name\":\"Karen Bueno\",\"@id\":\"https:\\\/\\\/schoenstatt.com\\\/de\\\/#\\\/schema\\\/person\\\/5158877ad4acae98b34daaeef2a1ce6e\"},\"headline\":\"Die Sch\u00f6nstattfamilie Kroatiens feiert ihr 25-j\u00e4hriges Jubil\u00e4um\",\"datePublished\":\"2026-09-02T12:45:35+00:00\",\"dateModified\":\"2026-09-02T13:01:38+00:00\",\"mainEntityOfPage\":{\"@id\":\"https:\\\/\\\/schoenstatt.com\\\/de\\\/die-schoenstattfamilie-kroatiens-feiert-ihr-25-jaehriges-jubilaeum\\\/\"},\"wordCount\":1568,\"publisher\":{\"@id\":\"https:\\\/\\\/schoenstatt.com\\\/de\\\/#organization\"},\"image\":{\"@id\":\"https:\\\/\\\/schoenstatt.com\\\/de\\\/die-schoenstattfamilie-kroatiens-feiert-ihr-25-jaehriges-jubilaeum\\\/#primaryimage\"},\"thumbnailUrl\":\"https:\\\/\\\/schoenstatt.com\\\/wp-content\\\/uploads\\\/2026\\\/09\\\/Croacia-Croatia-2026.webp\",\"keywords\":[\"Sch\u00f6nstatt Kroatien\"],\"articleSection\":[\"Europa\",\"L\u00e4nder\"],\"inLanguage\":\"de\"},{\"@type\":\"WebPage\",\"@id\":\"https:\\\/\\\/schoenstatt.com\\\/de\\\/die-schoenstattfamilie-kroatiens-feiert-ihr-25-jaehriges-jubilaeum\\\/\",\"url\":\"https:\\\/\\\/schoenstatt.com\\\/de\\\/die-schoenstattfamilie-kroatiens-feiert-ihr-25-jaehriges-jubilaeum\\\/\",\"name\":\"Die Sch\u00f6nstattfamilie Kroatiens feiert ihr 25-j\u00e4hriges Jubil\u00e4um - Schoenstatt\",\"isPartOf\":{\"@id\":\"https:\\\/\\\/schoenstatt.com\\\/de\\\/#website\"},\"primaryImageOfPage\":{\"@id\":\"https:\\\/\\\/schoenstatt.com\\\/de\\\/die-schoenstattfamilie-kroatiens-feiert-ihr-25-jaehriges-jubilaeum\\\/#primaryimage\"},\"image\":{\"@id\":\"https:\\\/\\\/schoenstatt.com\\\/de\\\/die-schoenstattfamilie-kroatiens-feiert-ihr-25-jaehriges-jubilaeum\\\/#primaryimage\"},\"thumbnailUrl\":\"https:\\\/\\\/schoenstatt.com\\\/wp-content\\\/uploads\\\/2026\\\/09\\\/Croacia-Croatia-2026.webp\",\"datePublished\":\"2026-09-02T12:45:35+00:00\",\"dateModified\":\"2026-09-02T13:01:38+00:00\",\"description\":\"An der Feier in Mala Subotica nahmen 1.500 Sch\u00f6nst\u00e4tter aus verschiedenen Regionen Kroatiens sowie aus Bosnien und Herzegowina teil.\",\"breadcrumb\":{\"@id\":\"https:\\\/\\\/schoenstatt.com\\\/de\\\/die-schoenstattfamilie-kroatiens-feiert-ihr-25-jaehriges-jubilaeum\\\/#breadcrumb\"},\"inLanguage\":\"de\",\"potentialAction\":[{\"@type\":\"ReadAction\",\"target\":[\"https:\\\/\\\/schoenstatt.com\\\/de\\\/die-schoenstattfamilie-kroatiens-feiert-ihr-25-jaehriges-jubilaeum\\\/\"]}]},{\"@type\":\"ImageObject\",\"inLanguage\":\"de\",\"@id\":\"https:\\\/\\\/schoenstatt.com\\\/de\\\/die-schoenstattfamilie-kroatiens-feiert-ihr-25-jaehriges-jubilaeum\\\/#primaryimage\",\"url\":\"https:\\\/\\\/schoenstatt.com\\\/wp-content\\\/uploads\\\/2026\\\/09\\\/Croacia-Croatia-2026.webp\",\"contentUrl\":\"https:\\\/\\\/schoenstatt.com\\\/wp-content\\\/uploads\\\/2026\\\/09\\\/Croacia-Croatia-2026.webp\",\"width\":1200,\"height\":816},{\"@type\":\"BreadcrumbList\",\"@id\":\"https:\\\/\\\/schoenstatt.com\\\/de\\\/die-schoenstattfamilie-kroatiens-feiert-ihr-25-jaehriges-jubilaeum\\\/#breadcrumb\",\"itemListElement\":[{\"@type\":\"ListItem\",\"position\":1,\"name\":\"Portada\",\"item\":\"https:\\\/\\\/schoenstatt.com\\\/de\\\/home\\\/\"},{\"@type\":\"ListItem\",\"position\":2,\"name\":\"Die Sch\u00f6nstattfamilie Kroatiens feiert ihr 25-j\u00e4hriges Jubil\u00e4um\"}]},{\"@type\":\"WebSite\",\"@id\":\"https:\\\/\\\/schoenstatt.com\\\/de\\\/#website\",\"url\":\"https:\\\/\\\/schoenstatt.com\\\/de\\\/\",\"name\":\"Schoenstatt\",\"description\":\"Apostolic Movement\",\"publisher\":{\"@id\":\"https:\\\/\\\/schoenstatt.com\\\/de\\\/#organization\"},\"potentialAction\":[{\"@type\":\"SearchAction\",\"target\":{\"@type\":\"EntryPoint\",\"urlTemplate\":\"https:\\\/\\\/schoenstatt.com\\\/de\\\/?s={search_term_string}\"},\"query-input\":{\"@type\":\"PropertyValueSpecification\",\"valueRequired\":true,\"valueName\":\"search_term_string\"}}],\"inLanguage\":\"de\"},{\"@type\":\"Organization\",\"@id\":\"https:\\\/\\\/schoenstatt.com\\\/de\\\/#organization\",\"name\":\"Schoenstatt\",\"url\":\"https:\\\/\\\/schoenstatt.com\\\/de\\\/\",\"logo\":{\"@type\":\"ImageObject\",\"inLanguage\":\"de\",\"@id\":\"https:\\\/\\\/schoenstatt.com\\\/de\\\/#\\\/schema\\\/logo\\\/image\\\/\",\"url\":\"https:\\\/\\\/schoenstatt.com\\\/wp-content\\\/uploads\\\/2025\\\/04\\\/logo-schoenstatt-white-696x696-1.png\",\"contentUrl\":\"https:\\\/\\\/schoenstatt.com\\\/wp-content\\\/uploads\\\/2025\\\/04\\\/logo-schoenstatt-white-696x696-1.png\",\"width\":696,\"height\":694,\"caption\":\"Schoenstatt\"},\"image\":{\"@id\":\"https:\\\/\\\/schoenstatt.com\\\/de\\\/#\\\/schema\\\/logo\\\/image\\\/\"}},{\"@type\":\"Person\",\"@id\":\"https:\\\/\\\/schoenstatt.com\\\/de\\\/#\\\/schema\\\/person\\\/5158877ad4acae98b34daaeef2a1ce6e\",\"name\":\"Karen Bueno\",\"image\":{\"@type\":\"ImageObject\",\"inLanguage\":\"de\",\"@id\":\"https:\\\/\\\/secure.gravatar.com\\\/avatar\\\/f9f4b823873154269d2b2130f195f6d41037dd0d7fc5f3cacb5c846bae70d66b?s=96&d=mm&r=g\",\"url\":\"https:\\\/\\\/secure.gravatar.com\\\/avatar\\\/f9f4b823873154269d2b2130f195f6d41037dd0d7fc5f3cacb5c846bae70d66b?s=96&d=mm&r=g\",\"contentUrl\":\"https:\\\/\\\/secure.gravatar.com\\\/avatar\\\/f9f4b823873154269d2b2130f195f6d41037dd0d7fc5f3cacb5c846bae70d66b?s=96&d=mm&r=g\",\"caption\":\"Karen Bueno\"},\"url\":\"https:\\\/\\\/schoenstatt.com\\\/de\\\/author\\\/karen-bueno\\\/\"}]}<\/script>\n<!-- \/ Yoast SEO Premium plugin. -->","yoast_head_json":{"title":"Die Sch\u00f6nstattfamilie Kroatiens feiert ihr 25-j\u00e4hriges Jubil\u00e4um - Schoenstatt","description":"An der Feier in Mala Subotica nahmen 1.500 Sch\u00f6nst\u00e4tter aus verschiedenen Regionen Kroatiens sowie aus Bosnien und Herzegowina teil.","robots":{"index":"index","follow":"follow","max-snippet":"max-snippet:-1","max-image-preview":"max-image-preview:large","max-video-preview":"max-video-preview:-1"},"canonical":"https:\/\/schoenstatt.com\/de\/die-schoenstattfamilie-kroatiens-feiert-ihr-25-jaehriges-jubilaeum\/","og_locale":"de_DE","og_type":"article","og_title":"Die Sch\u00f6nstattfamilie Kroatiens feiert ihr 25-j\u00e4hriges Jubil\u00e4um","og_description":"An der Feier in Mala Subotica nahmen 1.500 Sch\u00f6nst\u00e4tter aus verschiedenen Regionen Kroatiens sowie aus Bosnien und Herzegowina teil.","og_url":"https:\/\/schoenstatt.com\/de\/die-schoenstattfamilie-kroatiens-feiert-ihr-25-jaehriges-jubilaeum\/","og_site_name":"Schoenstatt","article_published_time":"2026-09-02T12:45:35+00:00","article_modified_time":"2026-09-02T13:01:38+00:00","og_image":[{"width":1200,"height":816,"url":"https:\/\/schoenstatt.com\/wp-content\/uploads\/2026\/09\/Croacia-Croatia-2026.webp","type":"image\/jpeg"}],"author":"Karen Bueno","twitter_card":"summary_large_image","twitter_misc":{"Verfasst von":"Karen Bueno","Gesch\u00e4tzte Lesezeit":"10\u00a0Minuten"},"schema":{"@context":"https:\/\/schema.org","@graph":[{"@type":"Article","@id":"https:\/\/schoenstatt.com\/de\/die-schoenstattfamilie-kroatiens-feiert-ihr-25-jaehriges-jubilaeum\/#article","isPartOf":{"@id":"https:\/\/schoenstatt.com\/de\/die-schoenstattfamilie-kroatiens-feiert-ihr-25-jaehriges-jubilaeum\/"},"author":{"name":"Karen Bueno","@id":"https:\/\/schoenstatt.com\/de\/#\/schema\/person\/5158877ad4acae98b34daaeef2a1ce6e"},"headline":"Die Sch\u00f6nstattfamilie Kroatiens feiert ihr 25-j\u00e4hriges Jubil\u00e4um","datePublished":"2026-09-02T12:45:35+00:00","dateModified":"2026-09-02T13:01:38+00:00","mainEntityOfPage":{"@id":"https:\/\/schoenstatt.com\/de\/die-schoenstattfamilie-kroatiens-feiert-ihr-25-jaehriges-jubilaeum\/"},"wordCount":1568,"publisher":{"@id":"https:\/\/schoenstatt.com\/de\/#organization"},"image":{"@id":"https:\/\/schoenstatt.com\/de\/die-schoenstattfamilie-kroatiens-feiert-ihr-25-jaehriges-jubilaeum\/#primaryimage"},"thumbnailUrl":"https:\/\/schoenstatt.com\/wp-content\/uploads\/2026\/09\/Croacia-Croatia-2026.webp","keywords":["Sch\u00f6nstatt Kroatien"],"articleSection":["Europa","L\u00e4nder"],"inLanguage":"de"},{"@type":"WebPage","@id":"https:\/\/schoenstatt.com\/de\/die-schoenstattfamilie-kroatiens-feiert-ihr-25-jaehriges-jubilaeum\/","url":"https:\/\/schoenstatt.com\/de\/die-schoenstattfamilie-kroatiens-feiert-ihr-25-jaehriges-jubilaeum\/","name":"Die Sch\u00f6nstattfamilie Kroatiens feiert ihr 25-j\u00e4hriges Jubil\u00e4um - Schoenstatt","isPartOf":{"@id":"https:\/\/schoenstatt.com\/de\/#website"},"primaryImageOfPage":{"@id":"https:\/\/schoenstatt.com\/de\/die-schoenstattfamilie-kroatiens-feiert-ihr-25-jaehriges-jubilaeum\/#primaryimage"},"image":{"@id":"https:\/\/schoenstatt.com\/de\/die-schoenstattfamilie-kroatiens-feiert-ihr-25-jaehriges-jubilaeum\/#primaryimage"},"thumbnailUrl":"https:\/\/schoenstatt.com\/wp-content\/uploads\/2026\/09\/Croacia-Croatia-2026.webp","datePublished":"2026-09-02T12:45:35+00:00","dateModified":"2026-09-02T13:01:38+00:00","description":"An der Feier in Mala Subotica nahmen 1.500 Sch\u00f6nst\u00e4tter aus verschiedenen Regionen Kroatiens sowie aus Bosnien und Herzegowina teil.","breadcrumb":{"@id":"https:\/\/schoenstatt.com\/de\/die-schoenstattfamilie-kroatiens-feiert-ihr-25-jaehriges-jubilaeum\/#breadcrumb"},"inLanguage":"de","potentialAction":[{"@type":"ReadAction","target":["https:\/\/schoenstatt.com\/de\/die-schoenstattfamilie-kroatiens-feiert-ihr-25-jaehriges-jubilaeum\/"]}]},{"@type":"ImageObject","inLanguage":"de","@id":"https:\/\/schoenstatt.com\/de\/die-schoenstattfamilie-kroatiens-feiert-ihr-25-jaehriges-jubilaeum\/#primaryimage","url":"https:\/\/schoenstatt.com\/wp-content\/uploads\/2026\/09\/Croacia-Croatia-2026.webp","contentUrl":"https:\/\/schoenstatt.com\/wp-content\/uploads\/2026\/09\/Croacia-Croatia-2026.webp","width":1200,"height":816},{"@type":"BreadcrumbList","@id":"https:\/\/schoenstatt.com\/de\/die-schoenstattfamilie-kroatiens-feiert-ihr-25-jaehriges-jubilaeum\/#breadcrumb","itemListElement":[{"@type":"ListItem","position":1,"name":"Portada","item":"https:\/\/schoenstatt.com\/de\/home\/"},{"@type":"ListItem","position":2,"name":"Die Sch\u00f6nstattfamilie Kroatiens feiert ihr 25-j\u00e4hriges Jubil\u00e4um"}]},{"@type":"WebSite","@id":"https:\/\/schoenstatt.com\/de\/#website","url":"https:\/\/schoenstatt.com\/de\/","name":"Schoenstatt","description":"Apostolic Movement","publisher":{"@id":"https:\/\/schoenstatt.com\/de\/#organization"},"potentialAction":[{"@type":"SearchAction","target":{"@type":"EntryPoint","urlTemplate":"https:\/\/schoenstatt.com\/de\/?s={search_term_string}"},"query-input":{"@type":"PropertyValueSpecification","valueRequired":true,"valueName":"search_term_string"}}],"inLanguage":"de"},{"@type":"Organization","@id":"https:\/\/schoenstatt.com\/de\/#organization","name":"Schoenstatt","url":"https:\/\/schoenstatt.com\/de\/","logo":{"@type":"ImageObject","inLanguage":"de","@id":"https:\/\/schoenstatt.com\/de\/#\/schema\/logo\/image\/","url":"https:\/\/schoenstatt.com\/wp-content\/uploads\/2025\/04\/logo-schoenstatt-white-696x696-1.png","contentUrl":"https:\/\/schoenstatt.com\/wp-content\/uploads\/2025\/04\/logo-schoenstatt-white-696x696-1.png","width":696,"height":694,"caption":"Schoenstatt"},"image":{"@id":"https:\/\/schoenstatt.com\/de\/#\/schema\/logo\/image\/"}},{"@type":"Person","@id":"https:\/\/schoenstatt.com\/de\/#\/schema\/person\/5158877ad4acae98b34daaeef2a1ce6e","name":"Karen Bueno","image":{"@type":"ImageObject","inLanguage":"de","@id":"https:\/\/secure.gravatar.com\/avatar\/f9f4b823873154269d2b2130f195f6d41037dd0d7fc5f3cacb5c846bae70d66b?s=96&d=mm&r=g","url":"https:\/\/secure.gravatar.com\/avatar\/f9f4b823873154269d2b2130f195f6d41037dd0d7fc5f3cacb5c846bae70d66b?s=96&d=mm&r=g","contentUrl":"https:\/\/secure.gravatar.com\/avatar\/f9f4b823873154269d2b2130f195f6d41037dd0d7fc5f3cacb5c846bae70d66b?s=96&d=mm&r=g","caption":"Karen Bueno"},"url":"https:\/\/schoenstatt.com\/de\/author\/karen-bueno\/"}]}},"_links":{"self":[{"href":"https:\/\/schoenstatt.com\/de\/wp-json\/wp\/v2\/posts\/72228","targetHints":{"allow":["GET"]}}],"collection":[{"href":"https:\/\/schoenstatt.com\/de\/wp-json\/wp\/v2\/posts"}],"about":[{"href":"https:\/\/schoenstatt.com\/de\/wp-json\/wp\/v2\/types\/post"}],"author":[{"embeddable":true,"href":"https:\/\/schoenstatt.com\/de\/wp-json\/wp\/v2\/users\/3"}],"replies":[{"embeddable":true,"href":"https:\/\/schoenstatt.com\/de\/wp-json\/wp\/v2\/comments?post=72228"}],"version-history":[{"count":3,"href":"https:\/\/schoenstatt.com\/de\/wp-json\/wp\/v2\/posts\/72228\/revisions"}],"predecessor-version":[{"id":72232,"href":"https:\/\/schoenstatt.com\/de\/wp-json\/wp\/v2\/posts\/72228\/revisions\/72232"}],"wp:featuredmedia":[{"embeddable":true,"href":"https:\/\/schoenstatt.com\/de\/wp-json\/wp\/v2\/media\/72204"}],"wp:attachment":[{"href":"https:\/\/schoenstatt.com\/de\/wp-json\/wp\/v2\/media?parent=72228"}],"wp:term":[{"taxonomy":"category","embeddable":true,"href":"https:\/\/schoenstatt.com\/de\/wp-json\/wp\/v2\/categories?post=72228"},{"taxonomy":"post_tag","embeddable":true,"href":"https:\/\/schoenstatt.com\/de\/wp-json\/wp\/v2\/tags?post=72228"}],"curies":[{"name":"wp","href":"https:\/\/api.w.org\/{rel}","templated":true}]}}