{"id":69956,"date":"2026-04-29T03:00:00","date_gmt":"2026-04-29T01:00:00","guid":{"rendered":"https:\/\/schoenstatt.com\/?p=69956"},"modified":"2026-04-28T19:53:04","modified_gmt":"2026-04-28T17:53:04","slug":"prophetische-kraft-im-heute-frischer-wind-beim-leitungskomitee-miteinander-fuer-europa","status":"publish","type":"post","link":"https:\/\/schoenstatt.com\/de\/prophetische-kraft-im-heute-frischer-wind-beim-leitungskomitee-miteinander-fuer-europa\/","title":{"rendered":"Prophetische Kraft im Heute: Frischer Wind beim Leitungskomitee \u201eMiteinander f\u00fcr Europa\u201c"},"content":{"rendered":"\n<p>Vom 16. bis 18. April 2026 kam das internationale Leitungskomitee des Netzwerks \u201eMiteinander f\u00fcr Europa\u201c zu seiner j\u00e4hrlichen Klausurtagung zusammen, dieses Mal im Wiener <a href=\"https:\/\/schoenstatt.com\/de\/ueber-schoenstatt\/\">Sch\u00f6nstatt-Zentrum<\/a> am <a href=\"https:\/\/www.schoenstattzentrum-wien.at\/\" target=\"_blank\" rel=\"noreferrer noopener\">Kahlenberg<\/a>. 26 Teilnehmende aus acht der im Netzwerk vertretenen christlichen Bewegungen zogen Bilanz \u00fcber das vergangene Jahr und steckten die Ziele f\u00fcr die kommenden Projekte ab.<\/p>\n\n\n\n<div style=\"height:33px\" aria-hidden=\"true\" class=\"wp-block-spacer\"><\/div>\n\n\n\n<h2 class=\"wp-block-heading has-medium-font-size\" id=\"h-generationswechsel-im-leitungskomitee\">Generationswechsel im Leitungskomitee<\/h2>\n\n\n\n<p>Ein zentraler Aspekt der diesj\u00e4hrigen Tagung war der personelle Wechsel im Leitungskomitee. Dieser \u00dcbergang wurde \u00fcber die letzten zwei Jahre hinweg im H\u00f6ren auf den Geist vorbereitet, um Kontinuit\u00e4t und frische Impulse gleicherma\u00dfen zu gew\u00e4hrleisten. Margaret Karram, Pr\u00e4sidentin der Fokolarbewegung, dankte in einem Brief den Ausscheidenden, die in den letzten Jahren und Jahrzehnten das MfE wesentlich mitgestalteten f\u00fcr ihr gro\u00dfes Engagement.<\/p>\n\n\n\n<p>Gerhard Pross (CVJM* Esslingen), einer der Mitbegr\u00fcnder des MfE und dessen langj\u00e4hriger Moderator, sowie Thomas R\u00f6mer und Walter Kriechbaum (beide CVJM M\u00fcnchen und von Beginn an im MfE engagiert) verabschiedeten sich aus der Runde. Diego Goller (Italien) und Ilona Toth (Ungarn), Vertreter der Pr\u00e4sidentin der Fokolarbewegung im Leitungskomitee, begr\u00fc\u00dften als ihre Nachfolger Liz Taite (Vereinigtes K\u00f6nigreich) mit langj\u00e4hriger Erfahrung in der \u00d6kumene und Alberto Lo Presti (Italien). Die Aufgaben der Generalsekret\u00e4rin werden von Maria Wienken (Deutschland) \u00fcbernommen. Dabei unterst\u00fctzt sie Elisabeth Danner (\u00d6sterreich), beide Fokolarbewegung.<\/p>\n\n\n\n<p>Die \u00dcbergabe wurde an einem Abend des Gebets feierlich vollzogen und durch den \u201ePakt der gegenseitigen Liebe\u201c besiegelt. Gerhard Pross betonte die Gr\u00f6\u00dfe des Auftrags und die reichhaltigen Fr\u00fcchte, bis hin zu kirchengeschichtlichen Akzenten, wie sie im Buch \u201eSternstunden der Einheit\u201c beschrieben sind.<\/p>\n\n\n\n<div style=\"height:35px\" aria-hidden=\"true\" class=\"wp-block-spacer\"><\/div>\n\n\n\n<h2 class=\"wp-block-heading has-medium-font-size\" id=\"h-moderation-von-mfe-jetzt-im-team\">Moderation von MfE jetzt im Team<\/h2>\n\n\n\n<p>Die Rolle des Moderators von MfE wird von drei Teilnehmenden des aktuellen Leitungskomitees \u00fcbernommen. Zu diesem Kernteam geh\u00f6ren Sr. Nicole Grochowina (Communit\u00e4t Christusbruderschaft Selbitz), P. Raffael Rieger (Sch\u00f6nstattbewegung) und Matthias B\u00fchlmann (Vineyard). \u201eDieser Wechsel markiert nicht nur das Ende einer \u00c4ra, sondern auch den Aufbruch in eine neue Phase der europaweiten Zusammenarbeit.\u201c So einer der Teilnehmenden. Und ein anderer: \u201eDie Tage am Kahlenberg haben gezeigt: Unsere Vielfalt ist unsere St\u00e4rke. Mit dem neuen Team setzen wir ein klares Zeichen f\u00fcr Kontinuit\u00e4t und neue Impulse.\u201c \u201eMfE schreibt in unserer scheinbar hoffnungslosen Zeit eine Geschichte der Hoffnung. Darum ist es heute wichtiger denn je, gemeinsam weiterzugehen\u201c, unterstrich ein weiteres Mitglied der Runde.<\/p>\n\n\n\n<div style=\"height:42px\" aria-hidden=\"true\" class=\"wp-block-spacer\"><\/div>\n\n\n\n<figure class=\"wp-block-image aligncenter size-full\"><img fetchpriority=\"high\" decoding=\"async\" width=\"1920\" height=\"1210\" src=\"https:\/\/schoenstatt.com\/wp-content\/uploads\/2026\/04\/Together-for-Europe.webp\" alt=\"\" class=\"wp-image-69938\" srcset=\"https:\/\/schoenstatt.com\/wp-content\/uploads\/2026\/04\/Together-for-Europe.webp 1920w, https:\/\/schoenstatt.com\/wp-content\/uploads\/2026\/04\/Together-for-Europe-768x484.webp 768w, https:\/\/schoenstatt.com\/wp-content\/uploads\/2026\/04\/Together-for-Europe-1536x968.webp 1536w\" sizes=\"(max-width: 1920px) 100vw, 1920px\" \/><\/figure>\n\n\n\n<div style=\"height:39px\" aria-hidden=\"true\" class=\"wp-block-spacer\"><\/div>\n\n\n\n<h2 class=\"wp-block-heading has-medium-font-size\" id=\"h-agenda\">Agenda<\/h2>\n\n\n\n<p>Ein weiterer Schwerpunkt der Gespr\u00e4che lag auf der Arbeit der Nationalkomitees. Diese \u00fcbernehmen zunehmend Verantwortung, um MfE in ihren jeweiligen L\u00e4ndern zu verankern.<\/p>\n\n\n\n<p>Zudem wurden die kommenden H\u00f6hepunkte der Agenda besprochen, u.a. anl\u00e4sslich des 9. Mai (Europatag) der Besuch von 120 jungen Europ\u00e4ern im Europ\u00e4ischen Parlament (10.\u201313. Mai 2026). Die jungen Erwachsenen sind von der gelebten christlichen Einheit des MfE beeindruckt, und haben auf dieser Basis einen Pakt zwischen den Generationen ausgearbeitet, den sie den Parlamentariern vorlegen werden.<\/p>\n\n\n\n<p>Auf der Agenda dieser Tage standen auch die Vorbereitungen f\u00fcr das Treffen des n\u00e4chsten Tr\u00e4gerkreises im Vineyard Zentrum in W\u00fcrzburg (29.-31.10.2026) und die Gro\u00dfveranstaltung 2028 in Castel Gandolfo und Rom (voraussichtlich 4.-6. Mai 2028).<\/p>\n\n\n\n<p>Das Treffen 2026 des Leitungskomitees markierte so einen wichtigen Meilenstein f\u00fcr die zuk\u00fcnftige Ausrichtung des Netzwerks, das sich weiterhin f\u00fcr Einheit und Geschwisterlichkeit auf dem gesamten Kontinent einsetzt.<\/p>\n\n\n\n<div style=\"height:30px\" aria-hidden=\"true\" class=\"wp-block-spacer\"><\/div>\n\n\n\n<h2 class=\"wp-block-heading has-medium-font-size\" id=\"h-uber-das-netzwerk\">\u00dcber das Netzwerk<\/h2>\n\n\n\n<p>\u201eMiteinander f\u00fcr Europa\u201c verbindet christliche Bewegungen und Gemeinschaften \u00fcber L\u00e4nder und Konfessionsgrenzen hinweg. Das \u00f6kumenische Netzwerk agiert als Br\u00fcckenbauer in Europa und setzt sich durch seine Arbeit f\u00fcr Solidarit\u00e4t, Frieden und den Schutz der Menschenw\u00fcrde ein. Weitere Informationen finden Sie unter <a href=\"https:\/\/www.together4europe.org\/\" target=\"_blank\" rel=\"noreferrer noopener\">www.together4europe.org<\/a><\/p>\n\n\n\n<p><em>*CVJM: Christlicher Verein Junger Menschen<\/em><\/p>\n","protected":false},"excerpt":{"rendered":"<p>\u201eMiteinander f\u00fcr Europa\u201c verbindet christliche Bewegungen und Gemeinschaften \u00fcber L\u00e4nder und Konfessionsgrenzen hinweg.<\/p>\n","protected":false},"author":3,"featured_media":69939,"comment_status":"closed","ping_status":"closed","sticky":false,"template":"","format":"standard","meta":{"footnotes":""},"categories":[870],"tags":[1240],"class_list":["post-69956","post","type-post","status-publish","format-standard","has-post-thumbnail","hentry","category-europa-de","tag-miteinander-fur-europa-de"],"yoast_head":"<!-- This site is optimized with the Yoast SEO Premium plugin v27.4 (Yoast SEO v27.5) - https:\/\/yoast.com\/product\/yoast-seo-premium-wordpress\/ -->\n<title>Prophetische Kraft im Heute: Frischer Wind beim Leitungskomitee \u201eMiteinander f\u00fcr Europa\u201c<\/title>\n<meta name=\"description\" content=\"\u201eMiteinander f\u00fcr Europa\u201c verbindet christliche Bewegungen und Gemeinschaften \u00fcber L\u00e4nder und Konfessionsgrenzen hinweg.\" \/>\n<meta name=\"robots\" content=\"index, follow, max-snippet:-1, max-image-preview:large, max-video-preview:-1\" \/>\n<link rel=\"canonical\" href=\"https:\/\/schoenstatt.com\/de\/prophetische-kraft-im-heute-frischer-wind-beim-leitungskomitee-miteinander-fuer-europa\/\" \/>\n<meta property=\"og:locale\" content=\"de_DE\" \/>\n<meta property=\"og:type\" content=\"article\" \/>\n<meta property=\"og:title\" content=\"Prophetische Kraft im Heute: Frischer Wind beim Leitungskomitee \u201eMiteinander f\u00fcr Europa\u201c\" \/>\n<meta property=\"og:description\" content=\"\u201eMiteinander f\u00fcr Europa\u201c verbindet christliche Bewegungen und Gemeinschaften \u00fcber L\u00e4nder und Konfessionsgrenzen hinweg.\" \/>\n<meta property=\"og:url\" content=\"https:\/\/schoenstatt.com\/de\/prophetische-kraft-im-heute-frischer-wind-beim-leitungskomitee-miteinander-fuer-europa\/\" \/>\n<meta property=\"og:site_name\" content=\"Schoenstatt\" \/>\n<meta property=\"article:published_time\" content=\"2026-04-29T01:00:00+00:00\" \/>\n<meta property=\"og:image\" content=\"https:\/\/schoenstatt.com\/wp-content\/uploads\/2026\/04\/Together-for-Europe.webp\" \/>\n\t<meta property=\"og:image:width\" content=\"2048\" \/>\n\t<meta property=\"og:image:height\" content=\"1291\" \/>\n\t<meta property=\"og:image:type\" content=\"image\/jpeg\" \/>\n<meta name=\"author\" content=\"Karen Bueno\" \/>\n<meta name=\"twitter:card\" content=\"summary_large_image\" \/>\n<meta name=\"twitter:label1\" content=\"Verfasst von\" \/>\n\t<meta name=\"twitter:data1\" content=\"Karen Bueno\" \/>\n\t<meta name=\"twitter:label2\" content=\"Gesch\u00e4tzte Lesezeit\" \/>\n\t<meta name=\"twitter:data2\" content=\"4\u00a0Minuten\" \/>\n<script type=\"application\/ld+json\" class=\"yoast-schema-graph\">{\"@context\":\"https:\\\/\\\/schema.org\",\"@graph\":[{\"@type\":\"Article\",\"@id\":\"https:\\\/\\\/schoenstatt.com\\\/de\\\/prophetische-kraft-im-heute-frischer-wind-beim-leitungskomitee-miteinander-fuer-europa\\\/#article\",\"isPartOf\":{\"@id\":\"https:\\\/\\\/schoenstatt.com\\\/de\\\/prophetische-kraft-im-heute-frischer-wind-beim-leitungskomitee-miteinander-fuer-europa\\\/\"},\"author\":{\"name\":\"Karen Bueno\",\"@id\":\"https:\\\/\\\/schoenstatt.com\\\/de\\\/#\\\/schema\\\/person\\\/5158877ad4acae98b34daaeef2a1ce6e\"},\"headline\":\"Prophetische Kraft im Heute: Frischer Wind beim Leitungskomitee \u201eMiteinander f\u00fcr Europa\u201c\",\"datePublished\":\"2026-04-29T01:00:00+00:00\",\"mainEntityOfPage\":{\"@id\":\"https:\\\/\\\/schoenstatt.com\\\/de\\\/prophetische-kraft-im-heute-frischer-wind-beim-leitungskomitee-miteinander-fuer-europa\\\/\"},\"wordCount\":607,\"publisher\":{\"@id\":\"https:\\\/\\\/schoenstatt.com\\\/de\\\/#organization\"},\"image\":{\"@id\":\"https:\\\/\\\/schoenstatt.com\\\/de\\\/prophetische-kraft-im-heute-frischer-wind-beim-leitungskomitee-miteinander-fuer-europa\\\/#primaryimage\"},\"thumbnailUrl\":\"https:\\\/\\\/schoenstatt.com\\\/wp-content\\\/uploads\\\/2026\\\/04\\\/Together-for-Europe.webp\",\"keywords\":[\"Miteinander f\u00fcr Europa\"],\"articleSection\":[\"Europa\"],\"inLanguage\":\"de\"},{\"@type\":\"WebPage\",\"@id\":\"https:\\\/\\\/schoenstatt.com\\\/de\\\/prophetische-kraft-im-heute-frischer-wind-beim-leitungskomitee-miteinander-fuer-europa\\\/\",\"url\":\"https:\\\/\\\/schoenstatt.com\\\/de\\\/prophetische-kraft-im-heute-frischer-wind-beim-leitungskomitee-miteinander-fuer-europa\\\/\",\"name\":\"Prophetische Kraft im Heute: Frischer Wind beim Leitungskomitee \u201eMiteinander f\u00fcr Europa\u201c\",\"isPartOf\":{\"@id\":\"https:\\\/\\\/schoenstatt.com\\\/de\\\/#website\"},\"primaryImageOfPage\":{\"@id\":\"https:\\\/\\\/schoenstatt.com\\\/de\\\/prophetische-kraft-im-heute-frischer-wind-beim-leitungskomitee-miteinander-fuer-europa\\\/#primaryimage\"},\"image\":{\"@id\":\"https:\\\/\\\/schoenstatt.com\\\/de\\\/prophetische-kraft-im-heute-frischer-wind-beim-leitungskomitee-miteinander-fuer-europa\\\/#primaryimage\"},\"thumbnailUrl\":\"https:\\\/\\\/schoenstatt.com\\\/wp-content\\\/uploads\\\/2026\\\/04\\\/Together-for-Europe.webp\",\"datePublished\":\"2026-04-29T01:00:00+00:00\",\"description\":\"\u201eMiteinander f\u00fcr Europa\u201c verbindet christliche Bewegungen und Gemeinschaften \u00fcber L\u00e4nder und Konfessionsgrenzen hinweg.\",\"breadcrumb\":{\"@id\":\"https:\\\/\\\/schoenstatt.com\\\/de\\\/prophetische-kraft-im-heute-frischer-wind-beim-leitungskomitee-miteinander-fuer-europa\\\/#breadcrumb\"},\"inLanguage\":\"de\",\"potentialAction\":[{\"@type\":\"ReadAction\",\"target\":[\"https:\\\/\\\/schoenstatt.com\\\/de\\\/prophetische-kraft-im-heute-frischer-wind-beim-leitungskomitee-miteinander-fuer-europa\\\/\"]}]},{\"@type\":\"ImageObject\",\"inLanguage\":\"de\",\"@id\":\"https:\\\/\\\/schoenstatt.com\\\/de\\\/prophetische-kraft-im-heute-frischer-wind-beim-leitungskomitee-miteinander-fuer-europa\\\/#primaryimage\",\"url\":\"https:\\\/\\\/schoenstatt.com\\\/wp-content\\\/uploads\\\/2026\\\/04\\\/Together-for-Europe.webp\",\"contentUrl\":\"https:\\\/\\\/schoenstatt.com\\\/wp-content\\\/uploads\\\/2026\\\/04\\\/Together-for-Europe.webp\",\"width\":2048,\"height\":1291},{\"@type\":\"BreadcrumbList\",\"@id\":\"https:\\\/\\\/schoenstatt.com\\\/de\\\/prophetische-kraft-im-heute-frischer-wind-beim-leitungskomitee-miteinander-fuer-europa\\\/#breadcrumb\",\"itemListElement\":[{\"@type\":\"ListItem\",\"position\":1,\"name\":\"Portada\",\"item\":\"https:\\\/\\\/schoenstatt.com\\\/de\\\/home\\\/\"},{\"@type\":\"ListItem\",\"position\":2,\"name\":\"Prophetische Kraft im Heute: Frischer Wind beim Leitungskomitee \u201eMiteinander f\u00fcr Europa\u201c\"}]},{\"@type\":\"WebSite\",\"@id\":\"https:\\\/\\\/schoenstatt.com\\\/de\\\/#website\",\"url\":\"https:\\\/\\\/schoenstatt.com\\\/de\\\/\",\"name\":\"Schoenstatt\",\"description\":\"Apostolic Movement\",\"publisher\":{\"@id\":\"https:\\\/\\\/schoenstatt.com\\\/de\\\/#organization\"},\"potentialAction\":[{\"@type\":\"SearchAction\",\"target\":{\"@type\":\"EntryPoint\",\"urlTemplate\":\"https:\\\/\\\/schoenstatt.com\\\/de\\\/?s={search_term_string}\"},\"query-input\":{\"@type\":\"PropertyValueSpecification\",\"valueRequired\":true,\"valueName\":\"search_term_string\"}}],\"inLanguage\":\"de\"},{\"@type\":\"Organization\",\"@id\":\"https:\\\/\\\/schoenstatt.com\\\/de\\\/#organization\",\"name\":\"Schoenstatt\",\"url\":\"https:\\\/\\\/schoenstatt.com\\\/de\\\/\",\"logo\":{\"@type\":\"ImageObject\",\"inLanguage\":\"de\",\"@id\":\"https:\\\/\\\/schoenstatt.com\\\/de\\\/#\\\/schema\\\/logo\\\/image\\\/\",\"url\":\"https:\\\/\\\/schoenstatt.com\\\/wp-content\\\/uploads\\\/2025\\\/04\\\/logo-schoenstatt-white-696x696-1.png\",\"contentUrl\":\"https:\\\/\\\/schoenstatt.com\\\/wp-content\\\/uploads\\\/2025\\\/04\\\/logo-schoenstatt-white-696x696-1.png\",\"width\":696,\"height\":694,\"caption\":\"Schoenstatt\"},\"image\":{\"@id\":\"https:\\\/\\\/schoenstatt.com\\\/de\\\/#\\\/schema\\\/logo\\\/image\\\/\"}},{\"@type\":\"Person\",\"@id\":\"https:\\\/\\\/schoenstatt.com\\\/de\\\/#\\\/schema\\\/person\\\/5158877ad4acae98b34daaeef2a1ce6e\",\"name\":\"Karen Bueno\",\"image\":{\"@type\":\"ImageObject\",\"inLanguage\":\"de\",\"@id\":\"https:\\\/\\\/secure.gravatar.com\\\/avatar\\\/f9f4b823873154269d2b2130f195f6d41037dd0d7fc5f3cacb5c846bae70d66b?s=96&d=mm&r=g\",\"url\":\"https:\\\/\\\/secure.gravatar.com\\\/avatar\\\/f9f4b823873154269d2b2130f195f6d41037dd0d7fc5f3cacb5c846bae70d66b?s=96&d=mm&r=g\",\"contentUrl\":\"https:\\\/\\\/secure.gravatar.com\\\/avatar\\\/f9f4b823873154269d2b2130f195f6d41037dd0d7fc5f3cacb5c846bae70d66b?s=96&d=mm&r=g\",\"caption\":\"Karen Bueno\"},\"url\":\"https:\\\/\\\/schoenstatt.com\\\/de\\\/author\\\/karen-bueno\\\/\"}]}<\/script>\n<!-- \/ Yoast SEO Premium plugin. -->","yoast_head_json":{"title":"Prophetische Kraft im Heute: Frischer Wind beim Leitungskomitee \u201eMiteinander f\u00fcr Europa\u201c","description":"\u201eMiteinander f\u00fcr Europa\u201c verbindet christliche Bewegungen und Gemeinschaften \u00fcber L\u00e4nder und Konfessionsgrenzen hinweg.","robots":{"index":"index","follow":"follow","max-snippet":"max-snippet:-1","max-image-preview":"max-image-preview:large","max-video-preview":"max-video-preview:-1"},"canonical":"https:\/\/schoenstatt.com\/de\/prophetische-kraft-im-heute-frischer-wind-beim-leitungskomitee-miteinander-fuer-europa\/","og_locale":"de_DE","og_type":"article","og_title":"Prophetische Kraft im Heute: Frischer Wind beim Leitungskomitee \u201eMiteinander f\u00fcr Europa\u201c","og_description":"\u201eMiteinander f\u00fcr Europa\u201c verbindet christliche Bewegungen und Gemeinschaften \u00fcber L\u00e4nder und Konfessionsgrenzen hinweg.","og_url":"https:\/\/schoenstatt.com\/de\/prophetische-kraft-im-heute-frischer-wind-beim-leitungskomitee-miteinander-fuer-europa\/","og_site_name":"Schoenstatt","article_published_time":"2026-04-29T01:00:00+00:00","og_image":[{"url":"https:\/\/schoenstatt.com\/wp-content\/uploads\/2026\/04\/Together-for-Europe.webp","width":2048,"height":1291,"type":"image\/jpeg"}],"author":"Karen Bueno","twitter_card":"summary_large_image","twitter_misc":{"Verfasst von":"Karen Bueno","Gesch\u00e4tzte Lesezeit":"4\u00a0Minuten"},"schema":{"@context":"https:\/\/schema.org","@graph":[{"@type":"Article","@id":"https:\/\/schoenstatt.com\/de\/prophetische-kraft-im-heute-frischer-wind-beim-leitungskomitee-miteinander-fuer-europa\/#article","isPartOf":{"@id":"https:\/\/schoenstatt.com\/de\/prophetische-kraft-im-heute-frischer-wind-beim-leitungskomitee-miteinander-fuer-europa\/"},"author":{"name":"Karen Bueno","@id":"https:\/\/schoenstatt.com\/de\/#\/schema\/person\/5158877ad4acae98b34daaeef2a1ce6e"},"headline":"Prophetische Kraft im Heute: Frischer Wind beim Leitungskomitee \u201eMiteinander f\u00fcr Europa\u201c","datePublished":"2026-04-29T01:00:00+00:00","mainEntityOfPage":{"@id":"https:\/\/schoenstatt.com\/de\/prophetische-kraft-im-heute-frischer-wind-beim-leitungskomitee-miteinander-fuer-europa\/"},"wordCount":607,"publisher":{"@id":"https:\/\/schoenstatt.com\/de\/#organization"},"image":{"@id":"https:\/\/schoenstatt.com\/de\/prophetische-kraft-im-heute-frischer-wind-beim-leitungskomitee-miteinander-fuer-europa\/#primaryimage"},"thumbnailUrl":"https:\/\/schoenstatt.com\/wp-content\/uploads\/2026\/04\/Together-for-Europe.webp","keywords":["Miteinander f\u00fcr Europa"],"articleSection":["Europa"],"inLanguage":"de"},{"@type":"WebPage","@id":"https:\/\/schoenstatt.com\/de\/prophetische-kraft-im-heute-frischer-wind-beim-leitungskomitee-miteinander-fuer-europa\/","url":"https:\/\/schoenstatt.com\/de\/prophetische-kraft-im-heute-frischer-wind-beim-leitungskomitee-miteinander-fuer-europa\/","name":"Prophetische Kraft im Heute: Frischer Wind beim Leitungskomitee \u201eMiteinander f\u00fcr Europa\u201c","isPartOf":{"@id":"https:\/\/schoenstatt.com\/de\/#website"},"primaryImageOfPage":{"@id":"https:\/\/schoenstatt.com\/de\/prophetische-kraft-im-heute-frischer-wind-beim-leitungskomitee-miteinander-fuer-europa\/#primaryimage"},"image":{"@id":"https:\/\/schoenstatt.com\/de\/prophetische-kraft-im-heute-frischer-wind-beim-leitungskomitee-miteinander-fuer-europa\/#primaryimage"},"thumbnailUrl":"https:\/\/schoenstatt.com\/wp-content\/uploads\/2026\/04\/Together-for-Europe.webp","datePublished":"2026-04-29T01:00:00+00:00","description":"\u201eMiteinander f\u00fcr Europa\u201c verbindet christliche Bewegungen und Gemeinschaften \u00fcber L\u00e4nder und Konfessionsgrenzen hinweg.","breadcrumb":{"@id":"https:\/\/schoenstatt.com\/de\/prophetische-kraft-im-heute-frischer-wind-beim-leitungskomitee-miteinander-fuer-europa\/#breadcrumb"},"inLanguage":"de","potentialAction":[{"@type":"ReadAction","target":["https:\/\/schoenstatt.com\/de\/prophetische-kraft-im-heute-frischer-wind-beim-leitungskomitee-miteinander-fuer-europa\/"]}]},{"@type":"ImageObject","inLanguage":"de","@id":"https:\/\/schoenstatt.com\/de\/prophetische-kraft-im-heute-frischer-wind-beim-leitungskomitee-miteinander-fuer-europa\/#primaryimage","url":"https:\/\/schoenstatt.com\/wp-content\/uploads\/2026\/04\/Together-for-Europe.webp","contentUrl":"https:\/\/schoenstatt.com\/wp-content\/uploads\/2026\/04\/Together-for-Europe.webp","width":2048,"height":1291},{"@type":"BreadcrumbList","@id":"https:\/\/schoenstatt.com\/de\/prophetische-kraft-im-heute-frischer-wind-beim-leitungskomitee-miteinander-fuer-europa\/#breadcrumb","itemListElement":[{"@type":"ListItem","position":1,"name":"Portada","item":"https:\/\/schoenstatt.com\/de\/home\/"},{"@type":"ListItem","position":2,"name":"Prophetische Kraft im Heute: Frischer Wind beim Leitungskomitee \u201eMiteinander f\u00fcr Europa\u201c"}]},{"@type":"WebSite","@id":"https:\/\/schoenstatt.com\/de\/#website","url":"https:\/\/schoenstatt.com\/de\/","name":"Schoenstatt","description":"Apostolic Movement","publisher":{"@id":"https:\/\/schoenstatt.com\/de\/#organization"},"potentialAction":[{"@type":"SearchAction","target":{"@type":"EntryPoint","urlTemplate":"https:\/\/schoenstatt.com\/de\/?s={search_term_string}"},"query-input":{"@type":"PropertyValueSpecification","valueRequired":true,"valueName":"search_term_string"}}],"inLanguage":"de"},{"@type":"Organization","@id":"https:\/\/schoenstatt.com\/de\/#organization","name":"Schoenstatt","url":"https:\/\/schoenstatt.com\/de\/","logo":{"@type":"ImageObject","inLanguage":"de","@id":"https:\/\/schoenstatt.com\/de\/#\/schema\/logo\/image\/","url":"https:\/\/schoenstatt.com\/wp-content\/uploads\/2025\/04\/logo-schoenstatt-white-696x696-1.png","contentUrl":"https:\/\/schoenstatt.com\/wp-content\/uploads\/2025\/04\/logo-schoenstatt-white-696x696-1.png","width":696,"height":694,"caption":"Schoenstatt"},"image":{"@id":"https:\/\/schoenstatt.com\/de\/#\/schema\/logo\/image\/"}},{"@type":"Person","@id":"https:\/\/schoenstatt.com\/de\/#\/schema\/person\/5158877ad4acae98b34daaeef2a1ce6e","name":"Karen Bueno","image":{"@type":"ImageObject","inLanguage":"de","@id":"https:\/\/secure.gravatar.com\/avatar\/f9f4b823873154269d2b2130f195f6d41037dd0d7fc5f3cacb5c846bae70d66b?s=96&d=mm&r=g","url":"https:\/\/secure.gravatar.com\/avatar\/f9f4b823873154269d2b2130f195f6d41037dd0d7fc5f3cacb5c846bae70d66b?s=96&d=mm&r=g","contentUrl":"https:\/\/secure.gravatar.com\/avatar\/f9f4b823873154269d2b2130f195f6d41037dd0d7fc5f3cacb5c846bae70d66b?s=96&d=mm&r=g","caption":"Karen Bueno"},"url":"https:\/\/schoenstatt.com\/de\/author\/karen-bueno\/"}]}},"_links":{"self":[{"href":"https:\/\/schoenstatt.com\/de\/wp-json\/wp\/v2\/posts\/69956","targetHints":{"allow":["GET"]}}],"collection":[{"href":"https:\/\/schoenstatt.com\/de\/wp-json\/wp\/v2\/posts"}],"about":[{"href":"https:\/\/schoenstatt.com\/de\/wp-json\/wp\/v2\/types\/post"}],"author":[{"embeddable":true,"href":"https:\/\/schoenstatt.com\/de\/wp-json\/wp\/v2\/users\/3"}],"replies":[{"embeddable":true,"href":"https:\/\/schoenstatt.com\/de\/wp-json\/wp\/v2\/comments?post=69956"}],"version-history":[{"count":7,"href":"https:\/\/schoenstatt.com\/de\/wp-json\/wp\/v2\/posts\/69956\/revisions"}],"predecessor-version":[{"id":69984,"href":"https:\/\/schoenstatt.com\/de\/wp-json\/wp\/v2\/posts\/69956\/revisions\/69984"}],"wp:featuredmedia":[{"embeddable":true,"href":"https:\/\/schoenstatt.com\/de\/wp-json\/wp\/v2\/media\/69939"}],"wp:attachment":[{"href":"https:\/\/schoenstatt.com\/de\/wp-json\/wp\/v2\/media?parent=69956"}],"wp:term":[{"taxonomy":"category","embeddable":true,"href":"https:\/\/schoenstatt.com\/de\/wp-json\/wp\/v2\/categories?post=69956"},{"taxonomy":"post_tag","embeddable":true,"href":"https:\/\/schoenstatt.com\/de\/wp-json\/wp\/v2\/tags?post=69956"}],"curies":[{"name":"wp","href":"https:\/\/api.w.org\/{rel}","templated":true}]}}