{"id":69930,"date":"2026-04-27T13:52:15","date_gmt":"2026-04-27T11:52:15","guid":{"rendered":"https:\/\/schoenstatt.com\/?p=69930"},"modified":"2026-04-27T14:35:35","modified_gmt":"2026-04-27T12:35:35","slug":"schoenstaetter-aus-12-laendern-erneuern-ihren-gefolgschaftsakt-mit-unserem-vater-und-gruender","status":"publish","type":"post","link":"https:\/\/schoenstatt.com\/de\/schoenstaetter-aus-12-laendern-erneuern-ihren-gefolgschaftsakt-mit-unserem-vater-und-gruender\/","title":{"rendered":"Sch\u00f6nst\u00e4tter aus 12 L\u00e4ndern erneuern ihren Gefolgschaftsakt mit unserem Vater und Gr\u00fcnder"},"content":{"rendered":"\n<p>Im Bewusstsein des Wunsches vieler Mitglieder unserer internationalen Sch\u00f6nstattfamilie lud das Pater-Josef-Kentenich-Sekretariat in Ecuador alle dazu ein, den Gefolgschaftsakt mit Pater Kentenich virtuell zu besiegeln und zu erneuern \u2013 als treue Verpflichtung gegen\u00fcber seiner Person, seinem Charisma und seiner Mission.<\/p>\n\n\n\n<div style=\"height:34px\" aria-hidden=\"true\" class=\"wp-block-spacer\"><\/div>\n\n\n\n<h2 class=\"wp-block-heading has-medium-font-size\" id=\"h-live-ubertragung-aus-schonstatt\">Live-\u00dcbertragung aus Sch\u00f6nstatt<\/h2>\n\n\n\n<p>Am 18. April nahmen 36 geistliche Kinder <a href=\"https:\/\/schoenstatt.com\/de\/ueber-schoenstatt\/gruender\/\">Pater Kentenichs<\/a> virtuell aus 12 L\u00e4ndern teil, um den Gefolgschaftsakt zu besiegeln und zu erneuern.<\/p>\n\n\n\n<p>Die Feier wurde von Pater Eduardo Aguirre Cancino, dem derzeitigen Postulator f\u00fcr die Selig- und Heiligsprechungsprozesse von Pater Kentenich, geleitet. Sie wurde mit Unterst\u00fctzung von Sch\u00f6nstatt TV live aus der Gr\u00fcnderkapelle \u00fcbertragen. Die Emotion und Tiefe, mit denen jeder Einzelne diese Verpflichtung erlebte, waren sp\u00fcrbar, und eine spirituelle, famili\u00e4re Atmosph\u00e4re war sogar durch die Bildschirme hindurch zu sp\u00fcren.<\/p>\n\n\n\n<div style=\"height:38px\" aria-hidden=\"true\" class=\"wp-block-spacer\"><\/div>\n\n\n\n<figure class=\"wp-block-image aligncenter size-full\"><img fetchpriority=\"high\" decoding=\"async\" width=\"1476\" height=\"1600\" src=\"https:\/\/schoenstatt.com\/wp-content\/uploads\/2026\/04\/kentenich-padre.webp\" alt=\"\" class=\"wp-image-69908\" srcset=\"https:\/\/schoenstatt.com\/wp-content\/uploads\/2026\/04\/kentenich-padre.webp 1476w, https:\/\/schoenstatt.com\/wp-content\/uploads\/2026\/04\/kentenich-padre-768x833.webp 768w, https:\/\/schoenstatt.com\/wp-content\/uploads\/2026\/04\/kentenich-padre-1417x1536.webp 1417w\" sizes=\"(max-width: 1476px) 100vw, 1476px\" \/><\/figure>\n\n\n\n<div style=\"height:43px\" aria-hidden=\"true\" class=\"wp-block-spacer\"><\/div>\n\n\n\n<h2 class=\"wp-block-heading has-medium-font-size\" id=\"h-vorbereitung\">Vorbereitung<\/h2>\n\n\n\n<p>Zur Vorbereitung auf diesen ganz besonderen Moment fanden zwei virtuelle Treffen statt, um die Herzen zu entz\u00fcnden und die Verpflichtung gegen\u00fcber der Sch\u00f6nstatt-Mission zu erneuern. Sr. M. Montserrat Darquea und Erika Cede\u00f1o, Mitglieder des Pater-Kentenich-Sekretariats in Ecuador, waren f\u00fcr die Vortr\u00e4ge und die gesamte Organisation verantwortlich.<\/p>\n\n\n\n<p>Um den Gefolgschaftsakt zum ersten Mal zu besiegeln, mussten bestimmte Voraussetzungen erf\u00fcllt sein:<\/p>\n\n\n\n<div style=\"height:31px\" aria-hidden=\"true\" class=\"wp-block-spacer\"><\/div>\n\n\n\n<ul class=\"wp-block-list\">\n<li>Teilnahme an einem Workshop, um das Leben und das Charisma des Gr\u00fcnders kennenzulernen.<\/li>\n\n\n\n<li>Teilnahme an zwei virtuellen Vorbereitungstreffen vor dem 18. April.<\/li>\n\n\n\n<li>Nach dem Schlie\u00dfen oder Erneuern des Gefolgschaftsakts ein Heiligtum besuchen, um zu beten und den an Pater Kentenich geschriebenen Brief zu \u00fcberreichen.<\/li>\n<\/ul>\n\n\n\n<div style=\"height:27px\" aria-hidden=\"true\" class=\"wp-block-spacer\"><\/div>\n\n\n\n<figure class=\"wp-block-image size-full\"><img decoding=\"async\" width=\"1568\" height=\"859\" src=\"https:\/\/schoenstatt.com\/wp-content\/uploads\/2026\/04\/alianza-filial.webp\" alt=\"\" class=\"wp-image-69903\" srcset=\"https:\/\/schoenstatt.com\/wp-content\/uploads\/2026\/04\/alianza-filial.webp 1568w, https:\/\/schoenstatt.com\/wp-content\/uploads\/2026\/04\/alianza-filial-768x421.webp 768w, https:\/\/schoenstatt.com\/wp-content\/uploads\/2026\/04\/alianza-filial-1536x841.webp 1536w\" sizes=\"(max-width: 1568px) 100vw, 1568px\" \/><\/figure>\n\n\n\n<div style=\"height:44px\" aria-hidden=\"true\" class=\"wp-block-spacer\"><\/div>\n\n\n\n<h2 class=\"wp-block-heading has-medium-font-size\" id=\"h-wir-wollen-werkzeuge-in-den-handen-unserer-mutter-und-konigin-sein\">Wir wollen Werkzeuge in den H\u00e4nden unserer Mutter und K\u00f6nigin sein<\/h2>\n\n\n\n<p>Durch den Gefolgschaftsakt dr\u00fcckt man eine innere Verbundenheit mit dem Charisma Pater Kentenichs aus; mit dieser Geste verpflichtet man sich, seine Mission fortzuf\u00fchren.<\/p>\n\n\n\n<p>Das B\u00fcndnis mit Pater Kentenich ist sowohl ein pers\u00f6nlicher als auch ein gemeinschaftlicher Akt. Durch dieses B\u00fcndnis werden gesunde Bindungen gest\u00e4rkt, gen\u00e4hrt durch das Liebesb\u00fcndnis, und man wird zu einem Verb\u00fcndeten, um im Alltag als Apostel zu leben und die Eigenschaften eines Werkzeugs anzunehmen: dem\u00fctig, freudig, bescheiden, einfach, flexibel, vertrauensvoll, zug\u00e4nglich und wahrhaftig.<\/p>\n\n\n\n<p>\u201eMit einer Seele voller Dankbarkeit und Hoffnung bekr\u00e4ftige ich heute meine Hingabe und meine Verpflichtung\u201c, sagt Marcela aus Mexiko.<\/p>\n\n\n\n<p>Lorena aus Ecuador erz\u00e4hlt: \u201eIch h\u00e4tte nicht gedacht, dass ich mein Versprechen erneuern k\u00f6nnte, und es war so sch\u00f6n, dies in dieser Phase meines Lebens zu tun.\u201c<\/p>\n\n\n\n<p>Germay aus den Vereinigten Staaten sagt: \u201eMein Herz ist voller Freude; ich habe diese Erneuerung gemeinsam mit meinen beiden Begleiterinnen und Schwestern im Bund, Luisa und Oneida aus New York, erlebt. Alles, was wir erlebt haben, war wunderbar; wir werden in unserer Erneuerung des kindlichen Bundes vereint bleiben.\u201c<\/p>\n\n\n\n<p><strong>\u00dcbersetzung:<\/strong> Sr. M. Lourdes Mac\u00edas<br><strong>Lektorat: <\/strong>Hildegard Kaiser<\/p>\n","protected":false},"excerpt":{"rendered":"<p>Der Gefolgschaftsakt mit unserem Vater und Gr\u00fcnder in virtueller Form: Mit dieser Geste verpflichten sie sich, seine Mission fortzuf\u00fchren.<\/p>\n","protected":false},"author":3,"featured_media":69904,"comment_status":"closed","ping_status":"closed","sticky":false,"template":"","format":"standard","meta":{"footnotes":""},"categories":[878],"tags":[1299],"class_list":["post-69930","post","type-post","status-publish","format-standard","has-post-thumbnail","hentry","category-p-josef-kentenich-de","tag-pater-josef-kentenich-de"],"yoast_head":"<!-- This site is optimized with the Yoast SEO Premium plugin v27.4 (Yoast SEO v27.5) - https:\/\/yoast.com\/product\/yoast-seo-premium-wordpress\/ -->\n<title>Sch\u00f6nst\u00e4tter aus 12 L\u00e4ndern erneuern ihren Gefolgschaftsakt mit unserem Vater und Gr\u00fcnder<\/title>\n<meta name=\"description\" content=\"Der Gefolgschaftsakt mit unserem Vater und Gr\u00fcnder in virtueller Form: Mit dieser Geste verpflichten sie sich, seine Mission fortzuf\u00fchren.\" \/>\n<meta name=\"robots\" content=\"index, follow, max-snippet:-1, max-image-preview:large, max-video-preview:-1\" \/>\n<link rel=\"canonical\" href=\"https:\/\/schoenstatt.com\/de\/schoenstaetter-aus-12-laendern-erneuern-ihren-gefolgschaftsakt-mit-unserem-vater-und-gruender\/\" \/>\n<meta property=\"og:locale\" content=\"de_DE\" \/>\n<meta property=\"og:type\" content=\"article\" \/>\n<meta property=\"og:title\" content=\"Sch\u00f6nst\u00e4tter aus 12 L\u00e4ndern erneuern ihren Gefolgschaftsakt mit unserem Vater und Gr\u00fcnder\" \/>\n<meta property=\"og:description\" content=\"Der Gefolgschaftsakt mit unserem Vater und Gr\u00fcnder in virtueller Form: Mit dieser Geste verpflichten sie sich, seine Mission fortzuf\u00fchren.\" \/>\n<meta property=\"og:url\" content=\"https:\/\/schoenstatt.com\/de\/schoenstaetter-aus-12-laendern-erneuern-ihren-gefolgschaftsakt-mit-unserem-vater-und-gruender\/\" \/>\n<meta property=\"og:site_name\" content=\"Schoenstatt\" \/>\n<meta property=\"article:published_time\" content=\"2026-04-27T11:52:15+00:00\" \/>\n<meta property=\"article:modified_time\" content=\"2026-04-27T12:35:35+00:00\" \/>\n<meta property=\"og:image\" content=\"https:\/\/schoenstatt.com\/wp-content\/uploads\/2026\/04\/alianza-filial.webp\" \/>\n\t<meta property=\"og:image:width\" content=\"1568\" \/>\n\t<meta property=\"og:image:height\" content=\"859\" \/>\n\t<meta property=\"og:image:type\" content=\"image\/jpeg\" \/>\n<meta name=\"author\" content=\"Karen Bueno\" \/>\n<meta name=\"twitter:card\" content=\"summary_large_image\" \/>\n<meta name=\"twitter:label1\" content=\"Verfasst von\" \/>\n\t<meta name=\"twitter:data1\" content=\"Karen Bueno\" \/>\n\t<meta name=\"twitter:label2\" content=\"Gesch\u00e4tzte Lesezeit\" \/>\n\t<meta name=\"twitter:data2\" content=\"3\u00a0Minuten\" \/>\n<script type=\"application\/ld+json\" class=\"yoast-schema-graph\">{\"@context\":\"https:\\\/\\\/schema.org\",\"@graph\":[{\"@type\":\"Article\",\"@id\":\"https:\\\/\\\/schoenstatt.com\\\/de\\\/schoenstaetter-aus-12-laendern-erneuern-ihren-gefolgschaftsakt-mit-unserem-vater-und-gruender\\\/#article\",\"isPartOf\":{\"@id\":\"https:\\\/\\\/schoenstatt.com\\\/de\\\/schoenstaetter-aus-12-laendern-erneuern-ihren-gefolgschaftsakt-mit-unserem-vater-und-gruender\\\/\"},\"author\":{\"name\":\"Karen Bueno\",\"@id\":\"https:\\\/\\\/schoenstatt.com\\\/de\\\/#\\\/schema\\\/person\\\/5158877ad4acae98b34daaeef2a1ce6e\"},\"headline\":\"Sch\u00f6nst\u00e4tter aus 12 L\u00e4ndern erneuern ihren Gefolgschaftsakt mit unserem Vater und Gr\u00fcnder\",\"datePublished\":\"2026-04-27T11:52:15+00:00\",\"dateModified\":\"2026-04-27T12:35:35+00:00\",\"mainEntityOfPage\":{\"@id\":\"https:\\\/\\\/schoenstatt.com\\\/de\\\/schoenstaetter-aus-12-laendern-erneuern-ihren-gefolgschaftsakt-mit-unserem-vater-und-gruender\\\/\"},\"wordCount\":467,\"publisher\":{\"@id\":\"https:\\\/\\\/schoenstatt.com\\\/de\\\/#organization\"},\"image\":{\"@id\":\"https:\\\/\\\/schoenstatt.com\\\/de\\\/schoenstaetter-aus-12-laendern-erneuern-ihren-gefolgschaftsakt-mit-unserem-vater-und-gruender\\\/#primaryimage\"},\"thumbnailUrl\":\"https:\\\/\\\/schoenstatt.com\\\/wp-content\\\/uploads\\\/2026\\\/04\\\/alianza-filial.webp\",\"keywords\":[\"Pater Josef Kentenich\"],\"articleSection\":[\"P. Josef Kentenich\"],\"inLanguage\":\"de\"},{\"@type\":\"WebPage\",\"@id\":\"https:\\\/\\\/schoenstatt.com\\\/de\\\/schoenstaetter-aus-12-laendern-erneuern-ihren-gefolgschaftsakt-mit-unserem-vater-und-gruender\\\/\",\"url\":\"https:\\\/\\\/schoenstatt.com\\\/de\\\/schoenstaetter-aus-12-laendern-erneuern-ihren-gefolgschaftsakt-mit-unserem-vater-und-gruender\\\/\",\"name\":\"Sch\u00f6nst\u00e4tter aus 12 L\u00e4ndern erneuern ihren Gefolgschaftsakt mit unserem Vater und Gr\u00fcnder\",\"isPartOf\":{\"@id\":\"https:\\\/\\\/schoenstatt.com\\\/de\\\/#website\"},\"primaryImageOfPage\":{\"@id\":\"https:\\\/\\\/schoenstatt.com\\\/de\\\/schoenstaetter-aus-12-laendern-erneuern-ihren-gefolgschaftsakt-mit-unserem-vater-und-gruender\\\/#primaryimage\"},\"image\":{\"@id\":\"https:\\\/\\\/schoenstatt.com\\\/de\\\/schoenstaetter-aus-12-laendern-erneuern-ihren-gefolgschaftsakt-mit-unserem-vater-und-gruender\\\/#primaryimage\"},\"thumbnailUrl\":\"https:\\\/\\\/schoenstatt.com\\\/wp-content\\\/uploads\\\/2026\\\/04\\\/alianza-filial.webp\",\"datePublished\":\"2026-04-27T11:52:15+00:00\",\"dateModified\":\"2026-04-27T12:35:35+00:00\",\"description\":\"Der Gefolgschaftsakt mit unserem Vater und Gr\u00fcnder in virtueller Form: Mit dieser Geste verpflichten sie sich, seine Mission fortzuf\u00fchren.\",\"breadcrumb\":{\"@id\":\"https:\\\/\\\/schoenstatt.com\\\/de\\\/schoenstaetter-aus-12-laendern-erneuern-ihren-gefolgschaftsakt-mit-unserem-vater-und-gruender\\\/#breadcrumb\"},\"inLanguage\":\"de\",\"potentialAction\":[{\"@type\":\"ReadAction\",\"target\":[\"https:\\\/\\\/schoenstatt.com\\\/de\\\/schoenstaetter-aus-12-laendern-erneuern-ihren-gefolgschaftsakt-mit-unserem-vater-und-gruender\\\/\"]}]},{\"@type\":\"ImageObject\",\"inLanguage\":\"de\",\"@id\":\"https:\\\/\\\/schoenstatt.com\\\/de\\\/schoenstaetter-aus-12-laendern-erneuern-ihren-gefolgschaftsakt-mit-unserem-vater-und-gruender\\\/#primaryimage\",\"url\":\"https:\\\/\\\/schoenstatt.com\\\/wp-content\\\/uploads\\\/2026\\\/04\\\/alianza-filial.webp\",\"contentUrl\":\"https:\\\/\\\/schoenstatt.com\\\/wp-content\\\/uploads\\\/2026\\\/04\\\/alianza-filial.webp\",\"width\":1568,\"height\":859},{\"@type\":\"BreadcrumbList\",\"@id\":\"https:\\\/\\\/schoenstatt.com\\\/de\\\/schoenstaetter-aus-12-laendern-erneuern-ihren-gefolgschaftsakt-mit-unserem-vater-und-gruender\\\/#breadcrumb\",\"itemListElement\":[{\"@type\":\"ListItem\",\"position\":1,\"name\":\"Portada\",\"item\":\"https:\\\/\\\/schoenstatt.com\\\/de\\\/home\\\/\"},{\"@type\":\"ListItem\",\"position\":2,\"name\":\"Sch\u00f6nst\u00e4tter aus 12 L\u00e4ndern erneuern ihren Gefolgschaftsakt mit unserem Vater und Gr\u00fcnder\"}]},{\"@type\":\"WebSite\",\"@id\":\"https:\\\/\\\/schoenstatt.com\\\/de\\\/#website\",\"url\":\"https:\\\/\\\/schoenstatt.com\\\/de\\\/\",\"name\":\"Schoenstatt\",\"description\":\"Apostolic Movement\",\"publisher\":{\"@id\":\"https:\\\/\\\/schoenstatt.com\\\/de\\\/#organization\"},\"potentialAction\":[{\"@type\":\"SearchAction\",\"target\":{\"@type\":\"EntryPoint\",\"urlTemplate\":\"https:\\\/\\\/schoenstatt.com\\\/de\\\/?s={search_term_string}\"},\"query-input\":{\"@type\":\"PropertyValueSpecification\",\"valueRequired\":true,\"valueName\":\"search_term_string\"}}],\"inLanguage\":\"de\"},{\"@type\":\"Organization\",\"@id\":\"https:\\\/\\\/schoenstatt.com\\\/de\\\/#organization\",\"name\":\"Schoenstatt\",\"url\":\"https:\\\/\\\/schoenstatt.com\\\/de\\\/\",\"logo\":{\"@type\":\"ImageObject\",\"inLanguage\":\"de\",\"@id\":\"https:\\\/\\\/schoenstatt.com\\\/de\\\/#\\\/schema\\\/logo\\\/image\\\/\",\"url\":\"https:\\\/\\\/schoenstatt.com\\\/wp-content\\\/uploads\\\/2025\\\/04\\\/logo-schoenstatt-white-696x696-1.png\",\"contentUrl\":\"https:\\\/\\\/schoenstatt.com\\\/wp-content\\\/uploads\\\/2025\\\/04\\\/logo-schoenstatt-white-696x696-1.png\",\"width\":696,\"height\":694,\"caption\":\"Schoenstatt\"},\"image\":{\"@id\":\"https:\\\/\\\/schoenstatt.com\\\/de\\\/#\\\/schema\\\/logo\\\/image\\\/\"}},{\"@type\":\"Person\",\"@id\":\"https:\\\/\\\/schoenstatt.com\\\/de\\\/#\\\/schema\\\/person\\\/5158877ad4acae98b34daaeef2a1ce6e\",\"name\":\"Karen Bueno\",\"image\":{\"@type\":\"ImageObject\",\"inLanguage\":\"de\",\"@id\":\"https:\\\/\\\/secure.gravatar.com\\\/avatar\\\/f9f4b823873154269d2b2130f195f6d41037dd0d7fc5f3cacb5c846bae70d66b?s=96&d=mm&r=g\",\"url\":\"https:\\\/\\\/secure.gravatar.com\\\/avatar\\\/f9f4b823873154269d2b2130f195f6d41037dd0d7fc5f3cacb5c846bae70d66b?s=96&d=mm&r=g\",\"contentUrl\":\"https:\\\/\\\/secure.gravatar.com\\\/avatar\\\/f9f4b823873154269d2b2130f195f6d41037dd0d7fc5f3cacb5c846bae70d66b?s=96&d=mm&r=g\",\"caption\":\"Karen Bueno\"},\"url\":\"https:\\\/\\\/schoenstatt.com\\\/de\\\/author\\\/karen-bueno\\\/\"}]}<\/script>\n<!-- \/ Yoast SEO Premium plugin. -->","yoast_head_json":{"title":"Sch\u00f6nst\u00e4tter aus 12 L\u00e4ndern erneuern ihren Gefolgschaftsakt mit unserem Vater und Gr\u00fcnder","description":"Der Gefolgschaftsakt mit unserem Vater und Gr\u00fcnder in virtueller Form: Mit dieser Geste verpflichten sie sich, seine Mission fortzuf\u00fchren.","robots":{"index":"index","follow":"follow","max-snippet":"max-snippet:-1","max-image-preview":"max-image-preview:large","max-video-preview":"max-video-preview:-1"},"canonical":"https:\/\/schoenstatt.com\/de\/schoenstaetter-aus-12-laendern-erneuern-ihren-gefolgschaftsakt-mit-unserem-vater-und-gruender\/","og_locale":"de_DE","og_type":"article","og_title":"Sch\u00f6nst\u00e4tter aus 12 L\u00e4ndern erneuern ihren Gefolgschaftsakt mit unserem Vater und Gr\u00fcnder","og_description":"Der Gefolgschaftsakt mit unserem Vater und Gr\u00fcnder in virtueller Form: Mit dieser Geste verpflichten sie sich, seine Mission fortzuf\u00fchren.","og_url":"https:\/\/schoenstatt.com\/de\/schoenstaetter-aus-12-laendern-erneuern-ihren-gefolgschaftsakt-mit-unserem-vater-und-gruender\/","og_site_name":"Schoenstatt","article_published_time":"2026-04-27T11:52:15+00:00","article_modified_time":"2026-04-27T12:35:35+00:00","og_image":[{"width":1568,"height":859,"url":"https:\/\/schoenstatt.com\/wp-content\/uploads\/2026\/04\/alianza-filial.webp","type":"image\/jpeg"}],"author":"Karen Bueno","twitter_card":"summary_large_image","twitter_misc":{"Verfasst von":"Karen Bueno","Gesch\u00e4tzte Lesezeit":"3\u00a0Minuten"},"schema":{"@context":"https:\/\/schema.org","@graph":[{"@type":"Article","@id":"https:\/\/schoenstatt.com\/de\/schoenstaetter-aus-12-laendern-erneuern-ihren-gefolgschaftsakt-mit-unserem-vater-und-gruender\/#article","isPartOf":{"@id":"https:\/\/schoenstatt.com\/de\/schoenstaetter-aus-12-laendern-erneuern-ihren-gefolgschaftsakt-mit-unserem-vater-und-gruender\/"},"author":{"name":"Karen Bueno","@id":"https:\/\/schoenstatt.com\/de\/#\/schema\/person\/5158877ad4acae98b34daaeef2a1ce6e"},"headline":"Sch\u00f6nst\u00e4tter aus 12 L\u00e4ndern erneuern ihren Gefolgschaftsakt mit unserem Vater und Gr\u00fcnder","datePublished":"2026-04-27T11:52:15+00:00","dateModified":"2026-04-27T12:35:35+00:00","mainEntityOfPage":{"@id":"https:\/\/schoenstatt.com\/de\/schoenstaetter-aus-12-laendern-erneuern-ihren-gefolgschaftsakt-mit-unserem-vater-und-gruender\/"},"wordCount":467,"publisher":{"@id":"https:\/\/schoenstatt.com\/de\/#organization"},"image":{"@id":"https:\/\/schoenstatt.com\/de\/schoenstaetter-aus-12-laendern-erneuern-ihren-gefolgschaftsakt-mit-unserem-vater-und-gruender\/#primaryimage"},"thumbnailUrl":"https:\/\/schoenstatt.com\/wp-content\/uploads\/2026\/04\/alianza-filial.webp","keywords":["Pater Josef Kentenich"],"articleSection":["P. Josef Kentenich"],"inLanguage":"de"},{"@type":"WebPage","@id":"https:\/\/schoenstatt.com\/de\/schoenstaetter-aus-12-laendern-erneuern-ihren-gefolgschaftsakt-mit-unserem-vater-und-gruender\/","url":"https:\/\/schoenstatt.com\/de\/schoenstaetter-aus-12-laendern-erneuern-ihren-gefolgschaftsakt-mit-unserem-vater-und-gruender\/","name":"Sch\u00f6nst\u00e4tter aus 12 L\u00e4ndern erneuern ihren Gefolgschaftsakt mit unserem Vater und Gr\u00fcnder","isPartOf":{"@id":"https:\/\/schoenstatt.com\/de\/#website"},"primaryImageOfPage":{"@id":"https:\/\/schoenstatt.com\/de\/schoenstaetter-aus-12-laendern-erneuern-ihren-gefolgschaftsakt-mit-unserem-vater-und-gruender\/#primaryimage"},"image":{"@id":"https:\/\/schoenstatt.com\/de\/schoenstaetter-aus-12-laendern-erneuern-ihren-gefolgschaftsakt-mit-unserem-vater-und-gruender\/#primaryimage"},"thumbnailUrl":"https:\/\/schoenstatt.com\/wp-content\/uploads\/2026\/04\/alianza-filial.webp","datePublished":"2026-04-27T11:52:15+00:00","dateModified":"2026-04-27T12:35:35+00:00","description":"Der Gefolgschaftsakt mit unserem Vater und Gr\u00fcnder in virtueller Form: Mit dieser Geste verpflichten sie sich, seine Mission fortzuf\u00fchren.","breadcrumb":{"@id":"https:\/\/schoenstatt.com\/de\/schoenstaetter-aus-12-laendern-erneuern-ihren-gefolgschaftsakt-mit-unserem-vater-und-gruender\/#breadcrumb"},"inLanguage":"de","potentialAction":[{"@type":"ReadAction","target":["https:\/\/schoenstatt.com\/de\/schoenstaetter-aus-12-laendern-erneuern-ihren-gefolgschaftsakt-mit-unserem-vater-und-gruender\/"]}]},{"@type":"ImageObject","inLanguage":"de","@id":"https:\/\/schoenstatt.com\/de\/schoenstaetter-aus-12-laendern-erneuern-ihren-gefolgschaftsakt-mit-unserem-vater-und-gruender\/#primaryimage","url":"https:\/\/schoenstatt.com\/wp-content\/uploads\/2026\/04\/alianza-filial.webp","contentUrl":"https:\/\/schoenstatt.com\/wp-content\/uploads\/2026\/04\/alianza-filial.webp","width":1568,"height":859},{"@type":"BreadcrumbList","@id":"https:\/\/schoenstatt.com\/de\/schoenstaetter-aus-12-laendern-erneuern-ihren-gefolgschaftsakt-mit-unserem-vater-und-gruender\/#breadcrumb","itemListElement":[{"@type":"ListItem","position":1,"name":"Portada","item":"https:\/\/schoenstatt.com\/de\/home\/"},{"@type":"ListItem","position":2,"name":"Sch\u00f6nst\u00e4tter aus 12 L\u00e4ndern erneuern ihren Gefolgschaftsakt mit unserem Vater und Gr\u00fcnder"}]},{"@type":"WebSite","@id":"https:\/\/schoenstatt.com\/de\/#website","url":"https:\/\/schoenstatt.com\/de\/","name":"Schoenstatt","description":"Apostolic Movement","publisher":{"@id":"https:\/\/schoenstatt.com\/de\/#organization"},"potentialAction":[{"@type":"SearchAction","target":{"@type":"EntryPoint","urlTemplate":"https:\/\/schoenstatt.com\/de\/?s={search_term_string}"},"query-input":{"@type":"PropertyValueSpecification","valueRequired":true,"valueName":"search_term_string"}}],"inLanguage":"de"},{"@type":"Organization","@id":"https:\/\/schoenstatt.com\/de\/#organization","name":"Schoenstatt","url":"https:\/\/schoenstatt.com\/de\/","logo":{"@type":"ImageObject","inLanguage":"de","@id":"https:\/\/schoenstatt.com\/de\/#\/schema\/logo\/image\/","url":"https:\/\/schoenstatt.com\/wp-content\/uploads\/2025\/04\/logo-schoenstatt-white-696x696-1.png","contentUrl":"https:\/\/schoenstatt.com\/wp-content\/uploads\/2025\/04\/logo-schoenstatt-white-696x696-1.png","width":696,"height":694,"caption":"Schoenstatt"},"image":{"@id":"https:\/\/schoenstatt.com\/de\/#\/schema\/logo\/image\/"}},{"@type":"Person","@id":"https:\/\/schoenstatt.com\/de\/#\/schema\/person\/5158877ad4acae98b34daaeef2a1ce6e","name":"Karen Bueno","image":{"@type":"ImageObject","inLanguage":"de","@id":"https:\/\/secure.gravatar.com\/avatar\/f9f4b823873154269d2b2130f195f6d41037dd0d7fc5f3cacb5c846bae70d66b?s=96&d=mm&r=g","url":"https:\/\/secure.gravatar.com\/avatar\/f9f4b823873154269d2b2130f195f6d41037dd0d7fc5f3cacb5c846bae70d66b?s=96&d=mm&r=g","contentUrl":"https:\/\/secure.gravatar.com\/avatar\/f9f4b823873154269d2b2130f195f6d41037dd0d7fc5f3cacb5c846bae70d66b?s=96&d=mm&r=g","caption":"Karen Bueno"},"url":"https:\/\/schoenstatt.com\/de\/author\/karen-bueno\/"}]}},"_links":{"self":[{"href":"https:\/\/schoenstatt.com\/de\/wp-json\/wp\/v2\/posts\/69930","targetHints":{"allow":["GET"]}}],"collection":[{"href":"https:\/\/schoenstatt.com\/de\/wp-json\/wp\/v2\/posts"}],"about":[{"href":"https:\/\/schoenstatt.com\/de\/wp-json\/wp\/v2\/types\/post"}],"author":[{"embeddable":true,"href":"https:\/\/schoenstatt.com\/de\/wp-json\/wp\/v2\/users\/3"}],"replies":[{"embeddable":true,"href":"https:\/\/schoenstatt.com\/de\/wp-json\/wp\/v2\/comments?post=69930"}],"version-history":[{"count":3,"href":"https:\/\/schoenstatt.com\/de\/wp-json\/wp\/v2\/posts\/69930\/revisions"}],"predecessor-version":[{"id":69933,"href":"https:\/\/schoenstatt.com\/de\/wp-json\/wp\/v2\/posts\/69930\/revisions\/69933"}],"wp:featuredmedia":[{"embeddable":true,"href":"https:\/\/schoenstatt.com\/de\/wp-json\/wp\/v2\/media\/69904"}],"wp:attachment":[{"href":"https:\/\/schoenstatt.com\/de\/wp-json\/wp\/v2\/media?parent=69930"}],"wp:term":[{"taxonomy":"category","embeddable":true,"href":"https:\/\/schoenstatt.com\/de\/wp-json\/wp\/v2\/categories?post=69930"},{"taxonomy":"post_tag","embeddable":true,"href":"https:\/\/schoenstatt.com\/de\/wp-json\/wp\/v2\/tags?post=69930"}],"curies":[{"name":"wp","href":"https:\/\/api.w.org\/{rel}","templated":true}]}}