{"id":69873,"date":"2026-04-22T13:59:51","date_gmt":"2026-04-22T11:59:51","guid":{"rendered":"https:\/\/schoenstatt.com\/?p=69873"},"modified":"2026-04-24T13:58:17","modified_gmt":"2026-04-24T11:58:17","slug":"treffen-digitaler-missionare-und-kommunikatoren-in-argentinien-menschliche-stimmen-und-gesichter-um-gottes-botschaft-zu-verbreiten","status":"publish","type":"post","link":"https:\/\/schoenstatt.com\/de\/treffen-digitaler-missionare-und-kommunikatoren-in-argentinien-menschliche-stimmen-und-gesichter-um-gottes-botschaft-zu-verbreiten\/","title":{"rendered":"Treffen digitaler Missionare und Kommunikatoren in Argentinien: Menschliche Stimmen und Gesichter, um Gottes Botschaft zu verbreiten"},"content":{"rendered":"\n<p><strong>Das internationale Treffen der digitalen Missionare und Kommunikatoren findet am 6. und 7. Juni 2026 im Nuevo Sch\u00f6nstatt-Heiligtum in Florencio Varela statt. Das vom Team der Sch\u00f6nstatt-Kommunikatoren organisierte Treffen zielt darauf ab, R\u00e4ume f\u00fcr Reflexion und Weiterbildung im Hinblick auf die Evangelisierung in der digitalen Kultur zu schaffen. Im Rahmen der Initiative werden digitale Missionare, Influencer, Seelsorger und kirchliche Kommunikationsteams aus zehn L\u00e4ndern Amerikas zusammenkommen, um sich auszutauschen und weiterzubilden und um gemeinsam auf die Herausforderungen der Gegenwart zu reagieren.<\/strong><\/p>\n\n\n\n<div style=\"height:29px\" aria-hidden=\"true\" class=\"wp-block-spacer\"><\/div>\n\n\n\n\n\n<div style=\"height:32px\" aria-hidden=\"true\" class=\"wp-block-spacer\"><\/div>\n\n\n\n<p>Dieser Vorschlag entspringt einer zentralen \u00dcberzeugung: Die digitale Welt ist nicht nur ein Werkzeug, sondern ein kultureller Raum, in dem die Kirche berufen ist, das Evangelium zu verk\u00fcnden. Da Millionen von Menschen t\u00e4glich mit sozialen Medien und virtuellen Umgebungen interagieren, wird die digitale Mission als eine S\u00e4ule der zeitgen\u00f6ssischen Evangelisierung verstanden. In diesem Kontext sucht die Kirche den Kontakt zu den Menschen, die vernetzt leben, und nutzt dabei eine zug\u00e4ngliche und aussagekr\u00e4ftige Sprache.<\/p>\n\n\n\n<p>Die Vermittlung des Glaubens in der digitalen Welt ist eine prophetische Mission, in der Kreativit\u00e4t, Fortbildung und geistliches Leben zusammenkommen, um die Kultur mit den Werten des Evangeliums zu durchdringen. Die Herausforderung ist dabei nicht nur technischer, sondern auch pastoraler Natur: Es geht darum, eine sich wandelnde Zeit zu begleiten und eine Kirche zu zeigen, die lebendig, jung und f\u00e4hig ist, sich auf die Fragen der heutigen Welt einzulassen.<\/p>\n\n\n\n<div style=\"height:27px\" aria-hidden=\"true\" class=\"wp-block-spacer\"><\/div>\n\n\n\n<h2 class=\"wp-block-heading has-medium-font-size\" id=\"h-die-sprache-der-anderen-sprechen\">Die Sprache der anderen sprechen<\/h2>\n\n\n\n<p>An der Veranstaltung wird <strong>Monsignore Lucio Ru\u00edz<\/strong> teilnehmen. Er ist <a href=\"https:\/\/schoenstatt.com\/de\/msgr-lucio-ruiz-digitale-missionare-sein\/\">Sekret\u00e4r des Dikasteriums f\u00fcr Kommunikation<\/a> und hat eng mit dem Organisationsteam zusammengearbeitet, um seine Anleitung und pastorale Vision einzubringen.<\/p>\n\n\n\n<p><em>\u201eEin digitaler Missionar zu sein, bedeutet, die Sprache der anderen zu sprechen, dort zu sein, wo die anderen sind, und in ihre R\u00e4ume zu gehen, mit ihrer Dynamik. Denn wie zu Pfingsten ist es wichtig, nicht nur zu predigen, sondern auch, dass sie uns verstehen und dann ihre Augen \u00f6ffnen. Lasst uns eine Kirche sein, die hinausgeht, damit viele die Botschaft Jesu empfangen.\u201c<\/em><\/p>\n\n\n\n<p>Diese Worte von Monsignore Ru\u00edz, <a href=\"https:\/\/schoenstatt.com\/de\/msgr-lucio-ruiz-digitale-missionare-sein\/\">gerichtet an die Sch\u00f6nstatt-Kommunikatoren<\/a>, die beim Jubil\u00e4um \u201eWelt der Kommunikation 2025\u201d anwesend waren, spiegeln das wachsende kirchliche Bewusstsein f\u00fcr die Bedeutung der Kommunikation in der Mission wider. Auch Papst Leo XIV. hat die Kommunikatoren bei verschiedenen Gelegenheiten ermutigt, Zeugen der Hoffnung und der N\u00e4he zu sein. Er hat sie daran erinnert, dass christliche Kommunikation \u201edas Herz ber\u00fchren und Begegnung f\u00f6rdern\u201c muss. Zudem hat er sie eingeladen, das Evangelium mit Wahrheit und N\u00e4chstenliebe inmitten der neuen Sprachen unserer Zeit zu verk\u00fcnden.<\/p>\n\n\n\n<div style=\"height:27px\" aria-hidden=\"true\" class=\"wp-block-spacer\"><\/div>\n\n\n\n<h2 class=\"wp-block-heading has-medium-font-size\" id=\"h-mission-die-seele-erreichen\">Mission: Die Seele erreichen<\/h2>\n\n\n\n<p>Die Veranstaltung umfasst auch ein Vortreffen am 5. Juni zur Begr\u00fc\u00dfung der Teilnehmenden, gefolgt von zwei Tagen intensiver Arbeit mit Fortbildungen, R\u00e4umen f\u00fcr den Dialog und Momenten des Gebets. Es wird erwartet, dass Seelsorger und Kommunikationsfachleute aus verschiedenen L\u00e4ndern teilnehmen. Dadurch erh\u00e4lt die Veranstaltung einen internationalen und synodalen Charakter.<\/p>\n\n\n\n<p>Zu den G\u00e4sten z\u00e4hlen digitale Missionare, Community-Manager, Influencer und Gemeindeleiter, die den pastoralen Wert einer Pr\u00e4senz in den sozialen Medien besser verstehen m\u00f6chten. Ziel ist es, einen Raum f\u00fcr den Austausch zu schaffen, in dem konkrete Erfahrungen mit theologischer und pastoraler Reflexion verbunden werden.<\/p>\n\n\n\n<p><strong>\u201eDas Herz erreichen ist die Mission\u201c<\/strong>, sagen die Organisatoren und fassen damit den Geist der Veranstaltung zusammen. Es geht nicht nur darum, Inhalte zu produzieren, sondern auch darum, Prozesse zu begleiten, zuzuh\u00f6ren, Gemeinschaft aufzubauen und Wege der Sinngebung im Alltag der Menschen zu er\u00f6ffnen.<\/p>\n\n\n\n<p>In diesem Sinne laden wir euch ein, <a href=\"https:\/\/www.schcom.org\/treffen-digitale-missionare-argentinien-de\/\" target=\"_blank\" rel=\"noreferrer noopener\">am internationalen Treffen der Digitalen Missionare und Kommunikatoren<\/a> in Nuevo Schoenstatt teilzunehmen \u2013 eine neue Gelegenheit, unser missionarisches Engagement zu erneuern und die Gemeinschaft unter denen zu st\u00e4rken, die im digitalen Bereich evangelisieren.<\/p>\n\n\n\n<p><strong>F\u00fcr Informationen und Anmeldung klicken Sie hier:<\/strong><\/p>\n\n\n\n<div style=\"height:28px\" aria-hidden=\"true\" class=\"wp-block-spacer\"><\/div>\n\n\n\n<div class=\"wp-block-buttons is-content-justification-center is-layout-flex wp-container-core-buttons-is-layout-a89b3969 wp-block-buttons-is-layout-flex\" style=\"border-top-left-radius:0px;border-top-right-radius:0px;border-bottom-left-radius:0px;border-bottom-right-radius:0px\">\n<div class=\"wp-block-button\"><a class=\"wp-block-button__link has-white-color has-text-color has-background has-link-color wp-element-button\" href=\"https:\/\/www.schcom.org\/treffen-digitale-missionare-argentinien-de\/\" style=\"border-top-left-radius:9px;border-top-right-radius:9px;border-bottom-left-radius:9px;border-bottom-right-radius:9px;background-color:#e7985f\" target=\"_blank\" rel=\"noreferrer noopener\"><strong>Weitere Informationen<\/strong><\/a><\/div>\n<\/div>\n","protected":false},"excerpt":{"rendered":"<p>Das internationale Treffen der digitalen Missionare und Kommunikatoren findet im Juni in Argentinien statt.<\/p>\n","protected":false},"author":3,"featured_media":69799,"comment_status":"closed","ping_status":"closed","sticky":false,"template":"","format":"standard","meta":{"footnotes":""},"categories":[660],"tags":[372,1113],"class_list":["post-69873","post","type-post","status-publish","format-standard","has-post-thumbnail","hentry","category-veranstaltungen-de","tag-kommunikatoren-de","tag-schonstatt-argentinien-de"],"yoast_head":"<!-- This site is optimized with the Yoast SEO Premium plugin v27.4 (Yoast SEO v27.4) - https:\/\/yoast.com\/product\/yoast-seo-premium-wordpress\/ -->\n<title>Treffen digitaler Missionare und Kommunikatoren in Argentinien: Menschliche Stimmen und Gesichter, um Gottes Botschaft zu verbreiten - Schoenstatt<\/title>\n<meta name=\"description\" content=\"Das internationale Treffen der digitalen Missionare und Kommunikatoren findet im Juni in Argentinien statt.\" \/>\n<meta name=\"robots\" content=\"index, follow, max-snippet:-1, max-image-preview:large, max-video-preview:-1\" \/>\n<link rel=\"canonical\" href=\"https:\/\/schoenstatt.com\/de\/treffen-digitaler-missionare-und-kommunikatoren-in-argentinien-menschliche-stimmen-und-gesichter-um-gottes-botschaft-zu-verbreiten\/\" \/>\n<meta property=\"og:locale\" content=\"de_DE\" \/>\n<meta property=\"og:type\" content=\"article\" \/>\n<meta property=\"og:title\" content=\"Treffen digitaler Missionare und Kommunikatoren in Argentinien: Menschliche Stimmen und Gesichter, um Gottes Botschaft zu verbreiten\" \/>\n<meta property=\"og:description\" content=\"Das internationale Treffen der digitalen Missionare und Kommunikatoren findet im Juni in Argentinien statt.\" \/>\n<meta property=\"og:url\" content=\"https:\/\/schoenstatt.com\/de\/treffen-digitaler-missionare-und-kommunikatoren-in-argentinien-menschliche-stimmen-und-gesichter-um-gottes-botschaft-zu-verbreiten\/\" \/>\n<meta property=\"og:site_name\" content=\"Schoenstatt\" \/>\n<meta property=\"article:published_time\" content=\"2026-04-22T11:59:51+00:00\" \/>\n<meta property=\"article:modified_time\" content=\"2026-04-24T11:58:17+00:00\" \/>\n<meta property=\"og:image\" content=\"https:\/\/schoenstatt.com\/wp-content\/uploads\/2026\/04\/Florencio-Varela-Nuevo-Schoenstatt-Argentina.webp\" \/>\n\t<meta property=\"og:image:width\" content=\"2048\" \/>\n\t<meta property=\"og:image:height\" content=\"858\" \/>\n\t<meta property=\"og:image:type\" content=\"image\/jpeg\" \/>\n<meta name=\"author\" content=\"Karen Bueno\" \/>\n<meta name=\"twitter:card\" content=\"summary_large_image\" \/>\n<meta name=\"twitter:label1\" content=\"Verfasst von\" \/>\n\t<meta name=\"twitter:data1\" content=\"Karen Bueno\" \/>\n\t<meta name=\"twitter:label2\" content=\"Gesch\u00e4tzte Lesezeit\" \/>\n\t<meta name=\"twitter:data2\" content=\"4\u00a0Minuten\" \/>\n<script type=\"application\/ld+json\" class=\"yoast-schema-graph\">{\"@context\":\"https:\\\/\\\/schema.org\",\"@graph\":[{\"@type\":\"Article\",\"@id\":\"https:\\\/\\\/schoenstatt.com\\\/de\\\/treffen-digitaler-missionare-und-kommunikatoren-in-argentinien-menschliche-stimmen-und-gesichter-um-gottes-botschaft-zu-verbreiten\\\/#article\",\"isPartOf\":{\"@id\":\"https:\\\/\\\/schoenstatt.com\\\/de\\\/treffen-digitaler-missionare-und-kommunikatoren-in-argentinien-menschliche-stimmen-und-gesichter-um-gottes-botschaft-zu-verbreiten\\\/\"},\"author\":{\"name\":\"Karen Bueno\",\"@id\":\"https:\\\/\\\/schoenstatt.com\\\/de\\\/#\\\/schema\\\/person\\\/5158877ad4acae98b34daaeef2a1ce6e\"},\"headline\":\"Treffen digitaler Missionare und Kommunikatoren in Argentinien: Menschliche Stimmen und Gesichter, um Gottes Botschaft zu verbreiten\",\"datePublished\":\"2026-04-22T11:59:51+00:00\",\"dateModified\":\"2026-04-24T11:58:17+00:00\",\"mainEntityOfPage\":{\"@id\":\"https:\\\/\\\/schoenstatt.com\\\/de\\\/treffen-digitaler-missionare-und-kommunikatoren-in-argentinien-menschliche-stimmen-und-gesichter-um-gottes-botschaft-zu-verbreiten\\\/\"},\"wordCount\":644,\"publisher\":{\"@id\":\"https:\\\/\\\/schoenstatt.com\\\/de\\\/#organization\"},\"image\":{\"@id\":\"https:\\\/\\\/schoenstatt.com\\\/de\\\/treffen-digitaler-missionare-und-kommunikatoren-in-argentinien-menschliche-stimmen-und-gesichter-um-gottes-botschaft-zu-verbreiten\\\/#primaryimage\"},\"thumbnailUrl\":\"https:\\\/\\\/schoenstatt.com\\\/wp-content\\\/uploads\\\/2026\\\/04\\\/Florencio-Varela-Nuevo-Schoenstatt-Argentina.webp\",\"keywords\":[\"Kommunikatoren\",\"Sch\u00f6nstatt Argentinien\"],\"articleSection\":[\"Veranstaltungen\"],\"inLanguage\":\"de\"},{\"@type\":\"WebPage\",\"@id\":\"https:\\\/\\\/schoenstatt.com\\\/de\\\/treffen-digitaler-missionare-und-kommunikatoren-in-argentinien-menschliche-stimmen-und-gesichter-um-gottes-botschaft-zu-verbreiten\\\/\",\"url\":\"https:\\\/\\\/schoenstatt.com\\\/de\\\/treffen-digitaler-missionare-und-kommunikatoren-in-argentinien-menschliche-stimmen-und-gesichter-um-gottes-botschaft-zu-verbreiten\\\/\",\"name\":\"Treffen digitaler Missionare und Kommunikatoren in Argentinien: Menschliche Stimmen und Gesichter, um Gottes Botschaft zu verbreiten - Schoenstatt\",\"isPartOf\":{\"@id\":\"https:\\\/\\\/schoenstatt.com\\\/de\\\/#website\"},\"primaryImageOfPage\":{\"@id\":\"https:\\\/\\\/schoenstatt.com\\\/de\\\/treffen-digitaler-missionare-und-kommunikatoren-in-argentinien-menschliche-stimmen-und-gesichter-um-gottes-botschaft-zu-verbreiten\\\/#primaryimage\"},\"image\":{\"@id\":\"https:\\\/\\\/schoenstatt.com\\\/de\\\/treffen-digitaler-missionare-und-kommunikatoren-in-argentinien-menschliche-stimmen-und-gesichter-um-gottes-botschaft-zu-verbreiten\\\/#primaryimage\"},\"thumbnailUrl\":\"https:\\\/\\\/schoenstatt.com\\\/wp-content\\\/uploads\\\/2026\\\/04\\\/Florencio-Varela-Nuevo-Schoenstatt-Argentina.webp\",\"datePublished\":\"2026-04-22T11:59:51+00:00\",\"dateModified\":\"2026-04-24T11:58:17+00:00\",\"description\":\"Das internationale Treffen der digitalen Missionare und Kommunikatoren findet im Juni in Argentinien statt.\",\"breadcrumb\":{\"@id\":\"https:\\\/\\\/schoenstatt.com\\\/de\\\/treffen-digitaler-missionare-und-kommunikatoren-in-argentinien-menschliche-stimmen-und-gesichter-um-gottes-botschaft-zu-verbreiten\\\/#breadcrumb\"},\"inLanguage\":\"de\",\"potentialAction\":[{\"@type\":\"ReadAction\",\"target\":[\"https:\\\/\\\/schoenstatt.com\\\/de\\\/treffen-digitaler-missionare-und-kommunikatoren-in-argentinien-menschliche-stimmen-und-gesichter-um-gottes-botschaft-zu-verbreiten\\\/\"]}]},{\"@type\":\"ImageObject\",\"inLanguage\":\"de\",\"@id\":\"https:\\\/\\\/schoenstatt.com\\\/de\\\/treffen-digitaler-missionare-und-kommunikatoren-in-argentinien-menschliche-stimmen-und-gesichter-um-gottes-botschaft-zu-verbreiten\\\/#primaryimage\",\"url\":\"https:\\\/\\\/schoenstatt.com\\\/wp-content\\\/uploads\\\/2026\\\/04\\\/Florencio-Varela-Nuevo-Schoenstatt-Argentina.webp\",\"contentUrl\":\"https:\\\/\\\/schoenstatt.com\\\/wp-content\\\/uploads\\\/2026\\\/04\\\/Florencio-Varela-Nuevo-Schoenstatt-Argentina.webp\",\"width\":2048,\"height\":858},{\"@type\":\"BreadcrumbList\",\"@id\":\"https:\\\/\\\/schoenstatt.com\\\/de\\\/treffen-digitaler-missionare-und-kommunikatoren-in-argentinien-menschliche-stimmen-und-gesichter-um-gottes-botschaft-zu-verbreiten\\\/#breadcrumb\",\"itemListElement\":[{\"@type\":\"ListItem\",\"position\":1,\"name\":\"Portada\",\"item\":\"https:\\\/\\\/schoenstatt.com\\\/de\\\/home\\\/\"},{\"@type\":\"ListItem\",\"position\":2,\"name\":\"Treffen digitaler Missionare und Kommunikatoren in Argentinien: Menschliche Stimmen und Gesichter, um Gottes Botschaft zu verbreiten\"}]},{\"@type\":\"WebSite\",\"@id\":\"https:\\\/\\\/schoenstatt.com\\\/de\\\/#website\",\"url\":\"https:\\\/\\\/schoenstatt.com\\\/de\\\/\",\"name\":\"Schoenstatt\",\"description\":\"Apostolic Movement\",\"publisher\":{\"@id\":\"https:\\\/\\\/schoenstatt.com\\\/de\\\/#organization\"},\"potentialAction\":[{\"@type\":\"SearchAction\",\"target\":{\"@type\":\"EntryPoint\",\"urlTemplate\":\"https:\\\/\\\/schoenstatt.com\\\/de\\\/?s={search_term_string}\"},\"query-input\":{\"@type\":\"PropertyValueSpecification\",\"valueRequired\":true,\"valueName\":\"search_term_string\"}}],\"inLanguage\":\"de\"},{\"@type\":\"Organization\",\"@id\":\"https:\\\/\\\/schoenstatt.com\\\/de\\\/#organization\",\"name\":\"Schoenstatt\",\"url\":\"https:\\\/\\\/schoenstatt.com\\\/de\\\/\",\"logo\":{\"@type\":\"ImageObject\",\"inLanguage\":\"de\",\"@id\":\"https:\\\/\\\/schoenstatt.com\\\/de\\\/#\\\/schema\\\/logo\\\/image\\\/\",\"url\":\"https:\\\/\\\/schoenstatt.com\\\/wp-content\\\/uploads\\\/2025\\\/04\\\/logo-schoenstatt-white-696x696-1.png\",\"contentUrl\":\"https:\\\/\\\/schoenstatt.com\\\/wp-content\\\/uploads\\\/2025\\\/04\\\/logo-schoenstatt-white-696x696-1.png\",\"width\":696,\"height\":694,\"caption\":\"Schoenstatt\"},\"image\":{\"@id\":\"https:\\\/\\\/schoenstatt.com\\\/de\\\/#\\\/schema\\\/logo\\\/image\\\/\"}},{\"@type\":\"Person\",\"@id\":\"https:\\\/\\\/schoenstatt.com\\\/de\\\/#\\\/schema\\\/person\\\/5158877ad4acae98b34daaeef2a1ce6e\",\"name\":\"Karen Bueno\",\"image\":{\"@type\":\"ImageObject\",\"inLanguage\":\"de\",\"@id\":\"https:\\\/\\\/secure.gravatar.com\\\/avatar\\\/f9f4b823873154269d2b2130f195f6d41037dd0d7fc5f3cacb5c846bae70d66b?s=96&d=mm&r=g\",\"url\":\"https:\\\/\\\/secure.gravatar.com\\\/avatar\\\/f9f4b823873154269d2b2130f195f6d41037dd0d7fc5f3cacb5c846bae70d66b?s=96&d=mm&r=g\",\"contentUrl\":\"https:\\\/\\\/secure.gravatar.com\\\/avatar\\\/f9f4b823873154269d2b2130f195f6d41037dd0d7fc5f3cacb5c846bae70d66b?s=96&d=mm&r=g\",\"caption\":\"Karen Bueno\"},\"url\":\"https:\\\/\\\/schoenstatt.com\\\/de\\\/author\\\/karen-bueno\\\/\"}]}<\/script>\n<!-- \/ Yoast SEO Premium plugin. -->","yoast_head_json":{"title":"Treffen digitaler Missionare und Kommunikatoren in Argentinien: Menschliche Stimmen und Gesichter, um Gottes Botschaft zu verbreiten - Schoenstatt","description":"Das internationale Treffen der digitalen Missionare und Kommunikatoren findet im Juni in Argentinien statt.","robots":{"index":"index","follow":"follow","max-snippet":"max-snippet:-1","max-image-preview":"max-image-preview:large","max-video-preview":"max-video-preview:-1"},"canonical":"https:\/\/schoenstatt.com\/de\/treffen-digitaler-missionare-und-kommunikatoren-in-argentinien-menschliche-stimmen-und-gesichter-um-gottes-botschaft-zu-verbreiten\/","og_locale":"de_DE","og_type":"article","og_title":"Treffen digitaler Missionare und Kommunikatoren in Argentinien: Menschliche Stimmen und Gesichter, um Gottes Botschaft zu verbreiten","og_description":"Das internationale Treffen der digitalen Missionare und Kommunikatoren findet im Juni in Argentinien statt.","og_url":"https:\/\/schoenstatt.com\/de\/treffen-digitaler-missionare-und-kommunikatoren-in-argentinien-menschliche-stimmen-und-gesichter-um-gottes-botschaft-zu-verbreiten\/","og_site_name":"Schoenstatt","article_published_time":"2026-04-22T11:59:51+00:00","article_modified_time":"2026-04-24T11:58:17+00:00","og_image":[{"width":2048,"height":858,"url":"https:\/\/schoenstatt.com\/wp-content\/uploads\/2026\/04\/Florencio-Varela-Nuevo-Schoenstatt-Argentina.webp","type":"image\/jpeg"}],"author":"Karen Bueno","twitter_card":"summary_large_image","twitter_misc":{"Verfasst von":"Karen Bueno","Gesch\u00e4tzte Lesezeit":"4\u00a0Minuten"},"schema":{"@context":"https:\/\/schema.org","@graph":[{"@type":"Article","@id":"https:\/\/schoenstatt.com\/de\/treffen-digitaler-missionare-und-kommunikatoren-in-argentinien-menschliche-stimmen-und-gesichter-um-gottes-botschaft-zu-verbreiten\/#article","isPartOf":{"@id":"https:\/\/schoenstatt.com\/de\/treffen-digitaler-missionare-und-kommunikatoren-in-argentinien-menschliche-stimmen-und-gesichter-um-gottes-botschaft-zu-verbreiten\/"},"author":{"name":"Karen Bueno","@id":"https:\/\/schoenstatt.com\/de\/#\/schema\/person\/5158877ad4acae98b34daaeef2a1ce6e"},"headline":"Treffen digitaler Missionare und Kommunikatoren in Argentinien: Menschliche Stimmen und Gesichter, um Gottes Botschaft zu verbreiten","datePublished":"2026-04-22T11:59:51+00:00","dateModified":"2026-04-24T11:58:17+00:00","mainEntityOfPage":{"@id":"https:\/\/schoenstatt.com\/de\/treffen-digitaler-missionare-und-kommunikatoren-in-argentinien-menschliche-stimmen-und-gesichter-um-gottes-botschaft-zu-verbreiten\/"},"wordCount":644,"publisher":{"@id":"https:\/\/schoenstatt.com\/de\/#organization"},"image":{"@id":"https:\/\/schoenstatt.com\/de\/treffen-digitaler-missionare-und-kommunikatoren-in-argentinien-menschliche-stimmen-und-gesichter-um-gottes-botschaft-zu-verbreiten\/#primaryimage"},"thumbnailUrl":"https:\/\/schoenstatt.com\/wp-content\/uploads\/2026\/04\/Florencio-Varela-Nuevo-Schoenstatt-Argentina.webp","keywords":["Kommunikatoren","Sch\u00f6nstatt Argentinien"],"articleSection":["Veranstaltungen"],"inLanguage":"de"},{"@type":"WebPage","@id":"https:\/\/schoenstatt.com\/de\/treffen-digitaler-missionare-und-kommunikatoren-in-argentinien-menschliche-stimmen-und-gesichter-um-gottes-botschaft-zu-verbreiten\/","url":"https:\/\/schoenstatt.com\/de\/treffen-digitaler-missionare-und-kommunikatoren-in-argentinien-menschliche-stimmen-und-gesichter-um-gottes-botschaft-zu-verbreiten\/","name":"Treffen digitaler Missionare und Kommunikatoren in Argentinien: Menschliche Stimmen und Gesichter, um Gottes Botschaft zu verbreiten - Schoenstatt","isPartOf":{"@id":"https:\/\/schoenstatt.com\/de\/#website"},"primaryImageOfPage":{"@id":"https:\/\/schoenstatt.com\/de\/treffen-digitaler-missionare-und-kommunikatoren-in-argentinien-menschliche-stimmen-und-gesichter-um-gottes-botschaft-zu-verbreiten\/#primaryimage"},"image":{"@id":"https:\/\/schoenstatt.com\/de\/treffen-digitaler-missionare-und-kommunikatoren-in-argentinien-menschliche-stimmen-und-gesichter-um-gottes-botschaft-zu-verbreiten\/#primaryimage"},"thumbnailUrl":"https:\/\/schoenstatt.com\/wp-content\/uploads\/2026\/04\/Florencio-Varela-Nuevo-Schoenstatt-Argentina.webp","datePublished":"2026-04-22T11:59:51+00:00","dateModified":"2026-04-24T11:58:17+00:00","description":"Das internationale Treffen der digitalen Missionare und Kommunikatoren findet im Juni in Argentinien statt.","breadcrumb":{"@id":"https:\/\/schoenstatt.com\/de\/treffen-digitaler-missionare-und-kommunikatoren-in-argentinien-menschliche-stimmen-und-gesichter-um-gottes-botschaft-zu-verbreiten\/#breadcrumb"},"inLanguage":"de","potentialAction":[{"@type":"ReadAction","target":["https:\/\/schoenstatt.com\/de\/treffen-digitaler-missionare-und-kommunikatoren-in-argentinien-menschliche-stimmen-und-gesichter-um-gottes-botschaft-zu-verbreiten\/"]}]},{"@type":"ImageObject","inLanguage":"de","@id":"https:\/\/schoenstatt.com\/de\/treffen-digitaler-missionare-und-kommunikatoren-in-argentinien-menschliche-stimmen-und-gesichter-um-gottes-botschaft-zu-verbreiten\/#primaryimage","url":"https:\/\/schoenstatt.com\/wp-content\/uploads\/2026\/04\/Florencio-Varela-Nuevo-Schoenstatt-Argentina.webp","contentUrl":"https:\/\/schoenstatt.com\/wp-content\/uploads\/2026\/04\/Florencio-Varela-Nuevo-Schoenstatt-Argentina.webp","width":2048,"height":858},{"@type":"BreadcrumbList","@id":"https:\/\/schoenstatt.com\/de\/treffen-digitaler-missionare-und-kommunikatoren-in-argentinien-menschliche-stimmen-und-gesichter-um-gottes-botschaft-zu-verbreiten\/#breadcrumb","itemListElement":[{"@type":"ListItem","position":1,"name":"Portada","item":"https:\/\/schoenstatt.com\/de\/home\/"},{"@type":"ListItem","position":2,"name":"Treffen digitaler Missionare und Kommunikatoren in Argentinien: Menschliche Stimmen und Gesichter, um Gottes Botschaft zu verbreiten"}]},{"@type":"WebSite","@id":"https:\/\/schoenstatt.com\/de\/#website","url":"https:\/\/schoenstatt.com\/de\/","name":"Schoenstatt","description":"Apostolic Movement","publisher":{"@id":"https:\/\/schoenstatt.com\/de\/#organization"},"potentialAction":[{"@type":"SearchAction","target":{"@type":"EntryPoint","urlTemplate":"https:\/\/schoenstatt.com\/de\/?s={search_term_string}"},"query-input":{"@type":"PropertyValueSpecification","valueRequired":true,"valueName":"search_term_string"}}],"inLanguage":"de"},{"@type":"Organization","@id":"https:\/\/schoenstatt.com\/de\/#organization","name":"Schoenstatt","url":"https:\/\/schoenstatt.com\/de\/","logo":{"@type":"ImageObject","inLanguage":"de","@id":"https:\/\/schoenstatt.com\/de\/#\/schema\/logo\/image\/","url":"https:\/\/schoenstatt.com\/wp-content\/uploads\/2025\/04\/logo-schoenstatt-white-696x696-1.png","contentUrl":"https:\/\/schoenstatt.com\/wp-content\/uploads\/2025\/04\/logo-schoenstatt-white-696x696-1.png","width":696,"height":694,"caption":"Schoenstatt"},"image":{"@id":"https:\/\/schoenstatt.com\/de\/#\/schema\/logo\/image\/"}},{"@type":"Person","@id":"https:\/\/schoenstatt.com\/de\/#\/schema\/person\/5158877ad4acae98b34daaeef2a1ce6e","name":"Karen Bueno","image":{"@type":"ImageObject","inLanguage":"de","@id":"https:\/\/secure.gravatar.com\/avatar\/f9f4b823873154269d2b2130f195f6d41037dd0d7fc5f3cacb5c846bae70d66b?s=96&d=mm&r=g","url":"https:\/\/secure.gravatar.com\/avatar\/f9f4b823873154269d2b2130f195f6d41037dd0d7fc5f3cacb5c846bae70d66b?s=96&d=mm&r=g","contentUrl":"https:\/\/secure.gravatar.com\/avatar\/f9f4b823873154269d2b2130f195f6d41037dd0d7fc5f3cacb5c846bae70d66b?s=96&d=mm&r=g","caption":"Karen Bueno"},"url":"https:\/\/schoenstatt.com\/de\/author\/karen-bueno\/"}]}},"_links":{"self":[{"href":"https:\/\/schoenstatt.com\/de\/wp-json\/wp\/v2\/posts\/69873","targetHints":{"allow":["GET"]}}],"collection":[{"href":"https:\/\/schoenstatt.com\/de\/wp-json\/wp\/v2\/posts"}],"about":[{"href":"https:\/\/schoenstatt.com\/de\/wp-json\/wp\/v2\/types\/post"}],"author":[{"embeddable":true,"href":"https:\/\/schoenstatt.com\/de\/wp-json\/wp\/v2\/users\/3"}],"replies":[{"embeddable":true,"href":"https:\/\/schoenstatt.com\/de\/wp-json\/wp\/v2\/comments?post=69873"}],"version-history":[{"count":3,"href":"https:\/\/schoenstatt.com\/de\/wp-json\/wp\/v2\/posts\/69873\/revisions"}],"predecessor-version":[{"id":69876,"href":"https:\/\/schoenstatt.com\/de\/wp-json\/wp\/v2\/posts\/69873\/revisions\/69876"}],"wp:featuredmedia":[{"embeddable":true,"href":"https:\/\/schoenstatt.com\/de\/wp-json\/wp\/v2\/media\/69799"}],"wp:attachment":[{"href":"https:\/\/schoenstatt.com\/de\/wp-json\/wp\/v2\/media?parent=69873"}],"wp:term":[{"taxonomy":"category","embeddable":true,"href":"https:\/\/schoenstatt.com\/de\/wp-json\/wp\/v2\/categories?post=69873"},{"taxonomy":"post_tag","embeddable":true,"href":"https:\/\/schoenstatt.com\/de\/wp-json\/wp\/v2\/tags?post=69873"}],"curies":[{"name":"wp","href":"https:\/\/api.w.org\/{rel}","templated":true}]}}