{"id":69423,"date":"2026-04-01T14:31:19","date_gmt":"2026-04-01T12:31:19","guid":{"rendered":"https:\/\/schoenstatt.com\/?p=69423"},"modified":"2026-04-01T14:34:46","modified_gmt":"2026-04-01T12:34:46","slug":"der-papst-laedt-dazu-ein-fuer-priester-in-krisen-zu-beten","status":"publish","type":"post","link":"https:\/\/schoenstatt.com\/de\/der-papst-laedt-dazu-ein-fuer-priester-in-krisen-zu-beten\/","title":{"rendered":"Der Papst l\u00e4dt dazu ein, f\u00fcr Priester in Krisen zu beten"},"content":{"rendered":"\n<p>Um Priester in Krisen dreht sich das Gebetsanliegen von Papst Leo XIV. f\u00fcr den Monat April, das zu Beginn der Karwoche vorgestellt wurde. In seinem Gebet bringt der Papst eine tiefe F\u00fcrbitte f\u00fcr Priester zum Ausdruck, die schwierige Momente durchleben: \u201ewenn die Einsamkeit schwer wiegt, Zweifel verdunkeln und die M\u00fcdigkeit st\u00e4rker erscheint als die Hoffnung\u201c. Leo XIV. erinnert daran, dass die Priester \u201eweder Funktion\u00e4re noch Einzelk\u00e4mpfer sind, sondern geliebte S\u00f6hne, dem\u00fctige und wertvolle J\u00fcnger und Hirten, die vom Gebet ihres Volkes getragen werden\u201c.<\/p>\n\n\n\n<p>Dar\u00fcber hinaus betont der Pontifex die Bedeutung, die gemeinschaftliche Dimension des priesterlichen Dienstes neu zu entdecken. Er l\u00e4dt die Gl\u00e4ubigen besonders dazu ein, \u201ezuzuh\u00f6ren, ohne zu urteilen, zu danken, ohne etwas zu fordern, und zu begleiten mit aufrichtiger N\u00e4he und Gebet\u201c, und erkennt an, dass die Sorge um die Priester eine gemeinsame Verantwortung des ganzen Volkes Gottes ist.<\/p>\n\n\n\n<p>In seinem Gebet bittet der Papst besonders darum, dass die Priester auf \u201eechte Freundschaften und Netze geschwisterlicher Unterst\u00fctzung\u201c z\u00e4hlen k\u00f6nnen sowie auf die Gnade, die Sch\u00f6nheit ihrer Berufung neu zu entdecken.<\/p>\n\n\n\n<div style=\"height:29px\" aria-hidden=\"true\" class=\"wp-block-spacer\"><\/div>\n\n\n\n<figure class=\"wp-block-embed is-type-video is-provider-youtube wp-block-embed-youtube wp-embed-aspect-16-9 wp-has-aspect-ratio\"><div class=\"wp-block-embed__wrapper\">\n<iframe title=\"Pray with the Pope: For priests in crisis | April 2026\" width=\"800\" height=\"450\" src=\"https:\/\/www.youtube.com\/embed\/zhfbgZpv8AA?feature=oembed\" frameborder=\"0\" allow=\"accelerometer; autoplay; clipboard-write; encrypted-media; gyroscope; picture-in-picture; web-share\" referrerpolicy=\"strict-origin-when-cross-origin\" allowfullscreen><\/iframe>\n<\/div><\/figure>\n\n\n\n<div style=\"height:35px\" aria-hidden=\"true\" class=\"wp-block-spacer\"><\/div>\n\n\n\n<h2 class=\"wp-block-heading has-medium-font-size\" id=\"h-das-gebet-im-wortlaut\">Das Gebet im Wortlaut<\/h2>\n\n\n\n<p>APRIL: F\u00fcr Priester in Krisen<\/p>\n\n\n\n<p><em>Im Namen des Vaters, des Sohnes und des Heiligen Geistes. Amen.<\/em><\/p>\n\n\n\n<p><em>Herr Jesus,<br>guter Hirte und Wegbegleiter,<br>wir vertrauen dir heute alle Priester an,vor allem jene, die Zeiten der Krise durchleben,<br>in denen die Einsamkeit schwer wiegt,<br>Zweifel das Herz verdunkeln und die M\u00fcdigkeit st\u00e4rker zu sein scheint als die Hoffnung.<\/em><\/p>\n\n\n\n<p><em>Du, der du ihre K\u00e4mpfe und Wunden kennst,<br>erneuere in ihnen die Gewissheit deiner bedingungslosen Liebe.Gib, dass sie sich weder als Beamte noch als einsame Helden f\u00fchlen,sondern als geliebte Kinder, dem\u00fctige und wertvolle J\u00fcnger;<br>Hirten, die vom Gebet deines Volkes gest\u00fctzt werden.<\/em><\/p>\n\n\n\n<p><em>Guter Vater,<br>lehre uns als Gemeinschaft, f\u00fcr unsere Priester zu sorgen:ihnen zuzuh\u00f6ren, ohne zu urteilen,ihnen zu danken, ohne Perfektion zu erwarten,<br>mit ihnen die Taufsendung zu teilen,<br>das Reich Gottes mit Gesten und Worten zu verk\u00fcnden,<br>und sie mit N\u00e4he und aufrichtigem Gebet zu begleiten.<br>Gib, dass wir uns darauf verstehen, jene zu unterst\u00fctzen, die oft uns unterst\u00fctzen.<\/em><\/p>\n\n\n\n<p><em>Heiliger Geist,<br>entfache in unseren Priestern auf Neue die Freude am Evangelium.<br>Schenke ihnen echte Freundschaften, Netzwerke br\u00fcderlicher Hilfe,<br>eine Prise Humor, wenn die Dinge nicht so laufen wie erhofft,<br>und die Gnade, die Sch\u00f6nheit ihrer Berufung immer wieder neu zu entdecken.<br>M\u00f6gen sie das Vertrauen in Dich niemals verlieren,<br>und auch nicht die Freude, Deiner Kirche mit dem\u00fctigem und gro\u00dfz\u00fcgigem Herzen zu dienen.<br>Amen.<\/em><\/p>\n\n\n\n<p><strong>Quelle:<\/strong> <a href=\"https:\/\/www.vaticannews.va\/de\/papst\/news\/2026-03\/papst-leo-xiv-priester-krisen-gebet-netzwerk-april-2026.html\" target=\"_blank\" rel=\"noreferrer noopener\">vaticannews.va\/de<\/a><\/p>\n","protected":false},"excerpt":{"rendered":"<p>Das Gebetsanliegen des Papstes f\u00fcr den Monat April stellt die menschliche und geistliche Begleitung von Priestern.<\/p>\n","protected":false},"author":3,"featured_media":60982,"comment_status":"closed","ping_status":"closed","sticky":false,"template":"","format":"standard","meta":{"footnotes":""},"categories":[851],"tags":[415],"class_list":["post-69423","post","type-post","status-publish","format-standard","has-post-thumbnail","hentry","category-kirche-de","tag-video-des-papstes-de"],"yoast_head":"<!-- This site is optimized with the Yoast SEO Premium plugin v27.4 (Yoast SEO v27.4) - https:\/\/yoast.com\/product\/yoast-seo-premium-wordpress\/ -->\n<title>Der Papst l\u00e4dt dazu ein, f\u00fcr Priester in Krisen zu beten - Schoenstatt<\/title>\n<meta name=\"description\" content=\"Das Gebetsanliegen des Papstes f\u00fcr den Monat April stellt die menschliche und geistliche Begleitung von Priestern.\" \/>\n<meta name=\"robots\" content=\"index, follow, max-snippet:-1, max-image-preview:large, max-video-preview:-1\" \/>\n<link rel=\"canonical\" href=\"https:\/\/schoenstatt.com\/de\/der-papst-laedt-dazu-ein-fuer-priester-in-krisen-zu-beten\/\" \/>\n<meta property=\"og:locale\" content=\"de_DE\" \/>\n<meta property=\"og:type\" content=\"article\" \/>\n<meta property=\"og:title\" content=\"Der Papst l\u00e4dt dazu ein, f\u00fcr Priester in Krisen zu beten\" \/>\n<meta property=\"og:description\" content=\"Das Gebetsanliegen des Papstes f\u00fcr den Monat April stellt die menschliche und geistliche Begleitung von Priestern.\" \/>\n<meta property=\"og:url\" content=\"https:\/\/schoenstatt.com\/de\/der-papst-laedt-dazu-ein-fuer-priester-in-krisen-zu-beten\/\" \/>\n<meta property=\"og:site_name\" content=\"Schoenstatt\" \/>\n<meta property=\"article:published_time\" content=\"2026-04-01T12:31:19+00:00\" \/>\n<meta property=\"article:modified_time\" content=\"2026-04-01T12:34:46+00:00\" \/>\n<meta property=\"og:image\" content=\"https:\/\/schoenstatt.com\/wp-content\/uploads\/2025\/07\/League-of-Schoenstatt-Diocesan-Priests-USA-3.webp\" \/>\n\t<meta property=\"og:image:width\" content=\"1431\" \/>\n\t<meta property=\"og:image:height\" content=\"1073\" \/>\n\t<meta property=\"og:image:type\" content=\"image\/jpeg\" \/>\n<meta name=\"author\" content=\"Karen Bueno\" \/>\n<meta name=\"twitter:card\" content=\"summary_large_image\" \/>\n<meta name=\"twitter:label1\" content=\"Verfasst von\" \/>\n\t<meta name=\"twitter:data1\" content=\"Karen Bueno\" \/>\n\t<meta name=\"twitter:label2\" content=\"Gesch\u00e4tzte Lesezeit\" \/>\n\t<meta name=\"twitter:data2\" content=\"3\u00a0Minuten\" \/>\n<script type=\"application\/ld+json\" class=\"yoast-schema-graph\">{\"@context\":\"https:\\\/\\\/schema.org\",\"@graph\":[{\"@type\":\"Article\",\"@id\":\"https:\\\/\\\/schoenstatt.com\\\/de\\\/der-papst-laedt-dazu-ein-fuer-priester-in-krisen-zu-beten\\\/#article\",\"isPartOf\":{\"@id\":\"https:\\\/\\\/schoenstatt.com\\\/de\\\/der-papst-laedt-dazu-ein-fuer-priester-in-krisen-zu-beten\\\/\"},\"author\":{\"name\":\"Karen Bueno\",\"@id\":\"https:\\\/\\\/schoenstatt.com\\\/de\\\/#\\\/schema\\\/person\\\/5158877ad4acae98b34daaeef2a1ce6e\"},\"headline\":\"Der Papst l\u00e4dt dazu ein, f\u00fcr Priester in Krisen zu beten\",\"datePublished\":\"2026-04-01T12:31:19+00:00\",\"dateModified\":\"2026-04-01T12:34:46+00:00\",\"mainEntityOfPage\":{\"@id\":\"https:\\\/\\\/schoenstatt.com\\\/de\\\/der-papst-laedt-dazu-ein-fuer-priester-in-krisen-zu-beten\\\/\"},\"wordCount\":466,\"publisher\":{\"@id\":\"https:\\\/\\\/schoenstatt.com\\\/de\\\/#organization\"},\"image\":{\"@id\":\"https:\\\/\\\/schoenstatt.com\\\/de\\\/der-papst-laedt-dazu-ein-fuer-priester-in-krisen-zu-beten\\\/#primaryimage\"},\"thumbnailUrl\":\"https:\\\/\\\/schoenstatt.com\\\/wp-content\\\/uploads\\\/2025\\\/07\\\/League-of-Schoenstatt-Diocesan-Priests-USA-3.webp\",\"keywords\":[\"Video des Papstes\"],\"articleSection\":[\"Kirche\"],\"inLanguage\":\"de\"},{\"@type\":\"WebPage\",\"@id\":\"https:\\\/\\\/schoenstatt.com\\\/de\\\/der-papst-laedt-dazu-ein-fuer-priester-in-krisen-zu-beten\\\/\",\"url\":\"https:\\\/\\\/schoenstatt.com\\\/de\\\/der-papst-laedt-dazu-ein-fuer-priester-in-krisen-zu-beten\\\/\",\"name\":\"Der Papst l\u00e4dt dazu ein, f\u00fcr Priester in Krisen zu beten - Schoenstatt\",\"isPartOf\":{\"@id\":\"https:\\\/\\\/schoenstatt.com\\\/de\\\/#website\"},\"primaryImageOfPage\":{\"@id\":\"https:\\\/\\\/schoenstatt.com\\\/de\\\/der-papst-laedt-dazu-ein-fuer-priester-in-krisen-zu-beten\\\/#primaryimage\"},\"image\":{\"@id\":\"https:\\\/\\\/schoenstatt.com\\\/de\\\/der-papst-laedt-dazu-ein-fuer-priester-in-krisen-zu-beten\\\/#primaryimage\"},\"thumbnailUrl\":\"https:\\\/\\\/schoenstatt.com\\\/wp-content\\\/uploads\\\/2025\\\/07\\\/League-of-Schoenstatt-Diocesan-Priests-USA-3.webp\",\"datePublished\":\"2026-04-01T12:31:19+00:00\",\"dateModified\":\"2026-04-01T12:34:46+00:00\",\"description\":\"Das Gebetsanliegen des Papstes f\u00fcr den Monat April stellt die menschliche und geistliche Begleitung von Priestern.\",\"breadcrumb\":{\"@id\":\"https:\\\/\\\/schoenstatt.com\\\/de\\\/der-papst-laedt-dazu-ein-fuer-priester-in-krisen-zu-beten\\\/#breadcrumb\"},\"inLanguage\":\"de\",\"potentialAction\":[{\"@type\":\"ReadAction\",\"target\":[\"https:\\\/\\\/schoenstatt.com\\\/de\\\/der-papst-laedt-dazu-ein-fuer-priester-in-krisen-zu-beten\\\/\"]}]},{\"@type\":\"ImageObject\",\"inLanguage\":\"de\",\"@id\":\"https:\\\/\\\/schoenstatt.com\\\/de\\\/der-papst-laedt-dazu-ein-fuer-priester-in-krisen-zu-beten\\\/#primaryimage\",\"url\":\"https:\\\/\\\/schoenstatt.com\\\/wp-content\\\/uploads\\\/2025\\\/07\\\/League-of-Schoenstatt-Diocesan-Priests-USA-3.webp\",\"contentUrl\":\"https:\\\/\\\/schoenstatt.com\\\/wp-content\\\/uploads\\\/2025\\\/07\\\/League-of-Schoenstatt-Diocesan-Priests-USA-3.webp\",\"width\":1431,\"height\":1073},{\"@type\":\"BreadcrumbList\",\"@id\":\"https:\\\/\\\/schoenstatt.com\\\/de\\\/der-papst-laedt-dazu-ein-fuer-priester-in-krisen-zu-beten\\\/#breadcrumb\",\"itemListElement\":[{\"@type\":\"ListItem\",\"position\":1,\"name\":\"Portada\",\"item\":\"https:\\\/\\\/schoenstatt.com\\\/de\\\/home\\\/\"},{\"@type\":\"ListItem\",\"position\":2,\"name\":\"Der Papst l\u00e4dt dazu ein, f\u00fcr Priester in Krisen zu beten\"}]},{\"@type\":\"WebSite\",\"@id\":\"https:\\\/\\\/schoenstatt.com\\\/de\\\/#website\",\"url\":\"https:\\\/\\\/schoenstatt.com\\\/de\\\/\",\"name\":\"Schoenstatt\",\"description\":\"Apostolic Movement\",\"publisher\":{\"@id\":\"https:\\\/\\\/schoenstatt.com\\\/de\\\/#organization\"},\"potentialAction\":[{\"@type\":\"SearchAction\",\"target\":{\"@type\":\"EntryPoint\",\"urlTemplate\":\"https:\\\/\\\/schoenstatt.com\\\/de\\\/?s={search_term_string}\"},\"query-input\":{\"@type\":\"PropertyValueSpecification\",\"valueRequired\":true,\"valueName\":\"search_term_string\"}}],\"inLanguage\":\"de\"},{\"@type\":\"Organization\",\"@id\":\"https:\\\/\\\/schoenstatt.com\\\/de\\\/#organization\",\"name\":\"Schoenstatt\",\"url\":\"https:\\\/\\\/schoenstatt.com\\\/de\\\/\",\"logo\":{\"@type\":\"ImageObject\",\"inLanguage\":\"de\",\"@id\":\"https:\\\/\\\/schoenstatt.com\\\/de\\\/#\\\/schema\\\/logo\\\/image\\\/\",\"url\":\"https:\\\/\\\/schoenstatt.com\\\/wp-content\\\/uploads\\\/2025\\\/04\\\/logo-schoenstatt-white-696x696-1.png\",\"contentUrl\":\"https:\\\/\\\/schoenstatt.com\\\/wp-content\\\/uploads\\\/2025\\\/04\\\/logo-schoenstatt-white-696x696-1.png\",\"width\":696,\"height\":694,\"caption\":\"Schoenstatt\"},\"image\":{\"@id\":\"https:\\\/\\\/schoenstatt.com\\\/de\\\/#\\\/schema\\\/logo\\\/image\\\/\"}},{\"@type\":\"Person\",\"@id\":\"https:\\\/\\\/schoenstatt.com\\\/de\\\/#\\\/schema\\\/person\\\/5158877ad4acae98b34daaeef2a1ce6e\",\"name\":\"Karen Bueno\",\"image\":{\"@type\":\"ImageObject\",\"inLanguage\":\"de\",\"@id\":\"https:\\\/\\\/secure.gravatar.com\\\/avatar\\\/f9f4b823873154269d2b2130f195f6d41037dd0d7fc5f3cacb5c846bae70d66b?s=96&d=mm&r=g\",\"url\":\"https:\\\/\\\/secure.gravatar.com\\\/avatar\\\/f9f4b823873154269d2b2130f195f6d41037dd0d7fc5f3cacb5c846bae70d66b?s=96&d=mm&r=g\",\"contentUrl\":\"https:\\\/\\\/secure.gravatar.com\\\/avatar\\\/f9f4b823873154269d2b2130f195f6d41037dd0d7fc5f3cacb5c846bae70d66b?s=96&d=mm&r=g\",\"caption\":\"Karen Bueno\"},\"url\":\"https:\\\/\\\/schoenstatt.com\\\/de\\\/author\\\/karen-bueno\\\/\"}]}<\/script>\n<!-- \/ Yoast SEO Premium plugin. -->","yoast_head_json":{"title":"Der Papst l\u00e4dt dazu ein, f\u00fcr Priester in Krisen zu beten - Schoenstatt","description":"Das Gebetsanliegen des Papstes f\u00fcr den Monat April stellt die menschliche und geistliche Begleitung von Priestern.","robots":{"index":"index","follow":"follow","max-snippet":"max-snippet:-1","max-image-preview":"max-image-preview:large","max-video-preview":"max-video-preview:-1"},"canonical":"https:\/\/schoenstatt.com\/de\/der-papst-laedt-dazu-ein-fuer-priester-in-krisen-zu-beten\/","og_locale":"de_DE","og_type":"article","og_title":"Der Papst l\u00e4dt dazu ein, f\u00fcr Priester in Krisen zu beten","og_description":"Das Gebetsanliegen des Papstes f\u00fcr den Monat April stellt die menschliche und geistliche Begleitung von Priestern.","og_url":"https:\/\/schoenstatt.com\/de\/der-papst-laedt-dazu-ein-fuer-priester-in-krisen-zu-beten\/","og_site_name":"Schoenstatt","article_published_time":"2026-04-01T12:31:19+00:00","article_modified_time":"2026-04-01T12:34:46+00:00","og_image":[{"width":1431,"height":1073,"url":"https:\/\/schoenstatt.com\/wp-content\/uploads\/2025\/07\/League-of-Schoenstatt-Diocesan-Priests-USA-3.webp","type":"image\/jpeg"}],"author":"Karen Bueno","twitter_card":"summary_large_image","twitter_misc":{"Verfasst von":"Karen Bueno","Gesch\u00e4tzte Lesezeit":"3\u00a0Minuten"},"schema":{"@context":"https:\/\/schema.org","@graph":[{"@type":"Article","@id":"https:\/\/schoenstatt.com\/de\/der-papst-laedt-dazu-ein-fuer-priester-in-krisen-zu-beten\/#article","isPartOf":{"@id":"https:\/\/schoenstatt.com\/de\/der-papst-laedt-dazu-ein-fuer-priester-in-krisen-zu-beten\/"},"author":{"name":"Karen Bueno","@id":"https:\/\/schoenstatt.com\/de\/#\/schema\/person\/5158877ad4acae98b34daaeef2a1ce6e"},"headline":"Der Papst l\u00e4dt dazu ein, f\u00fcr Priester in Krisen zu beten","datePublished":"2026-04-01T12:31:19+00:00","dateModified":"2026-04-01T12:34:46+00:00","mainEntityOfPage":{"@id":"https:\/\/schoenstatt.com\/de\/der-papst-laedt-dazu-ein-fuer-priester-in-krisen-zu-beten\/"},"wordCount":466,"publisher":{"@id":"https:\/\/schoenstatt.com\/de\/#organization"},"image":{"@id":"https:\/\/schoenstatt.com\/de\/der-papst-laedt-dazu-ein-fuer-priester-in-krisen-zu-beten\/#primaryimage"},"thumbnailUrl":"https:\/\/schoenstatt.com\/wp-content\/uploads\/2025\/07\/League-of-Schoenstatt-Diocesan-Priests-USA-3.webp","keywords":["Video des Papstes"],"articleSection":["Kirche"],"inLanguage":"de"},{"@type":"WebPage","@id":"https:\/\/schoenstatt.com\/de\/der-papst-laedt-dazu-ein-fuer-priester-in-krisen-zu-beten\/","url":"https:\/\/schoenstatt.com\/de\/der-papst-laedt-dazu-ein-fuer-priester-in-krisen-zu-beten\/","name":"Der Papst l\u00e4dt dazu ein, f\u00fcr Priester in Krisen zu beten - Schoenstatt","isPartOf":{"@id":"https:\/\/schoenstatt.com\/de\/#website"},"primaryImageOfPage":{"@id":"https:\/\/schoenstatt.com\/de\/der-papst-laedt-dazu-ein-fuer-priester-in-krisen-zu-beten\/#primaryimage"},"image":{"@id":"https:\/\/schoenstatt.com\/de\/der-papst-laedt-dazu-ein-fuer-priester-in-krisen-zu-beten\/#primaryimage"},"thumbnailUrl":"https:\/\/schoenstatt.com\/wp-content\/uploads\/2025\/07\/League-of-Schoenstatt-Diocesan-Priests-USA-3.webp","datePublished":"2026-04-01T12:31:19+00:00","dateModified":"2026-04-01T12:34:46+00:00","description":"Das Gebetsanliegen des Papstes f\u00fcr den Monat April stellt die menschliche und geistliche Begleitung von Priestern.","breadcrumb":{"@id":"https:\/\/schoenstatt.com\/de\/der-papst-laedt-dazu-ein-fuer-priester-in-krisen-zu-beten\/#breadcrumb"},"inLanguage":"de","potentialAction":[{"@type":"ReadAction","target":["https:\/\/schoenstatt.com\/de\/der-papst-laedt-dazu-ein-fuer-priester-in-krisen-zu-beten\/"]}]},{"@type":"ImageObject","inLanguage":"de","@id":"https:\/\/schoenstatt.com\/de\/der-papst-laedt-dazu-ein-fuer-priester-in-krisen-zu-beten\/#primaryimage","url":"https:\/\/schoenstatt.com\/wp-content\/uploads\/2025\/07\/League-of-Schoenstatt-Diocesan-Priests-USA-3.webp","contentUrl":"https:\/\/schoenstatt.com\/wp-content\/uploads\/2025\/07\/League-of-Schoenstatt-Diocesan-Priests-USA-3.webp","width":1431,"height":1073},{"@type":"BreadcrumbList","@id":"https:\/\/schoenstatt.com\/de\/der-papst-laedt-dazu-ein-fuer-priester-in-krisen-zu-beten\/#breadcrumb","itemListElement":[{"@type":"ListItem","position":1,"name":"Portada","item":"https:\/\/schoenstatt.com\/de\/home\/"},{"@type":"ListItem","position":2,"name":"Der Papst l\u00e4dt dazu ein, f\u00fcr Priester in Krisen zu beten"}]},{"@type":"WebSite","@id":"https:\/\/schoenstatt.com\/de\/#website","url":"https:\/\/schoenstatt.com\/de\/","name":"Schoenstatt","description":"Apostolic Movement","publisher":{"@id":"https:\/\/schoenstatt.com\/de\/#organization"},"potentialAction":[{"@type":"SearchAction","target":{"@type":"EntryPoint","urlTemplate":"https:\/\/schoenstatt.com\/de\/?s={search_term_string}"},"query-input":{"@type":"PropertyValueSpecification","valueRequired":true,"valueName":"search_term_string"}}],"inLanguage":"de"},{"@type":"Organization","@id":"https:\/\/schoenstatt.com\/de\/#organization","name":"Schoenstatt","url":"https:\/\/schoenstatt.com\/de\/","logo":{"@type":"ImageObject","inLanguage":"de","@id":"https:\/\/schoenstatt.com\/de\/#\/schema\/logo\/image\/","url":"https:\/\/schoenstatt.com\/wp-content\/uploads\/2025\/04\/logo-schoenstatt-white-696x696-1.png","contentUrl":"https:\/\/schoenstatt.com\/wp-content\/uploads\/2025\/04\/logo-schoenstatt-white-696x696-1.png","width":696,"height":694,"caption":"Schoenstatt"},"image":{"@id":"https:\/\/schoenstatt.com\/de\/#\/schema\/logo\/image\/"}},{"@type":"Person","@id":"https:\/\/schoenstatt.com\/de\/#\/schema\/person\/5158877ad4acae98b34daaeef2a1ce6e","name":"Karen Bueno","image":{"@type":"ImageObject","inLanguage":"de","@id":"https:\/\/secure.gravatar.com\/avatar\/f9f4b823873154269d2b2130f195f6d41037dd0d7fc5f3cacb5c846bae70d66b?s=96&d=mm&r=g","url":"https:\/\/secure.gravatar.com\/avatar\/f9f4b823873154269d2b2130f195f6d41037dd0d7fc5f3cacb5c846bae70d66b?s=96&d=mm&r=g","contentUrl":"https:\/\/secure.gravatar.com\/avatar\/f9f4b823873154269d2b2130f195f6d41037dd0d7fc5f3cacb5c846bae70d66b?s=96&d=mm&r=g","caption":"Karen Bueno"},"url":"https:\/\/schoenstatt.com\/de\/author\/karen-bueno\/"}]}},"_links":{"self":[{"href":"https:\/\/schoenstatt.com\/de\/wp-json\/wp\/v2\/posts\/69423","targetHints":{"allow":["GET"]}}],"collection":[{"href":"https:\/\/schoenstatt.com\/de\/wp-json\/wp\/v2\/posts"}],"about":[{"href":"https:\/\/schoenstatt.com\/de\/wp-json\/wp\/v2\/types\/post"}],"author":[{"embeddable":true,"href":"https:\/\/schoenstatt.com\/de\/wp-json\/wp\/v2\/users\/3"}],"replies":[{"embeddable":true,"href":"https:\/\/schoenstatt.com\/de\/wp-json\/wp\/v2\/comments?post=69423"}],"version-history":[{"count":2,"href":"https:\/\/schoenstatt.com\/de\/wp-json\/wp\/v2\/posts\/69423\/revisions"}],"predecessor-version":[{"id":69426,"href":"https:\/\/schoenstatt.com\/de\/wp-json\/wp\/v2\/posts\/69423\/revisions\/69426"}],"wp:featuredmedia":[{"embeddable":true,"href":"https:\/\/schoenstatt.com\/de\/wp-json\/wp\/v2\/media\/60982"}],"wp:attachment":[{"href":"https:\/\/schoenstatt.com\/de\/wp-json\/wp\/v2\/media?parent=69423"}],"wp:term":[{"taxonomy":"category","embeddable":true,"href":"https:\/\/schoenstatt.com\/de\/wp-json\/wp\/v2\/categories?post=69423"},{"taxonomy":"post_tag","embeddable":true,"href":"https:\/\/schoenstatt.com\/de\/wp-json\/wp\/v2\/tags?post=69423"}],"curies":[{"name":"wp","href":"https:\/\/api.w.org\/{rel}","templated":true}]}}