{"id":69168,"date":"2026-03-24T14:29:13","date_gmt":"2026-03-24T13:29:13","guid":{"rendered":"https:\/\/schoenstatt.com\/?p=69168"},"modified":"2026-03-24T14:47:33","modified_gmt":"2026-03-24T13:47:33","slug":"elternhaus-von-josef-engling-soll-erneuert-und-eine-sommerakademie-entwickelt-werden","status":"publish","type":"post","link":"https:\/\/schoenstatt.com\/de\/elternhaus-von-josef-engling-soll-erneuert-und-eine-sommerakademie-entwickelt-werden\/","title":{"rendered":"Elternhaus von Josef Engling soll erneuert und eine Sommerakademie entwickelt werden"},"content":{"rendered":"\n<h2 class=\"wp-block-heading has-medium-font-size\" id=\"h-gemeinsam-das-elternhaus-von-josef-engling-erneuern-und-die-sommerakademie-zum-leben-bringen\">Gemeinsam das Elternhaus von Josef Engling erneuern und die Sommerakademie zum Leben bringen<\/h2>\n\n\n\n<p>Im Norden Polens, in einem kleinen Dorf namens <a href=\"https:\/\/maps.app.goo.gl\/s7WsX56kQG2rvwqR9\" target=\"_blank\" rel=\"noreferrer noopener\">Prosity<\/a>, steht ein schlichtes Haus. Es ist kein gro\u00dfes Geb\u00e4ude, kein monumentaler Ort \u2013 und doch ist es ein Ort voller Geschichte, Hoffnung und Verhei\u00dfung. <a href=\"https:\/\/schoenstatt.com\/de\/ein-blick-nach-prosity-in-polen-josef-engling\/\">Hier wurde Josef Engling geboren<\/a>.<\/p>\n\n\n\n<p>In den vergangenen Jahrzehnten durfte ich miterleben, wie aus diesem einfachen Haus \u2013 verborgen in der Landschaft der erml\u00e4ndischen H\u00fcgel \u2013 langsam ein lebendiger Ort der Begegnung, des Gebetes und der Inspiration geworden ist.<\/p>\n\n\n\n<p>Pilger kommen hierher, um die Wurzeln eines jungen Menschen zu ber\u00fchren, dessen Leben viele bis heute bewegt. Menschen entdecken hier eine stille Freundschaft mit Josef Engling und lassen sich von seinem Geist inspirieren \u2013 f\u00fcr die Fragen ihres eigenen Lebens.<\/p>\n\n\n\n<p>Und immer wieder w\u00e4chst die Frage im Herzen vieler Besucher:<\/p>\n\n\n\n<p><strong><em>Was m\u00f6chte Gott mit diesem Ort noch wirken?<\/em><\/strong><\/p>\n\n\n\n<div style=\"height:35px\" aria-hidden=\"true\" class=\"wp-block-spacer\"><\/div>\n\n\n\n<figure class=\"wp-block-gallery has-nested-images columns-default is-cropped wp-block-gallery-1 is-layout-flex wp-block-gallery-is-layout-flex\">\n<figure class=\"wp-block-image size-large\"><img decoding=\"async\" data-id=\"69154\" src=\"https:\/\/schoenstatt.com\/wp-content\/uploads\/2026\/03\/Prosity-Polen-Joseph-Engling-3.webp\" alt=\"\" class=\"wp-image-69154\"\/><figcaption class=\"wp-element-caption\">Das Haus<\/figcaption><\/figure>\n\n\n\n<figure class=\"wp-block-image size-large\"><img decoding=\"async\" data-id=\"69149\" src=\"https:\/\/schoenstatt.com\/wp-content\/uploads\/2026\/03\/Prosity-Polen-Joseph-Engling-2.webp\" alt=\"\" class=\"wp-image-69149\"\/><figcaption class=\"wp-element-caption\">In der Schule: hier entsteht eine Schoenstattbibliothek<\/figcaption><\/figure>\n<\/figure>\n\n\n\n<div style=\"height:56px\" aria-hidden=\"true\" class=\"wp-block-spacer\"><\/div>\n\n\n\n<h2 class=\"wp-block-heading has-medium-font-size\" id=\"h-ein-traum-der-generationen-begleitet\">Ein Traum, der Generationen begleitet<\/h2>\n\n\n\n<p>Schon lange bevor ich selbst Sch\u00f6nstatt kannte, pilgerten Menschen nach Prositten.<\/p>\n\n\n\n<p>Vor allem Sch\u00f6nst\u00e4tter aus Ostdeutschland fanden in Zeiten der Teilung hier einen Ort des Gebetes, weil ihnen der Weg nach Cambrai in Frankreich verschlossen war.<\/p>\n\n\n\n<p>Als ich zwei Jahre alt war, kr\u00f6nten Mitglieder des Frauenbundes aus der ehemaligen DDR die Gottesmutter in der Pfarrkirche von Prositten \u2013 im Vertrauen darauf, dass hier einmal ein besonderer Ort der Gnade wachsen w\u00fcrde.<\/p>\n\n\n\n<div style=\"height:28px\" aria-hidden=\"true\" class=\"wp-block-spacer\"><\/div>\n\n\n\n<h2 class=\"wp-block-heading has-medium-font-size\" id=\"h-dieser-traum-lebt-bis-heute\">Dieser Traum lebt bis heute<\/h2>\n\n\n\n<p>In den 1990er Jahren durfte ich selbst Sch\u00f6nstatt und damit auch Josef Engling kennenlernen. Als ich sp\u00e4ter Pilgergruppen aus Deutschland begleitete, h\u00f6rte ich immer wieder einen Satz:<\/p>\n\n\n\n<p><strong><em>\u201eHier muss gebaut werden.\u201c<\/em><\/strong><\/p>\n\n\n\n<p>Viele junge Menschen, die heute nach Prosity kommen \u2013 oft zum ersten Mal \u2013 sp\u00fcren etwas von diesem Geheimnis des Ortes. Besonders junge M\u00e4nner aus Polen sagen nach ihrem Besuch:<\/p>\n\n\n\n<p><strong><em>\u201eHier ist ein Ort, der Zukunft hat. Die Gottesmutter hat hier Wohnung genommen.\u201c<\/em><\/strong><\/p>\n\n\n\n<div style=\"height:36px\" aria-hidden=\"true\" class=\"wp-block-spacer\"><\/div>\n\n\n\n<h2 class=\"wp-block-heading has-medium-font-size\" id=\"h-ein-entscheidender-schritt-geschah-im-jahr-2016\">Ein entscheidender Schritt geschah im Jahr 2016<\/h2>\n\n\n\n<p>Die Gottesmutter hat gewisserma\u00dfen im Elternhaus von Josef Engling Wohnung genommen \u2013 im ehemaligen Stall, der heute zur MTA-Kapelle geworden ist.<\/p>\n\n\n\n<p>So wurde das Haus, in dem Josef aufgewachsen ist, zu einem Ort der Gegenwart Gottes.<\/p>\n\n\n\n<div style=\"height:32px\" aria-hidden=\"true\" class=\"wp-block-spacer\"><\/div>\n\n\n\n<figure class=\"wp-block-gallery has-nested-images columns-default is-cropped wp-block-gallery-2 is-layout-flex wp-block-gallery-is-layout-flex\">\n<figure class=\"wp-block-image size-large\"><img decoding=\"async\" data-id=\"69159\" src=\"https:\/\/schoenstatt.com\/wp-content\/uploads\/2026\/03\/Prosity-Polen-Joseph-Engling-4.webp\" alt=\"\" class=\"wp-image-69159\"\/><figcaption class=\"wp-element-caption\">Der Heiligtums-Altar in der Scheune von Josef Englings Geburtshaus<\/figcaption><\/figure>\n\n\n\n<figure class=\"wp-block-image size-large\"><img decoding=\"async\" data-id=\"69144\" src=\"https:\/\/schoenstatt.com\/wp-content\/uploads\/2026\/03\/Joseph-Engling.webp\" alt=\"\" class=\"wp-image-69144\"\/><figcaption class=\"wp-element-caption\"> Josef Engling<\/figcaption><\/figure>\n<\/figure>\n\n\n\n<div style=\"height:30px\" aria-hidden=\"true\" class=\"wp-block-spacer\"><\/div>\n\n\n\n<p>Wer das Haus betritt, sp\u00fcrt sofort die Atmosph\u00e4re eines einfachen Familienlebens: die K\u00fcche, die Kachel\u00f6fen, der Brunnen, der Garten\u2026 Viele Besucher sagen, dass sie hier an ihre eigene Kindheit erinnert werden.<\/p>\n\n\n\n<p>Das Haus erz\u00e4hlt von einem Leben, das ganz gew\u00f6hnlich war \u2013 und gerade darin offen f\u00fcr Gott.<\/p>\n\n\n\n<div style=\"height:29px\" aria-hidden=\"true\" class=\"wp-block-spacer\"><\/div>\n\n\n\n<h2 class=\"wp-block-heading has-medium-font-size\" id=\"h-eine-schule-wird-zur-sommerakademie\">Eine Schule wird zur Sommerakademie<\/h2>\n\n\n\n<div style=\"height:22px\" aria-hidden=\"true\" class=\"wp-block-spacer\"><\/div>\n\n\n\n<p>Inzwischen geh\u00f6rt auch die alte Dorfschule zu diesem Ort. Hier hat Josef Engling als Junge schreiben gelernt. Hier entstanden erste Gedanken, die sp\u00e4ter in seinen Tageb\u00fcchern festgehalten wurden.<\/p>\n\n\n\n<p><strong><em>Heute w\u00e4chst in dieser Schule eine neue Idee: eine Sommerakademie.<\/em><\/strong><\/p>\n\n\n\n<p>Ein Ort, an dem Pilger und junge Menschen f\u00fcr einige Tage zusammenkommen k\u00f6nnen \u2013 um innezuhalten, zu lernen, zu beten und sich neu inspirieren zu lassen.<\/p>\n\n\n\n<p>In verschiedenen Modulen sollen Themen vertieft werden wie:<\/p>\n\n\n\n<div style=\"height:17px\" aria-hidden=\"true\" class=\"wp-block-spacer\"><\/div>\n\n\n\n<ul class=\"wp-block-list\">\n<li>Pers\u00f6nlichkeitsbildung<\/li>\n\n\n\n<li>Sch\u00f6nstatt-Spiritualit\u00e4t<\/li>\n\n\n\n<li>\u00d6kologische Spiritualit\u00e4t im Geist von Laudato Si\u2019<\/li>\n<\/ul>\n\n\n\n<div style=\"height:22px\" aria-hidden=\"true\" class=\"wp-block-spacer\"><\/div>\n\n\n\n<p>Die Natur rund um Prosity \u2013 still, weit und unber\u00fchrt \u2013 bietet daf\u00fcr einen einzigartigen Rahmen.<\/p>\n\n\n\n<div style=\"height:35px\" aria-hidden=\"true\" class=\"wp-block-spacer\"><\/div>\n\n\n\n<h2 class=\"wp-block-heading has-medium-font-size\" id=\"h-jetzt-braucht-das-haus-unsere-hilfe\">Jetzt braucht das Haus unsere Hilfe<\/h2>\n\n\n\n<p>Das Elternhaus von Josef Engling steht noch immer \u2013 schlicht und treu wie seit \u00fcber hundert Jahren. Doch die Zeit hat ihre Spuren hinterlassen.<\/p>\n\n\n\n<p>Besonders das Fundament des Hauses muss dringend stabilisiert werden. Wasser, das vom H\u00fcgel herabflie\u00dft, belastet das Geb\u00e4ude immer st\u00e4rker. Risse im Mauerwerk zeigen, dass eine grundlegende Sicherung notwendig ist.<\/p>\n\n\n\n<p>Damit dieses Haus auch in Zukunft Pilger empfangen kann, braucht es eine sorgf\u00e4ltige Renovierung.<\/p>\n\n\n\n<div style=\"height:23px\" aria-hidden=\"true\" class=\"wp-block-spacer\"><\/div>\n\n\n\n<figure class=\"wp-block-image aligncenter size-full\"><img decoding=\"async\" src=\"https:\/\/schoenstatt.com\/wp-content\/uploads\/2026\/03\/Prosity-Polen-Joseph-Engling.webp\" alt=\"\" class=\"wp-image-69139\"\/><figcaption class=\"wp-element-caption\">Das Haus der Familie Engling<\/figcaption><\/figure>\n\n\n\n<div style=\"height:22px\" aria-hidden=\"true\" class=\"wp-block-spacer\"><\/div>\n\n\n\n<h2 class=\"wp-block-heading has-medium-font-size\" id=\"h-gemeinsam-zukunft-bauen\">Gemeinsam Zukunft bauen<\/h2>\n\n\n\n<p>Es gibt viele M\u00f6glichkeiten, Teil dieser Geschichte zu werden. Sie k\u00f6nnen:<\/p>\n\n\n\n<div style=\"height:17px\" aria-hidden=\"true\" class=\"wp-block-spacer\"><\/div>\n\n\n\n<ul class=\"wp-block-list\">\n<li>nach Prosity kommen und diesen besonderen Ort selbst erleben<\/li>\n\n\n\n<li>bei einem Arbeitseinsatz an der Renovierung mithelfen<\/li>\n\n\n\n<li>an der Sommerakademie teilnehmen<\/li>\n\n\n\n<li>oder den Aufbau durch eine Spende unterst\u00fctzen<\/li>\n<\/ul>\n\n\n\n<div style=\"height:23px\" aria-hidden=\"true\" class=\"wp-block-spacer\"><\/div>\n\n\n\n<p>Jede Hilfe \u2013 ob gro\u00df oder klein \u2013 tr\u00e4gt dazu bei, dass dieser Ort weiter wachsen kann.<\/p>\n\n\n\n<div style=\"height:23px\" aria-hidden=\"true\" class=\"wp-block-spacer\"><\/div>\n\n\n\n<h2 class=\"wp-block-heading has-medium-font-size\" id=\"h-eine-frage-an-unsere-zeit\">Eine Frage an unsere Zeit<\/h2>\n\n\n\n<p>Die Kirche pr\u00fcft derzeit im Seligsprechungsprozess eine zentrale Frage: Kann Josef Engling ein Vorbild f\u00fcr die Jugend von heute sein?<\/p>\n\n\n\n<p>Vielleicht liegt ein Teil der Antwort gerade hier \u2013 an dem Ort, an dem sein Leben begann.<\/p>\n\n\n\n<p>Indem wir sein Elternhaus erneuern, \u00f6ffnen wir zugleich einen Raum, in dem junge Menschen seinen Geist neu entdecken k\u00f6nnen. Einen Geist der Hingabe. Einen Geist der Freundschaft mit Gott. Einen Geist der Geschwisterlichkeit und der Familie.<\/p>\n\n\n\n<div style=\"height:25px\" aria-hidden=\"true\" class=\"wp-block-spacer\"><\/div>\n\n\n\n<h2 class=\"wp-block-heading has-medium-font-size\" id=\"h-herzliche-einladung\">Herzliche Einladung<\/h2>\n\n\n\n<p>Wir laden Sie ein, Teil dieses Weges zu werden.<br>Damit aus einem kleinen Haus in einem stillen Dorf weiterhin ein Ort wird, an dem Menschen Hoffnung finden.<\/p>\n\n\n\n<p>Kontakt f\u00fcr Spenden und Informationen:<br>Alicja Kostka, Vizepostulatorin,<br>akademiaposity@gmail, tel.17651112621<\/p>\n","protected":false},"excerpt":{"rendered":"<p>\u201eEin Ort, der Zukunft hat\u201c \u2013 so l\u00e4sst sich das Geburtshaus von Josef Engling im Norden Polens beschreiben; ein besonderer Wallfahrtsort.<\/p>\n","protected":false},"author":3,"featured_media":69137,"comment_status":"closed","ping_status":"closed","sticky":false,"template":"","format":"standard","meta":{"footnotes":""},"categories":[886],"tags":[1193],"class_list":["post-69168","post","type-post","status-publish","format-standard","has-post-thumbnail","hentry","category-schoenstatt-helden-de","tag-schonstatt-polen-de"],"yoast_head":"<!-- This site is optimized with the Yoast SEO Premium plugin v27.4 (Yoast SEO v27.5) - https:\/\/yoast.com\/product\/yoast-seo-premium-wordpress\/ -->\n<title>Elternhaus von Josef Engling soll erneuert und eine Sommerakademie entwickelt werden<\/title>\n<meta name=\"description\" content=\"\u201eEin Ort, der Zukunft hat\u201c \u2013 so l\u00e4sst sich das Geburtshaus von Josef Engling im Norden Polens beschreiben; ein besonderer Wallfahrtsort.\" \/>\n<meta name=\"robots\" content=\"index, follow, max-snippet:-1, max-image-preview:large, max-video-preview:-1\" \/>\n<link rel=\"canonical\" href=\"https:\/\/schoenstatt.com\/de\/elternhaus-von-josef-engling-soll-erneuert-und-eine-sommerakademie-entwickelt-werden\/\" \/>\n<meta property=\"og:locale\" content=\"de_DE\" \/>\n<meta property=\"og:type\" content=\"article\" \/>\n<meta property=\"og:title\" content=\"Elternhaus von Josef Engling soll erneuert und eine Sommerakademie entwickelt werden\" \/>\n<meta property=\"og:description\" content=\"\u201eEin Ort, der Zukunft hat\u201c \u2013 so l\u00e4sst sich das Geburtshaus von Josef Engling im Norden Polens beschreiben; ein besonderer Wallfahrtsort.\" \/>\n<meta property=\"og:url\" content=\"https:\/\/schoenstatt.com\/de\/elternhaus-von-josef-engling-soll-erneuert-und-eine-sommerakademie-entwickelt-werden\/\" \/>\n<meta property=\"og:site_name\" content=\"Schoenstatt\" \/>\n<meta property=\"article:published_time\" content=\"2026-03-24T13:29:13+00:00\" \/>\n<meta property=\"article:modified_time\" content=\"2026-03-24T13:47:33+00:00\" \/>\n<meta property=\"og:image\" content=\"https:\/\/schoenstatt.com\/wp-content\/uploads\/2026\/03\/Prosity-Polen-Joseph-Engling.webp\" \/>\n\t<meta property=\"og:image:width\" content=\"2040\" \/>\n\t<meta property=\"og:image:height\" content=\"1460\" \/>\n\t<meta property=\"og:image:type\" content=\"image\/jpeg\" \/>\n<meta name=\"author\" content=\"Karen Bueno\" \/>\n<meta name=\"twitter:card\" content=\"summary_large_image\" \/>\n<meta name=\"twitter:label1\" content=\"Verfasst von\" \/>\n\t<meta name=\"twitter:data1\" content=\"Karen Bueno\" \/>\n\t<meta name=\"twitter:label2\" content=\"Gesch\u00e4tzte Lesezeit\" \/>\n\t<meta name=\"twitter:data2\" content=\"1\u00a0Minute\" \/>\n<script type=\"application\/ld+json\" class=\"yoast-schema-graph\">{\"@context\":\"https:\\\/\\\/schema.org\",\"@graph\":[{\"@type\":\"Article\",\"@id\":\"https:\\\/\\\/schoenstatt.com\\\/de\\\/elternhaus-von-josef-engling-soll-erneuert-und-eine-sommerakademie-entwickelt-werden\\\/#article\",\"isPartOf\":{\"@id\":\"https:\\\/\\\/schoenstatt.com\\\/de\\\/elternhaus-von-josef-engling-soll-erneuert-und-eine-sommerakademie-entwickelt-werden\\\/\"},\"author\":{\"name\":\"Karen Bueno\",\"@id\":\"https:\\\/\\\/schoenstatt.com\\\/de\\\/#\\\/schema\\\/person\\\/5158877ad4acae98b34daaeef2a1ce6e\"},\"headline\":\"Elternhaus von Josef Engling soll erneuert und eine Sommerakademie entwickelt werden\",\"datePublished\":\"2026-03-24T13:29:13+00:00\",\"dateModified\":\"2026-03-24T13:47:33+00:00\",\"mainEntityOfPage\":{\"@id\":\"https:\\\/\\\/schoenstatt.com\\\/de\\\/elternhaus-von-josef-engling-soll-erneuert-und-eine-sommerakademie-entwickelt-werden\\\/\"},\"wordCount\":811,\"publisher\":{\"@id\":\"https:\\\/\\\/schoenstatt.com\\\/de\\\/#organization\"},\"image\":{\"@id\":\"https:\\\/\\\/schoenstatt.com\\\/de\\\/elternhaus-von-josef-engling-soll-erneuert-und-eine-sommerakademie-entwickelt-werden\\\/#primaryimage\"},\"thumbnailUrl\":\"https:\\\/\\\/schoenstatt.com\\\/wp-content\\\/uploads\\\/2026\\\/03\\\/Prosity-Polen-Joseph-Engling.webp\",\"keywords\":[\"Sch\u00f6nstatt Polen\"],\"articleSection\":[\"Schoenstatt Helden\"],\"inLanguage\":\"de\"},{\"@type\":\"WebPage\",\"@id\":\"https:\\\/\\\/schoenstatt.com\\\/de\\\/elternhaus-von-josef-engling-soll-erneuert-und-eine-sommerakademie-entwickelt-werden\\\/\",\"url\":\"https:\\\/\\\/schoenstatt.com\\\/de\\\/elternhaus-von-josef-engling-soll-erneuert-und-eine-sommerakademie-entwickelt-werden\\\/\",\"name\":\"Elternhaus von Josef Engling soll erneuert und eine Sommerakademie entwickelt werden\",\"isPartOf\":{\"@id\":\"https:\\\/\\\/schoenstatt.com\\\/de\\\/#website\"},\"primaryImageOfPage\":{\"@id\":\"https:\\\/\\\/schoenstatt.com\\\/de\\\/elternhaus-von-josef-engling-soll-erneuert-und-eine-sommerakademie-entwickelt-werden\\\/#primaryimage\"},\"image\":{\"@id\":\"https:\\\/\\\/schoenstatt.com\\\/de\\\/elternhaus-von-josef-engling-soll-erneuert-und-eine-sommerakademie-entwickelt-werden\\\/#primaryimage\"},\"thumbnailUrl\":\"https:\\\/\\\/schoenstatt.com\\\/wp-content\\\/uploads\\\/2026\\\/03\\\/Prosity-Polen-Joseph-Engling.webp\",\"datePublished\":\"2026-03-24T13:29:13+00:00\",\"dateModified\":\"2026-03-24T13:47:33+00:00\",\"description\":\"\u201eEin Ort, der Zukunft hat\u201c \u2013 so l\u00e4sst sich das Geburtshaus von Josef Engling im Norden Polens beschreiben; ein besonderer Wallfahrtsort.\",\"breadcrumb\":{\"@id\":\"https:\\\/\\\/schoenstatt.com\\\/de\\\/elternhaus-von-josef-engling-soll-erneuert-und-eine-sommerakademie-entwickelt-werden\\\/#breadcrumb\"},\"inLanguage\":\"de\",\"potentialAction\":[{\"@type\":\"ReadAction\",\"target\":[\"https:\\\/\\\/schoenstatt.com\\\/de\\\/elternhaus-von-josef-engling-soll-erneuert-und-eine-sommerakademie-entwickelt-werden\\\/\"]}]},{\"@type\":\"ImageObject\",\"inLanguage\":\"de\",\"@id\":\"https:\\\/\\\/schoenstatt.com\\\/de\\\/elternhaus-von-josef-engling-soll-erneuert-und-eine-sommerakademie-entwickelt-werden\\\/#primaryimage\",\"url\":\"https:\\\/\\\/schoenstatt.com\\\/wp-content\\\/uploads\\\/2026\\\/03\\\/Prosity-Polen-Joseph-Engling.webp\",\"contentUrl\":\"https:\\\/\\\/schoenstatt.com\\\/wp-content\\\/uploads\\\/2026\\\/03\\\/Prosity-Polen-Joseph-Engling.webp\",\"width\":2040,\"height\":1460},{\"@type\":\"BreadcrumbList\",\"@id\":\"https:\\\/\\\/schoenstatt.com\\\/de\\\/elternhaus-von-josef-engling-soll-erneuert-und-eine-sommerakademie-entwickelt-werden\\\/#breadcrumb\",\"itemListElement\":[{\"@type\":\"ListItem\",\"position\":1,\"name\":\"Portada\",\"item\":\"https:\\\/\\\/schoenstatt.com\\\/de\\\/home\\\/\"},{\"@type\":\"ListItem\",\"position\":2,\"name\":\"Elternhaus von Josef Engling soll erneuert und eine Sommerakademie entwickelt werden\"}]},{\"@type\":\"WebSite\",\"@id\":\"https:\\\/\\\/schoenstatt.com\\\/de\\\/#website\",\"url\":\"https:\\\/\\\/schoenstatt.com\\\/de\\\/\",\"name\":\"Schoenstatt\",\"description\":\"Apostolic Movement\",\"publisher\":{\"@id\":\"https:\\\/\\\/schoenstatt.com\\\/de\\\/#organization\"},\"potentialAction\":[{\"@type\":\"SearchAction\",\"target\":{\"@type\":\"EntryPoint\",\"urlTemplate\":\"https:\\\/\\\/schoenstatt.com\\\/de\\\/?s={search_term_string}\"},\"query-input\":{\"@type\":\"PropertyValueSpecification\",\"valueRequired\":true,\"valueName\":\"search_term_string\"}}],\"inLanguage\":\"de\"},{\"@type\":\"Organization\",\"@id\":\"https:\\\/\\\/schoenstatt.com\\\/de\\\/#organization\",\"name\":\"Schoenstatt\",\"url\":\"https:\\\/\\\/schoenstatt.com\\\/de\\\/\",\"logo\":{\"@type\":\"ImageObject\",\"inLanguage\":\"de\",\"@id\":\"https:\\\/\\\/schoenstatt.com\\\/de\\\/#\\\/schema\\\/logo\\\/image\\\/\",\"url\":\"https:\\\/\\\/schoenstatt.com\\\/wp-content\\\/uploads\\\/2025\\\/04\\\/logo-schoenstatt-white-696x696-1.png\",\"contentUrl\":\"https:\\\/\\\/schoenstatt.com\\\/wp-content\\\/uploads\\\/2025\\\/04\\\/logo-schoenstatt-white-696x696-1.png\",\"width\":696,\"height\":694,\"caption\":\"Schoenstatt\"},\"image\":{\"@id\":\"https:\\\/\\\/schoenstatt.com\\\/de\\\/#\\\/schema\\\/logo\\\/image\\\/\"}},{\"@type\":\"Person\",\"@id\":\"https:\\\/\\\/schoenstatt.com\\\/de\\\/#\\\/schema\\\/person\\\/5158877ad4acae98b34daaeef2a1ce6e\",\"name\":\"Karen Bueno\",\"image\":{\"@type\":\"ImageObject\",\"inLanguage\":\"de\",\"@id\":\"https:\\\/\\\/secure.gravatar.com\\\/avatar\\\/f9f4b823873154269d2b2130f195f6d41037dd0d7fc5f3cacb5c846bae70d66b?s=96&d=mm&r=g\",\"url\":\"https:\\\/\\\/secure.gravatar.com\\\/avatar\\\/f9f4b823873154269d2b2130f195f6d41037dd0d7fc5f3cacb5c846bae70d66b?s=96&d=mm&r=g\",\"contentUrl\":\"https:\\\/\\\/secure.gravatar.com\\\/avatar\\\/f9f4b823873154269d2b2130f195f6d41037dd0d7fc5f3cacb5c846bae70d66b?s=96&d=mm&r=g\",\"caption\":\"Karen Bueno\"},\"url\":\"https:\\\/\\\/schoenstatt.com\\\/de\\\/author\\\/karen-bueno\\\/\"}]}<\/script>\n<!-- \/ Yoast SEO Premium plugin. -->","yoast_head_json":{"title":"Elternhaus von Josef Engling soll erneuert und eine Sommerakademie entwickelt werden","description":"\u201eEin Ort, der Zukunft hat\u201c \u2013 so l\u00e4sst sich das Geburtshaus von Josef Engling im Norden Polens beschreiben; ein besonderer Wallfahrtsort.","robots":{"index":"index","follow":"follow","max-snippet":"max-snippet:-1","max-image-preview":"max-image-preview:large","max-video-preview":"max-video-preview:-1"},"canonical":"https:\/\/schoenstatt.com\/de\/elternhaus-von-josef-engling-soll-erneuert-und-eine-sommerakademie-entwickelt-werden\/","og_locale":"de_DE","og_type":"article","og_title":"Elternhaus von Josef Engling soll erneuert und eine Sommerakademie entwickelt werden","og_description":"\u201eEin Ort, der Zukunft hat\u201c \u2013 so l\u00e4sst sich das Geburtshaus von Josef Engling im Norden Polens beschreiben; ein besonderer Wallfahrtsort.","og_url":"https:\/\/schoenstatt.com\/de\/elternhaus-von-josef-engling-soll-erneuert-und-eine-sommerakademie-entwickelt-werden\/","og_site_name":"Schoenstatt","article_published_time":"2026-03-24T13:29:13+00:00","article_modified_time":"2026-03-24T13:47:33+00:00","og_image":[{"url":"https:\/\/schoenstatt.com\/wp-content\/uploads\/2026\/03\/Prosity-Polen-Joseph-Engling.webp","width":2040,"height":1460,"type":"image\/jpeg"}],"author":"Karen Bueno","twitter_card":"summary_large_image","twitter_misc":{"Verfasst von":"Karen Bueno","Gesch\u00e4tzte Lesezeit":"1\u00a0Minute"},"schema":{"@context":"https:\/\/schema.org","@graph":[{"@type":"Article","@id":"https:\/\/schoenstatt.com\/de\/elternhaus-von-josef-engling-soll-erneuert-und-eine-sommerakademie-entwickelt-werden\/#article","isPartOf":{"@id":"https:\/\/schoenstatt.com\/de\/elternhaus-von-josef-engling-soll-erneuert-und-eine-sommerakademie-entwickelt-werden\/"},"author":{"name":"Karen Bueno","@id":"https:\/\/schoenstatt.com\/de\/#\/schema\/person\/5158877ad4acae98b34daaeef2a1ce6e"},"headline":"Elternhaus von Josef Engling soll erneuert und eine Sommerakademie entwickelt werden","datePublished":"2026-03-24T13:29:13+00:00","dateModified":"2026-03-24T13:47:33+00:00","mainEntityOfPage":{"@id":"https:\/\/schoenstatt.com\/de\/elternhaus-von-josef-engling-soll-erneuert-und-eine-sommerakademie-entwickelt-werden\/"},"wordCount":811,"publisher":{"@id":"https:\/\/schoenstatt.com\/de\/#organization"},"image":{"@id":"https:\/\/schoenstatt.com\/de\/elternhaus-von-josef-engling-soll-erneuert-und-eine-sommerakademie-entwickelt-werden\/#primaryimage"},"thumbnailUrl":"https:\/\/schoenstatt.com\/wp-content\/uploads\/2026\/03\/Prosity-Polen-Joseph-Engling.webp","keywords":["Sch\u00f6nstatt Polen"],"articleSection":["Schoenstatt Helden"],"inLanguage":"de"},{"@type":"WebPage","@id":"https:\/\/schoenstatt.com\/de\/elternhaus-von-josef-engling-soll-erneuert-und-eine-sommerakademie-entwickelt-werden\/","url":"https:\/\/schoenstatt.com\/de\/elternhaus-von-josef-engling-soll-erneuert-und-eine-sommerakademie-entwickelt-werden\/","name":"Elternhaus von Josef Engling soll erneuert und eine Sommerakademie entwickelt werden","isPartOf":{"@id":"https:\/\/schoenstatt.com\/de\/#website"},"primaryImageOfPage":{"@id":"https:\/\/schoenstatt.com\/de\/elternhaus-von-josef-engling-soll-erneuert-und-eine-sommerakademie-entwickelt-werden\/#primaryimage"},"image":{"@id":"https:\/\/schoenstatt.com\/de\/elternhaus-von-josef-engling-soll-erneuert-und-eine-sommerakademie-entwickelt-werden\/#primaryimage"},"thumbnailUrl":"https:\/\/schoenstatt.com\/wp-content\/uploads\/2026\/03\/Prosity-Polen-Joseph-Engling.webp","datePublished":"2026-03-24T13:29:13+00:00","dateModified":"2026-03-24T13:47:33+00:00","description":"\u201eEin Ort, der Zukunft hat\u201c \u2013 so l\u00e4sst sich das Geburtshaus von Josef Engling im Norden Polens beschreiben; ein besonderer Wallfahrtsort.","breadcrumb":{"@id":"https:\/\/schoenstatt.com\/de\/elternhaus-von-josef-engling-soll-erneuert-und-eine-sommerakademie-entwickelt-werden\/#breadcrumb"},"inLanguage":"de","potentialAction":[{"@type":"ReadAction","target":["https:\/\/schoenstatt.com\/de\/elternhaus-von-josef-engling-soll-erneuert-und-eine-sommerakademie-entwickelt-werden\/"]}]},{"@type":"ImageObject","inLanguage":"de","@id":"https:\/\/schoenstatt.com\/de\/elternhaus-von-josef-engling-soll-erneuert-und-eine-sommerakademie-entwickelt-werden\/#primaryimage","url":"https:\/\/schoenstatt.com\/wp-content\/uploads\/2026\/03\/Prosity-Polen-Joseph-Engling.webp","contentUrl":"https:\/\/schoenstatt.com\/wp-content\/uploads\/2026\/03\/Prosity-Polen-Joseph-Engling.webp","width":2040,"height":1460},{"@type":"BreadcrumbList","@id":"https:\/\/schoenstatt.com\/de\/elternhaus-von-josef-engling-soll-erneuert-und-eine-sommerakademie-entwickelt-werden\/#breadcrumb","itemListElement":[{"@type":"ListItem","position":1,"name":"Portada","item":"https:\/\/schoenstatt.com\/de\/home\/"},{"@type":"ListItem","position":2,"name":"Elternhaus von Josef Engling soll erneuert und eine Sommerakademie entwickelt werden"}]},{"@type":"WebSite","@id":"https:\/\/schoenstatt.com\/de\/#website","url":"https:\/\/schoenstatt.com\/de\/","name":"Schoenstatt","description":"Apostolic Movement","publisher":{"@id":"https:\/\/schoenstatt.com\/de\/#organization"},"potentialAction":[{"@type":"SearchAction","target":{"@type":"EntryPoint","urlTemplate":"https:\/\/schoenstatt.com\/de\/?s={search_term_string}"},"query-input":{"@type":"PropertyValueSpecification","valueRequired":true,"valueName":"search_term_string"}}],"inLanguage":"de"},{"@type":"Organization","@id":"https:\/\/schoenstatt.com\/de\/#organization","name":"Schoenstatt","url":"https:\/\/schoenstatt.com\/de\/","logo":{"@type":"ImageObject","inLanguage":"de","@id":"https:\/\/schoenstatt.com\/de\/#\/schema\/logo\/image\/","url":"https:\/\/schoenstatt.com\/wp-content\/uploads\/2025\/04\/logo-schoenstatt-white-696x696-1.png","contentUrl":"https:\/\/schoenstatt.com\/wp-content\/uploads\/2025\/04\/logo-schoenstatt-white-696x696-1.png","width":696,"height":694,"caption":"Schoenstatt"},"image":{"@id":"https:\/\/schoenstatt.com\/de\/#\/schema\/logo\/image\/"}},{"@type":"Person","@id":"https:\/\/schoenstatt.com\/de\/#\/schema\/person\/5158877ad4acae98b34daaeef2a1ce6e","name":"Karen Bueno","image":{"@type":"ImageObject","inLanguage":"de","@id":"https:\/\/secure.gravatar.com\/avatar\/f9f4b823873154269d2b2130f195f6d41037dd0d7fc5f3cacb5c846bae70d66b?s=96&d=mm&r=g","url":"https:\/\/secure.gravatar.com\/avatar\/f9f4b823873154269d2b2130f195f6d41037dd0d7fc5f3cacb5c846bae70d66b?s=96&d=mm&r=g","contentUrl":"https:\/\/secure.gravatar.com\/avatar\/f9f4b823873154269d2b2130f195f6d41037dd0d7fc5f3cacb5c846bae70d66b?s=96&d=mm&r=g","caption":"Karen Bueno"},"url":"https:\/\/schoenstatt.com\/de\/author\/karen-bueno\/"}]}},"_links":{"self":[{"href":"https:\/\/schoenstatt.com\/de\/wp-json\/wp\/v2\/posts\/69168","targetHints":{"allow":["GET"]}}],"collection":[{"href":"https:\/\/schoenstatt.com\/de\/wp-json\/wp\/v2\/posts"}],"about":[{"href":"https:\/\/schoenstatt.com\/de\/wp-json\/wp\/v2\/types\/post"}],"author":[{"embeddable":true,"href":"https:\/\/schoenstatt.com\/de\/wp-json\/wp\/v2\/users\/3"}],"replies":[{"embeddable":true,"href":"https:\/\/schoenstatt.com\/de\/wp-json\/wp\/v2\/comments?post=69168"}],"version-history":[{"count":5,"href":"https:\/\/schoenstatt.com\/de\/wp-json\/wp\/v2\/posts\/69168\/revisions"}],"predecessor-version":[{"id":69174,"href":"https:\/\/schoenstatt.com\/de\/wp-json\/wp\/v2\/posts\/69168\/revisions\/69174"}],"wp:featuredmedia":[{"embeddable":true,"href":"https:\/\/schoenstatt.com\/de\/wp-json\/wp\/v2\/media\/69137"}],"wp:attachment":[{"href":"https:\/\/schoenstatt.com\/de\/wp-json\/wp\/v2\/media?parent=69168"}],"wp:term":[{"taxonomy":"category","embeddable":true,"href":"https:\/\/schoenstatt.com\/de\/wp-json\/wp\/v2\/categories?post=69168"},{"taxonomy":"post_tag","embeddable":true,"href":"https:\/\/schoenstatt.com\/de\/wp-json\/wp\/v2\/tags?post=69168"}],"curies":[{"name":"wp","href":"https:\/\/api.w.org\/{rel}","templated":true}]}}