{"id":69080,"date":"2026-03-19T14:51:50","date_gmt":"2026-03-19T13:51:50","guid":{"rendered":"https:\/\/schoenstatt.com\/?p=69080"},"modified":"2026-03-19T19:55:50","modified_gmt":"2026-03-19T18:55:50","slug":"papst-plant-gipfel-zu-glaubensweitergabe-an-familie","status":"publish","type":"post","link":"https:\/\/schoenstatt.com\/de\/papst-plant-gipfel-zu-glaubensweitergabe-an-familie\/","title":{"rendered":"Papst plant Gipfel zu Glaubensweitergabe an Familie"},"content":{"rendered":"\n<p>\u201eAngesichts der Ver\u00e4nderungen, die weiterhin Einfluss auf die Familien haben, habe ich beschlossen, im Oktober 2026 die Vorsitzenden der Bischofskonferenzen der ganzen Welt zu versammeln, um im gegenseitigen Aufeinanderh\u00f6ren eine synodale Unterscheidung bez\u00fcglich der Schritte vorzunehmen, die unternommen werden m\u00fcssen, um heute den Familien das Evangelium zu verk\u00fcnden\u201c: Das schreibt Papst Leo <a href=\"https:\/\/press.vatican.va\/content\/salastampa\/it\/bollettino\/pubblico\/2026\/03\/19\/0216\/00414.html\" target=\"_blank\" rel=\"noreferrer noopener\">in seiner Botschaft, die am 19. M\u00e4rz<\/a>, dem Jahrestag der Unterzeichnung des Nachsynodalen Schreibens Amoris laetitia, ver\u00f6ffentlicht wurde. Diese Unterscheidung solle \u201eim Lichte von Amoris laetitia geschehen\u201c, ebenso wie \u201eunter Ber\u00fccksichtigung dessen, was in den Ortskirchen bereits getan wird\u201c, so das Kirchenoberhaupt.<\/p>\n\n\n\n<p>Amoris laetitia ist das lehramtliche Ergebnis der Familiensynode, die in zwei Phasen 2014 und 2015 in Rom stattfand und in deren Vorfeld eine weltweite Befragung unter Gl\u00e4ubigen einberufen wurde. Diese Vorgehensweise sollte sich bei weiteren Synoden weiter verfestigen; das Ganze m\u00fcndete in der Synode zur Synodalit\u00e4t, die als fortlaufender Prozess angelegt wurde. Am 19. M\u00e4rz 2016 unterzeichnete Papst Franziskus das Dokument, in dem die Ergebnisse der Familiensynode zusammenfassend festgehalten wurden.<\/p>\n\n\n\n<div style=\"height:20px\" aria-hidden=\"true\" class=\"wp-block-spacer\"><\/div>\n\n\n\n<div class=\"wp-block-buttons is-content-justification-center is-layout-flex wp-container-core-buttons-is-layout-a89b3969 wp-block-buttons-is-layout-flex\" style=\"border-style:none;border-width:0px;border-top-left-radius:0px;border-top-right-radius:0px;border-bottom-left-radius:0px;border-bottom-right-radius:0px\">\n<div class=\"wp-block-button\"><a class=\"wp-block-button__link has-white-color has-text-color has-background has-link-color wp-element-button\" href=\"https:\/\/www.vatican.va\/content\/francesco\/de\/apost_exhortations\/documents\/papa-francesco_esortazione-ap_20160319_amoris-laetitia.html\" style=\"background-color:#d5864f\" target=\"_blank\" rel=\"noreferrer noopener\"><strong>Amoris laetitia<\/strong><\/a><\/div>\n<\/div>\n\n\n\n<div style=\"height:53px\" aria-hidden=\"true\" class=\"wp-block-spacer\"><\/div>\n\n\n\n<h2 class=\"wp-block-heading has-medium-font-size\" id=\"h-glaubensweitergabe-an-familien\">Glaubensweitergabe an Familien<\/h2>\n\n\n\n<p>Auf dieses Dokument, das \u201eErgebnis eines dreij\u00e4hrigen synodalen Unterscheidungsprozesses, der in das Heilige Jahr der Barmherzigkeit m\u00fcndete\u201c, bezieht Leo XIV. sich nun, um eine neue Bischofsversammlung zum Thema Glaubensweitergabe an Familien einzuberufen. Dies bedeutet an sich eine Synthese aus Anliegen seiner beiden direkten Vorg\u00e4nger: Papst Benedikt XVI., der eine Synode zur Evangelisierung einberufen hatte, und Franziskus, der die Familie in den Fokus nahm und dabei erste Schritte hin zu einer synodalen Vorgehensweise machte, die heute aus dem kirchlichen Diskurs nicht mehr wegzudenken ist.<\/p>\n\n\n\n<figure class=\"wp-block-pullquote has-medium-font-size\" style=\"border-top-color:var(--wp--preset--color--luminous-vivid-orange);border-top-style:solid;border-top-width:1px;border-bottom-color:var(--wp--preset--color--luminous-vivid-orange);border-bottom-style:solid;border-bottom-width:1px;font-style:italic;font-weight:300\"><blockquote><p>\u201eFamilie als das Fundament der Gesellschaft\u201c<\/p><\/blockquote><\/figure>\n\n\n\n<p>Es gelte, dem Herrn f\u00fcr die mit der Familiensynode erhaltene \u201eAnregung f\u00fcr das Studium und die pastorale Umkehr der Kirche\u201c zu danken und ihn \u201eum den Mut\u201c zu bitten, \u201eden Weg weiterzugehen, indem wir das Evangelium stets aufs Neue in der Freude annehmen, es allen verk\u00fcnden zu d\u00fcrfen\u201c, schreibt Papst Leo. Das Dokument \u201eAmoris laetitia\u201c biete \u201eeine wertvolle Lehre, die wir heute weiter vertiefen m\u00fcssen: die biblische Hoffnung auf die liebevolle und barmherzige Gegenwart Gottes, die es erm\u00f6glicht, ,Geschichten der Liebe\u2018 zu leben, auch wenn man ,Familienkrisen\u2018 durchlebt&#8220;, w\u00fcrdigt der Papst, der unter Bezugnahme auf die Lehre des Zweiten Vatikanischen Konzils (1962-65) die Familie als \u201edas Fundament der Gesellschaft\u201c anerkennt. Es gelte vor diesem Hintergrund allerdings auch, die Familien zu unterst\u00fctzen, \u201einsbesondere diejenigen, die unter den vielf\u00e4ltigen Formen von Armut und Gewalt in der heutigen Gesellschaft leiden\u201c, so Papst Leo.<\/p>\n\n\n\n<p>\u201eDanken wir dem Herrn f\u00fcr die Familien, die trotz Schwierigkeiten und Herausforderungen ,die Spiritualit\u00e4t der famili\u00e4ren Liebe\u2018 leben, die ,aus Tausenden von realen und konkreten Gesten\u2018 (AL, 315) besteht\u201c. Das Kirchenoberhaupt spricht in diesem Zusammenhang auch \u201eden Hirten, den pastoralen Mitarbeitern, den Vereinigungen von Gl\u00e4ubigen und den kirchlichen Bewegungen, die sich in der Familienpastoral engagieren\u201c, seinen Dank aus.<\/p>\n\n\n\n<div style=\"height:24px\" aria-hidden=\"true\" class=\"wp-block-spacer\"><\/div>\n\n\n\n<figure class=\"wp-block-image aligncenter size-full\"><img fetchpriority=\"high\" decoding=\"async\" width=\"2048\" height=\"1236\" src=\"https:\/\/schoenstatt.com\/wp-content\/uploads\/2025\/05\/family-mision-spain-pilgrim-mother-3.jpg\" alt=\"\" class=\"wp-image-56811\" srcset=\"https:\/\/schoenstatt.com\/wp-content\/uploads\/2025\/05\/family-mision-spain-pilgrim-mother-3.jpg 2048w, https:\/\/schoenstatt.com\/wp-content\/uploads\/2025\/05\/family-mision-spain-pilgrim-mother-3-768x464.jpg 768w, https:\/\/schoenstatt.com\/wp-content\/uploads\/2025\/05\/family-mision-spain-pilgrim-mother-3-1536x927.jpg 1536w\" sizes=\"(max-width: 2048px) 100vw, 2048px\" \/><\/figure>\n\n\n\n<div style=\"height:29px\" aria-hidden=\"true\" class=\"wp-block-spacer\"><\/div>\n\n\n\n<h2 class=\"wp-block-heading has-medium-font-size\" id=\"h-unterstutzung-fur-familien-notig\">Unterst\u00fctzung f\u00fcr Familien n\u00f6tig<\/h2>\n\n\n\n<p>Die heutige Zeit sei von \u201eraschen Ver\u00e4nderungen\u201c gepr\u00e4gt, die es \u201emehr noch als vor zehn Jahren erforderlich\u201c machten, den Familien \u201ebesondere pastorale Aufmerksamkeit zu schenken\u201c, betont Papst Leo in seinem Schreiben. Denn gerade ihnen habe der Herr \u201edie Aufgabe anvertraut, an der Mission der Kirche mitzuwirken, das Evangelium zu verk\u00fcnden und zu bezeugen\u201c, zitiert der erste US-Amerikaner auf dem Papststuhl aus dem Dokument Familiaris consortio seines polnischen Vorg\u00e4nger Johannes Paul II. aus dem Jahr 1981. Tats\u00e4chlich gebe es Orte und Umst\u00e4nde, an denen die Kirche \u201enur durch die Laien und insbesondere durch die Familien\u201c zum \u201eSalz der Erde\u201c werden k\u00f6nne, greift er auch eine entsprechende Aussage aus Lumen gentium auf. \u00dcber diese Konstitution des Konzils denkt er derzeit w\u00e4hrend seines aktuellen Katechesezyklus bei den Generalaudienzen nach.<\/p>\n\n\n\n<figure class=\"wp-block-pullquote has-medium-font-size\" style=\"border-top-color:var(--wp--preset--color--luminous-vivid-orange);border-top-style:solid;border-top-width:1px;border-bottom-color:var(--wp--preset--color--luminous-vivid-orange);border-bottom-style:solid;border-bottom-width:1px;font-style:italic;font-weight:300\"><blockquote><p>\u201eMan kann nicht \u00fcber die Familie sprechen, ohne Familien zu Rate zu ziehen\u201c<\/p><\/blockquote><\/figure>\n\n\n\n<p>\u201eDaher muss das Engagement der Kirche in diesem Bereich erneuert und vertieft werden, damit diejenigen, die der Herr zum Ehe- und Familienleben beruft, ihre eheliche Liebe in Christus leben k\u00f6nnen und die jungen Menschen sich von der Bedeutung der ehelichen Berufung in der Kirche angezogen f\u00fchlen\u201c, so Papst Leo, der dies zum Anlass nimmt, die Vorsitzenden der Bischofskonferenzen zu einem gemeinsamen Austausch nach Rom einzuberufen.<\/p>\n\n\n\n<p>Ein konkretes Datum nennt er in dem Schreiben allerdings noch nicht. Auch von einem erweiterten Teilnehmerkreis ist an dieser Stelle keine Rede. Allerdings zitiert er seinen Vorg\u00e4nger Franziskus, der bei der Feier zum 50. Jahrestag der Bischofssynode gesagt hatte, dass es nicht m\u00f6glich sei, \u201e\u00fcber die Familie zu sprechen, ohne Familien zu Rate zu ziehen und ihre Freuden und Hoffnungen, ihre Leiden und ihre \u00c4ngste anzuh\u00f6ren\u201c.<\/p>\n\n\n\n<p><strong>Quelle:<\/strong> <a href=\"https:\/\/www.vaticannews.va\/de\/papst\/news\/2026-03\/papst-leo-xiv-bischofsversammlung-familie-oktober-2026-einladung.html\" target=\"_blank\" rel=\"noreferrer noopener\">vaticannews.va\/de<\/a><\/p>\n","protected":false},"excerpt":{"rendered":"<p>Zum 10. Jahrestag des Apostolischen Schreibens Amoris laetitia hat Papst Leo angek\u00fcndigt, eine Bischofsversammlung zum Thema Familie einberufen zu wollen.<\/p>\n","protected":false},"author":3,"featured_media":56811,"comment_status":"closed","ping_status":"closed","sticky":false,"template":"","format":"standard","meta":{"footnotes":""},"categories":[874,851],"tags":[774],"class_list":["post-69080","post","type-post","status-publish","format-standard","has-post-thumbnail","hentry","category-familie-de","category-kirche-de","tag-familie-de"],"yoast_head":"<!-- This site is optimized with the Yoast SEO Premium plugin v27.4 (Yoast SEO v27.5) - https:\/\/yoast.com\/product\/yoast-seo-premium-wordpress\/ -->\n<title>Papst plant Gipfel zu Glaubensweitergabe an Familie - Schoenstatt<\/title>\n<meta name=\"description\" content=\"Zum 10. Jahrestag des Apostolischen Schreibens Amoris laetitia hat Papst Leo angek\u00fcndigt, eine Bischofsversammlung zum Thema Familie einberufen zu wollen.\" \/>\n<meta name=\"robots\" content=\"index, follow, max-snippet:-1, max-image-preview:large, max-video-preview:-1\" \/>\n<link rel=\"canonical\" href=\"https:\/\/schoenstatt.com\/de\/papst-plant-gipfel-zu-glaubensweitergabe-an-familie\/\" \/>\n<meta property=\"og:locale\" content=\"de_DE\" \/>\n<meta property=\"og:type\" content=\"article\" \/>\n<meta property=\"og:title\" content=\"Papst plant Gipfel zu Glaubensweitergabe an Familie\" \/>\n<meta property=\"og:description\" content=\"Zum 10. Jahrestag des Apostolischen Schreibens Amoris laetitia hat Papst Leo angek\u00fcndigt, eine Bischofsversammlung zum Thema Familie einberufen zu wollen.\" \/>\n<meta property=\"og:url\" content=\"https:\/\/schoenstatt.com\/de\/papst-plant-gipfel-zu-glaubensweitergabe-an-familie\/\" \/>\n<meta property=\"og:site_name\" content=\"Schoenstatt\" \/>\n<meta property=\"article:published_time\" content=\"2026-03-19T13:51:50+00:00\" \/>\n<meta property=\"article:modified_time\" content=\"2026-03-19T18:55:50+00:00\" \/>\n<meta property=\"og:image\" content=\"https:\/\/schoenstatt.com\/wp-content\/uploads\/2025\/05\/family-mision-spain-pilgrim-mother-3.jpg\" \/>\n\t<meta property=\"og:image:width\" content=\"2048\" \/>\n\t<meta property=\"og:image:height\" content=\"1236\" \/>\n\t<meta property=\"og:image:type\" content=\"image\/jpeg\" \/>\n<meta name=\"author\" content=\"Karen Bueno\" \/>\n<meta name=\"twitter:card\" content=\"summary_large_image\" \/>\n<meta name=\"twitter:label1\" content=\"Verfasst von\" \/>\n\t<meta name=\"twitter:data1\" content=\"Karen Bueno\" \/>\n\t<meta name=\"twitter:label2\" content=\"Gesch\u00e4tzte Lesezeit\" \/>\n\t<meta name=\"twitter:data2\" content=\"5\u00a0Minuten\" \/>\n<script type=\"application\/ld+json\" class=\"yoast-schema-graph\">{\"@context\":\"https:\\\/\\\/schema.org\",\"@graph\":[{\"@type\":\"Article\",\"@id\":\"https:\\\/\\\/schoenstatt.com\\\/de\\\/papst-plant-gipfel-zu-glaubensweitergabe-an-familie\\\/#article\",\"isPartOf\":{\"@id\":\"https:\\\/\\\/schoenstatt.com\\\/de\\\/papst-plant-gipfel-zu-glaubensweitergabe-an-familie\\\/\"},\"author\":{\"name\":\"Karen Bueno\",\"@id\":\"https:\\\/\\\/schoenstatt.com\\\/de\\\/#\\\/schema\\\/person\\\/5158877ad4acae98b34daaeef2a1ce6e\"},\"headline\":\"Papst plant Gipfel zu Glaubensweitergabe an Familie\",\"datePublished\":\"2026-03-19T13:51:50+00:00\",\"dateModified\":\"2026-03-19T18:55:50+00:00\",\"mainEntityOfPage\":{\"@id\":\"https:\\\/\\\/schoenstatt.com\\\/de\\\/papst-plant-gipfel-zu-glaubensweitergabe-an-familie\\\/\"},\"wordCount\":776,\"publisher\":{\"@id\":\"https:\\\/\\\/schoenstatt.com\\\/de\\\/#organization\"},\"image\":{\"@id\":\"https:\\\/\\\/schoenstatt.com\\\/de\\\/papst-plant-gipfel-zu-glaubensweitergabe-an-familie\\\/#primaryimage\"},\"thumbnailUrl\":\"https:\\\/\\\/schoenstatt.com\\\/wp-content\\\/uploads\\\/2025\\\/05\\\/family-mision-spain-pilgrim-mother-3.jpg\",\"keywords\":[\"Familie\"],\"articleSection\":[\"Familie\",\"Kirche\"],\"inLanguage\":\"de\"},{\"@type\":\"WebPage\",\"@id\":\"https:\\\/\\\/schoenstatt.com\\\/de\\\/papst-plant-gipfel-zu-glaubensweitergabe-an-familie\\\/\",\"url\":\"https:\\\/\\\/schoenstatt.com\\\/de\\\/papst-plant-gipfel-zu-glaubensweitergabe-an-familie\\\/\",\"name\":\"Papst plant Gipfel zu Glaubensweitergabe an Familie - Schoenstatt\",\"isPartOf\":{\"@id\":\"https:\\\/\\\/schoenstatt.com\\\/de\\\/#website\"},\"primaryImageOfPage\":{\"@id\":\"https:\\\/\\\/schoenstatt.com\\\/de\\\/papst-plant-gipfel-zu-glaubensweitergabe-an-familie\\\/#primaryimage\"},\"image\":{\"@id\":\"https:\\\/\\\/schoenstatt.com\\\/de\\\/papst-plant-gipfel-zu-glaubensweitergabe-an-familie\\\/#primaryimage\"},\"thumbnailUrl\":\"https:\\\/\\\/schoenstatt.com\\\/wp-content\\\/uploads\\\/2025\\\/05\\\/family-mision-spain-pilgrim-mother-3.jpg\",\"datePublished\":\"2026-03-19T13:51:50+00:00\",\"dateModified\":\"2026-03-19T18:55:50+00:00\",\"description\":\"Zum 10. Jahrestag des Apostolischen Schreibens Amoris laetitia hat Papst Leo angek\u00fcndigt, eine Bischofsversammlung zum Thema Familie einberufen zu wollen.\",\"breadcrumb\":{\"@id\":\"https:\\\/\\\/schoenstatt.com\\\/de\\\/papst-plant-gipfel-zu-glaubensweitergabe-an-familie\\\/#breadcrumb\"},\"inLanguage\":\"de\",\"potentialAction\":[{\"@type\":\"ReadAction\",\"target\":[\"https:\\\/\\\/schoenstatt.com\\\/de\\\/papst-plant-gipfel-zu-glaubensweitergabe-an-familie\\\/\"]}]},{\"@type\":\"ImageObject\",\"inLanguage\":\"de\",\"@id\":\"https:\\\/\\\/schoenstatt.com\\\/de\\\/papst-plant-gipfel-zu-glaubensweitergabe-an-familie\\\/#primaryimage\",\"url\":\"https:\\\/\\\/schoenstatt.com\\\/wp-content\\\/uploads\\\/2025\\\/05\\\/family-mision-spain-pilgrim-mother-3.jpg\",\"contentUrl\":\"https:\\\/\\\/schoenstatt.com\\\/wp-content\\\/uploads\\\/2025\\\/05\\\/family-mision-spain-pilgrim-mother-3.jpg\",\"width\":2048,\"height\":1236},{\"@type\":\"BreadcrumbList\",\"@id\":\"https:\\\/\\\/schoenstatt.com\\\/de\\\/papst-plant-gipfel-zu-glaubensweitergabe-an-familie\\\/#breadcrumb\",\"itemListElement\":[{\"@type\":\"ListItem\",\"position\":1,\"name\":\"Portada\",\"item\":\"https:\\\/\\\/schoenstatt.com\\\/de\\\/home\\\/\"},{\"@type\":\"ListItem\",\"position\":2,\"name\":\"Papst plant Gipfel zu Glaubensweitergabe an Familie\"}]},{\"@type\":\"WebSite\",\"@id\":\"https:\\\/\\\/schoenstatt.com\\\/de\\\/#website\",\"url\":\"https:\\\/\\\/schoenstatt.com\\\/de\\\/\",\"name\":\"Schoenstatt\",\"description\":\"Apostolic Movement\",\"publisher\":{\"@id\":\"https:\\\/\\\/schoenstatt.com\\\/de\\\/#organization\"},\"potentialAction\":[{\"@type\":\"SearchAction\",\"target\":{\"@type\":\"EntryPoint\",\"urlTemplate\":\"https:\\\/\\\/schoenstatt.com\\\/de\\\/?s={search_term_string}\"},\"query-input\":{\"@type\":\"PropertyValueSpecification\",\"valueRequired\":true,\"valueName\":\"search_term_string\"}}],\"inLanguage\":\"de\"},{\"@type\":\"Organization\",\"@id\":\"https:\\\/\\\/schoenstatt.com\\\/de\\\/#organization\",\"name\":\"Schoenstatt\",\"url\":\"https:\\\/\\\/schoenstatt.com\\\/de\\\/\",\"logo\":{\"@type\":\"ImageObject\",\"inLanguage\":\"de\",\"@id\":\"https:\\\/\\\/schoenstatt.com\\\/de\\\/#\\\/schema\\\/logo\\\/image\\\/\",\"url\":\"https:\\\/\\\/schoenstatt.com\\\/wp-content\\\/uploads\\\/2025\\\/04\\\/logo-schoenstatt-white-696x696-1.png\",\"contentUrl\":\"https:\\\/\\\/schoenstatt.com\\\/wp-content\\\/uploads\\\/2025\\\/04\\\/logo-schoenstatt-white-696x696-1.png\",\"width\":696,\"height\":694,\"caption\":\"Schoenstatt\"},\"image\":{\"@id\":\"https:\\\/\\\/schoenstatt.com\\\/de\\\/#\\\/schema\\\/logo\\\/image\\\/\"}},{\"@type\":\"Person\",\"@id\":\"https:\\\/\\\/schoenstatt.com\\\/de\\\/#\\\/schema\\\/person\\\/5158877ad4acae98b34daaeef2a1ce6e\",\"name\":\"Karen Bueno\",\"image\":{\"@type\":\"ImageObject\",\"inLanguage\":\"de\",\"@id\":\"https:\\\/\\\/secure.gravatar.com\\\/avatar\\\/f9f4b823873154269d2b2130f195f6d41037dd0d7fc5f3cacb5c846bae70d66b?s=96&d=mm&r=g\",\"url\":\"https:\\\/\\\/secure.gravatar.com\\\/avatar\\\/f9f4b823873154269d2b2130f195f6d41037dd0d7fc5f3cacb5c846bae70d66b?s=96&d=mm&r=g\",\"contentUrl\":\"https:\\\/\\\/secure.gravatar.com\\\/avatar\\\/f9f4b823873154269d2b2130f195f6d41037dd0d7fc5f3cacb5c846bae70d66b?s=96&d=mm&r=g\",\"caption\":\"Karen Bueno\"},\"url\":\"https:\\\/\\\/schoenstatt.com\\\/de\\\/author\\\/karen-bueno\\\/\"}]}<\/script>\n<!-- \/ Yoast SEO Premium plugin. -->","yoast_head_json":{"title":"Papst plant Gipfel zu Glaubensweitergabe an Familie - Schoenstatt","description":"Zum 10. Jahrestag des Apostolischen Schreibens Amoris laetitia hat Papst Leo angek\u00fcndigt, eine Bischofsversammlung zum Thema Familie einberufen zu wollen.","robots":{"index":"index","follow":"follow","max-snippet":"max-snippet:-1","max-image-preview":"max-image-preview:large","max-video-preview":"max-video-preview:-1"},"canonical":"https:\/\/schoenstatt.com\/de\/papst-plant-gipfel-zu-glaubensweitergabe-an-familie\/","og_locale":"de_DE","og_type":"article","og_title":"Papst plant Gipfel zu Glaubensweitergabe an Familie","og_description":"Zum 10. Jahrestag des Apostolischen Schreibens Amoris laetitia hat Papst Leo angek\u00fcndigt, eine Bischofsversammlung zum Thema Familie einberufen zu wollen.","og_url":"https:\/\/schoenstatt.com\/de\/papst-plant-gipfel-zu-glaubensweitergabe-an-familie\/","og_site_name":"Schoenstatt","article_published_time":"2026-03-19T13:51:50+00:00","article_modified_time":"2026-03-19T18:55:50+00:00","og_image":[{"width":2048,"height":1236,"url":"https:\/\/schoenstatt.com\/wp-content\/uploads\/2025\/05\/family-mision-spain-pilgrim-mother-3.jpg","type":"image\/jpeg"}],"author":"Karen Bueno","twitter_card":"summary_large_image","twitter_misc":{"Verfasst von":"Karen Bueno","Gesch\u00e4tzte Lesezeit":"5\u00a0Minuten"},"schema":{"@context":"https:\/\/schema.org","@graph":[{"@type":"Article","@id":"https:\/\/schoenstatt.com\/de\/papst-plant-gipfel-zu-glaubensweitergabe-an-familie\/#article","isPartOf":{"@id":"https:\/\/schoenstatt.com\/de\/papst-plant-gipfel-zu-glaubensweitergabe-an-familie\/"},"author":{"name":"Karen Bueno","@id":"https:\/\/schoenstatt.com\/de\/#\/schema\/person\/5158877ad4acae98b34daaeef2a1ce6e"},"headline":"Papst plant Gipfel zu Glaubensweitergabe an Familie","datePublished":"2026-03-19T13:51:50+00:00","dateModified":"2026-03-19T18:55:50+00:00","mainEntityOfPage":{"@id":"https:\/\/schoenstatt.com\/de\/papst-plant-gipfel-zu-glaubensweitergabe-an-familie\/"},"wordCount":776,"publisher":{"@id":"https:\/\/schoenstatt.com\/de\/#organization"},"image":{"@id":"https:\/\/schoenstatt.com\/de\/papst-plant-gipfel-zu-glaubensweitergabe-an-familie\/#primaryimage"},"thumbnailUrl":"https:\/\/schoenstatt.com\/wp-content\/uploads\/2025\/05\/family-mision-spain-pilgrim-mother-3.jpg","keywords":["Familie"],"articleSection":["Familie","Kirche"],"inLanguage":"de"},{"@type":"WebPage","@id":"https:\/\/schoenstatt.com\/de\/papst-plant-gipfel-zu-glaubensweitergabe-an-familie\/","url":"https:\/\/schoenstatt.com\/de\/papst-plant-gipfel-zu-glaubensweitergabe-an-familie\/","name":"Papst plant Gipfel zu Glaubensweitergabe an Familie - Schoenstatt","isPartOf":{"@id":"https:\/\/schoenstatt.com\/de\/#website"},"primaryImageOfPage":{"@id":"https:\/\/schoenstatt.com\/de\/papst-plant-gipfel-zu-glaubensweitergabe-an-familie\/#primaryimage"},"image":{"@id":"https:\/\/schoenstatt.com\/de\/papst-plant-gipfel-zu-glaubensweitergabe-an-familie\/#primaryimage"},"thumbnailUrl":"https:\/\/schoenstatt.com\/wp-content\/uploads\/2025\/05\/family-mision-spain-pilgrim-mother-3.jpg","datePublished":"2026-03-19T13:51:50+00:00","dateModified":"2026-03-19T18:55:50+00:00","description":"Zum 10. Jahrestag des Apostolischen Schreibens Amoris laetitia hat Papst Leo angek\u00fcndigt, eine Bischofsversammlung zum Thema Familie einberufen zu wollen.","breadcrumb":{"@id":"https:\/\/schoenstatt.com\/de\/papst-plant-gipfel-zu-glaubensweitergabe-an-familie\/#breadcrumb"},"inLanguage":"de","potentialAction":[{"@type":"ReadAction","target":["https:\/\/schoenstatt.com\/de\/papst-plant-gipfel-zu-glaubensweitergabe-an-familie\/"]}]},{"@type":"ImageObject","inLanguage":"de","@id":"https:\/\/schoenstatt.com\/de\/papst-plant-gipfel-zu-glaubensweitergabe-an-familie\/#primaryimage","url":"https:\/\/schoenstatt.com\/wp-content\/uploads\/2025\/05\/family-mision-spain-pilgrim-mother-3.jpg","contentUrl":"https:\/\/schoenstatt.com\/wp-content\/uploads\/2025\/05\/family-mision-spain-pilgrim-mother-3.jpg","width":2048,"height":1236},{"@type":"BreadcrumbList","@id":"https:\/\/schoenstatt.com\/de\/papst-plant-gipfel-zu-glaubensweitergabe-an-familie\/#breadcrumb","itemListElement":[{"@type":"ListItem","position":1,"name":"Portada","item":"https:\/\/schoenstatt.com\/de\/home\/"},{"@type":"ListItem","position":2,"name":"Papst plant Gipfel zu Glaubensweitergabe an Familie"}]},{"@type":"WebSite","@id":"https:\/\/schoenstatt.com\/de\/#website","url":"https:\/\/schoenstatt.com\/de\/","name":"Schoenstatt","description":"Apostolic Movement","publisher":{"@id":"https:\/\/schoenstatt.com\/de\/#organization"},"potentialAction":[{"@type":"SearchAction","target":{"@type":"EntryPoint","urlTemplate":"https:\/\/schoenstatt.com\/de\/?s={search_term_string}"},"query-input":{"@type":"PropertyValueSpecification","valueRequired":true,"valueName":"search_term_string"}}],"inLanguage":"de"},{"@type":"Organization","@id":"https:\/\/schoenstatt.com\/de\/#organization","name":"Schoenstatt","url":"https:\/\/schoenstatt.com\/de\/","logo":{"@type":"ImageObject","inLanguage":"de","@id":"https:\/\/schoenstatt.com\/de\/#\/schema\/logo\/image\/","url":"https:\/\/schoenstatt.com\/wp-content\/uploads\/2025\/04\/logo-schoenstatt-white-696x696-1.png","contentUrl":"https:\/\/schoenstatt.com\/wp-content\/uploads\/2025\/04\/logo-schoenstatt-white-696x696-1.png","width":696,"height":694,"caption":"Schoenstatt"},"image":{"@id":"https:\/\/schoenstatt.com\/de\/#\/schema\/logo\/image\/"}},{"@type":"Person","@id":"https:\/\/schoenstatt.com\/de\/#\/schema\/person\/5158877ad4acae98b34daaeef2a1ce6e","name":"Karen Bueno","image":{"@type":"ImageObject","inLanguage":"de","@id":"https:\/\/secure.gravatar.com\/avatar\/f9f4b823873154269d2b2130f195f6d41037dd0d7fc5f3cacb5c846bae70d66b?s=96&d=mm&r=g","url":"https:\/\/secure.gravatar.com\/avatar\/f9f4b823873154269d2b2130f195f6d41037dd0d7fc5f3cacb5c846bae70d66b?s=96&d=mm&r=g","contentUrl":"https:\/\/secure.gravatar.com\/avatar\/f9f4b823873154269d2b2130f195f6d41037dd0d7fc5f3cacb5c846bae70d66b?s=96&d=mm&r=g","caption":"Karen Bueno"},"url":"https:\/\/schoenstatt.com\/de\/author\/karen-bueno\/"}]}},"_links":{"self":[{"href":"https:\/\/schoenstatt.com\/de\/wp-json\/wp\/v2\/posts\/69080","targetHints":{"allow":["GET"]}}],"collection":[{"href":"https:\/\/schoenstatt.com\/de\/wp-json\/wp\/v2\/posts"}],"about":[{"href":"https:\/\/schoenstatt.com\/de\/wp-json\/wp\/v2\/types\/post"}],"author":[{"embeddable":true,"href":"https:\/\/schoenstatt.com\/de\/wp-json\/wp\/v2\/users\/3"}],"replies":[{"embeddable":true,"href":"https:\/\/schoenstatt.com\/de\/wp-json\/wp\/v2\/comments?post=69080"}],"version-history":[{"count":4,"href":"https:\/\/schoenstatt.com\/de\/wp-json\/wp\/v2\/posts\/69080\/revisions"}],"predecessor-version":[{"id":69102,"href":"https:\/\/schoenstatt.com\/de\/wp-json\/wp\/v2\/posts\/69080\/revisions\/69102"}],"wp:featuredmedia":[{"embeddable":true,"href":"https:\/\/schoenstatt.com\/de\/wp-json\/wp\/v2\/media\/56811"}],"wp:attachment":[{"href":"https:\/\/schoenstatt.com\/de\/wp-json\/wp\/v2\/media?parent=69080"}],"wp:term":[{"taxonomy":"category","embeddable":true,"href":"https:\/\/schoenstatt.com\/de\/wp-json\/wp\/v2\/categories?post=69080"},{"taxonomy":"post_tag","embeddable":true,"href":"https:\/\/schoenstatt.com\/de\/wp-json\/wp\/v2\/tags?post=69080"}],"curies":[{"name":"wp","href":"https:\/\/api.w.org\/{rel}","templated":true}]}}