{"id":68904,"date":"2026-03-09T16:02:07","date_gmt":"2026-03-09T15:02:07","guid":{"rendered":"https:\/\/schoenstatt.com\/?p=68904"},"modified":"2026-03-11T12:27:37","modified_gmt":"2026-03-11T11:27:37","slug":"interview-mit-maria-pia-adriasola-first-lady-von-chile","status":"publish","type":"post","link":"https:\/\/schoenstatt.com\/de\/interview-mit-maria-pia-adriasola-first-lady-von-chile\/","title":{"rendered":"Interview mit Mar\u00eda P\u00eda Adriasola, First Lady von Chile"},"content":{"rendered":"\n<h2 class=\"wp-block-heading has-medium-font-size\" id=\"h-eine-gemeinsam-ubernommene-mission-wir-sagen-ja-und-vertrauen-darauf\">Eine gemeinsam \u00fcbernommene Mission: \u201eWir sagen Ja und vertrauen darauf\u201c<\/h2>\n\n\n\n<p>Die M\u00e4rzausgabe von V\u00ednculo startet mit einem in unserer j\u00fcngeren Geschichte beispiellosen Ereignis ins neue Jahr: <strong>Ein dem Sch\u00f6nstatt-Familieninstitut angeh\u00f6rendes Ehepaar \u00fcbernimmt die Pr\u00e4sidentschaft Chiles<\/strong>. Am <strong>11. M\u00e4rz <\/strong>wird Jos\u00e9 Antonio Kast <a href=\"https:\/\/schoenstatt.com\/de\/schonstatter-zum-neuen-prasidenten-chiles-gewahlt\/\">als Pr\u00e4sident vereidigt<\/a>, an seiner Seite wird <strong>Mar\u00eda P\u00eda Adriasola <\/strong>als <strong>First Lady<\/strong> amtieren. Diese Position gab es in Chile in den vergangenen Legislaturperioden formal nicht.<\/p>\n\n\n\n<p>In dem Monat, in dem wir den Internationalen Frauentag feiern, wollten wir mit Mar\u00eda P\u00eda Adriasola sprechen. Wir interessieren uns nicht nur f\u00fcr die \u00f6ffentliche Rolle, die sie nun \u00fcbernimmt, sondern auch f\u00fcr ihre tiefste Identit\u00e4t: katholische Frau, Ehefrau, Mutter von neun Kindern, Gro\u00dfmutter und aktives Mitglied unserer Sch\u00f6nstattfamilie. Wir wollten erfahren, wie ihre Glaubensgeschichte, ihre Verbindung zur Gottesmutter und die P\u00e4dagogik der Bewegung ihr Ehe- und Familienleben gepr\u00e4gt haben und wie diese neue Etappe ihres \u00f6ffentlichen Dienstes sie beeinflussen wird.<\/p>\n\n\n\n<p>In der Sch\u00f6nstattfamilie in Chile existieren unterschiedliche politische Ansichten und Sensibilit\u00e4ten legitimerweise nebeneinander. Nicht alle haben dasselbe nationale Projekt unterst\u00fctzt oder denselben Kandidaten gew\u00e4hlt. Aber etwas Tieferes verbindet uns: Wir sind Br\u00fcder und Schwestern im Glauben, Kinder derselben Mutter, besiegelt im selben Liebesb\u00fcndnis. Aus dieser geistlichen Gemeinschaft heraus erkennen wir, dass dieses Ehepaar nun eine besonders anspruchsvolle Aufgabe f\u00fcr das Land \u00fcbernimmt.<\/p>\n\n\n\n<p>Genau hier m\u00f6chte dieses Interview ansetzen: nicht in parteipolitischen Zuf\u00e4lligkeiten, sondern im Herzen einer Berufung. Von dort aus wollen wir sie mit unseren Gebeten begleiten und im Heiligtum vereint bleiben \u2013 als Familien, die denselben Bund und dieselbe Mission teilen \u2013, im Vertrauen darauf, dass die Gottesmutter die Schritte unserer gemeinsamen Geschichte zu leiten wei\u00df.<\/p>\n\n\n\n<div style=\"height:30px\" aria-hidden=\"true\" class=\"wp-block-spacer\"><\/div>\n\n\n\n<figure class=\"wp-block-image aligncenter size-full is-resized\"><img decoding=\"async\" src=\"https:\/\/schoenstatt.com\/wp-content\/uploads\/2026\/03\/Maria-Pia-and-Jose-Antonio-Kast-1.webp\" alt=\"\" class=\"wp-image-68876\" style=\"aspect-ratio:1.229586935638809;width:636px;height:auto\"\/><\/figure>\n\n\n\n<div style=\"height:24px\" aria-hidden=\"true\" class=\"wp-block-spacer\"><\/div>\n\n\n\n<p><strong>Mar\u00eda P\u00eda Adriasola Barroilhet <\/strong>wurde am 9. M\u00e4rz 1967 in Santiago geboren. Sie ist Juristin der P\u00e4pstlichen Katholischen Universit\u00e4t von Chile und hat einen Masterabschluss in Ehe und Familie an der Universit\u00e4t Los Andes. Seit dem 6. April 1991 ist sie mit Jos\u00e9 Antonio Kast verheiratet; sie sind Eltern von neun Kindern und Gro\u00dfeltern von f\u00fcnf Enkeln. Ihr berufliches und akademisches Leben ist eng mit dem famili\u00e4ren Bereich verbunden, entsprechend ihrer Berufung zur Ehe und ihrer Mitgliedschaft im Sch\u00f6nstatt-Familieninstitut.<\/p>\n\n\n\n<div style=\"height:27px\" aria-hidden=\"true\" class=\"wp-block-spacer\"><\/div>\n\n\n\n<hr class=\"wp-block-separator has-text-color has-alpha-channel-opacity has-background\" style=\"background-color:#e79256;color:#e79256\"\/>\n\n\n\n<div style=\"height:37px\" aria-hidden=\"true\" class=\"wp-block-spacer\"><\/div>\n\n\n\n<p><strong>Wie war Ihre katholische Erziehung in Ihrer Kindheit und Jugend und wer hat Ihren spirituellen Weg beeinflusst?<\/strong><\/p>\n\n\n\n<p>Meine katholische Erziehung fand in erster Linie in meinem Elternhaus statt, wo meine Eltern eine grundlegende Rolle spielten. W\u00e4hrend meiner Schulzeit wurde ich katholisch erzogen. Das Leben auf dem Land und der Kontakt mit der Natur haben meine Beziehung zu Gott sehr gest\u00e4rkt. Im College trat ich der Sch\u00f6nstatt-M\u00e4dchenjugend bei. Seitdem steht mir Pater Horacio Rivas sehr nahe. Auch meine Schwiegereltern, bei denen ich 24 Jahre lang lebte, hatten mit ihrer Gro\u00dfz\u00fcgigkeit und ihrem Dienstgeist gro\u00dfen Einfluss auf mich.<\/p>\n\n\n\n<div style=\"height:30px\" aria-hidden=\"true\" class=\"wp-block-spacer\"><\/div>\n\n\n\n<p><strong>Wie haben Sie die Sch\u00f6nstattbewegung kennengelernt und was hat Sie an ihrer Spiritualit\u00e4t am meisten angezogen?<\/strong><\/p>\n\n\n\n<p>Ich habe die Sch\u00f6nstattbewegung w\u00e4hrend einer Exerzitienwoche in meiner Schulzeit kennengelernt. Wir kamen in Bellavista an, und ich war von der Atmosph\u00e4re des Ortes und des Heiligtums so angetan, dass ich das Gef\u00fchl hatte, hier zu sein. Ich traf einen sehr fr\u00f6hlichen Priester, der Gitarre spielte und sang. Und was mir am besten gefiel, war, dass Spiritualit\u00e4t als Familie und in Gemeinschaft gelebt wurde. Das war f\u00fcr mich das \u00dcberraschendste.<\/p>\n\n\n\n<div style=\"height:21px\" aria-hidden=\"true\" class=\"wp-block-spacer\"><\/div>\n\n\n\n<p><strong>Was hat Sie dazu bewogen, sich der Familienbewegung und dann dem Institut beizutreten?<\/strong><\/p>\n\n\n\n<p>Die urspr\u00fcngliche Vision Sch\u00f6nstatts, die sich auf die Familie und auf eine spirituelle Entwicklung konzentriert, die in einer menschlichen, nat\u00fcrlichen und allt\u00e4glichen Realit\u00e4t verwurzelt ist, hat uns sehr bereichert. Die Pflege einer pers\u00f6nlichen, liebevollen Beziehung zur Gottesmutter und zu Gott nimmt in unseren Beziehungen als Ehepaar, als Eltern und in all unseren Beziehungen konkrete Gestalt an. Eine Gemeinschaft zu haben, ist eine enorme Hilfe, um sich gegenseitig auf diesem Weg zu begleiten.<\/p>\n\n\n\n<div style=\"height:29px\" aria-hidden=\"true\" class=\"wp-block-spacer\"><\/div>\n\n\n\n<p><strong>Wie hat die P\u00e4dagogik Sch\u00f6nstatts Ihr Ehe- und Familienleben beeinflusst?<\/strong><\/p>\n\n\n\n<p>Die Sch\u00f6nstatt-P\u00e4dagogik wird im Laufe der Zeit verstanden und in unser Leben integriert. Das Sch\u00f6nste ist es, das geistliche Leben mit den Herausforderungen des Lebens in Einklang zu bringen. Ein Hausheiligtum zu haben, mit der wirksamen Gegenwart der Gottesmutter, die uns immer begleitet und unterst\u00fctzt, f\u00fcr uns sorgt, uns besch\u00fctzt und harmonisiert, ist ein gro\u00dfes Geschenk.<\/p>\n\n\n\n<div style=\"height:23px\" aria-hidden=\"true\" class=\"wp-block-spacer\"><\/div>\n\n\n\n<figure class=\"wp-block-image aligncenter size-full is-resized\"><img decoding=\"async\" src=\"https:\/\/schoenstatt.com\/wp-content\/uploads\/2026\/03\/Maria-Pia-and-Jose-Antonio-Kast-3.webp\" alt=\"\" class=\"wp-image-68886\" style=\"aspect-ratio:0.6687565308254964;width:548px;height:auto\"\/><\/figure>\n\n\n\n<div style=\"height:24px\" aria-hidden=\"true\" class=\"wp-block-spacer\"><\/div>\n\n\n\n<p><strong>Die Pr\u00e4sidentschaftswahlen er\u00f6ffnen Ihrer Familie eine v\u00f6llig neue Etappe. Wie stehen Sie zur Herausforderung, dass Ihr Mann Pr\u00e4sident von Chile wird?<\/strong><\/p>\n\n\n\n<p>Ich nehme diese Herausforderung als besonderen Auftrag, als Geschenk und als Aufgabe an. Ich muss sie ganz nat\u00fcrlich leben, gelassen und bereitwillig annehmen.<\/p>\n\n\n\n<div style=\"height:21px\" aria-hidden=\"true\" class=\"wp-block-spacer\"><\/div>\n\n\n\n<p><strong>Wie haben Sie diese Mission als Ehepaar erkannt?<\/strong><\/p>\n\n\n\n<p>Gott hat uns unsere Mission in jeder Hinsicht unseres Lebens gegeben. Er hat uns den Weg mit gro\u00dfer Feinf\u00fchligkeit gewiesen. Er dr\u00e4ngt nicht, er fordert nicht, er hat sein perfektes Timing. Das war bei unserer Berufung zur Ehe, bei der Geburt unserer Kinder und bei unserer Berufung zum \u00f6ffentlichen Dienst so. In gewisser Weise hat er uns bewegt, vorbereitet und heute hierher gebracht. Wir sagen \u201eJa\u201c zu ihm und vertrauen ihm.<\/p>\n\n\n\n<div style=\"height:22px\" aria-hidden=\"true\" class=\"wp-block-spacer\"><\/div>\n\n\n\n<p><strong>Nachdem es in Chile eine Zeit lang keine offizielle Rolle der First Lady gab, werden Sie nun diese Aufgabe \u00fcbernehmen. Welche Bedeutung m\u00f6chten Sie ihr geben und welchen pers\u00f6nlichen Stil m\u00f6chten Sie in diese Aufgabe einbringen?<\/strong><\/p>\n\n\n\n<p>F\u00fcr mich ergibt es sehr viel Sinn, diese Aufgabe gemeinsam zu \u00fcbernehmen und Jos\u00e9 Antonio gut zu erg\u00e4nzen. Zusammen haben wir eine gro\u00dfe Familie gegr\u00fcndet. Diese Aufgabe l\u00e4dt mich ein, mein Herz zu \u00f6ffnen und allen mit m\u00fctterlicher Zuneigung zu begegnen. Mein pers\u00f6nlicher Stil ist Umarmungen und N\u00e4he.<\/p>\n\n\n\n<div style=\"height:24px\" aria-hidden=\"true\" class=\"wp-block-spacer\"><\/div>\n\n\n\n<p><strong>Wie kann Ihre Spiritualit\u00e4t angesichts der Herausforderungen, vor denen das Land steht, zu Vers\u00f6hnung, Hoffnung und Dialog beitragen?<\/strong><\/p>\n\n\n\n<p>Ich glaube, dass sich alle Chilenen danach sehnen, in Frieden und Harmonie zu leben. Das spirituelle Leben hilft uns, Liebe und Respekt als Grundlage f\u00fcr alle Dialoge und Verst\u00e4ndnisse zu betrachten und stets das Gemeinwohl anzustreben. Wenn wir uns in Sch\u00f6nstatt alle mit diesem tiefen Bed\u00fcrfnis nach dem Guten verbinden, bin ich sicher, dass Gott uns dabei sehr helfen wird, einander zu finden und zu verstehen.<\/p>\n\n\n\n<div style=\"height:24px\" aria-hidden=\"true\" class=\"wp-block-spacer\"><\/div>\n\n\n\n<p><strong>Wie kann die in Sch\u00f6nstatt empfangene Ausbildung die Aus\u00fcbung des \u00f6ffentlichen Dienstes und der politischen Verantwortung, die Sie \u00fcbernehmen, erhellen?<\/strong><\/p>\n\n\n\n<p>Die Gegenwart Gottes im Leben schenkt uns eine besondere Freude und Zuversicht. Selbst wenn man sich angesichts gro\u00dfer Herausforderungen klein f\u00fchlt, wei\u00df man, dass Er und die Gottesmutter da sind. Neben dem Bestreben, sein Bestes zu geben, gibt es die Gewissheit, dass Er es ist, der uns leitet.<\/p>\n\n\n\n<div style=\"height:25px\" aria-hidden=\"true\" class=\"wp-block-spacer\"><\/div>\n\n\n\n<p><strong>Das politische Leben erfordert ein sehr hohes Tempo. Wie wollen Sie inmitten eines so anspruchsvollen Terminkalenders f\u00fcr Ihre Familie und Ihr Eheleben sorgen?<\/strong><\/p>\n\n\n\n<p>Der Schl\u00fcssel liegt darin, die Grundlagen sicherzustellen. In unserer Ehe bem\u00fchen wir uns, unsere \u201eDating-Dienstage\u201c beizubehalten, die innerhalb derselben Woche flexibel sind. In unserer Familie sind Sonntage besondere Tage, an denen wir zusammenkommen, ebenso wie Feiertage und Geburtstagsfeiern. Abgesehen davon hat jeder von uns die Freiheit, sich mit ganzer Kraft den Dingen zu widmen, die er zu tun hat.<\/p>\n\n\n\n<div style=\"height:28px\" aria-hidden=\"true\" class=\"wp-block-spacer\"><\/div>\n\n\n\n<p><strong>Was glauben Sie: Kann eine gl\u00e4ubige Frau, Ehefrau und Mutter in diesem Monat, in dem die Kirche und die Gesellschaft \u00fcber die Rolle der Frau nachdenken, zum heutigen Chile beitragen?<\/strong><\/p>\n\n\n\n<p>Heute m\u00fcssen wir alle Frauen anerkennen, wertsch\u00e4tzen und w\u00fcrdigen, die das Leben anderer Menschen willkommen hei\u00dfen, annehmen oder sich um sie k\u00fcmmern. Das m\u00fctterliche Herz der Frauen ist in der Gesellschaft unersetzlich, sei es in der Familie, am Arbeitsplatz oder bei jeder anderen Aufgabe oder an jedem anderen Ort, an dem sie sich befinden.<\/p>\n\n\n\n<div style=\"height:30px\" aria-hidden=\"true\" class=\"wp-block-spacer\"><\/div>\n\n\n\n<p><strong>Was werden Sie pers\u00f6nlich in dieser Zeit, die am 11. M\u00e4rz beginnt, von Gott erbitten? Worum m\u00f6chten Sie besonders beten?<\/strong><\/p>\n\n\n\n<p>M\u00f6ge er uns alle mit Frieden, Verst\u00e4ndnis und Wohlwollen segnen. Dass wir gemeinsam das Vaterunser beten und es von ganzem Herzen f\u00fchlen m\u00f6gen.<\/p>\n\n\n\n<div style=\"height:32px\" aria-hidden=\"true\" class=\"wp-block-spacer\"><\/div>\n\n\n\n<p><strong>Welche Botschaft m\u00f6chten Sie schlie\u00dflich der Sch\u00f6nstattfamilie, insbesondere der Sch\u00f6nstattbewegung in Chile, mit auf den Weg geben, da f\u00fcr das Land und f\u00fcr Ihr eigenes Leben eine neue Zeit beginnt?<\/strong><\/p>\n\n\n\n<p>M\u00f6gen sie alle Reicht\u00fcmer nutzen, die wir im Heiligtum haben. M\u00f6gen wir uns dort treffen und vereint bleiben.<\/p>\n\n\n\n<div style=\"height:26px\" aria-hidden=\"true\" class=\"wp-block-spacer\"><\/div>\n\n\n\n<hr class=\"wp-block-separator has-text-color has-alpha-channel-opacity has-background\" style=\"background-color:#e79256;color:#e79256\"\/>\n\n\n\n<div style=\"height:29px\" aria-hidden=\"true\" class=\"wp-block-spacer\"><\/div>\n\n\n\n<p><em>Als Sch\u00f6nstattfamilie wollen wir diese Zeit mit vertrauensvollem Gebet begleiten. Wir laden Sie ein, sich uns im Gebet f\u00fcr den Pr\u00e4sidenten und seine Frau anzuschlie\u00dfen, damit der Herr sie in der Mission, die sie \u00fcbernehmen, erleuchte und st\u00e4rke und damit alles zum Wohl Chiles gereiche.<\/em><\/p>\n\n\n\n<p><strong>Quelle:<\/strong> Zeitschrift V\u00ednculo, Ausgabe Nr. 398, M\u00e4rz 2026<\/p>\n\n\n\n<p><strong>\u00dcbersetzung: <\/strong>Sr. M. Lourdes Mac\u00edas<br><strong>Lektorat:<\/strong> Hildegard Kaiser<\/p>\n","protected":false},"excerpt":{"rendered":"<p>Lesen Sie anl\u00e4sslich des Monats der Frauengeschichte und am Vorabend der Amtseinf\u00fchrung des neuen Pr\u00e4sidenten Chiles unser Interview mit der First Lady des Landes.<\/p>\n","protected":false},"author":3,"featured_media":68879,"comment_status":"closed","ping_status":"closed","sticky":false,"template":"","format":"standard","meta":{"footnotes":""},"categories":[195,874,907],"tags":[1150,926],"class_list":["post-68904","post","type-post","status-publish","format-standard","has-post-thumbnail","hentry","category-amerika-de","category-familie-de","category-schoenstatt-gemeinschaften-de","tag-institut-der-schonstattfamilien-de","tag-schonstatt-chile-de"],"yoast_head":"<!-- This site is optimized with the Yoast SEO Premium plugin v27.4 (Yoast SEO v27.4) - https:\/\/yoast.com\/product\/yoast-seo-premium-wordpress\/ -->\n<title>Interview mit Mar\u00eda P\u00eda Adriasola, First Lady von Chile - Schoenstatt<\/title>\n<meta name=\"description\" content=\"Lesen Sie anl\u00e4sslich des Monats der Frauengeschichte und am Vorabend der Amtseinf\u00fchrung des neuen Pr\u00e4sidenten Chiles unser Interview mit der First Lady des Landes.\" \/>\n<meta name=\"robots\" content=\"index, follow, max-snippet:-1, max-image-preview:large, max-video-preview:-1\" \/>\n<link rel=\"canonical\" href=\"https:\/\/schoenstatt.com\/de\/interview-mit-maria-pia-adriasola-first-lady-von-chile\/\" \/>\n<meta property=\"og:locale\" content=\"de_DE\" \/>\n<meta property=\"og:type\" content=\"article\" \/>\n<meta property=\"og:title\" content=\"Interview mit Mar\u00eda P\u00eda Adriasola, First Lady von Chile\" \/>\n<meta property=\"og:description\" content=\"Lesen Sie anl\u00e4sslich des Monats der Frauengeschichte und am Vorabend der Amtseinf\u00fchrung des neuen Pr\u00e4sidenten Chiles unser Interview mit der First Lady des Landes.\" \/>\n<meta property=\"og:url\" content=\"https:\/\/schoenstatt.com\/de\/interview-mit-maria-pia-adriasola-first-lady-von-chile\/\" \/>\n<meta property=\"og:site_name\" content=\"Schoenstatt\" \/>\n<meta property=\"article:published_time\" content=\"2026-03-09T15:02:07+00:00\" \/>\n<meta property=\"article:modified_time\" content=\"2026-03-11T11:27:37+00:00\" \/>\n<meta property=\"og:image\" content=\"https:\/\/schoenstatt.com\/wp-content\/uploads\/2026\/03\/Maria-Pia-and-Jose-Antonio-Kast-2.webp\" \/>\n\t<meta property=\"og:image:width\" content=\"1600\" \/>\n\t<meta property=\"og:image:height\" content=\"1003\" \/>\n\t<meta property=\"og:image:type\" content=\"image\/jpeg\" \/>\n<meta name=\"author\" content=\"Karen Bueno\" \/>\n<meta name=\"twitter:card\" content=\"summary_large_image\" \/>\n<meta name=\"twitter:label1\" content=\"Verfasst von\" \/>\n\t<meta name=\"twitter:data1\" content=\"Karen Bueno\" \/>\n\t<meta name=\"twitter:label2\" content=\"Gesch\u00e4tzte Lesezeit\" \/>\n\t<meta name=\"twitter:data2\" content=\"9\u00a0Minuten\" \/>\n<script type=\"application\/ld+json\" class=\"yoast-schema-graph\">{\"@context\":\"https:\\\/\\\/schema.org\",\"@graph\":[{\"@type\":\"Article\",\"@id\":\"https:\\\/\\\/schoenstatt.com\\\/de\\\/interview-mit-maria-pia-adriasola-first-lady-von-chile\\\/#article\",\"isPartOf\":{\"@id\":\"https:\\\/\\\/schoenstatt.com\\\/de\\\/interview-mit-maria-pia-adriasola-first-lady-von-chile\\\/\"},\"author\":{\"name\":\"Karen Bueno\",\"@id\":\"https:\\\/\\\/schoenstatt.com\\\/de\\\/#\\\/schema\\\/person\\\/5158877ad4acae98b34daaeef2a1ce6e\"},\"headline\":\"Interview mit Mar\u00eda P\u00eda Adriasola, First Lady von Chile\",\"datePublished\":\"2026-03-09T15:02:07+00:00\",\"dateModified\":\"2026-03-11T11:27:37+00:00\",\"mainEntityOfPage\":{\"@id\":\"https:\\\/\\\/schoenstatt.com\\\/de\\\/interview-mit-maria-pia-adriasola-first-lady-von-chile\\\/\"},\"wordCount\":1487,\"publisher\":{\"@id\":\"https:\\\/\\\/schoenstatt.com\\\/de\\\/#organization\"},\"image\":{\"@id\":\"https:\\\/\\\/schoenstatt.com\\\/de\\\/interview-mit-maria-pia-adriasola-first-lady-von-chile\\\/#primaryimage\"},\"thumbnailUrl\":\"https:\\\/\\\/schoenstatt.com\\\/wp-content\\\/uploads\\\/2026\\\/03\\\/Maria-Pia-and-Jose-Antonio-Kast-2.webp\",\"keywords\":[\"Institut der Sch\u00f6nstattfamilien\",\"Sch\u00f6nstatt Chile\"],\"articleSection\":[\"Amerika\",\"Familie\",\"Schoenstatt Gemeinschaften\"],\"inLanguage\":\"de\"},{\"@type\":\"WebPage\",\"@id\":\"https:\\\/\\\/schoenstatt.com\\\/de\\\/interview-mit-maria-pia-adriasola-first-lady-von-chile\\\/\",\"url\":\"https:\\\/\\\/schoenstatt.com\\\/de\\\/interview-mit-maria-pia-adriasola-first-lady-von-chile\\\/\",\"name\":\"Interview mit Mar\u00eda P\u00eda Adriasola, First Lady von Chile - Schoenstatt\",\"isPartOf\":{\"@id\":\"https:\\\/\\\/schoenstatt.com\\\/de\\\/#website\"},\"primaryImageOfPage\":{\"@id\":\"https:\\\/\\\/schoenstatt.com\\\/de\\\/interview-mit-maria-pia-adriasola-first-lady-von-chile\\\/#primaryimage\"},\"image\":{\"@id\":\"https:\\\/\\\/schoenstatt.com\\\/de\\\/interview-mit-maria-pia-adriasola-first-lady-von-chile\\\/#primaryimage\"},\"thumbnailUrl\":\"https:\\\/\\\/schoenstatt.com\\\/wp-content\\\/uploads\\\/2026\\\/03\\\/Maria-Pia-and-Jose-Antonio-Kast-2.webp\",\"datePublished\":\"2026-03-09T15:02:07+00:00\",\"dateModified\":\"2026-03-11T11:27:37+00:00\",\"description\":\"Lesen Sie anl\u00e4sslich des Monats der Frauengeschichte und am Vorabend der Amtseinf\u00fchrung des neuen Pr\u00e4sidenten Chiles unser Interview mit der First Lady des Landes.\",\"breadcrumb\":{\"@id\":\"https:\\\/\\\/schoenstatt.com\\\/de\\\/interview-mit-maria-pia-adriasola-first-lady-von-chile\\\/#breadcrumb\"},\"inLanguage\":\"de\",\"potentialAction\":[{\"@type\":\"ReadAction\",\"target\":[\"https:\\\/\\\/schoenstatt.com\\\/de\\\/interview-mit-maria-pia-adriasola-first-lady-von-chile\\\/\"]}]},{\"@type\":\"ImageObject\",\"inLanguage\":\"de\",\"@id\":\"https:\\\/\\\/schoenstatt.com\\\/de\\\/interview-mit-maria-pia-adriasola-first-lady-von-chile\\\/#primaryimage\",\"url\":\"https:\\\/\\\/schoenstatt.com\\\/wp-content\\\/uploads\\\/2026\\\/03\\\/Maria-Pia-and-Jose-Antonio-Kast-2.webp\",\"contentUrl\":\"https:\\\/\\\/schoenstatt.com\\\/wp-content\\\/uploads\\\/2026\\\/03\\\/Maria-Pia-and-Jose-Antonio-Kast-2.webp\",\"width\":1600,\"height\":1003},{\"@type\":\"BreadcrumbList\",\"@id\":\"https:\\\/\\\/schoenstatt.com\\\/de\\\/interview-mit-maria-pia-adriasola-first-lady-von-chile\\\/#breadcrumb\",\"itemListElement\":[{\"@type\":\"ListItem\",\"position\":1,\"name\":\"Portada\",\"item\":\"https:\\\/\\\/schoenstatt.com\\\/de\\\/home\\\/\"},{\"@type\":\"ListItem\",\"position\":2,\"name\":\"Interview mit Mar\u00eda P\u00eda Adriasola, First Lady von Chile\"}]},{\"@type\":\"WebSite\",\"@id\":\"https:\\\/\\\/schoenstatt.com\\\/de\\\/#website\",\"url\":\"https:\\\/\\\/schoenstatt.com\\\/de\\\/\",\"name\":\"Schoenstatt\",\"description\":\"Apostolic Movement\",\"publisher\":{\"@id\":\"https:\\\/\\\/schoenstatt.com\\\/de\\\/#organization\"},\"potentialAction\":[{\"@type\":\"SearchAction\",\"target\":{\"@type\":\"EntryPoint\",\"urlTemplate\":\"https:\\\/\\\/schoenstatt.com\\\/de\\\/?s={search_term_string}\"},\"query-input\":{\"@type\":\"PropertyValueSpecification\",\"valueRequired\":true,\"valueName\":\"search_term_string\"}}],\"inLanguage\":\"de\"},{\"@type\":\"Organization\",\"@id\":\"https:\\\/\\\/schoenstatt.com\\\/de\\\/#organization\",\"name\":\"Schoenstatt\",\"url\":\"https:\\\/\\\/schoenstatt.com\\\/de\\\/\",\"logo\":{\"@type\":\"ImageObject\",\"inLanguage\":\"de\",\"@id\":\"https:\\\/\\\/schoenstatt.com\\\/de\\\/#\\\/schema\\\/logo\\\/image\\\/\",\"url\":\"https:\\\/\\\/schoenstatt.com\\\/wp-content\\\/uploads\\\/2025\\\/04\\\/logo-schoenstatt-white-696x696-1.png\",\"contentUrl\":\"https:\\\/\\\/schoenstatt.com\\\/wp-content\\\/uploads\\\/2025\\\/04\\\/logo-schoenstatt-white-696x696-1.png\",\"width\":696,\"height\":694,\"caption\":\"Schoenstatt\"},\"image\":{\"@id\":\"https:\\\/\\\/schoenstatt.com\\\/de\\\/#\\\/schema\\\/logo\\\/image\\\/\"}},{\"@type\":\"Person\",\"@id\":\"https:\\\/\\\/schoenstatt.com\\\/de\\\/#\\\/schema\\\/person\\\/5158877ad4acae98b34daaeef2a1ce6e\",\"name\":\"Karen Bueno\",\"image\":{\"@type\":\"ImageObject\",\"inLanguage\":\"de\",\"@id\":\"https:\\\/\\\/secure.gravatar.com\\\/avatar\\\/f9f4b823873154269d2b2130f195f6d41037dd0d7fc5f3cacb5c846bae70d66b?s=96&d=mm&r=g\",\"url\":\"https:\\\/\\\/secure.gravatar.com\\\/avatar\\\/f9f4b823873154269d2b2130f195f6d41037dd0d7fc5f3cacb5c846bae70d66b?s=96&d=mm&r=g\",\"contentUrl\":\"https:\\\/\\\/secure.gravatar.com\\\/avatar\\\/f9f4b823873154269d2b2130f195f6d41037dd0d7fc5f3cacb5c846bae70d66b?s=96&d=mm&r=g\",\"caption\":\"Karen Bueno\"},\"url\":\"https:\\\/\\\/schoenstatt.com\\\/de\\\/author\\\/karen-bueno\\\/\"}]}<\/script>\n<!-- \/ Yoast SEO Premium plugin. -->","yoast_head_json":{"title":"Interview mit Mar\u00eda P\u00eda Adriasola, First Lady von Chile - Schoenstatt","description":"Lesen Sie anl\u00e4sslich des Monats der Frauengeschichte und am Vorabend der Amtseinf\u00fchrung des neuen Pr\u00e4sidenten Chiles unser Interview mit der First Lady des Landes.","robots":{"index":"index","follow":"follow","max-snippet":"max-snippet:-1","max-image-preview":"max-image-preview:large","max-video-preview":"max-video-preview:-1"},"canonical":"https:\/\/schoenstatt.com\/de\/interview-mit-maria-pia-adriasola-first-lady-von-chile\/","og_locale":"de_DE","og_type":"article","og_title":"Interview mit Mar\u00eda P\u00eda Adriasola, First Lady von Chile","og_description":"Lesen Sie anl\u00e4sslich des Monats der Frauengeschichte und am Vorabend der Amtseinf\u00fchrung des neuen Pr\u00e4sidenten Chiles unser Interview mit der First Lady des Landes.","og_url":"https:\/\/schoenstatt.com\/de\/interview-mit-maria-pia-adriasola-first-lady-von-chile\/","og_site_name":"Schoenstatt","article_published_time":"2026-03-09T15:02:07+00:00","article_modified_time":"2026-03-11T11:27:37+00:00","og_image":[{"width":1600,"height":1003,"url":"https:\/\/schoenstatt.com\/wp-content\/uploads\/2026\/03\/Maria-Pia-and-Jose-Antonio-Kast-2.webp","type":"image\/jpeg"}],"author":"Karen Bueno","twitter_card":"summary_large_image","twitter_misc":{"Verfasst von":"Karen Bueno","Gesch\u00e4tzte Lesezeit":"9\u00a0Minuten"},"schema":{"@context":"https:\/\/schema.org","@graph":[{"@type":"Article","@id":"https:\/\/schoenstatt.com\/de\/interview-mit-maria-pia-adriasola-first-lady-von-chile\/#article","isPartOf":{"@id":"https:\/\/schoenstatt.com\/de\/interview-mit-maria-pia-adriasola-first-lady-von-chile\/"},"author":{"name":"Karen Bueno","@id":"https:\/\/schoenstatt.com\/de\/#\/schema\/person\/5158877ad4acae98b34daaeef2a1ce6e"},"headline":"Interview mit Mar\u00eda P\u00eda Adriasola, First Lady von Chile","datePublished":"2026-03-09T15:02:07+00:00","dateModified":"2026-03-11T11:27:37+00:00","mainEntityOfPage":{"@id":"https:\/\/schoenstatt.com\/de\/interview-mit-maria-pia-adriasola-first-lady-von-chile\/"},"wordCount":1487,"publisher":{"@id":"https:\/\/schoenstatt.com\/de\/#organization"},"image":{"@id":"https:\/\/schoenstatt.com\/de\/interview-mit-maria-pia-adriasola-first-lady-von-chile\/#primaryimage"},"thumbnailUrl":"https:\/\/schoenstatt.com\/wp-content\/uploads\/2026\/03\/Maria-Pia-and-Jose-Antonio-Kast-2.webp","keywords":["Institut der Sch\u00f6nstattfamilien","Sch\u00f6nstatt Chile"],"articleSection":["Amerika","Familie","Schoenstatt Gemeinschaften"],"inLanguage":"de"},{"@type":"WebPage","@id":"https:\/\/schoenstatt.com\/de\/interview-mit-maria-pia-adriasola-first-lady-von-chile\/","url":"https:\/\/schoenstatt.com\/de\/interview-mit-maria-pia-adriasola-first-lady-von-chile\/","name":"Interview mit Mar\u00eda P\u00eda Adriasola, First Lady von Chile - Schoenstatt","isPartOf":{"@id":"https:\/\/schoenstatt.com\/de\/#website"},"primaryImageOfPage":{"@id":"https:\/\/schoenstatt.com\/de\/interview-mit-maria-pia-adriasola-first-lady-von-chile\/#primaryimage"},"image":{"@id":"https:\/\/schoenstatt.com\/de\/interview-mit-maria-pia-adriasola-first-lady-von-chile\/#primaryimage"},"thumbnailUrl":"https:\/\/schoenstatt.com\/wp-content\/uploads\/2026\/03\/Maria-Pia-and-Jose-Antonio-Kast-2.webp","datePublished":"2026-03-09T15:02:07+00:00","dateModified":"2026-03-11T11:27:37+00:00","description":"Lesen Sie anl\u00e4sslich des Monats der Frauengeschichte und am Vorabend der Amtseinf\u00fchrung des neuen Pr\u00e4sidenten Chiles unser Interview mit der First Lady des Landes.","breadcrumb":{"@id":"https:\/\/schoenstatt.com\/de\/interview-mit-maria-pia-adriasola-first-lady-von-chile\/#breadcrumb"},"inLanguage":"de","potentialAction":[{"@type":"ReadAction","target":["https:\/\/schoenstatt.com\/de\/interview-mit-maria-pia-adriasola-first-lady-von-chile\/"]}]},{"@type":"ImageObject","inLanguage":"de","@id":"https:\/\/schoenstatt.com\/de\/interview-mit-maria-pia-adriasola-first-lady-von-chile\/#primaryimage","url":"https:\/\/schoenstatt.com\/wp-content\/uploads\/2026\/03\/Maria-Pia-and-Jose-Antonio-Kast-2.webp","contentUrl":"https:\/\/schoenstatt.com\/wp-content\/uploads\/2026\/03\/Maria-Pia-and-Jose-Antonio-Kast-2.webp","width":1600,"height":1003},{"@type":"BreadcrumbList","@id":"https:\/\/schoenstatt.com\/de\/interview-mit-maria-pia-adriasola-first-lady-von-chile\/#breadcrumb","itemListElement":[{"@type":"ListItem","position":1,"name":"Portada","item":"https:\/\/schoenstatt.com\/de\/home\/"},{"@type":"ListItem","position":2,"name":"Interview mit Mar\u00eda P\u00eda Adriasola, First Lady von Chile"}]},{"@type":"WebSite","@id":"https:\/\/schoenstatt.com\/de\/#website","url":"https:\/\/schoenstatt.com\/de\/","name":"Schoenstatt","description":"Apostolic Movement","publisher":{"@id":"https:\/\/schoenstatt.com\/de\/#organization"},"potentialAction":[{"@type":"SearchAction","target":{"@type":"EntryPoint","urlTemplate":"https:\/\/schoenstatt.com\/de\/?s={search_term_string}"},"query-input":{"@type":"PropertyValueSpecification","valueRequired":true,"valueName":"search_term_string"}}],"inLanguage":"de"},{"@type":"Organization","@id":"https:\/\/schoenstatt.com\/de\/#organization","name":"Schoenstatt","url":"https:\/\/schoenstatt.com\/de\/","logo":{"@type":"ImageObject","inLanguage":"de","@id":"https:\/\/schoenstatt.com\/de\/#\/schema\/logo\/image\/","url":"https:\/\/schoenstatt.com\/wp-content\/uploads\/2025\/04\/logo-schoenstatt-white-696x696-1.png","contentUrl":"https:\/\/schoenstatt.com\/wp-content\/uploads\/2025\/04\/logo-schoenstatt-white-696x696-1.png","width":696,"height":694,"caption":"Schoenstatt"},"image":{"@id":"https:\/\/schoenstatt.com\/de\/#\/schema\/logo\/image\/"}},{"@type":"Person","@id":"https:\/\/schoenstatt.com\/de\/#\/schema\/person\/5158877ad4acae98b34daaeef2a1ce6e","name":"Karen Bueno","image":{"@type":"ImageObject","inLanguage":"de","@id":"https:\/\/secure.gravatar.com\/avatar\/f9f4b823873154269d2b2130f195f6d41037dd0d7fc5f3cacb5c846bae70d66b?s=96&d=mm&r=g","url":"https:\/\/secure.gravatar.com\/avatar\/f9f4b823873154269d2b2130f195f6d41037dd0d7fc5f3cacb5c846bae70d66b?s=96&d=mm&r=g","contentUrl":"https:\/\/secure.gravatar.com\/avatar\/f9f4b823873154269d2b2130f195f6d41037dd0d7fc5f3cacb5c846bae70d66b?s=96&d=mm&r=g","caption":"Karen Bueno"},"url":"https:\/\/schoenstatt.com\/de\/author\/karen-bueno\/"}]}},"_links":{"self":[{"href":"https:\/\/schoenstatt.com\/de\/wp-json\/wp\/v2\/posts\/68904","targetHints":{"allow":["GET"]}}],"collection":[{"href":"https:\/\/schoenstatt.com\/de\/wp-json\/wp\/v2\/posts"}],"about":[{"href":"https:\/\/schoenstatt.com\/de\/wp-json\/wp\/v2\/types\/post"}],"author":[{"embeddable":true,"href":"https:\/\/schoenstatt.com\/de\/wp-json\/wp\/v2\/users\/3"}],"replies":[{"embeddable":true,"href":"https:\/\/schoenstatt.com\/de\/wp-json\/wp\/v2\/comments?post=68904"}],"version-history":[{"count":3,"href":"https:\/\/schoenstatt.com\/de\/wp-json\/wp\/v2\/posts\/68904\/revisions"}],"predecessor-version":[{"id":68907,"href":"https:\/\/schoenstatt.com\/de\/wp-json\/wp\/v2\/posts\/68904\/revisions\/68907"}],"wp:featuredmedia":[{"embeddable":true,"href":"https:\/\/schoenstatt.com\/de\/wp-json\/wp\/v2\/media\/68879"}],"wp:attachment":[{"href":"https:\/\/schoenstatt.com\/de\/wp-json\/wp\/v2\/media?parent=68904"}],"wp:term":[{"taxonomy":"category","embeddable":true,"href":"https:\/\/schoenstatt.com\/de\/wp-json\/wp\/v2\/categories?post=68904"},{"taxonomy":"post_tag","embeddable":true,"href":"https:\/\/schoenstatt.com\/de\/wp-json\/wp\/v2\/tags?post=68904"}],"curies":[{"name":"wp","href":"https:\/\/api.w.org\/{rel}","templated":true}]}}