{"id":68352,"date":"2026-02-13T06:01:00","date_gmt":"2026-02-13T05:01:00","guid":{"rendered":"https:\/\/schoenstatt.com\/?p=68352"},"modified":"2026-02-14T12:44:22","modified_gmt":"2026-02-14T11:44:22","slug":"marias-kreuzzug-2026-mit-erhobenem-herzen-unterwegs","status":"publish","type":"post","link":"https:\/\/schoenstatt.com\/de\/marias-kreuzzug-2026-mit-erhobenem-herzen-unterwegs\/","title":{"rendered":"Marias Kreuzzug 2026: Mit erhobenem Herzen unterwegs"},"content":{"rendered":"\n<p><strong>Sie haben den Berg bezwungen!<\/strong> Erneut stellte sich der <a href=\"https:\/\/schoenstatt.com\/de\/in-gemeinschaft\/men\/mannesjugend\/\">Sch\u00f6nstatt-Mannesjugend<\/a> die Herausforderung, die <strong>Anden<\/strong> zu \u00fcberqueren. Vom 15. bis zum 30. Januar marschierten rund <strong>130 Jugendliche<\/strong> und mehrere Moderatoren aus verschiedenen L\u00e4ndern auf anspruchsvollen und beeindruckenden Wanderwegen zwischen Argentinien und Chile.<\/p>\n\n\n\n<p>Im Jahr 2026 nahmen Jugendliche aus Argentinien, Chile, Brasilien, Paraguay, Bolivien, Mexiko und den Vereinigten Staaten am Marienkreuzzug teil. Die Wanderung begann am Sch\u00f6nstatt-Heiligtum in Mendoza (Argentinien), endete am Coenaculum-Heiligtum in Bellavista (Chile) und umfasste mehr als <strong>400 Kilometer.<\/strong><\/p>\n\n\n\n<p>Jeden Tag mussten sie zwischen 25 und 30 Kilometer zur\u00fccklegen, wobei sie in der Morgend\u00e4mmerung aufbrachen und gegen Mittag an Rastpl\u00e4tzen ankamen. W\u00e4hrend der Wanderung gab es Momente der Stille, der pers\u00f6nlichen Besinnung, des gemeinsamen Gebets sowie die Feier der heiligen Messe am Ende jeder Etappe.<\/p>\n\n\n\n<figure class=\"wp-block-gallery has-nested-images columns-default is-cropped wp-block-gallery-1 is-layout-flex wp-block-gallery-is-layout-flex\">\n<figure class=\"wp-block-image size-large\"><img decoding=\"async\" data-id=\"68320\" src=\"https:\/\/schoenstatt.com\/wp-content\/uploads\/2026\/02\/Cruzada-de-Maria-2026-JM-Schoenstatt-3.webp\" alt=\"\" class=\"wp-image-68320\"\/><\/figure>\n\n\n\n<figure class=\"wp-block-image size-large\"><img decoding=\"async\" data-id=\"68315\" src=\"https:\/\/schoenstatt.com\/wp-content\/uploads\/2026\/02\/Cruzada-de-Maria-2026-JM-Schoenstatt-2.webp\" alt=\"\" class=\"wp-image-68315\"\/><\/figure>\n<\/figure>\n\n\n\n<p>Das diesj\u00e4hrige Motto \u201ePilger im Bund, erhebe dein Herz\u201c ist eine Einladung, \u00fcber die eigenen Grenzen hinauszuschauen und den Sinn des Lebens und des Glaubens neu zu entdecken.<\/p>\n\n\n\n<p>Der Kreuzzug Mariens fand erstmals 1999 statt. Seitdem wird er alle drei Jahre veranstaltet und ist zu einem Zeichen des Glaubens, der Einheit und der Br\u00fcderlichkeit zwischen den L\u00e4ndern Amerikas geworden.<\/p>\n\n\n\n<hr class=\"wp-block-separator has-text-color has-alpha-channel-opacity has-background\" style=\"background-color:#ea8f10;color:#ea8f10\"\/>\n\n\n\n<h2 class=\"wp-block-heading has-medium-font-size\" id=\"h-ein-zeugnis-vom-kreuzzug-mariens-2026\">Ein Zeugnis vom Kreuzzug Mariens 2026<\/h2>\n\n\n\n<p><strong>Valent\u00edn Fr\u00edas aus Salta, Argentinien, berichtet:<\/strong><\/p>\n\n\n\n<p><em>\u201eIm Jahr 2023, nach meiner R\u00fcckkehr von der Begegnung der Jungen namens \u201eIgnis\u201c, stie\u00df ich auf Instagram auf den Kreuzzug Mariens. Ich sah, wie die internationale Jugend der Jungen die Anden \u00fcberquerte, entflammt von ihrer Liebe zu Gott und zur Gottesmutter.<\/em><\/p>\n\n\n\n<p><em>Etwas wurde in mir entfacht \u2013 eine Flamme, die mit jedem Apostolat, mit Exerzitien und jeder Mission wuchs.<\/em><\/p>\n\n\n\n<p><em>Drei Jahre sp\u00e4ter schenkte mir Gott die Gnade, den Kreuzzug zu erleben und den Wunsch zu erf\u00fcllen, den ich in meinem Herzen bewahrt hatte. In Mendoza angekommen, traf ich diejenigen, die im Laufe der Tage zu Freunden werden sollten, und begann eine Reise, die eine tiefe Verbindung schafft: in jeder Stille, in jedem Rosenkranz, in jedem Gebet\u2026 Alles verwandelt sich in Energie, die uns vorantreibt, ungeachtet der Blasen, der Sonne oder der M\u00fcdigkeit.<\/em><\/p>\n\n\n\n<p><em>Auf dieser Reise empfand ich auch gro\u00dfen Stolz darauf, die Jugendgruppe von Salta und meine Provinz zu vertreten und ihre Gesichter, ihren Glauben und ihren Geist mit mir zu tragen.\u201c<\/em><\/p>\n\n\n\n<figure class=\"wp-block-image size-full\"><img decoding=\"async\" src=\"https:\/\/schoenstatt.com\/wp-content\/uploads\/2026\/02\/Cruzada-de-Maria-2026-JM-Schoenstatt-6.webp\" alt=\"\" class=\"wp-image-68335\"\/><\/figure>\n\n\n\n<h2 class=\"wp-block-heading has-medium-font-size\" id=\"h-pilger-im-bund-erhebe-dein-herz\">\u201ePilger im Bund, erhebe dein Herz\u201c<\/h2>\n\n\n\n<p><em>Das war das Motto der Kreuzfahrt 2026. Erhebe dein Herz, um es Gott in seiner Unermesslichkeit darzubringen, die sich in der Natur um uns herum widerspiegelt. Die Kreuzfahrt wird oft zu einer Metapher f\u00fcr das Leben selbst: Schwierigkeiten, Herausforderungen, St\u00e4rken, Bindungen und Entmutigung.<\/em><\/p>\n\n\n\n<p><em>Deshalb war die Ankunft an der Christusstatue so besonders: Wir erreichten den Gipfel auf 3.800 Metern \u00fcber dem Meeresspiegel, auf halber Strecke unserer Pilgerreise, inmitten von Liedern und Fahnen. Eine Begegnung mit Christus, um neue Energie zu tanken und unseren Weg fortzusetzen, erneuert in Gottes Liebe.<\/em><\/p>\n\n\n\n<figure class=\"wp-block-gallery has-nested-images columns-default is-cropped wp-block-gallery-2 is-layout-flex wp-block-gallery-is-layout-flex\">\n<figure class=\"wp-block-image size-large\"><img decoding=\"async\" data-id=\"68330\" src=\"https:\/\/schoenstatt.com\/wp-content\/uploads\/2026\/02\/Cruzada-de-Maria-2026-JM-Schoenstatt-5.webp\" alt=\"\" class=\"wp-image-68330\"\/><\/figure>\n\n\n\n<figure class=\"wp-block-image size-large\"><img decoding=\"async\" data-id=\"68310\" src=\"https:\/\/schoenstatt.com\/wp-content\/uploads\/2026\/02\/Cruzada-de-Maria-2026-JM-Schoenstatt-1.webp\" alt=\"\" class=\"wp-image-68310\"\/><\/figure>\n<\/figure>\n\n\n\n<p><em>Die Ankunft in Bellavista, in Santiago, Chile, war tief bewegend. Ungeachtet der zur\u00fcckgelegten 440 Kilometer war der Wunsch zu laufen und anzukommen unkontrollierbar. Die Emotionen kochten hoch.<\/em><\/p>\n\n\n\n<p><em>Tr\u00e4nen der Freude, gemeinsam mit unseren Br\u00fcdern vom Kreuzzug und den Mitgliedern der Bewegung, die wir w\u00e4hrend dieser Pilgerreise in unseren Herzen trugen, das Heiligtum erreicht zu haben. Tr\u00e4nen auch der Nostalgie, denn f\u00fcr viele ging ein Traum, der nach vielen Gebeten wahr geworden war, zu Ende.<\/em><\/p>\n\n\n\n<p><em>Mit der Gewissheit, dass dort, wo die Gottesmutter ist, unser Zuhause ist, auch wenn wir weit weg von unserer Heimat sind.<\/em><\/p>\n\n\n\n<p><em><strong>Marias Kreuzzug\u2026 auf geht&#8217;s!<\/strong><\/em><\/p>\n\n\n\n<p><strong>Mit Informationen von<\/strong> <a href=\"https:\/\/www.schoenstatt.org.ar\/noticias\/caminar-con-el-corazon-en-alto.html\" target=\"_blank\" rel=\"noreferrer noopener\">schoenstatt.org.ar<\/a><\/p>\n\n\n\n<p><strong>\u00dcbersetzung:<\/strong> Sr. M. Lourdes Mac\u00edas<br><strong>Lektorat: <\/strong>Hildegard Kaiser<\/p>\n","protected":false},"excerpt":{"rendered":"<p>130 Mitglieder der Sch\u00f6nstatt-Mannesjugend legten im Rahmen des Marienkreuzzugs mehr als 400 km zwischen Argentinien und Chile zur\u00fcck.<\/p>\n","protected":false},"author":3,"featured_media":68323,"comment_status":"closed","ping_status":"closed","sticky":false,"template":"","format":"standard","meta":{"footnotes":""},"categories":[195,922],"tags":[1287,1113,926,1129],"class_list":["post-68352","post","type-post","status-publish","format-standard","has-post-thumbnail","hentry","category-amerika-de","category-jugend-de","tag-amerika-de","tag-schonstatt-argentinien-de","tag-schonstatt-chile-de","tag-schonstatt-mannesjugend-smj-de"],"yoast_head":"<!-- This site is optimized with the Yoast SEO Premium plugin v27.4 (Yoast SEO v27.4) - https:\/\/yoast.com\/product\/yoast-seo-premium-wordpress\/ -->\n<title>Marias Kreuzzug 2026: Mit erhobenem Herzen unterwegs - Schoenstatt<\/title>\n<meta name=\"description\" content=\"130 Mitglieder der Sch\u00f6nstatt-Mannesjugend legten im Rahmen des Marienkreuzzugs mehr als 400 km zwischen Argentinien und Chile zur\u00fcck.\" \/>\n<meta name=\"robots\" content=\"index, follow, max-snippet:-1, max-image-preview:large, max-video-preview:-1\" \/>\n<link rel=\"canonical\" href=\"https:\/\/schoenstatt.com\/de\/marias-kreuzzug-2026-mit-erhobenem-herzen-unterwegs\/\" \/>\n<meta property=\"og:locale\" content=\"de_DE\" \/>\n<meta property=\"og:type\" content=\"article\" \/>\n<meta property=\"og:title\" content=\"Marias Kreuzzug 2026: Mit erhobenem Herzen unterwegs\" \/>\n<meta property=\"og:description\" content=\"130 Mitglieder der Sch\u00f6nstatt-Mannesjugend legten im Rahmen des Marienkreuzzugs mehr als 400 km zwischen Argentinien und Chile zur\u00fcck.\" \/>\n<meta property=\"og:url\" content=\"https:\/\/schoenstatt.com\/de\/marias-kreuzzug-2026-mit-erhobenem-herzen-unterwegs\/\" \/>\n<meta property=\"og:site_name\" content=\"Schoenstatt\" \/>\n<meta property=\"article:published_time\" content=\"2026-02-13T05:01:00+00:00\" \/>\n<meta property=\"article:modified_time\" content=\"2026-02-14T11:44:22+00:00\" \/>\n<meta property=\"og:image\" content=\"https:\/\/schoenstatt.com\/wp-content\/uploads\/2026\/02\/Cruzada-de-Maria-2026-JM-Schoenstatt-4.webp\" \/>\n\t<meta property=\"og:image:width\" content=\"1280\" \/>\n\t<meta property=\"og:image:height\" content=\"850\" \/>\n\t<meta property=\"og:image:type\" content=\"image\/jpeg\" \/>\n<meta name=\"author\" content=\"Karen Bueno\" \/>\n<meta name=\"twitter:card\" content=\"summary_large_image\" \/>\n<meta name=\"twitter:label1\" content=\"Verfasst von\" \/>\n\t<meta name=\"twitter:data1\" content=\"Karen Bueno\" \/>\n\t<meta name=\"twitter:label2\" content=\"Gesch\u00e4tzte Lesezeit\" \/>\n\t<meta name=\"twitter:data2\" content=\"5\u00a0Minuten\" \/>\n<script type=\"application\/ld+json\" class=\"yoast-schema-graph\">{\"@context\":\"https:\\\/\\\/schema.org\",\"@graph\":[{\"@type\":\"Article\",\"@id\":\"https:\\\/\\\/schoenstatt.com\\\/de\\\/marias-kreuzzug-2026-mit-erhobenem-herzen-unterwegs\\\/#article\",\"isPartOf\":{\"@id\":\"https:\\\/\\\/schoenstatt.com\\\/de\\\/marias-kreuzzug-2026-mit-erhobenem-herzen-unterwegs\\\/\"},\"author\":{\"name\":\"Karen Bueno\",\"@id\":\"https:\\\/\\\/schoenstatt.com\\\/de\\\/#\\\/schema\\\/person\\\/5158877ad4acae98b34daaeef2a1ce6e\"},\"headline\":\"Marias Kreuzzug 2026: Mit erhobenem Herzen unterwegs\",\"datePublished\":\"2026-02-13T05:01:00+00:00\",\"dateModified\":\"2026-02-14T11:44:22+00:00\",\"mainEntityOfPage\":{\"@id\":\"https:\\\/\\\/schoenstatt.com\\\/de\\\/marias-kreuzzug-2026-mit-erhobenem-herzen-unterwegs\\\/\"},\"wordCount\":587,\"publisher\":{\"@id\":\"https:\\\/\\\/schoenstatt.com\\\/de\\\/#organization\"},\"image\":{\"@id\":\"https:\\\/\\\/schoenstatt.com\\\/de\\\/marias-kreuzzug-2026-mit-erhobenem-herzen-unterwegs\\\/#primaryimage\"},\"thumbnailUrl\":\"https:\\\/\\\/schoenstatt.com\\\/wp-content\\\/uploads\\\/2026\\\/02\\\/Cruzada-de-Maria-2026-JM-Schoenstatt-4.webp\",\"keywords\":[\"Amerika\",\"Sch\u00f6nstatt Argentinien\",\"Sch\u00f6nstatt Chile\",\"Sch\u00f6nstatt-Mannesjugend - SMJ\"],\"articleSection\":[\"Amerika\",\"Jugend\"],\"inLanguage\":\"de\"},{\"@type\":\"WebPage\",\"@id\":\"https:\\\/\\\/schoenstatt.com\\\/de\\\/marias-kreuzzug-2026-mit-erhobenem-herzen-unterwegs\\\/\",\"url\":\"https:\\\/\\\/schoenstatt.com\\\/de\\\/marias-kreuzzug-2026-mit-erhobenem-herzen-unterwegs\\\/\",\"name\":\"Marias Kreuzzug 2026: Mit erhobenem Herzen unterwegs - Schoenstatt\",\"isPartOf\":{\"@id\":\"https:\\\/\\\/schoenstatt.com\\\/de\\\/#website\"},\"primaryImageOfPage\":{\"@id\":\"https:\\\/\\\/schoenstatt.com\\\/de\\\/marias-kreuzzug-2026-mit-erhobenem-herzen-unterwegs\\\/#primaryimage\"},\"image\":{\"@id\":\"https:\\\/\\\/schoenstatt.com\\\/de\\\/marias-kreuzzug-2026-mit-erhobenem-herzen-unterwegs\\\/#primaryimage\"},\"thumbnailUrl\":\"https:\\\/\\\/schoenstatt.com\\\/wp-content\\\/uploads\\\/2026\\\/02\\\/Cruzada-de-Maria-2026-JM-Schoenstatt-4.webp\",\"datePublished\":\"2026-02-13T05:01:00+00:00\",\"dateModified\":\"2026-02-14T11:44:22+00:00\",\"description\":\"130 Mitglieder der Sch\u00f6nstatt-Mannesjugend legten im Rahmen des Marienkreuzzugs mehr als 400 km zwischen Argentinien und Chile zur\u00fcck.\",\"breadcrumb\":{\"@id\":\"https:\\\/\\\/schoenstatt.com\\\/de\\\/marias-kreuzzug-2026-mit-erhobenem-herzen-unterwegs\\\/#breadcrumb\"},\"inLanguage\":\"de\",\"potentialAction\":[{\"@type\":\"ReadAction\",\"target\":[\"https:\\\/\\\/schoenstatt.com\\\/de\\\/marias-kreuzzug-2026-mit-erhobenem-herzen-unterwegs\\\/\"]}]},{\"@type\":\"ImageObject\",\"inLanguage\":\"de\",\"@id\":\"https:\\\/\\\/schoenstatt.com\\\/de\\\/marias-kreuzzug-2026-mit-erhobenem-herzen-unterwegs\\\/#primaryimage\",\"url\":\"https:\\\/\\\/schoenstatt.com\\\/wp-content\\\/uploads\\\/2026\\\/02\\\/Cruzada-de-Maria-2026-JM-Schoenstatt-4.webp\",\"contentUrl\":\"https:\\\/\\\/schoenstatt.com\\\/wp-content\\\/uploads\\\/2026\\\/02\\\/Cruzada-de-Maria-2026-JM-Schoenstatt-4.webp\",\"width\":1280,\"height\":850},{\"@type\":\"BreadcrumbList\",\"@id\":\"https:\\\/\\\/schoenstatt.com\\\/de\\\/marias-kreuzzug-2026-mit-erhobenem-herzen-unterwegs\\\/#breadcrumb\",\"itemListElement\":[{\"@type\":\"ListItem\",\"position\":1,\"name\":\"Portada\",\"item\":\"https:\\\/\\\/schoenstatt.com\\\/de\\\/home\\\/\"},{\"@type\":\"ListItem\",\"position\":2,\"name\":\"Marias Kreuzzug 2026: Mit erhobenem Herzen unterwegs\"}]},{\"@type\":\"WebSite\",\"@id\":\"https:\\\/\\\/schoenstatt.com\\\/de\\\/#website\",\"url\":\"https:\\\/\\\/schoenstatt.com\\\/de\\\/\",\"name\":\"Schoenstatt\",\"description\":\"Apostolic Movement\",\"publisher\":{\"@id\":\"https:\\\/\\\/schoenstatt.com\\\/de\\\/#organization\"},\"potentialAction\":[{\"@type\":\"SearchAction\",\"target\":{\"@type\":\"EntryPoint\",\"urlTemplate\":\"https:\\\/\\\/schoenstatt.com\\\/de\\\/?s={search_term_string}\"},\"query-input\":{\"@type\":\"PropertyValueSpecification\",\"valueRequired\":true,\"valueName\":\"search_term_string\"}}],\"inLanguage\":\"de\"},{\"@type\":\"Organization\",\"@id\":\"https:\\\/\\\/schoenstatt.com\\\/de\\\/#organization\",\"name\":\"Schoenstatt\",\"url\":\"https:\\\/\\\/schoenstatt.com\\\/de\\\/\",\"logo\":{\"@type\":\"ImageObject\",\"inLanguage\":\"de\",\"@id\":\"https:\\\/\\\/schoenstatt.com\\\/de\\\/#\\\/schema\\\/logo\\\/image\\\/\",\"url\":\"https:\\\/\\\/schoenstatt.com\\\/wp-content\\\/uploads\\\/2025\\\/04\\\/logo-schoenstatt-white-696x696-1.png\",\"contentUrl\":\"https:\\\/\\\/schoenstatt.com\\\/wp-content\\\/uploads\\\/2025\\\/04\\\/logo-schoenstatt-white-696x696-1.png\",\"width\":696,\"height\":694,\"caption\":\"Schoenstatt\"},\"image\":{\"@id\":\"https:\\\/\\\/schoenstatt.com\\\/de\\\/#\\\/schema\\\/logo\\\/image\\\/\"}},{\"@type\":\"Person\",\"@id\":\"https:\\\/\\\/schoenstatt.com\\\/de\\\/#\\\/schema\\\/person\\\/5158877ad4acae98b34daaeef2a1ce6e\",\"name\":\"Karen Bueno\",\"image\":{\"@type\":\"ImageObject\",\"inLanguage\":\"de\",\"@id\":\"https:\\\/\\\/secure.gravatar.com\\\/avatar\\\/f9f4b823873154269d2b2130f195f6d41037dd0d7fc5f3cacb5c846bae70d66b?s=96&d=mm&r=g\",\"url\":\"https:\\\/\\\/secure.gravatar.com\\\/avatar\\\/f9f4b823873154269d2b2130f195f6d41037dd0d7fc5f3cacb5c846bae70d66b?s=96&d=mm&r=g\",\"contentUrl\":\"https:\\\/\\\/secure.gravatar.com\\\/avatar\\\/f9f4b823873154269d2b2130f195f6d41037dd0d7fc5f3cacb5c846bae70d66b?s=96&d=mm&r=g\",\"caption\":\"Karen Bueno\"},\"url\":\"https:\\\/\\\/schoenstatt.com\\\/de\\\/author\\\/karen-bueno\\\/\"}]}<\/script>\n<!-- \/ Yoast SEO Premium plugin. -->","yoast_head_json":{"title":"Marias Kreuzzug 2026: Mit erhobenem Herzen unterwegs - Schoenstatt","description":"130 Mitglieder der Sch\u00f6nstatt-Mannesjugend legten im Rahmen des Marienkreuzzugs mehr als 400 km zwischen Argentinien und Chile zur\u00fcck.","robots":{"index":"index","follow":"follow","max-snippet":"max-snippet:-1","max-image-preview":"max-image-preview:large","max-video-preview":"max-video-preview:-1"},"canonical":"https:\/\/schoenstatt.com\/de\/marias-kreuzzug-2026-mit-erhobenem-herzen-unterwegs\/","og_locale":"de_DE","og_type":"article","og_title":"Marias Kreuzzug 2026: Mit erhobenem Herzen unterwegs","og_description":"130 Mitglieder der Sch\u00f6nstatt-Mannesjugend legten im Rahmen des Marienkreuzzugs mehr als 400 km zwischen Argentinien und Chile zur\u00fcck.","og_url":"https:\/\/schoenstatt.com\/de\/marias-kreuzzug-2026-mit-erhobenem-herzen-unterwegs\/","og_site_name":"Schoenstatt","article_published_time":"2026-02-13T05:01:00+00:00","article_modified_time":"2026-02-14T11:44:22+00:00","og_image":[{"width":1280,"height":850,"url":"https:\/\/schoenstatt.com\/wp-content\/uploads\/2026\/02\/Cruzada-de-Maria-2026-JM-Schoenstatt-4.webp","type":"image\/jpeg"}],"author":"Karen Bueno","twitter_card":"summary_large_image","twitter_misc":{"Verfasst von":"Karen Bueno","Gesch\u00e4tzte Lesezeit":"5\u00a0Minuten"},"schema":{"@context":"https:\/\/schema.org","@graph":[{"@type":"Article","@id":"https:\/\/schoenstatt.com\/de\/marias-kreuzzug-2026-mit-erhobenem-herzen-unterwegs\/#article","isPartOf":{"@id":"https:\/\/schoenstatt.com\/de\/marias-kreuzzug-2026-mit-erhobenem-herzen-unterwegs\/"},"author":{"name":"Karen Bueno","@id":"https:\/\/schoenstatt.com\/de\/#\/schema\/person\/5158877ad4acae98b34daaeef2a1ce6e"},"headline":"Marias Kreuzzug 2026: Mit erhobenem Herzen unterwegs","datePublished":"2026-02-13T05:01:00+00:00","dateModified":"2026-02-14T11:44:22+00:00","mainEntityOfPage":{"@id":"https:\/\/schoenstatt.com\/de\/marias-kreuzzug-2026-mit-erhobenem-herzen-unterwegs\/"},"wordCount":587,"publisher":{"@id":"https:\/\/schoenstatt.com\/de\/#organization"},"image":{"@id":"https:\/\/schoenstatt.com\/de\/marias-kreuzzug-2026-mit-erhobenem-herzen-unterwegs\/#primaryimage"},"thumbnailUrl":"https:\/\/schoenstatt.com\/wp-content\/uploads\/2026\/02\/Cruzada-de-Maria-2026-JM-Schoenstatt-4.webp","keywords":["Amerika","Sch\u00f6nstatt Argentinien","Sch\u00f6nstatt Chile","Sch\u00f6nstatt-Mannesjugend - SMJ"],"articleSection":["Amerika","Jugend"],"inLanguage":"de"},{"@type":"WebPage","@id":"https:\/\/schoenstatt.com\/de\/marias-kreuzzug-2026-mit-erhobenem-herzen-unterwegs\/","url":"https:\/\/schoenstatt.com\/de\/marias-kreuzzug-2026-mit-erhobenem-herzen-unterwegs\/","name":"Marias Kreuzzug 2026: Mit erhobenem Herzen unterwegs - Schoenstatt","isPartOf":{"@id":"https:\/\/schoenstatt.com\/de\/#website"},"primaryImageOfPage":{"@id":"https:\/\/schoenstatt.com\/de\/marias-kreuzzug-2026-mit-erhobenem-herzen-unterwegs\/#primaryimage"},"image":{"@id":"https:\/\/schoenstatt.com\/de\/marias-kreuzzug-2026-mit-erhobenem-herzen-unterwegs\/#primaryimage"},"thumbnailUrl":"https:\/\/schoenstatt.com\/wp-content\/uploads\/2026\/02\/Cruzada-de-Maria-2026-JM-Schoenstatt-4.webp","datePublished":"2026-02-13T05:01:00+00:00","dateModified":"2026-02-14T11:44:22+00:00","description":"130 Mitglieder der Sch\u00f6nstatt-Mannesjugend legten im Rahmen des Marienkreuzzugs mehr als 400 km zwischen Argentinien und Chile zur\u00fcck.","breadcrumb":{"@id":"https:\/\/schoenstatt.com\/de\/marias-kreuzzug-2026-mit-erhobenem-herzen-unterwegs\/#breadcrumb"},"inLanguage":"de","potentialAction":[{"@type":"ReadAction","target":["https:\/\/schoenstatt.com\/de\/marias-kreuzzug-2026-mit-erhobenem-herzen-unterwegs\/"]}]},{"@type":"ImageObject","inLanguage":"de","@id":"https:\/\/schoenstatt.com\/de\/marias-kreuzzug-2026-mit-erhobenem-herzen-unterwegs\/#primaryimage","url":"https:\/\/schoenstatt.com\/wp-content\/uploads\/2026\/02\/Cruzada-de-Maria-2026-JM-Schoenstatt-4.webp","contentUrl":"https:\/\/schoenstatt.com\/wp-content\/uploads\/2026\/02\/Cruzada-de-Maria-2026-JM-Schoenstatt-4.webp","width":1280,"height":850},{"@type":"BreadcrumbList","@id":"https:\/\/schoenstatt.com\/de\/marias-kreuzzug-2026-mit-erhobenem-herzen-unterwegs\/#breadcrumb","itemListElement":[{"@type":"ListItem","position":1,"name":"Portada","item":"https:\/\/schoenstatt.com\/de\/home\/"},{"@type":"ListItem","position":2,"name":"Marias Kreuzzug 2026: Mit erhobenem Herzen unterwegs"}]},{"@type":"WebSite","@id":"https:\/\/schoenstatt.com\/de\/#website","url":"https:\/\/schoenstatt.com\/de\/","name":"Schoenstatt","description":"Apostolic Movement","publisher":{"@id":"https:\/\/schoenstatt.com\/de\/#organization"},"potentialAction":[{"@type":"SearchAction","target":{"@type":"EntryPoint","urlTemplate":"https:\/\/schoenstatt.com\/de\/?s={search_term_string}"},"query-input":{"@type":"PropertyValueSpecification","valueRequired":true,"valueName":"search_term_string"}}],"inLanguage":"de"},{"@type":"Organization","@id":"https:\/\/schoenstatt.com\/de\/#organization","name":"Schoenstatt","url":"https:\/\/schoenstatt.com\/de\/","logo":{"@type":"ImageObject","inLanguage":"de","@id":"https:\/\/schoenstatt.com\/de\/#\/schema\/logo\/image\/","url":"https:\/\/schoenstatt.com\/wp-content\/uploads\/2025\/04\/logo-schoenstatt-white-696x696-1.png","contentUrl":"https:\/\/schoenstatt.com\/wp-content\/uploads\/2025\/04\/logo-schoenstatt-white-696x696-1.png","width":696,"height":694,"caption":"Schoenstatt"},"image":{"@id":"https:\/\/schoenstatt.com\/de\/#\/schema\/logo\/image\/"}},{"@type":"Person","@id":"https:\/\/schoenstatt.com\/de\/#\/schema\/person\/5158877ad4acae98b34daaeef2a1ce6e","name":"Karen Bueno","image":{"@type":"ImageObject","inLanguage":"de","@id":"https:\/\/secure.gravatar.com\/avatar\/f9f4b823873154269d2b2130f195f6d41037dd0d7fc5f3cacb5c846bae70d66b?s=96&d=mm&r=g","url":"https:\/\/secure.gravatar.com\/avatar\/f9f4b823873154269d2b2130f195f6d41037dd0d7fc5f3cacb5c846bae70d66b?s=96&d=mm&r=g","contentUrl":"https:\/\/secure.gravatar.com\/avatar\/f9f4b823873154269d2b2130f195f6d41037dd0d7fc5f3cacb5c846bae70d66b?s=96&d=mm&r=g","caption":"Karen Bueno"},"url":"https:\/\/schoenstatt.com\/de\/author\/karen-bueno\/"}]}},"_links":{"self":[{"href":"https:\/\/schoenstatt.com\/de\/wp-json\/wp\/v2\/posts\/68352","targetHints":{"allow":["GET"]}}],"collection":[{"href":"https:\/\/schoenstatt.com\/de\/wp-json\/wp\/v2\/posts"}],"about":[{"href":"https:\/\/schoenstatt.com\/de\/wp-json\/wp\/v2\/types\/post"}],"author":[{"embeddable":true,"href":"https:\/\/schoenstatt.com\/de\/wp-json\/wp\/v2\/users\/3"}],"replies":[{"embeddable":true,"href":"https:\/\/schoenstatt.com\/de\/wp-json\/wp\/v2\/comments?post=68352"}],"version-history":[{"count":3,"href":"https:\/\/schoenstatt.com\/de\/wp-json\/wp\/v2\/posts\/68352\/revisions"}],"predecessor-version":[{"id":68355,"href":"https:\/\/schoenstatt.com\/de\/wp-json\/wp\/v2\/posts\/68352\/revisions\/68355"}],"wp:featuredmedia":[{"embeddable":true,"href":"https:\/\/schoenstatt.com\/de\/wp-json\/wp\/v2\/media\/68323"}],"wp:attachment":[{"href":"https:\/\/schoenstatt.com\/de\/wp-json\/wp\/v2\/media?parent=68352"}],"wp:term":[{"taxonomy":"category","embeddable":true,"href":"https:\/\/schoenstatt.com\/de\/wp-json\/wp\/v2\/categories?post=68352"},{"taxonomy":"post_tag","embeddable":true,"href":"https:\/\/schoenstatt.com\/de\/wp-json\/wp\/v2\/tags?post=68352"}],"curies":[{"name":"wp","href":"https:\/\/api.w.org\/{rel}","templated":true}]}}