{"id":67904,"date":"2026-02-02T03:20:00","date_gmt":"2026-02-02T02:20:00","guid":{"rendered":"https:\/\/schoenstatt.com\/?p=67904"},"modified":"2026-01-30T13:48:25","modified_gmt":"2026-01-30T12:48:25","slug":"wenn-ich-es-nochmals-zu-entscheiden-haette-ich-wuerde-es-wieder-tun","status":"publish","type":"post","link":"https:\/\/schoenstatt.com\/de\/wenn-ich-es-nochmals-zu-entscheiden-haette-ich-wuerde-es-wieder-tun\/","title":{"rendered":"\u201eWenn ich es nochmals zu entscheiden h\u00e4tte, Ich w\u00fcrde es wieder tun\u201c"},"content":{"rendered":"\n<p>Frau Maria Fischer stammt aus einem kleinen Dorf in der N\u00e4he von Oberkirch (Deutschland, Bundesland Baden-W\u00fcrttemberg). Vor Jahren stellte sie sich einer entscheidenden Frage, die das Leben jedes Menschen betrifft: Was ist meine Berufung? Welchen Weg hat Gott f\u00fcr mein Leben vorgesehen?<\/p>\n\n\n\n<p>Als sie diesen Ruf tief in ihrem Herzen h\u00f6rte, entschied sie sich f\u00fcr das geweihte Leben und trat der Gemeinschaft der <a href=\"https:\/\/schoenstatt.com\/de\/in-gemeinschaft\/frauen\/saekularinstitut-der-frauen-von-schoenstatt\/\">Frauen von Sch\u00f6nstatt<\/a> bei. <em>\u201e\u00dcber mein Engagement in der Katholischen Landjugend habe ich junge Menschen kennen gelernt, die \u00fcberzeugt ihren Glauben gelebt haben. Viele meiner Freundschaften, die ich in diesen Jahren kn\u00fcpfen konnte, bestehen bis heute. Irgendwann habe ich wahrgenommen, dass sie alle auch zur Sch\u00f6nstatt Jugendbewegung geh\u00f6ren. Durch sie fand ich nach und nach immer mehr pers\u00f6nlichen Zugang zum Liebesb\u00fcndnis mit der Gottesmutter im Heiligtum.\u201c<\/em><\/p>\n\n\n\n<p>Vor einigen Monaten wurde Maria Fischer zur <a href=\"https:\/\/schoenstatt.com\/de\/neue-generalleitung-der-frauen-von-schoenstatt-vom-generalkongress-gewaehlt\/\">Generaloberin des Instituts der Frauen von Sch\u00f6nstatt gew\u00e4hlt<\/a>. An diesem Tag des geweihten Lebens, der am 2. Februar gefeiert wird, erz\u00e4hlt sie uns mehr \u00fcber ihren Berufungsweg und die Sch\u00f6nheit eines Lebens, das ganz dem Herrn geweiht ist.<\/p>\n\n\n\n<hr class=\"wp-block-separator has-text-color has-alpha-channel-opacity has-background is-style-default\" style=\"background-color:#e77d31;color:#e77d31\"\/>\n\n\n\n<div style=\"height:34px\" aria-hidden=\"true\" class=\"wp-block-spacer\"><\/div>\n\n\n\n<h2 class=\"wp-block-heading has-medium-font-size\" id=\"h-berufung-und-entscheidung\">Berufung und Entscheidung<\/h2>\n\n\n\n<p><strong>Wie haben Sie die Berufung Gottes zum geweihten Leben wahrgenommen und was hat Sie konkret dazu bewogen, \u201eJa\u201c zu dieser Berufung zu sagen?<\/strong><\/p>\n\n\n\n<p>F\u00fcr mich gibt es eine sehr tiefe, pers\u00f6nliche Erfahrung der Begegnung mit dem Herrn in der Eucharistie. Schon fr\u00fch war der Wunsch nach einem Leben in der Nachfolge Jesu in mir wach geworden. Ich war auf der Suche. Ich hatte Sch\u00f6nstatt kennen gelernt. Gleichzeitig auch die Spiritualit\u00e4t Charles de Foucauld. Ein Leben als \u201aKleine Schwester\u2018 konnte ich mir genauso gut vorstellen.<\/p>\n\n\n\n<p>In diese Zeit fiel der Bau des Heiligtums der Berufung in Freiburg und ich bekam durch pers\u00f6nliche Beziehungen einen tiefen Kontakt zum Wachstums- und Bauprozess dieses Heiligtums. Damals nahm mich jemand mit zur Grundsteinsegnung, die w\u00e4hrend des Katholikentages 1978 in Freiburg stattfand. Nach und nach wurde mir klarer, wie sehr mein pers\u00f6nlicher Berufungsweg mit Sch\u00f6nstatt verbunden ist. So konnte ich mich anl\u00e4sslich der Grundsteinlegung des Heiligtums der Berufung f\u00fcr Sch\u00f6nstatt entscheiden. F\u00fcr mich war recht schnell klar, dass es eine Nachfolge inmitten der Welt sein wird. Ich entschied mich f\u00fcr ein Leben als Frau von Sch\u00f6nstatt. Bis heute ist es f\u00fcr mich ein besonderes Geschenk, dass mein pers\u00f6nliches Berufungsgebet mit einigen anderen zusammen in den Mauern dieses Heiligtums \u201amit eingemauert\u2018 ist.<\/p>\n\n\n\n<div style=\"height:38px\" aria-hidden=\"true\" class=\"wp-block-spacer\"><\/div>\n\n\n\n<h2 class=\"wp-block-heading has-medium-font-size\" id=\"h-das-geweihte-leben-im-alltag\">Das geweihte Leben im Alltag<\/h2>\n\n\n\n<p><strong>Wie dr\u00fcckt sich das geweihte Leben in Ihrem Alltag aus \u2013 in den kleinen Entscheidungen, in der Arbeit, in den Beziehungen und im Gebet?<\/strong><\/p>\n\n\n\n<p>Als Frau von Sch\u00f6nstatt lebe ich \u2013 \u00e4u\u00dferlich betrachtet \u2013 unerkannt inmitten der Welt dieses Leben der Nachfolge in den Evangelischen R\u00e4ten von Armut, Ehelosigkeit und Gehorsam.<\/p>\n\n\n\n<p>Die berufliche Arbeit, die pers\u00f6nlichen Beziehungen, das freundschaftliche Umfeld \u2013 alles erf\u00e4hrt dadurch seine Pr\u00e4gung. In meinem Beruf als Gemeindereferentin war ein geregelter Tagesablauf immer schwer. Da brauchte es klare Entschiedenheit, wenn die Beziehung zu Gott nicht zur Nebensache werden soll. Wenn m\u00f6glich nehmen wir t\u00e4glich an der Heiligen Messe teil, ob in Pr\u00e4senz oder digital. Unsere Berufung lebt aus der Teilhabe an der Eucharistie. Es braucht die Pflege der t\u00e4glichen Gebetszeiten. Sie helfen uns, in ein Leben der ganz allt\u00e4glichen Gottverbundenheit zu kommen. Alle unsere Wege, T\u00e4tigkeiten, Begegnungen wollen durchdrungen sein von unserer Hingabe und Bereitschaft, f\u00fcr und mit Jesus diesen Weg zu gehen. Das geht oft nicht ohne konkrete Verzichte. Da wird dann auch das Thema \u201aArmut\u2018 konkret. Ein guter Teil meiner \u201aFreizeit\u2018 geh\u00f6rt dem Herrn.<\/p>\n\n\n\n<div style=\"height:37px\" aria-hidden=\"true\" class=\"wp-block-spacer\"><\/div>\n\n\n\n<figure class=\"wp-block-image aligncenter size-full\"><img fetchpriority=\"high\" decoding=\"async\" width=\"645\" height=\"860\" src=\"https:\/\/schoenstatt.com\/wp-content\/uploads\/2026\/01\/Frau-Maria-Fisher-2.webp\" alt=\"\" class=\"wp-image-67883\"\/><\/figure>\n\n\n\n<div style=\"height:30px\" aria-hidden=\"true\" class=\"wp-block-spacer\"><\/div>\n\n\n\n<h2 class=\"wp-block-heading has-medium-font-size\" id=\"h-verbindung-zu-maria-und-das-charisma-schonstatts\">Verbindung zu Maria und das Charisma Sch\u00f6nstatts<\/h2>\n\n\n\n<p><strong>Inwiefern pr\u00e4gen das Charisma Sch\u00f6nstatts und die Verbindung zur Gottesmutter Ihre Identit\u00e4t als Geweihte und Ihre Mission in der Kirche und in der Welt?<\/strong><\/p>\n\n\n\n<p>F\u00fcr mich ist das t\u00e4glich erneuerte Liebesb\u00fcndnis mit der Gottesmutter im Heiligtum die Quelle, aus der ich Nahrung, Kraft und Inspiration f\u00fcr meinen Dienst an den Menschen sch\u00f6pfen darf. Von Maria kann ich immer wieder neu lernen, wie ein Leben der Nachfolge inmitten der Welt gehen kann. Sie hat das selbst gelebt, in ihrem kleinen Alltag von Nazareth. Sie ist den ganzen Weg mit Jesus gegangen. Sie ist treu zu ihm gestanden in allen Phasen seines Lebens.<\/p>\n\n\n\n<p>F\u00fcr mich pers\u00f6nlich hat der Besuch Marias bei Elisabeth eine besondere Bedeutung. Sie ist in der Freude des Magnifikats \u201aauf dem Weg\u2018. So sehe auch ich meine Berufung: Ich wei\u00df mich vom Heiligtum aus von Maria zu den Menschen gesandt \u2013 immer mit der Verhei\u00dfung Gottes im Herzen, seine Liebe, seine G\u00fcte, seine Barmherzigkeit, seine Menschenfreundlichkeit zu bringen.<\/p>\n\n\n\n<div style=\"height:37px\" aria-hidden=\"true\" class=\"wp-block-spacer\"><\/div>\n\n\n\n<h2 class=\"wp-block-heading has-medium-font-size\" id=\"h-herausforderungen-und-freuden-der-berufung\">Herausforderungen und Freuden der Berufung<\/h2>\n\n\n\n<p><strong>Was sind Ihrer Meinung nach heute die gr\u00f6\u00dften Herausforderungen des geweihten Lebens und welche Freuden best\u00e4tigen Tag f\u00fcr Tag die Sch\u00f6nheit dieser Entscheidung?<\/strong><\/p>\n\n\n\n<p>Wir leben unsere Berufung \u201aallein\u2018 mitten in der Welt. Das ist eine Herausforderung. Die Gefahr besteht, dass wir uns einsam erleben. Darum ist es so wichtig, die Freundschaft mit Jesus Christus und seiner Mutter t\u00e4glich zu pflegen. Wenn wir den Kontakt zu dieser inneren Kraftquelle verlieren, wird unser Leben nicht nur oberfl\u00e4chlich. Es wird leer, verliert seinen tiefen Sinn. Ebenso wichtig ist f\u00fcr uns auch, dass wir die Verbundenheit mit den Menschen, mit unserer Gemeinschaft pflegen. Wir brauchen sie, dass wir geerdet bleiben. Darum pflegen wir regelm\u00e4\u00dfig die Kontakte und Beziehungen in unserer Gemeinschaft, kommen zu Treffen zusammen, haben gemeinsame Zeiten der geistlichen Erneuerung, feiern miteinander die Liturgie und die Feste des Lebens. Genauso wichtig ist es f\u00fcr uns, die Kontakte mit unserer pers\u00f6nlichen Familie nicht zu vernachl\u00e4ssigen, Freundschaften in unserem Beruf und Apostolat lebendig zu halten.<\/p>\n\n\n\n<p>Im Leben einer Frau von Sch\u00f6nstatt gibt es \u2013 wie in jedem menschlichen Leben &#8211; viele Freuden. Ein guter Teil unserer t\u00e4glichen Betrachtung ist es, diese vorsehungsgl\u00e4ubig zu entdecken und daf\u00fcr zu danken.<br>Die Berufung zur Frau von Sch\u00f6nstatt \u2013 sie schenkt uns Teilhabe an der W\u00fcrde, der Sch\u00f6nheit Mariens in ihrer Berufung. In diesem Bewusstsein d\u00fcrfen wir leben. Es hilft uns, die Schwierigkeiten, die es t\u00e4glich ja auch gibt, richtig einzuordnen und unser Ja dazu zu sagen.<\/p>\n\n\n\n<div style=\"height:34px\" aria-hidden=\"true\" class=\"wp-block-spacer\"><\/div>\n\n\n\n<h2 class=\"wp-block-heading has-medium-font-size\" id=\"h-zeugnis-und-botschaft-an-die-jugendlichen\">Zeugnis und Botschaft an die Jugendlichen<\/h2>\n\n\n\n<p><strong>Welche Botschaft w\u00fcrden Sie Jugendlichen mitgeben, die sich beruflich unsicher sind oder sich fragen, welchen Sinn ein Leben hat, das ganz Gott gewidmet ist?<\/strong><\/p>\n\n\n\n<p>Aus meiner eigenen Erfahrung als Jugendliche m\u00f6chte ich sagen:<br>Habt den Mut, auf die Stimme des Herrn und seiner Mutter in Eurem Herzen zu h\u00f6ren und ihr zu folgen. Es geht immer um die Frage nach der pers\u00f6nlichen Berufung: Was will Gott von mir? &#8211; Eine Berufung zur Ehe? &#8211; Eine Berufung in eine religi\u00f6se Gemeinschaft? \u2013 Die Berufung zum Priestertum? Oder ein anderer kirchliche Beruf? Auch die Entscheidung, welches Studium ich beginne, welche Ausbildung, usw. Alles ist Berufung von Gott. Ich bin eingeladen, meinen ganz pers\u00f6nlichen Weg zu erkennen und ihm zu folgen.<br>Allein geht das nicht. Wichtig ist, Weggef\u00e4hrten und Weggef\u00e4hrtinnen zu haben, denen der gelebte Glauben wichtig ist. Und es ist gut, jemand zur Seite zu haben, eine Geistliche Begleitung, die schon erfahren ist auf diesem Weg und mich in meinem Suchen und Fragen begleiten kann.<\/p>\n\n\n\n<p>Welchen Sinn hat mein ganz Gott geweihtes Leben?<br>Es ist ein Leben der Hingabe \u2013 f\u00fcr die Menschen, f\u00fcr die Welt. Es geht nicht um Erfolg. Es geht um die schlichte Pr\u00e4senz des Herrn und seiner Mutter in meinem Leben. Und durch mich ist er gegenw\u00e4rtig an dem Ort an dem ich wirke und bei den Menschen, mit denen ich lebe, f\u00fcr die ich verantwortlich bin. Das tut er auch in meinen Misserfolgen, meinem Scheitern, meiner erlebten Ohnmacht angesichts von so viel Not und Elend, mit dem ich t\u00e4glich konfrontiert werde. Es braucht diesen tiefen Glauben an die Realit\u00e4t der \u00dcbernatur in unserer Welt und Zeit. Sonst macht dieses Leben keinen Sinn.<\/p>\n\n\n\n<p>Es sind mehr als 50 Jahre, seit ich die erste Entscheidung f\u00fcr diesen Weg der Nachfolge getroffen habe. Auf diesem Weg gab es auch manche Herausforderungen, Entt\u00e4uschungen und Krisen. Aber bis heute kann ich aus frohem und freiem Herzen sagen: Wenn ich es nochmals zu entscheiden h\u00e4tte. Ich w\u00fcrde es wieder tun.<\/p>\n","protected":false},"excerpt":{"rendered":"<p>An diesem Tag des geweihten Lebens erz\u00e4hlt uns die Generaloberin des Instituts der Frauen von Sch\u00f6nstatt von ihrem Berufungsweg und ihrer Lebensweihe.<\/p>\n","protected":false},"author":3,"featured_media":67889,"comment_status":"closed","ping_status":"closed","sticky":false,"template":"","format":"standard","meta":{"footnotes":""},"categories":[907],"tags":[1246,1313],"class_list":["post-67904","post","type-post","status-publish","format-standard","has-post-thumbnail","hentry","category-schoenstatt-gemeinschaften-de","tag-berufung-de","tag-frauen-von-schoenstatt"],"yoast_head":"<!-- This site is optimized with the Yoast SEO Premium plugin v27.4 (Yoast SEO v27.5) - https:\/\/yoast.com\/product\/yoast-seo-premium-wordpress\/ -->\n<title>\u201eWenn ich es nochmals zu entscheiden h\u00e4tte, Ich w\u00fcrde es wieder tun\u201c - Schoenstatt<\/title>\n<meta name=\"description\" content=\"An diesem Tag des geweihten Lebens erz\u00e4hlt uns die Generaloberin des Instituts der Frauen von Sch\u00f6nstatt von ihrem Berufungsweg und ihrer Lebensweihe.\" \/>\n<meta name=\"robots\" content=\"index, follow, max-snippet:-1, max-image-preview:large, max-video-preview:-1\" \/>\n<link rel=\"canonical\" href=\"https:\/\/schoenstatt.com\/de\/wenn-ich-es-nochmals-zu-entscheiden-haette-ich-wuerde-es-wieder-tun\/\" \/>\n<meta property=\"og:locale\" content=\"de_DE\" \/>\n<meta property=\"og:type\" content=\"article\" \/>\n<meta property=\"og:title\" content=\"\u201eWenn ich es nochmals zu entscheiden h\u00e4tte, Ich w\u00fcrde es wieder tun\u201c\" \/>\n<meta property=\"og:description\" content=\"An diesem Tag des geweihten Lebens erz\u00e4hlt uns die Generaloberin des Instituts der Frauen von Sch\u00f6nstatt von ihrem Berufungsweg und ihrer Lebensweihe.\" \/>\n<meta property=\"og:url\" content=\"https:\/\/schoenstatt.com\/de\/wenn-ich-es-nochmals-zu-entscheiden-haette-ich-wuerde-es-wieder-tun\/\" \/>\n<meta property=\"og:site_name\" content=\"Schoenstatt\" \/>\n<meta property=\"article:published_time\" content=\"2026-02-02T02:20:00+00:00\" \/>\n<meta property=\"og:image\" content=\"https:\/\/schoenstatt.com\/wp-content\/uploads\/2026\/01\/Frau-Maria-Fisher.webp\" \/>\n\t<meta property=\"og:image:width\" content=\"1536\" \/>\n\t<meta property=\"og:image:height\" content=\"888\" \/>\n\t<meta property=\"og:image:type\" content=\"image\/png\" \/>\n<meta name=\"author\" content=\"Karen Bueno\" \/>\n<meta name=\"twitter:card\" content=\"summary_large_image\" \/>\n<meta name=\"twitter:label1\" content=\"Verfasst von\" \/>\n\t<meta name=\"twitter:data1\" content=\"Karen Bueno\" \/>\n\t<meta name=\"twitter:label2\" content=\"Gesch\u00e4tzte Lesezeit\" \/>\n\t<meta name=\"twitter:data2\" content=\"8\u00a0Minuten\" \/>\n<script type=\"application\/ld+json\" class=\"yoast-schema-graph\">{\"@context\":\"https:\\\/\\\/schema.org\",\"@graph\":[{\"@type\":\"Article\",\"@id\":\"https:\\\/\\\/schoenstatt.com\\\/de\\\/wenn-ich-es-nochmals-zu-entscheiden-haette-ich-wuerde-es-wieder-tun\\\/#article\",\"isPartOf\":{\"@id\":\"https:\\\/\\\/schoenstatt.com\\\/de\\\/wenn-ich-es-nochmals-zu-entscheiden-haette-ich-wuerde-es-wieder-tun\\\/\"},\"author\":{\"name\":\"Karen Bueno\",\"@id\":\"https:\\\/\\\/schoenstatt.com\\\/de\\\/#\\\/schema\\\/person\\\/5158877ad4acae98b34daaeef2a1ce6e\"},\"headline\":\"\u201eWenn ich es nochmals zu entscheiden h\u00e4tte, Ich w\u00fcrde es wieder tun\u201c\",\"datePublished\":\"2026-02-02T02:20:00+00:00\",\"mainEntityOfPage\":{\"@id\":\"https:\\\/\\\/schoenstatt.com\\\/de\\\/wenn-ich-es-nochmals-zu-entscheiden-haette-ich-wuerde-es-wieder-tun\\\/\"},\"wordCount\":1409,\"publisher\":{\"@id\":\"https:\\\/\\\/schoenstatt.com\\\/de\\\/#organization\"},\"image\":{\"@id\":\"https:\\\/\\\/schoenstatt.com\\\/de\\\/wenn-ich-es-nochmals-zu-entscheiden-haette-ich-wuerde-es-wieder-tun\\\/#primaryimage\"},\"thumbnailUrl\":\"https:\\\/\\\/schoenstatt.com\\\/wp-content\\\/uploads\\\/2026\\\/01\\\/Frau-Maria-Fisher.webp\",\"keywords\":[\"Berufung\",\"Frauen von Sch\u00f6nstatt\"],\"articleSection\":[\"Schoenstatt Gemeinschaften\"],\"inLanguage\":\"de\"},{\"@type\":\"WebPage\",\"@id\":\"https:\\\/\\\/schoenstatt.com\\\/de\\\/wenn-ich-es-nochmals-zu-entscheiden-haette-ich-wuerde-es-wieder-tun\\\/\",\"url\":\"https:\\\/\\\/schoenstatt.com\\\/de\\\/wenn-ich-es-nochmals-zu-entscheiden-haette-ich-wuerde-es-wieder-tun\\\/\",\"name\":\"\u201eWenn ich es nochmals zu entscheiden h\u00e4tte, Ich w\u00fcrde es wieder tun\u201c - Schoenstatt\",\"isPartOf\":{\"@id\":\"https:\\\/\\\/schoenstatt.com\\\/de\\\/#website\"},\"primaryImageOfPage\":{\"@id\":\"https:\\\/\\\/schoenstatt.com\\\/de\\\/wenn-ich-es-nochmals-zu-entscheiden-haette-ich-wuerde-es-wieder-tun\\\/#primaryimage\"},\"image\":{\"@id\":\"https:\\\/\\\/schoenstatt.com\\\/de\\\/wenn-ich-es-nochmals-zu-entscheiden-haette-ich-wuerde-es-wieder-tun\\\/#primaryimage\"},\"thumbnailUrl\":\"https:\\\/\\\/schoenstatt.com\\\/wp-content\\\/uploads\\\/2026\\\/01\\\/Frau-Maria-Fisher.webp\",\"datePublished\":\"2026-02-02T02:20:00+00:00\",\"description\":\"An diesem Tag des geweihten Lebens erz\u00e4hlt uns die Generaloberin des Instituts der Frauen von Sch\u00f6nstatt von ihrem Berufungsweg und ihrer Lebensweihe.\",\"breadcrumb\":{\"@id\":\"https:\\\/\\\/schoenstatt.com\\\/de\\\/wenn-ich-es-nochmals-zu-entscheiden-haette-ich-wuerde-es-wieder-tun\\\/#breadcrumb\"},\"inLanguage\":\"de\",\"potentialAction\":[{\"@type\":\"ReadAction\",\"target\":[\"https:\\\/\\\/schoenstatt.com\\\/de\\\/wenn-ich-es-nochmals-zu-entscheiden-haette-ich-wuerde-es-wieder-tun\\\/\"]}]},{\"@type\":\"ImageObject\",\"inLanguage\":\"de\",\"@id\":\"https:\\\/\\\/schoenstatt.com\\\/de\\\/wenn-ich-es-nochmals-zu-entscheiden-haette-ich-wuerde-es-wieder-tun\\\/#primaryimage\",\"url\":\"https:\\\/\\\/schoenstatt.com\\\/wp-content\\\/uploads\\\/2026\\\/01\\\/Frau-Maria-Fisher.webp\",\"contentUrl\":\"https:\\\/\\\/schoenstatt.com\\\/wp-content\\\/uploads\\\/2026\\\/01\\\/Frau-Maria-Fisher.webp\",\"width\":1536,\"height\":888,\"caption\":\"Frau Maria Fisher\"},{\"@type\":\"BreadcrumbList\",\"@id\":\"https:\\\/\\\/schoenstatt.com\\\/de\\\/wenn-ich-es-nochmals-zu-entscheiden-haette-ich-wuerde-es-wieder-tun\\\/#breadcrumb\",\"itemListElement\":[{\"@type\":\"ListItem\",\"position\":1,\"name\":\"Portada\",\"item\":\"https:\\\/\\\/schoenstatt.com\\\/de\\\/home\\\/\"},{\"@type\":\"ListItem\",\"position\":2,\"name\":\"\u201eWenn ich es nochmals zu entscheiden h\u00e4tte, Ich w\u00fcrde es wieder tun\u201c\"}]},{\"@type\":\"WebSite\",\"@id\":\"https:\\\/\\\/schoenstatt.com\\\/de\\\/#website\",\"url\":\"https:\\\/\\\/schoenstatt.com\\\/de\\\/\",\"name\":\"Schoenstatt\",\"description\":\"Apostolic Movement\",\"publisher\":{\"@id\":\"https:\\\/\\\/schoenstatt.com\\\/de\\\/#organization\"},\"potentialAction\":[{\"@type\":\"SearchAction\",\"target\":{\"@type\":\"EntryPoint\",\"urlTemplate\":\"https:\\\/\\\/schoenstatt.com\\\/de\\\/?s={search_term_string}\"},\"query-input\":{\"@type\":\"PropertyValueSpecification\",\"valueRequired\":true,\"valueName\":\"search_term_string\"}}],\"inLanguage\":\"de\"},{\"@type\":\"Organization\",\"@id\":\"https:\\\/\\\/schoenstatt.com\\\/de\\\/#organization\",\"name\":\"Schoenstatt\",\"url\":\"https:\\\/\\\/schoenstatt.com\\\/de\\\/\",\"logo\":{\"@type\":\"ImageObject\",\"inLanguage\":\"de\",\"@id\":\"https:\\\/\\\/schoenstatt.com\\\/de\\\/#\\\/schema\\\/logo\\\/image\\\/\",\"url\":\"https:\\\/\\\/schoenstatt.com\\\/wp-content\\\/uploads\\\/2025\\\/04\\\/logo-schoenstatt-white-696x696-1.png\",\"contentUrl\":\"https:\\\/\\\/schoenstatt.com\\\/wp-content\\\/uploads\\\/2025\\\/04\\\/logo-schoenstatt-white-696x696-1.png\",\"width\":696,\"height\":694,\"caption\":\"Schoenstatt\"},\"image\":{\"@id\":\"https:\\\/\\\/schoenstatt.com\\\/de\\\/#\\\/schema\\\/logo\\\/image\\\/\"}},{\"@type\":\"Person\",\"@id\":\"https:\\\/\\\/schoenstatt.com\\\/de\\\/#\\\/schema\\\/person\\\/5158877ad4acae98b34daaeef2a1ce6e\",\"name\":\"Karen Bueno\",\"image\":{\"@type\":\"ImageObject\",\"inLanguage\":\"de\",\"@id\":\"https:\\\/\\\/secure.gravatar.com\\\/avatar\\\/f9f4b823873154269d2b2130f195f6d41037dd0d7fc5f3cacb5c846bae70d66b?s=96&d=mm&r=g\",\"url\":\"https:\\\/\\\/secure.gravatar.com\\\/avatar\\\/f9f4b823873154269d2b2130f195f6d41037dd0d7fc5f3cacb5c846bae70d66b?s=96&d=mm&r=g\",\"contentUrl\":\"https:\\\/\\\/secure.gravatar.com\\\/avatar\\\/f9f4b823873154269d2b2130f195f6d41037dd0d7fc5f3cacb5c846bae70d66b?s=96&d=mm&r=g\",\"caption\":\"Karen Bueno\"},\"url\":\"https:\\\/\\\/schoenstatt.com\\\/de\\\/author\\\/karen-bueno\\\/\"}]}<\/script>\n<!-- \/ Yoast SEO Premium plugin. -->","yoast_head_json":{"title":"\u201eWenn ich es nochmals zu entscheiden h\u00e4tte, Ich w\u00fcrde es wieder tun\u201c - Schoenstatt","description":"An diesem Tag des geweihten Lebens erz\u00e4hlt uns die Generaloberin des Instituts der Frauen von Sch\u00f6nstatt von ihrem Berufungsweg und ihrer Lebensweihe.","robots":{"index":"index","follow":"follow","max-snippet":"max-snippet:-1","max-image-preview":"max-image-preview:large","max-video-preview":"max-video-preview:-1"},"canonical":"https:\/\/schoenstatt.com\/de\/wenn-ich-es-nochmals-zu-entscheiden-haette-ich-wuerde-es-wieder-tun\/","og_locale":"de_DE","og_type":"article","og_title":"\u201eWenn ich es nochmals zu entscheiden h\u00e4tte, Ich w\u00fcrde es wieder tun\u201c","og_description":"An diesem Tag des geweihten Lebens erz\u00e4hlt uns die Generaloberin des Instituts der Frauen von Sch\u00f6nstatt von ihrem Berufungsweg und ihrer Lebensweihe.","og_url":"https:\/\/schoenstatt.com\/de\/wenn-ich-es-nochmals-zu-entscheiden-haette-ich-wuerde-es-wieder-tun\/","og_site_name":"Schoenstatt","article_published_time":"2026-02-02T02:20:00+00:00","og_image":[{"width":1536,"height":888,"url":"https:\/\/schoenstatt.com\/wp-content\/uploads\/2026\/01\/Frau-Maria-Fisher.webp","type":"image\/png"}],"author":"Karen Bueno","twitter_card":"summary_large_image","twitter_misc":{"Verfasst von":"Karen Bueno","Gesch\u00e4tzte Lesezeit":"8\u00a0Minuten"},"schema":{"@context":"https:\/\/schema.org","@graph":[{"@type":"Article","@id":"https:\/\/schoenstatt.com\/de\/wenn-ich-es-nochmals-zu-entscheiden-haette-ich-wuerde-es-wieder-tun\/#article","isPartOf":{"@id":"https:\/\/schoenstatt.com\/de\/wenn-ich-es-nochmals-zu-entscheiden-haette-ich-wuerde-es-wieder-tun\/"},"author":{"name":"Karen Bueno","@id":"https:\/\/schoenstatt.com\/de\/#\/schema\/person\/5158877ad4acae98b34daaeef2a1ce6e"},"headline":"\u201eWenn ich es nochmals zu entscheiden h\u00e4tte, Ich w\u00fcrde es wieder tun\u201c","datePublished":"2026-02-02T02:20:00+00:00","mainEntityOfPage":{"@id":"https:\/\/schoenstatt.com\/de\/wenn-ich-es-nochmals-zu-entscheiden-haette-ich-wuerde-es-wieder-tun\/"},"wordCount":1409,"publisher":{"@id":"https:\/\/schoenstatt.com\/de\/#organization"},"image":{"@id":"https:\/\/schoenstatt.com\/de\/wenn-ich-es-nochmals-zu-entscheiden-haette-ich-wuerde-es-wieder-tun\/#primaryimage"},"thumbnailUrl":"https:\/\/schoenstatt.com\/wp-content\/uploads\/2026\/01\/Frau-Maria-Fisher.webp","keywords":["Berufung","Frauen von Sch\u00f6nstatt"],"articleSection":["Schoenstatt Gemeinschaften"],"inLanguage":"de"},{"@type":"WebPage","@id":"https:\/\/schoenstatt.com\/de\/wenn-ich-es-nochmals-zu-entscheiden-haette-ich-wuerde-es-wieder-tun\/","url":"https:\/\/schoenstatt.com\/de\/wenn-ich-es-nochmals-zu-entscheiden-haette-ich-wuerde-es-wieder-tun\/","name":"\u201eWenn ich es nochmals zu entscheiden h\u00e4tte, Ich w\u00fcrde es wieder tun\u201c - Schoenstatt","isPartOf":{"@id":"https:\/\/schoenstatt.com\/de\/#website"},"primaryImageOfPage":{"@id":"https:\/\/schoenstatt.com\/de\/wenn-ich-es-nochmals-zu-entscheiden-haette-ich-wuerde-es-wieder-tun\/#primaryimage"},"image":{"@id":"https:\/\/schoenstatt.com\/de\/wenn-ich-es-nochmals-zu-entscheiden-haette-ich-wuerde-es-wieder-tun\/#primaryimage"},"thumbnailUrl":"https:\/\/schoenstatt.com\/wp-content\/uploads\/2026\/01\/Frau-Maria-Fisher.webp","datePublished":"2026-02-02T02:20:00+00:00","description":"An diesem Tag des geweihten Lebens erz\u00e4hlt uns die Generaloberin des Instituts der Frauen von Sch\u00f6nstatt von ihrem Berufungsweg und ihrer Lebensweihe.","breadcrumb":{"@id":"https:\/\/schoenstatt.com\/de\/wenn-ich-es-nochmals-zu-entscheiden-haette-ich-wuerde-es-wieder-tun\/#breadcrumb"},"inLanguage":"de","potentialAction":[{"@type":"ReadAction","target":["https:\/\/schoenstatt.com\/de\/wenn-ich-es-nochmals-zu-entscheiden-haette-ich-wuerde-es-wieder-tun\/"]}]},{"@type":"ImageObject","inLanguage":"de","@id":"https:\/\/schoenstatt.com\/de\/wenn-ich-es-nochmals-zu-entscheiden-haette-ich-wuerde-es-wieder-tun\/#primaryimage","url":"https:\/\/schoenstatt.com\/wp-content\/uploads\/2026\/01\/Frau-Maria-Fisher.webp","contentUrl":"https:\/\/schoenstatt.com\/wp-content\/uploads\/2026\/01\/Frau-Maria-Fisher.webp","width":1536,"height":888,"caption":"Frau Maria Fisher"},{"@type":"BreadcrumbList","@id":"https:\/\/schoenstatt.com\/de\/wenn-ich-es-nochmals-zu-entscheiden-haette-ich-wuerde-es-wieder-tun\/#breadcrumb","itemListElement":[{"@type":"ListItem","position":1,"name":"Portada","item":"https:\/\/schoenstatt.com\/de\/home\/"},{"@type":"ListItem","position":2,"name":"\u201eWenn ich es nochmals zu entscheiden h\u00e4tte, Ich w\u00fcrde es wieder tun\u201c"}]},{"@type":"WebSite","@id":"https:\/\/schoenstatt.com\/de\/#website","url":"https:\/\/schoenstatt.com\/de\/","name":"Schoenstatt","description":"Apostolic Movement","publisher":{"@id":"https:\/\/schoenstatt.com\/de\/#organization"},"potentialAction":[{"@type":"SearchAction","target":{"@type":"EntryPoint","urlTemplate":"https:\/\/schoenstatt.com\/de\/?s={search_term_string}"},"query-input":{"@type":"PropertyValueSpecification","valueRequired":true,"valueName":"search_term_string"}}],"inLanguage":"de"},{"@type":"Organization","@id":"https:\/\/schoenstatt.com\/de\/#organization","name":"Schoenstatt","url":"https:\/\/schoenstatt.com\/de\/","logo":{"@type":"ImageObject","inLanguage":"de","@id":"https:\/\/schoenstatt.com\/de\/#\/schema\/logo\/image\/","url":"https:\/\/schoenstatt.com\/wp-content\/uploads\/2025\/04\/logo-schoenstatt-white-696x696-1.png","contentUrl":"https:\/\/schoenstatt.com\/wp-content\/uploads\/2025\/04\/logo-schoenstatt-white-696x696-1.png","width":696,"height":694,"caption":"Schoenstatt"},"image":{"@id":"https:\/\/schoenstatt.com\/de\/#\/schema\/logo\/image\/"}},{"@type":"Person","@id":"https:\/\/schoenstatt.com\/de\/#\/schema\/person\/5158877ad4acae98b34daaeef2a1ce6e","name":"Karen Bueno","image":{"@type":"ImageObject","inLanguage":"de","@id":"https:\/\/secure.gravatar.com\/avatar\/f9f4b823873154269d2b2130f195f6d41037dd0d7fc5f3cacb5c846bae70d66b?s=96&d=mm&r=g","url":"https:\/\/secure.gravatar.com\/avatar\/f9f4b823873154269d2b2130f195f6d41037dd0d7fc5f3cacb5c846bae70d66b?s=96&d=mm&r=g","contentUrl":"https:\/\/secure.gravatar.com\/avatar\/f9f4b823873154269d2b2130f195f6d41037dd0d7fc5f3cacb5c846bae70d66b?s=96&d=mm&r=g","caption":"Karen Bueno"},"url":"https:\/\/schoenstatt.com\/de\/author\/karen-bueno\/"}]}},"_links":{"self":[{"href":"https:\/\/schoenstatt.com\/de\/wp-json\/wp\/v2\/posts\/67904","targetHints":{"allow":["GET"]}}],"collection":[{"href":"https:\/\/schoenstatt.com\/de\/wp-json\/wp\/v2\/posts"}],"about":[{"href":"https:\/\/schoenstatt.com\/de\/wp-json\/wp\/v2\/types\/post"}],"author":[{"embeddable":true,"href":"https:\/\/schoenstatt.com\/de\/wp-json\/wp\/v2\/users\/3"}],"replies":[{"embeddable":true,"href":"https:\/\/schoenstatt.com\/de\/wp-json\/wp\/v2\/comments?post=67904"}],"version-history":[{"count":8,"href":"https:\/\/schoenstatt.com\/de\/wp-json\/wp\/v2\/posts\/67904\/revisions"}],"predecessor-version":[{"id":67997,"href":"https:\/\/schoenstatt.com\/de\/wp-json\/wp\/v2\/posts\/67904\/revisions\/67997"}],"wp:featuredmedia":[{"embeddable":true,"href":"https:\/\/schoenstatt.com\/de\/wp-json\/wp\/v2\/media\/67889"}],"wp:attachment":[{"href":"https:\/\/schoenstatt.com\/de\/wp-json\/wp\/v2\/media?parent=67904"}],"wp:term":[{"taxonomy":"category","embeddable":true,"href":"https:\/\/schoenstatt.com\/de\/wp-json\/wp\/v2\/categories?post=67904"},{"taxonomy":"post_tag","embeddable":true,"href":"https:\/\/schoenstatt.com\/de\/wp-json\/wp\/v2\/tags?post=67904"}],"curies":[{"name":"wp","href":"https:\/\/api.w.org\/{rel}","templated":true}]}}