{"id":67568,"date":"2025-12-31T03:00:00","date_gmt":"2025-12-31T02:00:00","guid":{"rendered":"https:\/\/schoenstatt.com\/?p=67568"},"modified":"2026-01-06T18:54:18","modified_gmt":"2026-01-06T17:54:18","slug":"rueckblick-schoenstatt-2025-das-jahr-der-hoffnung","status":"publish","type":"post","link":"https:\/\/schoenstatt.com\/de\/rueckblick-schoenstatt-2025-das-jahr-der-hoffnung\/","title":{"rendered":"R\u00fcckblick Sch\u00f6nstatt 2025: Das Jahr der Hoffnung"},"content":{"rendered":"\n<p><strong>Das Jahr 2025 war ein besonderes Jahr, gepr\u00e4gt vom Jubil\u00e4um der Hoffnung in der gesamten Kirche. Als Sch\u00f6nstattfamilie haben wir besondere Momente der Gnade erlebt, an die wir uns heute erinnern und f\u00fcr die wir dankbar sind.<\/strong><\/p>\n\n\n\n<div style=\"height:100px\" aria-hidden=\"true\" class=\"wp-block-spacer\"><\/div>\n\n\n\n<hr class=\"wp-block-separator has-text-color has-alpha-channel-opacity has-background\" style=\"background-color:#ec7824;color:#ec7824\"\/>\n\n\n\n<h3 class=\"wp-block-heading\" id=\"h-kirche\">Kirche<\/h3>\n\n\n\n<div style=\"height:48px\" aria-hidden=\"true\" class=\"wp-block-spacer\"><\/div>\n\n\n\n<p>Erinnern wir uns an einige Ereignisse, die das Leben der Kirche in diesem Jahr gepr\u00e4gt haben, insbesondere an einige Momente, an denen unsere Sch\u00f6nstattfamilie beteiligt war.<\/p>\n\n\n\n<figure class=\"wp-block-gallery has-nested-images columns-default is-cropped wp-block-gallery-1 is-layout-flex wp-block-gallery-is-layout-flex\">\n<figure class=\"wp-block-image size-full\"><img fetchpriority=\"high\" decoding=\"async\" width=\"1920\" height=\"1227\" data-id=\"48847\" src=\"https:\/\/schoenstatt.com\/wp-content\/uploads\/2025\/04\/Pope-Francis.webp\" alt=\"\" class=\"wp-image-48847\" srcset=\"https:\/\/schoenstatt.com\/wp-content\/uploads\/2025\/04\/Pope-Francis.webp 1920w, https:\/\/schoenstatt.com\/wp-content\/uploads\/2025\/04\/Pope-Francis-768x491.webp 768w, https:\/\/schoenstatt.com\/wp-content\/uploads\/2025\/04\/Pope-Francis-1536x981.png 1536w, https:\/\/schoenstatt.com\/wp-content\/uploads\/2025\/04\/Pope-Francis-2048x1308.png 2048w\" sizes=\"(max-width: 1920px) 100vw, 1920px\" \/><\/figure>\n\n\n\n<figure class=\"wp-block-image size-large\"><img decoding=\"async\" data-id=\"62792\" src=\"https:\/\/schoenstatt.com\/wp-content\/uploads\/2025\/08\/Pope-Leo-XIV-Schoenstatt.webp\" alt=\"\" class=\"wp-image-62792\"\/><\/figure>\n<\/figure>\n\n\n\n<div style=\"height:68px\" aria-hidden=\"true\" class=\"wp-block-spacer\"><\/div>\n\n\n\n<p><strong>Tod von Papst Franziskus<br><\/strong><a href=\"https:\/\/schoenstatt.com\/de\/schoenstatt-nimmt-abschied-von-papst-franziskus\/\">Weiterlesen<\/a><\/p>\n\n\n\n<p><strong>Das Konklave und die Wahl von Papst Leo XIV.<br><\/strong><a href=\"https:\/\/schoenstatt.com\/de\/habemus-papam-robert-francis-prevost-papst-leo-xiv\/\">Weiterlesen<\/a><\/p>\n\n\n\n<p><strong>Papst Leo XIV. wird mit dem Kreuz der Einheit beschenkt<br><\/strong><a href=\"https:\/\/schoenstatt.com\/de\/papst-leo-xiv-erhaelt-das-kreuz-der-einheit-als-geschenk\/\">Weiterlesen<\/a><\/p>\n\n\n\n<p><strong>Jubil\u00e4um der Bewegungen: Die Sch\u00f6nstattfamilie pilgert nach Rom<br><\/strong><a href=\"https:\/\/schoenstatt.com\/de\/jubilaeum-der-bewegungen-die-schoenstattfamilie-pilgert-in-rom\/\">Weiterlesen<\/a><\/p>\n\n\n\n<p><strong>Die Sch\u00f6nstattjugend Argentiniens trifft Papst Leo XIV.<br><\/strong><a href=\"https:\/\/schoenstatt.com\/de\/die-schoenstattjugend-argentiniens-trifft-papst-leo-xiv\/\">Weiterlesen<\/a><\/p>\n\n\n\n<p><strong>Das Jubil\u00e4um der Jugend und die Teilnahme unserer Jugendlichen<br><\/strong><a href=\"https:\/\/schoenstatt.com\/de\/jugendjubeljahr-2025-die-mission-schoenstatts-das-herz-heiligen\/\">Weiterlesen<\/a><\/p>\n\n\n\n<div style=\"height:87px\" aria-hidden=\"true\" class=\"wp-block-spacer\"><\/div>\n\n\n\n<hr class=\"wp-block-separator has-text-color has-alpha-channel-opacity has-background\" style=\"background-color:#ec7824;color:#ec7824\"\/>\n\n\n\n<div style=\"height:48px\" aria-hidden=\"true\" class=\"wp-block-spacer\"><\/div>\n\n\n\n<h3 class=\"wp-block-heading\" id=\"h-schoenstatt-international\">Schoenstatt International<\/h3>\n\n\n\n<div style=\"height:63px\" aria-hidden=\"true\" class=\"wp-block-spacer\"><\/div>\n\n\n\n<figure class=\"wp-block-gallery has-nested-images columns-default is-cropped wp-block-gallery-2 is-layout-flex wp-block-gallery-is-layout-flex\">\n<figure class=\"wp-block-image size-large\"><img decoding=\"async\" width=\"2048\" height=\"1152\" data-id=\"59735\" src=\"https:\/\/schoenstatt.com\/wp-content\/uploads\/2025\/06\/Belmonte-coronation-4.jpg\" alt=\"\" class=\"wp-image-59735\" srcset=\"https:\/\/schoenstatt.com\/wp-content\/uploads\/2025\/06\/Belmonte-coronation-4.jpg 2048w, https:\/\/schoenstatt.com\/wp-content\/uploads\/2025\/06\/Belmonte-coronation-4-768x432.jpg 768w, https:\/\/schoenstatt.com\/wp-content\/uploads\/2025\/06\/Belmonte-coronation-4-1536x864.jpg 1536w\" sizes=\"(max-width: 2048px) 100vw, 2048px\" \/><\/figure>\n\n\n\n<figure class=\"wp-block-image size-large\"><img decoding=\"async\" width=\"960\" height=\"1280\" data-id=\"64049\" src=\"https:\/\/schoenstatt.com\/wp-content\/uploads\/2025\/09\/Humberto-Pozzobon.jpg\" alt=\"\" class=\"wp-image-64049\" srcset=\"https:\/\/schoenstatt.com\/wp-content\/uploads\/2025\/09\/Humberto-Pozzobon.jpg 960w, https:\/\/schoenstatt.com\/wp-content\/uploads\/2025\/09\/Humberto-Pozzobon-768x1024.jpg 768w\" sizes=\"(max-width: 960px) 100vw, 960px\" \/><\/figure>\n\n\n\n<figure class=\"wp-block-image size-large\"><img decoding=\"async\" data-id=\"60053\" src=\"https:\/\/schoenstatt.com\/wp-content\/uploads\/2025\/06\/Joao-Luiz-Pozzobon-1.webp\" alt=\"\" class=\"wp-image-60053\"\/><\/figure>\n<\/figure>\n\n\n\n<div style=\"height:67px\" aria-hidden=\"true\" class=\"wp-block-spacer\"><\/div>\n\n\n\n<p><strong>Mehr Heiligtum denn je: Das Urheiligtum wurde zum \u201eHeiligen Jubil\u00e4umsort\u201c ernannt<br><\/strong><a href=\"https:\/\/schoenstatt.com\/de\/mehr-heiligtum-als-je-einweihung-des-urheiligtums-als-heiliger-ort-des-jubilaeums\/\">Weiterlesen<\/a><\/p>\n\n\n\n<p><strong>Weltweit wurden mehr als 40 Sch\u00f6nstatt-Heiligt\u00fcmer mit Abl\u00e4ssen bedacht.<br><\/strong><a href=\"https:\/\/schoenstatt.com\/de\/mehr-als-40-schoenstatt-heiligtuemer-sind-pilgerstaetten-im-heiligen-jahr\/\">Weiterlesen<\/a><\/p>\n\n\n\n<p><strong>Die Theologische Kommission des Dikasteriums f\u00fcr die Selig- und Heiligsprechungsprozesse hat den Prozess von Jo\u00e3o Pozzobon positiv bewertet<br><\/strong><a href=\"https:\/\/schoenstatt.com\/de\/theologische-kommission-bewertet-den-prozess-von-joao-pozzobon-positiv\/\">Weiterlesen<\/a><\/p>\n\n\n\n<p><strong>Das Europ\u00e4ische Forum brachte Vertreter der Sch\u00f6nstatt-Familienbewegung zusammen<br><\/strong><a href=\"https:\/\/schoenstatt.com\/de\/europaforum-entdeckt-quellen-der-hoffnung-fuer-die-familien-europas\/\">Weiterlesen<\/a><\/p>\n\n\n\n<p><strong>In Belmonte-Rom wird die Gottesmutter von der internationalen Sch\u00f6nstattfamilie zur \u201eK\u00f6nigin Mater Ecclesiae\u201c gekr\u00f6nt<br><\/strong><a href=\"https:\/\/schoenstatt.com\/de\/kroenung-mariens-zur-koenigin-mater-ecclesiae-ein-tag-der-gnade-und-einheit\/\">Weiterlesen<\/a><\/p>\n\n\n\n<p><strong>Jo\u00e3o Luiz Pozzobon wurde von Papst Leo XIV. zum \u201eEhrw\u00fcrdigen\u201c erkl\u00e4rt<br><\/strong><a href=\"https:\/\/schoenstatt.com\/de\/papst-leo-xiv-proklamiert-joao-pozzobon-als-ehrwuerdig\/\">Weiterlesen<\/a><\/p>\n\n\n\n<p><strong>Die internationale Koordinationsstelle von Sch\u00f6nstatt traf sich mit Papst Leo XIV.<br><\/strong><a href=\"https:\/\/schoenstatt.com\/de\/die-internationale-koordination-von-schoenstatt-trifft-papst-leo-xiv\/\">Weiterlesen<\/a><\/p>\n\n\n\n<p><strong>Schoenstatt International und die Produktionsfirma CineMater bringen das Dokudrama \u201eDACHAU, Die H\u00f6lle\u201c heraus<br><\/strong><a href=\"https:\/\/schoenstatt.com\/a-special-release-is-coming-the-docudrama-dachau-the-hell\/\">Weiterlesen<\/a><\/p>\n\n\n\n<div style=\"height:62px\" aria-hidden=\"true\" class=\"wp-block-spacer\"><\/div>\n\n\n\n<figure class=\"wp-block-gallery has-nested-images columns-default is-cropped wp-block-gallery-3 is-layout-flex wp-block-gallery-is-layout-flex\">\n<figure class=\"wp-block-image size-large\"><img decoding=\"async\" data-id=\"61431\" src=\"https:\/\/schoenstatt.com\/wp-content\/uploads\/2025\/08\/Ignis-Schoenstatt-Boys-Youth-2025-7.webp\" alt=\"\" class=\"wp-image-61431\"\/><\/figure>\n\n\n\n<figure class=\"wp-block-image size-large\"><img decoding=\"async\" data-id=\"61466\" src=\"https:\/\/schoenstatt.com\/wp-content\/uploads\/2025\/08\/Ignis-Schoenstatt-Boys-Youth-2025-4.webp\" alt=\"\" class=\"wp-image-61466\"\/><\/figure>\n\n\n\n<figure class=\"wp-block-image size-large\"><img loading=\"lazy\" decoding=\"async\" width=\"2045\" height=\"1150\" data-id=\"61630\" src=\"https:\/\/schoenstatt.com\/wp-content\/uploads\/2025\/08\/living-crown_2025-RTA-Girls-Youth.jpg\" alt=\"\" class=\"wp-image-61630\" srcset=\"https:\/\/schoenstatt.com\/wp-content\/uploads\/2025\/08\/living-crown_2025-RTA-Girls-Youth.jpg 2045w, https:\/\/schoenstatt.com\/wp-content\/uploads\/2025\/08\/living-crown_2025-RTA-Girls-Youth-768x432.jpg 768w, https:\/\/schoenstatt.com\/wp-content\/uploads\/2025\/08\/living-crown_2025-RTA-Girls-Youth-1536x864.jpg 1536w\" sizes=\"(max-width: 2045px) 100vw, 2045px\" \/><\/figure>\n<\/figure>\n\n\n\n<div style=\"height:59px\" aria-hidden=\"true\" class=\"wp-block-spacer\"><\/div>\n\n\n\n<p><strong>Rund 1.000 Jugendliche \u201eeroberten\u201c Sch\u00f6nstatt f\u00fcr eine Woche<br><\/strong><a href=\"https:\/\/schoenstatt.com\/de\/rund-1000-jugendliche-erobern-schonstatt-in-dieser-woche\/\">Weiterlesen<\/a> <\/p>\n\n\n\n<p><strong>Die M\u00e4dchenjugend hielt ihr internationales Treffen ab, das RTA-Treffen<br><\/strong><a href=\"https:\/\/schoenstatt.com\/de\/lebendige-krone-sein-ein-lebensstil-der-einen-unterschied-macht\/\">Weiterlesen<\/a><\/p>\n\n\n\n<p><strong>Die Mannesjugend hielt ihr internationales Treffen, das Ignis, ab<br><\/strong><a href=\"https:\/\/schoenstatt.com\/de\/ignis-ein-neues-pfingsten-der-jugend\/\">Weiterlesen<\/a><\/p>\n\n\n\n<p><strong>In Rom begeisterte das Konzert \u201eUn solo cuore\u201c die Jugend<br><\/strong><a href=\"https:\/\/schoenstatt.com\/de\/un-solo-cuore-das-konzert-von-schoenstatt-und-shalom-zur-sanctuarizar-heiligung-des-herzens\/\">Weiterlesen<\/a><\/p>\n\n\n\n<p><strong>Vertreter der Sch\u00f6nstattjugend trafen sich in Rom zum Kongress \u201eStimmen der Hoffnung\u201c<br><\/strong><a href=\"https:\/\/schoenstatt.com\/de\/lasst-uns-stimmen-der-hoffnung-fuer-die-welt-sein\/\">Weiterlesen<\/a><\/p>\n\n\n\n<p><strong>Die Pilgermutter von Sch\u00f6nstatt feierte ihr 75-j\u00e4hriges Bestehen mit einem internationalen Treffen in Brasilien<br><\/strong><a href=\"https:\/\/schoenstatt.com\/de\/75-jahre-pilgernde-gottesmutter\/\">Weiterlesen<\/a><\/p>\n\n\n\n<p><strong>Im hundertsten Jubil\u00e4umsjahr der Sch\u00f6nst\u00e4tter Marienschwestern ein besonderes Geschenk: Der Jubil\u00e4umsablass f\u00fcr die Heiligt\u00fcmer und Kapellen, in denen sie t\u00e4tig sind<br><\/strong><a href=\"https:\/\/schoenstatt.com\/de\/100-jahre-schoenstaetter-marienschwestern-das-geschenk-des-jubilaeumsablasses\/\">Weiterlesen<\/a><\/p>\n\n\n\n<p><strong>Papst Leo XIV. kr\u00f6nt die Pilgernde Gottesmutter zum 75-j\u00e4hrigen Jubil\u00e4um<br><\/strong><a href=\"https:\/\/schoenstatt.com\/de\/75-jahre-apostolat-die-pilgernde-gottesmutter-wurde-von-papst-leo-xiv-gekroent\/\">Weiterlesen<\/a><\/p>\n\n\n\n<div style=\"height:100px\" aria-hidden=\"true\" class=\"wp-block-spacer\"><\/div>\n\n\n\n<hr class=\"wp-block-separator has-text-color has-alpha-channel-opacity has-background\" style=\"background-color:#ec7824;color:#ec7824\"\/>\n\n\n\n<div style=\"height:53px\" aria-hidden=\"true\" class=\"wp-block-spacer\"><\/div>\n\n\n\n<h3 class=\"wp-block-heading\" id=\"h-lander\">L\u00e4nder<\/h3>\n\n\n\n<p><strong>Das Jahr beginnt mit einem Erdbeben in El Salvador, aber alles endet gut<br><\/strong><a href=\"https:\/\/schoenstatt.com\/de\/ein-erdbeben-und-die-stille-des-glaubens-und-des-vertrauens-auf-die-vorsehung\/\">Weiterlesen<\/a><\/p>\n\n\n\n<p><strong>Das Leben von Jo\u00e3o Luiz Pozzobon wurde in Polen in einem Theaterst\u00fcck und einem Film dargestellt<br><\/strong><a href=\"https:\/\/schoenstatt.com\/de\/das-leben-von-joao-luiz-pozzobon-wird-in-polen-in-theater-und-film-dargestellt\/\">Weiterlesen<\/a><\/p>\n\n\n\n<p><strong>Das neue Heiligtum wurde in Monterrey, Mexiko, gesegnet<br><\/strong><a href=\"https:\/\/schoenstatt.com\/de\/einweihung-des-heiligtums-maria-land-der-hoffnung-in-monterrey-mexiko\/\">Weiterlesen<\/a><\/p>\n\n\n\n<p><strong>Brasilien teilt sein Magnificat-Projekt, das Hunderte von Sch\u00f6nstattliedern vereint<br><\/strong><a href=\"https:\/\/schoenstatt.com\/de\/projekt-magnificat-fuer-alle-liebhaber-der-schoenstattmusik\/\">Weiterlesen<\/a><\/p>\n\n\n\n<div style=\"height:58px\" aria-hidden=\"true\" class=\"wp-block-spacer\"><\/div>\n\n\n\n<figure class=\"wp-block-gallery has-nested-images columns-default is-cropped wp-block-gallery-4 is-layout-flex wp-block-gallery-is-layout-flex\">\n<figure class=\"wp-block-image size-large\"><img loading=\"lazy\" decoding=\"async\" width=\"2048\" height=\"1402\" data-id=\"67540\" src=\"https:\/\/schoenstatt.com\/wp-content\/uploads\/2025\/12\/Monterrey-Schoenstatt-Shrine.jpg\" alt=\"\" class=\"wp-image-67540\" srcset=\"https:\/\/schoenstatt.com\/wp-content\/uploads\/2025\/12\/Monterrey-Schoenstatt-Shrine.jpg 2048w, https:\/\/schoenstatt.com\/wp-content\/uploads\/2025\/12\/Monterrey-Schoenstatt-Shrine-768x526.jpg 768w, https:\/\/schoenstatt.com\/wp-content\/uploads\/2025\/12\/Monterrey-Schoenstatt-Shrine-1536x1052.jpg 1536w\" sizes=\"(max-width: 2048px) 100vw, 2048px\" \/><\/figure>\n\n\n\n<figure class=\"wp-block-image size-large\"><img loading=\"lazy\" decoding=\"async\" width=\"2048\" height=\"1338\" data-id=\"67535\" src=\"https:\/\/schoenstatt.com\/wp-content\/uploads\/2025\/12\/Schoenstatt-Shrine-Democratic-Republic-of-Congo.jpg\" alt=\"\" class=\"wp-image-67535\" srcset=\"https:\/\/schoenstatt.com\/wp-content\/uploads\/2025\/12\/Schoenstatt-Shrine-Democratic-Republic-of-Congo.jpg 2048w, https:\/\/schoenstatt.com\/wp-content\/uploads\/2025\/12\/Schoenstatt-Shrine-Democratic-Republic-of-Congo-768x502.jpg 768w, https:\/\/schoenstatt.com\/wp-content\/uploads\/2025\/12\/Schoenstatt-Shrine-Democratic-Republic-of-Congo-1536x1004.jpg 1536w\" sizes=\"(max-width: 2048px) 100vw, 2048px\" \/><\/figure>\n<\/figure>\n\n\n\n<div style=\"height:49px\" aria-hidden=\"true\" class=\"wp-block-spacer\"><\/div>\n\n\n\n<p><strong>Die Demokratische Republik Kongo befindet sich im Krieg, und die Konflikte haben auch das k\u00fcrzlich eingeweihte Sch\u00f6nstatt-Heiligtum erreicht<br><\/strong><a href=\"https:\/\/schoenstatt.com\/de\/maria-das-zeichen-der-hoffnung-fuer-den-frieden-in-der-dem-rep-kongo\/\">Weiterlesen<\/a><\/p>\n\n\n\n<p><strong>Das Heiligtum von Maring\u00e1 in Brasilien hat sein Ideal entdeckt<br><\/strong><a href=\"https:\/\/schoenstatt.com\/de\/das-heiligtum-von-maringa-brasilien-verkuendet-sein-ideal-und-seine-identitaet\/\">Weiterlesen<\/a><\/p>\n\n\n\n<p><strong>Die Sch\u00f6nstattfamilie von Simbabwe kr\u00f6nte die Gottesmutter zur K\u00f6nigin Afrikas<br><\/strong><a href=\"https:\/\/schoenstatt.com\/de\/die-schoenstattfamilie-in-simbabwe-kroent-die-gottesmutter-zur-koenigin-von-afrika\/\">Weiterlesen<\/a><\/p>\n\n\n\n<p><strong>In D\u00e4nemark wurde die Pilgernde Mutter zur \u201eK\u00f6nigin der Hilfe f\u00fcr Familien und der Hoffnung\u201c gekr\u00f6nt<br><\/strong><a href=\"https:\/\/schoenstatt.com\/de\/die-pilgernde-gottesmutter-wurde-in-daenemark-zur-koenigin-der-hilfe-fuer-familien-und-der-hoffnung-gekroent\/\">Weiterlesen<\/a><\/p>\n\n\n\n<p><strong>Der Bundesstaat Santa Catarina in Brasilien hat sein erstes Sch\u00f6nstatt-Filialheiligtum erhalten<br><\/strong><a href=\"https:\/\/schoenstatt.com\/de\/unser-traum-ist-wahr-geworden-der-bundesstaat-santa-catarina-erhaelt-sein-heiligtum\/\">Weiterlesen<\/a><\/p>\n\n\n\n<div style=\"height:55px\" aria-hidden=\"true\" class=\"wp-block-spacer\"><\/div>\n\n\n\n<figure class=\"wp-block-gallery has-nested-images columns-default is-cropped wp-block-gallery-5 is-layout-flex wp-block-gallery-is-layout-flex\">\n<figure class=\"wp-block-image size-large\"><img loading=\"lazy\" decoding=\"async\" width=\"1920\" height=\"1031\" data-id=\"61069\" src=\"https:\/\/schoenstatt.com\/wp-content\/uploads\/2025\/07\/Schoenstatt-Shrine-of-Biguacu-Brazil-3.webp\" alt=\"\" class=\"wp-image-61069\" srcset=\"https:\/\/schoenstatt.com\/wp-content\/uploads\/2025\/07\/Schoenstatt-Shrine-of-Biguacu-Brazil-3.webp 1920w, https:\/\/schoenstatt.com\/wp-content\/uploads\/2025\/07\/Schoenstatt-Shrine-of-Biguacu-Brazil-3-768x413.webp 768w, https:\/\/schoenstatt.com\/wp-content\/uploads\/2025\/07\/Schoenstatt-Shrine-of-Biguacu-Brazil-3-1536x825.jpg 1536w\" sizes=\"(max-width: 1920px) 100vw, 1920px\" \/><\/figure>\n\n\n\n<figure class=\"wp-block-image size-large\"><img loading=\"lazy\" decoding=\"async\" width=\"2048\" height=\"877\" data-id=\"63264\" src=\"https:\/\/schoenstatt.com\/wp-content\/uploads\/2025\/08\/chaco-schoenstatt-shrine-argentina.jpeg\" alt=\"\" class=\"wp-image-63264\" srcset=\"https:\/\/schoenstatt.com\/wp-content\/uploads\/2025\/08\/chaco-schoenstatt-shrine-argentina.jpeg 2048w, https:\/\/schoenstatt.com\/wp-content\/uploads\/2025\/08\/chaco-schoenstatt-shrine-argentina-768x329.jpeg 768w, https:\/\/schoenstatt.com\/wp-content\/uploads\/2025\/08\/chaco-schoenstatt-shrine-argentina-1536x658.jpeg 1536w\" sizes=\"(max-width: 2048px) 100vw, 2048px\" \/><\/figure>\n<\/figure>\n\n\n\n<div style=\"height:55px\" aria-hidden=\"true\" class=\"wp-block-spacer\"><\/div>\n\n\n\n<p><strong>Das Heiligtum \u201eTerra da Esperan\u00e7a\u201c (Land der Hoffnung) in Chaco, Argentinien, wurde eingeweiht<br><\/strong><a href=\"https:\/\/schoenstatt.com\/de\/das-heiligtum-land-der-hoffnung-in-chaco-wird-in-argentinien-eingeweiht\/\">Weiterlesen<\/a><\/p>\n\n\n\n<p><strong>Das Heiligtum der Einheit in Cambrai\/Frankreich feierte sein 60-j\u00e4hriges Bestehen<br><\/strong><a href=\"https:\/\/schoenstatt.com\/de\/60-jahre-heiligtum-der-einheit-in-cambrai-ein-grund-zum-feiern\/\">Weiterlesen<\/a><\/p>\n\n\n\n<p><strong>Argentinien veranstaltete das Treffen \u201eAuf der Erde entsteht der Himmel\u201c und vertiefte dabei das Charisma unseres Vaters und Gr\u00fcnders<br><\/strong><a href=\"https:\/\/schoenstatt.com\/de\/der-himmel-ist-auf-erden-geboren-eine-familie-versammelt-sich-um-den-vater-und-gruender\/\">Weiterlesen<\/a><\/p>\n\n\n\n<div style=\"height:100px\" aria-hidden=\"true\" class=\"wp-block-spacer\"><\/div>\n\n\n\n<hr class=\"wp-block-separator has-text-color has-alpha-channel-opacity has-background\" style=\"background-color:#ec7824;color:#ec7824\"\/>\n\n\n\n<div style=\"height:85px\" aria-hidden=\"true\" class=\"wp-block-spacer\"><\/div>\n\n\n\n<h3 class=\"wp-block-heading\" id=\"h-gemeinschaften\">Gemeinschaften<\/h3>\n\n\n\n<p><strong>In Mexiko wurde Santiago Abella zum Sch\u00f6nstatt-Pater geweiht<br><\/strong><a href=\"https:\/\/schoenstatt.com\/de\/santiago-abella-wurde-in-mexiko-zum-schoenstatt-pater-geweiht\/\">Weiterlesen<\/a><\/p>\n\n\n\n<p><strong>Die Marienschwestern feierten die Einkleidung der Novizinnen in Burundi<br><\/strong><a href=\"https:\/\/schoenstatt.com\/de\/gekroent-in-gnade-die-einkleidung-der-novizinnen-der-marienschwestern-in-burundi\/\">Weiterlesen<\/a> <\/p>\n\n\n\n<p><strong>Der Familienbund Costa Ricas begann das Jahr mit vier neuen Kursen<br><\/strong><a href=\"https:\/\/schoenstatt.com\/de\/der-familienbund-in-costa-rica-beginnt-das-neue-jahr-mit-vier-neuen-kursen\/\">Weiterlesen<\/a><\/p>\n\n\n\n<p><strong>Der Frauenbund feierte 100 Jahre seit der ersten feierlichen Weihe von Frauen in der Bewegung<br><\/strong><a href=\"https:\/\/schoenstatt.com\/de\/bereit-alles-zu-geben-100-jahre-erste-feierliche-weihe-der-frauen-im-apostolischen-bund\/\">Weiterlesen<\/a><\/p>\n\n\n\n<p><strong>Bei einer Priesterweihe in Burundi versammelten sich 3.000 Menschen und mehr als 60 Priester<br><\/strong><a href=\"https:\/\/schoenstatt.com\/de\/priesterweihe-in-burundi-mehr-als-60-priester-und-3000-menschen\/\">Weiterlesen<\/a><\/p>\n\n\n\n<p><strong>Der Sch\u00f6nstatt-Familienbund feierte sein 75-j\u00e4hriges Bestehen mit einem internationalen Treffen<br><\/strong><a href=\"https:\/\/schoenstatt.com\/de\/pilger-der-freude-vamos-familia-der-familienbund-feiert-seinen-75-geburtstag\/\">Weiterlesen<\/a><\/p>\n\n\n\n<div style=\"height:64px\" aria-hidden=\"true\" class=\"wp-block-spacer\"><\/div>\n\n\n\n<figure class=\"wp-block-gallery has-nested-images columns-default is-cropped wp-block-gallery-6 is-layout-flex wp-block-gallery-is-layout-flex\">\n<figure class=\"wp-block-image size-large\"><img decoding=\"async\" data-id=\"59992\" src=\"https:\/\/schoenstatt.com\/wp-content\/uploads\/2025\/06\/Family-Federation-Jubilee-4.webp\" alt=\"\" class=\"wp-image-59992\"\/><\/figure>\n\n\n\n<figure class=\"wp-block-image size-large\"><img loading=\"lazy\" decoding=\"async\" width=\"2048\" height=\"921\" data-id=\"56844\" src=\"https:\/\/schoenstatt.com\/wp-content\/uploads\/2025\/05\/priestly-ordination-Burundi.jpg\" alt=\"\" class=\"wp-image-56844\" srcset=\"https:\/\/schoenstatt.com\/wp-content\/uploads\/2025\/05\/priestly-ordination-Burundi.jpg 2048w, https:\/\/schoenstatt.com\/wp-content\/uploads\/2025\/05\/priestly-ordination-Burundi-768x345.jpg 768w, https:\/\/schoenstatt.com\/wp-content\/uploads\/2025\/05\/priestly-ordination-Burundi-1536x691.jpg 1536w\" sizes=\"(max-width: 2048px) 100vw, 2048px\" \/><\/figure>\n<\/figure>\n\n\n\n<div style=\"height:54px\" aria-hidden=\"true\" class=\"wp-block-spacer\"><\/div>\n\n\n\n<p><strong>\u201eEs ist Zeit zu lieben!\u201c Die Gemeinschaft der Sch\u00f6nstatt-Patres erlebte die \u201eTomada da T\u00fanica de Si\u00e3o\u201c (Entgegennahme des Gewandes von Zion) in Tup\u00e3renda\/Paraguay<br><\/strong><a href=\"https:\/\/schoenstatt.com\/de\/es-ist-zeit-zu-lieben-uebernahme-des-zion-gewandes-in-tuparenda-paraguay\/\">Weiterlesen<\/a><\/p>\n\n\n\n<p><strong>Die Frauenliga wurde in Rom gegr\u00fcndet und macht gro\u00dfe Fortschritte<br><\/strong><a href=\"https:\/\/schoenstatt.com\/de\/die-frauenliga-von-rom-wurde-kuerzlich-gegruendet-und-macht-neue-schritte\/\">Weiterlesen<\/a><\/p>\n\n\n\n<p><strong>Die Frauen von Sch\u00f6nstatt haben ihren Generalkongress abgehalten und eine neue internationale Leitung gew\u00e4hlt<br><\/strong><a href=\"https:\/\/schoenstatt.com\/de\/neue-generalleitung-der-frauen-von-schoenstatt-vom-generalkongress-gewaehlt\/\">Weiterlesen<\/a><\/p>\n\n\n\n<p><strong>Der Sch\u00f6nstatt-M\u00fctterbund feierte sein 75-j\u00e4hriges Bestehen<br><\/strong><a href=\"https:\/\/schoenstatt.com\/de\/der-schoenstatt-muetterbund-feiert-sein-75-jaehriges-bestehen\/\">Weiterlesen<\/a><\/p>\n\n\n\n<p><strong>Das Institut der Di\u00f6zesanen hielt die erste Etappe seines Generalkongresses ab und traf sich mit Papst Leo XIV.<br><\/strong><a href=\"https:\/\/schoenstatt.com\/de\/schoenstatt-institut-dioezesanpriester-erste-sessio-des-generalkongresses-beendet-begegnung-mit-papst-leo\/\">Weiterlesen<\/a><\/p>\n\n\n\n<div style=\"height:69px\" aria-hidden=\"true\" class=\"wp-block-spacer\"><\/div>\n\n\n\n<figure class=\"wp-block-gallery has-nested-images columns-default is-cropped wp-block-gallery-7 is-layout-flex wp-block-gallery-is-layout-flex\">\n<figure class=\"wp-block-image size-large\"><img loading=\"lazy\" decoding=\"async\" width=\"1600\" height=\"1008\" data-id=\"63844\" src=\"https:\/\/schoenstatt.com\/wp-content\/uploads\/2025\/09\/Schoenstatt-Institute-of-diocesan-priests-2-1.webp\" alt=\"\" class=\"wp-image-63844\" srcset=\"https:\/\/schoenstatt.com\/wp-content\/uploads\/2025\/09\/Schoenstatt-Institute-of-diocesan-priests-2-1.webp 1600w, https:\/\/schoenstatt.com\/wp-content\/uploads\/2025\/09\/Schoenstatt-Institute-of-diocesan-priests-2-1-768x484.webp 768w, https:\/\/schoenstatt.com\/wp-content\/uploads\/2025\/09\/Schoenstatt-Institute-of-diocesan-priests-2-1-1536x968.webp 1536w\" sizes=\"(max-width: 1600px) 100vw, 1600px\" \/><\/figure>\n\n\n\n<figure class=\"wp-block-image size-large\"><img loading=\"lazy\" decoding=\"async\" width=\"1920\" height=\"1195\" data-id=\"67486\" src=\"https:\/\/schoenstatt.com\/wp-content\/uploads\/2025\/12\/Brothers-of-Mary.webp\" alt=\"\" class=\"wp-image-67486\" srcset=\"https:\/\/schoenstatt.com\/wp-content\/uploads\/2025\/12\/Brothers-of-Mary.webp 1920w, https:\/\/schoenstatt.com\/wp-content\/uploads\/2025\/12\/Brothers-of-Mary-768x478.webp 768w, https:\/\/schoenstatt.com\/wp-content\/uploads\/2025\/12\/Brothers-of-Mary-1536x956.webp 1536w\" sizes=\"(max-width: 1920px) 100vw, 1920px\" \/><\/figure>\n<\/figure>\n\n\n\n<div style=\"height:63px\" aria-hidden=\"true\" class=\"wp-block-spacer\"><\/div>\n\n\n\n<p><strong>Die Sch\u00f6nst\u00e4tter Marienschwestern haben ihr Jubil\u00e4umsjahr er\u00f6ffnet<br><\/strong><a href=\"https:\/\/schoenstatt.com\/de\/unsere-ersten-100-jahre-schoenstaetter-marienschwestern-eroeffnen-ihr-jubilaeumsjahr\/\">Weiterlesen <\/a><\/p>\n\n\n\n<p><strong>Das Familieninstitut von Sch\u00f6nstatt erneuerte sein Gefolgsschaftakt mit unserem Vater und Gr\u00fcnder<br><\/strong><a href=\"https:\/\/schoenstatt.com\/de\/das-buendnis-erneuern-und-das-feuer-des-charismas-entfachen\/\">Weiterlesen<\/a> <\/p>\n\n\n\n<p><strong>Zehn junge Frauen aus Argentinien, Brasilien, Ecuador und Polen feierten ihre Einkleidung in der Gemeinschaft der Marienschwestern<br><\/strong><a href=\"https:\/\/schoenstatt.com\/de\/magnifikat-fuerchte-dich-nicht-ich-habe-dich-bei-deinem-namen-gerufen\/\">Weiterlesen<\/a> <\/p>\n\n\n\n<p><strong>Das Institut der Marienbr\u00fcder feierte die Weihe von drei seiner Mitglieder<br><\/strong><a href=\"https:\/\/schoenstatt.com\/de\/marienbrueder-wir-haben-seinen-stern-aufgehen-sehen-mt-22\/\">Weiterlesen<\/a> <\/p>\n\n\n\n<div style=\"height:77px\" aria-hidden=\"true\" class=\"wp-block-spacer\"><\/div>\n\n\n\n<hr class=\"wp-block-separator has-text-color has-alpha-channel-opacity has-background\" style=\"background-color:#ec7824;color:#ec7824\"\/>\n\n\n\n<h3 class=\"wp-block-heading\" id=\"h-und-sie\">Und Sie?<\/h3>\n\n\n\n<p>Wie war Ihr Jahr und Ihre Erfahrung mit der Bewegung? Wir m\u00f6chten Ihnen mit diesem R\u00fcckblick die M\u00f6glichkeit geben, sich an Ihre Erfolge, Ihre besonderen Erlebnisse und die Momente zu erinnern, die dieses Jahr der Gnade in Ihrem Leben gepr\u00e4gt haben.<\/p>\n","protected":false},"excerpt":{"rendered":"<p>Welche Ereignisse haben das Leben der Bewegung im Jahr 2025 gepr\u00e4gt? Was bleibt Ihnen besonders von diesem Jahr in Erinnerung? Es ist Zeit, sich zu erinnern und Dank zu sagen.<\/p>\n","protected":false},"author":3,"featured_media":64170,"comment_status":"closed","ping_status":"closed","sticky":false,"template":"","format":"standard","meta":{"footnotes":""},"categories":[678,907,895],"tags":[],"class_list":["post-67568","post","type-post","status-publish","format-standard","has-post-thumbnail","hentry","category-lander-de","category-schoenstatt-gemeinschaften-de","category-uber-die-mission-de"],"yoast_head":"<!-- This site is optimized with the Yoast SEO Premium plugin v27.4 (Yoast SEO v27.5) - https:\/\/yoast.com\/product\/yoast-seo-premium-wordpress\/ -->\n<title>R\u00fcckblick Sch\u00f6nstatt 2025: Das Jahr der Hoffnung - Schoenstatt<\/title>\n<meta name=\"description\" content=\"Welche Ereignisse haben das Leben der Bewegung im Jahr 2025 gepr\u00e4gt? Was bleibt Ihnen besonders von diesem Jahr in Erinnerung? Es ist Zeit, sich zu erinnern und Dank zu sagen.\" \/>\n<meta name=\"robots\" content=\"index, follow, max-snippet:-1, max-image-preview:large, max-video-preview:-1\" \/>\n<link rel=\"canonical\" href=\"https:\/\/schoenstatt.com\/de\/rueckblick-schoenstatt-2025-das-jahr-der-hoffnung\/\" \/>\n<meta property=\"og:locale\" content=\"de_DE\" \/>\n<meta property=\"og:type\" content=\"article\" \/>\n<meta property=\"og:title\" content=\"R\u00fcckblick Sch\u00f6nstatt 2025: Das Jahr der Hoffnung\" \/>\n<meta property=\"og:description\" content=\"Welche Ereignisse haben das Leben der Bewegung im Jahr 2025 gepr\u00e4gt? Was bleibt Ihnen besonders von diesem Jahr in Erinnerung? Es ist Zeit, sich zu erinnern und Dank zu sagen.\" \/>\n<meta property=\"og:url\" content=\"https:\/\/schoenstatt.com\/de\/rueckblick-schoenstatt-2025-das-jahr-der-hoffnung\/\" \/>\n<meta property=\"og:site_name\" content=\"Schoenstatt\" \/>\n<meta property=\"article:published_time\" content=\"2025-12-31T02:00:00+00:00\" \/>\n<meta property=\"article:modified_time\" content=\"2026-01-06T17:54:18+00:00\" \/>\n<meta property=\"og:image\" content=\"https:\/\/schoenstatt.com\/wp-content\/uploads\/2025\/09\/world-countries.webp\" \/>\n\t<meta property=\"og:image:width\" content=\"2048\" \/>\n\t<meta property=\"og:image:height\" content=\"1366\" \/>\n\t<meta property=\"og:image:type\" content=\"image\/jpeg\" \/>\n<meta name=\"author\" content=\"Karen Bueno\" \/>\n<meta name=\"twitter:card\" content=\"summary_large_image\" \/>\n<meta name=\"twitter:label1\" content=\"Verfasst von\" \/>\n\t<meta name=\"twitter:data1\" content=\"Karen Bueno\" \/>\n\t<meta name=\"twitter:label2\" content=\"Gesch\u00e4tzte Lesezeit\" \/>\n\t<meta name=\"twitter:data2\" content=\"8\u00a0Minuten\" \/>\n<script type=\"application\/ld+json\" class=\"yoast-schema-graph\">{\"@context\":\"https:\\\/\\\/schema.org\",\"@graph\":[{\"@type\":\"Article\",\"@id\":\"https:\\\/\\\/schoenstatt.com\\\/de\\\/rueckblick-schoenstatt-2025-das-jahr-der-hoffnung\\\/#article\",\"isPartOf\":{\"@id\":\"https:\\\/\\\/schoenstatt.com\\\/de\\\/rueckblick-schoenstatt-2025-das-jahr-der-hoffnung\\\/\"},\"author\":{\"name\":\"Karen Bueno\",\"@id\":\"https:\\\/\\\/schoenstatt.com\\\/de\\\/#\\\/schema\\\/person\\\/5158877ad4acae98b34daaeef2a1ce6e\"},\"headline\":\"R\u00fcckblick Sch\u00f6nstatt 2025: Das Jahr der Hoffnung\",\"datePublished\":\"2025-12-31T02:00:00+00:00\",\"dateModified\":\"2026-01-06T17:54:18+00:00\",\"mainEntityOfPage\":{\"@id\":\"https:\\\/\\\/schoenstatt.com\\\/de\\\/rueckblick-schoenstatt-2025-das-jahr-der-hoffnung\\\/\"},\"wordCount\":822,\"publisher\":{\"@id\":\"https:\\\/\\\/schoenstatt.com\\\/de\\\/#organization\"},\"image\":{\"@id\":\"https:\\\/\\\/schoenstatt.com\\\/de\\\/rueckblick-schoenstatt-2025-das-jahr-der-hoffnung\\\/#primaryimage\"},\"thumbnailUrl\":\"https:\\\/\\\/schoenstatt.com\\\/wp-content\\\/uploads\\\/2025\\\/09\\\/world-countries.webp\",\"articleSection\":[\"L\u00e4nder\",\"Schoenstatt Gemeinschaften\",\"\u00dcber die Mission\"],\"inLanguage\":\"de\"},{\"@type\":\"WebPage\",\"@id\":\"https:\\\/\\\/schoenstatt.com\\\/de\\\/rueckblick-schoenstatt-2025-das-jahr-der-hoffnung\\\/\",\"url\":\"https:\\\/\\\/schoenstatt.com\\\/de\\\/rueckblick-schoenstatt-2025-das-jahr-der-hoffnung\\\/\",\"name\":\"R\u00fcckblick Sch\u00f6nstatt 2025: Das Jahr der Hoffnung - Schoenstatt\",\"isPartOf\":{\"@id\":\"https:\\\/\\\/schoenstatt.com\\\/de\\\/#website\"},\"primaryImageOfPage\":{\"@id\":\"https:\\\/\\\/schoenstatt.com\\\/de\\\/rueckblick-schoenstatt-2025-das-jahr-der-hoffnung\\\/#primaryimage\"},\"image\":{\"@id\":\"https:\\\/\\\/schoenstatt.com\\\/de\\\/rueckblick-schoenstatt-2025-das-jahr-der-hoffnung\\\/#primaryimage\"},\"thumbnailUrl\":\"https:\\\/\\\/schoenstatt.com\\\/wp-content\\\/uploads\\\/2025\\\/09\\\/world-countries.webp\",\"datePublished\":\"2025-12-31T02:00:00+00:00\",\"dateModified\":\"2026-01-06T17:54:18+00:00\",\"description\":\"Welche Ereignisse haben das Leben der Bewegung im Jahr 2025 gepr\u00e4gt? Was bleibt Ihnen besonders von diesem Jahr in Erinnerung? Es ist Zeit, sich zu erinnern und Dank zu sagen.\",\"breadcrumb\":{\"@id\":\"https:\\\/\\\/schoenstatt.com\\\/de\\\/rueckblick-schoenstatt-2025-das-jahr-der-hoffnung\\\/#breadcrumb\"},\"inLanguage\":\"de\",\"potentialAction\":[{\"@type\":\"ReadAction\",\"target\":[\"https:\\\/\\\/schoenstatt.com\\\/de\\\/rueckblick-schoenstatt-2025-das-jahr-der-hoffnung\\\/\"]}]},{\"@type\":\"ImageObject\",\"inLanguage\":\"de\",\"@id\":\"https:\\\/\\\/schoenstatt.com\\\/de\\\/rueckblick-schoenstatt-2025-das-jahr-der-hoffnung\\\/#primaryimage\",\"url\":\"https:\\\/\\\/schoenstatt.com\\\/wp-content\\\/uploads\\\/2025\\\/09\\\/world-countries.webp\",\"contentUrl\":\"https:\\\/\\\/schoenstatt.com\\\/wp-content\\\/uploads\\\/2025\\\/09\\\/world-countries.webp\",\"width\":2048,\"height\":1366},{\"@type\":\"BreadcrumbList\",\"@id\":\"https:\\\/\\\/schoenstatt.com\\\/de\\\/rueckblick-schoenstatt-2025-das-jahr-der-hoffnung\\\/#breadcrumb\",\"itemListElement\":[{\"@type\":\"ListItem\",\"position\":1,\"name\":\"Portada\",\"item\":\"https:\\\/\\\/schoenstatt.com\\\/de\\\/home\\\/\"},{\"@type\":\"ListItem\",\"position\":2,\"name\":\"R\u00fcckblick Sch\u00f6nstatt 2025: Das Jahr der Hoffnung\"}]},{\"@type\":\"WebSite\",\"@id\":\"https:\\\/\\\/schoenstatt.com\\\/de\\\/#website\",\"url\":\"https:\\\/\\\/schoenstatt.com\\\/de\\\/\",\"name\":\"Schoenstatt\",\"description\":\"Apostolic Movement\",\"publisher\":{\"@id\":\"https:\\\/\\\/schoenstatt.com\\\/de\\\/#organization\"},\"potentialAction\":[{\"@type\":\"SearchAction\",\"target\":{\"@type\":\"EntryPoint\",\"urlTemplate\":\"https:\\\/\\\/schoenstatt.com\\\/de\\\/?s={search_term_string}\"},\"query-input\":{\"@type\":\"PropertyValueSpecification\",\"valueRequired\":true,\"valueName\":\"search_term_string\"}}],\"inLanguage\":\"de\"},{\"@type\":\"Organization\",\"@id\":\"https:\\\/\\\/schoenstatt.com\\\/de\\\/#organization\",\"name\":\"Schoenstatt\",\"url\":\"https:\\\/\\\/schoenstatt.com\\\/de\\\/\",\"logo\":{\"@type\":\"ImageObject\",\"inLanguage\":\"de\",\"@id\":\"https:\\\/\\\/schoenstatt.com\\\/de\\\/#\\\/schema\\\/logo\\\/image\\\/\",\"url\":\"https:\\\/\\\/schoenstatt.com\\\/wp-content\\\/uploads\\\/2025\\\/04\\\/logo-schoenstatt-white-696x696-1.png\",\"contentUrl\":\"https:\\\/\\\/schoenstatt.com\\\/wp-content\\\/uploads\\\/2025\\\/04\\\/logo-schoenstatt-white-696x696-1.png\",\"width\":696,\"height\":694,\"caption\":\"Schoenstatt\"},\"image\":{\"@id\":\"https:\\\/\\\/schoenstatt.com\\\/de\\\/#\\\/schema\\\/logo\\\/image\\\/\"}},{\"@type\":\"Person\",\"@id\":\"https:\\\/\\\/schoenstatt.com\\\/de\\\/#\\\/schema\\\/person\\\/5158877ad4acae98b34daaeef2a1ce6e\",\"name\":\"Karen Bueno\",\"image\":{\"@type\":\"ImageObject\",\"inLanguage\":\"de\",\"@id\":\"https:\\\/\\\/secure.gravatar.com\\\/avatar\\\/f9f4b823873154269d2b2130f195f6d41037dd0d7fc5f3cacb5c846bae70d66b?s=96&d=mm&r=g\",\"url\":\"https:\\\/\\\/secure.gravatar.com\\\/avatar\\\/f9f4b823873154269d2b2130f195f6d41037dd0d7fc5f3cacb5c846bae70d66b?s=96&d=mm&r=g\",\"contentUrl\":\"https:\\\/\\\/secure.gravatar.com\\\/avatar\\\/f9f4b823873154269d2b2130f195f6d41037dd0d7fc5f3cacb5c846bae70d66b?s=96&d=mm&r=g\",\"caption\":\"Karen Bueno\"},\"url\":\"https:\\\/\\\/schoenstatt.com\\\/de\\\/author\\\/karen-bueno\\\/\"}]}<\/script>\n<!-- \/ Yoast SEO Premium plugin. -->","yoast_head_json":{"title":"R\u00fcckblick Sch\u00f6nstatt 2025: Das Jahr der Hoffnung - Schoenstatt","description":"Welche Ereignisse haben das Leben der Bewegung im Jahr 2025 gepr\u00e4gt? Was bleibt Ihnen besonders von diesem Jahr in Erinnerung? Es ist Zeit, sich zu erinnern und Dank zu sagen.","robots":{"index":"index","follow":"follow","max-snippet":"max-snippet:-1","max-image-preview":"max-image-preview:large","max-video-preview":"max-video-preview:-1"},"canonical":"https:\/\/schoenstatt.com\/de\/rueckblick-schoenstatt-2025-das-jahr-der-hoffnung\/","og_locale":"de_DE","og_type":"article","og_title":"R\u00fcckblick Sch\u00f6nstatt 2025: Das Jahr der Hoffnung","og_description":"Welche Ereignisse haben das Leben der Bewegung im Jahr 2025 gepr\u00e4gt? Was bleibt Ihnen besonders von diesem Jahr in Erinnerung? Es ist Zeit, sich zu erinnern und Dank zu sagen.","og_url":"https:\/\/schoenstatt.com\/de\/rueckblick-schoenstatt-2025-das-jahr-der-hoffnung\/","og_site_name":"Schoenstatt","article_published_time":"2025-12-31T02:00:00+00:00","article_modified_time":"2026-01-06T17:54:18+00:00","og_image":[{"url":"https:\/\/schoenstatt.com\/wp-content\/uploads\/2025\/09\/world-countries.webp","width":2048,"height":1366,"type":"image\/jpeg"}],"author":"Karen Bueno","twitter_card":"summary_large_image","twitter_misc":{"Verfasst von":"Karen Bueno","Gesch\u00e4tzte Lesezeit":"8\u00a0Minuten"},"schema":{"@context":"https:\/\/schema.org","@graph":[{"@type":"Article","@id":"https:\/\/schoenstatt.com\/de\/rueckblick-schoenstatt-2025-das-jahr-der-hoffnung\/#article","isPartOf":{"@id":"https:\/\/schoenstatt.com\/de\/rueckblick-schoenstatt-2025-das-jahr-der-hoffnung\/"},"author":{"name":"Karen Bueno","@id":"https:\/\/schoenstatt.com\/de\/#\/schema\/person\/5158877ad4acae98b34daaeef2a1ce6e"},"headline":"R\u00fcckblick Sch\u00f6nstatt 2025: Das Jahr der Hoffnung","datePublished":"2025-12-31T02:00:00+00:00","dateModified":"2026-01-06T17:54:18+00:00","mainEntityOfPage":{"@id":"https:\/\/schoenstatt.com\/de\/rueckblick-schoenstatt-2025-das-jahr-der-hoffnung\/"},"wordCount":822,"publisher":{"@id":"https:\/\/schoenstatt.com\/de\/#organization"},"image":{"@id":"https:\/\/schoenstatt.com\/de\/rueckblick-schoenstatt-2025-das-jahr-der-hoffnung\/#primaryimage"},"thumbnailUrl":"https:\/\/schoenstatt.com\/wp-content\/uploads\/2025\/09\/world-countries.webp","articleSection":["L\u00e4nder","Schoenstatt Gemeinschaften","\u00dcber die Mission"],"inLanguage":"de"},{"@type":"WebPage","@id":"https:\/\/schoenstatt.com\/de\/rueckblick-schoenstatt-2025-das-jahr-der-hoffnung\/","url":"https:\/\/schoenstatt.com\/de\/rueckblick-schoenstatt-2025-das-jahr-der-hoffnung\/","name":"R\u00fcckblick Sch\u00f6nstatt 2025: Das Jahr der Hoffnung - Schoenstatt","isPartOf":{"@id":"https:\/\/schoenstatt.com\/de\/#website"},"primaryImageOfPage":{"@id":"https:\/\/schoenstatt.com\/de\/rueckblick-schoenstatt-2025-das-jahr-der-hoffnung\/#primaryimage"},"image":{"@id":"https:\/\/schoenstatt.com\/de\/rueckblick-schoenstatt-2025-das-jahr-der-hoffnung\/#primaryimage"},"thumbnailUrl":"https:\/\/schoenstatt.com\/wp-content\/uploads\/2025\/09\/world-countries.webp","datePublished":"2025-12-31T02:00:00+00:00","dateModified":"2026-01-06T17:54:18+00:00","description":"Welche Ereignisse haben das Leben der Bewegung im Jahr 2025 gepr\u00e4gt? Was bleibt Ihnen besonders von diesem Jahr in Erinnerung? Es ist Zeit, sich zu erinnern und Dank zu sagen.","breadcrumb":{"@id":"https:\/\/schoenstatt.com\/de\/rueckblick-schoenstatt-2025-das-jahr-der-hoffnung\/#breadcrumb"},"inLanguage":"de","potentialAction":[{"@type":"ReadAction","target":["https:\/\/schoenstatt.com\/de\/rueckblick-schoenstatt-2025-das-jahr-der-hoffnung\/"]}]},{"@type":"ImageObject","inLanguage":"de","@id":"https:\/\/schoenstatt.com\/de\/rueckblick-schoenstatt-2025-das-jahr-der-hoffnung\/#primaryimage","url":"https:\/\/schoenstatt.com\/wp-content\/uploads\/2025\/09\/world-countries.webp","contentUrl":"https:\/\/schoenstatt.com\/wp-content\/uploads\/2025\/09\/world-countries.webp","width":2048,"height":1366},{"@type":"BreadcrumbList","@id":"https:\/\/schoenstatt.com\/de\/rueckblick-schoenstatt-2025-das-jahr-der-hoffnung\/#breadcrumb","itemListElement":[{"@type":"ListItem","position":1,"name":"Portada","item":"https:\/\/schoenstatt.com\/de\/home\/"},{"@type":"ListItem","position":2,"name":"R\u00fcckblick Sch\u00f6nstatt 2025: Das Jahr der Hoffnung"}]},{"@type":"WebSite","@id":"https:\/\/schoenstatt.com\/de\/#website","url":"https:\/\/schoenstatt.com\/de\/","name":"Schoenstatt","description":"Apostolic Movement","publisher":{"@id":"https:\/\/schoenstatt.com\/de\/#organization"},"potentialAction":[{"@type":"SearchAction","target":{"@type":"EntryPoint","urlTemplate":"https:\/\/schoenstatt.com\/de\/?s={search_term_string}"},"query-input":{"@type":"PropertyValueSpecification","valueRequired":true,"valueName":"search_term_string"}}],"inLanguage":"de"},{"@type":"Organization","@id":"https:\/\/schoenstatt.com\/de\/#organization","name":"Schoenstatt","url":"https:\/\/schoenstatt.com\/de\/","logo":{"@type":"ImageObject","inLanguage":"de","@id":"https:\/\/schoenstatt.com\/de\/#\/schema\/logo\/image\/","url":"https:\/\/schoenstatt.com\/wp-content\/uploads\/2025\/04\/logo-schoenstatt-white-696x696-1.png","contentUrl":"https:\/\/schoenstatt.com\/wp-content\/uploads\/2025\/04\/logo-schoenstatt-white-696x696-1.png","width":696,"height":694,"caption":"Schoenstatt"},"image":{"@id":"https:\/\/schoenstatt.com\/de\/#\/schema\/logo\/image\/"}},{"@type":"Person","@id":"https:\/\/schoenstatt.com\/de\/#\/schema\/person\/5158877ad4acae98b34daaeef2a1ce6e","name":"Karen Bueno","image":{"@type":"ImageObject","inLanguage":"de","@id":"https:\/\/secure.gravatar.com\/avatar\/f9f4b823873154269d2b2130f195f6d41037dd0d7fc5f3cacb5c846bae70d66b?s=96&d=mm&r=g","url":"https:\/\/secure.gravatar.com\/avatar\/f9f4b823873154269d2b2130f195f6d41037dd0d7fc5f3cacb5c846bae70d66b?s=96&d=mm&r=g","contentUrl":"https:\/\/secure.gravatar.com\/avatar\/f9f4b823873154269d2b2130f195f6d41037dd0d7fc5f3cacb5c846bae70d66b?s=96&d=mm&r=g","caption":"Karen Bueno"},"url":"https:\/\/schoenstatt.com\/de\/author\/karen-bueno\/"}]}},"_links":{"self":[{"href":"https:\/\/schoenstatt.com\/de\/wp-json\/wp\/v2\/posts\/67568","targetHints":{"allow":["GET"]}}],"collection":[{"href":"https:\/\/schoenstatt.com\/de\/wp-json\/wp\/v2\/posts"}],"about":[{"href":"https:\/\/schoenstatt.com\/de\/wp-json\/wp\/v2\/types\/post"}],"author":[{"embeddable":true,"href":"https:\/\/schoenstatt.com\/de\/wp-json\/wp\/v2\/users\/3"}],"replies":[{"embeddable":true,"href":"https:\/\/schoenstatt.com\/de\/wp-json\/wp\/v2\/comments?post=67568"}],"version-history":[{"count":3,"href":"https:\/\/schoenstatt.com\/de\/wp-json\/wp\/v2\/posts\/67568\/revisions"}],"predecessor-version":[{"id":67571,"href":"https:\/\/schoenstatt.com\/de\/wp-json\/wp\/v2\/posts\/67568\/revisions\/67571"}],"wp:featuredmedia":[{"embeddable":true,"href":"https:\/\/schoenstatt.com\/de\/wp-json\/wp\/v2\/media\/64170"}],"wp:attachment":[{"href":"https:\/\/schoenstatt.com\/de\/wp-json\/wp\/v2\/media?parent=67568"}],"wp:term":[{"taxonomy":"category","embeddable":true,"href":"https:\/\/schoenstatt.com\/de\/wp-json\/wp\/v2\/categories?post=67568"},{"taxonomy":"post_tag","embeddable":true,"href":"https:\/\/schoenstatt.com\/de\/wp-json\/wp\/v2\/tags?post=67568"}],"curies":[{"name":"wp","href":"https:\/\/api.w.org\/{rel}","templated":true}]}}