{"id":67237,"date":"2025-12-18T14:58:21","date_gmt":"2025-12-18T13:58:21","guid":{"rendered":"https:\/\/schoenstatt.com\/?p=67237"},"modified":"2025-12-18T14:58:22","modified_gmt":"2025-12-18T13:58:22","slug":"schonstatter-zum-neuen-prasidenten-chiles-gewahlt","status":"publish","type":"post","link":"https:\/\/schoenstatt.com\/de\/schonstatter-zum-neuen-prasidenten-chiles-gewahlt\/","title":{"rendered":"Sch\u00f6nst\u00e4tter zum neuen Pr\u00e4sidenten Chiles gew\u00e4hlt"},"content":{"rendered":"\n<p>Jos\u00e9 Antonio Kast wurde am vergangenen Sonntag, 14. Dezember, zum neuen Pr\u00e4sidenten Chiles gew\u00e4hlt. Er ist mit Mar\u00eda P\u00eda Adriasola verheiratet, Vater von neun Kindern und Mitglied des Instituts der Sch\u00f6nstattfamilien. Nach Angaben des chilenischen Wahldienstes \u201eServicio Electoral de Chile\u201c (Servel) erhielt Kast 58 Prozent der Stimmen.<\/p>\n\n\n\n<figure class=\"wp-block-image aligncenter size-full\"><img decoding=\"async\" src=\"https:\/\/schoenstatt.com\/wp-content\/uploads\/2025\/12\/Jose-Antonio-Kast.webp\" alt=\"\" class=\"wp-image-67241\"\/><\/figure>\n\n\n\n<p>Der neue Pr\u00e4sident ist 59 Jahre alt und Vorsitzender der Republikanischen Partei. Auch wenn der Wahlkampf in Chile von starker Polarisierung und Kontroversen gepr\u00e4gt war, schlug der neue Pr\u00e4sident in seiner ersten Rede vers\u00f6hnliche T\u00f6ne an: <em>\u201eHelfen Sie mir alle, damit wir in diesen vier Jahren Gutes erreichen k\u00f6nnen. So wie wir unsere Einheit bewahrt haben, bitte ich Sie um dieses zus\u00e4tzliche Opfer, mich weiterhin in der Pr\u00e4sidentschaft der Republik zu begleiten.\u201c<\/em><\/p>\n\n\n\n<p>Als er \u00fcber die Kandidatin der Opposition sprach, bat er um Respekt: <em>\u201eIch m\u00f6chte Sie um etwas ganz Besonderes bitten. Ich bitte um einen Moment tiefen Respekts und Schweigens. Eine Regierung hat Anh\u00e4nger und sie hat Opposition. Das ist normal. [\u2026] Respekt und Schweigen werden unsere Regierungsarbeit pr\u00e4gen. Wir k\u00f6nnen mitunter starke Meinungsverschiedenheiten haben, wir k\u00f6nnen sehr unterschiedliche Vorstellungen von unserer Gesellschaft haben, aber wenn wir Gewalt bef\u00fcrworten, wenn wir lautstarkes Geschrei bef\u00fcrworten, ist es sehr schwierig, voranzukommen.\u201c<\/em><\/p>\n\n\n\n<figure class=\"wp-block-pullquote has-medium-font-size\" style=\"border-top-color:var(--wp--preset--color--luminous-vivid-orange);border-top-style:solid;border-top-width:1px;border-bottom-color:var(--wp--preset--color--luminous-vivid-orange);border-bottom-style:solid;border-bottom-width:1px;font-style:italic;font-weight:300\"><blockquote><p>\u201eEinheit bedeutet nicht, gleich zu denken oder Ideen zu verschweigen, sondern ein gemeinsames Ziel zu haben.\u201c<\/p><\/blockquote><\/figure>\n\n\n\n<figure class=\"wp-block-image size-full\"><img decoding=\"async\" src=\"https:\/\/schoenstatt.com\/wp-content\/uploads\/2025\/12\/Kast-Family.webp\" alt=\"\" class=\"wp-image-67162\"\/><\/figure>\n\n\n\n<h3 class=\"wp-block-heading\" id=\"h-bruder-von-barbara-kast\">Bruder von B\u00e1rbara Kast<\/h3>\n\n\n\n<p>Jos\u00e9 Antonio ist der j\u00fcngere Bruder von B\u00e1rbara Kast Rist. Sie starb 1968 im Alter von 18 Jahren und geh\u00f6rte zur Sch\u00f6nstatt-M\u00e4dchenjugend. Heute z\u00e4hlt sie zu den Pers\u00f6nlichkeiten, die die Sch\u00f6nstattfamilie weiterhin inspirieren.<\/p>\n\n\n\n<h3 class=\"wp-block-heading\" id=\"h-beten-wir-fur-die-neue-regierung\">Beten wir f\u00fcr die neue Regierung<\/h3>\n\n\n\n<p>Die Sch\u00f6nstatt-Bewegung unterst\u00fctzt zwar wie die Kirche weder politische Parteien noch Kandidaten, aber sie ermutigt alle Laien als Salz der Erde und Licht der Welt aktiv zu sein.<\/p>\n\n\n\n<p>In diesem Sinne sind alle eingeladen, f\u00fcr die Familie Kast zu beten, damit Gott sie in den kommenden Jahren f\u00fchrt und Chile sich als \u201egl\u00fcckseliges Abbild des Gartens Eden\u201d (Auszug aus der Nationalhymne) und als gesegnetes und prosperierendes Land weiterentwickeln kann.<\/p>\n\n\n\n<p><strong>\u00dcbersetzung: <\/strong>Sr. Carola Maria Tremmel<\/p>\n","protected":false},"excerpt":{"rendered":"<p>Jos\u00e9 Antonio Kast wurde zum neuen Pr\u00e4sidenten Chiles gew\u00e4hlt. Er ist mit Mar\u00eda P\u00eda verheiratet und Mitglied des Instituts der Sch\u00f6nstattfamilien.<\/p>\n","protected":false},"author":3,"featured_media":67241,"comment_status":"closed","ping_status":"closed","sticky":false,"template":"","format":"standard","meta":{"footnotes":""},"categories":[195],"tags":[926],"class_list":["post-67237","post","type-post","status-publish","format-standard","has-post-thumbnail","hentry","category-amerika-de","tag-schonstatt-chile-de"],"yoast_head":"<!-- This site is optimized with the Yoast SEO Premium plugin v27.4 (Yoast SEO v27.4) - https:\/\/yoast.com\/product\/yoast-seo-premium-wordpress\/ -->\n<title>Sch\u00f6nst\u00e4tter zum neuen Pr\u00e4sidenten Chiles gew\u00e4hlt - Schoenstatt<\/title>\n<meta name=\"description\" content=\"Jos\u00e9 Antonio Kast wurde zum neuen Pr\u00e4sidenten Chiles gew\u00e4hlt. Er ist mit Mar\u00eda P\u00eda verheiratet und Mitglied des Instituts der Sch\u00f6nstattfamilien.\" \/>\n<meta name=\"robots\" content=\"index, follow, max-snippet:-1, max-image-preview:large, max-video-preview:-1\" \/>\n<link rel=\"canonical\" href=\"https:\/\/schoenstatt.com\/de\/schonstatter-zum-neuen-prasidenten-chiles-gewahlt\/\" \/>\n<meta property=\"og:locale\" content=\"de_DE\" \/>\n<meta property=\"og:type\" content=\"article\" \/>\n<meta property=\"og:title\" content=\"Sch\u00f6nst\u00e4tter zum neuen Pr\u00e4sidenten Chiles gew\u00e4hlt\" \/>\n<meta property=\"og:description\" content=\"Jos\u00e9 Antonio Kast wurde zum neuen Pr\u00e4sidenten Chiles gew\u00e4hlt. Er ist mit Mar\u00eda P\u00eda verheiratet und Mitglied des Instituts der Sch\u00f6nstattfamilien.\" \/>\n<meta property=\"og:url\" content=\"https:\/\/schoenstatt.com\/de\/schonstatter-zum-neuen-prasidenten-chiles-gewahlt\/\" \/>\n<meta property=\"og:site_name\" content=\"Schoenstatt\" \/>\n<meta property=\"article:published_time\" content=\"2025-12-18T13:58:21+00:00\" \/>\n<meta property=\"article:modified_time\" content=\"2025-12-18T13:58:22+00:00\" \/>\n<meta property=\"og:image\" content=\"https:\/\/schoenstatt.com\/wp-content\/uploads\/2025\/12\/Jose-Antonio-Kast.webp\" \/>\n\t<meta property=\"og:image:width\" content=\"1280\" \/>\n\t<meta property=\"og:image:height\" content=\"856\" \/>\n\t<meta property=\"og:image:type\" content=\"image\/jpeg\" \/>\n<meta name=\"author\" content=\"Karen Bueno\" \/>\n<meta name=\"twitter:card\" content=\"summary_large_image\" \/>\n<meta name=\"twitter:label1\" content=\"Verfasst von\" \/>\n\t<meta name=\"twitter:data1\" content=\"Karen Bueno\" \/>\n\t<meta name=\"twitter:label2\" content=\"Gesch\u00e4tzte Lesezeit\" \/>\n\t<meta name=\"twitter:data2\" content=\"3\u00a0Minuten\" \/>\n<script type=\"application\/ld+json\" class=\"yoast-schema-graph\">{\"@context\":\"https:\\\/\\\/schema.org\",\"@graph\":[{\"@type\":\"Article\",\"@id\":\"https:\\\/\\\/schoenstatt.com\\\/de\\\/schonstatter-zum-neuen-prasidenten-chiles-gewahlt\\\/#article\",\"isPartOf\":{\"@id\":\"https:\\\/\\\/schoenstatt.com\\\/de\\\/schonstatter-zum-neuen-prasidenten-chiles-gewahlt\\\/\"},\"author\":{\"name\":\"Karen Bueno\",\"@id\":\"https:\\\/\\\/schoenstatt.com\\\/de\\\/#\\\/schema\\\/person\\\/5158877ad4acae98b34daaeef2a1ce6e\"},\"headline\":\"Sch\u00f6nst\u00e4tter zum neuen Pr\u00e4sidenten Chiles gew\u00e4hlt\",\"datePublished\":\"2025-12-18T13:58:21+00:00\",\"dateModified\":\"2025-12-18T13:58:22+00:00\",\"mainEntityOfPage\":{\"@id\":\"https:\\\/\\\/schoenstatt.com\\\/de\\\/schonstatter-zum-neuen-prasidenten-chiles-gewahlt\\\/\"},\"wordCount\":369,\"publisher\":{\"@id\":\"https:\\\/\\\/schoenstatt.com\\\/de\\\/#organization\"},\"image\":{\"@id\":\"https:\\\/\\\/schoenstatt.com\\\/de\\\/schonstatter-zum-neuen-prasidenten-chiles-gewahlt\\\/#primaryimage\"},\"thumbnailUrl\":\"https:\\\/\\\/schoenstatt.com\\\/wp-content\\\/uploads\\\/2025\\\/12\\\/Jose-Antonio-Kast.webp\",\"keywords\":[\"Sch\u00f6nstatt Chile\"],\"articleSection\":[\"Amerika\"],\"inLanguage\":\"de\"},{\"@type\":\"WebPage\",\"@id\":\"https:\\\/\\\/schoenstatt.com\\\/de\\\/schonstatter-zum-neuen-prasidenten-chiles-gewahlt\\\/\",\"url\":\"https:\\\/\\\/schoenstatt.com\\\/de\\\/schonstatter-zum-neuen-prasidenten-chiles-gewahlt\\\/\",\"name\":\"Sch\u00f6nst\u00e4tter zum neuen Pr\u00e4sidenten Chiles gew\u00e4hlt - Schoenstatt\",\"isPartOf\":{\"@id\":\"https:\\\/\\\/schoenstatt.com\\\/de\\\/#website\"},\"primaryImageOfPage\":{\"@id\":\"https:\\\/\\\/schoenstatt.com\\\/de\\\/schonstatter-zum-neuen-prasidenten-chiles-gewahlt\\\/#primaryimage\"},\"image\":{\"@id\":\"https:\\\/\\\/schoenstatt.com\\\/de\\\/schonstatter-zum-neuen-prasidenten-chiles-gewahlt\\\/#primaryimage\"},\"thumbnailUrl\":\"https:\\\/\\\/schoenstatt.com\\\/wp-content\\\/uploads\\\/2025\\\/12\\\/Jose-Antonio-Kast.webp\",\"datePublished\":\"2025-12-18T13:58:21+00:00\",\"dateModified\":\"2025-12-18T13:58:22+00:00\",\"description\":\"Jos\u00e9 Antonio Kast wurde zum neuen Pr\u00e4sidenten Chiles gew\u00e4hlt. Er ist mit Mar\u00eda P\u00eda verheiratet und Mitglied des Instituts der Sch\u00f6nstattfamilien.\",\"breadcrumb\":{\"@id\":\"https:\\\/\\\/schoenstatt.com\\\/de\\\/schonstatter-zum-neuen-prasidenten-chiles-gewahlt\\\/#breadcrumb\"},\"inLanguage\":\"de\",\"potentialAction\":[{\"@type\":\"ReadAction\",\"target\":[\"https:\\\/\\\/schoenstatt.com\\\/de\\\/schonstatter-zum-neuen-prasidenten-chiles-gewahlt\\\/\"]}]},{\"@type\":\"ImageObject\",\"inLanguage\":\"de\",\"@id\":\"https:\\\/\\\/schoenstatt.com\\\/de\\\/schonstatter-zum-neuen-prasidenten-chiles-gewahlt\\\/#primaryimage\",\"url\":\"https:\\\/\\\/schoenstatt.com\\\/wp-content\\\/uploads\\\/2025\\\/12\\\/Jose-Antonio-Kast.webp\",\"contentUrl\":\"https:\\\/\\\/schoenstatt.com\\\/wp-content\\\/uploads\\\/2025\\\/12\\\/Jose-Antonio-Kast.webp\",\"width\":1280,\"height\":856},{\"@type\":\"BreadcrumbList\",\"@id\":\"https:\\\/\\\/schoenstatt.com\\\/de\\\/schonstatter-zum-neuen-prasidenten-chiles-gewahlt\\\/#breadcrumb\",\"itemListElement\":[{\"@type\":\"ListItem\",\"position\":1,\"name\":\"Portada\",\"item\":\"https:\\\/\\\/schoenstatt.com\\\/de\\\/home\\\/\"},{\"@type\":\"ListItem\",\"position\":2,\"name\":\"Sch\u00f6nst\u00e4tter zum neuen Pr\u00e4sidenten Chiles gew\u00e4hlt\"}]},{\"@type\":\"WebSite\",\"@id\":\"https:\\\/\\\/schoenstatt.com\\\/de\\\/#website\",\"url\":\"https:\\\/\\\/schoenstatt.com\\\/de\\\/\",\"name\":\"Schoenstatt\",\"description\":\"Apostolic Movement\",\"publisher\":{\"@id\":\"https:\\\/\\\/schoenstatt.com\\\/de\\\/#organization\"},\"potentialAction\":[{\"@type\":\"SearchAction\",\"target\":{\"@type\":\"EntryPoint\",\"urlTemplate\":\"https:\\\/\\\/schoenstatt.com\\\/de\\\/?s={search_term_string}\"},\"query-input\":{\"@type\":\"PropertyValueSpecification\",\"valueRequired\":true,\"valueName\":\"search_term_string\"}}],\"inLanguage\":\"de\"},{\"@type\":\"Organization\",\"@id\":\"https:\\\/\\\/schoenstatt.com\\\/de\\\/#organization\",\"name\":\"Schoenstatt\",\"url\":\"https:\\\/\\\/schoenstatt.com\\\/de\\\/\",\"logo\":{\"@type\":\"ImageObject\",\"inLanguage\":\"de\",\"@id\":\"https:\\\/\\\/schoenstatt.com\\\/de\\\/#\\\/schema\\\/logo\\\/image\\\/\",\"url\":\"https:\\\/\\\/schoenstatt.com\\\/wp-content\\\/uploads\\\/2025\\\/04\\\/logo-schoenstatt-white-696x696-1.png\",\"contentUrl\":\"https:\\\/\\\/schoenstatt.com\\\/wp-content\\\/uploads\\\/2025\\\/04\\\/logo-schoenstatt-white-696x696-1.png\",\"width\":696,\"height\":694,\"caption\":\"Schoenstatt\"},\"image\":{\"@id\":\"https:\\\/\\\/schoenstatt.com\\\/de\\\/#\\\/schema\\\/logo\\\/image\\\/\"}},{\"@type\":\"Person\",\"@id\":\"https:\\\/\\\/schoenstatt.com\\\/de\\\/#\\\/schema\\\/person\\\/5158877ad4acae98b34daaeef2a1ce6e\",\"name\":\"Karen Bueno\",\"image\":{\"@type\":\"ImageObject\",\"inLanguage\":\"de\",\"@id\":\"https:\\\/\\\/secure.gravatar.com\\\/avatar\\\/f9f4b823873154269d2b2130f195f6d41037dd0d7fc5f3cacb5c846bae70d66b?s=96&d=mm&r=g\",\"url\":\"https:\\\/\\\/secure.gravatar.com\\\/avatar\\\/f9f4b823873154269d2b2130f195f6d41037dd0d7fc5f3cacb5c846bae70d66b?s=96&d=mm&r=g\",\"contentUrl\":\"https:\\\/\\\/secure.gravatar.com\\\/avatar\\\/f9f4b823873154269d2b2130f195f6d41037dd0d7fc5f3cacb5c846bae70d66b?s=96&d=mm&r=g\",\"caption\":\"Karen Bueno\"},\"url\":\"https:\\\/\\\/schoenstatt.com\\\/de\\\/author\\\/karen-bueno\\\/\"}]}<\/script>\n<!-- \/ Yoast SEO Premium plugin. -->","yoast_head_json":{"title":"Sch\u00f6nst\u00e4tter zum neuen Pr\u00e4sidenten Chiles gew\u00e4hlt - Schoenstatt","description":"Jos\u00e9 Antonio Kast wurde zum neuen Pr\u00e4sidenten Chiles gew\u00e4hlt. Er ist mit Mar\u00eda P\u00eda verheiratet und Mitglied des Instituts der Sch\u00f6nstattfamilien.","robots":{"index":"index","follow":"follow","max-snippet":"max-snippet:-1","max-image-preview":"max-image-preview:large","max-video-preview":"max-video-preview:-1"},"canonical":"https:\/\/schoenstatt.com\/de\/schonstatter-zum-neuen-prasidenten-chiles-gewahlt\/","og_locale":"de_DE","og_type":"article","og_title":"Sch\u00f6nst\u00e4tter zum neuen Pr\u00e4sidenten Chiles gew\u00e4hlt","og_description":"Jos\u00e9 Antonio Kast wurde zum neuen Pr\u00e4sidenten Chiles gew\u00e4hlt. Er ist mit Mar\u00eda P\u00eda verheiratet und Mitglied des Instituts der Sch\u00f6nstattfamilien.","og_url":"https:\/\/schoenstatt.com\/de\/schonstatter-zum-neuen-prasidenten-chiles-gewahlt\/","og_site_name":"Schoenstatt","article_published_time":"2025-12-18T13:58:21+00:00","article_modified_time":"2025-12-18T13:58:22+00:00","og_image":[{"width":1280,"height":856,"url":"https:\/\/schoenstatt.com\/wp-content\/uploads\/2025\/12\/Jose-Antonio-Kast.webp","type":"image\/jpeg"}],"author":"Karen Bueno","twitter_card":"summary_large_image","twitter_misc":{"Verfasst von":"Karen Bueno","Gesch\u00e4tzte Lesezeit":"3\u00a0Minuten"},"schema":{"@context":"https:\/\/schema.org","@graph":[{"@type":"Article","@id":"https:\/\/schoenstatt.com\/de\/schonstatter-zum-neuen-prasidenten-chiles-gewahlt\/#article","isPartOf":{"@id":"https:\/\/schoenstatt.com\/de\/schonstatter-zum-neuen-prasidenten-chiles-gewahlt\/"},"author":{"name":"Karen Bueno","@id":"https:\/\/schoenstatt.com\/de\/#\/schema\/person\/5158877ad4acae98b34daaeef2a1ce6e"},"headline":"Sch\u00f6nst\u00e4tter zum neuen Pr\u00e4sidenten Chiles gew\u00e4hlt","datePublished":"2025-12-18T13:58:21+00:00","dateModified":"2025-12-18T13:58:22+00:00","mainEntityOfPage":{"@id":"https:\/\/schoenstatt.com\/de\/schonstatter-zum-neuen-prasidenten-chiles-gewahlt\/"},"wordCount":369,"publisher":{"@id":"https:\/\/schoenstatt.com\/de\/#organization"},"image":{"@id":"https:\/\/schoenstatt.com\/de\/schonstatter-zum-neuen-prasidenten-chiles-gewahlt\/#primaryimage"},"thumbnailUrl":"https:\/\/schoenstatt.com\/wp-content\/uploads\/2025\/12\/Jose-Antonio-Kast.webp","keywords":["Sch\u00f6nstatt Chile"],"articleSection":["Amerika"],"inLanguage":"de"},{"@type":"WebPage","@id":"https:\/\/schoenstatt.com\/de\/schonstatter-zum-neuen-prasidenten-chiles-gewahlt\/","url":"https:\/\/schoenstatt.com\/de\/schonstatter-zum-neuen-prasidenten-chiles-gewahlt\/","name":"Sch\u00f6nst\u00e4tter zum neuen Pr\u00e4sidenten Chiles gew\u00e4hlt - Schoenstatt","isPartOf":{"@id":"https:\/\/schoenstatt.com\/de\/#website"},"primaryImageOfPage":{"@id":"https:\/\/schoenstatt.com\/de\/schonstatter-zum-neuen-prasidenten-chiles-gewahlt\/#primaryimage"},"image":{"@id":"https:\/\/schoenstatt.com\/de\/schonstatter-zum-neuen-prasidenten-chiles-gewahlt\/#primaryimage"},"thumbnailUrl":"https:\/\/schoenstatt.com\/wp-content\/uploads\/2025\/12\/Jose-Antonio-Kast.webp","datePublished":"2025-12-18T13:58:21+00:00","dateModified":"2025-12-18T13:58:22+00:00","description":"Jos\u00e9 Antonio Kast wurde zum neuen Pr\u00e4sidenten Chiles gew\u00e4hlt. Er ist mit Mar\u00eda P\u00eda verheiratet und Mitglied des Instituts der Sch\u00f6nstattfamilien.","breadcrumb":{"@id":"https:\/\/schoenstatt.com\/de\/schonstatter-zum-neuen-prasidenten-chiles-gewahlt\/#breadcrumb"},"inLanguage":"de","potentialAction":[{"@type":"ReadAction","target":["https:\/\/schoenstatt.com\/de\/schonstatter-zum-neuen-prasidenten-chiles-gewahlt\/"]}]},{"@type":"ImageObject","inLanguage":"de","@id":"https:\/\/schoenstatt.com\/de\/schonstatter-zum-neuen-prasidenten-chiles-gewahlt\/#primaryimage","url":"https:\/\/schoenstatt.com\/wp-content\/uploads\/2025\/12\/Jose-Antonio-Kast.webp","contentUrl":"https:\/\/schoenstatt.com\/wp-content\/uploads\/2025\/12\/Jose-Antonio-Kast.webp","width":1280,"height":856},{"@type":"BreadcrumbList","@id":"https:\/\/schoenstatt.com\/de\/schonstatter-zum-neuen-prasidenten-chiles-gewahlt\/#breadcrumb","itemListElement":[{"@type":"ListItem","position":1,"name":"Portada","item":"https:\/\/schoenstatt.com\/de\/home\/"},{"@type":"ListItem","position":2,"name":"Sch\u00f6nst\u00e4tter zum neuen Pr\u00e4sidenten Chiles gew\u00e4hlt"}]},{"@type":"WebSite","@id":"https:\/\/schoenstatt.com\/de\/#website","url":"https:\/\/schoenstatt.com\/de\/","name":"Schoenstatt","description":"Apostolic Movement","publisher":{"@id":"https:\/\/schoenstatt.com\/de\/#organization"},"potentialAction":[{"@type":"SearchAction","target":{"@type":"EntryPoint","urlTemplate":"https:\/\/schoenstatt.com\/de\/?s={search_term_string}"},"query-input":{"@type":"PropertyValueSpecification","valueRequired":true,"valueName":"search_term_string"}}],"inLanguage":"de"},{"@type":"Organization","@id":"https:\/\/schoenstatt.com\/de\/#organization","name":"Schoenstatt","url":"https:\/\/schoenstatt.com\/de\/","logo":{"@type":"ImageObject","inLanguage":"de","@id":"https:\/\/schoenstatt.com\/de\/#\/schema\/logo\/image\/","url":"https:\/\/schoenstatt.com\/wp-content\/uploads\/2025\/04\/logo-schoenstatt-white-696x696-1.png","contentUrl":"https:\/\/schoenstatt.com\/wp-content\/uploads\/2025\/04\/logo-schoenstatt-white-696x696-1.png","width":696,"height":694,"caption":"Schoenstatt"},"image":{"@id":"https:\/\/schoenstatt.com\/de\/#\/schema\/logo\/image\/"}},{"@type":"Person","@id":"https:\/\/schoenstatt.com\/de\/#\/schema\/person\/5158877ad4acae98b34daaeef2a1ce6e","name":"Karen Bueno","image":{"@type":"ImageObject","inLanguage":"de","@id":"https:\/\/secure.gravatar.com\/avatar\/f9f4b823873154269d2b2130f195f6d41037dd0d7fc5f3cacb5c846bae70d66b?s=96&d=mm&r=g","url":"https:\/\/secure.gravatar.com\/avatar\/f9f4b823873154269d2b2130f195f6d41037dd0d7fc5f3cacb5c846bae70d66b?s=96&d=mm&r=g","contentUrl":"https:\/\/secure.gravatar.com\/avatar\/f9f4b823873154269d2b2130f195f6d41037dd0d7fc5f3cacb5c846bae70d66b?s=96&d=mm&r=g","caption":"Karen Bueno"},"url":"https:\/\/schoenstatt.com\/de\/author\/karen-bueno\/"}]}},"_links":{"self":[{"href":"https:\/\/schoenstatt.com\/de\/wp-json\/wp\/v2\/posts\/67237","targetHints":{"allow":["GET"]}}],"collection":[{"href":"https:\/\/schoenstatt.com\/de\/wp-json\/wp\/v2\/posts"}],"about":[{"href":"https:\/\/schoenstatt.com\/de\/wp-json\/wp\/v2\/types\/post"}],"author":[{"embeddable":true,"href":"https:\/\/schoenstatt.com\/de\/wp-json\/wp\/v2\/users\/3"}],"replies":[{"embeddable":true,"href":"https:\/\/schoenstatt.com\/de\/wp-json\/wp\/v2\/comments?post=67237"}],"version-history":[{"count":3,"href":"https:\/\/schoenstatt.com\/de\/wp-json\/wp\/v2\/posts\/67237\/revisions"}],"predecessor-version":[{"id":67248,"href":"https:\/\/schoenstatt.com\/de\/wp-json\/wp\/v2\/posts\/67237\/revisions\/67248"}],"wp:featuredmedia":[{"embeddable":true,"href":"https:\/\/schoenstatt.com\/de\/wp-json\/wp\/v2\/media\/67241"}],"wp:attachment":[{"href":"https:\/\/schoenstatt.com\/de\/wp-json\/wp\/v2\/media?parent=67237"}],"wp:term":[{"taxonomy":"category","embeddable":true,"href":"https:\/\/schoenstatt.com\/de\/wp-json\/wp\/v2\/categories?post=67237"},{"taxonomy":"post_tag","embeddable":true,"href":"https:\/\/schoenstatt.com\/de\/wp-json\/wp\/v2\/tags?post=67237"}],"curies":[{"name":"wp","href":"https:\/\/api.w.org\/{rel}","templated":true}]}}