{"id":67215,"date":"2025-12-17T03:03:00","date_gmt":"2025-12-17T02:03:00","guid":{"rendered":"https:\/\/schoenstatt.com\/?p=67215"},"modified":"2025-12-17T12:27:02","modified_gmt":"2025-12-17T11:27:02","slug":"wir-alle-sind-schoenstatt-fortschritts-und-ergebnisbericht","status":"publish","type":"post","link":"https:\/\/schoenstatt.com\/de\/wir-alle-sind-schoenstatt-fortschritts-und-ergebnisbericht\/","title":{"rendered":"Wir alle sind Sch\u00f6nstatt \u2013 Fortschritts- und Ergebnisbericht"},"content":{"rendered":"\n<p>Vor etwas mehr als einem Jahr haben wir die Kampagne \u201eWir alle sind Sch\u00f6nstatt\u201c ins Leben gerufen. Was als konkreter Aufruf begann, wurde zu einem Lebensstrom, der Herzen verband, Grenzen \u00fcberschritt und in vielen den Wunsch weckte, beizutragen und mitverantwortlich die Zukunft unserer Bewegung mitzugestalten.<\/p>\n\n\n\n<p>In dieser Zeit haben wir erfahren, dass das \u201eNichts ohne uns\u201c immer das \u201eNichts ohne Dich\u201c weckt.<\/p>\n\n\n\n<p>Die Gottesmutter lie\u00df sich in ihrer Gro\u00dfz\u00fcgigkeit nicht \u00fcbertreffen und kam uns zu Hilfe. Heute freuen wir uns, Ihnen die bisher erzielten Ergebnisse mitzuteilen.<\/p>\n\n\n\n<h3 class=\"wp-block-heading\" id=\"h-verwendung-der-mittel\">Verwendung der Mittel<\/h3>\n\n\n\n<p>Die Kampagne hat zum Ziel, unsere Mitverantwortung als internationale Familie zu st\u00e4rken und finanzielle Mittel f\u00fcr folgende Zwecke zu sichern:<\/p>\n\n\n\n<p>Pflege und Unterhalt des Urheiligtums<br>Arbeit der Internationalen Koordinierungsstelle<br>Fortschritt des Seligsprechungsprozesses von Pater Josef Kentenich<\/p>\n\n\n\n<h3 class=\"wp-block-heading\" id=\"h-finanzielle-ergebnisse\">Finanzielle Ergebnisse<\/h3>\n\n\n\n<p>In diesem ersten Jahr (vom 18. Oktober 2024 bis zum 18. Oktober 2025) haben wir 88 Prozent des Ziels erreicht, wie die folgenden Grafiken und Tabellen zeigen:<\/p>\n\n\n\n<div class=\"wp-block-buttons is-content-justification-center is-layout-flex wp-container-core-buttons-is-layout-a89b3969 wp-block-buttons-is-layout-flex\">\n<div class=\"wp-block-button\"><a class=\"wp-block-button__link has-white-color has-text-color has-background has-link-color wp-element-button\" href=\"https:\/\/schoenstatt.com\/wp-content\/uploads\/2025\/12\/Rechenschaft_Kampagne_Wir_alle_sind_Schoenstatt_2024-2025.pdf\" style=\"border-top-left-radius:17px;border-top-right-radius:17px;border-bottom-left-radius:17px;border-bottom-right-radius:17px;background-color:#e7853a\" target=\"_blank\" rel=\"noreferrer noopener\"><strong>Finanzbericht<\/strong><\/a><\/div>\n<\/div>\n\n\n\n<div style=\"height:35px\" aria-hidden=\"true\" class=\"wp-block-spacer\"><\/div>\n\n\n\n<p>Jede Spende wurde transparent und verantwortlich verwaltet. Ganz herzlich danken wir allen, die ihre Zeit, ihre Gebete, ihre finanziellen Beitr\u00e4ge oder ihre stillen Opfer geschenkt haben.<\/p>\n\n\n\n<h3 class=\"wp-block-heading\" id=\"h-geist-und-perspektiven\">Geist und Perspektiven<\/h3>\n\n\n\n<p>Der Geist von \u201eWir alle sind Sch\u00f6nstatt\u201d lebt weiter: Es handelt sich um eine dauerhafte Haltung, um eine Verpflichtung und eine Art, uns einander n\u00e4her und verbundener zu f\u00fchlen auf der Suche nach gemeinsamen Zielen, die unserer gesamten internationalen Familie zugutekommen.<\/p>\n\n\n\n<p>Wir werden weiterhin die Verbundenheit auf allen f\u00fcnf Kontinenten st\u00e4rken und gemeinsam kreative Wege suchen, um den Anforderungen der Zukunft gerecht zu werden.<\/p>\n\n\n\n<p>Gemeinsam werden wir diese Geschichte der Liebe und des Engagements weiterschreiben und so das Leben, die Sendung und die Einheit unserer Sch\u00f6nstattfamilie bewahren.<\/p>\n\n\n\n<p>Weitere Informationen finden Sie auf der Seite: <a href=\"https:\/\/schoenstatt.com\/de\/wir-alle-sind-schoenstatt\/\">Wir alle sind Sch\u00f6nstatt<\/a><\/p>\n\n\n\n<p><strong>\u00dcbersetzung: <\/strong>Sr. Carola Maria Tremmel<\/p>\n","protected":false},"excerpt":{"rendered":"<p>Das Finanzteam der Kampagne \u201eWir alle sind Sch\u00f6nstatt\u201c legt den Bericht \u00fcber das erste Jahr der Spendensammlung vor.<\/p>\n","protected":false},"author":3,"featured_media":60858,"comment_status":"closed","ping_status":"closed","sticky":false,"template":"","format":"standard","meta":{"footnotes":""},"categories":[895],"tags":[],"class_list":["post-67215","post","type-post","status-publish","format-standard","has-post-thumbnail","hentry","category-uber-die-mission-de"],"yoast_head":"<!-- This site is optimized with the Yoast SEO Premium plugin v27.4 (Yoast SEO v27.4) - https:\/\/yoast.com\/product\/yoast-seo-premium-wordpress\/ -->\n<title>Wir alle sind Sch\u00f6nstatt \u2013 Fortschritts- und Ergebnisbericht - Schoenstatt<\/title>\n<meta name=\"description\" content=\"Das Finanzteam der Kampagne \u201eWir alle sind Sch\u00f6nstatt\u201c legt den Bericht \u00fcber das erste Jahr der Spendensammlung vor.\" \/>\n<meta name=\"robots\" content=\"index, follow, max-snippet:-1, max-image-preview:large, max-video-preview:-1\" \/>\n<link rel=\"canonical\" href=\"https:\/\/schoenstatt.com\/de\/wir-alle-sind-schoenstatt-fortschritts-und-ergebnisbericht\/\" \/>\n<meta property=\"og:locale\" content=\"de_DE\" \/>\n<meta property=\"og:type\" content=\"article\" \/>\n<meta property=\"og:title\" content=\"Wir alle sind Sch\u00f6nstatt \u2013 Fortschritts- und Ergebnisbericht\" \/>\n<meta property=\"og:description\" content=\"Das Finanzteam der Kampagne \u201eWir alle sind Sch\u00f6nstatt\u201c legt den Bericht \u00fcber das erste Jahr der Spendensammlung vor.\" \/>\n<meta property=\"og:url\" content=\"https:\/\/schoenstatt.com\/de\/wir-alle-sind-schoenstatt-fortschritts-und-ergebnisbericht\/\" \/>\n<meta property=\"og:site_name\" content=\"Schoenstatt\" \/>\n<meta property=\"article:published_time\" content=\"2025-12-17T02:03:00+00:00\" \/>\n<meta property=\"article:modified_time\" content=\"2025-12-17T11:27:02+00:00\" \/>\n<meta property=\"og:image\" content=\"https:\/\/schoenstatt.com\/wp-content\/uploads\/2025\/07\/Todos-Somos-Schoenstatt.webp\" \/>\n\t<meta property=\"og:image:width\" content=\"2048\" \/>\n\t<meta property=\"og:image:height\" content=\"940\" \/>\n\t<meta property=\"og:image:type\" content=\"image\/jpeg\" \/>\n<meta name=\"author\" content=\"Karen Bueno\" \/>\n<meta name=\"twitter:card\" content=\"summary_large_image\" \/>\n<meta name=\"twitter:label1\" content=\"Verfasst von\" \/>\n\t<meta name=\"twitter:data1\" content=\"Karen Bueno\" \/>\n\t<meta name=\"twitter:label2\" content=\"Gesch\u00e4tzte Lesezeit\" \/>\n\t<meta name=\"twitter:data2\" content=\"2\u00a0Minuten\" \/>\n<script type=\"application\/ld+json\" class=\"yoast-schema-graph\">{\"@context\":\"https:\\\/\\\/schema.org\",\"@graph\":[{\"@type\":\"Article\",\"@id\":\"https:\\\/\\\/schoenstatt.com\\\/de\\\/wir-alle-sind-schoenstatt-fortschritts-und-ergebnisbericht\\\/#article\",\"isPartOf\":{\"@id\":\"https:\\\/\\\/schoenstatt.com\\\/de\\\/wir-alle-sind-schoenstatt-fortschritts-und-ergebnisbericht\\\/\"},\"author\":{\"name\":\"Karen Bueno\",\"@id\":\"https:\\\/\\\/schoenstatt.com\\\/de\\\/#\\\/schema\\\/person\\\/5158877ad4acae98b34daaeef2a1ce6e\"},\"headline\":\"Wir alle sind Sch\u00f6nstatt \u2013 Fortschritts- und Ergebnisbericht\",\"datePublished\":\"2025-12-17T02:03:00+00:00\",\"dateModified\":\"2025-12-17T11:27:02+00:00\",\"mainEntityOfPage\":{\"@id\":\"https:\\\/\\\/schoenstatt.com\\\/de\\\/wir-alle-sind-schoenstatt-fortschritts-und-ergebnisbericht\\\/\"},\"wordCount\":301,\"publisher\":{\"@id\":\"https:\\\/\\\/schoenstatt.com\\\/de\\\/#organization\"},\"image\":{\"@id\":\"https:\\\/\\\/schoenstatt.com\\\/de\\\/wir-alle-sind-schoenstatt-fortschritts-und-ergebnisbericht\\\/#primaryimage\"},\"thumbnailUrl\":\"https:\\\/\\\/schoenstatt.com\\\/wp-content\\\/uploads\\\/2025\\\/07\\\/Todos-Somos-Schoenstatt.webp\",\"articleSection\":[\"\u00dcber die Mission\"],\"inLanguage\":\"de\"},{\"@type\":\"WebPage\",\"@id\":\"https:\\\/\\\/schoenstatt.com\\\/de\\\/wir-alle-sind-schoenstatt-fortschritts-und-ergebnisbericht\\\/\",\"url\":\"https:\\\/\\\/schoenstatt.com\\\/de\\\/wir-alle-sind-schoenstatt-fortschritts-und-ergebnisbericht\\\/\",\"name\":\"Wir alle sind Sch\u00f6nstatt \u2013 Fortschritts- und Ergebnisbericht - Schoenstatt\",\"isPartOf\":{\"@id\":\"https:\\\/\\\/schoenstatt.com\\\/de\\\/#website\"},\"primaryImageOfPage\":{\"@id\":\"https:\\\/\\\/schoenstatt.com\\\/de\\\/wir-alle-sind-schoenstatt-fortschritts-und-ergebnisbericht\\\/#primaryimage\"},\"image\":{\"@id\":\"https:\\\/\\\/schoenstatt.com\\\/de\\\/wir-alle-sind-schoenstatt-fortschritts-und-ergebnisbericht\\\/#primaryimage\"},\"thumbnailUrl\":\"https:\\\/\\\/schoenstatt.com\\\/wp-content\\\/uploads\\\/2025\\\/07\\\/Todos-Somos-Schoenstatt.webp\",\"datePublished\":\"2025-12-17T02:03:00+00:00\",\"dateModified\":\"2025-12-17T11:27:02+00:00\",\"description\":\"Das Finanzteam der Kampagne \u201eWir alle sind Sch\u00f6nstatt\u201c legt den Bericht \u00fcber das erste Jahr der Spendensammlung vor.\",\"breadcrumb\":{\"@id\":\"https:\\\/\\\/schoenstatt.com\\\/de\\\/wir-alle-sind-schoenstatt-fortschritts-und-ergebnisbericht\\\/#breadcrumb\"},\"inLanguage\":\"de\",\"potentialAction\":[{\"@type\":\"ReadAction\",\"target\":[\"https:\\\/\\\/schoenstatt.com\\\/de\\\/wir-alle-sind-schoenstatt-fortschritts-und-ergebnisbericht\\\/\"]}]},{\"@type\":\"ImageObject\",\"inLanguage\":\"de\",\"@id\":\"https:\\\/\\\/schoenstatt.com\\\/de\\\/wir-alle-sind-schoenstatt-fortschritts-und-ergebnisbericht\\\/#primaryimage\",\"url\":\"https:\\\/\\\/schoenstatt.com\\\/wp-content\\\/uploads\\\/2025\\\/07\\\/Todos-Somos-Schoenstatt.webp\",\"contentUrl\":\"https:\\\/\\\/schoenstatt.com\\\/wp-content\\\/uploads\\\/2025\\\/07\\\/Todos-Somos-Schoenstatt.webp\",\"width\":2048,\"height\":940},{\"@type\":\"BreadcrumbList\",\"@id\":\"https:\\\/\\\/schoenstatt.com\\\/de\\\/wir-alle-sind-schoenstatt-fortschritts-und-ergebnisbericht\\\/#breadcrumb\",\"itemListElement\":[{\"@type\":\"ListItem\",\"position\":1,\"name\":\"Portada\",\"item\":\"https:\\\/\\\/schoenstatt.com\\\/de\\\/home\\\/\"},{\"@type\":\"ListItem\",\"position\":2,\"name\":\"Wir alle sind Sch\u00f6nstatt \u2013 Fortschritts- und Ergebnisbericht\"}]},{\"@type\":\"WebSite\",\"@id\":\"https:\\\/\\\/schoenstatt.com\\\/de\\\/#website\",\"url\":\"https:\\\/\\\/schoenstatt.com\\\/de\\\/\",\"name\":\"Schoenstatt\",\"description\":\"Apostolic Movement\",\"publisher\":{\"@id\":\"https:\\\/\\\/schoenstatt.com\\\/de\\\/#organization\"},\"potentialAction\":[{\"@type\":\"SearchAction\",\"target\":{\"@type\":\"EntryPoint\",\"urlTemplate\":\"https:\\\/\\\/schoenstatt.com\\\/de\\\/?s={search_term_string}\"},\"query-input\":{\"@type\":\"PropertyValueSpecification\",\"valueRequired\":true,\"valueName\":\"search_term_string\"}}],\"inLanguage\":\"de\"},{\"@type\":\"Organization\",\"@id\":\"https:\\\/\\\/schoenstatt.com\\\/de\\\/#organization\",\"name\":\"Schoenstatt\",\"url\":\"https:\\\/\\\/schoenstatt.com\\\/de\\\/\",\"logo\":{\"@type\":\"ImageObject\",\"inLanguage\":\"de\",\"@id\":\"https:\\\/\\\/schoenstatt.com\\\/de\\\/#\\\/schema\\\/logo\\\/image\\\/\",\"url\":\"https:\\\/\\\/schoenstatt.com\\\/wp-content\\\/uploads\\\/2025\\\/04\\\/logo-schoenstatt-white-696x696-1.png\",\"contentUrl\":\"https:\\\/\\\/schoenstatt.com\\\/wp-content\\\/uploads\\\/2025\\\/04\\\/logo-schoenstatt-white-696x696-1.png\",\"width\":696,\"height\":694,\"caption\":\"Schoenstatt\"},\"image\":{\"@id\":\"https:\\\/\\\/schoenstatt.com\\\/de\\\/#\\\/schema\\\/logo\\\/image\\\/\"}},{\"@type\":\"Person\",\"@id\":\"https:\\\/\\\/schoenstatt.com\\\/de\\\/#\\\/schema\\\/person\\\/5158877ad4acae98b34daaeef2a1ce6e\",\"name\":\"Karen Bueno\",\"image\":{\"@type\":\"ImageObject\",\"inLanguage\":\"de\",\"@id\":\"https:\\\/\\\/secure.gravatar.com\\\/avatar\\\/f9f4b823873154269d2b2130f195f6d41037dd0d7fc5f3cacb5c846bae70d66b?s=96&d=mm&r=g\",\"url\":\"https:\\\/\\\/secure.gravatar.com\\\/avatar\\\/f9f4b823873154269d2b2130f195f6d41037dd0d7fc5f3cacb5c846bae70d66b?s=96&d=mm&r=g\",\"contentUrl\":\"https:\\\/\\\/secure.gravatar.com\\\/avatar\\\/f9f4b823873154269d2b2130f195f6d41037dd0d7fc5f3cacb5c846bae70d66b?s=96&d=mm&r=g\",\"caption\":\"Karen Bueno\"},\"url\":\"https:\\\/\\\/schoenstatt.com\\\/de\\\/author\\\/karen-bueno\\\/\"}]}<\/script>\n<!-- \/ Yoast SEO Premium plugin. -->","yoast_head_json":{"title":"Wir alle sind Sch\u00f6nstatt \u2013 Fortschritts- und Ergebnisbericht - Schoenstatt","description":"Das Finanzteam der Kampagne \u201eWir alle sind Sch\u00f6nstatt\u201c legt den Bericht \u00fcber das erste Jahr der Spendensammlung vor.","robots":{"index":"index","follow":"follow","max-snippet":"max-snippet:-1","max-image-preview":"max-image-preview:large","max-video-preview":"max-video-preview:-1"},"canonical":"https:\/\/schoenstatt.com\/de\/wir-alle-sind-schoenstatt-fortschritts-und-ergebnisbericht\/","og_locale":"de_DE","og_type":"article","og_title":"Wir alle sind Sch\u00f6nstatt \u2013 Fortschritts- und Ergebnisbericht","og_description":"Das Finanzteam der Kampagne \u201eWir alle sind Sch\u00f6nstatt\u201c legt den Bericht \u00fcber das erste Jahr der Spendensammlung vor.","og_url":"https:\/\/schoenstatt.com\/de\/wir-alle-sind-schoenstatt-fortschritts-und-ergebnisbericht\/","og_site_name":"Schoenstatt","article_published_time":"2025-12-17T02:03:00+00:00","article_modified_time":"2025-12-17T11:27:02+00:00","og_image":[{"width":2048,"height":940,"url":"https:\/\/schoenstatt.com\/wp-content\/uploads\/2025\/07\/Todos-Somos-Schoenstatt.webp","type":"image\/jpeg"}],"author":"Karen Bueno","twitter_card":"summary_large_image","twitter_misc":{"Verfasst von":"Karen Bueno","Gesch\u00e4tzte Lesezeit":"2\u00a0Minuten"},"schema":{"@context":"https:\/\/schema.org","@graph":[{"@type":"Article","@id":"https:\/\/schoenstatt.com\/de\/wir-alle-sind-schoenstatt-fortschritts-und-ergebnisbericht\/#article","isPartOf":{"@id":"https:\/\/schoenstatt.com\/de\/wir-alle-sind-schoenstatt-fortschritts-und-ergebnisbericht\/"},"author":{"name":"Karen Bueno","@id":"https:\/\/schoenstatt.com\/de\/#\/schema\/person\/5158877ad4acae98b34daaeef2a1ce6e"},"headline":"Wir alle sind Sch\u00f6nstatt \u2013 Fortschritts- und Ergebnisbericht","datePublished":"2025-12-17T02:03:00+00:00","dateModified":"2025-12-17T11:27:02+00:00","mainEntityOfPage":{"@id":"https:\/\/schoenstatt.com\/de\/wir-alle-sind-schoenstatt-fortschritts-und-ergebnisbericht\/"},"wordCount":301,"publisher":{"@id":"https:\/\/schoenstatt.com\/de\/#organization"},"image":{"@id":"https:\/\/schoenstatt.com\/de\/wir-alle-sind-schoenstatt-fortschritts-und-ergebnisbericht\/#primaryimage"},"thumbnailUrl":"https:\/\/schoenstatt.com\/wp-content\/uploads\/2025\/07\/Todos-Somos-Schoenstatt.webp","articleSection":["\u00dcber die Mission"],"inLanguage":"de"},{"@type":"WebPage","@id":"https:\/\/schoenstatt.com\/de\/wir-alle-sind-schoenstatt-fortschritts-und-ergebnisbericht\/","url":"https:\/\/schoenstatt.com\/de\/wir-alle-sind-schoenstatt-fortschritts-und-ergebnisbericht\/","name":"Wir alle sind Sch\u00f6nstatt \u2013 Fortschritts- und Ergebnisbericht - Schoenstatt","isPartOf":{"@id":"https:\/\/schoenstatt.com\/de\/#website"},"primaryImageOfPage":{"@id":"https:\/\/schoenstatt.com\/de\/wir-alle-sind-schoenstatt-fortschritts-und-ergebnisbericht\/#primaryimage"},"image":{"@id":"https:\/\/schoenstatt.com\/de\/wir-alle-sind-schoenstatt-fortschritts-und-ergebnisbericht\/#primaryimage"},"thumbnailUrl":"https:\/\/schoenstatt.com\/wp-content\/uploads\/2025\/07\/Todos-Somos-Schoenstatt.webp","datePublished":"2025-12-17T02:03:00+00:00","dateModified":"2025-12-17T11:27:02+00:00","description":"Das Finanzteam der Kampagne \u201eWir alle sind Sch\u00f6nstatt\u201c legt den Bericht \u00fcber das erste Jahr der Spendensammlung vor.","breadcrumb":{"@id":"https:\/\/schoenstatt.com\/de\/wir-alle-sind-schoenstatt-fortschritts-und-ergebnisbericht\/#breadcrumb"},"inLanguage":"de","potentialAction":[{"@type":"ReadAction","target":["https:\/\/schoenstatt.com\/de\/wir-alle-sind-schoenstatt-fortschritts-und-ergebnisbericht\/"]}]},{"@type":"ImageObject","inLanguage":"de","@id":"https:\/\/schoenstatt.com\/de\/wir-alle-sind-schoenstatt-fortschritts-und-ergebnisbericht\/#primaryimage","url":"https:\/\/schoenstatt.com\/wp-content\/uploads\/2025\/07\/Todos-Somos-Schoenstatt.webp","contentUrl":"https:\/\/schoenstatt.com\/wp-content\/uploads\/2025\/07\/Todos-Somos-Schoenstatt.webp","width":2048,"height":940},{"@type":"BreadcrumbList","@id":"https:\/\/schoenstatt.com\/de\/wir-alle-sind-schoenstatt-fortschritts-und-ergebnisbericht\/#breadcrumb","itemListElement":[{"@type":"ListItem","position":1,"name":"Portada","item":"https:\/\/schoenstatt.com\/de\/home\/"},{"@type":"ListItem","position":2,"name":"Wir alle sind Sch\u00f6nstatt \u2013 Fortschritts- und Ergebnisbericht"}]},{"@type":"WebSite","@id":"https:\/\/schoenstatt.com\/de\/#website","url":"https:\/\/schoenstatt.com\/de\/","name":"Schoenstatt","description":"Apostolic Movement","publisher":{"@id":"https:\/\/schoenstatt.com\/de\/#organization"},"potentialAction":[{"@type":"SearchAction","target":{"@type":"EntryPoint","urlTemplate":"https:\/\/schoenstatt.com\/de\/?s={search_term_string}"},"query-input":{"@type":"PropertyValueSpecification","valueRequired":true,"valueName":"search_term_string"}}],"inLanguage":"de"},{"@type":"Organization","@id":"https:\/\/schoenstatt.com\/de\/#organization","name":"Schoenstatt","url":"https:\/\/schoenstatt.com\/de\/","logo":{"@type":"ImageObject","inLanguage":"de","@id":"https:\/\/schoenstatt.com\/de\/#\/schema\/logo\/image\/","url":"https:\/\/schoenstatt.com\/wp-content\/uploads\/2025\/04\/logo-schoenstatt-white-696x696-1.png","contentUrl":"https:\/\/schoenstatt.com\/wp-content\/uploads\/2025\/04\/logo-schoenstatt-white-696x696-1.png","width":696,"height":694,"caption":"Schoenstatt"},"image":{"@id":"https:\/\/schoenstatt.com\/de\/#\/schema\/logo\/image\/"}},{"@type":"Person","@id":"https:\/\/schoenstatt.com\/de\/#\/schema\/person\/5158877ad4acae98b34daaeef2a1ce6e","name":"Karen Bueno","image":{"@type":"ImageObject","inLanguage":"de","@id":"https:\/\/secure.gravatar.com\/avatar\/f9f4b823873154269d2b2130f195f6d41037dd0d7fc5f3cacb5c846bae70d66b?s=96&d=mm&r=g","url":"https:\/\/secure.gravatar.com\/avatar\/f9f4b823873154269d2b2130f195f6d41037dd0d7fc5f3cacb5c846bae70d66b?s=96&d=mm&r=g","contentUrl":"https:\/\/secure.gravatar.com\/avatar\/f9f4b823873154269d2b2130f195f6d41037dd0d7fc5f3cacb5c846bae70d66b?s=96&d=mm&r=g","caption":"Karen Bueno"},"url":"https:\/\/schoenstatt.com\/de\/author\/karen-bueno\/"}]}},"_links":{"self":[{"href":"https:\/\/schoenstatt.com\/de\/wp-json\/wp\/v2\/posts\/67215","targetHints":{"allow":["GET"]}}],"collection":[{"href":"https:\/\/schoenstatt.com\/de\/wp-json\/wp\/v2\/posts"}],"about":[{"href":"https:\/\/schoenstatt.com\/de\/wp-json\/wp\/v2\/types\/post"}],"author":[{"embeddable":true,"href":"https:\/\/schoenstatt.com\/de\/wp-json\/wp\/v2\/users\/3"}],"replies":[{"embeddable":true,"href":"https:\/\/schoenstatt.com\/de\/wp-json\/wp\/v2\/comments?post=67215"}],"version-history":[{"count":5,"href":"https:\/\/schoenstatt.com\/de\/wp-json\/wp\/v2\/posts\/67215\/revisions"}],"predecessor-version":[{"id":67225,"href":"https:\/\/schoenstatt.com\/de\/wp-json\/wp\/v2\/posts\/67215\/revisions\/67225"}],"wp:featuredmedia":[{"embeddable":true,"href":"https:\/\/schoenstatt.com\/de\/wp-json\/wp\/v2\/media\/60858"}],"wp:attachment":[{"href":"https:\/\/schoenstatt.com\/de\/wp-json\/wp\/v2\/media?parent=67215"}],"wp:term":[{"taxonomy":"category","embeddable":true,"href":"https:\/\/schoenstatt.com\/de\/wp-json\/wp\/v2\/categories?post=67215"},{"taxonomy":"post_tag","embeddable":true,"href":"https:\/\/schoenstatt.com\/de\/wp-json\/wp\/v2\/tags?post=67215"}],"curies":[{"name":"wp","href":"https:\/\/api.w.org\/{rel}","templated":true}]}}