{"id":67102,"date":"2025-12-11T03:53:00","date_gmt":"2025-12-11T02:53:00","guid":{"rendered":"https:\/\/schoenstatt.com\/?p=67102"},"modified":"2025-12-12T14:11:46","modified_gmt":"2025-12-12T13:11:46","slug":"gefaehrdete-bindungen-und-das-wort-des-jahres","status":"publish","type":"post","link":"https:\/\/schoenstatt.com\/de\/gefaehrdete-bindungen-und-das-wort-des-jahres\/","title":{"rendered":"Gef\u00e4hrdete Bindungen und das Wort des Jahres"},"content":{"rendered":"\n<p>Jedes Jahr w\u00e4hlen die gro\u00dfen Online-W\u00f6rterb\u00fccher ein repr\u00e4sentatives Wort. <strong>2023 war es \u201ePolarisierung\u201d<\/strong>, <strong>2024 \u201ebrain rot\u201d <\/strong>(Gehirnf\u00e4ule) <strong>und dieses Jahr \u201eparasocial\u201d<\/strong>. Diese Entscheidungen zeichnen gemeinsam ein aufschlussreiches Bild unserer Zeit. Die ma\u00dfgebliche Institution f\u00fcr die spanische Sprache Real Academia Espa\u00f1ola (RAE) sowie die britischen Oxford- und Cambridge-W\u00f6rterb\u00fccher haben durch ihre j\u00e4hrlichen Wortwahlen nach und nach aufgezeigt, dass sich unsere Umgangs-, Denk- und Empfindungsweise im digitalen Umfeld tiefgreifend wandelt.<\/p>\n\n\n\n<p>Die Polarisierung, die von der RAE 2023 hervorgehoben wurde, spiegelte eine fragmentierte Gesellschaft wider, in der sich Ideen in gegens\u00e4tzlichen Lagern gegen\u00fcberstanden. Ein Ph\u00e4nomen, das durch die Algorithmen der sozialen Netzwerke vorangetrieben wird, die Trends erkennen, sie verst\u00e4rken oder sie oft k\u00fcnstlich in den Vordergrund r\u00fccken und dabei Konflikte statt Konsens beg\u00fcnstigen.<\/p>\n\n\n\n<p>F\u00fcr 2024 w\u00e4hlte Oxford ein anderes Wort: \u201ebrain rot\u201d oder Gehirnf\u00e4ule. Es bezieht sich auf den kognitiven Verfall, der auf den massiven Konsum oberfl\u00e4chlicher digitaler Inhalte zur\u00fcckgef\u00fchrt wird, und entfachte erneut die Debatte \u00fcber die Regulierung von KI und Qualit\u00e4tsstandards.<\/p>\n\n\n\n<p>In diesem Jahr 2025 vervollst\u00e4ndigt das Cambridge Dictionary, dessen Website von Millionen Nutzern besucht wird, das Bild mit dem Wort <strong>\u201eparasocial\u201d,<\/strong> das Verbindungen beschreibt, bei denen sich jemand Personen nahe f\u00fchlt, die ihn nicht kennen \u2013 von Film-, Musik- und Sportstars \u00fcber Influencer bis hin zu k\u00fcnstlicher Intelligenz. Die Illusion der N\u00e4he beruht auf einer v\u00f6llig einseitigen Beziehung, in der der Empf\u00e4nger \u2013 S\u00e4nger, Schauspieler oder Sportler \u2013 nichts von seinem Gegen\u00fcber wei\u00df. Es ist nur eine weitere Nummer in seinem riesigen Netzwerk von Anh\u00e4ngern.<\/p>\n\n\n\n<p>Das Wort \u201eparasocial\u201c ist nicht neu. Erstmals tauchte es 1956 auf, um zu beschreiben, wie Zuschauer illusorische Bindungen zu Fernsehpers\u00f6nlichkeiten aufbauten. Sieben Jahrzehnte sp\u00e4ter haben digitale Plattformen und k\u00fcnstliche Intelligenz diesen Effekt exponentiell verst\u00e4rkt. Heute sammeln Prominente und bekannte Pers\u00f6nlichkeiten Anh\u00e4nger, die wirklich glauben, sie zu \u201ekennen\u201d, aber einer T\u00e4uschung unterliegen, die zu Frustrationen und gr\u00f6\u00dferer Vereinsamung f\u00fchren kann. Aber die Entwicklung schreitet voran: Virtuelle Assistenten wie Alexa oder Siri und Chatbots wie ChatGPT sind zu allt\u00e4glichen Begleitern geworden. Ihre zunehmende Raffinesse macht sie f\u00fcr manche Nutzer zu best\u00e4ndigeren Begleitern als ihre menschlichen Beziehungen.<\/p>\n\n\n\n<p>Vor diesem Hintergrund ver\u00f6ffentlichte das Dikasterium f\u00fcr die Glaubenslehre im Januar das Dokument Antiqua et nova \u00fcber das Verh\u00e4ltnis von k\u00fcnstlicher Intelligenz und menschlicher Intelligenz. Die Kirche lobt zwar die offensichtlichen Vorteile des technologischen Fortschritts, betont jedoch, dass KI ein Werkzeug f\u00fcr die menschliche Entwicklung sein muss und niemals ein Ersatz.<\/p>\n\n\n\n<p>W\u00e4hrend Plattformen Aufmerksamkeit kommerzialisieren und Technologieunternehmen sofortige k\u00fcnstliche Begleitung versprechen, deutet alles darauf hin, dass menschliche Beziehungen \u2013 echte, freie und wechselseitige \u2013 einen einzigartigen Wert behalten.<strong> In einer Welt paralleler Verbindungen, in der authentische Beziehungen neben digitalen Ersatzmitteln existieren, dient die Wahl von \u201eparasocial\u201d zum Wort des Jahres als Mahnung: Technologie kann zwar vermitteln, aber niemals die Bindungen ersetzen, die uns zu vollwertigen Menschen machen.<\/strong><\/p>\n\n\n\n<figure class=\"wp-block-pullquote has-medium-font-size\" style=\"border-top-color:var(--wp--preset--color--luminous-vivid-orange);border-top-style:solid;border-top-width:1px;border-bottom-color:var(--wp--preset--color--luminous-vivid-orange);border-bottom-style:solid;border-bottom-width:1px;font-style:italic;font-weight:300\"><blockquote><p>\u201eWir m\u00fcssen den Menschen wieder allseits bindungsf\u00e4hig, das hei\u00dft f\u00e4hig und gewillt f\u00fcr innere Bindung an Ort und Ding und Idee, wir m\u00fcssen ihn vor allem tief innerlich wieder personal gemeinschaftsf\u00e4hig machen. Wer diese Aufgabe in Erziehung und Seelsorge ganz oder teilweise \u00fcbersieht, baut seine Reformpl\u00e4ne auf Sand auf.\u201d<\/p><cite>(Kentenich, Josef: Maria, Mutter und Erzieherin, 1954, Sch\u00f6nstatt-Verlag: Vallendar-Sch\u00f6nstatt, 1986, S. 407).<\/cite><\/blockquote><\/figure>\n\n\n\n<p><strong>Quelle: <\/strong>Zeitschrift Revista V\u00ednculo, Nr. 397, Dezember 2025.<\/p>\n\n\n\n<p><strong>\u00dcbersetzung: <\/strong>Sr. Carola Maria Tremmel<\/p>\n","protected":false},"excerpt":{"rendered":"<p>Das britische \u201eWort des Jahres\u201d 2025 fordert uns dazu auf, echte Bindungen zu pflegen und unsere Beziehungen in der heutigen Zeit zu \u00fcberdenken.<\/p>\n","protected":false},"author":3,"featured_media":67064,"comment_status":"closed","ping_status":"closed","sticky":false,"template":"","format":"standard","meta":{"footnotes":""},"categories":[910],"tags":[],"class_list":["post-67102","post","type-post","status-publish","format-standard","has-post-thumbnail","hentry","category-gesellschaft-de"],"yoast_head":"<!-- This site is optimized with the Yoast SEO Premium plugin v27.4 (Yoast SEO v27.5) - https:\/\/yoast.com\/product\/yoast-seo-premium-wordpress\/ -->\n<title>Gef\u00e4hrdete Bindungen und das Wort des Jahres - Schoenstatt<\/title>\n<meta name=\"description\" content=\"Das britische \u201eWort des Jahres\u201d 2025 fordert uns dazu auf, echte Bindungen zu pflegen und unsere Beziehungen in der heutigen Zeit zu \u00fcberdenken.\" \/>\n<meta name=\"robots\" content=\"index, follow, max-snippet:-1, max-image-preview:large, max-video-preview:-1\" \/>\n<link rel=\"canonical\" href=\"https:\/\/schoenstatt.com\/de\/gefaehrdete-bindungen-und-das-wort-des-jahres\/\" \/>\n<meta property=\"og:locale\" content=\"de_DE\" \/>\n<meta property=\"og:type\" content=\"article\" \/>\n<meta property=\"og:title\" content=\"Gef\u00e4hrdete Bindungen und das Wort des Jahres\" \/>\n<meta property=\"og:description\" content=\"Das britische \u201eWort des Jahres\u201d 2025 fordert uns dazu auf, echte Bindungen zu pflegen und unsere Beziehungen in der heutigen Zeit zu \u00fcberdenken.\" \/>\n<meta property=\"og:url\" content=\"https:\/\/schoenstatt.com\/de\/gefaehrdete-bindungen-und-das-wort-des-jahres\/\" \/>\n<meta property=\"og:site_name\" content=\"Schoenstatt\" \/>\n<meta property=\"article:published_time\" content=\"2025-12-11T02:53:00+00:00\" \/>\n<meta property=\"article:modified_time\" content=\"2025-12-12T13:11:46+00:00\" \/>\n<meta property=\"og:image\" content=\"https:\/\/schoenstatt.com\/wp-content\/uploads\/2025\/12\/vinculos-schoenstatt-youth.webp\" \/>\n\t<meta property=\"og:image:width\" content=\"2048\" \/>\n\t<meta property=\"og:image:height\" content=\"1365\" \/>\n\t<meta property=\"og:image:type\" content=\"image\/jpeg\" \/>\n<meta name=\"author\" content=\"Karen Bueno\" \/>\n<meta name=\"twitter:card\" content=\"summary_large_image\" \/>\n<meta name=\"twitter:label1\" content=\"Verfasst von\" \/>\n\t<meta name=\"twitter:data1\" content=\"Karen Bueno\" \/>\n\t<meta name=\"twitter:label2\" content=\"Gesch\u00e4tzte Lesezeit\" \/>\n\t<meta name=\"twitter:data2\" content=\"3\u00a0Minuten\" \/>\n<script type=\"application\/ld+json\" class=\"yoast-schema-graph\">{\"@context\":\"https:\\\/\\\/schema.org\",\"@graph\":[{\"@type\":\"Article\",\"@id\":\"https:\\\/\\\/schoenstatt.com\\\/de\\\/gefaehrdete-bindungen-und-das-wort-des-jahres\\\/#article\",\"isPartOf\":{\"@id\":\"https:\\\/\\\/schoenstatt.com\\\/de\\\/gefaehrdete-bindungen-und-das-wort-des-jahres\\\/\"},\"author\":{\"name\":\"Karen Bueno\",\"@id\":\"https:\\\/\\\/schoenstatt.com\\\/de\\\/#\\\/schema\\\/person\\\/5158877ad4acae98b34daaeef2a1ce6e\"},\"headline\":\"Gef\u00e4hrdete Bindungen und das Wort des Jahres\",\"datePublished\":\"2025-12-11T02:53:00+00:00\",\"dateModified\":\"2025-12-12T13:11:46+00:00\",\"mainEntityOfPage\":{\"@id\":\"https:\\\/\\\/schoenstatt.com\\\/de\\\/gefaehrdete-bindungen-und-das-wort-des-jahres\\\/\"},\"wordCount\":587,\"publisher\":{\"@id\":\"https:\\\/\\\/schoenstatt.com\\\/de\\\/#organization\"},\"image\":{\"@id\":\"https:\\\/\\\/schoenstatt.com\\\/de\\\/gefaehrdete-bindungen-und-das-wort-des-jahres\\\/#primaryimage\"},\"thumbnailUrl\":\"https:\\\/\\\/schoenstatt.com\\\/wp-content\\\/uploads\\\/2025\\\/12\\\/vinculos-schoenstatt-youth.webp\",\"articleSection\":[\"Gesellschaft\"],\"inLanguage\":\"de\"},{\"@type\":\"WebPage\",\"@id\":\"https:\\\/\\\/schoenstatt.com\\\/de\\\/gefaehrdete-bindungen-und-das-wort-des-jahres\\\/\",\"url\":\"https:\\\/\\\/schoenstatt.com\\\/de\\\/gefaehrdete-bindungen-und-das-wort-des-jahres\\\/\",\"name\":\"Gef\u00e4hrdete Bindungen und das Wort des Jahres - Schoenstatt\",\"isPartOf\":{\"@id\":\"https:\\\/\\\/schoenstatt.com\\\/de\\\/#website\"},\"primaryImageOfPage\":{\"@id\":\"https:\\\/\\\/schoenstatt.com\\\/de\\\/gefaehrdete-bindungen-und-das-wort-des-jahres\\\/#primaryimage\"},\"image\":{\"@id\":\"https:\\\/\\\/schoenstatt.com\\\/de\\\/gefaehrdete-bindungen-und-das-wort-des-jahres\\\/#primaryimage\"},\"thumbnailUrl\":\"https:\\\/\\\/schoenstatt.com\\\/wp-content\\\/uploads\\\/2025\\\/12\\\/vinculos-schoenstatt-youth.webp\",\"datePublished\":\"2025-12-11T02:53:00+00:00\",\"dateModified\":\"2025-12-12T13:11:46+00:00\",\"description\":\"Das britische \u201eWort des Jahres\u201d 2025 fordert uns dazu auf, echte Bindungen zu pflegen und unsere Beziehungen in der heutigen Zeit zu \u00fcberdenken.\",\"breadcrumb\":{\"@id\":\"https:\\\/\\\/schoenstatt.com\\\/de\\\/gefaehrdete-bindungen-und-das-wort-des-jahres\\\/#breadcrumb\"},\"inLanguage\":\"de\",\"potentialAction\":[{\"@type\":\"ReadAction\",\"target\":[\"https:\\\/\\\/schoenstatt.com\\\/de\\\/gefaehrdete-bindungen-und-das-wort-des-jahres\\\/\"]}]},{\"@type\":\"ImageObject\",\"inLanguage\":\"de\",\"@id\":\"https:\\\/\\\/schoenstatt.com\\\/de\\\/gefaehrdete-bindungen-und-das-wort-des-jahres\\\/#primaryimage\",\"url\":\"https:\\\/\\\/schoenstatt.com\\\/wp-content\\\/uploads\\\/2025\\\/12\\\/vinculos-schoenstatt-youth.webp\",\"contentUrl\":\"https:\\\/\\\/schoenstatt.com\\\/wp-content\\\/uploads\\\/2025\\\/12\\\/vinculos-schoenstatt-youth.webp\",\"width\":2048,\"height\":1365},{\"@type\":\"BreadcrumbList\",\"@id\":\"https:\\\/\\\/schoenstatt.com\\\/de\\\/gefaehrdete-bindungen-und-das-wort-des-jahres\\\/#breadcrumb\",\"itemListElement\":[{\"@type\":\"ListItem\",\"position\":1,\"name\":\"Portada\",\"item\":\"https:\\\/\\\/schoenstatt.com\\\/de\\\/home\\\/\"},{\"@type\":\"ListItem\",\"position\":2,\"name\":\"Gef\u00e4hrdete Bindungen und das Wort des Jahres\"}]},{\"@type\":\"WebSite\",\"@id\":\"https:\\\/\\\/schoenstatt.com\\\/de\\\/#website\",\"url\":\"https:\\\/\\\/schoenstatt.com\\\/de\\\/\",\"name\":\"Schoenstatt\",\"description\":\"Apostolic Movement\",\"publisher\":{\"@id\":\"https:\\\/\\\/schoenstatt.com\\\/de\\\/#organization\"},\"potentialAction\":[{\"@type\":\"SearchAction\",\"target\":{\"@type\":\"EntryPoint\",\"urlTemplate\":\"https:\\\/\\\/schoenstatt.com\\\/de\\\/?s={search_term_string}\"},\"query-input\":{\"@type\":\"PropertyValueSpecification\",\"valueRequired\":true,\"valueName\":\"search_term_string\"}}],\"inLanguage\":\"de\"},{\"@type\":\"Organization\",\"@id\":\"https:\\\/\\\/schoenstatt.com\\\/de\\\/#organization\",\"name\":\"Schoenstatt\",\"url\":\"https:\\\/\\\/schoenstatt.com\\\/de\\\/\",\"logo\":{\"@type\":\"ImageObject\",\"inLanguage\":\"de\",\"@id\":\"https:\\\/\\\/schoenstatt.com\\\/de\\\/#\\\/schema\\\/logo\\\/image\\\/\",\"url\":\"https:\\\/\\\/schoenstatt.com\\\/wp-content\\\/uploads\\\/2025\\\/04\\\/logo-schoenstatt-white-696x696-1.png\",\"contentUrl\":\"https:\\\/\\\/schoenstatt.com\\\/wp-content\\\/uploads\\\/2025\\\/04\\\/logo-schoenstatt-white-696x696-1.png\",\"width\":696,\"height\":694,\"caption\":\"Schoenstatt\"},\"image\":{\"@id\":\"https:\\\/\\\/schoenstatt.com\\\/de\\\/#\\\/schema\\\/logo\\\/image\\\/\"}},{\"@type\":\"Person\",\"@id\":\"https:\\\/\\\/schoenstatt.com\\\/de\\\/#\\\/schema\\\/person\\\/5158877ad4acae98b34daaeef2a1ce6e\",\"name\":\"Karen Bueno\",\"image\":{\"@type\":\"ImageObject\",\"inLanguage\":\"de\",\"@id\":\"https:\\\/\\\/secure.gravatar.com\\\/avatar\\\/f9f4b823873154269d2b2130f195f6d41037dd0d7fc5f3cacb5c846bae70d66b?s=96&d=mm&r=g\",\"url\":\"https:\\\/\\\/secure.gravatar.com\\\/avatar\\\/f9f4b823873154269d2b2130f195f6d41037dd0d7fc5f3cacb5c846bae70d66b?s=96&d=mm&r=g\",\"contentUrl\":\"https:\\\/\\\/secure.gravatar.com\\\/avatar\\\/f9f4b823873154269d2b2130f195f6d41037dd0d7fc5f3cacb5c846bae70d66b?s=96&d=mm&r=g\",\"caption\":\"Karen Bueno\"},\"url\":\"https:\\\/\\\/schoenstatt.com\\\/de\\\/author\\\/karen-bueno\\\/\"}]}<\/script>\n<!-- \/ Yoast SEO Premium plugin. -->","yoast_head_json":{"title":"Gef\u00e4hrdete Bindungen und das Wort des Jahres - Schoenstatt","description":"Das britische \u201eWort des Jahres\u201d 2025 fordert uns dazu auf, echte Bindungen zu pflegen und unsere Beziehungen in der heutigen Zeit zu \u00fcberdenken.","robots":{"index":"index","follow":"follow","max-snippet":"max-snippet:-1","max-image-preview":"max-image-preview:large","max-video-preview":"max-video-preview:-1"},"canonical":"https:\/\/schoenstatt.com\/de\/gefaehrdete-bindungen-und-das-wort-des-jahres\/","og_locale":"de_DE","og_type":"article","og_title":"Gef\u00e4hrdete Bindungen und das Wort des Jahres","og_description":"Das britische \u201eWort des Jahres\u201d 2025 fordert uns dazu auf, echte Bindungen zu pflegen und unsere Beziehungen in der heutigen Zeit zu \u00fcberdenken.","og_url":"https:\/\/schoenstatt.com\/de\/gefaehrdete-bindungen-und-das-wort-des-jahres\/","og_site_name":"Schoenstatt","article_published_time":"2025-12-11T02:53:00+00:00","article_modified_time":"2025-12-12T13:11:46+00:00","og_image":[{"url":"https:\/\/schoenstatt.com\/wp-content\/uploads\/2025\/12\/vinculos-schoenstatt-youth.webp","width":2048,"height":1365,"type":"image\/jpeg"}],"author":"Karen Bueno","twitter_card":"summary_large_image","twitter_misc":{"Verfasst von":"Karen Bueno","Gesch\u00e4tzte Lesezeit":"3\u00a0Minuten"},"schema":{"@context":"https:\/\/schema.org","@graph":[{"@type":"Article","@id":"https:\/\/schoenstatt.com\/de\/gefaehrdete-bindungen-und-das-wort-des-jahres\/#article","isPartOf":{"@id":"https:\/\/schoenstatt.com\/de\/gefaehrdete-bindungen-und-das-wort-des-jahres\/"},"author":{"name":"Karen Bueno","@id":"https:\/\/schoenstatt.com\/de\/#\/schema\/person\/5158877ad4acae98b34daaeef2a1ce6e"},"headline":"Gef\u00e4hrdete Bindungen und das Wort des Jahres","datePublished":"2025-12-11T02:53:00+00:00","dateModified":"2025-12-12T13:11:46+00:00","mainEntityOfPage":{"@id":"https:\/\/schoenstatt.com\/de\/gefaehrdete-bindungen-und-das-wort-des-jahres\/"},"wordCount":587,"publisher":{"@id":"https:\/\/schoenstatt.com\/de\/#organization"},"image":{"@id":"https:\/\/schoenstatt.com\/de\/gefaehrdete-bindungen-und-das-wort-des-jahres\/#primaryimage"},"thumbnailUrl":"https:\/\/schoenstatt.com\/wp-content\/uploads\/2025\/12\/vinculos-schoenstatt-youth.webp","articleSection":["Gesellschaft"],"inLanguage":"de"},{"@type":"WebPage","@id":"https:\/\/schoenstatt.com\/de\/gefaehrdete-bindungen-und-das-wort-des-jahres\/","url":"https:\/\/schoenstatt.com\/de\/gefaehrdete-bindungen-und-das-wort-des-jahres\/","name":"Gef\u00e4hrdete Bindungen und das Wort des Jahres - Schoenstatt","isPartOf":{"@id":"https:\/\/schoenstatt.com\/de\/#website"},"primaryImageOfPage":{"@id":"https:\/\/schoenstatt.com\/de\/gefaehrdete-bindungen-und-das-wort-des-jahres\/#primaryimage"},"image":{"@id":"https:\/\/schoenstatt.com\/de\/gefaehrdete-bindungen-und-das-wort-des-jahres\/#primaryimage"},"thumbnailUrl":"https:\/\/schoenstatt.com\/wp-content\/uploads\/2025\/12\/vinculos-schoenstatt-youth.webp","datePublished":"2025-12-11T02:53:00+00:00","dateModified":"2025-12-12T13:11:46+00:00","description":"Das britische \u201eWort des Jahres\u201d 2025 fordert uns dazu auf, echte Bindungen zu pflegen und unsere Beziehungen in der heutigen Zeit zu \u00fcberdenken.","breadcrumb":{"@id":"https:\/\/schoenstatt.com\/de\/gefaehrdete-bindungen-und-das-wort-des-jahres\/#breadcrumb"},"inLanguage":"de","potentialAction":[{"@type":"ReadAction","target":["https:\/\/schoenstatt.com\/de\/gefaehrdete-bindungen-und-das-wort-des-jahres\/"]}]},{"@type":"ImageObject","inLanguage":"de","@id":"https:\/\/schoenstatt.com\/de\/gefaehrdete-bindungen-und-das-wort-des-jahres\/#primaryimage","url":"https:\/\/schoenstatt.com\/wp-content\/uploads\/2025\/12\/vinculos-schoenstatt-youth.webp","contentUrl":"https:\/\/schoenstatt.com\/wp-content\/uploads\/2025\/12\/vinculos-schoenstatt-youth.webp","width":2048,"height":1365},{"@type":"BreadcrumbList","@id":"https:\/\/schoenstatt.com\/de\/gefaehrdete-bindungen-und-das-wort-des-jahres\/#breadcrumb","itemListElement":[{"@type":"ListItem","position":1,"name":"Portada","item":"https:\/\/schoenstatt.com\/de\/home\/"},{"@type":"ListItem","position":2,"name":"Gef\u00e4hrdete Bindungen und das Wort des Jahres"}]},{"@type":"WebSite","@id":"https:\/\/schoenstatt.com\/de\/#website","url":"https:\/\/schoenstatt.com\/de\/","name":"Schoenstatt","description":"Apostolic Movement","publisher":{"@id":"https:\/\/schoenstatt.com\/de\/#organization"},"potentialAction":[{"@type":"SearchAction","target":{"@type":"EntryPoint","urlTemplate":"https:\/\/schoenstatt.com\/de\/?s={search_term_string}"},"query-input":{"@type":"PropertyValueSpecification","valueRequired":true,"valueName":"search_term_string"}}],"inLanguage":"de"},{"@type":"Organization","@id":"https:\/\/schoenstatt.com\/de\/#organization","name":"Schoenstatt","url":"https:\/\/schoenstatt.com\/de\/","logo":{"@type":"ImageObject","inLanguage":"de","@id":"https:\/\/schoenstatt.com\/de\/#\/schema\/logo\/image\/","url":"https:\/\/schoenstatt.com\/wp-content\/uploads\/2025\/04\/logo-schoenstatt-white-696x696-1.png","contentUrl":"https:\/\/schoenstatt.com\/wp-content\/uploads\/2025\/04\/logo-schoenstatt-white-696x696-1.png","width":696,"height":694,"caption":"Schoenstatt"},"image":{"@id":"https:\/\/schoenstatt.com\/de\/#\/schema\/logo\/image\/"}},{"@type":"Person","@id":"https:\/\/schoenstatt.com\/de\/#\/schema\/person\/5158877ad4acae98b34daaeef2a1ce6e","name":"Karen Bueno","image":{"@type":"ImageObject","inLanguage":"de","@id":"https:\/\/secure.gravatar.com\/avatar\/f9f4b823873154269d2b2130f195f6d41037dd0d7fc5f3cacb5c846bae70d66b?s=96&d=mm&r=g","url":"https:\/\/secure.gravatar.com\/avatar\/f9f4b823873154269d2b2130f195f6d41037dd0d7fc5f3cacb5c846bae70d66b?s=96&d=mm&r=g","contentUrl":"https:\/\/secure.gravatar.com\/avatar\/f9f4b823873154269d2b2130f195f6d41037dd0d7fc5f3cacb5c846bae70d66b?s=96&d=mm&r=g","caption":"Karen Bueno"},"url":"https:\/\/schoenstatt.com\/de\/author\/karen-bueno\/"}]}},"_links":{"self":[{"href":"https:\/\/schoenstatt.com\/de\/wp-json\/wp\/v2\/posts\/67102","targetHints":{"allow":["GET"]}}],"collection":[{"href":"https:\/\/schoenstatt.com\/de\/wp-json\/wp\/v2\/posts"}],"about":[{"href":"https:\/\/schoenstatt.com\/de\/wp-json\/wp\/v2\/types\/post"}],"author":[{"embeddable":true,"href":"https:\/\/schoenstatt.com\/de\/wp-json\/wp\/v2\/users\/3"}],"replies":[{"embeddable":true,"href":"https:\/\/schoenstatt.com\/de\/wp-json\/wp\/v2\/comments?post=67102"}],"version-history":[{"count":2,"href":"https:\/\/schoenstatt.com\/de\/wp-json\/wp\/v2\/posts\/67102\/revisions"}],"predecessor-version":[{"id":67104,"href":"https:\/\/schoenstatt.com\/de\/wp-json\/wp\/v2\/posts\/67102\/revisions\/67104"}],"wp:featuredmedia":[{"embeddable":true,"href":"https:\/\/schoenstatt.com\/de\/wp-json\/wp\/v2\/media\/67064"}],"wp:attachment":[{"href":"https:\/\/schoenstatt.com\/de\/wp-json\/wp\/v2\/media?parent=67102"}],"wp:term":[{"taxonomy":"category","embeddable":true,"href":"https:\/\/schoenstatt.com\/de\/wp-json\/wp\/v2\/categories?post=67102"},{"taxonomy":"post_tag","embeddable":true,"href":"https:\/\/schoenstatt.com\/de\/wp-json\/wp\/v2\/tags?post=67102"}],"curies":[{"name":"wp","href":"https:\/\/api.w.org\/{rel}","templated":true}]}}