{"id":67099,"date":"2025-12-12T13:02:32","date_gmt":"2025-12-12T12:02:32","guid":{"rendered":"https:\/\/schoenstatt.com\/?p=67099"},"modified":"2025-12-12T14:02:26","modified_gmt":"2025-12-12T13:02:26","slug":"maria-von-guadalupe-licht-der-hoffnung-in-der-dunkelheit-unserer-zeit","status":"publish","type":"post","link":"https:\/\/schoenstatt.com\/de\/maria-von-guadalupe-licht-der-hoffnung-in-der-dunkelheit-unserer-zeit\/","title":{"rendered":"Maria von Guadalupe, Licht der Hoffnung in der Dunkelheit unserer Zeit"},"content":{"rendered":"\n<p>Der 12. Dezember ist ein Tag der Freude und Hoffnung, an dem die katholische Kirche die Erscheinungen der Jungfrau von Guadalupe feiert. Von Mexiko aus hat sich die Verehrung der Gottesmutter von Guadalupe \u00fcber die Grenzen hinweg verbreitet und eine universelle Botschaft der Einheit und des Friedens vermittelt.<\/p>\n\n\n\n<p>In Guadalupe vermittelt die heilige Jungfrau Hoffnung und ist ein Symbol f\u00fcr Einheit, Schutz und Trost in schwierigen Zeiten. Sie ist ein Leuchtfeuer des Glaubens, das zu Vers\u00f6hnung, Gerechtigkeit und Beharrlichkeit angesichts von Widrigkeiten inspiriert. In ihrer historischen Rolle sticht sie als Hoffnungstr\u00e4gerin f\u00fcr das mexikanische Volk und f\u00fcr viele andere V\u00f6lker hervor. Mit ihrer Botschaft von Liebe, Barmherzigkeit und Frieden zieht sie alle zu Christus.<\/p>\n\n\n\n<figure class=\"wp-block-image size-full\"><img decoding=\"async\" src=\"https:\/\/schoenstatt.com\/wp-content\/uploads\/2025\/12\/guadalupe-3.jpg\" alt=\"\" class=\"wp-image-67085\"\/><\/figure>\n\n\n\n<h3 class=\"wp-block-heading\" id=\"h-symbol-der-hoffnung\">Symbol der Hoffnung<\/h3>\n\n\n\n<p>Die Erscheinung Mariens auf dem H\u00fcgel von Tepeyac ereignete sich 10 Jahre nach der Eroberung Mexikos, inmitten eines Klimas des kulturellen Bruchs, des Schmerzes, des Misstrauens und der Spannungen zwischen Spaniern und Indigenen. Als sie erschien, sprach sie in<em> Nahuatl<\/em>, der Sprache des eroberten Volkes, und stellte sich als Mutter aller vor.<\/p>\n\n\n\n<p>Die <em>\u201eNican Mopohua\u201c<\/em>, der Bericht \u00fcber die Erscheinungen der heiligen Jungfrau von Guadalupe, tr\u00e4gt diesen Namen, weil er im<em> Nahuatl<\/em>-Text mit diesen Worten beginnt, die \u201eHier wird erz\u00e4hlt\u201c bedeuten. Wir lesen, wie sie sich Juan Diego gegen\u00fcber ausdr\u00fcckt:<\/p>\n\n\n\n<p><em>NM 12. &#8211; \u201eMein Juanito, mein Juan Dieguito\u2026 Ich bin die vollkommene, immer jungfr\u00e4uliche heilige Maria, und ich habe das Privileg, die Mutter des wahren Gottes zu sein, f\u00fcr den wir leben.\u201d<\/em><\/p>\n\n\n\n<p><em>NM 119. &#8211; \u201eBin ich nicht hier, ich, die ich deine Mutter bin? Was, bist du nicht in meinem Scho\u00df, und l\u00e4ufst du f\u00fcr mich? Brauchst du noch etwas anderes? 120. &#8211; Bitte, lass dich von nichts anderes beunruhigen.\u201c<\/em><\/p>\n\n\n\n<p>Diese Rede entsteht in einer Zeit der Not f\u00fcr Juan Diego, der sich um die Krankheit seines Onkels sorgt. Die Jungfrau Maria antwortet darauf mit:<\/p>\n\n\n\n<p><strong>Begleitung, m\u00fctterliche Z\u00e4rtlichkeit und Hoffnung angesichts von Krankheit und Angst.<\/strong><\/p>\n\n\n\n<p>Seit Generationen ist diese Szene einer der<strong> spirituell tr\u00f6stlichsten<\/strong> marianischen Texte der Geschichte der Kirche.<\/p>\n\n\n\n<h3 class=\"wp-block-heading\" id=\"h-quelle-der-kraft-und-ausdauer\">Quelle der Kraft und Ausdauer<\/h3>\n\n\n\n<p>Nachdem Maria sich ihm als seine Mutter angeboten hat, vertraut sie Juan Diego die Aufgabe an:<\/p>\n\n\n\n<p><em>NM 25. &#8211; \u201eIch liebe dich sehr, ich w\u00fcnsche mir von ganzem Herzen, dass du mir hier einen kleinen Tempel baust.\u201c<\/em><\/p>\n\n\n\n<p><em>NM 32. &#8211; \u201eDenn dort werde ich immer bereit sein, meinen Kindern zuzuh\u00f6ren, ihr Schreien, ihre Traurigkeit, um sie zu reinigen, all ihre verschiedenen N\u00f6te, ihre Sorgen, ihre Schmerzen zu heilen.\u201c<\/em><\/p>\n\n\n\n<h3 class=\"wp-block-heading\" id=\"h-maria-bittet-darum-dass-eine-kirche-gebaut-wird-aber\">Maria bittet darum, dass eine Kirche gebaut wird, aber\u2026<\/h3>\n\n\n\n<p>Das ist keine leichte Aufgabe, denn dazu muss Juan Diego, ein einfacher, ungebildeter Indigener, vor den Bischof treten.<\/p>\n\n\n\n<p><em>NM 33. &#8211; \u201eUm mit Sicherheit auszuf\u00fchren, was Er (Gott) beabsichtigt\u2026 sag ihm, wie gro\u00df und brennend mein Wunsch ist, dass er meinen Tempel auf der Ebene baut. 34. &#8211; Und sei versichert, dass ich dir sehr dankbar sein werde und es dir zur\u00fcckzahlen werde. 35. &#8211; Ich hoffe, du wirst zustimmen, hinzugehen und so freundlich sein, all deine Kraft daf\u00fcr einzusetzen.\u201c<\/em><\/p>\n\n\n\n<p>Juan Diego geht zum Bischof, doch der erste Besuch ist ein Fehlschlag. Also erz\u00e4hlt er der Jungfrau Maria, was geschehen ist. Sie gibt ihm Kraft, erf\u00fcllt ihn mit Hoffnung und bittet ihn, seine Aufgabe fortzuf\u00fchren.<\/p>\n\n\n\n<p><em>NM 59. &#8211; Die Jungfrau sagt zu Juan Diego: \u201e\u2026 es ist unerl\u00e4sslich, dass du es bist, der verhandelt und alles regelt\u2026 60. \u2026 und ich befehle dir streng, morgen wieder zum Bischof zu gehen.\u201c<\/em><\/p>\n\n\n\n<p>Daraufhin kehrt der Indigene zum Bischof zur\u00fcck, der ihn um ein konkretes Zeichen der Gegenwart Marias bittet.<\/p>\n\n\n\n<p><em>NM125. &#8211; Sie geruhte, zu ihm zu sagen: \u201eSteige hinauf, mein liebster Sohn, auf den Gipfel des H\u00fcgels, wo du mich gesehen hast und wo ich dir Befehle gegeben habe. 126. &#8211; Dort wirst du sehen, dass verschiedene Blumen gepflanzt sind: Schneide sie, sammle sie und binde sie zusammen. Dann bringe sie hierher, hierher, vor mich, bringe sie mir \u2026\u201c<\/em><\/p>\n\n\n\n<p>Also f\u00fcllt Juan Diego seine Tilma (seinen Umhang) mit Blumen, die er auf dem Berg, einem Ort mit kargem Boden, gepfl\u00fcckt hat, und bringt sie zum Bischof. Alle sind sehr \u00fcberrascht, als das Bild von Maria von Guadalupe auf der Tilma erscheint.<\/p>\n\n\n\n<p>Ihr Bild vereint indigene Symbolik (der t\u00fcrkisfarbene Umhang, die Nahui-Ollin-Blume, das Band, das die Schwangerschaft symbolisiert) und christliche Symbolik (gemischte europ\u00e4ische Merkmale wie der Morgenstern und die Sonne).<\/p>\n\n\n\n<h3 class=\"wp-block-heading\" id=\"h-versprechen-der-hilfe\">Versprechen der Hilfe<\/h3>\n\n\n\n<p>In der Erz\u00e4hlung ihrer Erscheinungen verspricht die heilige Mutter von Guadalupe allen, die sie suchen und ihr vertrauen, ihre \u201eLiebe, [ihr] Mitgef\u00fchl, [ihre] Hilfe und [ihren] Schutz\u201c und bietet ihnen Linderung von Leid und Ungl\u00fcck.<\/p>\n\n\n\n<p>Sie ist ein Symbol barmherziger Mutterschaft, die auf die \u201eSchreie und Schmerzen\u201d ihres Volkes h\u00f6rt und tiefe Hoffnung und Vertrauen in ihre F\u00fcrsprache weckt.<\/p>\n\n\n\n<p>Die Basilika von Guadalupe bringt alle Menschen zusammen, unabh\u00e4ngig von sozialen, kulturellen oder religi\u00f6sen Unterschieden. Die Erfahrung des Heiligtums selbst ist ein lebendiges Zeichen der Einheit und des Trostes, denn die heilige Mutter zieht alle gleicherma\u00dfen an, h\u00f6rt ihnen zu und umarmt sie. Sie ist ein Symbol f\u00fcr die \u201eMission des Kontinents der Hoffnung\u201d und ermutigt zum Aufbau einer gerechten Gesellschaft.<\/p>\n\n\n\n<figure class=\"wp-block-pullquote has-medium-font-size\" style=\"border-top-color:var(--wp--preset--color--luminous-vivid-orange);border-top-style:solid;border-top-width:1px;border-bottom-color:var(--wp--preset--color--luminous-vivid-orange);border-bottom-style:solid;border-bottom-width:1px;font-style:italic;font-weight:300\"><blockquote><p>\u201eMutter von Guadalupe,<br>leuchtende Pr\u00e4senz in unserer Geschichte,<br>erneuere in uns die Hoffnung,<br>und lehre uns, als Br\u00fcder und Schwestern zu wandeln.<br>M\u00f6ge deine Z\u00e4rtlichkeit uns st\u00e4rken,<br>dein Blick tr\u00f6ste uns,<br>und dein Beispiel m\u00f6ge uns inspirieren, Frieden und Einheit zu schaffen,<br>damit Christus in unseren Herzen regieren kann.\u201c<\/p><cite>Johannes Paul II., 1979<\/cite><\/blockquote><\/figure>\n\n\n\n<p><strong>\u00dcbersetzung:<\/strong> Sr. M. Lourdes Mac\u00edas<br><strong>Lektorat: <\/strong>Hildegard Kaiser<\/p>\n","protected":false},"excerpt":{"rendered":"<p>\u201eBin ich nicht hier, ich, die ich deine Mutter bin?\u201c Das Bild von Guadalupe schenkt uns Hoffnung in Zeiten der Dunkelheit.<\/p>\n","protected":false},"author":3,"featured_media":67081,"comment_status":"closed","ping_status":"closed","sticky":false,"template":"","format":"standard","meta":{"footnotes":""},"categories":[914],"tags":[1185],"class_list":["post-67099","post","type-post","status-publish","format-standard","has-post-thumbnail","hentry","category-spiritualitat-de","tag-schonstatt-mexiko-de"],"yoast_head":"<!-- This site is optimized with the Yoast SEO Premium plugin v27.4 (Yoast SEO v27.4) - https:\/\/yoast.com\/product\/yoast-seo-premium-wordpress\/ -->\n<title>Maria von Guadalupe, Licht der Hoffnung in der Dunkelheit unserer Zeit<\/title>\n<meta name=\"description\" content=\"\u201eBin ich nicht hier, ich, die ich deine Mutter bin?\u201c Das Bild von Guadalupe schenkt uns Hoffnung in Zeiten der Dunkelheit.\" \/>\n<meta name=\"robots\" content=\"index, follow, max-snippet:-1, max-image-preview:large, max-video-preview:-1\" \/>\n<link rel=\"canonical\" href=\"https:\/\/schoenstatt.com\/de\/maria-von-guadalupe-licht-der-hoffnung-in-der-dunkelheit-unserer-zeit\/\" \/>\n<meta property=\"og:locale\" content=\"de_DE\" \/>\n<meta property=\"og:type\" content=\"article\" \/>\n<meta property=\"og:title\" content=\"Maria von Guadalupe, Licht der Hoffnung in der Dunkelheit unserer Zeit\" \/>\n<meta property=\"og:description\" content=\"\u201eBin ich nicht hier, ich, die ich deine Mutter bin?\u201c Das Bild von Guadalupe schenkt uns Hoffnung in Zeiten der Dunkelheit.\" \/>\n<meta property=\"og:url\" content=\"https:\/\/schoenstatt.com\/de\/maria-von-guadalupe-licht-der-hoffnung-in-der-dunkelheit-unserer-zeit\/\" \/>\n<meta property=\"og:site_name\" content=\"Schoenstatt\" \/>\n<meta property=\"article:published_time\" content=\"2025-12-12T12:02:32+00:00\" \/>\n<meta property=\"article:modified_time\" content=\"2025-12-12T13:02:26+00:00\" \/>\n<meta property=\"og:image\" content=\"https:\/\/schoenstatt.com\/wp-content\/uploads\/2025\/12\/guadalupe-2.webp\" \/>\n\t<meta property=\"og:image:width\" content=\"2048\" \/>\n\t<meta property=\"og:image:height\" content=\"1071\" \/>\n\t<meta property=\"og:image:type\" content=\"image\/jpeg\" \/>\n<meta name=\"author\" content=\"Karen Bueno\" \/>\n<meta name=\"twitter:card\" content=\"summary_large_image\" \/>\n<meta name=\"twitter:label1\" content=\"Verfasst von\" \/>\n\t<meta name=\"twitter:data1\" content=\"Karen Bueno\" \/>\n\t<meta name=\"twitter:label2\" content=\"Gesch\u00e4tzte Lesezeit\" \/>\n\t<meta name=\"twitter:data2\" content=\"5\u00a0Minuten\" \/>\n<script type=\"application\/ld+json\" class=\"yoast-schema-graph\">{\"@context\":\"https:\\\/\\\/schema.org\",\"@graph\":[{\"@type\":\"Article\",\"@id\":\"https:\\\/\\\/schoenstatt.com\\\/de\\\/maria-von-guadalupe-licht-der-hoffnung-in-der-dunkelheit-unserer-zeit\\\/#article\",\"isPartOf\":{\"@id\":\"https:\\\/\\\/schoenstatt.com\\\/de\\\/maria-von-guadalupe-licht-der-hoffnung-in-der-dunkelheit-unserer-zeit\\\/\"},\"author\":{\"name\":\"Karen Bueno\",\"@id\":\"https:\\\/\\\/schoenstatt.com\\\/de\\\/#\\\/schema\\\/person\\\/5158877ad4acae98b34daaeef2a1ce6e\"},\"headline\":\"Maria von Guadalupe, Licht der Hoffnung in der Dunkelheit unserer Zeit\",\"datePublished\":\"2025-12-12T12:02:32+00:00\",\"dateModified\":\"2025-12-12T13:02:26+00:00\",\"mainEntityOfPage\":{\"@id\":\"https:\\\/\\\/schoenstatt.com\\\/de\\\/maria-von-guadalupe-licht-der-hoffnung-in-der-dunkelheit-unserer-zeit\\\/\"},\"wordCount\":938,\"publisher\":{\"@id\":\"https:\\\/\\\/schoenstatt.com\\\/de\\\/#organization\"},\"image\":{\"@id\":\"https:\\\/\\\/schoenstatt.com\\\/de\\\/maria-von-guadalupe-licht-der-hoffnung-in-der-dunkelheit-unserer-zeit\\\/#primaryimage\"},\"thumbnailUrl\":\"https:\\\/\\\/schoenstatt.com\\\/wp-content\\\/uploads\\\/2025\\\/12\\\/guadalupe-2.webp\",\"keywords\":[\"Sch\u00f6nstatt Mexiko\"],\"articleSection\":[\"Spiritualit\u00e4t\"],\"inLanguage\":\"de\"},{\"@type\":\"WebPage\",\"@id\":\"https:\\\/\\\/schoenstatt.com\\\/de\\\/maria-von-guadalupe-licht-der-hoffnung-in-der-dunkelheit-unserer-zeit\\\/\",\"url\":\"https:\\\/\\\/schoenstatt.com\\\/de\\\/maria-von-guadalupe-licht-der-hoffnung-in-der-dunkelheit-unserer-zeit\\\/\",\"name\":\"Maria von Guadalupe, Licht der Hoffnung in der Dunkelheit unserer Zeit\",\"isPartOf\":{\"@id\":\"https:\\\/\\\/schoenstatt.com\\\/de\\\/#website\"},\"primaryImageOfPage\":{\"@id\":\"https:\\\/\\\/schoenstatt.com\\\/de\\\/maria-von-guadalupe-licht-der-hoffnung-in-der-dunkelheit-unserer-zeit\\\/#primaryimage\"},\"image\":{\"@id\":\"https:\\\/\\\/schoenstatt.com\\\/de\\\/maria-von-guadalupe-licht-der-hoffnung-in-der-dunkelheit-unserer-zeit\\\/#primaryimage\"},\"thumbnailUrl\":\"https:\\\/\\\/schoenstatt.com\\\/wp-content\\\/uploads\\\/2025\\\/12\\\/guadalupe-2.webp\",\"datePublished\":\"2025-12-12T12:02:32+00:00\",\"dateModified\":\"2025-12-12T13:02:26+00:00\",\"description\":\"\u201eBin ich nicht hier, ich, die ich deine Mutter bin?\u201c Das Bild von Guadalupe schenkt uns Hoffnung in Zeiten der Dunkelheit.\",\"breadcrumb\":{\"@id\":\"https:\\\/\\\/schoenstatt.com\\\/de\\\/maria-von-guadalupe-licht-der-hoffnung-in-der-dunkelheit-unserer-zeit\\\/#breadcrumb\"},\"inLanguage\":\"de\",\"potentialAction\":[{\"@type\":\"ReadAction\",\"target\":[\"https:\\\/\\\/schoenstatt.com\\\/de\\\/maria-von-guadalupe-licht-der-hoffnung-in-der-dunkelheit-unserer-zeit\\\/\"]}]},{\"@type\":\"ImageObject\",\"inLanguage\":\"de\",\"@id\":\"https:\\\/\\\/schoenstatt.com\\\/de\\\/maria-von-guadalupe-licht-der-hoffnung-in-der-dunkelheit-unserer-zeit\\\/#primaryimage\",\"url\":\"https:\\\/\\\/schoenstatt.com\\\/wp-content\\\/uploads\\\/2025\\\/12\\\/guadalupe-2.webp\",\"contentUrl\":\"https:\\\/\\\/schoenstatt.com\\\/wp-content\\\/uploads\\\/2025\\\/12\\\/guadalupe-2.webp\",\"width\":2048,\"height\":1071},{\"@type\":\"BreadcrumbList\",\"@id\":\"https:\\\/\\\/schoenstatt.com\\\/de\\\/maria-von-guadalupe-licht-der-hoffnung-in-der-dunkelheit-unserer-zeit\\\/#breadcrumb\",\"itemListElement\":[{\"@type\":\"ListItem\",\"position\":1,\"name\":\"Portada\",\"item\":\"https:\\\/\\\/schoenstatt.com\\\/de\\\/home\\\/\"},{\"@type\":\"ListItem\",\"position\":2,\"name\":\"Maria von Guadalupe, Licht der Hoffnung in der Dunkelheit unserer Zeit\"}]},{\"@type\":\"WebSite\",\"@id\":\"https:\\\/\\\/schoenstatt.com\\\/de\\\/#website\",\"url\":\"https:\\\/\\\/schoenstatt.com\\\/de\\\/\",\"name\":\"Schoenstatt\",\"description\":\"Apostolic Movement\",\"publisher\":{\"@id\":\"https:\\\/\\\/schoenstatt.com\\\/de\\\/#organization\"},\"potentialAction\":[{\"@type\":\"SearchAction\",\"target\":{\"@type\":\"EntryPoint\",\"urlTemplate\":\"https:\\\/\\\/schoenstatt.com\\\/de\\\/?s={search_term_string}\"},\"query-input\":{\"@type\":\"PropertyValueSpecification\",\"valueRequired\":true,\"valueName\":\"search_term_string\"}}],\"inLanguage\":\"de\"},{\"@type\":\"Organization\",\"@id\":\"https:\\\/\\\/schoenstatt.com\\\/de\\\/#organization\",\"name\":\"Schoenstatt\",\"url\":\"https:\\\/\\\/schoenstatt.com\\\/de\\\/\",\"logo\":{\"@type\":\"ImageObject\",\"inLanguage\":\"de\",\"@id\":\"https:\\\/\\\/schoenstatt.com\\\/de\\\/#\\\/schema\\\/logo\\\/image\\\/\",\"url\":\"https:\\\/\\\/schoenstatt.com\\\/wp-content\\\/uploads\\\/2025\\\/04\\\/logo-schoenstatt-white-696x696-1.png\",\"contentUrl\":\"https:\\\/\\\/schoenstatt.com\\\/wp-content\\\/uploads\\\/2025\\\/04\\\/logo-schoenstatt-white-696x696-1.png\",\"width\":696,\"height\":694,\"caption\":\"Schoenstatt\"},\"image\":{\"@id\":\"https:\\\/\\\/schoenstatt.com\\\/de\\\/#\\\/schema\\\/logo\\\/image\\\/\"}},{\"@type\":\"Person\",\"@id\":\"https:\\\/\\\/schoenstatt.com\\\/de\\\/#\\\/schema\\\/person\\\/5158877ad4acae98b34daaeef2a1ce6e\",\"name\":\"Karen Bueno\",\"image\":{\"@type\":\"ImageObject\",\"inLanguage\":\"de\",\"@id\":\"https:\\\/\\\/secure.gravatar.com\\\/avatar\\\/f9f4b823873154269d2b2130f195f6d41037dd0d7fc5f3cacb5c846bae70d66b?s=96&d=mm&r=g\",\"url\":\"https:\\\/\\\/secure.gravatar.com\\\/avatar\\\/f9f4b823873154269d2b2130f195f6d41037dd0d7fc5f3cacb5c846bae70d66b?s=96&d=mm&r=g\",\"contentUrl\":\"https:\\\/\\\/secure.gravatar.com\\\/avatar\\\/f9f4b823873154269d2b2130f195f6d41037dd0d7fc5f3cacb5c846bae70d66b?s=96&d=mm&r=g\",\"caption\":\"Karen Bueno\"},\"url\":\"https:\\\/\\\/schoenstatt.com\\\/de\\\/author\\\/karen-bueno\\\/\"}]}<\/script>\n<!-- \/ Yoast SEO Premium plugin. -->","yoast_head_json":{"title":"Maria von Guadalupe, Licht der Hoffnung in der Dunkelheit unserer Zeit","description":"\u201eBin ich nicht hier, ich, die ich deine Mutter bin?\u201c Das Bild von Guadalupe schenkt uns Hoffnung in Zeiten der Dunkelheit.","robots":{"index":"index","follow":"follow","max-snippet":"max-snippet:-1","max-image-preview":"max-image-preview:large","max-video-preview":"max-video-preview:-1"},"canonical":"https:\/\/schoenstatt.com\/de\/maria-von-guadalupe-licht-der-hoffnung-in-der-dunkelheit-unserer-zeit\/","og_locale":"de_DE","og_type":"article","og_title":"Maria von Guadalupe, Licht der Hoffnung in der Dunkelheit unserer Zeit","og_description":"\u201eBin ich nicht hier, ich, die ich deine Mutter bin?\u201c Das Bild von Guadalupe schenkt uns Hoffnung in Zeiten der Dunkelheit.","og_url":"https:\/\/schoenstatt.com\/de\/maria-von-guadalupe-licht-der-hoffnung-in-der-dunkelheit-unserer-zeit\/","og_site_name":"Schoenstatt","article_published_time":"2025-12-12T12:02:32+00:00","article_modified_time":"2025-12-12T13:02:26+00:00","og_image":[{"width":2048,"height":1071,"url":"https:\/\/schoenstatt.com\/wp-content\/uploads\/2025\/12\/guadalupe-2.webp","type":"image\/jpeg"}],"author":"Karen Bueno","twitter_card":"summary_large_image","twitter_misc":{"Verfasst von":"Karen Bueno","Gesch\u00e4tzte Lesezeit":"5\u00a0Minuten"},"schema":{"@context":"https:\/\/schema.org","@graph":[{"@type":"Article","@id":"https:\/\/schoenstatt.com\/de\/maria-von-guadalupe-licht-der-hoffnung-in-der-dunkelheit-unserer-zeit\/#article","isPartOf":{"@id":"https:\/\/schoenstatt.com\/de\/maria-von-guadalupe-licht-der-hoffnung-in-der-dunkelheit-unserer-zeit\/"},"author":{"name":"Karen Bueno","@id":"https:\/\/schoenstatt.com\/de\/#\/schema\/person\/5158877ad4acae98b34daaeef2a1ce6e"},"headline":"Maria von Guadalupe, Licht der Hoffnung in der Dunkelheit unserer Zeit","datePublished":"2025-12-12T12:02:32+00:00","dateModified":"2025-12-12T13:02:26+00:00","mainEntityOfPage":{"@id":"https:\/\/schoenstatt.com\/de\/maria-von-guadalupe-licht-der-hoffnung-in-der-dunkelheit-unserer-zeit\/"},"wordCount":938,"publisher":{"@id":"https:\/\/schoenstatt.com\/de\/#organization"},"image":{"@id":"https:\/\/schoenstatt.com\/de\/maria-von-guadalupe-licht-der-hoffnung-in-der-dunkelheit-unserer-zeit\/#primaryimage"},"thumbnailUrl":"https:\/\/schoenstatt.com\/wp-content\/uploads\/2025\/12\/guadalupe-2.webp","keywords":["Sch\u00f6nstatt Mexiko"],"articleSection":["Spiritualit\u00e4t"],"inLanguage":"de"},{"@type":"WebPage","@id":"https:\/\/schoenstatt.com\/de\/maria-von-guadalupe-licht-der-hoffnung-in-der-dunkelheit-unserer-zeit\/","url":"https:\/\/schoenstatt.com\/de\/maria-von-guadalupe-licht-der-hoffnung-in-der-dunkelheit-unserer-zeit\/","name":"Maria von Guadalupe, Licht der Hoffnung in der Dunkelheit unserer Zeit","isPartOf":{"@id":"https:\/\/schoenstatt.com\/de\/#website"},"primaryImageOfPage":{"@id":"https:\/\/schoenstatt.com\/de\/maria-von-guadalupe-licht-der-hoffnung-in-der-dunkelheit-unserer-zeit\/#primaryimage"},"image":{"@id":"https:\/\/schoenstatt.com\/de\/maria-von-guadalupe-licht-der-hoffnung-in-der-dunkelheit-unserer-zeit\/#primaryimage"},"thumbnailUrl":"https:\/\/schoenstatt.com\/wp-content\/uploads\/2025\/12\/guadalupe-2.webp","datePublished":"2025-12-12T12:02:32+00:00","dateModified":"2025-12-12T13:02:26+00:00","description":"\u201eBin ich nicht hier, ich, die ich deine Mutter bin?\u201c Das Bild von Guadalupe schenkt uns Hoffnung in Zeiten der Dunkelheit.","breadcrumb":{"@id":"https:\/\/schoenstatt.com\/de\/maria-von-guadalupe-licht-der-hoffnung-in-der-dunkelheit-unserer-zeit\/#breadcrumb"},"inLanguage":"de","potentialAction":[{"@type":"ReadAction","target":["https:\/\/schoenstatt.com\/de\/maria-von-guadalupe-licht-der-hoffnung-in-der-dunkelheit-unserer-zeit\/"]}]},{"@type":"ImageObject","inLanguage":"de","@id":"https:\/\/schoenstatt.com\/de\/maria-von-guadalupe-licht-der-hoffnung-in-der-dunkelheit-unserer-zeit\/#primaryimage","url":"https:\/\/schoenstatt.com\/wp-content\/uploads\/2025\/12\/guadalupe-2.webp","contentUrl":"https:\/\/schoenstatt.com\/wp-content\/uploads\/2025\/12\/guadalupe-2.webp","width":2048,"height":1071},{"@type":"BreadcrumbList","@id":"https:\/\/schoenstatt.com\/de\/maria-von-guadalupe-licht-der-hoffnung-in-der-dunkelheit-unserer-zeit\/#breadcrumb","itemListElement":[{"@type":"ListItem","position":1,"name":"Portada","item":"https:\/\/schoenstatt.com\/de\/home\/"},{"@type":"ListItem","position":2,"name":"Maria von Guadalupe, Licht der Hoffnung in der Dunkelheit unserer Zeit"}]},{"@type":"WebSite","@id":"https:\/\/schoenstatt.com\/de\/#website","url":"https:\/\/schoenstatt.com\/de\/","name":"Schoenstatt","description":"Apostolic Movement","publisher":{"@id":"https:\/\/schoenstatt.com\/de\/#organization"},"potentialAction":[{"@type":"SearchAction","target":{"@type":"EntryPoint","urlTemplate":"https:\/\/schoenstatt.com\/de\/?s={search_term_string}"},"query-input":{"@type":"PropertyValueSpecification","valueRequired":true,"valueName":"search_term_string"}}],"inLanguage":"de"},{"@type":"Organization","@id":"https:\/\/schoenstatt.com\/de\/#organization","name":"Schoenstatt","url":"https:\/\/schoenstatt.com\/de\/","logo":{"@type":"ImageObject","inLanguage":"de","@id":"https:\/\/schoenstatt.com\/de\/#\/schema\/logo\/image\/","url":"https:\/\/schoenstatt.com\/wp-content\/uploads\/2025\/04\/logo-schoenstatt-white-696x696-1.png","contentUrl":"https:\/\/schoenstatt.com\/wp-content\/uploads\/2025\/04\/logo-schoenstatt-white-696x696-1.png","width":696,"height":694,"caption":"Schoenstatt"},"image":{"@id":"https:\/\/schoenstatt.com\/de\/#\/schema\/logo\/image\/"}},{"@type":"Person","@id":"https:\/\/schoenstatt.com\/de\/#\/schema\/person\/5158877ad4acae98b34daaeef2a1ce6e","name":"Karen Bueno","image":{"@type":"ImageObject","inLanguage":"de","@id":"https:\/\/secure.gravatar.com\/avatar\/f9f4b823873154269d2b2130f195f6d41037dd0d7fc5f3cacb5c846bae70d66b?s=96&d=mm&r=g","url":"https:\/\/secure.gravatar.com\/avatar\/f9f4b823873154269d2b2130f195f6d41037dd0d7fc5f3cacb5c846bae70d66b?s=96&d=mm&r=g","contentUrl":"https:\/\/secure.gravatar.com\/avatar\/f9f4b823873154269d2b2130f195f6d41037dd0d7fc5f3cacb5c846bae70d66b?s=96&d=mm&r=g","caption":"Karen Bueno"},"url":"https:\/\/schoenstatt.com\/de\/author\/karen-bueno\/"}]}},"_links":{"self":[{"href":"https:\/\/schoenstatt.com\/de\/wp-json\/wp\/v2\/posts\/67099","targetHints":{"allow":["GET"]}}],"collection":[{"href":"https:\/\/schoenstatt.com\/de\/wp-json\/wp\/v2\/posts"}],"about":[{"href":"https:\/\/schoenstatt.com\/de\/wp-json\/wp\/v2\/types\/post"}],"author":[{"embeddable":true,"href":"https:\/\/schoenstatt.com\/de\/wp-json\/wp\/v2\/users\/3"}],"replies":[{"embeddable":true,"href":"https:\/\/schoenstatt.com\/de\/wp-json\/wp\/v2\/comments?post=67099"}],"version-history":[{"count":2,"href":"https:\/\/schoenstatt.com\/de\/wp-json\/wp\/v2\/posts\/67099\/revisions"}],"predecessor-version":[{"id":67101,"href":"https:\/\/schoenstatt.com\/de\/wp-json\/wp\/v2\/posts\/67099\/revisions\/67101"}],"wp:featuredmedia":[{"embeddable":true,"href":"https:\/\/schoenstatt.com\/de\/wp-json\/wp\/v2\/media\/67081"}],"wp:attachment":[{"href":"https:\/\/schoenstatt.com\/de\/wp-json\/wp\/v2\/media?parent=67099"}],"wp:term":[{"taxonomy":"category","embeddable":true,"href":"https:\/\/schoenstatt.com\/de\/wp-json\/wp\/v2\/categories?post=67099"},{"taxonomy":"post_tag","embeddable":true,"href":"https:\/\/schoenstatt.com\/de\/wp-json\/wp\/v2\/tags?post=67099"}],"curies":[{"name":"wp","href":"https:\/\/api.w.org\/{rel}","templated":true}]}}