{"id":67054,"date":"2025-12-08T03:25:00","date_gmt":"2025-12-08T02:25:00","guid":{"rendered":"https:\/\/schoenstatt.com\/?p=67054"},"modified":"2025-12-08T15:09:46","modified_gmt":"2025-12-08T14:09:46","slug":"die-immaculata-ein-zeichen-der-hoffnung","status":"publish","type":"post","link":"https:\/\/schoenstatt.com\/de\/die-immaculata-ein-zeichen-der-hoffnung\/","title":{"rendered":"Die Immaculata, ein Zeichen der Hoffnung"},"content":{"rendered":"\n<div class=\"wp-block-media-text has-media-on-the-right is-stacked-on-mobile\" style=\"grid-template-columns:auto 45%\"><div class=\"wp-block-media-text__content\">\n<p>Vor mehr als zweitausend Jahren erwartete die Gottesmutter mit gro\u00dfer Liebe und Sehnsucht die Ankunft unseres Herrn. Sie konzentrierte alle F\u00e4higkeiten ihres Verstandes und ihres Herzens ganz auf den, \u201eder kommen sollte\u201d. Der ewige Vater hatte sie beg\u00fcnstigt und ausgestattet, damit sie zur Mutter seines Sohnes werden konnte. Sie war als reines Kind ganz Gott geweiht, die sich ihm vom ersten Augenblick ihres Lebens ganz hingegeben hatte.<\/p>\n\n\n\n<p>Was f\u00fcr ein Geschenk und welche Gnade Maria empfing, dass sie in dem Moment, als ihr Leben begann, vom G\u00f6ttlichen umh\u00fcllt war, einem winzigen Samenkorn, das heranwachsen w\u00fcrde, um das Leben der Welt zu tragen. Was f\u00fcr ein Geheimnis wir hier betrachten, dass die Mutter von ihrem Sohn gerettet wurde, noch bevor sie geboren wurde. Welche Freude strahlte sie als Kind aus, weil sie von der Quelle wahrer Freude erf\u00fcllt war, ihrem Gott selbst. Der Legende nach tanzte sie, als sie als kleines M\u00e4dchen zum Tempel gebracht wurde, vor Freude dar\u00fcber, dass sie demjenigen so nahe sein durfte, der ihr Herz erobert hatte. Anders als wir konnte sie st\u00e4ndig in Gottes Gegenwart sein, denn sie trug sein Leben in ihrer Seele, rein und unber\u00fchrt.<\/p>\n\n\n\n<p>Maria muss gesp\u00fcrt haben, dass sie anders war als andere junge Frauen, irgendwie berufen und auserw\u00e4hlt f\u00fcr etwas, das sie nicht kannte. Sie blieb wachsam und bereit f\u00fcr den Moment, in dem Gott ihr offenbaren w\u00fcrde, wie sie dem kommenden Messias dienen k\u00f6nnte. Ihre Sehnsucht, sich dem g\u00f6ttlichen Plan hinzugeben, wurde immer st\u00e4rker.<\/p>\n\n\n\n<p><\/p>\n<\/div><figure class=\"wp-block-media-text__media\"><img decoding=\"async\" src=\"https:\/\/schoenstatt.com\/wp-content\/uploads\/2025\/12\/lily-mta-mary-mother-2.jpg\" alt=\"\" class=\"wp-image-67015 size-full\"\/><\/figure><\/div>\n\n\n\n<div style=\"height:27px\" aria-hidden=\"true\" class=\"wp-block-spacer\"><\/div>\n\n\n\n<p>Dann erschien ein Engel. Gabriel begr\u00fc\u00dfte Maria als \u201evoll der Gnade\u201c und \u201ehochbegnadet\u201c. In der Kunst wird der Engel oft dargestellt, wie er vor Maria kniet \u2013 ein Engel, der einem Menschen huldigt und damit die Ordnung der Sch\u00f6pfung umkehrt. Diese Magd des Herrn war zugleich die K\u00f6nigin der gesamten Sch\u00f6pfung. Als sie mit ihrer Heilsmission konfrontiert wurde, gab sie ihrem freien \u201eJa\u201c zu der Bitte, Mutter Gottes zu werden. Dies war nur m\u00f6glich, weil sie die Unbefleckte war, der einzige Mensch, der sich nie von Gottes Wegen abgewandt hatte.<\/p>\n\n\n\n<h3 class=\"wp-block-heading\" id=\"h-maria-ein-vorbild-der-reinheit-fur-unsere-zeit\">Maria: ein Vorbild der Reinheit f\u00fcr unsere Zeit<\/h3>\n\n\n\n<p>Wir hatten nicht das Privileg, wie Maria \u201eunbefleckt\u201c geboren zu werden, aber wir versuchen, ihr \u00e4hnlich zu sein. Der Weg zur Reinheit beginnt mit einer aufrichtigen Beziehung zu Gott: mit Einfachheit beten, um Erleuchtung zu bitten, um zu erkennen, was gereinigt werden muss, und alles, was uns belastet, verwirrt oder in die Irre f\u00fchrt, vertrauensvoll abgeben. Reinheit entsteht, wenn wir Gott erlauben, unsere \u00c4ngste zu reinigen, unsere Wunden zu heilen und unsere Zuneigungen zu ordnen.<\/p>\n\n\n\n<p>Reinheit w\u00e4chst aus t\u00e4glichen Entscheidungen. So wie Maria ein wachsames und aufmerksames Herz kultivierte, kann jeder Mensch lernen, das auszuw\u00e4hlen, was Geist und Herz n\u00e4hrt: Gesten der Freundlichkeit, wahrhaftige Worte, gesunde Beziehungen und eine Haltung der Demut. Reinheit ist keine unerreichbare Perfektion, sondern ein Weg zur Koh\u00e4renz und zum inneren Frieden.<\/p>\n\n\n\n<p>Wenn wir auf die Unbefleckte Jungfrau blicken, erkennen wir, dass die christliche Hoffnung keine abstrakte Idee ist, sondern eine lebendige Gegenwart, die uns begleitet. Maria geht mit uns, f\u00fchrt uns immer n\u00e4her zu Christus und zeigt uns, dass Heiligkeit ein realer, zug\u00e4nglicher und allt\u00e4glicher Weg ist. Ihre Reinheit entfernt uns nicht von ihr, sondern zieht uns an: Sie weckt in uns den Wunsch, neu anzufangen, wieder zu vertrauen, Gott alles neu machen zu lassen. Die Feier der Unbefleckten Empf\u00e4ngnis bedeutet daher, die Gewissheit zu erneuern, dass wir nicht allein gehen \u2013 Gott wirkt in der Geschichte, und Maria ist sein leuchtendstes Zeichen f\u00fcr diese Liebe, die uns niemals aufgibt.<\/p>\n\n\n\n<h3 class=\"wp-block-heading\" id=\"h-lasst-uns-gemeinsam-beten\">Lasst uns gemeinsam beten<\/h3>\n\n\n\n<div style=\"height:31px\" aria-hidden=\"true\" class=\"wp-block-spacer\"><\/div>\n\n\n\n<figure class=\"wp-block-pullquote has-medium-font-size\" style=\"border-top-color:var(--wp--preset--color--luminous-vivid-orange);border-top-style:solid;border-top-width:1px;border-bottom-color:var(--wp--preset--color--luminous-vivid-orange);border-bottom-style:solid;border-bottom-width:1px;font-style:italic;font-weight:300\"><blockquote><p>Ave Maria, Immaculata, du bist das Meisterwerk des dreifaltigen Gottes, die sch\u00f6nste Frucht der Erl\u00f6sung. Du wurdest auserw\u00e4hlt und vom Rest der Menschheit getrennt, um die makellose Mutter unseres Herrn und Erl\u00f6sers, das Licht unserer Hoffnung, zu werden. Gott Vater hat dich mit der F\u00fclle aller geschaffenen Sch\u00f6nheit gesegnet und zu seinem Kind erw\u00e4hlt. Dem fleischgewordenen Wort durftest du Mutter und Gef\u00e4hrtin in seinem Werk sein. Als Gef\u00e4\u00df des Heiligen Geistes strahlte deine Seele das G\u00f6ttliche aus und verwandelte die Welt um dich herum. Sei unser Licht. Sei unsere Hoffnung.<\/p><\/blockquote><\/figure>\n\n\n\n<p><strong>\u00dcbersetzung:<\/strong> Sr. M. Lourdes Mac\u00edas<br><strong>Lektorat: <\/strong>Hildegard Kaiser<\/p>\n","protected":false},"excerpt":{"rendered":"<p>Wir hatten nicht das Privileg, wie Maria \u201eunbefleckt\u201c geboren zu werden. Aber wir streben danach, ihr \u00e4hnlich zu sein. Wie k\u00f6nnen wir das erreichen?<\/p>\n","protected":false},"author":3,"featured_media":67022,"comment_status":"closed","ping_status":"closed","sticky":false,"template":"","format":"standard","meta":{"footnotes":""},"categories":[914],"tags":[],"class_list":["post-67054","post","type-post","status-publish","format-standard","has-post-thumbnail","hentry","category-spiritualitat-de"],"yoast_head":"<!-- This site is optimized with the Yoast SEO Premium plugin v27.4 (Yoast SEO v27.5) - https:\/\/yoast.com\/product\/yoast-seo-premium-wordpress\/ -->\n<title>Die Immaculata, ein Zeichen der Hoffnung - Schoenstatt<\/title>\n<meta name=\"description\" content=\"Wir hatten nicht das Privileg, wie Maria \u201eunbefleckt\u201c geboren zu werden. Aber wir streben danach, ihr \u00e4hnlich zu sein. Wie k\u00f6nnen wir das erreichen?\" \/>\n<meta name=\"robots\" content=\"index, follow, max-snippet:-1, max-image-preview:large, max-video-preview:-1\" \/>\n<link rel=\"canonical\" href=\"https:\/\/schoenstatt.com\/de\/die-immaculata-ein-zeichen-der-hoffnung\/\" \/>\n<meta property=\"og:locale\" content=\"de_DE\" \/>\n<meta property=\"og:type\" content=\"article\" \/>\n<meta property=\"og:title\" content=\"Die Immaculata, ein Zeichen der Hoffnung\" \/>\n<meta property=\"og:description\" content=\"Wir hatten nicht das Privileg, wie Maria \u201eunbefleckt\u201c geboren zu werden. Aber wir streben danach, ihr \u00e4hnlich zu sein. Wie k\u00f6nnen wir das erreichen?\" \/>\n<meta property=\"og:url\" content=\"https:\/\/schoenstatt.com\/de\/die-immaculata-ein-zeichen-der-hoffnung\/\" \/>\n<meta property=\"og:site_name\" content=\"Schoenstatt\" \/>\n<meta property=\"article:published_time\" content=\"2025-12-08T02:25:00+00:00\" \/>\n<meta property=\"article:modified_time\" content=\"2025-12-08T14:09:46+00:00\" \/>\n<meta property=\"og:image\" content=\"https:\/\/schoenstatt.com\/wp-content\/uploads\/2025\/12\/lily-mta-mary-mother.webp\" \/>\n\t<meta property=\"og:image:width\" content=\"2048\" \/>\n\t<meta property=\"og:image:height\" content=\"1446\" \/>\n\t<meta property=\"og:image:type\" content=\"image\/jpeg\" \/>\n<meta name=\"author\" content=\"Karen Bueno\" \/>\n<meta name=\"twitter:card\" content=\"summary_large_image\" \/>\n<meta name=\"twitter:label1\" content=\"Verfasst von\" \/>\n\t<meta name=\"twitter:data1\" content=\"Karen Bueno\" \/>\n\t<meta name=\"twitter:label2\" content=\"Gesch\u00e4tzte Lesezeit\" \/>\n\t<meta name=\"twitter:data2\" content=\"4\u00a0Minuten\" \/>\n<script type=\"application\/ld+json\" class=\"yoast-schema-graph\">{\"@context\":\"https:\\\/\\\/schema.org\",\"@graph\":[{\"@type\":\"Article\",\"@id\":\"https:\\\/\\\/schoenstatt.com\\\/de\\\/die-immaculata-ein-zeichen-der-hoffnung\\\/#article\",\"isPartOf\":{\"@id\":\"https:\\\/\\\/schoenstatt.com\\\/de\\\/die-immaculata-ein-zeichen-der-hoffnung\\\/\"},\"author\":{\"name\":\"Karen Bueno\",\"@id\":\"https:\\\/\\\/schoenstatt.com\\\/de\\\/#\\\/schema\\\/person\\\/5158877ad4acae98b34daaeef2a1ce6e\"},\"headline\":\"Die Immaculata, ein Zeichen der Hoffnung\",\"datePublished\":\"2025-12-08T02:25:00+00:00\",\"dateModified\":\"2025-12-08T14:09:46+00:00\",\"mainEntityOfPage\":{\"@id\":\"https:\\\/\\\/schoenstatt.com\\\/de\\\/die-immaculata-ein-zeichen-der-hoffnung\\\/\"},\"wordCount\":732,\"publisher\":{\"@id\":\"https:\\\/\\\/schoenstatt.com\\\/de\\\/#organization\"},\"image\":{\"@id\":\"https:\\\/\\\/schoenstatt.com\\\/de\\\/die-immaculata-ein-zeichen-der-hoffnung\\\/#primaryimage\"},\"thumbnailUrl\":\"https:\\\/\\\/schoenstatt.com\\\/wp-content\\\/uploads\\\/2025\\\/12\\\/lily-mta-mary-mother.webp\",\"articleSection\":[\"Spiritualit\u00e4t\"],\"inLanguage\":\"de\"},{\"@type\":\"WebPage\",\"@id\":\"https:\\\/\\\/schoenstatt.com\\\/de\\\/die-immaculata-ein-zeichen-der-hoffnung\\\/\",\"url\":\"https:\\\/\\\/schoenstatt.com\\\/de\\\/die-immaculata-ein-zeichen-der-hoffnung\\\/\",\"name\":\"Die Immaculata, ein Zeichen der Hoffnung - Schoenstatt\",\"isPartOf\":{\"@id\":\"https:\\\/\\\/schoenstatt.com\\\/de\\\/#website\"},\"primaryImageOfPage\":{\"@id\":\"https:\\\/\\\/schoenstatt.com\\\/de\\\/die-immaculata-ein-zeichen-der-hoffnung\\\/#primaryimage\"},\"image\":{\"@id\":\"https:\\\/\\\/schoenstatt.com\\\/de\\\/die-immaculata-ein-zeichen-der-hoffnung\\\/#primaryimage\"},\"thumbnailUrl\":\"https:\\\/\\\/schoenstatt.com\\\/wp-content\\\/uploads\\\/2025\\\/12\\\/lily-mta-mary-mother.webp\",\"datePublished\":\"2025-12-08T02:25:00+00:00\",\"dateModified\":\"2025-12-08T14:09:46+00:00\",\"description\":\"Wir hatten nicht das Privileg, wie Maria \u201eunbefleckt\u201c geboren zu werden. Aber wir streben danach, ihr \u00e4hnlich zu sein. Wie k\u00f6nnen wir das erreichen?\",\"breadcrumb\":{\"@id\":\"https:\\\/\\\/schoenstatt.com\\\/de\\\/die-immaculata-ein-zeichen-der-hoffnung\\\/#breadcrumb\"},\"inLanguage\":\"de\",\"potentialAction\":[{\"@type\":\"ReadAction\",\"target\":[\"https:\\\/\\\/schoenstatt.com\\\/de\\\/die-immaculata-ein-zeichen-der-hoffnung\\\/\"]}]},{\"@type\":\"ImageObject\",\"inLanguage\":\"de\",\"@id\":\"https:\\\/\\\/schoenstatt.com\\\/de\\\/die-immaculata-ein-zeichen-der-hoffnung\\\/#primaryimage\",\"url\":\"https:\\\/\\\/schoenstatt.com\\\/wp-content\\\/uploads\\\/2025\\\/12\\\/lily-mta-mary-mother.webp\",\"contentUrl\":\"https:\\\/\\\/schoenstatt.com\\\/wp-content\\\/uploads\\\/2025\\\/12\\\/lily-mta-mary-mother.webp\",\"width\":2048,\"height\":1446},{\"@type\":\"BreadcrumbList\",\"@id\":\"https:\\\/\\\/schoenstatt.com\\\/de\\\/die-immaculata-ein-zeichen-der-hoffnung\\\/#breadcrumb\",\"itemListElement\":[{\"@type\":\"ListItem\",\"position\":1,\"name\":\"Portada\",\"item\":\"https:\\\/\\\/schoenstatt.com\\\/de\\\/home\\\/\"},{\"@type\":\"ListItem\",\"position\":2,\"name\":\"Die Immaculata, ein Zeichen der Hoffnung\"}]},{\"@type\":\"WebSite\",\"@id\":\"https:\\\/\\\/schoenstatt.com\\\/de\\\/#website\",\"url\":\"https:\\\/\\\/schoenstatt.com\\\/de\\\/\",\"name\":\"Schoenstatt\",\"description\":\"Apostolic Movement\",\"publisher\":{\"@id\":\"https:\\\/\\\/schoenstatt.com\\\/de\\\/#organization\"},\"potentialAction\":[{\"@type\":\"SearchAction\",\"target\":{\"@type\":\"EntryPoint\",\"urlTemplate\":\"https:\\\/\\\/schoenstatt.com\\\/de\\\/?s={search_term_string}\"},\"query-input\":{\"@type\":\"PropertyValueSpecification\",\"valueRequired\":true,\"valueName\":\"search_term_string\"}}],\"inLanguage\":\"de\"},{\"@type\":\"Organization\",\"@id\":\"https:\\\/\\\/schoenstatt.com\\\/de\\\/#organization\",\"name\":\"Schoenstatt\",\"url\":\"https:\\\/\\\/schoenstatt.com\\\/de\\\/\",\"logo\":{\"@type\":\"ImageObject\",\"inLanguage\":\"de\",\"@id\":\"https:\\\/\\\/schoenstatt.com\\\/de\\\/#\\\/schema\\\/logo\\\/image\\\/\",\"url\":\"https:\\\/\\\/schoenstatt.com\\\/wp-content\\\/uploads\\\/2025\\\/04\\\/logo-schoenstatt-white-696x696-1.png\",\"contentUrl\":\"https:\\\/\\\/schoenstatt.com\\\/wp-content\\\/uploads\\\/2025\\\/04\\\/logo-schoenstatt-white-696x696-1.png\",\"width\":696,\"height\":694,\"caption\":\"Schoenstatt\"},\"image\":{\"@id\":\"https:\\\/\\\/schoenstatt.com\\\/de\\\/#\\\/schema\\\/logo\\\/image\\\/\"}},{\"@type\":\"Person\",\"@id\":\"https:\\\/\\\/schoenstatt.com\\\/de\\\/#\\\/schema\\\/person\\\/5158877ad4acae98b34daaeef2a1ce6e\",\"name\":\"Karen Bueno\",\"image\":{\"@type\":\"ImageObject\",\"inLanguage\":\"de\",\"@id\":\"https:\\\/\\\/secure.gravatar.com\\\/avatar\\\/f9f4b823873154269d2b2130f195f6d41037dd0d7fc5f3cacb5c846bae70d66b?s=96&d=mm&r=g\",\"url\":\"https:\\\/\\\/secure.gravatar.com\\\/avatar\\\/f9f4b823873154269d2b2130f195f6d41037dd0d7fc5f3cacb5c846bae70d66b?s=96&d=mm&r=g\",\"contentUrl\":\"https:\\\/\\\/secure.gravatar.com\\\/avatar\\\/f9f4b823873154269d2b2130f195f6d41037dd0d7fc5f3cacb5c846bae70d66b?s=96&d=mm&r=g\",\"caption\":\"Karen Bueno\"},\"url\":\"https:\\\/\\\/schoenstatt.com\\\/de\\\/author\\\/karen-bueno\\\/\"}]}<\/script>\n<!-- \/ Yoast SEO Premium plugin. -->","yoast_head_json":{"title":"Die Immaculata, ein Zeichen der Hoffnung - Schoenstatt","description":"Wir hatten nicht das Privileg, wie Maria \u201eunbefleckt\u201c geboren zu werden. Aber wir streben danach, ihr \u00e4hnlich zu sein. Wie k\u00f6nnen wir das erreichen?","robots":{"index":"index","follow":"follow","max-snippet":"max-snippet:-1","max-image-preview":"max-image-preview:large","max-video-preview":"max-video-preview:-1"},"canonical":"https:\/\/schoenstatt.com\/de\/die-immaculata-ein-zeichen-der-hoffnung\/","og_locale":"de_DE","og_type":"article","og_title":"Die Immaculata, ein Zeichen der Hoffnung","og_description":"Wir hatten nicht das Privileg, wie Maria \u201eunbefleckt\u201c geboren zu werden. Aber wir streben danach, ihr \u00e4hnlich zu sein. Wie k\u00f6nnen wir das erreichen?","og_url":"https:\/\/schoenstatt.com\/de\/die-immaculata-ein-zeichen-der-hoffnung\/","og_site_name":"Schoenstatt","article_published_time":"2025-12-08T02:25:00+00:00","article_modified_time":"2025-12-08T14:09:46+00:00","og_image":[{"width":2048,"height":1446,"url":"https:\/\/schoenstatt.com\/wp-content\/uploads\/2025\/12\/lily-mta-mary-mother.webp","type":"image\/jpeg"}],"author":"Karen Bueno","twitter_card":"summary_large_image","twitter_misc":{"Verfasst von":"Karen Bueno","Gesch\u00e4tzte Lesezeit":"4\u00a0Minuten"},"schema":{"@context":"https:\/\/schema.org","@graph":[{"@type":"Article","@id":"https:\/\/schoenstatt.com\/de\/die-immaculata-ein-zeichen-der-hoffnung\/#article","isPartOf":{"@id":"https:\/\/schoenstatt.com\/de\/die-immaculata-ein-zeichen-der-hoffnung\/"},"author":{"name":"Karen Bueno","@id":"https:\/\/schoenstatt.com\/de\/#\/schema\/person\/5158877ad4acae98b34daaeef2a1ce6e"},"headline":"Die Immaculata, ein Zeichen der Hoffnung","datePublished":"2025-12-08T02:25:00+00:00","dateModified":"2025-12-08T14:09:46+00:00","mainEntityOfPage":{"@id":"https:\/\/schoenstatt.com\/de\/die-immaculata-ein-zeichen-der-hoffnung\/"},"wordCount":732,"publisher":{"@id":"https:\/\/schoenstatt.com\/de\/#organization"},"image":{"@id":"https:\/\/schoenstatt.com\/de\/die-immaculata-ein-zeichen-der-hoffnung\/#primaryimage"},"thumbnailUrl":"https:\/\/schoenstatt.com\/wp-content\/uploads\/2025\/12\/lily-mta-mary-mother.webp","articleSection":["Spiritualit\u00e4t"],"inLanguage":"de"},{"@type":"WebPage","@id":"https:\/\/schoenstatt.com\/de\/die-immaculata-ein-zeichen-der-hoffnung\/","url":"https:\/\/schoenstatt.com\/de\/die-immaculata-ein-zeichen-der-hoffnung\/","name":"Die Immaculata, ein Zeichen der Hoffnung - Schoenstatt","isPartOf":{"@id":"https:\/\/schoenstatt.com\/de\/#website"},"primaryImageOfPage":{"@id":"https:\/\/schoenstatt.com\/de\/die-immaculata-ein-zeichen-der-hoffnung\/#primaryimage"},"image":{"@id":"https:\/\/schoenstatt.com\/de\/die-immaculata-ein-zeichen-der-hoffnung\/#primaryimage"},"thumbnailUrl":"https:\/\/schoenstatt.com\/wp-content\/uploads\/2025\/12\/lily-mta-mary-mother.webp","datePublished":"2025-12-08T02:25:00+00:00","dateModified":"2025-12-08T14:09:46+00:00","description":"Wir hatten nicht das Privileg, wie Maria \u201eunbefleckt\u201c geboren zu werden. Aber wir streben danach, ihr \u00e4hnlich zu sein. Wie k\u00f6nnen wir das erreichen?","breadcrumb":{"@id":"https:\/\/schoenstatt.com\/de\/die-immaculata-ein-zeichen-der-hoffnung\/#breadcrumb"},"inLanguage":"de","potentialAction":[{"@type":"ReadAction","target":["https:\/\/schoenstatt.com\/de\/die-immaculata-ein-zeichen-der-hoffnung\/"]}]},{"@type":"ImageObject","inLanguage":"de","@id":"https:\/\/schoenstatt.com\/de\/die-immaculata-ein-zeichen-der-hoffnung\/#primaryimage","url":"https:\/\/schoenstatt.com\/wp-content\/uploads\/2025\/12\/lily-mta-mary-mother.webp","contentUrl":"https:\/\/schoenstatt.com\/wp-content\/uploads\/2025\/12\/lily-mta-mary-mother.webp","width":2048,"height":1446},{"@type":"BreadcrumbList","@id":"https:\/\/schoenstatt.com\/de\/die-immaculata-ein-zeichen-der-hoffnung\/#breadcrumb","itemListElement":[{"@type":"ListItem","position":1,"name":"Portada","item":"https:\/\/schoenstatt.com\/de\/home\/"},{"@type":"ListItem","position":2,"name":"Die Immaculata, ein Zeichen der Hoffnung"}]},{"@type":"WebSite","@id":"https:\/\/schoenstatt.com\/de\/#website","url":"https:\/\/schoenstatt.com\/de\/","name":"Schoenstatt","description":"Apostolic Movement","publisher":{"@id":"https:\/\/schoenstatt.com\/de\/#organization"},"potentialAction":[{"@type":"SearchAction","target":{"@type":"EntryPoint","urlTemplate":"https:\/\/schoenstatt.com\/de\/?s={search_term_string}"},"query-input":{"@type":"PropertyValueSpecification","valueRequired":true,"valueName":"search_term_string"}}],"inLanguage":"de"},{"@type":"Organization","@id":"https:\/\/schoenstatt.com\/de\/#organization","name":"Schoenstatt","url":"https:\/\/schoenstatt.com\/de\/","logo":{"@type":"ImageObject","inLanguage":"de","@id":"https:\/\/schoenstatt.com\/de\/#\/schema\/logo\/image\/","url":"https:\/\/schoenstatt.com\/wp-content\/uploads\/2025\/04\/logo-schoenstatt-white-696x696-1.png","contentUrl":"https:\/\/schoenstatt.com\/wp-content\/uploads\/2025\/04\/logo-schoenstatt-white-696x696-1.png","width":696,"height":694,"caption":"Schoenstatt"},"image":{"@id":"https:\/\/schoenstatt.com\/de\/#\/schema\/logo\/image\/"}},{"@type":"Person","@id":"https:\/\/schoenstatt.com\/de\/#\/schema\/person\/5158877ad4acae98b34daaeef2a1ce6e","name":"Karen Bueno","image":{"@type":"ImageObject","inLanguage":"de","@id":"https:\/\/secure.gravatar.com\/avatar\/f9f4b823873154269d2b2130f195f6d41037dd0d7fc5f3cacb5c846bae70d66b?s=96&d=mm&r=g","url":"https:\/\/secure.gravatar.com\/avatar\/f9f4b823873154269d2b2130f195f6d41037dd0d7fc5f3cacb5c846bae70d66b?s=96&d=mm&r=g","contentUrl":"https:\/\/secure.gravatar.com\/avatar\/f9f4b823873154269d2b2130f195f6d41037dd0d7fc5f3cacb5c846bae70d66b?s=96&d=mm&r=g","caption":"Karen Bueno"},"url":"https:\/\/schoenstatt.com\/de\/author\/karen-bueno\/"}]}},"_links":{"self":[{"href":"https:\/\/schoenstatt.com\/de\/wp-json\/wp\/v2\/posts\/67054","targetHints":{"allow":["GET"]}}],"collection":[{"href":"https:\/\/schoenstatt.com\/de\/wp-json\/wp\/v2\/posts"}],"about":[{"href":"https:\/\/schoenstatt.com\/de\/wp-json\/wp\/v2\/types\/post"}],"author":[{"embeddable":true,"href":"https:\/\/schoenstatt.com\/de\/wp-json\/wp\/v2\/users\/3"}],"replies":[{"embeddable":true,"href":"https:\/\/schoenstatt.com\/de\/wp-json\/wp\/v2\/comments?post=67054"}],"version-history":[{"count":3,"href":"https:\/\/schoenstatt.com\/de\/wp-json\/wp\/v2\/posts\/67054\/revisions"}],"predecessor-version":[{"id":67057,"href":"https:\/\/schoenstatt.com\/de\/wp-json\/wp\/v2\/posts\/67054\/revisions\/67057"}],"wp:featuredmedia":[{"embeddable":true,"href":"https:\/\/schoenstatt.com\/de\/wp-json\/wp\/v2\/media\/67022"}],"wp:attachment":[{"href":"https:\/\/schoenstatt.com\/de\/wp-json\/wp\/v2\/media?parent=67054"}],"wp:term":[{"taxonomy":"category","embeddable":true,"href":"https:\/\/schoenstatt.com\/de\/wp-json\/wp\/v2\/categories?post=67054"},{"taxonomy":"post_tag","embeddable":true,"href":"https:\/\/schoenstatt.com\/de\/wp-json\/wp\/v2\/tags?post=67054"}],"curies":[{"name":"wp","href":"https:\/\/api.w.org\/{rel}","templated":true}]}}