{"id":67010,"date":"2025-12-04T12:47:54","date_gmt":"2025-12-04T11:47:54","guid":{"rendered":"https:\/\/schoenstatt.com\/?p=67010"},"modified":"2025-12-04T18:24:33","modified_gmt":"2025-12-04T17:24:33","slug":"treffen-mit-papst-leo-in-der-tuerkei","status":"publish","type":"post","link":"https:\/\/schoenstatt.com\/de\/treffen-mit-papst-leo-in-der-tuerkei\/","title":{"rendered":"Treffen mit Papst Leo in der T\u00fcrkei"},"content":{"rendered":"\n<p>Papst Leo XIV. beendete diese Woche seine erste Auslandsreise, in der er die T\u00fcrkei und den Libanon besuchte. Auf dieser Pilgerreise legte der Papst den Schwerpunkt auf den \u00f6kumenischen und interreligi\u00f6sen Dialog sowie auf die Feierlichkeiten zum 1700. Jahrestag des Ersten Konzils von Nic\u00e4a.<\/p>\n\n\n\n<p>Eine Gruppe von Sch\u00f6nst\u00e4ttern aus Russland begleitete den Papst auf seiner Reise in die Region.<\/p>\n\n\n\n<figure class=\"wp-block-gallery has-nested-images columns-default is-cropped wp-block-gallery-1 is-layout-flex wp-block-gallery-is-layout-flex\">\n<figure class=\"wp-block-image size-large\"><img decoding=\"async\" data-id=\"66973\" src=\"https:\/\/schoenstatt.com\/wp-content\/uploads\/2025\/12\/Pope-Leo-XIV-2.jpg\" alt=\"\" class=\"wp-image-66973\"\/><\/figure>\n\n\n\n<figure class=\"wp-block-image size-large\"><img decoding=\"async\" data-id=\"66972\" src=\"https:\/\/schoenstatt.com\/wp-content\/uploads\/2025\/12\/Pope-Leo-XIV.jpg\" alt=\"\" class=\"wp-image-66972\"\/><\/figure>\n<\/figure>\n\n\n\n<div style=\"height:47px\" aria-hidden=\"true\" class=\"wp-block-spacer\"><\/div>\n\n\n\n<p>Elena Prosvetova berichtet:<\/p>\n\n\n\n<figure class=\"wp-block-pullquote has-medium-font-size\" style=\"border-top-color:var(--wp--preset--color--luminous-vivid-orange);border-top-style:solid;border-top-width:1px;border-bottom-color:var(--wp--preset--color--luminous-vivid-orange);border-bottom-style:solid;border-bottom-width:1px;font-style:italic;font-weight:300\"><blockquote><p>\u201e1700 Jahre Konzil von Nic\u00e4a\u201c \u2013 so nannten wir unsere Pilgergruppe aus Russland, in der Katholiken aus Moskau, St. Petersburg, Jekaterinburg, Kaliningrad und Wladimir zusammenkamen. Wir wurden von Weihbischof Nikolai Dubinin, Pater Sergio Zuev und Pater Viacheslav Gorokhov begleitet. Sechs Mitglieder der Sch\u00f6nstattbewegung nahmen ebenfalls an dieser Pilgerreise teil.<br><br>Der H\u00f6hepunkt war die heilige Messe mit Papst Leo. F\u00fcr mich war es das erste Mal, dass ich an einer gemeinsamen heiligen Messe teilnahm, zu der sich etwa 5.000 Menschen in Istanbul versammelt hatten. Mehrere Ch\u00f6re nahmen an der Messe teil und beeindruckten mich mit ihren Stimmen. In seiner Predigt ermahnte Papst Leo uns Katholiken, Christen und Vertreter anderer Glaubensrichtungen, unsere Alltagswelt zu verbessern, das Licht zu verbreiten und Beziehungen im Geiste der Br\u00fcderlichkeit und der Mitgestaltung aufzubauen. Sein Aufruf, Br\u00fccken statt Mauern zwischen den Menschen zu bauen, ist f\u00fcr unsere Zeit sehr relevant.<\/p><\/blockquote><\/figure>\n\n\n\n<div class=\"wp-block-buttons is-content-justification-center is-layout-flex wp-container-core-buttons-is-layout-a89b3969 wp-block-buttons-is-layout-flex\">\n<div class=\"wp-block-button\"><a class=\"wp-block-button__link has-white-color has-text-color has-background has-link-color wp-element-button\" href=\"https:\/\/www.vatican.va\/content\/leo-xiv\/de\/homilies\/2025\/documents\/20251129-messa-istanbul.html\" style=\"border-radius:14px;background-color:#e4782b\" target=\"_blank\" rel=\"noreferrer noopener\"><strong>Die vollst\u00e4ndige Predigt finden Sie hier<\/strong><\/a><\/div>\n<\/div>\n\n\n\n<div style=\"height:46px\" aria-hidden=\"true\" class=\"wp-block-spacer\"><\/div>\n\n\n\n<h3 class=\"wp-block-heading\" id=\"h-ein-besonderer-gruss-von-der-mta\">Ein besonderer Gru\u00df von der MTA<\/h3>\n\n\n\n<p>Am letzten Tag der Pilgerreise besuchte die Gruppe die St.-Antonius-Kirche in Istanbul. Dort fanden sie ein besonderes Bild: <em>\u201eUnsere Dreimal Wunderbare Mutter von Sch\u00f6nstatt wartete auf uns. Wir interpretierten dies als ein Zeichen, eine Art Segen des Herrn durch Maria: Nichts ohne dich, nichts ohne uns!\u201c<\/em><\/p>\n\n\n\n<figure class=\"wp-block-gallery has-nested-images columns-default is-cropped wp-block-gallery-2 is-layout-flex wp-block-gallery-is-layout-flex\">\n<figure class=\"wp-block-image size-large\"><img decoding=\"async\" data-id=\"66984\" src=\"https:\/\/schoenstatt.com\/wp-content\/uploads\/2025\/12\/MTA-en-Turquia.jpg\" alt=\"\" class=\"wp-image-66984\"\/><\/figure>\n\n\n\n<figure class=\"wp-block-image size-full\"><img decoding=\"async\" data-id=\"66985\" src=\"https:\/\/schoenstatt.com\/wp-content\/uploads\/2025\/12\/MTA-en-Turquia-2.jpg\" alt=\"\" class=\"wp-image-66985\"\/><\/figure>\n<\/figure>\n\n\n\n<h3 class=\"wp-block-heading\" id=\"h-pilger-der-hoffnung\">Pilger der Hoffnung<\/h3>\n\n\n\n<p>In Zeiten von Krieg und Spannungen weltweit betonte der Papst als Pilger der Hoffnung den Dialog als notwendigen Weg, der von \u201eStandhaftigkeit und Geduld\u201c gepr\u00e4gt ist.<\/p>\n\n\n\n<p>Diese Pilgerreise in die T\u00fcrkei und den Libanon fand vom 27. November bis zum 2. Dezember statt. <em>\u201eHeute sind die menschlichen Gemeinschaften zunehmend polarisiert und durch extreme Positionen gespalten, die sie zersplittern lassen\u201c<\/em>, sagte der Heilige Vater, <em>\u201esollte man mit einer Kultur reagieren, in der Zuneigung und Bindungen einen hohen Stellenwert haben. Nur gemeinsam werden wir wirklich wir selbst.\u201c<\/em> [1]<\/p>\n\n\n\n<p>Der Papst kehrte am Dienstag nach Rom zur\u00fcck und erw\u00e4hnte in einem Interview, dass er in Zukunft auch L\u00e4nder in Afrika und Amerika besuchen m\u00f6chte.<\/p>\n\n\n\n<figure class=\"wp-block-image size-full\"><img fetchpriority=\"high\" decoding=\"async\" width=\"1280\" height=\"824\" src=\"https:\/\/schoenstatt.com\/wp-content\/uploads\/2025\/12\/Russian-Pilgrims.webp\" alt=\"\" class=\"wp-image-66990\" srcset=\"https:\/\/schoenstatt.com\/wp-content\/uploads\/2025\/12\/Russian-Pilgrims.webp 1280w, https:\/\/schoenstatt.com\/wp-content\/uploads\/2025\/12\/Russian-Pilgrims-768x494.webp 768w\" sizes=\"(max-width: 1280px) 100vw, 1280px\" \/><\/figure>\n\n\n\n<p><strong>\u00dcbersetzung:<\/strong> Sr. M. Lourdes Mac\u00edas<br><strong>Lektorat:<\/strong> Hildegard Kaiser<\/p>\n\n\n\n<p>[1] <a href=\"https:\/\/www.vatican.va\/content\/leo-xiv\/de\/speeches\/2025\/november\/documents\/20251127-turchia-autorita.html\" target=\"_blank\" rel=\"noreferrer noopener\">Ansprache von Papst Leo XIV. Begegnung mit den Autorit\u00e4ten, den Repr\u00e4sentanten der Zivilgesellschaft und dem Diplomatischen Korps. Ankara, 27. November 2025.<\/a><\/p>\n","protected":false},"excerpt":{"rendered":"<p>Eine Gruppe von Sch\u00f6nst\u00e4ttern aus Russland begleitete Papst Leo XIV. auf seiner Reise in die T\u00fcrkei und nach dem Libanon.  <\/p>\n","protected":false},"author":3,"featured_media":66991,"comment_status":"closed","ping_status":"closed","sticky":false,"template":"","format":"standard","meta":{"footnotes":""},"categories":[851],"tags":[],"class_list":["post-67010","post","type-post","status-publish","format-standard","has-post-thumbnail","hentry","category-kirche-de"],"yoast_head":"<!-- This site is optimized with the Yoast SEO Premium plugin v27.4 (Yoast SEO v27.4) - https:\/\/yoast.com\/product\/yoast-seo-premium-wordpress\/ -->\n<title>Treffen mit Papst Leo in der T\u00fcrkei - Schoenstatt<\/title>\n<meta name=\"description\" content=\"Eine Gruppe von Sch\u00f6nst\u00e4ttern aus Russland begleitete Papst Leo XIV. auf seiner Reise in die T\u00fcrkei und nach dem Libanon.\" \/>\n<meta name=\"robots\" content=\"index, follow, max-snippet:-1, max-image-preview:large, max-video-preview:-1\" \/>\n<link rel=\"canonical\" href=\"https:\/\/schoenstatt.com\/de\/treffen-mit-papst-leo-in-der-tuerkei\/\" \/>\n<meta property=\"og:locale\" content=\"de_DE\" \/>\n<meta property=\"og:type\" content=\"article\" \/>\n<meta property=\"og:title\" content=\"Treffen mit Papst Leo in der T\u00fcrkei\" \/>\n<meta property=\"og:description\" content=\"Eine Gruppe von Sch\u00f6nst\u00e4ttern aus Russland begleitete Papst Leo XIV. auf seiner Reise in die T\u00fcrkei und nach dem Libanon.\" \/>\n<meta property=\"og:url\" content=\"https:\/\/schoenstatt.com\/de\/treffen-mit-papst-leo-in-der-tuerkei\/\" \/>\n<meta property=\"og:site_name\" content=\"Schoenstatt\" \/>\n<meta property=\"article:published_time\" content=\"2025-12-04T11:47:54+00:00\" \/>\n<meta property=\"article:modified_time\" content=\"2025-12-04T17:24:33+00:00\" \/>\n<meta property=\"og:image\" content=\"https:\/\/schoenstatt.com\/wp-content\/uploads\/2025\/12\/Russian-Pilgrims.webp\" \/>\n\t<meta property=\"og:image:width\" content=\"1280\" \/>\n\t<meta property=\"og:image:height\" content=\"824\" \/>\n\t<meta property=\"og:image:type\" content=\"image\/jpeg\" \/>\n<meta name=\"author\" content=\"Karen Bueno\" \/>\n<meta name=\"twitter:card\" content=\"summary_large_image\" \/>\n<meta name=\"twitter:label1\" content=\"Verfasst von\" \/>\n\t<meta name=\"twitter:data1\" content=\"Karen Bueno\" \/>\n\t<meta name=\"twitter:label2\" content=\"Gesch\u00e4tzte Lesezeit\" \/>\n\t<meta name=\"twitter:data2\" content=\"3\u00a0Minuten\" \/>\n<script type=\"application\/ld+json\" class=\"yoast-schema-graph\">{\"@context\":\"https:\\\/\\\/schema.org\",\"@graph\":[{\"@type\":\"Article\",\"@id\":\"https:\\\/\\\/schoenstatt.com\\\/de\\\/treffen-mit-papst-leo-in-der-tuerkei\\\/#article\",\"isPartOf\":{\"@id\":\"https:\\\/\\\/schoenstatt.com\\\/de\\\/treffen-mit-papst-leo-in-der-tuerkei\\\/\"},\"author\":{\"name\":\"Karen Bueno\",\"@id\":\"https:\\\/\\\/schoenstatt.com\\\/de\\\/#\\\/schema\\\/person\\\/5158877ad4acae98b34daaeef2a1ce6e\"},\"headline\":\"Treffen mit Papst Leo in der T\u00fcrkei\",\"datePublished\":\"2025-12-04T11:47:54+00:00\",\"dateModified\":\"2025-12-04T17:24:33+00:00\",\"mainEntityOfPage\":{\"@id\":\"https:\\\/\\\/schoenstatt.com\\\/de\\\/treffen-mit-papst-leo-in-der-tuerkei\\\/\"},\"wordCount\":430,\"publisher\":{\"@id\":\"https:\\\/\\\/schoenstatt.com\\\/de\\\/#organization\"},\"image\":{\"@id\":\"https:\\\/\\\/schoenstatt.com\\\/de\\\/treffen-mit-papst-leo-in-der-tuerkei\\\/#primaryimage\"},\"thumbnailUrl\":\"https:\\\/\\\/schoenstatt.com\\\/wp-content\\\/uploads\\\/2025\\\/12\\\/Russian-Pilgrims.webp\",\"articleSection\":[\"Kirche\"],\"inLanguage\":\"de\"},{\"@type\":\"WebPage\",\"@id\":\"https:\\\/\\\/schoenstatt.com\\\/de\\\/treffen-mit-papst-leo-in-der-tuerkei\\\/\",\"url\":\"https:\\\/\\\/schoenstatt.com\\\/de\\\/treffen-mit-papst-leo-in-der-tuerkei\\\/\",\"name\":\"Treffen mit Papst Leo in der T\u00fcrkei - Schoenstatt\",\"isPartOf\":{\"@id\":\"https:\\\/\\\/schoenstatt.com\\\/de\\\/#website\"},\"primaryImageOfPage\":{\"@id\":\"https:\\\/\\\/schoenstatt.com\\\/de\\\/treffen-mit-papst-leo-in-der-tuerkei\\\/#primaryimage\"},\"image\":{\"@id\":\"https:\\\/\\\/schoenstatt.com\\\/de\\\/treffen-mit-papst-leo-in-der-tuerkei\\\/#primaryimage\"},\"thumbnailUrl\":\"https:\\\/\\\/schoenstatt.com\\\/wp-content\\\/uploads\\\/2025\\\/12\\\/Russian-Pilgrims.webp\",\"datePublished\":\"2025-12-04T11:47:54+00:00\",\"dateModified\":\"2025-12-04T17:24:33+00:00\",\"description\":\"Eine Gruppe von Sch\u00f6nst\u00e4ttern aus Russland begleitete Papst Leo XIV. auf seiner Reise in die T\u00fcrkei und nach dem Libanon.\",\"breadcrumb\":{\"@id\":\"https:\\\/\\\/schoenstatt.com\\\/de\\\/treffen-mit-papst-leo-in-der-tuerkei\\\/#breadcrumb\"},\"inLanguage\":\"de\",\"potentialAction\":[{\"@type\":\"ReadAction\",\"target\":[\"https:\\\/\\\/schoenstatt.com\\\/de\\\/treffen-mit-papst-leo-in-der-tuerkei\\\/\"]}]},{\"@type\":\"ImageObject\",\"inLanguage\":\"de\",\"@id\":\"https:\\\/\\\/schoenstatt.com\\\/de\\\/treffen-mit-papst-leo-in-der-tuerkei\\\/#primaryimage\",\"url\":\"https:\\\/\\\/schoenstatt.com\\\/wp-content\\\/uploads\\\/2025\\\/12\\\/Russian-Pilgrims.webp\",\"contentUrl\":\"https:\\\/\\\/schoenstatt.com\\\/wp-content\\\/uploads\\\/2025\\\/12\\\/Russian-Pilgrims.webp\",\"width\":1280,\"height\":824},{\"@type\":\"BreadcrumbList\",\"@id\":\"https:\\\/\\\/schoenstatt.com\\\/de\\\/treffen-mit-papst-leo-in-der-tuerkei\\\/#breadcrumb\",\"itemListElement\":[{\"@type\":\"ListItem\",\"position\":1,\"name\":\"Portada\",\"item\":\"https:\\\/\\\/schoenstatt.com\\\/de\\\/home\\\/\"},{\"@type\":\"ListItem\",\"position\":2,\"name\":\"Treffen mit Papst Leo in der T\u00fcrkei\"}]},{\"@type\":\"WebSite\",\"@id\":\"https:\\\/\\\/schoenstatt.com\\\/de\\\/#website\",\"url\":\"https:\\\/\\\/schoenstatt.com\\\/de\\\/\",\"name\":\"Schoenstatt\",\"description\":\"Apostolic Movement\",\"publisher\":{\"@id\":\"https:\\\/\\\/schoenstatt.com\\\/de\\\/#organization\"},\"potentialAction\":[{\"@type\":\"SearchAction\",\"target\":{\"@type\":\"EntryPoint\",\"urlTemplate\":\"https:\\\/\\\/schoenstatt.com\\\/de\\\/?s={search_term_string}\"},\"query-input\":{\"@type\":\"PropertyValueSpecification\",\"valueRequired\":true,\"valueName\":\"search_term_string\"}}],\"inLanguage\":\"de\"},{\"@type\":\"Organization\",\"@id\":\"https:\\\/\\\/schoenstatt.com\\\/de\\\/#organization\",\"name\":\"Schoenstatt\",\"url\":\"https:\\\/\\\/schoenstatt.com\\\/de\\\/\",\"logo\":{\"@type\":\"ImageObject\",\"inLanguage\":\"de\",\"@id\":\"https:\\\/\\\/schoenstatt.com\\\/de\\\/#\\\/schema\\\/logo\\\/image\\\/\",\"url\":\"https:\\\/\\\/schoenstatt.com\\\/wp-content\\\/uploads\\\/2025\\\/04\\\/logo-schoenstatt-white-696x696-1.png\",\"contentUrl\":\"https:\\\/\\\/schoenstatt.com\\\/wp-content\\\/uploads\\\/2025\\\/04\\\/logo-schoenstatt-white-696x696-1.png\",\"width\":696,\"height\":694,\"caption\":\"Schoenstatt\"},\"image\":{\"@id\":\"https:\\\/\\\/schoenstatt.com\\\/de\\\/#\\\/schema\\\/logo\\\/image\\\/\"}},{\"@type\":\"Person\",\"@id\":\"https:\\\/\\\/schoenstatt.com\\\/de\\\/#\\\/schema\\\/person\\\/5158877ad4acae98b34daaeef2a1ce6e\",\"name\":\"Karen Bueno\",\"image\":{\"@type\":\"ImageObject\",\"inLanguage\":\"de\",\"@id\":\"https:\\\/\\\/secure.gravatar.com\\\/avatar\\\/f9f4b823873154269d2b2130f195f6d41037dd0d7fc5f3cacb5c846bae70d66b?s=96&d=mm&r=g\",\"url\":\"https:\\\/\\\/secure.gravatar.com\\\/avatar\\\/f9f4b823873154269d2b2130f195f6d41037dd0d7fc5f3cacb5c846bae70d66b?s=96&d=mm&r=g\",\"contentUrl\":\"https:\\\/\\\/secure.gravatar.com\\\/avatar\\\/f9f4b823873154269d2b2130f195f6d41037dd0d7fc5f3cacb5c846bae70d66b?s=96&d=mm&r=g\",\"caption\":\"Karen Bueno\"},\"url\":\"https:\\\/\\\/schoenstatt.com\\\/de\\\/author\\\/karen-bueno\\\/\"}]}<\/script>\n<!-- \/ Yoast SEO Premium plugin. -->","yoast_head_json":{"title":"Treffen mit Papst Leo in der T\u00fcrkei - Schoenstatt","description":"Eine Gruppe von Sch\u00f6nst\u00e4ttern aus Russland begleitete Papst Leo XIV. auf seiner Reise in die T\u00fcrkei und nach dem Libanon.","robots":{"index":"index","follow":"follow","max-snippet":"max-snippet:-1","max-image-preview":"max-image-preview:large","max-video-preview":"max-video-preview:-1"},"canonical":"https:\/\/schoenstatt.com\/de\/treffen-mit-papst-leo-in-der-tuerkei\/","og_locale":"de_DE","og_type":"article","og_title":"Treffen mit Papst Leo in der T\u00fcrkei","og_description":"Eine Gruppe von Sch\u00f6nst\u00e4ttern aus Russland begleitete Papst Leo XIV. auf seiner Reise in die T\u00fcrkei und nach dem Libanon.","og_url":"https:\/\/schoenstatt.com\/de\/treffen-mit-papst-leo-in-der-tuerkei\/","og_site_name":"Schoenstatt","article_published_time":"2025-12-04T11:47:54+00:00","article_modified_time":"2025-12-04T17:24:33+00:00","og_image":[{"width":1280,"height":824,"url":"https:\/\/schoenstatt.com\/wp-content\/uploads\/2025\/12\/Russian-Pilgrims.webp","type":"image\/jpeg"}],"author":"Karen Bueno","twitter_card":"summary_large_image","twitter_misc":{"Verfasst von":"Karen Bueno","Gesch\u00e4tzte Lesezeit":"3\u00a0Minuten"},"schema":{"@context":"https:\/\/schema.org","@graph":[{"@type":"Article","@id":"https:\/\/schoenstatt.com\/de\/treffen-mit-papst-leo-in-der-tuerkei\/#article","isPartOf":{"@id":"https:\/\/schoenstatt.com\/de\/treffen-mit-papst-leo-in-der-tuerkei\/"},"author":{"name":"Karen Bueno","@id":"https:\/\/schoenstatt.com\/de\/#\/schema\/person\/5158877ad4acae98b34daaeef2a1ce6e"},"headline":"Treffen mit Papst Leo in der T\u00fcrkei","datePublished":"2025-12-04T11:47:54+00:00","dateModified":"2025-12-04T17:24:33+00:00","mainEntityOfPage":{"@id":"https:\/\/schoenstatt.com\/de\/treffen-mit-papst-leo-in-der-tuerkei\/"},"wordCount":430,"publisher":{"@id":"https:\/\/schoenstatt.com\/de\/#organization"},"image":{"@id":"https:\/\/schoenstatt.com\/de\/treffen-mit-papst-leo-in-der-tuerkei\/#primaryimage"},"thumbnailUrl":"https:\/\/schoenstatt.com\/wp-content\/uploads\/2025\/12\/Russian-Pilgrims.webp","articleSection":["Kirche"],"inLanguage":"de"},{"@type":"WebPage","@id":"https:\/\/schoenstatt.com\/de\/treffen-mit-papst-leo-in-der-tuerkei\/","url":"https:\/\/schoenstatt.com\/de\/treffen-mit-papst-leo-in-der-tuerkei\/","name":"Treffen mit Papst Leo in der T\u00fcrkei - Schoenstatt","isPartOf":{"@id":"https:\/\/schoenstatt.com\/de\/#website"},"primaryImageOfPage":{"@id":"https:\/\/schoenstatt.com\/de\/treffen-mit-papst-leo-in-der-tuerkei\/#primaryimage"},"image":{"@id":"https:\/\/schoenstatt.com\/de\/treffen-mit-papst-leo-in-der-tuerkei\/#primaryimage"},"thumbnailUrl":"https:\/\/schoenstatt.com\/wp-content\/uploads\/2025\/12\/Russian-Pilgrims.webp","datePublished":"2025-12-04T11:47:54+00:00","dateModified":"2025-12-04T17:24:33+00:00","description":"Eine Gruppe von Sch\u00f6nst\u00e4ttern aus Russland begleitete Papst Leo XIV. auf seiner Reise in die T\u00fcrkei und nach dem Libanon.","breadcrumb":{"@id":"https:\/\/schoenstatt.com\/de\/treffen-mit-papst-leo-in-der-tuerkei\/#breadcrumb"},"inLanguage":"de","potentialAction":[{"@type":"ReadAction","target":["https:\/\/schoenstatt.com\/de\/treffen-mit-papst-leo-in-der-tuerkei\/"]}]},{"@type":"ImageObject","inLanguage":"de","@id":"https:\/\/schoenstatt.com\/de\/treffen-mit-papst-leo-in-der-tuerkei\/#primaryimage","url":"https:\/\/schoenstatt.com\/wp-content\/uploads\/2025\/12\/Russian-Pilgrims.webp","contentUrl":"https:\/\/schoenstatt.com\/wp-content\/uploads\/2025\/12\/Russian-Pilgrims.webp","width":1280,"height":824},{"@type":"BreadcrumbList","@id":"https:\/\/schoenstatt.com\/de\/treffen-mit-papst-leo-in-der-tuerkei\/#breadcrumb","itemListElement":[{"@type":"ListItem","position":1,"name":"Portada","item":"https:\/\/schoenstatt.com\/de\/home\/"},{"@type":"ListItem","position":2,"name":"Treffen mit Papst Leo in der T\u00fcrkei"}]},{"@type":"WebSite","@id":"https:\/\/schoenstatt.com\/de\/#website","url":"https:\/\/schoenstatt.com\/de\/","name":"Schoenstatt","description":"Apostolic Movement","publisher":{"@id":"https:\/\/schoenstatt.com\/de\/#organization"},"potentialAction":[{"@type":"SearchAction","target":{"@type":"EntryPoint","urlTemplate":"https:\/\/schoenstatt.com\/de\/?s={search_term_string}"},"query-input":{"@type":"PropertyValueSpecification","valueRequired":true,"valueName":"search_term_string"}}],"inLanguage":"de"},{"@type":"Organization","@id":"https:\/\/schoenstatt.com\/de\/#organization","name":"Schoenstatt","url":"https:\/\/schoenstatt.com\/de\/","logo":{"@type":"ImageObject","inLanguage":"de","@id":"https:\/\/schoenstatt.com\/de\/#\/schema\/logo\/image\/","url":"https:\/\/schoenstatt.com\/wp-content\/uploads\/2025\/04\/logo-schoenstatt-white-696x696-1.png","contentUrl":"https:\/\/schoenstatt.com\/wp-content\/uploads\/2025\/04\/logo-schoenstatt-white-696x696-1.png","width":696,"height":694,"caption":"Schoenstatt"},"image":{"@id":"https:\/\/schoenstatt.com\/de\/#\/schema\/logo\/image\/"}},{"@type":"Person","@id":"https:\/\/schoenstatt.com\/de\/#\/schema\/person\/5158877ad4acae98b34daaeef2a1ce6e","name":"Karen Bueno","image":{"@type":"ImageObject","inLanguage":"de","@id":"https:\/\/secure.gravatar.com\/avatar\/f9f4b823873154269d2b2130f195f6d41037dd0d7fc5f3cacb5c846bae70d66b?s=96&d=mm&r=g","url":"https:\/\/secure.gravatar.com\/avatar\/f9f4b823873154269d2b2130f195f6d41037dd0d7fc5f3cacb5c846bae70d66b?s=96&d=mm&r=g","contentUrl":"https:\/\/secure.gravatar.com\/avatar\/f9f4b823873154269d2b2130f195f6d41037dd0d7fc5f3cacb5c846bae70d66b?s=96&d=mm&r=g","caption":"Karen Bueno"},"url":"https:\/\/schoenstatt.com\/de\/author\/karen-bueno\/"}]}},"_links":{"self":[{"href":"https:\/\/schoenstatt.com\/de\/wp-json\/wp\/v2\/posts\/67010","targetHints":{"allow":["GET"]}}],"collection":[{"href":"https:\/\/schoenstatt.com\/de\/wp-json\/wp\/v2\/posts"}],"about":[{"href":"https:\/\/schoenstatt.com\/de\/wp-json\/wp\/v2\/types\/post"}],"author":[{"embeddable":true,"href":"https:\/\/schoenstatt.com\/de\/wp-json\/wp\/v2\/users\/3"}],"replies":[{"embeddable":true,"href":"https:\/\/schoenstatt.com\/de\/wp-json\/wp\/v2\/comments?post=67010"}],"version-history":[{"count":2,"href":"https:\/\/schoenstatt.com\/de\/wp-json\/wp\/v2\/posts\/67010\/revisions"}],"predecessor-version":[{"id":67012,"href":"https:\/\/schoenstatt.com\/de\/wp-json\/wp\/v2\/posts\/67010\/revisions\/67012"}],"wp:featuredmedia":[{"embeddable":true,"href":"https:\/\/schoenstatt.com\/de\/wp-json\/wp\/v2\/media\/66991"}],"wp:attachment":[{"href":"https:\/\/schoenstatt.com\/de\/wp-json\/wp\/v2\/media?parent=67010"}],"wp:term":[{"taxonomy":"category","embeddable":true,"href":"https:\/\/schoenstatt.com\/de\/wp-json\/wp\/v2\/categories?post=67010"},{"taxonomy":"post_tag","embeddable":true,"href":"https:\/\/schoenstatt.com\/de\/wp-json\/wp\/v2\/tags?post=67010"}],"curies":[{"name":"wp","href":"https:\/\/api.w.org\/{rel}","templated":true}]}}