{"id":67006,"date":"2025-12-03T12:48:52","date_gmt":"2025-12-03T11:48:52","guid":{"rendered":"https:\/\/schoenstatt.com\/?p=67006"},"modified":"2025-12-04T18:15:16","modified_gmt":"2025-12-04T17:15:16","slug":"maenner-rosenkranz-knuepft-kontakte-in-der-toskana","status":"publish","type":"post","link":"https:\/\/schoenstatt.com\/de\/maenner-rosenkranz-knuepft-kontakte-in-der-toskana\/","title":{"rendered":"M\u00e4nner-Rosenkranz kn\u00fcpft Kontakte in der Toskana"},"content":{"rendered":"\n<p>Vor etwa einem Jahr entstand in der Toskana (Italien) die erste sch\u00f6nst\u00e4ttische M\u00e4nner-Rosenkranzgruppe. Diese Initiative f\u00fchrt die M\u00e4nner dieser Gruppe w\u00f6chentlich zum Rosenkranzgebet zusammen (<a href=\"https:\/\/schoenstatt.com\/de\/in-mission\/kirche\/maenner-rosenkranz-mutter-und-koenigin-in-brasilien\/\">weitere Informationen hier<\/a>). Dieser Moment des Gebets st\u00e4rkt ihre Verbundenheit und macht sie zu Protagonisten eines Projekts, das im Grunde von M\u00e4nnern gestaltet wird.<\/p>\n\n\n\n<p>Die Rosenkranzgruppe der M\u00e4nner aus der Toskana trifft sich dank der Gottesmutter treu jeden letzten Samstag im Monat. Im Laufe der Zeit haben sich die Treffen etabliert und es ist eine sch\u00f6ne Freundschaft entstanden, die durch das Gebet gepflegt wird und durch das \u00fcbliche Fr\u00fchst\u00fcck mit hausgemachtem s\u00fc\u00dfem Geb\u00e4ck, das von den Ehefrauen der M\u00e4nner zubereitet wird. Das ist wirklich etwas sehr Wertvolles.<\/p>\n\n\n\n<figure class=\"wp-block-image aligncenter size-full\"><img decoding=\"async\" src=\"https:\/\/schoenstatt.com\/wp-content\/uploads\/2025\/12\/Mens-Rosary-Italy-2.jpg\" alt=\"\" class=\"wp-image-66935\"\/><\/figure>\n\n\n\n<h3 class=\"wp-block-heading\" id=\"h-der-manner-rosenkranz-in-capannoli-pisa-toskana-italien\">Der M\u00e4nner-Rosenkranz in Capannoli (Pisa, Toskana, Italien)<\/h3>\n\n\n\n<p>In diesen Herbstmonaten haben sich in Capannoli (Toskana) f\u00fcnfzehn M\u00e4nner versammelt, um diese sch\u00f6ne Marienverehrung fortzusetzen. In der Stille der kleinen Kirche ist ihr Gebet in eine tiefe und schlichte Atmosph\u00e4re eingetaucht. Es \u00fcberrascht, diese M\u00e4nner in der Stille einer Kirche zum Rosenkranzgebet zu sehen in einer kleinen Stadt wie Capannoli. Sie machen keinen L\u00e4rm, sie suchen keine Aufmerksamkeit: Sie bewahren einfach eine Tradition, die in ihren H\u00e4nden wieder lebendig, konkret wird und einen unsch\u00e4tzbaren Wert erh\u00e4lt.<\/p>\n\n\n\n<p>Am beeindruckendsten ist die Br\u00fcderlichkeit, die Generationen \u00fcbergreift: Von 14 bis 84 Jahren \u00fcberwindet die gleiche Ave-Maria-Gebetskette Unterschiede, sie verbindet unterschiedliche Erfahrungen und Geschichten und schl\u00e4gt eine Br\u00fccke zwischen denen, die am Anfang ihres Lebensweges stehen, und denen, die Jahrzehnte voller Erinnerungen hinter sich haben. Das ist ein Zeichen f\u00fcr einen Glauben, der kein Alter kennt und wie ein stilles Erbe weiterflie\u00dft, das sich nicht aufdr\u00e4ngt, sondern angeboten wird. So wird Capannoli zu einer kleinen Ikone: einem Ort, an dem Fr\u00f6mmigkeit keine \u201eSache der anderen\u201d ist, sondern eine freie und gemeinsame Entscheidung; einem Ort, an dem das Gebet nicht isoliert, sondern Gemeinschaft schafft; einem Ort, an dem Maria kein fernes Bild ist, sondern eine Mutter, die zusammenf\u00fchrt und begleitet.<\/p>\n\n\n\n<h3 class=\"wp-block-heading\" id=\"h-ich-hoffe-dass-er-sich-in-ganz-italien-ausbreitet\">\u201eIch hoffe, dass er sich in ganz Italien ausbreitet\u201d<\/h3>\n\n\n\n<div style=\"height:44px\" aria-hidden=\"true\" class=\"wp-block-spacer\"><\/div>\n\n\n\n<div class=\"wp-block-media-text is-stacked-on-mobile\" style=\"grid-template-columns:34% auto\"><figure class=\"wp-block-media-text__media\"><img decoding=\"async\" src=\"https:\/\/schoenstatt.com\/wp-content\/uploads\/2025\/12\/Giorgio-Bessi-Toscana-Italy.jpg\" alt=\"\" class=\"wp-image-66925 size-full\"\/><\/figure><div class=\"wp-block-media-text__content\">\n<p>Der M\u00e4nner-Rosenkranz entstand in der Toskana auf Initiative von Giorgio Bessi, einem schlichten und weisen Mann, dessen Blick \u00fcber den Horizont hinauszugehen scheint. Er selbst erz\u00e4hlt: <\/p>\n\n\n\n<p><em>\u201eAn einem Sonntag sah ich im Pfarrblatt einen Artikel \u00fcber eine M\u00e4nnergruppe, die zum Gebet zusammenkommt. Da dachte ich, es auch zu versuchen. Ich w\u00e4hlte den letzten Samstag im Mai, lud einige Freunde ein und war mir sicher, dass wir nicht einmal zehn sein w\u00fcrden, aber zu meiner \u00dcberraschung waren wir 15, und dann wurden wir immer mehr, bis wir an manchen Samstagen an die 25 waren. Wir trafen uns fr\u00fch am Morgen um 8:30 Uhr und nach dem Gebet blieben wir auf der Kirchenveranda sitzen, tranken hei\u00dfen Kaffee und a\u00dfen s\u00fc\u00dfes Geb\u00e4ck, das unsere Frauen zubereitet hatten. Es bildete sich eine sch\u00f6ne Gruppe, nicht nur zum Beten, sondern auch zum frohen Beisammensein. Ich bin sehr froh, diese Initiative ins Leben gerufen zu haben, sowohl unseretwegen als auch zur Ermutigung anderer Pfarreien, die \u00fcberrascht sind von dem, was wir erreicht haben.\u201c<\/em><\/p>\n\n\n\n<p><\/p>\n<\/div><\/div>\n\n\n\n<div style=\"height:65px\" aria-hidden=\"true\" class=\"wp-block-spacer\"><\/div>\n\n\n\n<div class=\"wp-block-media-text has-media-on-the-right is-stacked-on-mobile\" style=\"grid-template-columns:auto 30%\"><div class=\"wp-block-media-text__content\">\n<p>Auch Herr Andrea Fiorentini gibt sein Zeugnis, in dem er betont:<\/p>\n\n\n\n<p><em>\u201eIch bin sehr gl\u00fccklich und stolz, am M\u00e4nner-Rosenkranz der Sch\u00f6nstatt-Bewegung teilzunehmen. Wenn ich die Gelegenheit dazu habe, freue ich mich, ihn zu leiten und das Mariengebet durch meine Stimme als Werkzeug Gottes vorzubeten. Es erf\u00fcllt mich mit Freude, dass mein dreizehnj\u00e4hriger Sohn anwesend ist, dass er dabei ist, denn ich sp\u00fcre, dass eine neue Generation entz\u00fcndet wird und wiederbeginnt. Der Moment des Beisammenseins nach dem Rosenkranz mag \u00fcberfl\u00fcssig erscheinen, aber wir bauen eine Art Freundschaft mit den anwesenden M\u00e4nnern auf, und es ist sch\u00f6n, gemeinsam einen Kaffee und ein kleines Geb\u00e4ck zu genie\u00dfen und in der Morgenbrise ein paar Worte zu wechseln. Ich bin dankbar f\u00fcr die Gelegenheit, am ersten italienischen M\u00e4nner-Rosenkranz teilzunehmen, und hoffe, dass er sich in ganz Italien ausbreitet.\u201c<\/em><\/p>\n<\/div><figure class=\"wp-block-media-text__media\"><img decoding=\"async\" src=\"https:\/\/schoenstatt.com\/wp-content\/uploads\/2025\/12\/Andrea-Fiorentini-Toscana-Italy.jpg\" alt=\"\" class=\"wp-image-66930 size-full\"\/><\/figure><\/div>\n\n\n\n<div style=\"height:52px\" aria-hidden=\"true\" class=\"wp-block-spacer\"><\/div>\n\n\n\n<h3 class=\"wp-block-heading\" id=\"h-der-ursprung-des-schonstattischen-manner-rosenkranzes\">Der Ursprung des sch\u00f6nst\u00e4ttischen M\u00e4nner-Rosenkranzes<\/h3>\n\n\n\n<p>Der M\u00e4nner-Rosenkranz entstand 1997 in Brasilien und versammelt derzeit w\u00f6chentlich eine gro\u00dfe Anzahl von M\u00e4nnern in Pfarreien und Gemeinden auf der ganzen Welt. Das Rosenkranzgebet der M\u00e4nner ist inspiriert von den Werten der Sch\u00f6nstatt-Bewegung, insbesondere von folgenden Aspekten: Geist des Liebesb\u00fcndnisses und der Heiligtumsgebundenheit, Sendungsgeist (M\u00e4nner sein, die Maria in die Welt tragen), Charakterbildung, Disziplin und Engagement sowie Verantwortung gegen\u00fcber der Familie, die als erster Apostolatsbereich verstanden wird. Der Rosenkranz hat daher auch eine zutiefst m\u00e4nnliche Dimension, die Charakter und Geist formen kann. In Europa ist er erst seit kurzem verbreitet, vor allem in Deutschland, Spanien, Portugal und Italien.<\/p>\n\n\n\n<figure class=\"wp-block-image aligncenter size-full\"><img fetchpriority=\"high\" decoding=\"async\" width=\"1600\" height=\"999\" src=\"https:\/\/schoenstatt.com\/wp-content\/uploads\/2025\/12\/Mens-Rosary-Italy.webp\" alt=\"\" class=\"wp-image-66941\" srcset=\"https:\/\/schoenstatt.com\/wp-content\/uploads\/2025\/12\/Mens-Rosary-Italy.webp 1600w, https:\/\/schoenstatt.com\/wp-content\/uploads\/2025\/12\/Mens-Rosary-Italy-768x480.webp 768w, https:\/\/schoenstatt.com\/wp-content\/uploads\/2025\/12\/Mens-Rosary-Italy-1536x959.webp 1536w\" sizes=\"(max-width: 1600px) 100vw, 1600px\" \/><\/figure>\n\n\n\n<h3 class=\"wp-block-heading\" id=\"h-ursprung-des-rosenkranzes\">Ursprung des Rosenkranzes<\/h3>\n\n\n\n<p>Der Rosenkranz entstand als eine meditative und repetitive Gebetsform, die sich zwischen dem 11. und 15. Jahrhundert in der christlichen Tradition nach und nach entwickelte, bis sie im 16. Jahrhundert ihre heutige Form annahm. Das Grundgebet ist das Ave Maria, das zuerst aus dem biblischen Teil (Lk 1,28 und 1,42) besteht, w\u00e4hrend der zweite Teil (\u201eHeilige Maria, Mutter Gottes\u2026\u201c) ab dem 11. Jahrhundert verbreitet wurde und sich erst im 15. und 16. Jahrhundert festigte. Eine volkst\u00fcmliche \u00dcberlieferung schreibt die Einf\u00fchrung des Rosenkranzes dem heiligen Dominikus zu, obwohl diese Initiative auf den seligen Dominikaner Alain de la Roche im 14. Jahrhundert zur\u00fcckgeht. Im Jahr 1569 ver\u00f6ffentlichte Papst Pius V. die Bulle <em>Consueverunt Romani Pontifices<\/em>, welche die Struktur des Rosenkranzes so festlegte, wie wir sie heute kennen. Im Jahr 2002 ver\u00f6ffentlichte Papst Johannes Paul II. das Apostolische Schreiben <em><a href=\"https:\/\/www.vatican.va\/content\/john-paul-ii\/de\/apost_letters\/2002\/documents\/hf_jp-ii_apl_20021016_rosarium-virginis-mariae.html\" target=\"_blank\" rel=\"noreferrer noopener\">Rosarium Virginis Mariae<\/a><\/em>, in dem er die lichtreichen Geheimnisse einf\u00fchrte und zu dem Schluss kam: <em>\u201eEin Gebet, das so einfach und gleichzeitig so reich ist, verdient es wirklich, von der christlichen Gemeinschaft neu entdeckt zu werden\u201d.<\/em><\/p>\n\n\n\n<p><strong>\u00dcbersetzung:<\/strong> Sr. Carola Maria Tremmel<\/p>\n","protected":false},"excerpt":{"rendered":"<p>Ein Jahr nach der Gr\u00fcndung der Gruppe w\u00e4chst der M\u00e4nner-Rosenkranz weiter und bleibt seinen Treffen und der Spiritualit\u00e4t Sch\u00f6nstatts treu.<\/p>\n","protected":false},"author":3,"featured_media":66942,"comment_status":"closed","ping_status":"closed","sticky":false,"template":"","format":"standard","meta":{"footnotes":""},"categories":[870,895],"tags":[],"class_list":["post-67006","post","type-post","status-publish","format-standard","has-post-thumbnail","hentry","category-europa-de","category-uber-die-mission-de"],"yoast_head":"<!-- This site is optimized with the Yoast SEO Premium plugin v27.4 (Yoast SEO v27.5) - https:\/\/yoast.com\/product\/yoast-seo-premium-wordpress\/ -->\n<title>M\u00e4nner-Rosenkranz kn\u00fcpft Kontakte in der Toskana - Schoenstatt<\/title>\n<meta name=\"description\" content=\"Ein Jahr nach der Gr\u00fcndung der Gruppe w\u00e4chst der M\u00e4nner-Rosenkranz weiter und bleibt seinen Treffen und der Spiritualit\u00e4t Sch\u00f6nstatts treu.\" \/>\n<meta name=\"robots\" content=\"index, follow, max-snippet:-1, max-image-preview:large, max-video-preview:-1\" \/>\n<link rel=\"canonical\" href=\"https:\/\/schoenstatt.com\/de\/maenner-rosenkranz-knuepft-kontakte-in-der-toskana\/\" \/>\n<meta property=\"og:locale\" content=\"de_DE\" \/>\n<meta property=\"og:type\" content=\"article\" \/>\n<meta property=\"og:title\" content=\"M\u00e4nner-Rosenkranz kn\u00fcpft Kontakte in der Toskana\" \/>\n<meta property=\"og:description\" content=\"Ein Jahr nach der Gr\u00fcndung der Gruppe w\u00e4chst der M\u00e4nner-Rosenkranz weiter und bleibt seinen Treffen und der Spiritualit\u00e4t Sch\u00f6nstatts treu.\" \/>\n<meta property=\"og:url\" content=\"https:\/\/schoenstatt.com\/de\/maenner-rosenkranz-knuepft-kontakte-in-der-toskana\/\" \/>\n<meta property=\"og:site_name\" content=\"Schoenstatt\" \/>\n<meta property=\"article:published_time\" content=\"2025-12-03T11:48:52+00:00\" \/>\n<meta property=\"article:modified_time\" content=\"2025-12-04T17:15:16+00:00\" \/>\n<meta property=\"og:image\" content=\"https:\/\/schoenstatt.com\/wp-content\/uploads\/2025\/12\/Mens-Rosary-Italy.webp\" \/>\n\t<meta property=\"og:image:width\" content=\"1600\" \/>\n\t<meta property=\"og:image:height\" content=\"999\" \/>\n\t<meta property=\"og:image:type\" content=\"image\/jpeg\" \/>\n<meta name=\"author\" content=\"Karen Bueno\" \/>\n<meta name=\"twitter:card\" content=\"summary_large_image\" \/>\n<meta name=\"twitter:label1\" content=\"Verfasst von\" \/>\n\t<meta name=\"twitter:data1\" content=\"Karen Bueno\" \/>\n\t<meta name=\"twitter:label2\" content=\"Gesch\u00e4tzte Lesezeit\" \/>\n\t<meta name=\"twitter:data2\" content=\"7\u00a0Minuten\" \/>\n<script type=\"application\/ld+json\" class=\"yoast-schema-graph\">{\"@context\":\"https:\\\/\\\/schema.org\",\"@graph\":[{\"@type\":\"Article\",\"@id\":\"https:\\\/\\\/schoenstatt.com\\\/de\\\/maenner-rosenkranz-knuepft-kontakte-in-der-toskana\\\/#article\",\"isPartOf\":{\"@id\":\"https:\\\/\\\/schoenstatt.com\\\/de\\\/maenner-rosenkranz-knuepft-kontakte-in-der-toskana\\\/\"},\"author\":{\"name\":\"Karen Bueno\",\"@id\":\"https:\\\/\\\/schoenstatt.com\\\/de\\\/#\\\/schema\\\/person\\\/5158877ad4acae98b34daaeef2a1ce6e\"},\"headline\":\"M\u00e4nner-Rosenkranz kn\u00fcpft Kontakte in der Toskana\",\"datePublished\":\"2025-12-03T11:48:52+00:00\",\"dateModified\":\"2025-12-04T17:15:16+00:00\",\"mainEntityOfPage\":{\"@id\":\"https:\\\/\\\/schoenstatt.com\\\/de\\\/maenner-rosenkranz-knuepft-kontakte-in-der-toskana\\\/\"},\"wordCount\":976,\"publisher\":{\"@id\":\"https:\\\/\\\/schoenstatt.com\\\/de\\\/#organization\"},\"image\":{\"@id\":\"https:\\\/\\\/schoenstatt.com\\\/de\\\/maenner-rosenkranz-knuepft-kontakte-in-der-toskana\\\/#primaryimage\"},\"thumbnailUrl\":\"https:\\\/\\\/schoenstatt.com\\\/wp-content\\\/uploads\\\/2025\\\/12\\\/Mens-Rosary-Italy.webp\",\"articleSection\":[\"Europa\",\"\u00dcber die Mission\"],\"inLanguage\":\"de\"},{\"@type\":\"WebPage\",\"@id\":\"https:\\\/\\\/schoenstatt.com\\\/de\\\/maenner-rosenkranz-knuepft-kontakte-in-der-toskana\\\/\",\"url\":\"https:\\\/\\\/schoenstatt.com\\\/de\\\/maenner-rosenkranz-knuepft-kontakte-in-der-toskana\\\/\",\"name\":\"M\u00e4nner-Rosenkranz kn\u00fcpft Kontakte in der Toskana - Schoenstatt\",\"isPartOf\":{\"@id\":\"https:\\\/\\\/schoenstatt.com\\\/de\\\/#website\"},\"primaryImageOfPage\":{\"@id\":\"https:\\\/\\\/schoenstatt.com\\\/de\\\/maenner-rosenkranz-knuepft-kontakte-in-der-toskana\\\/#primaryimage\"},\"image\":{\"@id\":\"https:\\\/\\\/schoenstatt.com\\\/de\\\/maenner-rosenkranz-knuepft-kontakte-in-der-toskana\\\/#primaryimage\"},\"thumbnailUrl\":\"https:\\\/\\\/schoenstatt.com\\\/wp-content\\\/uploads\\\/2025\\\/12\\\/Mens-Rosary-Italy.webp\",\"datePublished\":\"2025-12-03T11:48:52+00:00\",\"dateModified\":\"2025-12-04T17:15:16+00:00\",\"description\":\"Ein Jahr nach der Gr\u00fcndung der Gruppe w\u00e4chst der M\u00e4nner-Rosenkranz weiter und bleibt seinen Treffen und der Spiritualit\u00e4t Sch\u00f6nstatts treu.\",\"breadcrumb\":{\"@id\":\"https:\\\/\\\/schoenstatt.com\\\/de\\\/maenner-rosenkranz-knuepft-kontakte-in-der-toskana\\\/#breadcrumb\"},\"inLanguage\":\"de\",\"potentialAction\":[{\"@type\":\"ReadAction\",\"target\":[\"https:\\\/\\\/schoenstatt.com\\\/de\\\/maenner-rosenkranz-knuepft-kontakte-in-der-toskana\\\/\"]}]},{\"@type\":\"ImageObject\",\"inLanguage\":\"de\",\"@id\":\"https:\\\/\\\/schoenstatt.com\\\/de\\\/maenner-rosenkranz-knuepft-kontakte-in-der-toskana\\\/#primaryimage\",\"url\":\"https:\\\/\\\/schoenstatt.com\\\/wp-content\\\/uploads\\\/2025\\\/12\\\/Mens-Rosary-Italy.webp\",\"contentUrl\":\"https:\\\/\\\/schoenstatt.com\\\/wp-content\\\/uploads\\\/2025\\\/12\\\/Mens-Rosary-Italy.webp\",\"width\":1600,\"height\":999},{\"@type\":\"BreadcrumbList\",\"@id\":\"https:\\\/\\\/schoenstatt.com\\\/de\\\/maenner-rosenkranz-knuepft-kontakte-in-der-toskana\\\/#breadcrumb\",\"itemListElement\":[{\"@type\":\"ListItem\",\"position\":1,\"name\":\"Portada\",\"item\":\"https:\\\/\\\/schoenstatt.com\\\/de\\\/home\\\/\"},{\"@type\":\"ListItem\",\"position\":2,\"name\":\"M\u00e4nner-Rosenkranz kn\u00fcpft Kontakte in der Toskana\"}]},{\"@type\":\"WebSite\",\"@id\":\"https:\\\/\\\/schoenstatt.com\\\/de\\\/#website\",\"url\":\"https:\\\/\\\/schoenstatt.com\\\/de\\\/\",\"name\":\"Schoenstatt\",\"description\":\"Apostolic Movement\",\"publisher\":{\"@id\":\"https:\\\/\\\/schoenstatt.com\\\/de\\\/#organization\"},\"potentialAction\":[{\"@type\":\"SearchAction\",\"target\":{\"@type\":\"EntryPoint\",\"urlTemplate\":\"https:\\\/\\\/schoenstatt.com\\\/de\\\/?s={search_term_string}\"},\"query-input\":{\"@type\":\"PropertyValueSpecification\",\"valueRequired\":true,\"valueName\":\"search_term_string\"}}],\"inLanguage\":\"de\"},{\"@type\":\"Organization\",\"@id\":\"https:\\\/\\\/schoenstatt.com\\\/de\\\/#organization\",\"name\":\"Schoenstatt\",\"url\":\"https:\\\/\\\/schoenstatt.com\\\/de\\\/\",\"logo\":{\"@type\":\"ImageObject\",\"inLanguage\":\"de\",\"@id\":\"https:\\\/\\\/schoenstatt.com\\\/de\\\/#\\\/schema\\\/logo\\\/image\\\/\",\"url\":\"https:\\\/\\\/schoenstatt.com\\\/wp-content\\\/uploads\\\/2025\\\/04\\\/logo-schoenstatt-white-696x696-1.png\",\"contentUrl\":\"https:\\\/\\\/schoenstatt.com\\\/wp-content\\\/uploads\\\/2025\\\/04\\\/logo-schoenstatt-white-696x696-1.png\",\"width\":696,\"height\":694,\"caption\":\"Schoenstatt\"},\"image\":{\"@id\":\"https:\\\/\\\/schoenstatt.com\\\/de\\\/#\\\/schema\\\/logo\\\/image\\\/\"}},{\"@type\":\"Person\",\"@id\":\"https:\\\/\\\/schoenstatt.com\\\/de\\\/#\\\/schema\\\/person\\\/5158877ad4acae98b34daaeef2a1ce6e\",\"name\":\"Karen Bueno\",\"image\":{\"@type\":\"ImageObject\",\"inLanguage\":\"de\",\"@id\":\"https:\\\/\\\/secure.gravatar.com\\\/avatar\\\/f9f4b823873154269d2b2130f195f6d41037dd0d7fc5f3cacb5c846bae70d66b?s=96&d=mm&r=g\",\"url\":\"https:\\\/\\\/secure.gravatar.com\\\/avatar\\\/f9f4b823873154269d2b2130f195f6d41037dd0d7fc5f3cacb5c846bae70d66b?s=96&d=mm&r=g\",\"contentUrl\":\"https:\\\/\\\/secure.gravatar.com\\\/avatar\\\/f9f4b823873154269d2b2130f195f6d41037dd0d7fc5f3cacb5c846bae70d66b?s=96&d=mm&r=g\",\"caption\":\"Karen Bueno\"},\"url\":\"https:\\\/\\\/schoenstatt.com\\\/de\\\/author\\\/karen-bueno\\\/\"}]}<\/script>\n<!-- \/ Yoast SEO Premium plugin. -->","yoast_head_json":{"title":"M\u00e4nner-Rosenkranz kn\u00fcpft Kontakte in der Toskana - Schoenstatt","description":"Ein Jahr nach der Gr\u00fcndung der Gruppe w\u00e4chst der M\u00e4nner-Rosenkranz weiter und bleibt seinen Treffen und der Spiritualit\u00e4t Sch\u00f6nstatts treu.","robots":{"index":"index","follow":"follow","max-snippet":"max-snippet:-1","max-image-preview":"max-image-preview:large","max-video-preview":"max-video-preview:-1"},"canonical":"https:\/\/schoenstatt.com\/de\/maenner-rosenkranz-knuepft-kontakte-in-der-toskana\/","og_locale":"de_DE","og_type":"article","og_title":"M\u00e4nner-Rosenkranz kn\u00fcpft Kontakte in der Toskana","og_description":"Ein Jahr nach der Gr\u00fcndung der Gruppe w\u00e4chst der M\u00e4nner-Rosenkranz weiter und bleibt seinen Treffen und der Spiritualit\u00e4t Sch\u00f6nstatts treu.","og_url":"https:\/\/schoenstatt.com\/de\/maenner-rosenkranz-knuepft-kontakte-in-der-toskana\/","og_site_name":"Schoenstatt","article_published_time":"2025-12-03T11:48:52+00:00","article_modified_time":"2025-12-04T17:15:16+00:00","og_image":[{"width":1600,"height":999,"url":"https:\/\/schoenstatt.com\/wp-content\/uploads\/2025\/12\/Mens-Rosary-Italy.webp","type":"image\/jpeg"}],"author":"Karen Bueno","twitter_card":"summary_large_image","twitter_misc":{"Verfasst von":"Karen Bueno","Gesch\u00e4tzte Lesezeit":"7\u00a0Minuten"},"schema":{"@context":"https:\/\/schema.org","@graph":[{"@type":"Article","@id":"https:\/\/schoenstatt.com\/de\/maenner-rosenkranz-knuepft-kontakte-in-der-toskana\/#article","isPartOf":{"@id":"https:\/\/schoenstatt.com\/de\/maenner-rosenkranz-knuepft-kontakte-in-der-toskana\/"},"author":{"name":"Karen Bueno","@id":"https:\/\/schoenstatt.com\/de\/#\/schema\/person\/5158877ad4acae98b34daaeef2a1ce6e"},"headline":"M\u00e4nner-Rosenkranz kn\u00fcpft Kontakte in der Toskana","datePublished":"2025-12-03T11:48:52+00:00","dateModified":"2025-12-04T17:15:16+00:00","mainEntityOfPage":{"@id":"https:\/\/schoenstatt.com\/de\/maenner-rosenkranz-knuepft-kontakte-in-der-toskana\/"},"wordCount":976,"publisher":{"@id":"https:\/\/schoenstatt.com\/de\/#organization"},"image":{"@id":"https:\/\/schoenstatt.com\/de\/maenner-rosenkranz-knuepft-kontakte-in-der-toskana\/#primaryimage"},"thumbnailUrl":"https:\/\/schoenstatt.com\/wp-content\/uploads\/2025\/12\/Mens-Rosary-Italy.webp","articleSection":["Europa","\u00dcber die Mission"],"inLanguage":"de"},{"@type":"WebPage","@id":"https:\/\/schoenstatt.com\/de\/maenner-rosenkranz-knuepft-kontakte-in-der-toskana\/","url":"https:\/\/schoenstatt.com\/de\/maenner-rosenkranz-knuepft-kontakte-in-der-toskana\/","name":"M\u00e4nner-Rosenkranz kn\u00fcpft Kontakte in der Toskana - Schoenstatt","isPartOf":{"@id":"https:\/\/schoenstatt.com\/de\/#website"},"primaryImageOfPage":{"@id":"https:\/\/schoenstatt.com\/de\/maenner-rosenkranz-knuepft-kontakte-in-der-toskana\/#primaryimage"},"image":{"@id":"https:\/\/schoenstatt.com\/de\/maenner-rosenkranz-knuepft-kontakte-in-der-toskana\/#primaryimage"},"thumbnailUrl":"https:\/\/schoenstatt.com\/wp-content\/uploads\/2025\/12\/Mens-Rosary-Italy.webp","datePublished":"2025-12-03T11:48:52+00:00","dateModified":"2025-12-04T17:15:16+00:00","description":"Ein Jahr nach der Gr\u00fcndung der Gruppe w\u00e4chst der M\u00e4nner-Rosenkranz weiter und bleibt seinen Treffen und der Spiritualit\u00e4t Sch\u00f6nstatts treu.","breadcrumb":{"@id":"https:\/\/schoenstatt.com\/de\/maenner-rosenkranz-knuepft-kontakte-in-der-toskana\/#breadcrumb"},"inLanguage":"de","potentialAction":[{"@type":"ReadAction","target":["https:\/\/schoenstatt.com\/de\/maenner-rosenkranz-knuepft-kontakte-in-der-toskana\/"]}]},{"@type":"ImageObject","inLanguage":"de","@id":"https:\/\/schoenstatt.com\/de\/maenner-rosenkranz-knuepft-kontakte-in-der-toskana\/#primaryimage","url":"https:\/\/schoenstatt.com\/wp-content\/uploads\/2025\/12\/Mens-Rosary-Italy.webp","contentUrl":"https:\/\/schoenstatt.com\/wp-content\/uploads\/2025\/12\/Mens-Rosary-Italy.webp","width":1600,"height":999},{"@type":"BreadcrumbList","@id":"https:\/\/schoenstatt.com\/de\/maenner-rosenkranz-knuepft-kontakte-in-der-toskana\/#breadcrumb","itemListElement":[{"@type":"ListItem","position":1,"name":"Portada","item":"https:\/\/schoenstatt.com\/de\/home\/"},{"@type":"ListItem","position":2,"name":"M\u00e4nner-Rosenkranz kn\u00fcpft Kontakte in der Toskana"}]},{"@type":"WebSite","@id":"https:\/\/schoenstatt.com\/de\/#website","url":"https:\/\/schoenstatt.com\/de\/","name":"Schoenstatt","description":"Apostolic Movement","publisher":{"@id":"https:\/\/schoenstatt.com\/de\/#organization"},"potentialAction":[{"@type":"SearchAction","target":{"@type":"EntryPoint","urlTemplate":"https:\/\/schoenstatt.com\/de\/?s={search_term_string}"},"query-input":{"@type":"PropertyValueSpecification","valueRequired":true,"valueName":"search_term_string"}}],"inLanguage":"de"},{"@type":"Organization","@id":"https:\/\/schoenstatt.com\/de\/#organization","name":"Schoenstatt","url":"https:\/\/schoenstatt.com\/de\/","logo":{"@type":"ImageObject","inLanguage":"de","@id":"https:\/\/schoenstatt.com\/de\/#\/schema\/logo\/image\/","url":"https:\/\/schoenstatt.com\/wp-content\/uploads\/2025\/04\/logo-schoenstatt-white-696x696-1.png","contentUrl":"https:\/\/schoenstatt.com\/wp-content\/uploads\/2025\/04\/logo-schoenstatt-white-696x696-1.png","width":696,"height":694,"caption":"Schoenstatt"},"image":{"@id":"https:\/\/schoenstatt.com\/de\/#\/schema\/logo\/image\/"}},{"@type":"Person","@id":"https:\/\/schoenstatt.com\/de\/#\/schema\/person\/5158877ad4acae98b34daaeef2a1ce6e","name":"Karen Bueno","image":{"@type":"ImageObject","inLanguage":"de","@id":"https:\/\/secure.gravatar.com\/avatar\/f9f4b823873154269d2b2130f195f6d41037dd0d7fc5f3cacb5c846bae70d66b?s=96&d=mm&r=g","url":"https:\/\/secure.gravatar.com\/avatar\/f9f4b823873154269d2b2130f195f6d41037dd0d7fc5f3cacb5c846bae70d66b?s=96&d=mm&r=g","contentUrl":"https:\/\/secure.gravatar.com\/avatar\/f9f4b823873154269d2b2130f195f6d41037dd0d7fc5f3cacb5c846bae70d66b?s=96&d=mm&r=g","caption":"Karen Bueno"},"url":"https:\/\/schoenstatt.com\/de\/author\/karen-bueno\/"}]}},"_links":{"self":[{"href":"https:\/\/schoenstatt.com\/de\/wp-json\/wp\/v2\/posts\/67006","targetHints":{"allow":["GET"]}}],"collection":[{"href":"https:\/\/schoenstatt.com\/de\/wp-json\/wp\/v2\/posts"}],"about":[{"href":"https:\/\/schoenstatt.com\/de\/wp-json\/wp\/v2\/types\/post"}],"author":[{"embeddable":true,"href":"https:\/\/schoenstatt.com\/de\/wp-json\/wp\/v2\/users\/3"}],"replies":[{"embeddable":true,"href":"https:\/\/schoenstatt.com\/de\/wp-json\/wp\/v2\/comments?post=67006"}],"version-history":[{"count":3,"href":"https:\/\/schoenstatt.com\/de\/wp-json\/wp\/v2\/posts\/67006\/revisions"}],"predecessor-version":[{"id":67009,"href":"https:\/\/schoenstatt.com\/de\/wp-json\/wp\/v2\/posts\/67006\/revisions\/67009"}],"wp:featuredmedia":[{"embeddable":true,"href":"https:\/\/schoenstatt.com\/de\/wp-json\/wp\/v2\/media\/66942"}],"wp:attachment":[{"href":"https:\/\/schoenstatt.com\/de\/wp-json\/wp\/v2\/media?parent=67006"}],"wp:term":[{"taxonomy":"category","embeddable":true,"href":"https:\/\/schoenstatt.com\/de\/wp-json\/wp\/v2\/categories?post=67006"},{"taxonomy":"post_tag","embeddable":true,"href":"https:\/\/schoenstatt.com\/de\/wp-json\/wp\/v2\/tags?post=67006"}],"curies":[{"name":"wp","href":"https:\/\/api.w.org\/{rel}","templated":true}]}}