{"id":66784,"date":"2025-11-24T14:48:41","date_gmt":"2025-11-24T13:48:41","guid":{"rendered":"https:\/\/schoenstatt.com\/?p=66784"},"modified":"2025-11-27T12:33:15","modified_gmt":"2025-11-27T11:33:15","slug":"ein-mutiges-unterfangen-in-mexiko-die-erste-schoenstatt-schule-feiert-ihr-fuenfjaehriges-bestehen","status":"publish","type":"post","link":"https:\/\/schoenstatt.com\/de\/ein-mutiges-unterfangen-in-mexiko-die-erste-schoenstatt-schule-feiert-ihr-fuenfjaehriges-bestehen\/","title":{"rendered":"Ein mutiges Unterfangen in Mexiko: Die erste Sch\u00f6nstatt-Schule feiert ihr f\u00fcnfj\u00e4hriges Bestehen"},"content":{"rendered":"\n<p>Vertrauen ist ein Wort, das in unserer Bewegung oft verwendet wird. Wir wiederholen es in unseren Gebeten \u2013 \u201eIch glaube und vertraue blind\u201c \u2013, aber lohnt es sich nicht, uns zu fragen, ob wir dieses Vertrauen auch wirklich in die Praxis umsetzen?<\/p>\n\n\n\n<p>Stellen Sie sich ein weites, wundersch\u00f6nes Tal vor, in dessen Mitte ein gro\u00dfer Baum steht. Ein Baum, der reichlich Fr\u00fcchte tr\u00e4gt, sch\u00fctzenden Schatten spendet, vor der Sonne sch\u00fctzt und Geborgenheit vermittelt. Unter diesem Baum f\u00fchlen wir uns ruhig, zuversichtlich und bereit, lange zu bleiben und seinen Schutz zu genie\u00dfen. Doch was passiert, wenn dieser Baum noch nicht existiert?<\/p>\n\n\n\n<h3 class=\"wp-block-heading\" id=\"h-ein-mutiges-experiment-etwas-neues-schaffen\">Ein mutiges Experiment: etwas Neues schaffen<\/h3>\n\n\n\n<p>Vor f\u00fcnf Jahren begann in Monterrey, Mexiko, eines der sch\u00f6nsten und zugleich anspruchsvollsten Projekte unserer Zeit: die Gr\u00fcndung der ersten Sch\u00f6nstatt-Schule in unserem Land. Inmitten einer industriellen, schnelllebigen Stadt voller L\u00e4rm und gepr\u00e4gt von sozialen Trends entstand im S\u00fcden von Monterrey die Schule Monte Reina.<\/p>\n\n\n\n<p>In einer Gegend, in der es bereits viele Privatschulen gab, war die Er\u00f6ffnung eines neuen Bildungsortes ein echter Akt des Glaubens.<\/p>\n\n\n\n<figure class=\"wp-block-gallery has-nested-images columns-default is-cropped wp-block-gallery-1 is-layout-flex wp-block-gallery-is-layout-flex\">\n<figure class=\"wp-block-image size-large\"><img fetchpriority=\"high\" decoding=\"async\" width=\"675\" height=\"900\" data-id=\"66716\" src=\"https:\/\/schoenstatt.com\/wp-content\/uploads\/2025\/11\/colegio-monte-reina-mexico-2.jpg\" alt=\"\" class=\"wp-image-66716\"\/><\/figure>\n\n\n\n<figure class=\"wp-block-image size-large\"><img decoding=\"async\" width=\"675\" height=\"900\" data-id=\"66720\" src=\"https:\/\/schoenstatt.com\/wp-content\/uploads\/2025\/11\/colegio-monte-reina-mexico-3.jpg\" alt=\"\" class=\"wp-image-66720\"\/><\/figure>\n<\/figure>\n\n\n\n<p>Begleitet und gest\u00e4rkt vom Kentenich-Schulnetzwerk \u00f6ffnete die Schule im Jahr 2021, w\u00e4hrend der Pandemie, ihre T\u00fcren. In diesem Kontext der Unsicherheit wagten nur wenige Familien, Vertrauen zu schenken. Seitdem ist die Schule Jahr f\u00fcr Jahr gewachsen, sowohl was das Personal als auch die Sch\u00fcler- und Familiengemeinschaft betrifft. Einige haben ihre Spuren hinterlassen und neue Wege eingeschlagen, andere sind geblieben und vertrauen auf dieses Projekt, das allm\u00e4hlich tiefer Wurzeln schl\u00e4gt.<\/p>\n\n\n\n<p><em>\u201eF\u00fcr uns ist Monte Reina eine Erweiterung unserer Familie. Vom ersten Tag an wurden wir in jeder Hinsicht sehr herzlich und pers\u00f6nlich behandelt. Unser Sohn ist in einem Umfeld aufgewachsen, in dem seine Talente und F\u00e4higkeiten durch die Sch\u00f6nstatt-P\u00e4dagogik gef\u00f6rdert wurden. Dies hat seine Reife und Entwicklung gest\u00e4rkt und auch sein spirituelles Wachstum gef\u00f6rdert. Monte Reina ist ein Ort, an dem nicht Massenbildung, sondern das Wachstum in der Gemeinschaft zum Wohle aller das Ziel ist\u201c<\/em>, berichtet die Familie La Vista S\u00e1enz, die zu den Ersten geh\u00f6rte, die ihr Kind in der Schule angemeldet haben.<\/p>\n\n\n\n<p>Wir leben in einer Gesellschaft, die das Sofortige und Leichte sucht. Aber manchmal ruft Gott uns dazu auf, diesen Samen zu s\u00e4en, den Samen eines Baumes, der eines Tages Fr\u00fcchte tragen und anderen Schatten spenden wird. In Monte Reina wurde dieser Samen mit Liebe, Geduld und Hingabe gepflegt.<\/p>\n\n\n\n<figure class=\"wp-block-gallery has-nested-images columns-default is-cropped wp-block-gallery-2 is-layout-flex wp-block-gallery-is-layout-flex\">\n<figure class=\"wp-block-image size-large\"><img decoding=\"async\" width=\"675\" height=\"900\" data-id=\"66726\" src=\"https:\/\/schoenstatt.com\/wp-content\/uploads\/2025\/11\/colegio-monte-reina-mexico-4.jpg\" alt=\"\" class=\"wp-image-66726\"\/><\/figure>\n\n\n\n<figure class=\"wp-block-image size-full\"><img loading=\"lazy\" decoding=\"async\" width=\"675\" height=\"900\" data-id=\"66727\" src=\"https:\/\/schoenstatt.com\/wp-content\/uploads\/2025\/11\/colegio-monte-reina-mexico-5.jpg\" alt=\"\" class=\"wp-image-66727\"\/><\/figure>\n<\/figure>\n\n\n\n<p><em>\u201eWir lieben es zu sehen, wie sie erkennen, dass jedes Kind einzigartig ist. Hier wird jedes Kind individuell begleitet, sodass das Beste in ihm zum Vorschein kommt\u201c<\/em>, sagt die Familie Somohano Mart\u00ednez und spiegelt damit den engen und menschlichen Geist wider, der die Schule auszeichnet.<\/p>\n\n\n\n<p>Die Monte-Reina-Schule ist f\u00fcr die gesamte Gemeinde der Samen in Monterrey, die langsam aufbl\u00fcht. Jeden Tag wird er mit der M\u00fche, Hingabe und dem Vertrauen der Mitarbeitenden, Familien und Sch\u00fclerinnen und Sch\u00fcler bew\u00e4ssert. Mit der Zeit wird er gro\u00dfe Fr\u00fcchte tragen und eine erneuerte Gemeinschaft beherbergen: neue M\u00e4nner und Frauen f\u00fcr eine neue Gesellschaft.<\/p>\n\n\n\n<p>Wir k\u00f6nnen bereits jetzt den positiven Einfluss der Schule auf die Familien erkennen. <em>\u201eDas Wertvollste ist, dass unsere Kinder gerne hier sind und sich wohlf\u00fchlen.\u201c Wir lieben es, einen Ort zu haben, an dem sie sich geliebt und sicher f\u00fchlen, an dem sie gesehen werden, an dem sie auf kreative Weise lernen und an dem unser Glaube gelebt wird\u201c<\/em>, sagt die Gr\u00fcnderfamilie Cant\u00fa Villarreal.<\/p>\n\n\n\n<p>Wir setzen unser Engagement fort, diesen Samen zu pflegen, und vertrauen weiterhin auf Gott und die Gottesmutter, dass sie dieses Projekt mit Gnaden und Segnungen erf\u00fcllen. Dieses Projekt geh\u00f6rt allen, aber besonders der Gottesmutter.<\/p>\n\n\n\n<p><strong>\u00dcbersetzung: <\/strong>Sr. M. Lourdes Mac\u00edas<br><strong>Lektorat: <\/strong>Hildegard Kaiser<\/p>\n","protected":false},"excerpt":{"rendered":"<p>Anl\u00e4sslich des f\u00fcnfj\u00e4hrigen Jubil\u00e4ums der Monte-Reina-Schule sprechen die Gr\u00fcnder \u00fcber die Bedeutung der ersten Sch\u00f6nstatt-Schule des Landes.<\/p>\n","protected":false},"author":3,"featured_media":66735,"comment_status":"closed","ping_status":"closed","sticky":false,"template":"","format":"standard","meta":{"footnotes":""},"categories":[195],"tags":[1185],"class_list":["post-66784","post","type-post","status-publish","format-standard","has-post-thumbnail","hentry","category-amerika-de","tag-schonstatt-mexiko-de"],"yoast_head":"<!-- This site is optimized with the Yoast SEO Premium plugin v27.4 (Yoast SEO v27.4) - https:\/\/yoast.com\/product\/yoast-seo-premium-wordpress\/ -->\n<title>Ein mutiges Unterfangen in Mexiko: Die erste Sch\u00f6nstatt-Schule feiert ihr f\u00fcnfj\u00e4hriges Bestehen<\/title>\n<meta name=\"description\" content=\"Anl\u00e4sslich des f\u00fcnfj\u00e4hrigen Jubil\u00e4ums der Monte-Reina-Schule sprechen die Gr\u00fcnder \u00fcber die Bedeutung der ersten Sch\u00f6nstatt-Schule des Landes.\" \/>\n<meta name=\"robots\" content=\"index, follow, max-snippet:-1, max-image-preview:large, max-video-preview:-1\" \/>\n<link rel=\"canonical\" href=\"https:\/\/schoenstatt.com\/de\/ein-mutiges-unterfangen-in-mexiko-die-erste-schoenstatt-schule-feiert-ihr-fuenfjaehriges-bestehen\/\" \/>\n<meta property=\"og:locale\" content=\"de_DE\" \/>\n<meta property=\"og:type\" content=\"article\" \/>\n<meta property=\"og:title\" content=\"Ein mutiges Unterfangen in Mexiko: Die erste Sch\u00f6nstatt-Schule feiert ihr f\u00fcnfj\u00e4hriges Bestehen\" \/>\n<meta property=\"og:description\" content=\"Anl\u00e4sslich des f\u00fcnfj\u00e4hrigen Jubil\u00e4ums der Monte-Reina-Schule sprechen die Gr\u00fcnder \u00fcber die Bedeutung der ersten Sch\u00f6nstatt-Schule des Landes.\" \/>\n<meta property=\"og:url\" content=\"https:\/\/schoenstatt.com\/de\/ein-mutiges-unterfangen-in-mexiko-die-erste-schoenstatt-schule-feiert-ihr-fuenfjaehriges-bestehen\/\" \/>\n<meta property=\"og:site_name\" content=\"Schoenstatt\" \/>\n<meta property=\"article:published_time\" content=\"2025-11-24T13:48:41+00:00\" \/>\n<meta property=\"article:modified_time\" content=\"2025-11-27T11:33:15+00:00\" \/>\n<meta property=\"og:image\" content=\"https:\/\/schoenstatt.com\/wp-content\/uploads\/2025\/11\/colegio-monte-reina-mexico.webp\" \/>\n\t<meta property=\"og:image:width\" content=\"1600\" \/>\n\t<meta property=\"og:image:height\" content=\"861\" \/>\n\t<meta property=\"og:image:type\" content=\"image\/jpeg\" \/>\n<meta name=\"author\" content=\"Karen Bueno\" \/>\n<meta name=\"twitter:card\" content=\"summary_large_image\" \/>\n<meta name=\"twitter:label1\" content=\"Verfasst von\" \/>\n\t<meta name=\"twitter:data1\" content=\"Karen Bueno\" \/>\n\t<meta name=\"twitter:label2\" content=\"Gesch\u00e4tzte Lesezeit\" \/>\n\t<meta name=\"twitter:data2\" content=\"5\u00a0Minuten\" \/>\n<script type=\"application\/ld+json\" class=\"yoast-schema-graph\">{\"@context\":\"https:\\\/\\\/schema.org\",\"@graph\":[{\"@type\":\"Article\",\"@id\":\"https:\\\/\\\/schoenstatt.com\\\/de\\\/ein-mutiges-unterfangen-in-mexiko-die-erste-schoenstatt-schule-feiert-ihr-fuenfjaehriges-bestehen\\\/#article\",\"isPartOf\":{\"@id\":\"https:\\\/\\\/schoenstatt.com\\\/de\\\/ein-mutiges-unterfangen-in-mexiko-die-erste-schoenstatt-schule-feiert-ihr-fuenfjaehriges-bestehen\\\/\"},\"author\":{\"name\":\"Karen Bueno\",\"@id\":\"https:\\\/\\\/schoenstatt.com\\\/de\\\/#\\\/schema\\\/person\\\/5158877ad4acae98b34daaeef2a1ce6e\"},\"headline\":\"Ein mutiges Unterfangen in Mexiko: Die erste Sch\u00f6nstatt-Schule feiert ihr f\u00fcnfj\u00e4hriges Bestehen\",\"datePublished\":\"2025-11-24T13:48:41+00:00\",\"dateModified\":\"2025-11-27T11:33:15+00:00\",\"mainEntityOfPage\":{\"@id\":\"https:\\\/\\\/schoenstatt.com\\\/de\\\/ein-mutiges-unterfangen-in-mexiko-die-erste-schoenstatt-schule-feiert-ihr-fuenfjaehriges-bestehen\\\/\"},\"wordCount\":653,\"publisher\":{\"@id\":\"https:\\\/\\\/schoenstatt.com\\\/de\\\/#organization\"},\"image\":{\"@id\":\"https:\\\/\\\/schoenstatt.com\\\/de\\\/ein-mutiges-unterfangen-in-mexiko-die-erste-schoenstatt-schule-feiert-ihr-fuenfjaehriges-bestehen\\\/#primaryimage\"},\"thumbnailUrl\":\"https:\\\/\\\/schoenstatt.com\\\/wp-content\\\/uploads\\\/2025\\\/11\\\/colegio-monte-reina-mexico.webp\",\"keywords\":[\"Sch\u00f6nstatt Mexiko\"],\"articleSection\":[\"Amerika\"],\"inLanguage\":\"de\"},{\"@type\":\"WebPage\",\"@id\":\"https:\\\/\\\/schoenstatt.com\\\/de\\\/ein-mutiges-unterfangen-in-mexiko-die-erste-schoenstatt-schule-feiert-ihr-fuenfjaehriges-bestehen\\\/\",\"url\":\"https:\\\/\\\/schoenstatt.com\\\/de\\\/ein-mutiges-unterfangen-in-mexiko-die-erste-schoenstatt-schule-feiert-ihr-fuenfjaehriges-bestehen\\\/\",\"name\":\"Ein mutiges Unterfangen in Mexiko: Die erste Sch\u00f6nstatt-Schule feiert ihr f\u00fcnfj\u00e4hriges Bestehen\",\"isPartOf\":{\"@id\":\"https:\\\/\\\/schoenstatt.com\\\/de\\\/#website\"},\"primaryImageOfPage\":{\"@id\":\"https:\\\/\\\/schoenstatt.com\\\/de\\\/ein-mutiges-unterfangen-in-mexiko-die-erste-schoenstatt-schule-feiert-ihr-fuenfjaehriges-bestehen\\\/#primaryimage\"},\"image\":{\"@id\":\"https:\\\/\\\/schoenstatt.com\\\/de\\\/ein-mutiges-unterfangen-in-mexiko-die-erste-schoenstatt-schule-feiert-ihr-fuenfjaehriges-bestehen\\\/#primaryimage\"},\"thumbnailUrl\":\"https:\\\/\\\/schoenstatt.com\\\/wp-content\\\/uploads\\\/2025\\\/11\\\/colegio-monte-reina-mexico.webp\",\"datePublished\":\"2025-11-24T13:48:41+00:00\",\"dateModified\":\"2025-11-27T11:33:15+00:00\",\"description\":\"Anl\u00e4sslich des f\u00fcnfj\u00e4hrigen Jubil\u00e4ums der Monte-Reina-Schule sprechen die Gr\u00fcnder \u00fcber die Bedeutung der ersten Sch\u00f6nstatt-Schule des Landes.\",\"breadcrumb\":{\"@id\":\"https:\\\/\\\/schoenstatt.com\\\/de\\\/ein-mutiges-unterfangen-in-mexiko-die-erste-schoenstatt-schule-feiert-ihr-fuenfjaehriges-bestehen\\\/#breadcrumb\"},\"inLanguage\":\"de\",\"potentialAction\":[{\"@type\":\"ReadAction\",\"target\":[\"https:\\\/\\\/schoenstatt.com\\\/de\\\/ein-mutiges-unterfangen-in-mexiko-die-erste-schoenstatt-schule-feiert-ihr-fuenfjaehriges-bestehen\\\/\"]}]},{\"@type\":\"ImageObject\",\"inLanguage\":\"de\",\"@id\":\"https:\\\/\\\/schoenstatt.com\\\/de\\\/ein-mutiges-unterfangen-in-mexiko-die-erste-schoenstatt-schule-feiert-ihr-fuenfjaehriges-bestehen\\\/#primaryimage\",\"url\":\"https:\\\/\\\/schoenstatt.com\\\/wp-content\\\/uploads\\\/2025\\\/11\\\/colegio-monte-reina-mexico.webp\",\"contentUrl\":\"https:\\\/\\\/schoenstatt.com\\\/wp-content\\\/uploads\\\/2025\\\/11\\\/colegio-monte-reina-mexico.webp\",\"width\":1600,\"height\":861},{\"@type\":\"BreadcrumbList\",\"@id\":\"https:\\\/\\\/schoenstatt.com\\\/de\\\/ein-mutiges-unterfangen-in-mexiko-die-erste-schoenstatt-schule-feiert-ihr-fuenfjaehriges-bestehen\\\/#breadcrumb\",\"itemListElement\":[{\"@type\":\"ListItem\",\"position\":1,\"name\":\"Portada\",\"item\":\"https:\\\/\\\/schoenstatt.com\\\/de\\\/home\\\/\"},{\"@type\":\"ListItem\",\"position\":2,\"name\":\"Ein mutiges Unterfangen in Mexiko: Die erste Sch\u00f6nstatt-Schule feiert ihr f\u00fcnfj\u00e4hriges Bestehen\"}]},{\"@type\":\"WebSite\",\"@id\":\"https:\\\/\\\/schoenstatt.com\\\/de\\\/#website\",\"url\":\"https:\\\/\\\/schoenstatt.com\\\/de\\\/\",\"name\":\"Schoenstatt\",\"description\":\"Apostolic Movement\",\"publisher\":{\"@id\":\"https:\\\/\\\/schoenstatt.com\\\/de\\\/#organization\"},\"potentialAction\":[{\"@type\":\"SearchAction\",\"target\":{\"@type\":\"EntryPoint\",\"urlTemplate\":\"https:\\\/\\\/schoenstatt.com\\\/de\\\/?s={search_term_string}\"},\"query-input\":{\"@type\":\"PropertyValueSpecification\",\"valueRequired\":true,\"valueName\":\"search_term_string\"}}],\"inLanguage\":\"de\"},{\"@type\":\"Organization\",\"@id\":\"https:\\\/\\\/schoenstatt.com\\\/de\\\/#organization\",\"name\":\"Schoenstatt\",\"url\":\"https:\\\/\\\/schoenstatt.com\\\/de\\\/\",\"logo\":{\"@type\":\"ImageObject\",\"inLanguage\":\"de\",\"@id\":\"https:\\\/\\\/schoenstatt.com\\\/de\\\/#\\\/schema\\\/logo\\\/image\\\/\",\"url\":\"https:\\\/\\\/schoenstatt.com\\\/wp-content\\\/uploads\\\/2025\\\/04\\\/logo-schoenstatt-white-696x696-1.png\",\"contentUrl\":\"https:\\\/\\\/schoenstatt.com\\\/wp-content\\\/uploads\\\/2025\\\/04\\\/logo-schoenstatt-white-696x696-1.png\",\"width\":696,\"height\":694,\"caption\":\"Schoenstatt\"},\"image\":{\"@id\":\"https:\\\/\\\/schoenstatt.com\\\/de\\\/#\\\/schema\\\/logo\\\/image\\\/\"}},{\"@type\":\"Person\",\"@id\":\"https:\\\/\\\/schoenstatt.com\\\/de\\\/#\\\/schema\\\/person\\\/5158877ad4acae98b34daaeef2a1ce6e\",\"name\":\"Karen Bueno\",\"image\":{\"@type\":\"ImageObject\",\"inLanguage\":\"de\",\"@id\":\"https:\\\/\\\/secure.gravatar.com\\\/avatar\\\/f9f4b823873154269d2b2130f195f6d41037dd0d7fc5f3cacb5c846bae70d66b?s=96&d=mm&r=g\",\"url\":\"https:\\\/\\\/secure.gravatar.com\\\/avatar\\\/f9f4b823873154269d2b2130f195f6d41037dd0d7fc5f3cacb5c846bae70d66b?s=96&d=mm&r=g\",\"contentUrl\":\"https:\\\/\\\/secure.gravatar.com\\\/avatar\\\/f9f4b823873154269d2b2130f195f6d41037dd0d7fc5f3cacb5c846bae70d66b?s=96&d=mm&r=g\",\"caption\":\"Karen Bueno\"},\"url\":\"https:\\\/\\\/schoenstatt.com\\\/de\\\/author\\\/karen-bueno\\\/\"}]}<\/script>\n<!-- \/ Yoast SEO Premium plugin. -->","yoast_head_json":{"title":"Ein mutiges Unterfangen in Mexiko: Die erste Sch\u00f6nstatt-Schule feiert ihr f\u00fcnfj\u00e4hriges Bestehen","description":"Anl\u00e4sslich des f\u00fcnfj\u00e4hrigen Jubil\u00e4ums der Monte-Reina-Schule sprechen die Gr\u00fcnder \u00fcber die Bedeutung der ersten Sch\u00f6nstatt-Schule des Landes.","robots":{"index":"index","follow":"follow","max-snippet":"max-snippet:-1","max-image-preview":"max-image-preview:large","max-video-preview":"max-video-preview:-1"},"canonical":"https:\/\/schoenstatt.com\/de\/ein-mutiges-unterfangen-in-mexiko-die-erste-schoenstatt-schule-feiert-ihr-fuenfjaehriges-bestehen\/","og_locale":"de_DE","og_type":"article","og_title":"Ein mutiges Unterfangen in Mexiko: Die erste Sch\u00f6nstatt-Schule feiert ihr f\u00fcnfj\u00e4hriges Bestehen","og_description":"Anl\u00e4sslich des f\u00fcnfj\u00e4hrigen Jubil\u00e4ums der Monte-Reina-Schule sprechen die Gr\u00fcnder \u00fcber die Bedeutung der ersten Sch\u00f6nstatt-Schule des Landes.","og_url":"https:\/\/schoenstatt.com\/de\/ein-mutiges-unterfangen-in-mexiko-die-erste-schoenstatt-schule-feiert-ihr-fuenfjaehriges-bestehen\/","og_site_name":"Schoenstatt","article_published_time":"2025-11-24T13:48:41+00:00","article_modified_time":"2025-11-27T11:33:15+00:00","og_image":[{"width":1600,"height":861,"url":"https:\/\/schoenstatt.com\/wp-content\/uploads\/2025\/11\/colegio-monte-reina-mexico.webp","type":"image\/jpeg"}],"author":"Karen Bueno","twitter_card":"summary_large_image","twitter_misc":{"Verfasst von":"Karen Bueno","Gesch\u00e4tzte Lesezeit":"5\u00a0Minuten"},"schema":{"@context":"https:\/\/schema.org","@graph":[{"@type":"Article","@id":"https:\/\/schoenstatt.com\/de\/ein-mutiges-unterfangen-in-mexiko-die-erste-schoenstatt-schule-feiert-ihr-fuenfjaehriges-bestehen\/#article","isPartOf":{"@id":"https:\/\/schoenstatt.com\/de\/ein-mutiges-unterfangen-in-mexiko-die-erste-schoenstatt-schule-feiert-ihr-fuenfjaehriges-bestehen\/"},"author":{"name":"Karen Bueno","@id":"https:\/\/schoenstatt.com\/de\/#\/schema\/person\/5158877ad4acae98b34daaeef2a1ce6e"},"headline":"Ein mutiges Unterfangen in Mexiko: Die erste Sch\u00f6nstatt-Schule feiert ihr f\u00fcnfj\u00e4hriges Bestehen","datePublished":"2025-11-24T13:48:41+00:00","dateModified":"2025-11-27T11:33:15+00:00","mainEntityOfPage":{"@id":"https:\/\/schoenstatt.com\/de\/ein-mutiges-unterfangen-in-mexiko-die-erste-schoenstatt-schule-feiert-ihr-fuenfjaehriges-bestehen\/"},"wordCount":653,"publisher":{"@id":"https:\/\/schoenstatt.com\/de\/#organization"},"image":{"@id":"https:\/\/schoenstatt.com\/de\/ein-mutiges-unterfangen-in-mexiko-die-erste-schoenstatt-schule-feiert-ihr-fuenfjaehriges-bestehen\/#primaryimage"},"thumbnailUrl":"https:\/\/schoenstatt.com\/wp-content\/uploads\/2025\/11\/colegio-monte-reina-mexico.webp","keywords":["Sch\u00f6nstatt Mexiko"],"articleSection":["Amerika"],"inLanguage":"de"},{"@type":"WebPage","@id":"https:\/\/schoenstatt.com\/de\/ein-mutiges-unterfangen-in-mexiko-die-erste-schoenstatt-schule-feiert-ihr-fuenfjaehriges-bestehen\/","url":"https:\/\/schoenstatt.com\/de\/ein-mutiges-unterfangen-in-mexiko-die-erste-schoenstatt-schule-feiert-ihr-fuenfjaehriges-bestehen\/","name":"Ein mutiges Unterfangen in Mexiko: Die erste Sch\u00f6nstatt-Schule feiert ihr f\u00fcnfj\u00e4hriges Bestehen","isPartOf":{"@id":"https:\/\/schoenstatt.com\/de\/#website"},"primaryImageOfPage":{"@id":"https:\/\/schoenstatt.com\/de\/ein-mutiges-unterfangen-in-mexiko-die-erste-schoenstatt-schule-feiert-ihr-fuenfjaehriges-bestehen\/#primaryimage"},"image":{"@id":"https:\/\/schoenstatt.com\/de\/ein-mutiges-unterfangen-in-mexiko-die-erste-schoenstatt-schule-feiert-ihr-fuenfjaehriges-bestehen\/#primaryimage"},"thumbnailUrl":"https:\/\/schoenstatt.com\/wp-content\/uploads\/2025\/11\/colegio-monte-reina-mexico.webp","datePublished":"2025-11-24T13:48:41+00:00","dateModified":"2025-11-27T11:33:15+00:00","description":"Anl\u00e4sslich des f\u00fcnfj\u00e4hrigen Jubil\u00e4ums der Monte-Reina-Schule sprechen die Gr\u00fcnder \u00fcber die Bedeutung der ersten Sch\u00f6nstatt-Schule des Landes.","breadcrumb":{"@id":"https:\/\/schoenstatt.com\/de\/ein-mutiges-unterfangen-in-mexiko-die-erste-schoenstatt-schule-feiert-ihr-fuenfjaehriges-bestehen\/#breadcrumb"},"inLanguage":"de","potentialAction":[{"@type":"ReadAction","target":["https:\/\/schoenstatt.com\/de\/ein-mutiges-unterfangen-in-mexiko-die-erste-schoenstatt-schule-feiert-ihr-fuenfjaehriges-bestehen\/"]}]},{"@type":"ImageObject","inLanguage":"de","@id":"https:\/\/schoenstatt.com\/de\/ein-mutiges-unterfangen-in-mexiko-die-erste-schoenstatt-schule-feiert-ihr-fuenfjaehriges-bestehen\/#primaryimage","url":"https:\/\/schoenstatt.com\/wp-content\/uploads\/2025\/11\/colegio-monte-reina-mexico.webp","contentUrl":"https:\/\/schoenstatt.com\/wp-content\/uploads\/2025\/11\/colegio-monte-reina-mexico.webp","width":1600,"height":861},{"@type":"BreadcrumbList","@id":"https:\/\/schoenstatt.com\/de\/ein-mutiges-unterfangen-in-mexiko-die-erste-schoenstatt-schule-feiert-ihr-fuenfjaehriges-bestehen\/#breadcrumb","itemListElement":[{"@type":"ListItem","position":1,"name":"Portada","item":"https:\/\/schoenstatt.com\/de\/home\/"},{"@type":"ListItem","position":2,"name":"Ein mutiges Unterfangen in Mexiko: Die erste Sch\u00f6nstatt-Schule feiert ihr f\u00fcnfj\u00e4hriges Bestehen"}]},{"@type":"WebSite","@id":"https:\/\/schoenstatt.com\/de\/#website","url":"https:\/\/schoenstatt.com\/de\/","name":"Schoenstatt","description":"Apostolic Movement","publisher":{"@id":"https:\/\/schoenstatt.com\/de\/#organization"},"potentialAction":[{"@type":"SearchAction","target":{"@type":"EntryPoint","urlTemplate":"https:\/\/schoenstatt.com\/de\/?s={search_term_string}"},"query-input":{"@type":"PropertyValueSpecification","valueRequired":true,"valueName":"search_term_string"}}],"inLanguage":"de"},{"@type":"Organization","@id":"https:\/\/schoenstatt.com\/de\/#organization","name":"Schoenstatt","url":"https:\/\/schoenstatt.com\/de\/","logo":{"@type":"ImageObject","inLanguage":"de","@id":"https:\/\/schoenstatt.com\/de\/#\/schema\/logo\/image\/","url":"https:\/\/schoenstatt.com\/wp-content\/uploads\/2025\/04\/logo-schoenstatt-white-696x696-1.png","contentUrl":"https:\/\/schoenstatt.com\/wp-content\/uploads\/2025\/04\/logo-schoenstatt-white-696x696-1.png","width":696,"height":694,"caption":"Schoenstatt"},"image":{"@id":"https:\/\/schoenstatt.com\/de\/#\/schema\/logo\/image\/"}},{"@type":"Person","@id":"https:\/\/schoenstatt.com\/de\/#\/schema\/person\/5158877ad4acae98b34daaeef2a1ce6e","name":"Karen Bueno","image":{"@type":"ImageObject","inLanguage":"de","@id":"https:\/\/secure.gravatar.com\/avatar\/f9f4b823873154269d2b2130f195f6d41037dd0d7fc5f3cacb5c846bae70d66b?s=96&d=mm&r=g","url":"https:\/\/secure.gravatar.com\/avatar\/f9f4b823873154269d2b2130f195f6d41037dd0d7fc5f3cacb5c846bae70d66b?s=96&d=mm&r=g","contentUrl":"https:\/\/secure.gravatar.com\/avatar\/f9f4b823873154269d2b2130f195f6d41037dd0d7fc5f3cacb5c846bae70d66b?s=96&d=mm&r=g","caption":"Karen Bueno"},"url":"https:\/\/schoenstatt.com\/de\/author\/karen-bueno\/"}]}},"_links":{"self":[{"href":"https:\/\/schoenstatt.com\/de\/wp-json\/wp\/v2\/posts\/66784","targetHints":{"allow":["GET"]}}],"collection":[{"href":"https:\/\/schoenstatt.com\/de\/wp-json\/wp\/v2\/posts"}],"about":[{"href":"https:\/\/schoenstatt.com\/de\/wp-json\/wp\/v2\/types\/post"}],"author":[{"embeddable":true,"href":"https:\/\/schoenstatt.com\/de\/wp-json\/wp\/v2\/users\/3"}],"replies":[{"embeddable":true,"href":"https:\/\/schoenstatt.com\/de\/wp-json\/wp\/v2\/comments?post=66784"}],"version-history":[{"count":2,"href":"https:\/\/schoenstatt.com\/de\/wp-json\/wp\/v2\/posts\/66784\/revisions"}],"predecessor-version":[{"id":66786,"href":"https:\/\/schoenstatt.com\/de\/wp-json\/wp\/v2\/posts\/66784\/revisions\/66786"}],"wp:featuredmedia":[{"embeddable":true,"href":"https:\/\/schoenstatt.com\/de\/wp-json\/wp\/v2\/media\/66735"}],"wp:attachment":[{"href":"https:\/\/schoenstatt.com\/de\/wp-json\/wp\/v2\/media?parent=66784"}],"wp:term":[{"taxonomy":"category","embeddable":true,"href":"https:\/\/schoenstatt.com\/de\/wp-json\/wp\/v2\/categories?post=66784"},{"taxonomy":"post_tag","embeddable":true,"href":"https:\/\/schoenstatt.com\/de\/wp-json\/wp\/v2\/tags?post=66784"}],"curies":[{"name":"wp","href":"https:\/\/api.w.org\/{rel}","templated":true}]}}