{"id":65704,"date":"2025-10-28T04:30:00","date_gmt":"2025-10-28T03:30:00","guid":{"rendered":"https:\/\/schoenstatt.com\/?p=65704"},"modified":"2025-10-27T20:18:07","modified_gmt":"2025-10-27T19:18:07","slug":"gruene-horizonte-und-mein-inneres-heiligtum","status":"publish","type":"post","link":"https:\/\/schoenstatt.com\/de\/gruene-horizonte-und-mein-inneres-heiligtum\/","title":{"rendered":"Gr\u00fcne Horizonte und mein inneres Heiligtum"},"content":{"rendered":"\n<p>In dem Monat, in dem wir die Gr\u00fcndung Sch\u00f6nstatts feiern, l\u00e4dt Pater Josef Kentenich uns ein, <strong>\u201etiefer zu graben\u201c<\/strong>, in die Tiefen unseres Wesens hinabzusteigen, um das innere Heiligtum zu finden. In Japan gibt es eine alte Tradition namens <strong><em>Shinrin-yoku<\/em><\/strong> (Waldbaden), die uns lehrt, mit allen Sinnen in die Natur einzutauchen.<\/p>\n\n\n\n<h3 class=\"wp-block-heading\" id=\"h-die-herausforderung-des-waldes-ein-spiegel-fur-die-seele\">Die Herausforderung des Waldes: ein Spiegel f\u00fcr die Seele<\/h3>\n\n\n\n<p>Die Idee von Shinrin-yoku ist, einen Spaziergang zu machen, als w\u00e4re es ein sinnliches Eintauchen, um die Atmosph\u00e4re des Waldes, des Gartens oder des Parks aufzunehmen. Die Vorteile sind erwiesen: Stressabbau, St\u00e4rkung des Immunsystems und Verbesserung der Stimmung. Aber f\u00fcr einen Sch\u00f6nst\u00e4tter gibt es noch eine tiefere Dimension: die Natur als Lehrerin des Liebesb\u00fcndnisses.<\/p>\n\n\n\n<p>Wenn wir den Wald betrachten, werden wir herausgefordert:<\/p>\n\n\n\n<p><strong>Innehalten und betrachten:<\/strong> Die Natur zwingt uns, langsamer zu werden. Dies entspricht der zentralen Forderung unseres Liebesb\u00fcndnisses: Selbsterziehung und ein Leben des inbr\u00fcnstigen Gebets. Wir brauchen<strong> \u201egr\u00fcne Pausen\u201d<\/strong>, um Gottes Stimme zu h\u00f6ren.<\/p>\n\n\n\n<p><strong>Wir m\u00fcssen organisch sein (dem Gesetz der Natur entsprechen): <\/strong>So wie die Natur ein lebendiger Organismus ist, in dem alles miteinander verbunden ist (der Baum mit dem Boden, das Moos mit dem Schatten), so ist auch unsere Spiritualit\u00e4t organisch und integriert Natur und Gnade, das Nat\u00fcrliche und das \u00dcbernat\u00fcrliche. Unser Leben darf nicht fragmentiert sein; das Heiligtum und die Welt m\u00fcssen in Harmonie sein.<\/p>\n\n\n\n<p><strong>Tiefer gehen (in die Wurzeln): <\/strong>Ein Baum ist stark, weil er tiefe, verborgene Wurzeln hat. Der Monat der Gr\u00fcndung l\u00e4dt uns ein, dasselbe zu tun. Pater Kentenich lehrte uns: \u201eEs scheint, als w\u00e4ren Engel unter uns, die zu uns sagen: \u201aLeg deine Schuhe ab; denn der Ort, wo du stehst, ist heiliger Boden\u2018 (Ex 3,5). So wie der Baum dem Sturm standh\u00e4lt, ist die Vertiefung unseres geistlichen Lebens die Voraussetzung daf\u00fcr, dass wir \u201etaugliche Werkzeuge\u201c in Marias H\u00e4nden sind. Es ist unser verborgenes Gnadengut, aber es tr\u00e4gt unsere gesamte Sendung und unseren Weg.<\/p>\n\n\n\n<figure class=\"wp-block-image aligncenter size-full\"><img decoding=\"async\" src=\"https:\/\/schoenstatt.com\/wp-content\/uploads\/2025\/10\/ecology.jpg\" alt=\"\" class=\"wp-image-65691\"\/><\/figure>\n\n\n\n<h3 class=\"wp-block-heading\" id=\"h-warum-ist-es-wichtig-in-jeder-hinsicht-in-der-natur-zu-leben\">Warum ist es wichtig, \u201ein jeder Hinsicht in der Natur\u201c zu leben?<\/h3>\n\n\n\n<p>Die Natur ist die erste Offenbarung Gottes. Sie hilft uns, wesentliche Verbindungen wiederherzustellen: mit unserem K\u00f6rper, mit der Sch\u00f6pfung und letztlich mit dem Sch\u00f6pfer.<\/p>\n\n\n\n<p>Indem wir den Liebesbund schlie\u00dfen, sagen wir: \u201eNichts ohne dich, nichts ohne uns.\u201d Die Natur kann nur dann Fr\u00fcchte tragen, wenn auch wir unseren Teil dazu beitragen. Die Natur ist unser Klassenzimmer: Sie lehrt uns Treue, stilles Wachstum und die Sch\u00f6nheit der g\u00f6ttlichen Vorsehung.<\/p>\n\n\n\n<p>In diesem Monat, in dem wir den Wert unserer Gr\u00fcndung feiern, m\u00f6gen wir in der Stille der Natur die Kraft finden, unseren Bund mit der F\u00fclle und Freiheit eines wachsenden Waldes zu vertiefen und zu leben.<\/p>\n\n\n\n<h3 class=\"wp-block-heading\" id=\"h-aufruf-zum-handeln\">Aufruf zum Handeln<\/h3>\n\n\n\n<p><strong>Nehmen Sie sich 20 Minuten Zeit:<\/strong> Schalten Sie Ihr Handy aus und verbringen Sie diese Zeit im n\u00e4chsten Park oder Garten. Nutzen Sie diese Zeit f\u00fcr kontemplatives Gebet und sehen Sie im Leben der Natur ein Spiegelbild der Liebe Gottes.<\/p>\n\n\n\n<p><strong>Fragen Sie sich: <\/strong>Welche \u201eWurzeln\u201d in meinem Leben (Gebetsgewohnheiten, Selbstbildung, Verbindung zum Heiligtum) muss ich st\u00e4rken, damit mein inneres Heiligtum zu einer fruchtbareren Quelle des Lebens werden kann?<\/p>\n\n\n\n<figure class=\"wp-block-image aligncenter size-full\"><img fetchpriority=\"high\" decoding=\"async\" width=\"1920\" height=\"1012\" src=\"https:\/\/schoenstatt.com\/wp-content\/uploads\/2025\/02\/ecology-1.webp\" alt=\"\" class=\"wp-image-43472\" srcset=\"https:\/\/schoenstatt.com\/wp-content\/uploads\/2025\/02\/ecology-1.webp 1920w, https:\/\/schoenstatt.com\/wp-content\/uploads\/2025\/02\/ecology-1-768x405.webp 768w, https:\/\/schoenstatt.com\/wp-content\/uploads\/2025\/02\/ecology-1-1536x809.jpg 1536w\" sizes=\"(max-width: 1920px) 100vw, 1920px\" \/><\/figure>\n\n\n\n<h3 class=\"wp-block-heading\" id=\"h-mochten-sie-teil-der-veranderung-sein\">M\u00f6chten Sie Teil der Ver\u00e4nderung sein?<\/h3>\n\n\n\n<p>Angenommen, Sie f\u00fchlen sich berufen, im Licht der Sch\u00f6nstatt-Spiritualit\u00e4t zu einer nachhaltigen Vision in der Welt beizutragen. In diesem Fall k\u00f6nnte das globale Nachhaltigkeitsprojekt eine Gelegenheit sein, in diese Richtung zu gehen.<\/p>\n\n\n\n<p>Kontakt: WhatsApp +34 604 94 52 86 \u2013 Rosana Silva \u2013 S\u00e4kularinstitut Frauen von Sch\u00f6nstatt, Madrid, Spanien.<\/p>\n\n\n\n<p><strong>\u00dcbersetzung: <\/strong>Sr. M. Lourdes Mac\u00edas<br><strong>Lektorat:<\/strong> Hildegard Kaiser<\/p>\n","protected":false},"excerpt":{"rendered":"<p>Kennst du die Herausforderungen des Waldes? Diese Inspiration kann dabei helfen, das Liebesb\u00fcndnis zu vertiefen, indem man die Natur betrachtet und sp\u00fcrt.<\/p>\n","protected":false},"author":3,"featured_media":65692,"comment_status":"closed","ping_status":"closed","sticky":false,"template":"","format":"standard","meta":{"footnotes":""},"categories":[882],"tags":[550],"class_list":["post-65704","post","type-post","status-publish","format-standard","has-post-thumbnail","hentry","category-umwelt-de","tag-oekologie-umwelt"],"yoast_head":"<!-- This site is optimized with the Yoast SEO Premium plugin v27.4 (Yoast SEO v27.4) - https:\/\/yoast.com\/product\/yoast-seo-premium-wordpress\/ -->\n<title>Gr\u00fcne Horizonte und mein inneres Heiligtum - Schoenstatt<\/title>\n<meta name=\"description\" content=\"Kennst du die Herausforderungen des Waldes? Diese Inspiration kann dabei helfen, das Liebesb\u00fcndnis zu vertiefen, indem man die Natur betrachtet und sp\u00fcrt.\" \/>\n<meta name=\"robots\" content=\"index, follow, max-snippet:-1, max-image-preview:large, max-video-preview:-1\" \/>\n<link rel=\"canonical\" href=\"https:\/\/schoenstatt.com\/de\/gruene-horizonte-und-mein-inneres-heiligtum\/\" \/>\n<meta property=\"og:locale\" content=\"de_DE\" \/>\n<meta property=\"og:type\" content=\"article\" \/>\n<meta property=\"og:title\" content=\"Gr\u00fcne Horizonte und mein inneres Heiligtum\" \/>\n<meta property=\"og:description\" content=\"Kennst du die Herausforderungen des Waldes? Diese Inspiration kann dabei helfen, das Liebesb\u00fcndnis zu vertiefen, indem man die Natur betrachtet und sp\u00fcrt.\" \/>\n<meta property=\"og:url\" content=\"https:\/\/schoenstatt.com\/de\/gruene-horizonte-und-mein-inneres-heiligtum\/\" \/>\n<meta property=\"og:site_name\" content=\"Schoenstatt\" \/>\n<meta property=\"article:published_time\" content=\"2025-10-28T03:30:00+00:00\" \/>\n<meta property=\"og:image\" content=\"https:\/\/schoenstatt.com\/wp-content\/uploads\/2025\/10\/ecology.webp\" \/>\n\t<meta property=\"og:image:width\" content=\"2048\" \/>\n\t<meta property=\"og:image:height\" content=\"1152\" \/>\n\t<meta property=\"og:image:type\" content=\"image\/jpeg\" \/>\n<meta name=\"author\" content=\"Karen Bueno\" \/>\n<meta name=\"twitter:card\" content=\"summary_large_image\" \/>\n<meta name=\"twitter:label1\" content=\"Verfasst von\" \/>\n\t<meta name=\"twitter:data1\" content=\"Karen Bueno\" \/>\n\t<meta name=\"twitter:label2\" content=\"Gesch\u00e4tzte Lesezeit\" \/>\n\t<meta name=\"twitter:data2\" content=\"4\u00a0Minuten\" \/>\n<script type=\"application\/ld+json\" class=\"yoast-schema-graph\">{\"@context\":\"https:\\\/\\\/schema.org\",\"@graph\":[{\"@type\":\"Article\",\"@id\":\"https:\\\/\\\/schoenstatt.com\\\/de\\\/gruene-horizonte-und-mein-inneres-heiligtum\\\/#article\",\"isPartOf\":{\"@id\":\"https:\\\/\\\/schoenstatt.com\\\/de\\\/gruene-horizonte-und-mein-inneres-heiligtum\\\/\"},\"author\":{\"name\":\"Karen Bueno\",\"@id\":\"https:\\\/\\\/schoenstatt.com\\\/de\\\/#\\\/schema\\\/person\\\/5158877ad4acae98b34daaeef2a1ce6e\"},\"headline\":\"Gr\u00fcne Horizonte und mein inneres Heiligtum\",\"datePublished\":\"2025-10-28T03:30:00+00:00\",\"mainEntityOfPage\":{\"@id\":\"https:\\\/\\\/schoenstatt.com\\\/de\\\/gruene-horizonte-und-mein-inneres-heiligtum\\\/\"},\"wordCount\":609,\"publisher\":{\"@id\":\"https:\\\/\\\/schoenstatt.com\\\/de\\\/#organization\"},\"image\":{\"@id\":\"https:\\\/\\\/schoenstatt.com\\\/de\\\/gruene-horizonte-und-mein-inneres-heiligtum\\\/#primaryimage\"},\"thumbnailUrl\":\"https:\\\/\\\/schoenstatt.com\\\/wp-content\\\/uploads\\\/2025\\\/10\\\/ecology.webp\",\"keywords\":[\"\u00d6kologie\\\/Umwelt\"],\"articleSection\":[\"Umwelt\"],\"inLanguage\":\"de\"},{\"@type\":\"WebPage\",\"@id\":\"https:\\\/\\\/schoenstatt.com\\\/de\\\/gruene-horizonte-und-mein-inneres-heiligtum\\\/\",\"url\":\"https:\\\/\\\/schoenstatt.com\\\/de\\\/gruene-horizonte-und-mein-inneres-heiligtum\\\/\",\"name\":\"Gr\u00fcne Horizonte und mein inneres Heiligtum - Schoenstatt\",\"isPartOf\":{\"@id\":\"https:\\\/\\\/schoenstatt.com\\\/de\\\/#website\"},\"primaryImageOfPage\":{\"@id\":\"https:\\\/\\\/schoenstatt.com\\\/de\\\/gruene-horizonte-und-mein-inneres-heiligtum\\\/#primaryimage\"},\"image\":{\"@id\":\"https:\\\/\\\/schoenstatt.com\\\/de\\\/gruene-horizonte-und-mein-inneres-heiligtum\\\/#primaryimage\"},\"thumbnailUrl\":\"https:\\\/\\\/schoenstatt.com\\\/wp-content\\\/uploads\\\/2025\\\/10\\\/ecology.webp\",\"datePublished\":\"2025-10-28T03:30:00+00:00\",\"description\":\"Kennst du die Herausforderungen des Waldes? Diese Inspiration kann dabei helfen, das Liebesb\u00fcndnis zu vertiefen, indem man die Natur betrachtet und sp\u00fcrt.\",\"breadcrumb\":{\"@id\":\"https:\\\/\\\/schoenstatt.com\\\/de\\\/gruene-horizonte-und-mein-inneres-heiligtum\\\/#breadcrumb\"},\"inLanguage\":\"de\",\"potentialAction\":[{\"@type\":\"ReadAction\",\"target\":[\"https:\\\/\\\/schoenstatt.com\\\/de\\\/gruene-horizonte-und-mein-inneres-heiligtum\\\/\"]}]},{\"@type\":\"ImageObject\",\"inLanguage\":\"de\",\"@id\":\"https:\\\/\\\/schoenstatt.com\\\/de\\\/gruene-horizonte-und-mein-inneres-heiligtum\\\/#primaryimage\",\"url\":\"https:\\\/\\\/schoenstatt.com\\\/wp-content\\\/uploads\\\/2025\\\/10\\\/ecology.webp\",\"contentUrl\":\"https:\\\/\\\/schoenstatt.com\\\/wp-content\\\/uploads\\\/2025\\\/10\\\/ecology.webp\",\"width\":2048,\"height\":1152},{\"@type\":\"BreadcrumbList\",\"@id\":\"https:\\\/\\\/schoenstatt.com\\\/de\\\/gruene-horizonte-und-mein-inneres-heiligtum\\\/#breadcrumb\",\"itemListElement\":[{\"@type\":\"ListItem\",\"position\":1,\"name\":\"Portada\",\"item\":\"https:\\\/\\\/schoenstatt.com\\\/de\\\/home\\\/\"},{\"@type\":\"ListItem\",\"position\":2,\"name\":\"Gr\u00fcne Horizonte und mein inneres Heiligtum\"}]},{\"@type\":\"WebSite\",\"@id\":\"https:\\\/\\\/schoenstatt.com\\\/de\\\/#website\",\"url\":\"https:\\\/\\\/schoenstatt.com\\\/de\\\/\",\"name\":\"Schoenstatt\",\"description\":\"Apostolic Movement\",\"publisher\":{\"@id\":\"https:\\\/\\\/schoenstatt.com\\\/de\\\/#organization\"},\"potentialAction\":[{\"@type\":\"SearchAction\",\"target\":{\"@type\":\"EntryPoint\",\"urlTemplate\":\"https:\\\/\\\/schoenstatt.com\\\/de\\\/?s={search_term_string}\"},\"query-input\":{\"@type\":\"PropertyValueSpecification\",\"valueRequired\":true,\"valueName\":\"search_term_string\"}}],\"inLanguage\":\"de\"},{\"@type\":\"Organization\",\"@id\":\"https:\\\/\\\/schoenstatt.com\\\/de\\\/#organization\",\"name\":\"Schoenstatt\",\"url\":\"https:\\\/\\\/schoenstatt.com\\\/de\\\/\",\"logo\":{\"@type\":\"ImageObject\",\"inLanguage\":\"de\",\"@id\":\"https:\\\/\\\/schoenstatt.com\\\/de\\\/#\\\/schema\\\/logo\\\/image\\\/\",\"url\":\"https:\\\/\\\/schoenstatt.com\\\/wp-content\\\/uploads\\\/2025\\\/04\\\/logo-schoenstatt-white-696x696-1.png\",\"contentUrl\":\"https:\\\/\\\/schoenstatt.com\\\/wp-content\\\/uploads\\\/2025\\\/04\\\/logo-schoenstatt-white-696x696-1.png\",\"width\":696,\"height\":694,\"caption\":\"Schoenstatt\"},\"image\":{\"@id\":\"https:\\\/\\\/schoenstatt.com\\\/de\\\/#\\\/schema\\\/logo\\\/image\\\/\"}},{\"@type\":\"Person\",\"@id\":\"https:\\\/\\\/schoenstatt.com\\\/de\\\/#\\\/schema\\\/person\\\/5158877ad4acae98b34daaeef2a1ce6e\",\"name\":\"Karen Bueno\",\"image\":{\"@type\":\"ImageObject\",\"inLanguage\":\"de\",\"@id\":\"https:\\\/\\\/secure.gravatar.com\\\/avatar\\\/f9f4b823873154269d2b2130f195f6d41037dd0d7fc5f3cacb5c846bae70d66b?s=96&d=mm&r=g\",\"url\":\"https:\\\/\\\/secure.gravatar.com\\\/avatar\\\/f9f4b823873154269d2b2130f195f6d41037dd0d7fc5f3cacb5c846bae70d66b?s=96&d=mm&r=g\",\"contentUrl\":\"https:\\\/\\\/secure.gravatar.com\\\/avatar\\\/f9f4b823873154269d2b2130f195f6d41037dd0d7fc5f3cacb5c846bae70d66b?s=96&d=mm&r=g\",\"caption\":\"Karen Bueno\"},\"url\":\"https:\\\/\\\/schoenstatt.com\\\/de\\\/author\\\/karen-bueno\\\/\"}]}<\/script>\n<!-- \/ Yoast SEO Premium plugin. -->","yoast_head_json":{"title":"Gr\u00fcne Horizonte und mein inneres Heiligtum - Schoenstatt","description":"Kennst du die Herausforderungen des Waldes? Diese Inspiration kann dabei helfen, das Liebesb\u00fcndnis zu vertiefen, indem man die Natur betrachtet und sp\u00fcrt.","robots":{"index":"index","follow":"follow","max-snippet":"max-snippet:-1","max-image-preview":"max-image-preview:large","max-video-preview":"max-video-preview:-1"},"canonical":"https:\/\/schoenstatt.com\/de\/gruene-horizonte-und-mein-inneres-heiligtum\/","og_locale":"de_DE","og_type":"article","og_title":"Gr\u00fcne Horizonte und mein inneres Heiligtum","og_description":"Kennst du die Herausforderungen des Waldes? Diese Inspiration kann dabei helfen, das Liebesb\u00fcndnis zu vertiefen, indem man die Natur betrachtet und sp\u00fcrt.","og_url":"https:\/\/schoenstatt.com\/de\/gruene-horizonte-und-mein-inneres-heiligtum\/","og_site_name":"Schoenstatt","article_published_time":"2025-10-28T03:30:00+00:00","og_image":[{"width":2048,"height":1152,"url":"https:\/\/schoenstatt.com\/wp-content\/uploads\/2025\/10\/ecology.webp","type":"image\/jpeg"}],"author":"Karen Bueno","twitter_card":"summary_large_image","twitter_misc":{"Verfasst von":"Karen Bueno","Gesch\u00e4tzte Lesezeit":"4\u00a0Minuten"},"schema":{"@context":"https:\/\/schema.org","@graph":[{"@type":"Article","@id":"https:\/\/schoenstatt.com\/de\/gruene-horizonte-und-mein-inneres-heiligtum\/#article","isPartOf":{"@id":"https:\/\/schoenstatt.com\/de\/gruene-horizonte-und-mein-inneres-heiligtum\/"},"author":{"name":"Karen Bueno","@id":"https:\/\/schoenstatt.com\/de\/#\/schema\/person\/5158877ad4acae98b34daaeef2a1ce6e"},"headline":"Gr\u00fcne Horizonte und mein inneres Heiligtum","datePublished":"2025-10-28T03:30:00+00:00","mainEntityOfPage":{"@id":"https:\/\/schoenstatt.com\/de\/gruene-horizonte-und-mein-inneres-heiligtum\/"},"wordCount":609,"publisher":{"@id":"https:\/\/schoenstatt.com\/de\/#organization"},"image":{"@id":"https:\/\/schoenstatt.com\/de\/gruene-horizonte-und-mein-inneres-heiligtum\/#primaryimage"},"thumbnailUrl":"https:\/\/schoenstatt.com\/wp-content\/uploads\/2025\/10\/ecology.webp","keywords":["\u00d6kologie\/Umwelt"],"articleSection":["Umwelt"],"inLanguage":"de"},{"@type":"WebPage","@id":"https:\/\/schoenstatt.com\/de\/gruene-horizonte-und-mein-inneres-heiligtum\/","url":"https:\/\/schoenstatt.com\/de\/gruene-horizonte-und-mein-inneres-heiligtum\/","name":"Gr\u00fcne Horizonte und mein inneres Heiligtum - Schoenstatt","isPartOf":{"@id":"https:\/\/schoenstatt.com\/de\/#website"},"primaryImageOfPage":{"@id":"https:\/\/schoenstatt.com\/de\/gruene-horizonte-und-mein-inneres-heiligtum\/#primaryimage"},"image":{"@id":"https:\/\/schoenstatt.com\/de\/gruene-horizonte-und-mein-inneres-heiligtum\/#primaryimage"},"thumbnailUrl":"https:\/\/schoenstatt.com\/wp-content\/uploads\/2025\/10\/ecology.webp","datePublished":"2025-10-28T03:30:00+00:00","description":"Kennst du die Herausforderungen des Waldes? Diese Inspiration kann dabei helfen, das Liebesb\u00fcndnis zu vertiefen, indem man die Natur betrachtet und sp\u00fcrt.","breadcrumb":{"@id":"https:\/\/schoenstatt.com\/de\/gruene-horizonte-und-mein-inneres-heiligtum\/#breadcrumb"},"inLanguage":"de","potentialAction":[{"@type":"ReadAction","target":["https:\/\/schoenstatt.com\/de\/gruene-horizonte-und-mein-inneres-heiligtum\/"]}]},{"@type":"ImageObject","inLanguage":"de","@id":"https:\/\/schoenstatt.com\/de\/gruene-horizonte-und-mein-inneres-heiligtum\/#primaryimage","url":"https:\/\/schoenstatt.com\/wp-content\/uploads\/2025\/10\/ecology.webp","contentUrl":"https:\/\/schoenstatt.com\/wp-content\/uploads\/2025\/10\/ecology.webp","width":2048,"height":1152},{"@type":"BreadcrumbList","@id":"https:\/\/schoenstatt.com\/de\/gruene-horizonte-und-mein-inneres-heiligtum\/#breadcrumb","itemListElement":[{"@type":"ListItem","position":1,"name":"Portada","item":"https:\/\/schoenstatt.com\/de\/home\/"},{"@type":"ListItem","position":2,"name":"Gr\u00fcne Horizonte und mein inneres Heiligtum"}]},{"@type":"WebSite","@id":"https:\/\/schoenstatt.com\/de\/#website","url":"https:\/\/schoenstatt.com\/de\/","name":"Schoenstatt","description":"Apostolic Movement","publisher":{"@id":"https:\/\/schoenstatt.com\/de\/#organization"},"potentialAction":[{"@type":"SearchAction","target":{"@type":"EntryPoint","urlTemplate":"https:\/\/schoenstatt.com\/de\/?s={search_term_string}"},"query-input":{"@type":"PropertyValueSpecification","valueRequired":true,"valueName":"search_term_string"}}],"inLanguage":"de"},{"@type":"Organization","@id":"https:\/\/schoenstatt.com\/de\/#organization","name":"Schoenstatt","url":"https:\/\/schoenstatt.com\/de\/","logo":{"@type":"ImageObject","inLanguage":"de","@id":"https:\/\/schoenstatt.com\/de\/#\/schema\/logo\/image\/","url":"https:\/\/schoenstatt.com\/wp-content\/uploads\/2025\/04\/logo-schoenstatt-white-696x696-1.png","contentUrl":"https:\/\/schoenstatt.com\/wp-content\/uploads\/2025\/04\/logo-schoenstatt-white-696x696-1.png","width":696,"height":694,"caption":"Schoenstatt"},"image":{"@id":"https:\/\/schoenstatt.com\/de\/#\/schema\/logo\/image\/"}},{"@type":"Person","@id":"https:\/\/schoenstatt.com\/de\/#\/schema\/person\/5158877ad4acae98b34daaeef2a1ce6e","name":"Karen Bueno","image":{"@type":"ImageObject","inLanguage":"de","@id":"https:\/\/secure.gravatar.com\/avatar\/f9f4b823873154269d2b2130f195f6d41037dd0d7fc5f3cacb5c846bae70d66b?s=96&d=mm&r=g","url":"https:\/\/secure.gravatar.com\/avatar\/f9f4b823873154269d2b2130f195f6d41037dd0d7fc5f3cacb5c846bae70d66b?s=96&d=mm&r=g","contentUrl":"https:\/\/secure.gravatar.com\/avatar\/f9f4b823873154269d2b2130f195f6d41037dd0d7fc5f3cacb5c846bae70d66b?s=96&d=mm&r=g","caption":"Karen Bueno"},"url":"https:\/\/schoenstatt.com\/de\/author\/karen-bueno\/"}]}},"_links":{"self":[{"href":"https:\/\/schoenstatt.com\/de\/wp-json\/wp\/v2\/posts\/65704","targetHints":{"allow":["GET"]}}],"collection":[{"href":"https:\/\/schoenstatt.com\/de\/wp-json\/wp\/v2\/posts"}],"about":[{"href":"https:\/\/schoenstatt.com\/de\/wp-json\/wp\/v2\/types\/post"}],"author":[{"embeddable":true,"href":"https:\/\/schoenstatt.com\/de\/wp-json\/wp\/v2\/users\/3"}],"replies":[{"embeddable":true,"href":"https:\/\/schoenstatt.com\/de\/wp-json\/wp\/v2\/comments?post=65704"}],"version-history":[{"count":2,"href":"https:\/\/schoenstatt.com\/de\/wp-json\/wp\/v2\/posts\/65704\/revisions"}],"predecessor-version":[{"id":65706,"href":"https:\/\/schoenstatt.com\/de\/wp-json\/wp\/v2\/posts\/65704\/revisions\/65706"}],"wp:featuredmedia":[{"embeddable":true,"href":"https:\/\/schoenstatt.com\/de\/wp-json\/wp\/v2\/media\/65692"}],"wp:attachment":[{"href":"https:\/\/schoenstatt.com\/de\/wp-json\/wp\/v2\/media?parent=65704"}],"wp:term":[{"taxonomy":"category","embeddable":true,"href":"https:\/\/schoenstatt.com\/de\/wp-json\/wp\/v2\/categories?post=65704"},{"taxonomy":"post_tag","embeddable":true,"href":"https:\/\/schoenstatt.com\/de\/wp-json\/wp\/v2\/tags?post=65704"}],"curies":[{"name":"wp","href":"https:\/\/api.w.org\/{rel}","templated":true}]}}