{"id":65577,"date":"2025-10-25T04:30:00","date_gmt":"2025-10-25T02:30:00","guid":{"rendered":"https:\/\/schoenstatt.com\/?p=65577"},"modified":"2025-10-24T16:55:28","modified_gmt":"2025-10-24T14:55:28","slug":"der-familienbund-brasiliens-ueberreicht-dem-vater-und-gruender-ein-geschenk","status":"publish","type":"post","link":"https:\/\/schoenstatt.com\/de\/der-familienbund-brasiliens-ueberreicht-dem-vater-und-gruender-ein-geschenk\/","title":{"rendered":"Der Familienbund Brasiliens \u00fcberreicht dem Vater und Gr\u00fcnder ein Geschenk"},"content":{"rendered":"\n<p>Welches Geschenk kann man jemandem machen, der im Himmel ist? Was k\u00f6nnte jemandem Freude bereiten, der sein Leben dem Sch\u00f6nstattwerk gewidmet hat? <strong>Aus Dankbarkeit f\u00fcr das 75-j\u00e4hrige Jubil\u00e4um der Gr\u00fcndung des internationalen Familienbundes Sch\u00f6nstatts <\/strong>schenkt diese Gemeinschaft in Brasilien etwas Bedeutungsvolles und Tiefgr\u00fcndiges: <strong>den Gefolgschaftsakt mit unserem Vater und Gr\u00fcnder, Pater Josef Kentenich, von allen Ewigen Kursen.<\/strong> Dies geschah am 18. Oktober, zusammen mit der Feier des 111. Jahrestages des Liebesb\u00fcndnisses.<\/p>\n\n\n\n<p><em>\u201eEs war ein gro\u00dfer Tag f\u00fcr den <a href=\"https:\/\/schoenstatt.com\/de\/in-gemeinschaft\/famile\/internationaler-apostolischer-schoenstatt-familienbund\/\">Familienbund<\/a> in Brasilien und auch f\u00fcr unsere internationale Gemeinschaft, f\u00fcr die Apostolische Bewegung von Sch\u00f6nstatt und f\u00fcr die heilige Kirche, denn durch das Besiegeln des Gefolgschaftsaktes mit unserem Vater und Gr\u00fcnder haben wir einen wichtigen Schritt zur Vertiefung unseres Liebesb\u00fcndnisses mit der Gottesmutter getan\u201c<\/em>, so feierten Romulo und Marcia Romanato, Leiter des Familienbundes in Brasilien, den 18. Oktober.<\/p>\n\n\n\n<p>Versammelt vor der Statue unseres Vaters und Gr\u00fcnder in den <strong>Heiligt\u00fcmern von Atibaia, Bras\u00edlia, Londrina, Curitiba, Santa Maria und Porto Alegre erlebten die 22 Ewigen Kurse<\/strong> einen unvergesslichen Moment der Freude: Einige Kurse schlossen den Gefolgschaftsakt, andere erneuerten ihr Bekenntnis zur Kindlichkeit und zur Verbundenheit mit unserem Vater und Gr\u00fcnder. Als Symbol dieses Kinderbundes erhielt jede Person ein Einheitskreuz und verpflichtete sich damit zur Mission des Gr\u00fcnders.<\/p>\n\n\n\n<div style=\"height:42px\" aria-hidden=\"true\" class=\"wp-block-spacer\"><\/div>\n\n\n\n<figure class=\"wp-block-image aligncenter size-full\"><img decoding=\"async\" src=\"https:\/\/schoenstatt.com\/wp-content\/uploads\/2025\/10\/Unity-Cross-2.jpg\" alt=\"\" class=\"wp-image-65550\"\/><\/figure>\n\n\n\n<div style=\"height:42px\" aria-hidden=\"true\" class=\"wp-block-spacer\"><\/div>\n\n\n\n<h3 class=\"wp-block-heading\" id=\"h-monatliche-vorbereitung-auf-den-grossen-tag\">Monatliche Vorbereitung auf den gro\u00dfen Tag<\/h3>\n\n\n\n<p>Die Vorbereitung auf diesen unvergesslichen Moment fand von April bis Oktober online statt und konzentrierte sich auf grundlegende Themen, um die Herzen der Kinder vorzubereiten und so diese Str\u00f6mung des Lebens sowie die Verbundenheit mit unserem Vater und Gr\u00fcnder zu st\u00e4rken, unser Eintauchen in sein Charisma zu vertiefen und uns zu bef\u00e4higen, der Kirche besser zu dienen.<\/p>\n\n\n\n<p>Der Familienbund strebt auch danach, ihr Ideal als Gemeinschaft durch eine tiefe Verbundenheit mit der Person, dem Werk und der Mission Pater Josef Kentenichs zu verwirklichen, da wir \u00fcberzeugt sind, dass sein Charisma ein Geschenk des Heiligen Geistes ist, um die Kirche zu bereichern.<\/p>\n\n\n\n<p>Die Inhalte der Fortbildung vertieften unser Wissen und unsere Reflexion \u00fcber seine Vaterschaft, sein Charisma, die Art und Weise, wie Gott das Sch\u00f6nstattwerk in Einheit mit ihm gef\u00fchrt hat, sowie das Ziel, eine heroische Kindlichkeit vor Gott dem Vater zu erreichen. Dies erm\u00f6glichte es uns, uns sowohl intellektuell als auch freiwillig auf diese Hingabe vorzubereiten.<\/p>\n\n\n\n<p><strong>Es gibt drei Wege, um unsere Verbundenheit mit unserem Vater und Gr\u00fcnder zu gew\u00e4hrleisten,<\/strong> so Pater Alex Menningen, sein treuer Nachfolger, in einem Vortrag auf der Oktoberwoche im Oktober 1968:<\/p>\n\n\n\n<div style=\"height:41px\" aria-hidden=\"true\" class=\"wp-block-spacer\"><\/div>\n\n\n\n<hr class=\"wp-block-separator has-text-color has-alpha-channel-opacity has-background\" style=\"background-color:#dc7e3b;color:#dc7e3b\"\/>\n\n\n\n<div style=\"height:23px\" aria-hidden=\"true\" class=\"wp-block-spacer\"><\/div>\n\n\n\n<p><em><strong>Die Intelligenz <\/strong>versucht, immer tiefer in die Spiritualit\u00e4t des Gr\u00fcnders einzudringen. Gemeinsam mit ihm wollen wir die Probleme der Zeit nach Gottes Sichtweise beurteilen. Das kann f\u00fcr uns manchmal schwierig sein, weil wir, angesteckt vom Zeitgeist, Dinge oberfl\u00e4chlich sehen und schnell l\u00f6sen wollen. Mit dem Vater verbunden zu sein bedeutet, wie er, auf die Zeichen der Zeit zu achten und aus einer Perspektive des Glaubens zu reagieren. Dies erfordert, dass unser Verstand immer tiefer in die Worte und Lehren des Gr\u00fcnders eindringt, um sie zu analysieren, zu reflektieren, zu verstehen und in unserem Leben anzuwenden.<\/em><\/p>\n\n\n\n<p><em><strong>Der Wille<\/strong> nimmt die Ziele des Gr\u00fcnders auf und verwandelt sie in eine pers\u00f6nliche Mission. Je tiefer die Vereinigung des Willens mit dem Vater der Sch\u00f6nstattfamilie ist, desto mehr sind wir vor Impulsen gesch\u00fctzt, die uns zu prinzipienlosem Handeln verleiten, und desto mehr bem\u00fchen wir uns, ihm in mitverantwortlichem Gehorsam treu zu bleiben.<\/em><\/p>\n\n\n\n<p><em>Pater Menningen warnt uns jedoch, dass es nicht ausreicht, unseren Verstand und unseren Willen zu vereinen, wenn wir nicht auch <strong>unsere Herzen vereinen <\/strong>\u2013 das hei\u00dft: durch die Liebe. Wir wollen ihn kennenlernen, ihn sch\u00e4tzen und schlie\u00dflich lieben, ihn als unseren geistlichen Vater, der uns den Reichtum der Sch\u00f6nstatt-Spiritualit\u00e4t als Erbe und als Mission hinterlassen hat, lieben, die wir im Dienst der Kirche erf\u00fcllen sollen.<\/em><\/p>\n\n\n\n<div style=\"height:23px\" aria-hidden=\"true\" class=\"wp-block-spacer\"><\/div>\n\n\n\n<hr class=\"wp-block-separator has-text-color has-alpha-channel-opacity has-background\" style=\"background-color:#dc7e3b;color:#dc7e3b\"\/>\n\n\n\n<div style=\"height:32px\" aria-hidden=\"true\" class=\"wp-block-spacer\"><\/div>\n\n\n\n<h3 class=\"wp-block-heading\" id=\"h-die-verbindung-zu-seiner-person-und-seinem-charisma\">Die Verbindung zu seiner Person und seinem Charisma<\/h3>\n\n\n\n<p>Es ist auch wichtig zu beachten, dass<strong> es verschiedene Grade der Verbindung mit dem Gr\u00fcnder gibt<\/strong>, und alle sind wichtig, weil es Gott ist, der diese Verbindungen leitet. <strong>Als Gemeinschaft von F\u00fchrungskr\u00e4ften strebt der Familienbund eine Verbindung kindlicher Liebe an, weil er berufen ist, als F\u00fchrungskr\u00e4fte an seinem Charisma teilzuhaben.<\/strong><\/p>\n\n\n\n<div style=\"height:30px\" aria-hidden=\"true\" class=\"wp-block-spacer\"><\/div>\n\n\n\n<figure class=\"wp-block-image aligncenter size-full\"><img decoding=\"async\" src=\"https:\/\/schoenstatt.com\/wp-content\/uploads\/2025\/10\/Kentenich-Porto-Alegre-Brazil.jpg\" alt=\"\" class=\"wp-image-65555\"\/><figcaption class=\"wp-element-caption\">Statue unseres Vaters und Gr\u00fcnders im Porto Alegre-Heiligtum (Foto: Marcia Kazumi)<\/figcaption><\/figure>\n\n\n\n<p>Schlie\u00dflich \u2013 und das ist das Wichtigste \u2013 m\u00fcssen wir uns auf Gottes Gnade verlassen. Niemand kann gezwungen werden, sich ihr zu \u00f6ffnen, und wir m\u00fcssen bereit sein, sie als Geschenk und Auftrag anzunehmen.<\/p>\n\n\n\n<p>Luiz Antonio Machado hat zusammen mit seiner Frau Cleonice den kindlichen Bund im Tabor-Magnificat-Heiligtum in Curitiba geschlossen und berichtet: <em>\u201eF\u00fcr diejenigen, die nie die Gelegenheit hatten, eine Vaterfigur kennenzulernen oder mit ihr zu leben, ist es sehr schwierig, jemanden au\u00dfer Gott \u201aVater\u2018 zu nennen. Daher bedeutet mir das Besiegeln des Gefolgschaftsaktes mit dem Vater und Gr\u00fcnder die \u00dcberwindung einer pers\u00f6nlichen Barriere, die mir Kummer bereitete, obwohl ich dem\u00fctig erkannte, dass der Gr\u00fcnder ein Werkzeug war, das von der MTA genutzt wurde, um Herzen f\u00fcr ihren geliebten Sohn, Jesus Christus, zu gewinnen. Durch den Willen der MTA und die g\u00f6ttliche Gnade wurde mein Herz irgendwann auf meinem Weg mit der Familienf\u00f6deration tief bewegt. Ich wurde von meiner emotionalen Blindheit befreit und kann heute mit Gelassenheit sagen: Pater Josef Kentenich ist mein \u201aVater\u2018.\u201c<\/em><\/p>\n\n\n\n<p>F\u00fcr Cleber und Marilsa Lima aus Londrina:<em> \u201eDen Gefolgschaftsakt mit dem Gr\u00fcnder zu schlie\u00dfen, geht weit \u00fcber die Akzeptanz von Pater Kentenich als Gr\u00fcnder des Werkes, dem wir angeh\u00f6ren, und die Anerkennung seiner v\u00f6lligen Hingabe an dieses Werk hinaus.\u201c F\u00fcr uns ist es die Gewissheit, dass wir einen Vater haben, der sich auf einzigartige Weise um jedes seiner geistlichen Kinder auf Erden gek\u00fcmmert hat und der im Himmel f\u00fcr jeden von uns vor dem guten Gott F\u00fcrsprache einlegt. Es ist auch ein Ansporn, nach Heiligkeit zu streben, indem wir seinem Beispiel und seinen Lehren folgen. Diese kindliche Beziehung zum Vater und Gr\u00fcnder f\u00fchrt uns dazu, Gott n\u00e4her zu sein, seine Botschaften in den allt\u00e4glichen Dingen zu erkennen und unseren praktischen Glauben an die g\u00f6ttliche Vorsehung zu vertiefen.\u201c<\/em><\/p>\n\n\n\n<p>Wir glauben, dass wir unserem lieben und geliebten Vater und Gr\u00fcnder zum Jubil\u00e4um der Gr\u00fcndung des Familienbunds kein besseres Geschenk machen konnten. M\u00f6gen wir diesem besiegelten Gefolgschaftsakt immer treu bleiben, den Weg der kindlichen Heiligkeit gehen, den Sch\u00f6nstatt uns vorschl\u00e4gt, und uns voller Vertrauen der v\u00e4terlichen Liebe Gottes hingeben, der unser Leben durch sekund\u00e4re Ursachen leitet. M\u00f6ge unser Vater und Gr\u00fcnder weiterhin f\u00fcr unsere Gemeinschaft F\u00fcrsprache einlegen und sie segnen.<\/p>\n\n\n\n<p><strong>\u00dcbersetzung:<\/strong> Sr. M. Lourdes Mac\u00edas<br><strong>Lektorat: <\/strong>Hildegard Kaiser<\/p>\n","protected":false},"excerpt":{"rendered":"<p>Die Kurse, die bereits ihre ewige Weihe im Familienbund Brasiliens vollzogen haben, \u00fcberreichten unserem Vater und Gr\u00fcnder ein Geschenk.<\/p>\n","protected":false},"author":3,"featured_media":65561,"comment_status":"closed","ping_status":"closed","sticky":false,"template":"","format":"standard","meta":{"footnotes":""},"categories":[195,907],"tags":[1299,1133,1147],"class_list":["post-65577","post","type-post","status-publish","format-standard","has-post-thumbnail","hentry","category-amerika-de","category-schoenstatt-gemeinschaften-de","tag-pater-josef-kentenich-de","tag-schonstatt-brasilien-de","tag-schonstatt-familienbund-de"],"yoast_head":"<!-- This site is optimized with the Yoast SEO Premium plugin v27.4 (Yoast SEO v27.4) - https:\/\/yoast.com\/product\/yoast-seo-premium-wordpress\/ -->\n<title>Der Familienbund Brasiliens \u00fcberreicht dem Vater und Gr\u00fcnder ein Geschenk<\/title>\n<meta name=\"description\" content=\"Die Kurse, die bereits ihre ewige Weihe im Familienbund Brasiliens vollzogen haben, \u00fcberreichten unserem Vater und Gr\u00fcnder ein Geschenk.\" \/>\n<meta name=\"robots\" content=\"index, follow, max-snippet:-1, max-image-preview:large, max-video-preview:-1\" \/>\n<link rel=\"canonical\" href=\"https:\/\/schoenstatt.com\/de\/der-familienbund-brasiliens-ueberreicht-dem-vater-und-gruender-ein-geschenk\/\" \/>\n<meta property=\"og:locale\" content=\"de_DE\" \/>\n<meta property=\"og:type\" content=\"article\" \/>\n<meta property=\"og:title\" content=\"Der Familienbund Brasiliens \u00fcberreicht dem Vater und Gr\u00fcnder ein Geschenk\" \/>\n<meta property=\"og:description\" content=\"Die Kurse, die bereits ihre ewige Weihe im Familienbund Brasiliens vollzogen haben, \u00fcberreichten unserem Vater und Gr\u00fcnder ein Geschenk.\" \/>\n<meta property=\"og:url\" content=\"https:\/\/schoenstatt.com\/de\/der-familienbund-brasiliens-ueberreicht-dem-vater-und-gruender-ein-geschenk\/\" \/>\n<meta property=\"og:site_name\" content=\"Schoenstatt\" \/>\n<meta property=\"article:published_time\" content=\"2025-10-25T02:30:00+00:00\" \/>\n<meta property=\"og:image\" content=\"https:\/\/schoenstatt.com\/wp-content\/uploads\/2025\/10\/Unity-Cross.webp\" \/>\n\t<meta property=\"og:image:width\" content=\"2048\" \/>\n\t<meta property=\"og:image:height\" content=\"1219\" \/>\n\t<meta property=\"og:image:type\" content=\"image\/jpeg\" \/>\n<meta name=\"author\" content=\"Karen Bueno\" \/>\n<meta name=\"twitter:card\" content=\"summary_large_image\" \/>\n<meta name=\"twitter:label1\" content=\"Verfasst von\" \/>\n\t<meta name=\"twitter:data1\" content=\"Karen Bueno\" \/>\n\t<meta name=\"twitter:label2\" content=\"Gesch\u00e4tzte Lesezeit\" \/>\n\t<meta name=\"twitter:data2\" content=\"7\u00a0Minuten\" \/>\n<script type=\"application\/ld+json\" class=\"yoast-schema-graph\">{\"@context\":\"https:\\\/\\\/schema.org\",\"@graph\":[{\"@type\":\"Article\",\"@id\":\"https:\\\/\\\/schoenstatt.com\\\/de\\\/der-familienbund-brasiliens-ueberreicht-dem-vater-und-gruender-ein-geschenk\\\/#article\",\"isPartOf\":{\"@id\":\"https:\\\/\\\/schoenstatt.com\\\/de\\\/der-familienbund-brasiliens-ueberreicht-dem-vater-und-gruender-ein-geschenk\\\/\"},\"author\":{\"name\":\"Karen Bueno\",\"@id\":\"https:\\\/\\\/schoenstatt.com\\\/de\\\/#\\\/schema\\\/person\\\/5158877ad4acae98b34daaeef2a1ce6e\"},\"headline\":\"Der Familienbund Brasiliens \u00fcberreicht dem Vater und Gr\u00fcnder ein Geschenk\",\"datePublished\":\"2025-10-25T02:30:00+00:00\",\"mainEntityOfPage\":{\"@id\":\"https:\\\/\\\/schoenstatt.com\\\/de\\\/der-familienbund-brasiliens-ueberreicht-dem-vater-und-gruender-ein-geschenk\\\/\"},\"wordCount\":1146,\"publisher\":{\"@id\":\"https:\\\/\\\/schoenstatt.com\\\/de\\\/#organization\"},\"image\":{\"@id\":\"https:\\\/\\\/schoenstatt.com\\\/de\\\/der-familienbund-brasiliens-ueberreicht-dem-vater-und-gruender-ein-geschenk\\\/#primaryimage\"},\"thumbnailUrl\":\"https:\\\/\\\/schoenstatt.com\\\/wp-content\\\/uploads\\\/2025\\\/10\\\/Unity-Cross.webp\",\"keywords\":[\"Pater Josef Kentenich\",\"Sch\u00f6nstatt Brasilien\",\"Sch\u00f6nstatt-Familienbund\"],\"articleSection\":[\"Amerika\",\"Schoenstatt Gemeinschaften\"],\"inLanguage\":\"de\"},{\"@type\":\"WebPage\",\"@id\":\"https:\\\/\\\/schoenstatt.com\\\/de\\\/der-familienbund-brasiliens-ueberreicht-dem-vater-und-gruender-ein-geschenk\\\/\",\"url\":\"https:\\\/\\\/schoenstatt.com\\\/de\\\/der-familienbund-brasiliens-ueberreicht-dem-vater-und-gruender-ein-geschenk\\\/\",\"name\":\"Der Familienbund Brasiliens \u00fcberreicht dem Vater und Gr\u00fcnder ein Geschenk\",\"isPartOf\":{\"@id\":\"https:\\\/\\\/schoenstatt.com\\\/de\\\/#website\"},\"primaryImageOfPage\":{\"@id\":\"https:\\\/\\\/schoenstatt.com\\\/de\\\/der-familienbund-brasiliens-ueberreicht-dem-vater-und-gruender-ein-geschenk\\\/#primaryimage\"},\"image\":{\"@id\":\"https:\\\/\\\/schoenstatt.com\\\/de\\\/der-familienbund-brasiliens-ueberreicht-dem-vater-und-gruender-ein-geschenk\\\/#primaryimage\"},\"thumbnailUrl\":\"https:\\\/\\\/schoenstatt.com\\\/wp-content\\\/uploads\\\/2025\\\/10\\\/Unity-Cross.webp\",\"datePublished\":\"2025-10-25T02:30:00+00:00\",\"description\":\"Die Kurse, die bereits ihre ewige Weihe im Familienbund Brasiliens vollzogen haben, \u00fcberreichten unserem Vater und Gr\u00fcnder ein Geschenk.\",\"breadcrumb\":{\"@id\":\"https:\\\/\\\/schoenstatt.com\\\/de\\\/der-familienbund-brasiliens-ueberreicht-dem-vater-und-gruender-ein-geschenk\\\/#breadcrumb\"},\"inLanguage\":\"de\",\"potentialAction\":[{\"@type\":\"ReadAction\",\"target\":[\"https:\\\/\\\/schoenstatt.com\\\/de\\\/der-familienbund-brasiliens-ueberreicht-dem-vater-und-gruender-ein-geschenk\\\/\"]}]},{\"@type\":\"ImageObject\",\"inLanguage\":\"de\",\"@id\":\"https:\\\/\\\/schoenstatt.com\\\/de\\\/der-familienbund-brasiliens-ueberreicht-dem-vater-und-gruender-ein-geschenk\\\/#primaryimage\",\"url\":\"https:\\\/\\\/schoenstatt.com\\\/wp-content\\\/uploads\\\/2025\\\/10\\\/Unity-Cross.webp\",\"contentUrl\":\"https:\\\/\\\/schoenstatt.com\\\/wp-content\\\/uploads\\\/2025\\\/10\\\/Unity-Cross.webp\",\"width\":2048,\"height\":1219},{\"@type\":\"BreadcrumbList\",\"@id\":\"https:\\\/\\\/schoenstatt.com\\\/de\\\/der-familienbund-brasiliens-ueberreicht-dem-vater-und-gruender-ein-geschenk\\\/#breadcrumb\",\"itemListElement\":[{\"@type\":\"ListItem\",\"position\":1,\"name\":\"Portada\",\"item\":\"https:\\\/\\\/schoenstatt.com\\\/de\\\/home\\\/\"},{\"@type\":\"ListItem\",\"position\":2,\"name\":\"Der Familienbund Brasiliens \u00fcberreicht dem Vater und Gr\u00fcnder ein Geschenk\"}]},{\"@type\":\"WebSite\",\"@id\":\"https:\\\/\\\/schoenstatt.com\\\/de\\\/#website\",\"url\":\"https:\\\/\\\/schoenstatt.com\\\/de\\\/\",\"name\":\"Schoenstatt\",\"description\":\"Apostolic Movement\",\"publisher\":{\"@id\":\"https:\\\/\\\/schoenstatt.com\\\/de\\\/#organization\"},\"potentialAction\":[{\"@type\":\"SearchAction\",\"target\":{\"@type\":\"EntryPoint\",\"urlTemplate\":\"https:\\\/\\\/schoenstatt.com\\\/de\\\/?s={search_term_string}\"},\"query-input\":{\"@type\":\"PropertyValueSpecification\",\"valueRequired\":true,\"valueName\":\"search_term_string\"}}],\"inLanguage\":\"de\"},{\"@type\":\"Organization\",\"@id\":\"https:\\\/\\\/schoenstatt.com\\\/de\\\/#organization\",\"name\":\"Schoenstatt\",\"url\":\"https:\\\/\\\/schoenstatt.com\\\/de\\\/\",\"logo\":{\"@type\":\"ImageObject\",\"inLanguage\":\"de\",\"@id\":\"https:\\\/\\\/schoenstatt.com\\\/de\\\/#\\\/schema\\\/logo\\\/image\\\/\",\"url\":\"https:\\\/\\\/schoenstatt.com\\\/wp-content\\\/uploads\\\/2025\\\/04\\\/logo-schoenstatt-white-696x696-1.png\",\"contentUrl\":\"https:\\\/\\\/schoenstatt.com\\\/wp-content\\\/uploads\\\/2025\\\/04\\\/logo-schoenstatt-white-696x696-1.png\",\"width\":696,\"height\":694,\"caption\":\"Schoenstatt\"},\"image\":{\"@id\":\"https:\\\/\\\/schoenstatt.com\\\/de\\\/#\\\/schema\\\/logo\\\/image\\\/\"}},{\"@type\":\"Person\",\"@id\":\"https:\\\/\\\/schoenstatt.com\\\/de\\\/#\\\/schema\\\/person\\\/5158877ad4acae98b34daaeef2a1ce6e\",\"name\":\"Karen Bueno\",\"image\":{\"@type\":\"ImageObject\",\"inLanguage\":\"de\",\"@id\":\"https:\\\/\\\/secure.gravatar.com\\\/avatar\\\/f9f4b823873154269d2b2130f195f6d41037dd0d7fc5f3cacb5c846bae70d66b?s=96&d=mm&r=g\",\"url\":\"https:\\\/\\\/secure.gravatar.com\\\/avatar\\\/f9f4b823873154269d2b2130f195f6d41037dd0d7fc5f3cacb5c846bae70d66b?s=96&d=mm&r=g\",\"contentUrl\":\"https:\\\/\\\/secure.gravatar.com\\\/avatar\\\/f9f4b823873154269d2b2130f195f6d41037dd0d7fc5f3cacb5c846bae70d66b?s=96&d=mm&r=g\",\"caption\":\"Karen Bueno\"},\"url\":\"https:\\\/\\\/schoenstatt.com\\\/de\\\/author\\\/karen-bueno\\\/\"}]}<\/script>\n<!-- \/ Yoast SEO Premium plugin. -->","yoast_head_json":{"title":"Der Familienbund Brasiliens \u00fcberreicht dem Vater und Gr\u00fcnder ein Geschenk","description":"Die Kurse, die bereits ihre ewige Weihe im Familienbund Brasiliens vollzogen haben, \u00fcberreichten unserem Vater und Gr\u00fcnder ein Geschenk.","robots":{"index":"index","follow":"follow","max-snippet":"max-snippet:-1","max-image-preview":"max-image-preview:large","max-video-preview":"max-video-preview:-1"},"canonical":"https:\/\/schoenstatt.com\/de\/der-familienbund-brasiliens-ueberreicht-dem-vater-und-gruender-ein-geschenk\/","og_locale":"de_DE","og_type":"article","og_title":"Der Familienbund Brasiliens \u00fcberreicht dem Vater und Gr\u00fcnder ein Geschenk","og_description":"Die Kurse, die bereits ihre ewige Weihe im Familienbund Brasiliens vollzogen haben, \u00fcberreichten unserem Vater und Gr\u00fcnder ein Geschenk.","og_url":"https:\/\/schoenstatt.com\/de\/der-familienbund-brasiliens-ueberreicht-dem-vater-und-gruender-ein-geschenk\/","og_site_name":"Schoenstatt","article_published_time":"2025-10-25T02:30:00+00:00","og_image":[{"width":2048,"height":1219,"url":"https:\/\/schoenstatt.com\/wp-content\/uploads\/2025\/10\/Unity-Cross.webp","type":"image\/jpeg"}],"author":"Karen Bueno","twitter_card":"summary_large_image","twitter_misc":{"Verfasst von":"Karen Bueno","Gesch\u00e4tzte Lesezeit":"7\u00a0Minuten"},"schema":{"@context":"https:\/\/schema.org","@graph":[{"@type":"Article","@id":"https:\/\/schoenstatt.com\/de\/der-familienbund-brasiliens-ueberreicht-dem-vater-und-gruender-ein-geschenk\/#article","isPartOf":{"@id":"https:\/\/schoenstatt.com\/de\/der-familienbund-brasiliens-ueberreicht-dem-vater-und-gruender-ein-geschenk\/"},"author":{"name":"Karen Bueno","@id":"https:\/\/schoenstatt.com\/de\/#\/schema\/person\/5158877ad4acae98b34daaeef2a1ce6e"},"headline":"Der Familienbund Brasiliens \u00fcberreicht dem Vater und Gr\u00fcnder ein Geschenk","datePublished":"2025-10-25T02:30:00+00:00","mainEntityOfPage":{"@id":"https:\/\/schoenstatt.com\/de\/der-familienbund-brasiliens-ueberreicht-dem-vater-und-gruender-ein-geschenk\/"},"wordCount":1146,"publisher":{"@id":"https:\/\/schoenstatt.com\/de\/#organization"},"image":{"@id":"https:\/\/schoenstatt.com\/de\/der-familienbund-brasiliens-ueberreicht-dem-vater-und-gruender-ein-geschenk\/#primaryimage"},"thumbnailUrl":"https:\/\/schoenstatt.com\/wp-content\/uploads\/2025\/10\/Unity-Cross.webp","keywords":["Pater Josef Kentenich","Sch\u00f6nstatt Brasilien","Sch\u00f6nstatt-Familienbund"],"articleSection":["Amerika","Schoenstatt Gemeinschaften"],"inLanguage":"de"},{"@type":"WebPage","@id":"https:\/\/schoenstatt.com\/de\/der-familienbund-brasiliens-ueberreicht-dem-vater-und-gruender-ein-geschenk\/","url":"https:\/\/schoenstatt.com\/de\/der-familienbund-brasiliens-ueberreicht-dem-vater-und-gruender-ein-geschenk\/","name":"Der Familienbund Brasiliens \u00fcberreicht dem Vater und Gr\u00fcnder ein Geschenk","isPartOf":{"@id":"https:\/\/schoenstatt.com\/de\/#website"},"primaryImageOfPage":{"@id":"https:\/\/schoenstatt.com\/de\/der-familienbund-brasiliens-ueberreicht-dem-vater-und-gruender-ein-geschenk\/#primaryimage"},"image":{"@id":"https:\/\/schoenstatt.com\/de\/der-familienbund-brasiliens-ueberreicht-dem-vater-und-gruender-ein-geschenk\/#primaryimage"},"thumbnailUrl":"https:\/\/schoenstatt.com\/wp-content\/uploads\/2025\/10\/Unity-Cross.webp","datePublished":"2025-10-25T02:30:00+00:00","description":"Die Kurse, die bereits ihre ewige Weihe im Familienbund Brasiliens vollzogen haben, \u00fcberreichten unserem Vater und Gr\u00fcnder ein Geschenk.","breadcrumb":{"@id":"https:\/\/schoenstatt.com\/de\/der-familienbund-brasiliens-ueberreicht-dem-vater-und-gruender-ein-geschenk\/#breadcrumb"},"inLanguage":"de","potentialAction":[{"@type":"ReadAction","target":["https:\/\/schoenstatt.com\/de\/der-familienbund-brasiliens-ueberreicht-dem-vater-und-gruender-ein-geschenk\/"]}]},{"@type":"ImageObject","inLanguage":"de","@id":"https:\/\/schoenstatt.com\/de\/der-familienbund-brasiliens-ueberreicht-dem-vater-und-gruender-ein-geschenk\/#primaryimage","url":"https:\/\/schoenstatt.com\/wp-content\/uploads\/2025\/10\/Unity-Cross.webp","contentUrl":"https:\/\/schoenstatt.com\/wp-content\/uploads\/2025\/10\/Unity-Cross.webp","width":2048,"height":1219},{"@type":"BreadcrumbList","@id":"https:\/\/schoenstatt.com\/de\/der-familienbund-brasiliens-ueberreicht-dem-vater-und-gruender-ein-geschenk\/#breadcrumb","itemListElement":[{"@type":"ListItem","position":1,"name":"Portada","item":"https:\/\/schoenstatt.com\/de\/home\/"},{"@type":"ListItem","position":2,"name":"Der Familienbund Brasiliens \u00fcberreicht dem Vater und Gr\u00fcnder ein Geschenk"}]},{"@type":"WebSite","@id":"https:\/\/schoenstatt.com\/de\/#website","url":"https:\/\/schoenstatt.com\/de\/","name":"Schoenstatt","description":"Apostolic Movement","publisher":{"@id":"https:\/\/schoenstatt.com\/de\/#organization"},"potentialAction":[{"@type":"SearchAction","target":{"@type":"EntryPoint","urlTemplate":"https:\/\/schoenstatt.com\/de\/?s={search_term_string}"},"query-input":{"@type":"PropertyValueSpecification","valueRequired":true,"valueName":"search_term_string"}}],"inLanguage":"de"},{"@type":"Organization","@id":"https:\/\/schoenstatt.com\/de\/#organization","name":"Schoenstatt","url":"https:\/\/schoenstatt.com\/de\/","logo":{"@type":"ImageObject","inLanguage":"de","@id":"https:\/\/schoenstatt.com\/de\/#\/schema\/logo\/image\/","url":"https:\/\/schoenstatt.com\/wp-content\/uploads\/2025\/04\/logo-schoenstatt-white-696x696-1.png","contentUrl":"https:\/\/schoenstatt.com\/wp-content\/uploads\/2025\/04\/logo-schoenstatt-white-696x696-1.png","width":696,"height":694,"caption":"Schoenstatt"},"image":{"@id":"https:\/\/schoenstatt.com\/de\/#\/schema\/logo\/image\/"}},{"@type":"Person","@id":"https:\/\/schoenstatt.com\/de\/#\/schema\/person\/5158877ad4acae98b34daaeef2a1ce6e","name":"Karen Bueno","image":{"@type":"ImageObject","inLanguage":"de","@id":"https:\/\/secure.gravatar.com\/avatar\/f9f4b823873154269d2b2130f195f6d41037dd0d7fc5f3cacb5c846bae70d66b?s=96&d=mm&r=g","url":"https:\/\/secure.gravatar.com\/avatar\/f9f4b823873154269d2b2130f195f6d41037dd0d7fc5f3cacb5c846bae70d66b?s=96&d=mm&r=g","contentUrl":"https:\/\/secure.gravatar.com\/avatar\/f9f4b823873154269d2b2130f195f6d41037dd0d7fc5f3cacb5c846bae70d66b?s=96&d=mm&r=g","caption":"Karen Bueno"},"url":"https:\/\/schoenstatt.com\/de\/author\/karen-bueno\/"}]}},"_links":{"self":[{"href":"https:\/\/schoenstatt.com\/de\/wp-json\/wp\/v2\/posts\/65577","targetHints":{"allow":["GET"]}}],"collection":[{"href":"https:\/\/schoenstatt.com\/de\/wp-json\/wp\/v2\/posts"}],"about":[{"href":"https:\/\/schoenstatt.com\/de\/wp-json\/wp\/v2\/types\/post"}],"author":[{"embeddable":true,"href":"https:\/\/schoenstatt.com\/de\/wp-json\/wp\/v2\/users\/3"}],"replies":[{"embeddable":true,"href":"https:\/\/schoenstatt.com\/de\/wp-json\/wp\/v2\/comments?post=65577"}],"version-history":[{"count":6,"href":"https:\/\/schoenstatt.com\/de\/wp-json\/wp\/v2\/posts\/65577\/revisions"}],"predecessor-version":[{"id":65655,"href":"https:\/\/schoenstatt.com\/de\/wp-json\/wp\/v2\/posts\/65577\/revisions\/65655"}],"wp:featuredmedia":[{"embeddable":true,"href":"https:\/\/schoenstatt.com\/de\/wp-json\/wp\/v2\/media\/65561"}],"wp:attachment":[{"href":"https:\/\/schoenstatt.com\/de\/wp-json\/wp\/v2\/media?parent=65577"}],"wp:term":[{"taxonomy":"category","embeddable":true,"href":"https:\/\/schoenstatt.com\/de\/wp-json\/wp\/v2\/categories?post=65577"},{"taxonomy":"post_tag","embeddable":true,"href":"https:\/\/schoenstatt.com\/de\/wp-json\/wp\/v2\/tags?post=65577"}],"curies":[{"name":"wp","href":"https:\/\/api.w.org\/{rel}","templated":true}]}}