{"id":65192,"date":"2025-10-16T04:00:00","date_gmt":"2025-10-16T02:00:00","guid":{"rendered":"https:\/\/schoenstatt.com\/?p=65192"},"modified":"2025-10-16T02:58:20","modified_gmt":"2025-10-16T00:58:20","slug":"tag-8-novene-zum-tag-des-liebesbuendnisses","status":"publish","type":"post","link":"https:\/\/schoenstatt.com\/de\/tag-8-novene-zum-tag-des-liebesbuendnisses\/","title":{"rendered":"Tag 8 \u2013 Novene zum Tag des Liebesb\u00fcndnisses"},"content":{"rendered":"\n<p>Heute feiern wir den vorletzten Tag der Novene zum Tag des Liebesb\u00fcndnisses. Als Familie n\u00e4hern wir uns dem Gr\u00fcndungstag Sch\u00f6nstatts mit brennendem Herzen und dem Wunsch, unsere Liebe zur MTA zu erneuern.<\/p>\n\n\n\n<p>Am <strong>achten Tag <\/strong>der Novene verbinden wir uns geistig mit dem <strong>Heiligtum von Bellavista in Santiago de Chile.<\/strong> Dort ist der <strong>ehrw\u00fcrdige Mario Hiriart Pulido <\/strong>begraben, der Held, an den wir uns heute erinnern.<\/p>\n\n\n\n<p>Mario war der erste Sch\u00f6nstatt-Marienbruder Lateinamerikas und hinterlie\u00df einen Weg der Inspiration f\u00fcr die Heiligkeit im Laienleben. Heute betet <strong>Pater Gonzalo Ilanes<\/strong>, Nationalleiter der Bewegung in Chile, mit uns am Grab von Mario.<\/p>\n\n\n\n<p><strong>Das Gebet wurde auf Spanisch aufgenommen, ist aber mit Untertiteln in Portugiesisch, Englisch und Deutsch versehen.<\/strong><\/p>\n\n\n\n<figure class=\"wp-block-embed is-type-video is-provider-youtube wp-block-embed-youtube wp-embed-aspect-16-9 wp-has-aspect-ratio\"><div class=\"wp-block-embed__wrapper\">\n<iframe title=\"Novena 2025 - Covenant of Love - Day 8\" width=\"800\" height=\"450\" src=\"https:\/\/www.youtube.com\/embed\/lIZ2UqJFtO8?feature=oembed\" frameborder=\"0\" allow=\"accelerometer; autoplay; clipboard-write; encrypted-media; gyroscope; picture-in-picture; web-share\" referrerpolicy=\"strict-origin-when-cross-origin\" allowfullscreen><\/iframe>\n<\/div><\/figure>\n\n\n<div style=\"height:56px\" aria-hidden=\"true\" class=\"wp-block-spacer\"><\/div>\n\n\n\n<p class=\"has-text-align-center\"><strong>Das Gebet ist in sechs Sprachen verf\u00fcgbar<\/strong>:<\/p>\n\n\n\n<div style=\"height:56px\" aria-hidden=\"true\" class=\"wp-block-spacer\"><\/div>\n\n\n\n<div class=\"wp-block-columns is-layout-flex wp-container-core-columns-is-layout-28f84493 wp-block-columns-is-layout-flex\">\n<div class=\"wp-block-column is-layout-flow wp-block-column-is-layout-flow\">\n<div class=\"wp-block-buttons is-content-justification-center is-layout-flex wp-container-core-buttons-is-layout-a89b3969 wp-block-buttons-is-layout-flex\">\n<div class=\"wp-block-button\"><a class=\"wp-block-button__link has-white-color has-text-color has-background has-link-color wp-element-button\" href=\"https:\/\/schoenstatt.com\/wp-content\/uploads\/2025\/10\/DE_AA_2025.pdf\" style=\"background-color:#d75a00\" target=\"_blank\" rel=\"noreferrer noopener\"><strong>Novene auf Deutsch<\/strong><\/a><\/div>\n\n\n\n<div class=\"wp-block-button\"><a class=\"wp-block-button__link has-white-color has-text-color has-background has-link-color wp-element-button\" href=\"https:\/\/schoenstatt.com\/wp-content\/uploads\/2025\/10\/EN_AA_2025-2.pdf\" style=\"background-color:#d75a00\" target=\"_blank\" rel=\"noreferrer noopener\"><strong>Novene auf Englisch<\/strong><\/a><\/div>\n<\/div>\n<\/div>\n\n\n\n<div class=\"wp-block-column is-layout-flow wp-block-column-is-layout-flow\">\n<div class=\"wp-block-buttons is-content-justification-center is-layout-flex wp-container-core-buttons-is-layout-a89b3969 wp-block-buttons-is-layout-flex\">\n<div class=\"wp-block-button\"><a class=\"wp-block-button__link has-white-color has-text-color has-background has-link-color wp-element-button\" href=\"https:\/\/schoenstatt.com\/wp-content\/uploads\/2025\/10\/ES_AA_2025-3.pdf\" style=\"background-color:#d75a00\" target=\"_blank\" rel=\"noreferrer noopener\"><strong>Novene auf Spanisch<\/strong><\/a><\/div>\n\n\n\n<div class=\"wp-block-button\"><a class=\"wp-block-button__link has-white-color has-text-color has-background has-link-color wp-element-button\" href=\"https:\/\/schoenstatt.com\/wp-content\/uploads\/2025\/10\/IT_AA_2025.pdf\" style=\"background-color:#d75a00\" target=\"_blank\" rel=\"noreferrer noopener\"><strong>Novene auf Italienisch<\/strong><\/a><\/div>\n<\/div>\n<\/div>\n\n\n\n<div class=\"wp-block-column is-layout-flow wp-block-column-is-layout-flow\">\n<div class=\"wp-block-buttons is-content-justification-center is-layout-flex wp-container-core-buttons-is-layout-a89b3969 wp-block-buttons-is-layout-flex\">\n<div class=\"wp-block-button\"><a class=\"wp-block-button__link has-white-color has-text-color has-background has-link-color wp-element-button\" href=\"https:\/\/schoenstatt.com\/wp-content\/uploads\/2025\/10\/PT_AA_2025.pdf\" style=\"background-color:#d75a00\" target=\"_blank\" rel=\"noreferrer noopener\"><strong>Novene auf Portugiesisch<\/strong><\/a><\/div>\n\n\n\n<div class=\"wp-block-button\"><a class=\"wp-block-button__link has-white-color has-text-color has-background has-link-color wp-element-button\" href=\"https:\/\/schoenstatt.com\/wp-content\/uploads\/2025\/10\/KR_AA_2025.pdf\" style=\"background-color:#d75a00\" target=\"_blank\" rel=\"noreferrer noopener\"><strong>Novene auf Kroatisch<\/strong><\/a><\/div>\n<\/div>\n<\/div>\n<\/div>\n\n\n\n<p class=\"has-text-align-center\"><\/p>\n","protected":false},"excerpt":{"rendered":"<p>Heute feiern wir den vorletzten Tag der Novene zum Tag des Liebesb\u00fcndnisses. Als Familie n\u00e4hern wir uns dem Gr\u00fcndungstag Sch\u00f6nstatts <\/p>\n","protected":false},"author":3,"featured_media":64735,"comment_status":"closed","ping_status":"closed","sticky":false,"template":"","format":"standard","meta":{"footnotes":""},"categories":[660],"tags":[932],"class_list":["post-65192","post","type-post","status-publish","format-standard","has-post-thumbnail","hentry","category-veranstaltungen-de","tag-18-oktober-de"],"yoast_head":"<!-- This site is optimized with the Yoast SEO Premium plugin v27.4 (Yoast SEO v27.5) - https:\/\/yoast.com\/product\/yoast-seo-premium-wordpress\/ -->\n<title>Tag 8 \u2013 Novene zum Tag des Liebesb\u00fcndnisses - Schoenstatt<\/title>\n<meta name=\"description\" content=\"Heute feiern wir den vorletzten Tag der Novene zum Tag des Liebesb\u00fcndnisses. Als Familie n\u00e4hern wir uns dem Gr\u00fcndungstag Sch\u00f6nstatts\" \/>\n<meta name=\"robots\" content=\"index, follow, max-snippet:-1, max-image-preview:large, max-video-preview:-1\" \/>\n<link rel=\"canonical\" href=\"https:\/\/schoenstatt.com\/de\/tag-8-novene-zum-tag-des-liebesbuendnisses\/\" \/>\n<meta property=\"og:locale\" content=\"de_DE\" \/>\n<meta property=\"og:type\" content=\"article\" \/>\n<meta property=\"og:title\" content=\"Tag 8 \u2013 Novene zum Tag des Liebesb\u00fcndnisses\" \/>\n<meta property=\"og:description\" content=\"Heute feiern wir den vorletzten Tag der Novene zum Tag des Liebesb\u00fcndnisses. Als Familie n\u00e4hern wir uns dem Gr\u00fcndungstag Sch\u00f6nstatts\" \/>\n<meta property=\"og:url\" content=\"https:\/\/schoenstatt.com\/de\/tag-8-novene-zum-tag-des-liebesbuendnisses\/\" \/>\n<meta property=\"og:site_name\" content=\"Schoenstatt\" \/>\n<meta property=\"article:published_time\" content=\"2025-10-16T02:00:00+00:00\" \/>\n<meta property=\"og:image\" content=\"https:\/\/schoenstatt.com\/wp-content\/uploads\/2025\/10\/novena-2025.webp\" \/>\n\t<meta property=\"og:image:width\" content=\"1280\" \/>\n\t<meta property=\"og:image:height\" content=\"807\" \/>\n\t<meta property=\"og:image:type\" content=\"image\/jpeg\" \/>\n<meta name=\"author\" content=\"Karen Bueno\" \/>\n<meta name=\"twitter:card\" content=\"summary_large_image\" \/>\n<meta name=\"twitter:label1\" content=\"Verfasst von\" \/>\n\t<meta name=\"twitter:data1\" content=\"Karen Bueno\" \/>\n\t<meta name=\"twitter:label2\" content=\"Gesch\u00e4tzte Lesezeit\" \/>\n\t<meta name=\"twitter:data2\" content=\"1\u00a0Minute\" \/>\n<script type=\"application\/ld+json\" class=\"yoast-schema-graph\">{\"@context\":\"https:\\\/\\\/schema.org\",\"@graph\":[{\"@type\":\"Article\",\"@id\":\"https:\\\/\\\/schoenstatt.com\\\/de\\\/tag-8-novene-zum-tag-des-liebesbuendnisses\\\/#article\",\"isPartOf\":{\"@id\":\"https:\\\/\\\/schoenstatt.com\\\/de\\\/tag-8-novene-zum-tag-des-liebesbuendnisses\\\/\"},\"author\":{\"name\":\"Karen Bueno\",\"@id\":\"https:\\\/\\\/schoenstatt.com\\\/de\\\/#\\\/schema\\\/person\\\/5158877ad4acae98b34daaeef2a1ce6e\"},\"headline\":\"Tag 8 \u2013 Novene zum Tag des Liebesb\u00fcndnisses\",\"datePublished\":\"2025-10-16T02:00:00+00:00\",\"mainEntityOfPage\":{\"@id\":\"https:\\\/\\\/schoenstatt.com\\\/de\\\/tag-8-novene-zum-tag-des-liebesbuendnisses\\\/\"},\"wordCount\":160,\"publisher\":{\"@id\":\"https:\\\/\\\/schoenstatt.com\\\/de\\\/#organization\"},\"image\":{\"@id\":\"https:\\\/\\\/schoenstatt.com\\\/de\\\/tag-8-novene-zum-tag-des-liebesbuendnisses\\\/#primaryimage\"},\"thumbnailUrl\":\"https:\\\/\\\/schoenstatt.com\\\/wp-content\\\/uploads\\\/2025\\\/10\\\/novena-2025.webp\",\"keywords\":[\"18. Oktober\"],\"articleSection\":[\"Veranstaltungen\"],\"inLanguage\":\"de\"},{\"@type\":\"WebPage\",\"@id\":\"https:\\\/\\\/schoenstatt.com\\\/de\\\/tag-8-novene-zum-tag-des-liebesbuendnisses\\\/\",\"url\":\"https:\\\/\\\/schoenstatt.com\\\/de\\\/tag-8-novene-zum-tag-des-liebesbuendnisses\\\/\",\"name\":\"Tag 8 \u2013 Novene zum Tag des Liebesb\u00fcndnisses - Schoenstatt\",\"isPartOf\":{\"@id\":\"https:\\\/\\\/schoenstatt.com\\\/de\\\/#website\"},\"primaryImageOfPage\":{\"@id\":\"https:\\\/\\\/schoenstatt.com\\\/de\\\/tag-8-novene-zum-tag-des-liebesbuendnisses\\\/#primaryimage\"},\"image\":{\"@id\":\"https:\\\/\\\/schoenstatt.com\\\/de\\\/tag-8-novene-zum-tag-des-liebesbuendnisses\\\/#primaryimage\"},\"thumbnailUrl\":\"https:\\\/\\\/schoenstatt.com\\\/wp-content\\\/uploads\\\/2025\\\/10\\\/novena-2025.webp\",\"datePublished\":\"2025-10-16T02:00:00+00:00\",\"description\":\"Heute feiern wir den vorletzten Tag der Novene zum Tag des Liebesb\u00fcndnisses. Als Familie n\u00e4hern wir uns dem Gr\u00fcndungstag Sch\u00f6nstatts\",\"breadcrumb\":{\"@id\":\"https:\\\/\\\/schoenstatt.com\\\/de\\\/tag-8-novene-zum-tag-des-liebesbuendnisses\\\/#breadcrumb\"},\"inLanguage\":\"de\",\"potentialAction\":[{\"@type\":\"ReadAction\",\"target\":[\"https:\\\/\\\/schoenstatt.com\\\/de\\\/tag-8-novene-zum-tag-des-liebesbuendnisses\\\/\"]}]},{\"@type\":\"ImageObject\",\"inLanguage\":\"de\",\"@id\":\"https:\\\/\\\/schoenstatt.com\\\/de\\\/tag-8-novene-zum-tag-des-liebesbuendnisses\\\/#primaryimage\",\"url\":\"https:\\\/\\\/schoenstatt.com\\\/wp-content\\\/uploads\\\/2025\\\/10\\\/novena-2025.webp\",\"contentUrl\":\"https:\\\/\\\/schoenstatt.com\\\/wp-content\\\/uploads\\\/2025\\\/10\\\/novena-2025.webp\",\"width\":1280,\"height\":807},{\"@type\":\"BreadcrumbList\",\"@id\":\"https:\\\/\\\/schoenstatt.com\\\/de\\\/tag-8-novene-zum-tag-des-liebesbuendnisses\\\/#breadcrumb\",\"itemListElement\":[{\"@type\":\"ListItem\",\"position\":1,\"name\":\"Portada\",\"item\":\"https:\\\/\\\/schoenstatt.com\\\/de\\\/home\\\/\"},{\"@type\":\"ListItem\",\"position\":2,\"name\":\"Tag 8 \u2013 Novene zum Tag des Liebesb\u00fcndnisses\"}]},{\"@type\":\"WebSite\",\"@id\":\"https:\\\/\\\/schoenstatt.com\\\/de\\\/#website\",\"url\":\"https:\\\/\\\/schoenstatt.com\\\/de\\\/\",\"name\":\"Schoenstatt\",\"description\":\"Apostolic Movement\",\"publisher\":{\"@id\":\"https:\\\/\\\/schoenstatt.com\\\/de\\\/#organization\"},\"potentialAction\":[{\"@type\":\"SearchAction\",\"target\":{\"@type\":\"EntryPoint\",\"urlTemplate\":\"https:\\\/\\\/schoenstatt.com\\\/de\\\/?s={search_term_string}\"},\"query-input\":{\"@type\":\"PropertyValueSpecification\",\"valueRequired\":true,\"valueName\":\"search_term_string\"}}],\"inLanguage\":\"de\"},{\"@type\":\"Organization\",\"@id\":\"https:\\\/\\\/schoenstatt.com\\\/de\\\/#organization\",\"name\":\"Schoenstatt\",\"url\":\"https:\\\/\\\/schoenstatt.com\\\/de\\\/\",\"logo\":{\"@type\":\"ImageObject\",\"inLanguage\":\"de\",\"@id\":\"https:\\\/\\\/schoenstatt.com\\\/de\\\/#\\\/schema\\\/logo\\\/image\\\/\",\"url\":\"https:\\\/\\\/schoenstatt.com\\\/wp-content\\\/uploads\\\/2025\\\/04\\\/logo-schoenstatt-white-696x696-1.png\",\"contentUrl\":\"https:\\\/\\\/schoenstatt.com\\\/wp-content\\\/uploads\\\/2025\\\/04\\\/logo-schoenstatt-white-696x696-1.png\",\"width\":696,\"height\":694,\"caption\":\"Schoenstatt\"},\"image\":{\"@id\":\"https:\\\/\\\/schoenstatt.com\\\/de\\\/#\\\/schema\\\/logo\\\/image\\\/\"}},{\"@type\":\"Person\",\"@id\":\"https:\\\/\\\/schoenstatt.com\\\/de\\\/#\\\/schema\\\/person\\\/5158877ad4acae98b34daaeef2a1ce6e\",\"name\":\"Karen Bueno\",\"image\":{\"@type\":\"ImageObject\",\"inLanguage\":\"de\",\"@id\":\"https:\\\/\\\/secure.gravatar.com\\\/avatar\\\/f9f4b823873154269d2b2130f195f6d41037dd0d7fc5f3cacb5c846bae70d66b?s=96&d=mm&r=g\",\"url\":\"https:\\\/\\\/secure.gravatar.com\\\/avatar\\\/f9f4b823873154269d2b2130f195f6d41037dd0d7fc5f3cacb5c846bae70d66b?s=96&d=mm&r=g\",\"contentUrl\":\"https:\\\/\\\/secure.gravatar.com\\\/avatar\\\/f9f4b823873154269d2b2130f195f6d41037dd0d7fc5f3cacb5c846bae70d66b?s=96&d=mm&r=g\",\"caption\":\"Karen Bueno\"},\"url\":\"https:\\\/\\\/schoenstatt.com\\\/de\\\/author\\\/karen-bueno\\\/\"}]}<\/script>\n<!-- \/ Yoast SEO Premium plugin. -->","yoast_head_json":{"title":"Tag 8 \u2013 Novene zum Tag des Liebesb\u00fcndnisses - Schoenstatt","description":"Heute feiern wir den vorletzten Tag der Novene zum Tag des Liebesb\u00fcndnisses. Als Familie n\u00e4hern wir uns dem Gr\u00fcndungstag Sch\u00f6nstatts","robots":{"index":"index","follow":"follow","max-snippet":"max-snippet:-1","max-image-preview":"max-image-preview:large","max-video-preview":"max-video-preview:-1"},"canonical":"https:\/\/schoenstatt.com\/de\/tag-8-novene-zum-tag-des-liebesbuendnisses\/","og_locale":"de_DE","og_type":"article","og_title":"Tag 8 \u2013 Novene zum Tag des Liebesb\u00fcndnisses","og_description":"Heute feiern wir den vorletzten Tag der Novene zum Tag des Liebesb\u00fcndnisses. Als Familie n\u00e4hern wir uns dem Gr\u00fcndungstag Sch\u00f6nstatts","og_url":"https:\/\/schoenstatt.com\/de\/tag-8-novene-zum-tag-des-liebesbuendnisses\/","og_site_name":"Schoenstatt","article_published_time":"2025-10-16T02:00:00+00:00","og_image":[{"width":1280,"height":807,"url":"https:\/\/schoenstatt.com\/wp-content\/uploads\/2025\/10\/novena-2025.webp","type":"image\/jpeg"}],"author":"Karen Bueno","twitter_card":"summary_large_image","twitter_misc":{"Verfasst von":"Karen Bueno","Gesch\u00e4tzte Lesezeit":"1\u00a0Minute"},"schema":{"@context":"https:\/\/schema.org","@graph":[{"@type":"Article","@id":"https:\/\/schoenstatt.com\/de\/tag-8-novene-zum-tag-des-liebesbuendnisses\/#article","isPartOf":{"@id":"https:\/\/schoenstatt.com\/de\/tag-8-novene-zum-tag-des-liebesbuendnisses\/"},"author":{"name":"Karen Bueno","@id":"https:\/\/schoenstatt.com\/de\/#\/schema\/person\/5158877ad4acae98b34daaeef2a1ce6e"},"headline":"Tag 8 \u2013 Novene zum Tag des Liebesb\u00fcndnisses","datePublished":"2025-10-16T02:00:00+00:00","mainEntityOfPage":{"@id":"https:\/\/schoenstatt.com\/de\/tag-8-novene-zum-tag-des-liebesbuendnisses\/"},"wordCount":160,"publisher":{"@id":"https:\/\/schoenstatt.com\/de\/#organization"},"image":{"@id":"https:\/\/schoenstatt.com\/de\/tag-8-novene-zum-tag-des-liebesbuendnisses\/#primaryimage"},"thumbnailUrl":"https:\/\/schoenstatt.com\/wp-content\/uploads\/2025\/10\/novena-2025.webp","keywords":["18. Oktober"],"articleSection":["Veranstaltungen"],"inLanguage":"de"},{"@type":"WebPage","@id":"https:\/\/schoenstatt.com\/de\/tag-8-novene-zum-tag-des-liebesbuendnisses\/","url":"https:\/\/schoenstatt.com\/de\/tag-8-novene-zum-tag-des-liebesbuendnisses\/","name":"Tag 8 \u2013 Novene zum Tag des Liebesb\u00fcndnisses - Schoenstatt","isPartOf":{"@id":"https:\/\/schoenstatt.com\/de\/#website"},"primaryImageOfPage":{"@id":"https:\/\/schoenstatt.com\/de\/tag-8-novene-zum-tag-des-liebesbuendnisses\/#primaryimage"},"image":{"@id":"https:\/\/schoenstatt.com\/de\/tag-8-novene-zum-tag-des-liebesbuendnisses\/#primaryimage"},"thumbnailUrl":"https:\/\/schoenstatt.com\/wp-content\/uploads\/2025\/10\/novena-2025.webp","datePublished":"2025-10-16T02:00:00+00:00","description":"Heute feiern wir den vorletzten Tag der Novene zum Tag des Liebesb\u00fcndnisses. Als Familie n\u00e4hern wir uns dem Gr\u00fcndungstag Sch\u00f6nstatts","breadcrumb":{"@id":"https:\/\/schoenstatt.com\/de\/tag-8-novene-zum-tag-des-liebesbuendnisses\/#breadcrumb"},"inLanguage":"de","potentialAction":[{"@type":"ReadAction","target":["https:\/\/schoenstatt.com\/de\/tag-8-novene-zum-tag-des-liebesbuendnisses\/"]}]},{"@type":"ImageObject","inLanguage":"de","@id":"https:\/\/schoenstatt.com\/de\/tag-8-novene-zum-tag-des-liebesbuendnisses\/#primaryimage","url":"https:\/\/schoenstatt.com\/wp-content\/uploads\/2025\/10\/novena-2025.webp","contentUrl":"https:\/\/schoenstatt.com\/wp-content\/uploads\/2025\/10\/novena-2025.webp","width":1280,"height":807},{"@type":"BreadcrumbList","@id":"https:\/\/schoenstatt.com\/de\/tag-8-novene-zum-tag-des-liebesbuendnisses\/#breadcrumb","itemListElement":[{"@type":"ListItem","position":1,"name":"Portada","item":"https:\/\/schoenstatt.com\/de\/home\/"},{"@type":"ListItem","position":2,"name":"Tag 8 \u2013 Novene zum Tag des Liebesb\u00fcndnisses"}]},{"@type":"WebSite","@id":"https:\/\/schoenstatt.com\/de\/#website","url":"https:\/\/schoenstatt.com\/de\/","name":"Schoenstatt","description":"Apostolic Movement","publisher":{"@id":"https:\/\/schoenstatt.com\/de\/#organization"},"potentialAction":[{"@type":"SearchAction","target":{"@type":"EntryPoint","urlTemplate":"https:\/\/schoenstatt.com\/de\/?s={search_term_string}"},"query-input":{"@type":"PropertyValueSpecification","valueRequired":true,"valueName":"search_term_string"}}],"inLanguage":"de"},{"@type":"Organization","@id":"https:\/\/schoenstatt.com\/de\/#organization","name":"Schoenstatt","url":"https:\/\/schoenstatt.com\/de\/","logo":{"@type":"ImageObject","inLanguage":"de","@id":"https:\/\/schoenstatt.com\/de\/#\/schema\/logo\/image\/","url":"https:\/\/schoenstatt.com\/wp-content\/uploads\/2025\/04\/logo-schoenstatt-white-696x696-1.png","contentUrl":"https:\/\/schoenstatt.com\/wp-content\/uploads\/2025\/04\/logo-schoenstatt-white-696x696-1.png","width":696,"height":694,"caption":"Schoenstatt"},"image":{"@id":"https:\/\/schoenstatt.com\/de\/#\/schema\/logo\/image\/"}},{"@type":"Person","@id":"https:\/\/schoenstatt.com\/de\/#\/schema\/person\/5158877ad4acae98b34daaeef2a1ce6e","name":"Karen Bueno","image":{"@type":"ImageObject","inLanguage":"de","@id":"https:\/\/secure.gravatar.com\/avatar\/f9f4b823873154269d2b2130f195f6d41037dd0d7fc5f3cacb5c846bae70d66b?s=96&d=mm&r=g","url":"https:\/\/secure.gravatar.com\/avatar\/f9f4b823873154269d2b2130f195f6d41037dd0d7fc5f3cacb5c846bae70d66b?s=96&d=mm&r=g","contentUrl":"https:\/\/secure.gravatar.com\/avatar\/f9f4b823873154269d2b2130f195f6d41037dd0d7fc5f3cacb5c846bae70d66b?s=96&d=mm&r=g","caption":"Karen Bueno"},"url":"https:\/\/schoenstatt.com\/de\/author\/karen-bueno\/"}]}},"_links":{"self":[{"href":"https:\/\/schoenstatt.com\/de\/wp-json\/wp\/v2\/posts\/65192","targetHints":{"allow":["GET"]}}],"collection":[{"href":"https:\/\/schoenstatt.com\/de\/wp-json\/wp\/v2\/posts"}],"about":[{"href":"https:\/\/schoenstatt.com\/de\/wp-json\/wp\/v2\/types\/post"}],"author":[{"embeddable":true,"href":"https:\/\/schoenstatt.com\/de\/wp-json\/wp\/v2\/users\/3"}],"replies":[{"embeddable":true,"href":"https:\/\/schoenstatt.com\/de\/wp-json\/wp\/v2\/comments?post=65192"}],"version-history":[{"count":2,"href":"https:\/\/schoenstatt.com\/de\/wp-json\/wp\/v2\/posts\/65192\/revisions"}],"predecessor-version":[{"id":65194,"href":"https:\/\/schoenstatt.com\/de\/wp-json\/wp\/v2\/posts\/65192\/revisions\/65194"}],"wp:featuredmedia":[{"embeddable":true,"href":"https:\/\/schoenstatt.com\/de\/wp-json\/wp\/v2\/media\/64735"}],"wp:attachment":[{"href":"https:\/\/schoenstatt.com\/de\/wp-json\/wp\/v2\/media?parent=65192"}],"wp:term":[{"taxonomy":"category","embeddable":true,"href":"https:\/\/schoenstatt.com\/de\/wp-json\/wp\/v2\/categories?post=65192"},{"taxonomy":"post_tag","embeddable":true,"href":"https:\/\/schoenstatt.com\/de\/wp-json\/wp\/v2\/tags?post=65192"}],"curies":[{"name":"wp","href":"https:\/\/api.w.org\/{rel}","templated":true}]}}