{"id":65089,"date":"2025-10-13T11:41:15","date_gmt":"2025-10-13T09:41:15","guid":{"rendered":"https:\/\/schoenstatt.com\/?p=65089"},"modified":"2025-10-13T11:41:17","modified_gmt":"2025-10-13T09:41:17","slug":"tag-5-novene-zum-tag-des-liebesbuendnisses","status":"publish","type":"post","link":"https:\/\/schoenstatt.com\/de\/tag-5-novene-zum-tag-des-liebesbuendnisses\/","title":{"rendered":"Tag 5 \u2013 Novene zum Tag des Liebesb\u00fcndnisses"},"content":{"rendered":"\n<p>An diesem Montag, dem <strong>13. Oktober<\/strong>, feiern wir den <strong>f\u00fcnften Tag der Novene<\/strong> zum 18. Oktober, dem Tag des Liebesb\u00fcndnisses. Als internationale Familie bereiten wir uns darauf vor, unser B\u00fcndnis und unsere Hingabe an die Gottesmutter zu erneuern.<\/p>\n\n\n\n<p>Heute reflektieren wir \u00fcber <strong>das Leben von Max Brunner.<\/strong> Der junge Held der Gr\u00fcndergeneration Sch\u00f6nstatts zeichnete sich durch seine Fr\u00f6hlichkeit und seine Liebe zur Gottesmutter aus. Er starb auf dem Schlachtfeld im Ersten Weltkrieg, und heute sind seine sterblichen \u00dcberreste hinter dem Urheiligtum im Helden-Denkmal begraben.<\/p>\n\n\n\n<p>Genau von diesem Ort aus betet<strong> Pater Felix Geyer<\/strong>, Leiter der Sch\u00f6nstatt-Bewegung in Deutschland, an diesem Tag der Novene. Pater Geyer erz\u00e4hlt uns mehr \u00fcber das Leben von Brunner und fordert uns auf, in dieser neuen Generation in seine Fu\u00dfstapfen zu treten.<\/p>\n\n\n\n<p><strong>Das Video wurde auf Deutsch aufgenommen, aber es gibt Untertitel auf Portugiesisch, Spanisch und Englisch. Sehen Sie es sich hier an:<\/strong><\/p>\n\n\n\n<figure class=\"wp-block-embed is-type-video is-provider-youtube wp-block-embed-youtube wp-embed-aspect-16-9 wp-has-aspect-ratio\"><div class=\"wp-block-embed__wrapper\">\n<iframe title=\"Novena 2025 - Covenant of Love -Day 5\" width=\"800\" height=\"450\" src=\"https:\/\/www.youtube.com\/embed\/AE4-MhdffuY?feature=oembed\" frameborder=\"0\" allow=\"accelerometer; autoplay; clipboard-write; encrypted-media; gyroscope; picture-in-picture; web-share\" referrerpolicy=\"strict-origin-when-cross-origin\" allowfullscreen><\/iframe>\n<\/div><\/figure>\n\n\n<div style=\"height:56px\" aria-hidden=\"true\" class=\"wp-block-spacer\"><\/div>\n\n\n\n<p class=\"has-text-align-center\"><strong>Das Gebet ist in sechs Sprachen verf\u00fcgbar<\/strong>:<\/p>\n\n\n\n<div style=\"height:56px\" aria-hidden=\"true\" class=\"wp-block-spacer\"><\/div>\n\n\n\n<div class=\"wp-block-columns is-layout-flex wp-container-core-columns-is-layout-28f84493 wp-block-columns-is-layout-flex\">\n<div class=\"wp-block-column is-layout-flow wp-block-column-is-layout-flow\">\n<div class=\"wp-block-buttons is-content-justification-center is-layout-flex wp-container-core-buttons-is-layout-a89b3969 wp-block-buttons-is-layout-flex\">\n<div class=\"wp-block-button\"><a class=\"wp-block-button__link has-white-color has-text-color has-background has-link-color wp-element-button\" href=\"https:\/\/schoenstatt.com\/wp-content\/uploads\/2025\/10\/DE_AA_2025.pdf\" style=\"background-color:#d75a00\" target=\"_blank\" rel=\"noreferrer noopener\"><strong>Novene auf Deutsch<\/strong><\/a><\/div>\n\n\n\n<div class=\"wp-block-button\"><a class=\"wp-block-button__link has-white-color has-text-color has-background has-link-color wp-element-button\" href=\"https:\/\/schoenstatt.com\/wp-content\/uploads\/2025\/10\/EN_AA_2025-2.pdf\" style=\"background-color:#d75a00\" target=\"_blank\" rel=\"noreferrer noopener\"><strong>Novene auf Englisch<\/strong><\/a><\/div>\n<\/div>\n<\/div>\n\n\n\n<div class=\"wp-block-column is-layout-flow wp-block-column-is-layout-flow\">\n<div class=\"wp-block-buttons is-content-justification-center is-layout-flex wp-container-core-buttons-is-layout-a89b3969 wp-block-buttons-is-layout-flex\">\n<div class=\"wp-block-button\"><a class=\"wp-block-button__link has-white-color has-text-color has-background has-link-color wp-element-button\" href=\"https:\/\/schoenstatt.com\/wp-content\/uploads\/2025\/10\/ES_AA_2025-3.pdf\" style=\"background-color:#d75a00\" target=\"_blank\" rel=\"noreferrer noopener\"><strong>Novene auf Spanisch<\/strong><\/a><\/div>\n\n\n\n<div class=\"wp-block-button\"><a class=\"wp-block-button__link has-white-color has-text-color has-background has-link-color wp-element-button\" href=\"https:\/\/schoenstatt.com\/wp-content\/uploads\/2025\/10\/IT_AA_2025.pdf\" style=\"background-color:#d75a00\" target=\"_blank\" rel=\"noreferrer noopener\"><strong>Novene auf Italienisch<\/strong><\/a><\/div>\n<\/div>\n<\/div>\n\n\n\n<div class=\"wp-block-column is-layout-flow wp-block-column-is-layout-flow\">\n<div class=\"wp-block-buttons is-content-justification-center is-layout-flex wp-container-core-buttons-is-layout-a89b3969 wp-block-buttons-is-layout-flex\">\n<div class=\"wp-block-button\"><a class=\"wp-block-button__link has-white-color has-text-color has-background has-link-color wp-element-button\" href=\"https:\/\/schoenstatt.com\/wp-content\/uploads\/2025\/10\/PT_AA_2025.pdf\" style=\"background-color:#d75a00\" target=\"_blank\" rel=\"noreferrer noopener\"><strong>Novene auf Portugiesisch<\/strong><\/a><\/div>\n\n\n\n<div class=\"wp-block-button\"><a class=\"wp-block-button__link has-white-color has-text-color has-background has-link-color wp-element-button\" href=\"https:\/\/schoenstatt.com\/wp-content\/uploads\/2025\/10\/KR_AA_2025.pdf\" style=\"background-color:#d75a00\" target=\"_blank\" rel=\"noreferrer noopener\"><strong>Novene auf Kroatisch<\/strong><\/a><\/div>\n<\/div>\n<\/div>\n<\/div>\n\n\n\n<p class=\"has-text-align-center\"><\/p>\n","protected":false},"excerpt":{"rendered":"<p>Auf dem Weg zum Tag des Liebesb\u00fcndnisses gedenken wir heute, am f\u00fcnften Tag der Novene, dem Leben von Max Brunner. Begleiten Sie uns in Text und Video.<\/p>\n","protected":false},"author":3,"featured_media":64735,"comment_status":"closed","ping_status":"closed","sticky":false,"template":"","format":"standard","meta":{"footnotes":""},"categories":[660],"tags":[932],"class_list":["post-65089","post","type-post","status-publish","format-standard","has-post-thumbnail","hentry","category-veranstaltungen-de","tag-18-oktober-de"],"yoast_head":"<!-- This site is optimized with the Yoast SEO Premium plugin v27.4 (Yoast SEO v27.5) - https:\/\/yoast.com\/product\/yoast-seo-premium-wordpress\/ -->\n<title>Tag 5 \u2013 Novene zum Tag des Liebesb\u00fcndnisses - Schoenstatt<\/title>\n<meta name=\"description\" content=\"Auf dem Weg zum Tag des Liebesb\u00fcndnisses gedenken wir heute, am f\u00fcnften Tag der Novene, dem Leben von Max Brunner.\" \/>\n<meta name=\"robots\" content=\"index, follow, max-snippet:-1, max-image-preview:large, max-video-preview:-1\" \/>\n<link rel=\"canonical\" href=\"https:\/\/schoenstatt.com\/de\/tag-5-novene-zum-tag-des-liebesbuendnisses\/\" \/>\n<meta property=\"og:locale\" content=\"de_DE\" \/>\n<meta property=\"og:type\" content=\"article\" \/>\n<meta property=\"og:title\" content=\"Tag 5 \u2013 Novene zum Tag des Liebesb\u00fcndnisses\" \/>\n<meta property=\"og:description\" content=\"Auf dem Weg zum Tag des Liebesb\u00fcndnisses gedenken wir heute, am f\u00fcnften Tag der Novene, dem Leben von Max Brunner.\" \/>\n<meta property=\"og:url\" content=\"https:\/\/schoenstatt.com\/de\/tag-5-novene-zum-tag-des-liebesbuendnisses\/\" \/>\n<meta property=\"og:site_name\" content=\"Schoenstatt\" \/>\n<meta property=\"article:published_time\" content=\"2025-10-13T09:41:15+00:00\" \/>\n<meta property=\"article:modified_time\" content=\"2025-10-13T09:41:17+00:00\" \/>\n<meta property=\"og:image\" content=\"https:\/\/schoenstatt.com\/wp-content\/uploads\/2025\/10\/novena-2025.webp\" \/>\n\t<meta property=\"og:image:width\" content=\"1280\" \/>\n\t<meta property=\"og:image:height\" content=\"807\" \/>\n\t<meta property=\"og:image:type\" content=\"image\/jpeg\" \/>\n<meta name=\"author\" content=\"Karen Bueno\" \/>\n<meta name=\"twitter:card\" content=\"summary_large_image\" \/>\n<meta name=\"twitter:label1\" content=\"Verfasst von\" \/>\n\t<meta name=\"twitter:data1\" content=\"Karen Bueno\" \/>\n\t<meta name=\"twitter:label2\" content=\"Gesch\u00e4tzte Lesezeit\" \/>\n\t<meta name=\"twitter:data2\" content=\"2\u00a0Minuten\" \/>\n<script type=\"application\/ld+json\" class=\"yoast-schema-graph\">{\"@context\":\"https:\\\/\\\/schema.org\",\"@graph\":[{\"@type\":\"Article\",\"@id\":\"https:\\\/\\\/schoenstatt.com\\\/de\\\/tag-5-novene-zum-tag-des-liebesbuendnisses\\\/#article\",\"isPartOf\":{\"@id\":\"https:\\\/\\\/schoenstatt.com\\\/de\\\/tag-5-novene-zum-tag-des-liebesbuendnisses\\\/\"},\"author\":{\"name\":\"Karen Bueno\",\"@id\":\"https:\\\/\\\/schoenstatt.com\\\/de\\\/#\\\/schema\\\/person\\\/5158877ad4acae98b34daaeef2a1ce6e\"},\"headline\":\"Tag 5 \u2013 Novene zum Tag des Liebesb\u00fcndnisses\",\"datePublished\":\"2025-10-13T09:41:15+00:00\",\"dateModified\":\"2025-10-13T09:41:17+00:00\",\"mainEntityOfPage\":{\"@id\":\"https:\\\/\\\/schoenstatt.com\\\/de\\\/tag-5-novene-zum-tag-des-liebesbuendnisses\\\/\"},\"wordCount\":195,\"publisher\":{\"@id\":\"https:\\\/\\\/schoenstatt.com\\\/de\\\/#organization\"},\"image\":{\"@id\":\"https:\\\/\\\/schoenstatt.com\\\/de\\\/tag-5-novene-zum-tag-des-liebesbuendnisses\\\/#primaryimage\"},\"thumbnailUrl\":\"https:\\\/\\\/schoenstatt.com\\\/wp-content\\\/uploads\\\/2025\\\/10\\\/novena-2025.webp\",\"keywords\":[\"18. Oktober\"],\"articleSection\":[\"Veranstaltungen\"],\"inLanguage\":\"de\"},{\"@type\":\"WebPage\",\"@id\":\"https:\\\/\\\/schoenstatt.com\\\/de\\\/tag-5-novene-zum-tag-des-liebesbuendnisses\\\/\",\"url\":\"https:\\\/\\\/schoenstatt.com\\\/de\\\/tag-5-novene-zum-tag-des-liebesbuendnisses\\\/\",\"name\":\"Tag 5 \u2013 Novene zum Tag des Liebesb\u00fcndnisses - Schoenstatt\",\"isPartOf\":{\"@id\":\"https:\\\/\\\/schoenstatt.com\\\/de\\\/#website\"},\"primaryImageOfPage\":{\"@id\":\"https:\\\/\\\/schoenstatt.com\\\/de\\\/tag-5-novene-zum-tag-des-liebesbuendnisses\\\/#primaryimage\"},\"image\":{\"@id\":\"https:\\\/\\\/schoenstatt.com\\\/de\\\/tag-5-novene-zum-tag-des-liebesbuendnisses\\\/#primaryimage\"},\"thumbnailUrl\":\"https:\\\/\\\/schoenstatt.com\\\/wp-content\\\/uploads\\\/2025\\\/10\\\/novena-2025.webp\",\"datePublished\":\"2025-10-13T09:41:15+00:00\",\"dateModified\":\"2025-10-13T09:41:17+00:00\",\"description\":\"Auf dem Weg zum Tag des Liebesb\u00fcndnisses gedenken wir heute, am f\u00fcnften Tag der Novene, dem Leben von Max Brunner.\",\"breadcrumb\":{\"@id\":\"https:\\\/\\\/schoenstatt.com\\\/de\\\/tag-5-novene-zum-tag-des-liebesbuendnisses\\\/#breadcrumb\"},\"inLanguage\":\"de\",\"potentialAction\":[{\"@type\":\"ReadAction\",\"target\":[\"https:\\\/\\\/schoenstatt.com\\\/de\\\/tag-5-novene-zum-tag-des-liebesbuendnisses\\\/\"]}]},{\"@type\":\"ImageObject\",\"inLanguage\":\"de\",\"@id\":\"https:\\\/\\\/schoenstatt.com\\\/de\\\/tag-5-novene-zum-tag-des-liebesbuendnisses\\\/#primaryimage\",\"url\":\"https:\\\/\\\/schoenstatt.com\\\/wp-content\\\/uploads\\\/2025\\\/10\\\/novena-2025.webp\",\"contentUrl\":\"https:\\\/\\\/schoenstatt.com\\\/wp-content\\\/uploads\\\/2025\\\/10\\\/novena-2025.webp\",\"width\":1280,\"height\":807},{\"@type\":\"BreadcrumbList\",\"@id\":\"https:\\\/\\\/schoenstatt.com\\\/de\\\/tag-5-novene-zum-tag-des-liebesbuendnisses\\\/#breadcrumb\",\"itemListElement\":[{\"@type\":\"ListItem\",\"position\":1,\"name\":\"Portada\",\"item\":\"https:\\\/\\\/schoenstatt.com\\\/de\\\/home\\\/\"},{\"@type\":\"ListItem\",\"position\":2,\"name\":\"Tag 5 \u2013 Novene zum Tag des Liebesb\u00fcndnisses\"}]},{\"@type\":\"WebSite\",\"@id\":\"https:\\\/\\\/schoenstatt.com\\\/de\\\/#website\",\"url\":\"https:\\\/\\\/schoenstatt.com\\\/de\\\/\",\"name\":\"Schoenstatt\",\"description\":\"Apostolic Movement\",\"publisher\":{\"@id\":\"https:\\\/\\\/schoenstatt.com\\\/de\\\/#organization\"},\"potentialAction\":[{\"@type\":\"SearchAction\",\"target\":{\"@type\":\"EntryPoint\",\"urlTemplate\":\"https:\\\/\\\/schoenstatt.com\\\/de\\\/?s={search_term_string}\"},\"query-input\":{\"@type\":\"PropertyValueSpecification\",\"valueRequired\":true,\"valueName\":\"search_term_string\"}}],\"inLanguage\":\"de\"},{\"@type\":\"Organization\",\"@id\":\"https:\\\/\\\/schoenstatt.com\\\/de\\\/#organization\",\"name\":\"Schoenstatt\",\"url\":\"https:\\\/\\\/schoenstatt.com\\\/de\\\/\",\"logo\":{\"@type\":\"ImageObject\",\"inLanguage\":\"de\",\"@id\":\"https:\\\/\\\/schoenstatt.com\\\/de\\\/#\\\/schema\\\/logo\\\/image\\\/\",\"url\":\"https:\\\/\\\/schoenstatt.com\\\/wp-content\\\/uploads\\\/2025\\\/04\\\/logo-schoenstatt-white-696x696-1.png\",\"contentUrl\":\"https:\\\/\\\/schoenstatt.com\\\/wp-content\\\/uploads\\\/2025\\\/04\\\/logo-schoenstatt-white-696x696-1.png\",\"width\":696,\"height\":694,\"caption\":\"Schoenstatt\"},\"image\":{\"@id\":\"https:\\\/\\\/schoenstatt.com\\\/de\\\/#\\\/schema\\\/logo\\\/image\\\/\"}},{\"@type\":\"Person\",\"@id\":\"https:\\\/\\\/schoenstatt.com\\\/de\\\/#\\\/schema\\\/person\\\/5158877ad4acae98b34daaeef2a1ce6e\",\"name\":\"Karen Bueno\",\"image\":{\"@type\":\"ImageObject\",\"inLanguage\":\"de\",\"@id\":\"https:\\\/\\\/secure.gravatar.com\\\/avatar\\\/f9f4b823873154269d2b2130f195f6d41037dd0d7fc5f3cacb5c846bae70d66b?s=96&d=mm&r=g\",\"url\":\"https:\\\/\\\/secure.gravatar.com\\\/avatar\\\/f9f4b823873154269d2b2130f195f6d41037dd0d7fc5f3cacb5c846bae70d66b?s=96&d=mm&r=g\",\"contentUrl\":\"https:\\\/\\\/secure.gravatar.com\\\/avatar\\\/f9f4b823873154269d2b2130f195f6d41037dd0d7fc5f3cacb5c846bae70d66b?s=96&d=mm&r=g\",\"caption\":\"Karen Bueno\"},\"url\":\"https:\\\/\\\/schoenstatt.com\\\/de\\\/author\\\/karen-bueno\\\/\"}]}<\/script>\n<!-- \/ Yoast SEO Premium plugin. -->","yoast_head_json":{"title":"Tag 5 \u2013 Novene zum Tag des Liebesb\u00fcndnisses - Schoenstatt","description":"Auf dem Weg zum Tag des Liebesb\u00fcndnisses gedenken wir heute, am f\u00fcnften Tag der Novene, dem Leben von Max Brunner.","robots":{"index":"index","follow":"follow","max-snippet":"max-snippet:-1","max-image-preview":"max-image-preview:large","max-video-preview":"max-video-preview:-1"},"canonical":"https:\/\/schoenstatt.com\/de\/tag-5-novene-zum-tag-des-liebesbuendnisses\/","og_locale":"de_DE","og_type":"article","og_title":"Tag 5 \u2013 Novene zum Tag des Liebesb\u00fcndnisses","og_description":"Auf dem Weg zum Tag des Liebesb\u00fcndnisses gedenken wir heute, am f\u00fcnften Tag der Novene, dem Leben von Max Brunner.","og_url":"https:\/\/schoenstatt.com\/de\/tag-5-novene-zum-tag-des-liebesbuendnisses\/","og_site_name":"Schoenstatt","article_published_time":"2025-10-13T09:41:15+00:00","article_modified_time":"2025-10-13T09:41:17+00:00","og_image":[{"width":1280,"height":807,"url":"https:\/\/schoenstatt.com\/wp-content\/uploads\/2025\/10\/novena-2025.webp","type":"image\/jpeg"}],"author":"Karen Bueno","twitter_card":"summary_large_image","twitter_misc":{"Verfasst von":"Karen Bueno","Gesch\u00e4tzte Lesezeit":"2\u00a0Minuten"},"schema":{"@context":"https:\/\/schema.org","@graph":[{"@type":"Article","@id":"https:\/\/schoenstatt.com\/de\/tag-5-novene-zum-tag-des-liebesbuendnisses\/#article","isPartOf":{"@id":"https:\/\/schoenstatt.com\/de\/tag-5-novene-zum-tag-des-liebesbuendnisses\/"},"author":{"name":"Karen Bueno","@id":"https:\/\/schoenstatt.com\/de\/#\/schema\/person\/5158877ad4acae98b34daaeef2a1ce6e"},"headline":"Tag 5 \u2013 Novene zum Tag des Liebesb\u00fcndnisses","datePublished":"2025-10-13T09:41:15+00:00","dateModified":"2025-10-13T09:41:17+00:00","mainEntityOfPage":{"@id":"https:\/\/schoenstatt.com\/de\/tag-5-novene-zum-tag-des-liebesbuendnisses\/"},"wordCount":195,"publisher":{"@id":"https:\/\/schoenstatt.com\/de\/#organization"},"image":{"@id":"https:\/\/schoenstatt.com\/de\/tag-5-novene-zum-tag-des-liebesbuendnisses\/#primaryimage"},"thumbnailUrl":"https:\/\/schoenstatt.com\/wp-content\/uploads\/2025\/10\/novena-2025.webp","keywords":["18. Oktober"],"articleSection":["Veranstaltungen"],"inLanguage":"de"},{"@type":"WebPage","@id":"https:\/\/schoenstatt.com\/de\/tag-5-novene-zum-tag-des-liebesbuendnisses\/","url":"https:\/\/schoenstatt.com\/de\/tag-5-novene-zum-tag-des-liebesbuendnisses\/","name":"Tag 5 \u2013 Novene zum Tag des Liebesb\u00fcndnisses - Schoenstatt","isPartOf":{"@id":"https:\/\/schoenstatt.com\/de\/#website"},"primaryImageOfPage":{"@id":"https:\/\/schoenstatt.com\/de\/tag-5-novene-zum-tag-des-liebesbuendnisses\/#primaryimage"},"image":{"@id":"https:\/\/schoenstatt.com\/de\/tag-5-novene-zum-tag-des-liebesbuendnisses\/#primaryimage"},"thumbnailUrl":"https:\/\/schoenstatt.com\/wp-content\/uploads\/2025\/10\/novena-2025.webp","datePublished":"2025-10-13T09:41:15+00:00","dateModified":"2025-10-13T09:41:17+00:00","description":"Auf dem Weg zum Tag des Liebesb\u00fcndnisses gedenken wir heute, am f\u00fcnften Tag der Novene, dem Leben von Max Brunner.","breadcrumb":{"@id":"https:\/\/schoenstatt.com\/de\/tag-5-novene-zum-tag-des-liebesbuendnisses\/#breadcrumb"},"inLanguage":"de","potentialAction":[{"@type":"ReadAction","target":["https:\/\/schoenstatt.com\/de\/tag-5-novene-zum-tag-des-liebesbuendnisses\/"]}]},{"@type":"ImageObject","inLanguage":"de","@id":"https:\/\/schoenstatt.com\/de\/tag-5-novene-zum-tag-des-liebesbuendnisses\/#primaryimage","url":"https:\/\/schoenstatt.com\/wp-content\/uploads\/2025\/10\/novena-2025.webp","contentUrl":"https:\/\/schoenstatt.com\/wp-content\/uploads\/2025\/10\/novena-2025.webp","width":1280,"height":807},{"@type":"BreadcrumbList","@id":"https:\/\/schoenstatt.com\/de\/tag-5-novene-zum-tag-des-liebesbuendnisses\/#breadcrumb","itemListElement":[{"@type":"ListItem","position":1,"name":"Portada","item":"https:\/\/schoenstatt.com\/de\/home\/"},{"@type":"ListItem","position":2,"name":"Tag 5 \u2013 Novene zum Tag des Liebesb\u00fcndnisses"}]},{"@type":"WebSite","@id":"https:\/\/schoenstatt.com\/de\/#website","url":"https:\/\/schoenstatt.com\/de\/","name":"Schoenstatt","description":"Apostolic Movement","publisher":{"@id":"https:\/\/schoenstatt.com\/de\/#organization"},"potentialAction":[{"@type":"SearchAction","target":{"@type":"EntryPoint","urlTemplate":"https:\/\/schoenstatt.com\/de\/?s={search_term_string}"},"query-input":{"@type":"PropertyValueSpecification","valueRequired":true,"valueName":"search_term_string"}}],"inLanguage":"de"},{"@type":"Organization","@id":"https:\/\/schoenstatt.com\/de\/#organization","name":"Schoenstatt","url":"https:\/\/schoenstatt.com\/de\/","logo":{"@type":"ImageObject","inLanguage":"de","@id":"https:\/\/schoenstatt.com\/de\/#\/schema\/logo\/image\/","url":"https:\/\/schoenstatt.com\/wp-content\/uploads\/2025\/04\/logo-schoenstatt-white-696x696-1.png","contentUrl":"https:\/\/schoenstatt.com\/wp-content\/uploads\/2025\/04\/logo-schoenstatt-white-696x696-1.png","width":696,"height":694,"caption":"Schoenstatt"},"image":{"@id":"https:\/\/schoenstatt.com\/de\/#\/schema\/logo\/image\/"}},{"@type":"Person","@id":"https:\/\/schoenstatt.com\/de\/#\/schema\/person\/5158877ad4acae98b34daaeef2a1ce6e","name":"Karen Bueno","image":{"@type":"ImageObject","inLanguage":"de","@id":"https:\/\/secure.gravatar.com\/avatar\/f9f4b823873154269d2b2130f195f6d41037dd0d7fc5f3cacb5c846bae70d66b?s=96&d=mm&r=g","url":"https:\/\/secure.gravatar.com\/avatar\/f9f4b823873154269d2b2130f195f6d41037dd0d7fc5f3cacb5c846bae70d66b?s=96&d=mm&r=g","contentUrl":"https:\/\/secure.gravatar.com\/avatar\/f9f4b823873154269d2b2130f195f6d41037dd0d7fc5f3cacb5c846bae70d66b?s=96&d=mm&r=g","caption":"Karen Bueno"},"url":"https:\/\/schoenstatt.com\/de\/author\/karen-bueno\/"}]}},"_links":{"self":[{"href":"https:\/\/schoenstatt.com\/de\/wp-json\/wp\/v2\/posts\/65089","targetHints":{"allow":["GET"]}}],"collection":[{"href":"https:\/\/schoenstatt.com\/de\/wp-json\/wp\/v2\/posts"}],"about":[{"href":"https:\/\/schoenstatt.com\/de\/wp-json\/wp\/v2\/types\/post"}],"author":[{"embeddable":true,"href":"https:\/\/schoenstatt.com\/de\/wp-json\/wp\/v2\/users\/3"}],"replies":[{"embeddable":true,"href":"https:\/\/schoenstatt.com\/de\/wp-json\/wp\/v2\/comments?post=65089"}],"version-history":[{"count":2,"href":"https:\/\/schoenstatt.com\/de\/wp-json\/wp\/v2\/posts\/65089\/revisions"}],"predecessor-version":[{"id":65091,"href":"https:\/\/schoenstatt.com\/de\/wp-json\/wp\/v2\/posts\/65089\/revisions\/65091"}],"wp:featuredmedia":[{"embeddable":true,"href":"https:\/\/schoenstatt.com\/de\/wp-json\/wp\/v2\/media\/64735"}],"wp:attachment":[{"href":"https:\/\/schoenstatt.com\/de\/wp-json\/wp\/v2\/media?parent=65089"}],"wp:term":[{"taxonomy":"category","embeddable":true,"href":"https:\/\/schoenstatt.com\/de\/wp-json\/wp\/v2\/categories?post=65089"},{"taxonomy":"post_tag","embeddable":true,"href":"https:\/\/schoenstatt.com\/de\/wp-json\/wp\/v2\/tags?post=65089"}],"curies":[{"name":"wp","href":"https:\/\/api.w.org\/{rel}","templated":true}]}}