{"id":64069,"date":"2025-09-15T14:48:53","date_gmt":"2025-09-15T12:48:53","guid":{"rendered":"https:\/\/schoenstatt.com\/?p=64069"},"modified":"2025-09-15T20:14:12","modified_gmt":"2025-09-15T18:14:12","slug":"einblick-in-die-geschichte-von-joao-pozzobon-und-das-apostolat-der-pilgernden-gottesmutter","status":"publish","type":"post","link":"https:\/\/schoenstatt.com\/de\/einblick-in-die-geschichte-von-joao-pozzobon-und-das-apostolat-der-pilgernden-gottesmutter\/","title":{"rendered":"Einblick in die Geschichte von Jo\u00e3o Pozzobon und das Apostolat der Pilgernden Gottesmutter"},"content":{"rendered":"\n<p>Gr\u00fcne Felder, bunte Blumen und ein Ort, an dem man sich Jo\u00e3o Luiz Pozzobon noch als Kind vorstellen kann, wie er \u00fcber die Felder rennt. So pr\u00e4sentiert sich S\u00e3o Jo\u00e3o do Pol\u00easine, die vierte italienische Einwandererkolonie, in der der Ehrw\u00fcrdige Jo\u00e3o Pozzobon geboren wurde.<\/p>\n\n\n\n<p>Am Freitag, dem 13. September, dem vorletzten Tag des internationalen Kongresses des Apostolats der Pilgernden Gottesmutter von Sch\u00f6nstatt, stand ein Besuch in S\u00e3o Jo\u00e3o do Pol\u00easine und Ribeir\u00e3o auf dem Programm. Dort wurden historische und symboltr\u00e4chtige Orte im Leben der Familie Pozzobon besucht.<\/p>\n\n\n\n<p>Die umfangreiche Logistik umfasste 17 Fahrzeuge (Busse und Kleinbusse), um die rund 700 Kongressteilnehmer in die etwa 40 Minuten von Santa Maria entfernte historische Region zu bringen. Die Gruppen wurden auf vier verschiedene Routen aufgeteilt, die abwechselnd die gleichen historischen Orte durchquerten, an denen Jo\u00e3o Pozzobon geboren wurde und aufwuchs.<\/p>\n\n\n\n<div class=\"wp-block-buttons is-content-justification-center is-layout-flex wp-container-core-buttons-is-layout-a89b3969 wp-block-buttons-is-layout-flex\">\n<div class=\"wp-block-button\"><a class=\"wp-block-button__link has-white-color has-text-color has-background has-link-color wp-element-button\" href=\"https:\/\/photos.app.goo.gl\/q3qvFp6dWEACaZQG9\" style=\"background-color:#dc6816\" target=\"_blank\" rel=\"noreferrer noopener\"><strong>Fotos 1<\/strong><\/a><\/div>\n<\/div>\n\n\n\n<div style=\"height:26px\" aria-hidden=\"true\" class=\"wp-block-spacer\"><\/div>\n\n\n\n<h3 class=\"wp-block-heading\" id=\"h-der-ort-an-dem-alles-begann\">Der Ort, an dem alles begann<\/h3>\n\n\n\n<p>Das Haus der Familie Pozzobon, in dem Jo\u00e3o geboren wurde, wurde wieder aufgebaut und zeigt die R\u00e4ume so, wie sie fr\u00fcher ausgesehen haben, mit K\u00fcche, M\u00f6beln, Utensilien usw.<\/p>\n\n\n\n<figure class=\"wp-block-image size-full\"><img decoding=\"async\" src=\"https:\/\/schoenstatt.com\/wp-content\/uploads\/2025\/09\/Pozzobon-House-Polesine.png\" alt=\"\" class=\"wp-image-63960\"\/><\/figure>\n\n\n\n<p>Ein besonderer Ort ist die Kapelle, in der die Familie fr\u00fcher die Nabelschn\u00fcre der Neugeborenen begrub \u2013 darunter auch die von Jo\u00e3o Pozzobon. Die Kapelle hat die Form eines nach oben zeigenden Pfeils und erinnert somit auch an die Form des Heiligtums.<\/p>\n\n\n\n<div class=\"wp-block-buttons is-content-justification-center is-layout-flex wp-container-core-buttons-is-layout-a89b3969 wp-block-buttons-is-layout-flex\">\n<div class=\"wp-block-button\"><a class=\"wp-block-button__link has-white-color has-text-color has-background has-link-color wp-element-button\" href=\"https:\/\/photos.app.goo.gl\/eDRZmeU5YLetAX6s6\" style=\"background-color:#dc6816\" target=\"_blank\" rel=\"noreferrer noopener\"><strong>Fotos 2<\/strong><\/a><\/div>\n<\/div>\n\n\n\n<div style=\"height:26px\" aria-hidden=\"true\" class=\"wp-block-spacer\"><\/div>\n\n\n\n<p>Analia Quijano aus Spanien besucht diesen besonderen Ort zum ersten Mal und sagte:<em> \u201eMir hat das Video am Ende sehr gut gefallen, das ein wenig \u00fcber das Leben von Jo\u00e3o Pozzobon erz\u00e4hlt. Das hat mir pers\u00f6nlich am besten gefallen. Und dann, im Haus, wird einem bewusst, wie viel Platz sie zum Wachsen hatten. Mit so viel Platz zu leben und von dieser sch\u00f6nen Landschaft umgeben zu sein \u2026 Das muss sehr gesund gewesen sein, oder? Es ist im Grunde genommen ein Paradies. Er muss hier gl\u00fccklich gewesen sein. Ich meine, eine Familie an einem geeigneten Ort.\u201c<\/em><\/p>\n\n\n\n<h3 class=\"wp-block-heading\" id=\"h-die-kapelle-in-der-der-glaube-entsteht\">Die Kapelle, in der der Glaube entsteht<\/h3>\n\n\n\n<p>Ein weiterer symboltr\u00e4chtiger Ort f\u00fcr die Geschichte des Apostolats der Pilgernden Gottesmutter ist die Gemeinde San Pedro, in der Jo\u00e3o Pozzobon aktiv war. In dieser kleinen Kirche besuchte er sonntags die heilige Messe und empfing die Sakramente: Er wurde getauft, empfing die Erstkommunion und heiratete dort.<\/p>\n\n\n\n<p>Im Laufe des Tages besuchten die vier Pilgergruppen nacheinander die Kirche und viele von ihnen nahmen an der heiligen Messe teil.<\/p>\n\n\n\n<p><em>\u201eEs war wirklich bewegend, das wiederzuerleben und zu f\u00fchlen, was er gef\u00fchlt hat. Seit unserer Ankunft haben wir alles wiedererlebt, was Pozzobon ausmachte, seit seiner Kindheit: seine Wurzeln, seine Prinzipien. Und ehrlich gesagt, ist das alles sehr bewegend\u201c<\/em>, sagte Mar\u00eda Alejandra V\u00e1zquez aus Argentinien.<\/p>\n\n\n\n<figure class=\"wp-block-gallery has-nested-images columns-default is-cropped wp-block-gallery-1 is-layout-flex wp-block-gallery-is-layout-flex\">\n<figure class=\"wp-block-image size-full\"><img fetchpriority=\"high\" decoding=\"async\" width=\"1600\" height=\"1200\" data-id=\"63965\" src=\"https:\/\/schoenstatt.com\/wp-content\/uploads\/2025\/09\/baptism.png\" alt=\"\" class=\"wp-image-63965\" srcset=\"https:\/\/schoenstatt.com\/wp-content\/uploads\/2025\/09\/baptism.png 1600w, https:\/\/schoenstatt.com\/wp-content\/uploads\/2025\/09\/baptism-768x576.png 768w, https:\/\/schoenstatt.com\/wp-content\/uploads\/2025\/09\/baptism-1536x1152.png 1536w\" sizes=\"(max-width: 1600px) 100vw, 1600px\" \/><\/figure>\n\n\n\n<figure class=\"wp-block-image size-full\"><img decoding=\"async\" width=\"1600\" height=\"1200\" data-id=\"63970\" src=\"https:\/\/schoenstatt.com\/wp-content\/uploads\/2025\/09\/Schoenstatt-Youth.png\" alt=\"\" class=\"wp-image-63970\" srcset=\"https:\/\/schoenstatt.com\/wp-content\/uploads\/2025\/09\/Schoenstatt-Youth.png 1600w, https:\/\/schoenstatt.com\/wp-content\/uploads\/2025\/09\/Schoenstatt-Youth-768x576.png 768w, https:\/\/schoenstatt.com\/wp-content\/uploads\/2025\/09\/Schoenstatt-Youth-1536x1152.png 1536w\" sizes=\"(max-width: 1600px) 100vw, 1600px\" \/><\/figure>\n<\/figure>\n\n\n\n<h3 class=\"wp-block-heading\" id=\"h-erneuerung-des-taufversprechens\">Erneuerung des Taufversprechens<\/h3>\n\n\n\n<p>Da Pozzobon in dieser Kirche getauft wurde, durften alle Kongressteilnehmer das Taufbecken ber\u00fchren und sich mit Weihwasser segnen. Bei einer sp\u00e4teren Veranstaltung au\u00dferhalb der Kirche erhielten alle eine Kerze und erneuerten ihre Taufversprechen.<\/p>\n\n\n\n<p>Ein weiterer denkw\u00fcrdiger Moment war, als wir die Geschichte des Liebesb\u00fcndnisses kennenlernten. Heute feiern Tausende von Gemeinschaften in verschiedenen L\u00e4ndern der Welt den Tag des Liebesb\u00fcndnisses (in der Regel am 18. eines jeden Monats). Und all dies begann in Santa Maria, angeregt durch den Gr\u00fcnder Sch\u00f6nstatts, Pater Josef Kentenich.<\/p>\n\n\n\n<h3 class=\"wp-block-heading\" id=\"h-familiengeist\">Familiengeist<\/h3>\n\n\n\n<p>Zum Mittagessen teilten sich die Gruppen nach historischen St\u00e4tten auf. Im Saal neben der Kapelle St. Peter versammelten sich mehrere Kongressteilnehmer und konnten eine \u201eimprovisierte Show\u201c der Sch\u00f6nstatt-Patres genie\u00dfen, die alle begeisterte und mitriss.<\/p>\n\n\n\n<p>Eine andere Gruppe traf sich in San Juan del Pol\u00e9sine und sah sich eine Vorf\u00fchrung typischer T\u00e4nze der Region an. Dabei wurden die Teilnehmer aktiv in die T\u00e4nze und die Unterhaltung einbezogen.<\/p>\n\n\n\n<figure class=\"wp-block-gallery has-nested-images columns-default is-cropped wp-block-gallery-2 is-layout-flex wp-block-gallery-is-layout-flex\">\n<figure class=\"wp-block-image size-large\"><img decoding=\"async\" width=\"1000\" height=\"750\" data-id=\"63996\" src=\"https:\/\/schoenstatt.com\/wp-content\/uploads\/2025\/09\/Juventud.png\" alt=\"\" class=\"wp-image-63996\" srcset=\"https:\/\/schoenstatt.com\/wp-content\/uploads\/2025\/09\/Juventud.png 1000w, https:\/\/schoenstatt.com\/wp-content\/uploads\/2025\/09\/Juventud-768x576.png 768w\" sizes=\"(max-width: 1000px) 100vw, 1000px\" \/><\/figure>\n\n\n\n<figure class=\"wp-block-image size-full\"><img loading=\"lazy\" decoding=\"async\" width=\"1000\" height=\"667\" data-id=\"63991\" src=\"https:\/\/schoenstatt.com\/wp-content\/uploads\/2025\/09\/quarta-colonia.jpg\" alt=\"\" class=\"wp-image-63991\" srcset=\"https:\/\/schoenstatt.com\/wp-content\/uploads\/2025\/09\/quarta-colonia.jpg 1000w, https:\/\/schoenstatt.com\/wp-content\/uploads\/2025\/09\/quarta-colonia-768x512.jpg 768w\" sizes=\"(max-width: 1000px) 100vw, 1000px\" \/><\/figure>\n<\/figure>\n\n\n\n<p>Der aus Indien stammende Sch\u00f6nstatt-Pater Sajan Paul Puthur arbeitet mit der Bewegung in Mexiko. Er berichtet, dass nur wenige aus der mexikanischen Delegation diese historischen Orte kannten, weshalb <em>\u201ealle wirklich sehr begeistert sind\u201c.<\/em><\/p>\n\n\n\n<p>Pater Sajan erkl\u00e4rt: <em>\u201eAls ich diese Orte besuchte, hatte ich das Gef\u00fchl, die Erinnerungen von Diakon Pozzobon wieder aufleben zu lassen. Da ich f\u00fcr das Apostolat der Pilgernden Gottesmutter in der Region Monterrey verantwortlich bin, freute ich mich, diese Orte zu besuchen, um mehr zu erfahren und uns in der Mission neu zu beleben. Es ist nicht nur ein historisches Zentrum, sondern vor allem eine Erinnerung f\u00fcr jeden von uns. Auch unser Gr\u00fcnder war hier. Zusammen mit dem ganzen Volk Mexikos sagten wir: \u201aWie gut, dass wir hier sind.\u2018 In diesem Moment weinten einige bereits, als sie Pozzobons Sachen sahen. Sie waren wirklich sehr bewegt.\u201d<\/em><\/p>\n\n\n\n<figure class=\"wp-block-gallery has-nested-images columns-default is-cropped wp-block-gallery-3 is-layout-flex wp-block-gallery-is-layout-flex\">\n<figure class=\"wp-block-image size-full\"><img loading=\"lazy\" decoding=\"async\" width=\"1200\" height=\"1600\" data-id=\"63975\" src=\"https:\/\/schoenstatt.com\/wp-content\/uploads\/2025\/09\/Sao-Joao-do-Polesine-Brasil.png\" alt=\"\" class=\"wp-image-63975\" srcset=\"https:\/\/schoenstatt.com\/wp-content\/uploads\/2025\/09\/Sao-Joao-do-Polesine-Brasil.png 1200w, https:\/\/schoenstatt.com\/wp-content\/uploads\/2025\/09\/Sao-Joao-do-Polesine-Brasil-768x1024.png 768w, https:\/\/schoenstatt.com\/wp-content\/uploads\/2025\/09\/Sao-Joao-do-Polesine-Brasil-1152x1536.png 1152w\" sizes=\"(max-width: 1200px) 100vw, 1200px\" \/><\/figure>\n\n\n\n<figure class=\"wp-block-image size-full\"><img loading=\"lazy\" decoding=\"async\" width=\"1200\" height=\"1600\" data-id=\"63981\" src=\"https:\/\/schoenstatt.com\/wp-content\/uploads\/2025\/09\/Sao-Joao-do-Polesine-Brasil-2.png\" alt=\"\" class=\"wp-image-63981\" srcset=\"https:\/\/schoenstatt.com\/wp-content\/uploads\/2025\/09\/Sao-Joao-do-Polesine-Brasil-2.png 1200w, https:\/\/schoenstatt.com\/wp-content\/uploads\/2025\/09\/Sao-Joao-do-Polesine-Brasil-2-768x1024.png 768w, https:\/\/schoenstatt.com\/wp-content\/uploads\/2025\/09\/Sao-Joao-do-Polesine-Brasil-2-1152x1536.png 1152w\" sizes=\"(max-width: 1200px) 100vw, 1200px\" \/><\/figure>\n<\/figure>\n\n\n\n<h3 class=\"wp-block-heading\" id=\"h-kultureller-abend\">Kultureller Abend<\/h3>\n\n\n\n<p>Am Abend versammelten sich alle zu kulturellen Darbietungen vor dem Tabor-Heiligtum. Die Gruppen aus verschiedenen L\u00e4ndern pr\u00e4sentierten sich in einer Kantate f\u00fcr Maria. Jede Nation trug typische Lieder bei, einige langsam, andere lebhafter. Die Vertreter aus Burundi brachten alle zum Tanzen.<\/p>\n\n\n\n<div style=\"height:17px\" aria-hidden=\"true\" class=\"wp-block-spacer\"><\/div>\n\n\n\n<div class=\"wp-block-buttons is-content-justification-center is-layout-flex wp-container-core-buttons-is-layout-a89b3969 wp-block-buttons-is-layout-flex\">\n<div class=\"wp-block-button\"><a class=\"wp-block-button__link has-white-color has-text-color has-background has-link-color wp-element-button\" href=\"https:\/\/photos.app.goo.gl\/5q5E2gkD3UCsUp249\" style=\"background-color:#dc6816\" target=\"_blank\" rel=\"noreferrer noopener\"><strong>F<strong>otos vom Marienlob<\/strong><\/strong><\/a><\/div>\n<\/div>\n\n\n\n<div style=\"height:17px\" aria-hidden=\"true\" class=\"wp-block-spacer\"><\/div>\n\n\n\n<p><em>\u201eDiese Darbietung war wunderbar. Ich fand alles so sch\u00f6n, besonders den Teil, an dem die Kinder teilnahmen. Es war sch\u00f6n zu sehen, wie unterschiedlich die Kulturen in den verschiedenen L\u00e4ndern sind\u201c<\/em>, sagte Emilia Carvalho aus Brasilien.<\/p>\n\n\n\n<figure class=\"wp-block-image size-full\"><img loading=\"lazy\" decoding=\"async\" width=\"2048\" height=\"1365\" src=\"https:\/\/schoenstatt.com\/wp-content\/uploads\/2025\/09\/Burundi.jpg\" alt=\"\" class=\"wp-image-64001\" srcset=\"https:\/\/schoenstatt.com\/wp-content\/uploads\/2025\/09\/Burundi.jpg 2048w, https:\/\/schoenstatt.com\/wp-content\/uploads\/2025\/09\/Burundi-768x512.jpg 768w, https:\/\/schoenstatt.com\/wp-content\/uploads\/2025\/09\/Burundi-1536x1024.jpg 1536w\" sizes=\"(max-width: 2048px) 100vw, 2048px\" \/><\/figure>\n\n\n\n<p>Zum Abschluss des Abends begeisterte die Darbietung aus Argentinien mit bekannten Liedern. Die Sch\u00f6nstatt-Patres und die Jugendlichen sangen \u201eSurge Valent\u00eda\u201c und \u201eLa de Siempre\u201c und r\u00fchrten damit viele derjenigen, die auf die letzte Darbietung gewartet hatten. Trotz der Rufe nach \u201enoch einem Lied\u201c musste die Veranstaltung aufgrund der sp\u00e4ten Stunde mit dem Schlusssegen beendet werden. Doch die Herzen gl\u00fchten und die Gewissheit blieb, dass das Fest weitergeht, denn am n\u00e4chsten Tag beginnt die lang erwartete Fr\u00fchlingswallfahrt.<\/p>\n\n\n\n<p><strong>Fotos:<\/strong> M\u00e1rcia Kazumi \/ Taciana Ferreira \/ Larissa Rodrigues<\/p>\n\n\n\n<p><strong>\u00dcbersetzung:<\/strong> Sr. M. Lourdes Mac\u00edas<br><strong>Lektorat:<\/strong> Hildegard Kaiser<\/p>\n","protected":false},"excerpt":{"rendered":"<p>Die 700 Teilnehmer besuchten die historischen Orte in S\u00e3o Jo\u00e3o do Pol\u00easine und Ribeir\u00e3o, an denen Jo\u00e3o Pozzobon geboren wurde.<\/p>\n","protected":false},"author":3,"featured_media":64019,"comment_status":"closed","ping_status":"closed","sticky":false,"template":"","format":"standard","meta":{"footnotes":""},"categories":[902],"tags":[1086,1133],"class_list":["post-64069","post","type-post","status-publish","format-standard","has-post-thumbnail","hentry","category-pilgerheiligtum-de","tag-apostolat-der-pilgernden-gottesmutter-de","tag-schonstatt-brasilien-de"],"yoast_head":"<!-- This site is optimized with the Yoast SEO Premium plugin v27.4 (Yoast SEO v27.5) - https:\/\/yoast.com\/product\/yoast-seo-premium-wordpress\/ -->\n<title>Einblick in die Geschichte von Jo\u00e3o Pozzobon und das Apostolat der Pilgernden Gottesmutter<\/title>\n<meta name=\"description\" content=\"Die 700 Teilnehmer besuchten die historischen Orte in S\u00e3o Jo\u00e3o do Pol\u00easine und Ribeir\u00e3o, an denen Jo\u00e3o Pozzobon geboren wurde.\" \/>\n<meta name=\"robots\" content=\"index, follow, max-snippet:-1, max-image-preview:large, max-video-preview:-1\" \/>\n<link rel=\"canonical\" href=\"https:\/\/schoenstatt.com\/de\/einblick-in-die-geschichte-von-joao-pozzobon-und-das-apostolat-der-pilgernden-gottesmutter\/\" \/>\n<meta property=\"og:locale\" content=\"de_DE\" \/>\n<meta property=\"og:type\" content=\"article\" \/>\n<meta property=\"og:title\" content=\"Einblick in die Geschichte von Jo\u00e3o Pozzobon und das Apostolat der Pilgernden Gottesmutter\" \/>\n<meta property=\"og:description\" content=\"Die 700 Teilnehmer besuchten die historischen Orte in S\u00e3o Jo\u00e3o do Pol\u00easine und Ribeir\u00e3o, an denen Jo\u00e3o Pozzobon geboren wurde.\" \/>\n<meta property=\"og:url\" content=\"https:\/\/schoenstatt.com\/de\/einblick-in-die-geschichte-von-joao-pozzobon-und-das-apostolat-der-pilgernden-gottesmutter\/\" \/>\n<meta property=\"og:site_name\" content=\"Schoenstatt\" \/>\n<meta property=\"article:published_time\" content=\"2025-09-15T12:48:53+00:00\" \/>\n<meta property=\"article:modified_time\" content=\"2025-09-15T18:14:12+00:00\" \/>\n<meta property=\"og:image\" content=\"https:\/\/schoenstatt.com\/wp-content\/uploads\/2025\/09\/Sao-Joao-do-Polesine-Brasil-5.webp\" \/>\n\t<meta property=\"og:image:width\" content=\"2048\" \/>\n\t<meta property=\"og:image:height\" content=\"1106\" \/>\n\t<meta property=\"og:image:type\" content=\"image\/jpeg\" \/>\n<meta name=\"author\" content=\"Karen Bueno\" \/>\n<meta name=\"twitter:card\" content=\"summary_large_image\" \/>\n<meta name=\"twitter:label1\" content=\"Verfasst von\" \/>\n\t<meta name=\"twitter:data1\" content=\"Karen Bueno\" \/>\n\t<meta name=\"twitter:label2\" content=\"Gesch\u00e4tzte Lesezeit\" \/>\n\t<meta name=\"twitter:data2\" content=\"7\u00a0Minuten\" \/>\n<script type=\"application\/ld+json\" class=\"yoast-schema-graph\">{\"@context\":\"https:\\\/\\\/schema.org\",\"@graph\":[{\"@type\":\"Article\",\"@id\":\"https:\\\/\\\/schoenstatt.com\\\/de\\\/einblick-in-die-geschichte-von-joao-pozzobon-und-das-apostolat-der-pilgernden-gottesmutter\\\/#article\",\"isPartOf\":{\"@id\":\"https:\\\/\\\/schoenstatt.com\\\/de\\\/einblick-in-die-geschichte-von-joao-pozzobon-und-das-apostolat-der-pilgernden-gottesmutter\\\/\"},\"author\":{\"name\":\"Karen Bueno\",\"@id\":\"https:\\\/\\\/schoenstatt.com\\\/de\\\/#\\\/schema\\\/person\\\/5158877ad4acae98b34daaeef2a1ce6e\"},\"headline\":\"Einblick in die Geschichte von Jo\u00e3o Pozzobon und das Apostolat der Pilgernden Gottesmutter\",\"datePublished\":\"2025-09-15T12:48:53+00:00\",\"dateModified\":\"2025-09-15T18:14:12+00:00\",\"mainEntityOfPage\":{\"@id\":\"https:\\\/\\\/schoenstatt.com\\\/de\\\/einblick-in-die-geschichte-von-joao-pozzobon-und-das-apostolat-der-pilgernden-gottesmutter\\\/\"},\"wordCount\":971,\"publisher\":{\"@id\":\"https:\\\/\\\/schoenstatt.com\\\/de\\\/#organization\"},\"image\":{\"@id\":\"https:\\\/\\\/schoenstatt.com\\\/de\\\/einblick-in-die-geschichte-von-joao-pozzobon-und-das-apostolat-der-pilgernden-gottesmutter\\\/#primaryimage\"},\"thumbnailUrl\":\"https:\\\/\\\/schoenstatt.com\\\/wp-content\\\/uploads\\\/2025\\\/09\\\/Sao-Joao-do-Polesine-Brasil-5.webp\",\"keywords\":[\"Apostolat der Pilgernden Gottesmutter\",\"Sch\u00f6nstatt Brasilien\"],\"articleSection\":[\"Pilgerheiligtum\"],\"inLanguage\":\"de\"},{\"@type\":\"WebPage\",\"@id\":\"https:\\\/\\\/schoenstatt.com\\\/de\\\/einblick-in-die-geschichte-von-joao-pozzobon-und-das-apostolat-der-pilgernden-gottesmutter\\\/\",\"url\":\"https:\\\/\\\/schoenstatt.com\\\/de\\\/einblick-in-die-geschichte-von-joao-pozzobon-und-das-apostolat-der-pilgernden-gottesmutter\\\/\",\"name\":\"Einblick in die Geschichte von Jo\u00e3o Pozzobon und das Apostolat der Pilgernden Gottesmutter\",\"isPartOf\":{\"@id\":\"https:\\\/\\\/schoenstatt.com\\\/de\\\/#website\"},\"primaryImageOfPage\":{\"@id\":\"https:\\\/\\\/schoenstatt.com\\\/de\\\/einblick-in-die-geschichte-von-joao-pozzobon-und-das-apostolat-der-pilgernden-gottesmutter\\\/#primaryimage\"},\"image\":{\"@id\":\"https:\\\/\\\/schoenstatt.com\\\/de\\\/einblick-in-die-geschichte-von-joao-pozzobon-und-das-apostolat-der-pilgernden-gottesmutter\\\/#primaryimage\"},\"thumbnailUrl\":\"https:\\\/\\\/schoenstatt.com\\\/wp-content\\\/uploads\\\/2025\\\/09\\\/Sao-Joao-do-Polesine-Brasil-5.webp\",\"datePublished\":\"2025-09-15T12:48:53+00:00\",\"dateModified\":\"2025-09-15T18:14:12+00:00\",\"description\":\"Die 700 Teilnehmer besuchten die historischen Orte in S\u00e3o Jo\u00e3o do Pol\u00easine und Ribeir\u00e3o, an denen Jo\u00e3o Pozzobon geboren wurde.\",\"breadcrumb\":{\"@id\":\"https:\\\/\\\/schoenstatt.com\\\/de\\\/einblick-in-die-geschichte-von-joao-pozzobon-und-das-apostolat-der-pilgernden-gottesmutter\\\/#breadcrumb\"},\"inLanguage\":\"de\",\"potentialAction\":[{\"@type\":\"ReadAction\",\"target\":[\"https:\\\/\\\/schoenstatt.com\\\/de\\\/einblick-in-die-geschichte-von-joao-pozzobon-und-das-apostolat-der-pilgernden-gottesmutter\\\/\"]}]},{\"@type\":\"ImageObject\",\"inLanguage\":\"de\",\"@id\":\"https:\\\/\\\/schoenstatt.com\\\/de\\\/einblick-in-die-geschichte-von-joao-pozzobon-und-das-apostolat-der-pilgernden-gottesmutter\\\/#primaryimage\",\"url\":\"https:\\\/\\\/schoenstatt.com\\\/wp-content\\\/uploads\\\/2025\\\/09\\\/Sao-Joao-do-Polesine-Brasil-5.webp\",\"contentUrl\":\"https:\\\/\\\/schoenstatt.com\\\/wp-content\\\/uploads\\\/2025\\\/09\\\/Sao-Joao-do-Polesine-Brasil-5.webp\",\"width\":2048,\"height\":1106},{\"@type\":\"BreadcrumbList\",\"@id\":\"https:\\\/\\\/schoenstatt.com\\\/de\\\/einblick-in-die-geschichte-von-joao-pozzobon-und-das-apostolat-der-pilgernden-gottesmutter\\\/#breadcrumb\",\"itemListElement\":[{\"@type\":\"ListItem\",\"position\":1,\"name\":\"Portada\",\"item\":\"https:\\\/\\\/schoenstatt.com\\\/de\\\/home\\\/\"},{\"@type\":\"ListItem\",\"position\":2,\"name\":\"Einblick in die Geschichte von Jo\u00e3o Pozzobon und das Apostolat der Pilgernden Gottesmutter\"}]},{\"@type\":\"WebSite\",\"@id\":\"https:\\\/\\\/schoenstatt.com\\\/de\\\/#website\",\"url\":\"https:\\\/\\\/schoenstatt.com\\\/de\\\/\",\"name\":\"Schoenstatt\",\"description\":\"Apostolic Movement\",\"publisher\":{\"@id\":\"https:\\\/\\\/schoenstatt.com\\\/de\\\/#organization\"},\"potentialAction\":[{\"@type\":\"SearchAction\",\"target\":{\"@type\":\"EntryPoint\",\"urlTemplate\":\"https:\\\/\\\/schoenstatt.com\\\/de\\\/?s={search_term_string}\"},\"query-input\":{\"@type\":\"PropertyValueSpecification\",\"valueRequired\":true,\"valueName\":\"search_term_string\"}}],\"inLanguage\":\"de\"},{\"@type\":\"Organization\",\"@id\":\"https:\\\/\\\/schoenstatt.com\\\/de\\\/#organization\",\"name\":\"Schoenstatt\",\"url\":\"https:\\\/\\\/schoenstatt.com\\\/de\\\/\",\"logo\":{\"@type\":\"ImageObject\",\"inLanguage\":\"de\",\"@id\":\"https:\\\/\\\/schoenstatt.com\\\/de\\\/#\\\/schema\\\/logo\\\/image\\\/\",\"url\":\"https:\\\/\\\/schoenstatt.com\\\/wp-content\\\/uploads\\\/2025\\\/04\\\/logo-schoenstatt-white-696x696-1.png\",\"contentUrl\":\"https:\\\/\\\/schoenstatt.com\\\/wp-content\\\/uploads\\\/2025\\\/04\\\/logo-schoenstatt-white-696x696-1.png\",\"width\":696,\"height\":694,\"caption\":\"Schoenstatt\"},\"image\":{\"@id\":\"https:\\\/\\\/schoenstatt.com\\\/de\\\/#\\\/schema\\\/logo\\\/image\\\/\"}},{\"@type\":\"Person\",\"@id\":\"https:\\\/\\\/schoenstatt.com\\\/de\\\/#\\\/schema\\\/person\\\/5158877ad4acae98b34daaeef2a1ce6e\",\"name\":\"Karen Bueno\",\"image\":{\"@type\":\"ImageObject\",\"inLanguage\":\"de\",\"@id\":\"https:\\\/\\\/secure.gravatar.com\\\/avatar\\\/f9f4b823873154269d2b2130f195f6d41037dd0d7fc5f3cacb5c846bae70d66b?s=96&d=mm&r=g\",\"url\":\"https:\\\/\\\/secure.gravatar.com\\\/avatar\\\/f9f4b823873154269d2b2130f195f6d41037dd0d7fc5f3cacb5c846bae70d66b?s=96&d=mm&r=g\",\"contentUrl\":\"https:\\\/\\\/secure.gravatar.com\\\/avatar\\\/f9f4b823873154269d2b2130f195f6d41037dd0d7fc5f3cacb5c846bae70d66b?s=96&d=mm&r=g\",\"caption\":\"Karen Bueno\"},\"url\":\"https:\\\/\\\/schoenstatt.com\\\/de\\\/author\\\/karen-bueno\\\/\"}]}<\/script>\n<!-- \/ Yoast SEO Premium plugin. -->","yoast_head_json":{"title":"Einblick in die Geschichte von Jo\u00e3o Pozzobon und das Apostolat der Pilgernden Gottesmutter","description":"Die 700 Teilnehmer besuchten die historischen Orte in S\u00e3o Jo\u00e3o do Pol\u00easine und Ribeir\u00e3o, an denen Jo\u00e3o Pozzobon geboren wurde.","robots":{"index":"index","follow":"follow","max-snippet":"max-snippet:-1","max-image-preview":"max-image-preview:large","max-video-preview":"max-video-preview:-1"},"canonical":"https:\/\/schoenstatt.com\/de\/einblick-in-die-geschichte-von-joao-pozzobon-und-das-apostolat-der-pilgernden-gottesmutter\/","og_locale":"de_DE","og_type":"article","og_title":"Einblick in die Geschichte von Jo\u00e3o Pozzobon und das Apostolat der Pilgernden Gottesmutter","og_description":"Die 700 Teilnehmer besuchten die historischen Orte in S\u00e3o Jo\u00e3o do Pol\u00easine und Ribeir\u00e3o, an denen Jo\u00e3o Pozzobon geboren wurde.","og_url":"https:\/\/schoenstatt.com\/de\/einblick-in-die-geschichte-von-joao-pozzobon-und-das-apostolat-der-pilgernden-gottesmutter\/","og_site_name":"Schoenstatt","article_published_time":"2025-09-15T12:48:53+00:00","article_modified_time":"2025-09-15T18:14:12+00:00","og_image":[{"url":"https:\/\/schoenstatt.com\/wp-content\/uploads\/2025\/09\/Sao-Joao-do-Polesine-Brasil-5.webp","width":2048,"height":1106,"type":"image\/jpeg"}],"author":"Karen Bueno","twitter_card":"summary_large_image","twitter_misc":{"Verfasst von":"Karen Bueno","Gesch\u00e4tzte Lesezeit":"7\u00a0Minuten"},"schema":{"@context":"https:\/\/schema.org","@graph":[{"@type":"Article","@id":"https:\/\/schoenstatt.com\/de\/einblick-in-die-geschichte-von-joao-pozzobon-und-das-apostolat-der-pilgernden-gottesmutter\/#article","isPartOf":{"@id":"https:\/\/schoenstatt.com\/de\/einblick-in-die-geschichte-von-joao-pozzobon-und-das-apostolat-der-pilgernden-gottesmutter\/"},"author":{"name":"Karen Bueno","@id":"https:\/\/schoenstatt.com\/de\/#\/schema\/person\/5158877ad4acae98b34daaeef2a1ce6e"},"headline":"Einblick in die Geschichte von Jo\u00e3o Pozzobon und das Apostolat der Pilgernden Gottesmutter","datePublished":"2025-09-15T12:48:53+00:00","dateModified":"2025-09-15T18:14:12+00:00","mainEntityOfPage":{"@id":"https:\/\/schoenstatt.com\/de\/einblick-in-die-geschichte-von-joao-pozzobon-und-das-apostolat-der-pilgernden-gottesmutter\/"},"wordCount":971,"publisher":{"@id":"https:\/\/schoenstatt.com\/de\/#organization"},"image":{"@id":"https:\/\/schoenstatt.com\/de\/einblick-in-die-geschichte-von-joao-pozzobon-und-das-apostolat-der-pilgernden-gottesmutter\/#primaryimage"},"thumbnailUrl":"https:\/\/schoenstatt.com\/wp-content\/uploads\/2025\/09\/Sao-Joao-do-Polesine-Brasil-5.webp","keywords":["Apostolat der Pilgernden Gottesmutter","Sch\u00f6nstatt Brasilien"],"articleSection":["Pilgerheiligtum"],"inLanguage":"de"},{"@type":"WebPage","@id":"https:\/\/schoenstatt.com\/de\/einblick-in-die-geschichte-von-joao-pozzobon-und-das-apostolat-der-pilgernden-gottesmutter\/","url":"https:\/\/schoenstatt.com\/de\/einblick-in-die-geschichte-von-joao-pozzobon-und-das-apostolat-der-pilgernden-gottesmutter\/","name":"Einblick in die Geschichte von Jo\u00e3o Pozzobon und das Apostolat der Pilgernden Gottesmutter","isPartOf":{"@id":"https:\/\/schoenstatt.com\/de\/#website"},"primaryImageOfPage":{"@id":"https:\/\/schoenstatt.com\/de\/einblick-in-die-geschichte-von-joao-pozzobon-und-das-apostolat-der-pilgernden-gottesmutter\/#primaryimage"},"image":{"@id":"https:\/\/schoenstatt.com\/de\/einblick-in-die-geschichte-von-joao-pozzobon-und-das-apostolat-der-pilgernden-gottesmutter\/#primaryimage"},"thumbnailUrl":"https:\/\/schoenstatt.com\/wp-content\/uploads\/2025\/09\/Sao-Joao-do-Polesine-Brasil-5.webp","datePublished":"2025-09-15T12:48:53+00:00","dateModified":"2025-09-15T18:14:12+00:00","description":"Die 700 Teilnehmer besuchten die historischen Orte in S\u00e3o Jo\u00e3o do Pol\u00easine und Ribeir\u00e3o, an denen Jo\u00e3o Pozzobon geboren wurde.","breadcrumb":{"@id":"https:\/\/schoenstatt.com\/de\/einblick-in-die-geschichte-von-joao-pozzobon-und-das-apostolat-der-pilgernden-gottesmutter\/#breadcrumb"},"inLanguage":"de","potentialAction":[{"@type":"ReadAction","target":["https:\/\/schoenstatt.com\/de\/einblick-in-die-geschichte-von-joao-pozzobon-und-das-apostolat-der-pilgernden-gottesmutter\/"]}]},{"@type":"ImageObject","inLanguage":"de","@id":"https:\/\/schoenstatt.com\/de\/einblick-in-die-geschichte-von-joao-pozzobon-und-das-apostolat-der-pilgernden-gottesmutter\/#primaryimage","url":"https:\/\/schoenstatt.com\/wp-content\/uploads\/2025\/09\/Sao-Joao-do-Polesine-Brasil-5.webp","contentUrl":"https:\/\/schoenstatt.com\/wp-content\/uploads\/2025\/09\/Sao-Joao-do-Polesine-Brasil-5.webp","width":2048,"height":1106},{"@type":"BreadcrumbList","@id":"https:\/\/schoenstatt.com\/de\/einblick-in-die-geschichte-von-joao-pozzobon-und-das-apostolat-der-pilgernden-gottesmutter\/#breadcrumb","itemListElement":[{"@type":"ListItem","position":1,"name":"Portada","item":"https:\/\/schoenstatt.com\/de\/home\/"},{"@type":"ListItem","position":2,"name":"Einblick in die Geschichte von Jo\u00e3o Pozzobon und das Apostolat der Pilgernden Gottesmutter"}]},{"@type":"WebSite","@id":"https:\/\/schoenstatt.com\/de\/#website","url":"https:\/\/schoenstatt.com\/de\/","name":"Schoenstatt","description":"Apostolic Movement","publisher":{"@id":"https:\/\/schoenstatt.com\/de\/#organization"},"potentialAction":[{"@type":"SearchAction","target":{"@type":"EntryPoint","urlTemplate":"https:\/\/schoenstatt.com\/de\/?s={search_term_string}"},"query-input":{"@type":"PropertyValueSpecification","valueRequired":true,"valueName":"search_term_string"}}],"inLanguage":"de"},{"@type":"Organization","@id":"https:\/\/schoenstatt.com\/de\/#organization","name":"Schoenstatt","url":"https:\/\/schoenstatt.com\/de\/","logo":{"@type":"ImageObject","inLanguage":"de","@id":"https:\/\/schoenstatt.com\/de\/#\/schema\/logo\/image\/","url":"https:\/\/schoenstatt.com\/wp-content\/uploads\/2025\/04\/logo-schoenstatt-white-696x696-1.png","contentUrl":"https:\/\/schoenstatt.com\/wp-content\/uploads\/2025\/04\/logo-schoenstatt-white-696x696-1.png","width":696,"height":694,"caption":"Schoenstatt"},"image":{"@id":"https:\/\/schoenstatt.com\/de\/#\/schema\/logo\/image\/"}},{"@type":"Person","@id":"https:\/\/schoenstatt.com\/de\/#\/schema\/person\/5158877ad4acae98b34daaeef2a1ce6e","name":"Karen Bueno","image":{"@type":"ImageObject","inLanguage":"de","@id":"https:\/\/secure.gravatar.com\/avatar\/f9f4b823873154269d2b2130f195f6d41037dd0d7fc5f3cacb5c846bae70d66b?s=96&d=mm&r=g","url":"https:\/\/secure.gravatar.com\/avatar\/f9f4b823873154269d2b2130f195f6d41037dd0d7fc5f3cacb5c846bae70d66b?s=96&d=mm&r=g","contentUrl":"https:\/\/secure.gravatar.com\/avatar\/f9f4b823873154269d2b2130f195f6d41037dd0d7fc5f3cacb5c846bae70d66b?s=96&d=mm&r=g","caption":"Karen Bueno"},"url":"https:\/\/schoenstatt.com\/de\/author\/karen-bueno\/"}]}},"_links":{"self":[{"href":"https:\/\/schoenstatt.com\/de\/wp-json\/wp\/v2\/posts\/64069","targetHints":{"allow":["GET"]}}],"collection":[{"href":"https:\/\/schoenstatt.com\/de\/wp-json\/wp\/v2\/posts"}],"about":[{"href":"https:\/\/schoenstatt.com\/de\/wp-json\/wp\/v2\/types\/post"}],"author":[{"embeddable":true,"href":"https:\/\/schoenstatt.com\/de\/wp-json\/wp\/v2\/users\/3"}],"replies":[{"embeddable":true,"href":"https:\/\/schoenstatt.com\/de\/wp-json\/wp\/v2\/comments?post=64069"}],"version-history":[{"count":3,"href":"https:\/\/schoenstatt.com\/de\/wp-json\/wp\/v2\/posts\/64069\/revisions"}],"predecessor-version":[{"id":64080,"href":"https:\/\/schoenstatt.com\/de\/wp-json\/wp\/v2\/posts\/64069\/revisions\/64080"}],"wp:featuredmedia":[{"embeddable":true,"href":"https:\/\/schoenstatt.com\/de\/wp-json\/wp\/v2\/media\/64019"}],"wp:attachment":[{"href":"https:\/\/schoenstatt.com\/de\/wp-json\/wp\/v2\/media?parent=64069"}],"wp:term":[{"taxonomy":"category","embeddable":true,"href":"https:\/\/schoenstatt.com\/de\/wp-json\/wp\/v2\/categories?post=64069"},{"taxonomy":"post_tag","embeddable":true,"href":"https:\/\/schoenstatt.com\/de\/wp-json\/wp\/v2\/tags?post=64069"}],"curies":[{"name":"wp","href":"https:\/\/api.w.org\/{rel}","templated":true}]}}