{"id":63862,"date":"2025-09-13T22:23:28","date_gmt":"2025-09-13T20:23:28","guid":{"rendered":"https:\/\/schoenstatt.com\/?p=63862"},"modified":"2025-09-13T22:29:22","modified_gmt":"2025-09-13T20:29:22","slug":"schoenstatt-institut-dioezesanpriester-erste-sessio-des-generalkongresses-beendet-begegnung-mit-papst-leo","status":"publish","type":"post","link":"https:\/\/schoenstatt.com\/de\/schoenstatt-institut-dioezesanpriester-erste-sessio-des-generalkongresses-beendet-begegnung-mit-papst-leo\/","title":{"rendered":"Sch\u00f6nstatt-Institut Di\u00f6zesanpriester \u2013 Erste Sessio des Generalkongresses beendet: Begegnung mit Papst Leo"},"content":{"rendered":"\n<p>Nach zehn bewegenden Tagen ging die erste Sessio des Generalkongresses des <a href=\"https:\/\/schoenstatt.com\/de\/in-gemeinschaft\/priester\/institut-dioezesanpriester\/\">Sch\u00f6nstatt-Instituts Di\u00f6zesanpriester<\/a> (Priesterverband) in Belmonte-Rom zu Ende. 32 Delegierte aus aller Welt erlebten intensive Tage des Austauschs, der geistlichen Vertiefung und eines lebendigen, internationalen Miteinanders.<\/p>\n\n\n\n<h3 class=\"wp-block-heading\" id=\"h-eine-zeit-der-intensiven-arbeit\">Eine Zeit der intensiven Arbeit<\/h3>\n\n\n\n<p>In einer Atmosph\u00e4re von Mitbr\u00fcderlichkeit und Offenheit konnten auf im internationalen Sch\u00f6nstatt-Zentrum Belmonte in Rom zentrale Themen beraten und zukunftsweisende Entscheidungen vorbereitet werden. Diese Weden in einer zweiten Sessio im Februar 2026 fortgef\u00fchrt. Es war ein buntes Miteinander von Sprachen und Kulturen \u2013 und zugleich ein sehr konzentrierter geistlicher Prozess. So wurden wichtige Weichen f\u00fcr die Zukunft gestellt. Die Mitbr\u00fcder aus Burundi brachten zum Abschluss der Sessio ein Sprichwort ihres Landes ein:<strong><em> \u201eIbigiye inama \u2013 bigira Imana\u201c \u2013 \u201eWo ein guter Dialog ist, da ist Gott.\u201c<\/em><\/strong><\/p>\n\n\n\n<figure class=\"wp-block-image aligncenter size-full\"><img decoding=\"async\" src=\"https:\/\/schoenstatt.com\/wp-content\/uploads\/2025\/09\/Schoenstatt-Institute-of-diocesan-priests-2-1.jpg\" alt=\"\" class=\"wp-image-63844\"\/><figcaption class=\"wp-element-caption\">Foto: @Vatican Media<\/figcaption><\/figure>\n\n\n\n<h3 class=\"wp-block-heading\" id=\"h-geistliche-hohepunkte-verbunden-mit-der-weltkirche\">Geistliche H\u00f6hepunkte \u2013 Verbunden mit der Weltkirche<\/h3>\n\n\n\n<p>Besonders bewegend war die erlebbare geistliche N\u00e4he zur Weltkirche. Ein H\u00f6hepunkt war die pers\u00f6nliche Begegnung mit Papst Leo XIV. am Ende der Generalaudienz (10. September). Vertreter des S\u00e4kularinstituts \u00fcberreichten dem Heiligen Vater eine Gru\u00dfbotschaft. Der Papst spendete den Delegierten seinen Segen \u2013 f\u00fcr die Delegierten, f\u00fcr ganz Sch\u00f6nstatt und f\u00fcr alle, die in Pfarreien und in der Zusammenarbeit mit den Mitbr\u00fcdern verbunden sind.<\/p>\n\n\n\n<p>Auch die Heiligsprechung von Pier Giorgio Frassati und Carlo Acutis war f\u00fcr viele Teilnehmer ein tief beeindruckendes Erlebnis.<\/p>\n\n\n\n<h3 class=\"wp-block-heading\" id=\"h-internationale-vielfalt-geschenk-und-auftrag\">Internationale Vielfalt \u2013 Geschenk und Auftrag<\/h3>\n\n\n\n<p>Die weltkirchliche Dimension spiegelte sich nicht nur auf dem Petersplatz, sondern auch im Miteinander auf Belmonte wider. Die Vielfalt an Sprachen, L\u00e4ndern und spirituellen Zug\u00e4ngen der Mitbr\u00fcder war bereichernd und inspirierend.<\/p>\n\n\n\n<p>Die mehrsprachige Arbeit in Plenum und Kleingruppen verlangsamte zwar zum Teil den Austausch, doch erm\u00f6glichte zugleich tiefere Gespr\u00e4che und eine st\u00e4rkere Konzentration auf das Wesentliche. Eine Gruppe brachte es auf den Punkt: <strong><em>\u201eDas Miteinander als internationale Familie ist zugleich Gabe und Aufgabe.\u201c<\/em><\/strong><\/p>\n\n\n\n<figure class=\"wp-block-image aligncenter size-full\"><img fetchpriority=\"high\" decoding=\"async\" width=\"1600\" height=\"1067\" src=\"https:\/\/schoenstatt.com\/wp-content\/uploads\/2025\/09\/Schoenstatt-Institute-of-diocesan-priests-1.jpg\" alt=\"\" class=\"wp-image-63849\" srcset=\"https:\/\/schoenstatt.com\/wp-content\/uploads\/2025\/09\/Schoenstatt-Institute-of-diocesan-priests-1.jpg 1600w, https:\/\/schoenstatt.com\/wp-content\/uploads\/2025\/09\/Schoenstatt-Institute-of-diocesan-priests-1-768x512.jpg 768w, https:\/\/schoenstatt.com\/wp-content\/uploads\/2025\/09\/Schoenstatt-Institute-of-diocesan-priests-1-1536x1024.jpg 1536w\" sizes=\"(max-width: 1600px) 100vw, 1600px\" \/><figcaption class=\"wp-element-caption\"><br>Foto: @Vatican Media<\/figcaption><\/figure>\n\n\n\n<h3 class=\"wp-block-heading\" id=\"h-eine-gemeinschaft-die-tragt\">Eine Gemeinschaft, die tr\u00e4gt<\/h3>\n\n\n\n<p>Diese Erfahrung pr\u00e4gte den gesamten Kongress. Die Delegierten erlebten sich und \u00f6ffneten sich immer mehr. Auch gestaltete Abende st\u00e4rkten das famili\u00e4re Miteinander. Gemeinsames Gebet, Anbetung und die t\u00e4gliche Eucharistiefeier verliehen der Gemeinschaft geistliche Tiefe und Kraft.<\/p>\n\n\n\n<p>Auch besondere Ereignisse wie Jubil\u00e4en und Geburtstage \u2013 darunter auch der Jahrestag des Matri Ecclesiae-Heiligtums von Belmonte am 8. September \u2013 wurden miteinander gefeiert und f\u00fchrten die internationale Gemeinschaft n\u00e4her zusammen.<\/p>\n\n\n\n<h3 class=\"wp-block-heading\" id=\"h-dank-und-ausblick\">Dank und Ausblick<\/h3>\n\n\n\n<p>Ein besonderer Dank gilt Frau Dr. Hannah Schulz f\u00fcr ihre hervorragende geistliche und fachliche Begleitung sowie Frau Dr. Chiara d\u2019Urbano, die dem Kongress wertvolle Impulse und neue Perspektiven er\u00f6ffnete.<\/p>\n\n\n\n<p>Nachdem die erste Sessio im Herzen der Kirche \u2013 in Rom \u2013 stattfand, wird der zweite Teil des Generalkongresses im Herzen Sch\u00f6nstatts, auf Berg Moriah, fortgesetzt. <strong><em>\u201eUnsere Gemeinschaft lebt aus der Erfahrung g\u00f6ttlicher F\u00fchrung.\u201c<\/em><\/strong><\/p>\n\n\n\n<figure class=\"wp-block-image aligncenter size-full\"><img decoding=\"async\" width=\"1600\" height=\"1200\" src=\"https:\/\/schoenstatt.com\/wp-content\/uploads\/2025\/09\/Schoenstatt-Institute-of-diocesan-priests-3.jpg\" alt=\"\" class=\"wp-image-63854\" srcset=\"https:\/\/schoenstatt.com\/wp-content\/uploads\/2025\/09\/Schoenstatt-Institute-of-diocesan-priests-3.jpg 1600w, https:\/\/schoenstatt.com\/wp-content\/uploads\/2025\/09\/Schoenstatt-Institute-of-diocesan-priests-3-768x576.jpg 768w, https:\/\/schoenstatt.com\/wp-content\/uploads\/2025\/09\/Schoenstatt-Institute-of-diocesan-priests-3-1536x1152.jpg 1536w\" sizes=\"(max-width: 1600px) 100vw, 1600px\" \/><\/figure>\n","protected":false},"excerpt":{"rendered":"<p>Das Sch\u00f6nstatt-Institut Di\u00f6zesanpriester beendet die erste Sitzung seines Generalkongresses und trifft Papst Leo XIV.<\/p>\n","protected":false},"author":3,"featured_media":63846,"comment_status":"closed","ping_status":"closed","sticky":false,"template":"","format":"standard","meta":{"footnotes":""},"categories":[851,907],"tags":[],"class_list":["post-63862","post","type-post","status-publish","format-standard","has-post-thumbnail","hentry","category-kirche-de","category-schoenstatt-gemeinschaften-de"],"yoast_head":"<!-- This site is optimized with the Yoast SEO Premium plugin v27.4 (Yoast SEO v27.5) - https:\/\/yoast.com\/product\/yoast-seo-premium-wordpress\/ -->\n<title>Sch\u00f6nstatt-Institut Di\u00f6zesanpriester \u2013 Erste Sessio des Generalkongresses beendet: Begegnung mit Papst Leo<\/title>\n<meta name=\"description\" content=\"Das Sch\u00f6nstatt-Institut Di\u00f6zesanpriester beendet die erste Sitzung seines Generalkongresses und trifft Papst Leo XIV.\" \/>\n<meta name=\"robots\" content=\"index, follow, max-snippet:-1, max-image-preview:large, max-video-preview:-1\" \/>\n<link rel=\"canonical\" href=\"https:\/\/schoenstatt.com\/de\/schoenstatt-institut-dioezesanpriester-erste-sessio-des-generalkongresses-beendet-begegnung-mit-papst-leo\/\" \/>\n<meta property=\"og:locale\" content=\"de_DE\" \/>\n<meta property=\"og:type\" content=\"article\" \/>\n<meta property=\"og:title\" content=\"Sch\u00f6nstatt-Institut Di\u00f6zesanpriester \u2013 Erste Sessio des Generalkongresses beendet: Begegnung mit Papst Leo\" \/>\n<meta property=\"og:description\" content=\"Das Sch\u00f6nstatt-Institut Di\u00f6zesanpriester beendet die erste Sitzung seines Generalkongresses und trifft Papst Leo XIV.\" \/>\n<meta property=\"og:url\" content=\"https:\/\/schoenstatt.com\/de\/schoenstatt-institut-dioezesanpriester-erste-sessio-des-generalkongresses-beendet-begegnung-mit-papst-leo\/\" \/>\n<meta property=\"og:site_name\" content=\"Schoenstatt\" \/>\n<meta property=\"article:published_time\" content=\"2025-09-13T20:23:28+00:00\" \/>\n<meta property=\"article:modified_time\" content=\"2025-09-13T20:29:22+00:00\" \/>\n<meta property=\"og:image\" content=\"https:\/\/schoenstatt.com\/wp-content\/uploads\/2025\/09\/Schoenstatt-Institute-of-diocesan-priests-2-1.webp\" \/>\n\t<meta property=\"og:image:width\" content=\"1600\" \/>\n\t<meta property=\"og:image:height\" content=\"1008\" \/>\n\t<meta property=\"og:image:type\" content=\"image\/jpeg\" \/>\n<meta name=\"author\" content=\"Karen Bueno\" \/>\n<meta name=\"twitter:card\" content=\"summary_large_image\" \/>\n<meta name=\"twitter:label1\" content=\"Verfasst von\" \/>\n\t<meta name=\"twitter:data1\" content=\"Karen Bueno\" \/>\n\t<meta name=\"twitter:label2\" content=\"Gesch\u00e4tzte Lesezeit\" \/>\n\t<meta name=\"twitter:data2\" content=\"4\u00a0Minuten\" \/>\n<script type=\"application\/ld+json\" class=\"yoast-schema-graph\">{\"@context\":\"https:\\\/\\\/schema.org\",\"@graph\":[{\"@type\":\"Article\",\"@id\":\"https:\\\/\\\/schoenstatt.com\\\/de\\\/schoenstatt-institut-dioezesanpriester-erste-sessio-des-generalkongresses-beendet-begegnung-mit-papst-leo\\\/#article\",\"isPartOf\":{\"@id\":\"https:\\\/\\\/schoenstatt.com\\\/de\\\/schoenstatt-institut-dioezesanpriester-erste-sessio-des-generalkongresses-beendet-begegnung-mit-papst-leo\\\/\"},\"author\":{\"name\":\"Karen Bueno\",\"@id\":\"https:\\\/\\\/schoenstatt.com\\\/de\\\/#\\\/schema\\\/person\\\/5158877ad4acae98b34daaeef2a1ce6e\"},\"headline\":\"Sch\u00f6nstatt-Institut Di\u00f6zesanpriester \u2013 Erste Sessio des Generalkongresses beendet: Begegnung mit Papst Leo\",\"datePublished\":\"2025-09-13T20:23:28+00:00\",\"dateModified\":\"2025-09-13T20:29:22+00:00\",\"mainEntityOfPage\":{\"@id\":\"https:\\\/\\\/schoenstatt.com\\\/de\\\/schoenstatt-institut-dioezesanpriester-erste-sessio-des-generalkongresses-beendet-begegnung-mit-papst-leo\\\/\"},\"wordCount\":476,\"publisher\":{\"@id\":\"https:\\\/\\\/schoenstatt.com\\\/de\\\/#organization\"},\"image\":{\"@id\":\"https:\\\/\\\/schoenstatt.com\\\/de\\\/schoenstatt-institut-dioezesanpriester-erste-sessio-des-generalkongresses-beendet-begegnung-mit-papst-leo\\\/#primaryimage\"},\"thumbnailUrl\":\"https:\\\/\\\/schoenstatt.com\\\/wp-content\\\/uploads\\\/2025\\\/09\\\/Schoenstatt-Institute-of-diocesan-priests-2-1.webp\",\"articleSection\":[\"Kirche\",\"Schoenstatt Gemeinschaften\"],\"inLanguage\":\"de\"},{\"@type\":\"WebPage\",\"@id\":\"https:\\\/\\\/schoenstatt.com\\\/de\\\/schoenstatt-institut-dioezesanpriester-erste-sessio-des-generalkongresses-beendet-begegnung-mit-papst-leo\\\/\",\"url\":\"https:\\\/\\\/schoenstatt.com\\\/de\\\/schoenstatt-institut-dioezesanpriester-erste-sessio-des-generalkongresses-beendet-begegnung-mit-papst-leo\\\/\",\"name\":\"Sch\u00f6nstatt-Institut Di\u00f6zesanpriester \u2013 Erste Sessio des Generalkongresses beendet: Begegnung mit Papst Leo\",\"isPartOf\":{\"@id\":\"https:\\\/\\\/schoenstatt.com\\\/de\\\/#website\"},\"primaryImageOfPage\":{\"@id\":\"https:\\\/\\\/schoenstatt.com\\\/de\\\/schoenstatt-institut-dioezesanpriester-erste-sessio-des-generalkongresses-beendet-begegnung-mit-papst-leo\\\/#primaryimage\"},\"image\":{\"@id\":\"https:\\\/\\\/schoenstatt.com\\\/de\\\/schoenstatt-institut-dioezesanpriester-erste-sessio-des-generalkongresses-beendet-begegnung-mit-papst-leo\\\/#primaryimage\"},\"thumbnailUrl\":\"https:\\\/\\\/schoenstatt.com\\\/wp-content\\\/uploads\\\/2025\\\/09\\\/Schoenstatt-Institute-of-diocesan-priests-2-1.webp\",\"datePublished\":\"2025-09-13T20:23:28+00:00\",\"dateModified\":\"2025-09-13T20:29:22+00:00\",\"description\":\"Das Sch\u00f6nstatt-Institut Di\u00f6zesanpriester beendet die erste Sitzung seines Generalkongresses und trifft Papst Leo XIV.\",\"breadcrumb\":{\"@id\":\"https:\\\/\\\/schoenstatt.com\\\/de\\\/schoenstatt-institut-dioezesanpriester-erste-sessio-des-generalkongresses-beendet-begegnung-mit-papst-leo\\\/#breadcrumb\"},\"inLanguage\":\"de\",\"potentialAction\":[{\"@type\":\"ReadAction\",\"target\":[\"https:\\\/\\\/schoenstatt.com\\\/de\\\/schoenstatt-institut-dioezesanpriester-erste-sessio-des-generalkongresses-beendet-begegnung-mit-papst-leo\\\/\"]}]},{\"@type\":\"ImageObject\",\"inLanguage\":\"de\",\"@id\":\"https:\\\/\\\/schoenstatt.com\\\/de\\\/schoenstatt-institut-dioezesanpriester-erste-sessio-des-generalkongresses-beendet-begegnung-mit-papst-leo\\\/#primaryimage\",\"url\":\"https:\\\/\\\/schoenstatt.com\\\/wp-content\\\/uploads\\\/2025\\\/09\\\/Schoenstatt-Institute-of-diocesan-priests-2-1.webp\",\"contentUrl\":\"https:\\\/\\\/schoenstatt.com\\\/wp-content\\\/uploads\\\/2025\\\/09\\\/Schoenstatt-Institute-of-diocesan-priests-2-1.webp\",\"width\":1600,\"height\":1008},{\"@type\":\"BreadcrumbList\",\"@id\":\"https:\\\/\\\/schoenstatt.com\\\/de\\\/schoenstatt-institut-dioezesanpriester-erste-sessio-des-generalkongresses-beendet-begegnung-mit-papst-leo\\\/#breadcrumb\",\"itemListElement\":[{\"@type\":\"ListItem\",\"position\":1,\"name\":\"Portada\",\"item\":\"https:\\\/\\\/schoenstatt.com\\\/de\\\/home\\\/\"},{\"@type\":\"ListItem\",\"position\":2,\"name\":\"Sch\u00f6nstatt-Institut Di\u00f6zesanpriester \u2013 Erste Sessio des Generalkongresses beendet: Begegnung mit Papst Leo\"}]},{\"@type\":\"WebSite\",\"@id\":\"https:\\\/\\\/schoenstatt.com\\\/de\\\/#website\",\"url\":\"https:\\\/\\\/schoenstatt.com\\\/de\\\/\",\"name\":\"Schoenstatt\",\"description\":\"Apostolic Movement\",\"publisher\":{\"@id\":\"https:\\\/\\\/schoenstatt.com\\\/de\\\/#organization\"},\"potentialAction\":[{\"@type\":\"SearchAction\",\"target\":{\"@type\":\"EntryPoint\",\"urlTemplate\":\"https:\\\/\\\/schoenstatt.com\\\/de\\\/?s={search_term_string}\"},\"query-input\":{\"@type\":\"PropertyValueSpecification\",\"valueRequired\":true,\"valueName\":\"search_term_string\"}}],\"inLanguage\":\"de\"},{\"@type\":\"Organization\",\"@id\":\"https:\\\/\\\/schoenstatt.com\\\/de\\\/#organization\",\"name\":\"Schoenstatt\",\"url\":\"https:\\\/\\\/schoenstatt.com\\\/de\\\/\",\"logo\":{\"@type\":\"ImageObject\",\"inLanguage\":\"de\",\"@id\":\"https:\\\/\\\/schoenstatt.com\\\/de\\\/#\\\/schema\\\/logo\\\/image\\\/\",\"url\":\"https:\\\/\\\/schoenstatt.com\\\/wp-content\\\/uploads\\\/2025\\\/04\\\/logo-schoenstatt-white-696x696-1.png\",\"contentUrl\":\"https:\\\/\\\/schoenstatt.com\\\/wp-content\\\/uploads\\\/2025\\\/04\\\/logo-schoenstatt-white-696x696-1.png\",\"width\":696,\"height\":694,\"caption\":\"Schoenstatt\"},\"image\":{\"@id\":\"https:\\\/\\\/schoenstatt.com\\\/de\\\/#\\\/schema\\\/logo\\\/image\\\/\"}},{\"@type\":\"Person\",\"@id\":\"https:\\\/\\\/schoenstatt.com\\\/de\\\/#\\\/schema\\\/person\\\/5158877ad4acae98b34daaeef2a1ce6e\",\"name\":\"Karen Bueno\",\"image\":{\"@type\":\"ImageObject\",\"inLanguage\":\"de\",\"@id\":\"https:\\\/\\\/secure.gravatar.com\\\/avatar\\\/f9f4b823873154269d2b2130f195f6d41037dd0d7fc5f3cacb5c846bae70d66b?s=96&d=mm&r=g\",\"url\":\"https:\\\/\\\/secure.gravatar.com\\\/avatar\\\/f9f4b823873154269d2b2130f195f6d41037dd0d7fc5f3cacb5c846bae70d66b?s=96&d=mm&r=g\",\"contentUrl\":\"https:\\\/\\\/secure.gravatar.com\\\/avatar\\\/f9f4b823873154269d2b2130f195f6d41037dd0d7fc5f3cacb5c846bae70d66b?s=96&d=mm&r=g\",\"caption\":\"Karen Bueno\"},\"url\":\"https:\\\/\\\/schoenstatt.com\\\/de\\\/author\\\/karen-bueno\\\/\"}]}<\/script>\n<!-- \/ Yoast SEO Premium plugin. -->","yoast_head_json":{"title":"Sch\u00f6nstatt-Institut Di\u00f6zesanpriester \u2013 Erste Sessio des Generalkongresses beendet: Begegnung mit Papst Leo","description":"Das Sch\u00f6nstatt-Institut Di\u00f6zesanpriester beendet die erste Sitzung seines Generalkongresses und trifft Papst Leo XIV.","robots":{"index":"index","follow":"follow","max-snippet":"max-snippet:-1","max-image-preview":"max-image-preview:large","max-video-preview":"max-video-preview:-1"},"canonical":"https:\/\/schoenstatt.com\/de\/schoenstatt-institut-dioezesanpriester-erste-sessio-des-generalkongresses-beendet-begegnung-mit-papst-leo\/","og_locale":"de_DE","og_type":"article","og_title":"Sch\u00f6nstatt-Institut Di\u00f6zesanpriester \u2013 Erste Sessio des Generalkongresses beendet: Begegnung mit Papst Leo","og_description":"Das Sch\u00f6nstatt-Institut Di\u00f6zesanpriester beendet die erste Sitzung seines Generalkongresses und trifft Papst Leo XIV.","og_url":"https:\/\/schoenstatt.com\/de\/schoenstatt-institut-dioezesanpriester-erste-sessio-des-generalkongresses-beendet-begegnung-mit-papst-leo\/","og_site_name":"Schoenstatt","article_published_time":"2025-09-13T20:23:28+00:00","article_modified_time":"2025-09-13T20:29:22+00:00","og_image":[{"width":1600,"height":1008,"url":"https:\/\/schoenstatt.com\/wp-content\/uploads\/2025\/09\/Schoenstatt-Institute-of-diocesan-priests-2-1.webp","type":"image\/jpeg"}],"author":"Karen Bueno","twitter_card":"summary_large_image","twitter_misc":{"Verfasst von":"Karen Bueno","Gesch\u00e4tzte Lesezeit":"4\u00a0Minuten"},"schema":{"@context":"https:\/\/schema.org","@graph":[{"@type":"Article","@id":"https:\/\/schoenstatt.com\/de\/schoenstatt-institut-dioezesanpriester-erste-sessio-des-generalkongresses-beendet-begegnung-mit-papst-leo\/#article","isPartOf":{"@id":"https:\/\/schoenstatt.com\/de\/schoenstatt-institut-dioezesanpriester-erste-sessio-des-generalkongresses-beendet-begegnung-mit-papst-leo\/"},"author":{"name":"Karen Bueno","@id":"https:\/\/schoenstatt.com\/de\/#\/schema\/person\/5158877ad4acae98b34daaeef2a1ce6e"},"headline":"Sch\u00f6nstatt-Institut Di\u00f6zesanpriester \u2013 Erste Sessio des Generalkongresses beendet: Begegnung mit Papst Leo","datePublished":"2025-09-13T20:23:28+00:00","dateModified":"2025-09-13T20:29:22+00:00","mainEntityOfPage":{"@id":"https:\/\/schoenstatt.com\/de\/schoenstatt-institut-dioezesanpriester-erste-sessio-des-generalkongresses-beendet-begegnung-mit-papst-leo\/"},"wordCount":476,"publisher":{"@id":"https:\/\/schoenstatt.com\/de\/#organization"},"image":{"@id":"https:\/\/schoenstatt.com\/de\/schoenstatt-institut-dioezesanpriester-erste-sessio-des-generalkongresses-beendet-begegnung-mit-papst-leo\/#primaryimage"},"thumbnailUrl":"https:\/\/schoenstatt.com\/wp-content\/uploads\/2025\/09\/Schoenstatt-Institute-of-diocesan-priests-2-1.webp","articleSection":["Kirche","Schoenstatt Gemeinschaften"],"inLanguage":"de"},{"@type":"WebPage","@id":"https:\/\/schoenstatt.com\/de\/schoenstatt-institut-dioezesanpriester-erste-sessio-des-generalkongresses-beendet-begegnung-mit-papst-leo\/","url":"https:\/\/schoenstatt.com\/de\/schoenstatt-institut-dioezesanpriester-erste-sessio-des-generalkongresses-beendet-begegnung-mit-papst-leo\/","name":"Sch\u00f6nstatt-Institut Di\u00f6zesanpriester \u2013 Erste Sessio des Generalkongresses beendet: Begegnung mit Papst Leo","isPartOf":{"@id":"https:\/\/schoenstatt.com\/de\/#website"},"primaryImageOfPage":{"@id":"https:\/\/schoenstatt.com\/de\/schoenstatt-institut-dioezesanpriester-erste-sessio-des-generalkongresses-beendet-begegnung-mit-papst-leo\/#primaryimage"},"image":{"@id":"https:\/\/schoenstatt.com\/de\/schoenstatt-institut-dioezesanpriester-erste-sessio-des-generalkongresses-beendet-begegnung-mit-papst-leo\/#primaryimage"},"thumbnailUrl":"https:\/\/schoenstatt.com\/wp-content\/uploads\/2025\/09\/Schoenstatt-Institute-of-diocesan-priests-2-1.webp","datePublished":"2025-09-13T20:23:28+00:00","dateModified":"2025-09-13T20:29:22+00:00","description":"Das Sch\u00f6nstatt-Institut Di\u00f6zesanpriester beendet die erste Sitzung seines Generalkongresses und trifft Papst Leo XIV.","breadcrumb":{"@id":"https:\/\/schoenstatt.com\/de\/schoenstatt-institut-dioezesanpriester-erste-sessio-des-generalkongresses-beendet-begegnung-mit-papst-leo\/#breadcrumb"},"inLanguage":"de","potentialAction":[{"@type":"ReadAction","target":["https:\/\/schoenstatt.com\/de\/schoenstatt-institut-dioezesanpriester-erste-sessio-des-generalkongresses-beendet-begegnung-mit-papst-leo\/"]}]},{"@type":"ImageObject","inLanguage":"de","@id":"https:\/\/schoenstatt.com\/de\/schoenstatt-institut-dioezesanpriester-erste-sessio-des-generalkongresses-beendet-begegnung-mit-papst-leo\/#primaryimage","url":"https:\/\/schoenstatt.com\/wp-content\/uploads\/2025\/09\/Schoenstatt-Institute-of-diocesan-priests-2-1.webp","contentUrl":"https:\/\/schoenstatt.com\/wp-content\/uploads\/2025\/09\/Schoenstatt-Institute-of-diocesan-priests-2-1.webp","width":1600,"height":1008},{"@type":"BreadcrumbList","@id":"https:\/\/schoenstatt.com\/de\/schoenstatt-institut-dioezesanpriester-erste-sessio-des-generalkongresses-beendet-begegnung-mit-papst-leo\/#breadcrumb","itemListElement":[{"@type":"ListItem","position":1,"name":"Portada","item":"https:\/\/schoenstatt.com\/de\/home\/"},{"@type":"ListItem","position":2,"name":"Sch\u00f6nstatt-Institut Di\u00f6zesanpriester \u2013 Erste Sessio des Generalkongresses beendet: Begegnung mit Papst Leo"}]},{"@type":"WebSite","@id":"https:\/\/schoenstatt.com\/de\/#website","url":"https:\/\/schoenstatt.com\/de\/","name":"Schoenstatt","description":"Apostolic Movement","publisher":{"@id":"https:\/\/schoenstatt.com\/de\/#organization"},"potentialAction":[{"@type":"SearchAction","target":{"@type":"EntryPoint","urlTemplate":"https:\/\/schoenstatt.com\/de\/?s={search_term_string}"},"query-input":{"@type":"PropertyValueSpecification","valueRequired":true,"valueName":"search_term_string"}}],"inLanguage":"de"},{"@type":"Organization","@id":"https:\/\/schoenstatt.com\/de\/#organization","name":"Schoenstatt","url":"https:\/\/schoenstatt.com\/de\/","logo":{"@type":"ImageObject","inLanguage":"de","@id":"https:\/\/schoenstatt.com\/de\/#\/schema\/logo\/image\/","url":"https:\/\/schoenstatt.com\/wp-content\/uploads\/2025\/04\/logo-schoenstatt-white-696x696-1.png","contentUrl":"https:\/\/schoenstatt.com\/wp-content\/uploads\/2025\/04\/logo-schoenstatt-white-696x696-1.png","width":696,"height":694,"caption":"Schoenstatt"},"image":{"@id":"https:\/\/schoenstatt.com\/de\/#\/schema\/logo\/image\/"}},{"@type":"Person","@id":"https:\/\/schoenstatt.com\/de\/#\/schema\/person\/5158877ad4acae98b34daaeef2a1ce6e","name":"Karen Bueno","image":{"@type":"ImageObject","inLanguage":"de","@id":"https:\/\/secure.gravatar.com\/avatar\/f9f4b823873154269d2b2130f195f6d41037dd0d7fc5f3cacb5c846bae70d66b?s=96&d=mm&r=g","url":"https:\/\/secure.gravatar.com\/avatar\/f9f4b823873154269d2b2130f195f6d41037dd0d7fc5f3cacb5c846bae70d66b?s=96&d=mm&r=g","contentUrl":"https:\/\/secure.gravatar.com\/avatar\/f9f4b823873154269d2b2130f195f6d41037dd0d7fc5f3cacb5c846bae70d66b?s=96&d=mm&r=g","caption":"Karen Bueno"},"url":"https:\/\/schoenstatt.com\/de\/author\/karen-bueno\/"}]}},"_links":{"self":[{"href":"https:\/\/schoenstatt.com\/de\/wp-json\/wp\/v2\/posts\/63862","targetHints":{"allow":["GET"]}}],"collection":[{"href":"https:\/\/schoenstatt.com\/de\/wp-json\/wp\/v2\/posts"}],"about":[{"href":"https:\/\/schoenstatt.com\/de\/wp-json\/wp\/v2\/types\/post"}],"author":[{"embeddable":true,"href":"https:\/\/schoenstatt.com\/de\/wp-json\/wp\/v2\/users\/3"}],"replies":[{"embeddable":true,"href":"https:\/\/schoenstatt.com\/de\/wp-json\/wp\/v2\/comments?post=63862"}],"version-history":[{"count":3,"href":"https:\/\/schoenstatt.com\/de\/wp-json\/wp\/v2\/posts\/63862\/revisions"}],"predecessor-version":[{"id":63865,"href":"https:\/\/schoenstatt.com\/de\/wp-json\/wp\/v2\/posts\/63862\/revisions\/63865"}],"wp:featuredmedia":[{"embeddable":true,"href":"https:\/\/schoenstatt.com\/de\/wp-json\/wp\/v2\/media\/63846"}],"wp:attachment":[{"href":"https:\/\/schoenstatt.com\/de\/wp-json\/wp\/v2\/media?parent=63862"}],"wp:term":[{"taxonomy":"category","embeddable":true,"href":"https:\/\/schoenstatt.com\/de\/wp-json\/wp\/v2\/categories?post=63862"},{"taxonomy":"post_tag","embeddable":true,"href":"https:\/\/schoenstatt.com\/de\/wp-json\/wp\/v2\/tags?post=63862"}],"curies":[{"name":"wp","href":"https:\/\/api.w.org\/{rel}","templated":true}]}}